{"id":6865,"date":"2025-01-07T11:40:51","date_gmt":"2025-01-07T11:40:51","guid":{"rendered":"https:\/\/bobea.net\/?p=6865"},"modified":"2025-01-07T11:40:52","modified_gmt":"2025-01-07T11:40:52","slug":"accord-ue-mercosur-quelles-consequences-pour-les-agricultrices-francaises","status":"publish","type":"post","link":"https:\/\/bobea.net\/index.php\/2025\/01\/07\/accord-ue-mercosur-quelles-consequences-pour-les-agricultrices-francaises\/","title":{"rendered":"Accord UE-Mercosur : quelles cons\u00e9quences pour les agricultrices fran\u00e7aises ?"},"content":{"rendered":"\n<p>La rat\u00adi\u00adfi\u00adca\u00adtion de l\u2019ac\u00adcord com\u00admer\u00adcial entre l\u2019U\u00adnion europ\u00e9enne et le Mer\u00adco\u00adsur, final\u00adis\u00e9e hier apr\u00e8s des ann\u00e9es de n\u00e9go\u00adci\u00ada\u00adtions, sus\u00adcite de vives r\u00e9ac\u00adtions dans le monde agri\u00adcole fran\u00e7ais. Les agricul\u00adtri\u00adces, en par\u00adti\u00adc\u00aduli\u00ader, s\u2019in\u00adqui\u00e8\u00adtent des r\u00e9per\u00adcus\u00adsions poten\u00adtielles sur leurs exploita\u00adtions et leur mode de vie.<\/p>\n\n\n\n<p>Un accord con\u00adtro\u00adver\u00ads\u00e9<\/p>\n\n\n\n<p>L\u2019ac\u00adcord UE-Mer\u00adco\u00adsur vise \u00e0 faciliter les \u00e9changes com\u00admer\u00adci\u00adaux entre l\u2019U\u00adnion europ\u00e9enne et les pays du Mer\u00adco\u00adsur (Br\u00e9sil, Argen\u00adtine, Uruguay et Paraguay). Cepen\u00addant, il soul\u00e8ve de nom\u00adbreuses inqui\u00e9\u00adtudes quant \u00e0 son impact sur l\u2019a\u00adgri\u00adcul\u00adture europ\u00e9enne, et notam\u00adment fran\u00e7aise.<\/p>\n\n\n\n<p>Points cl\u00e9s de l\u2019ac\u00adcord :<\/p>\n\n\n\n<ul class=\"wp-block-list\">\n<li>R\u00e9duc\u00adtion des droits de douane sur les pro\u00adduits agri\u00adcoles<\/li>\n<\/ul>\n\n\n\n<ul class=\"wp-block-list\">\n<li>Aug\u00admen\u00adta\u00adtion des quo\u00adtas d\u2019im\u00adpor\u00adta\u00adtion pour la viande bovine et le soja<\/li>\n<\/ul>\n\n\n\n<ul class=\"wp-block-list\">\n<li>Mesures de pro\u00adtec\u00adtion des indi\u00adca\u00adtions g\u00e9o\u00adgraphiques europ\u00e9ennes<\/li>\n<\/ul>\n\n\n\n<p>Les craintes des agricul\u00adtri\u00adces fran\u00e7ais\u00ades<\/p>\n\n\n\n<p>Chris\u00adtiane Lam\u00adbert, pr\u00e9si\u00addente de la FNSEA, exprime les pr\u00e9oc\u00adcu\u00adpa\u00adtions du secteur : \u201cCet accord men\u00adace directe\u00adment la via\u00adbil\u00adit\u00e9 de nom\u00adbreuses exploita\u00adtions famil\u00adiales, o\u00f9 les femmes jouent sou\u00advent un r\u00f4le cen\u00adtral.\u201d<\/p>\n\n\n\n<p>Prin\u00adci\u00adpaux sujets d\u2019in\u00adqui\u00e9\u00adtude :<\/p>\n\n\n\n<ol start=\"1\" class=\"wp-block-list\">\n<li>Con\u00adcur\u00adrence d\u00e9loyale : Les normes de pro\u00adduc\u00adtion moins strictes dans les pays du Mer\u00adco\u00adsur pour\u00adraient d\u00e9sa\u00advan\u00adtager les pro\u00adduc\u00adtri\u00adces fran\u00e7ais\u00ades.<\/li>\n<\/ol>\n\n\n\n<ol start=\"2\" class=\"wp-block-list\">\n<li>Pres\u00adsion sur les prix : L\u2019af\u00adflux de pro\u00adduits moins chers pour\u00adrait entra\u00een\u00ader une baisse des revenus des agricul\u00adtri\u00adces.<\/li>\n<\/ol>\n\n\n\n<ol start=\"3\" class=\"wp-block-list\">\n<li>Dura\u00adbil\u00adit\u00e9 : Les pr\u00e9oc\u00adcu\u00adpa\u00adtions envi\u00adron\u00adnemen\u00adtales, notam\u00adment la d\u00e9foresta\u00adtion en Ama\u00adzonie, sont au c\u0153ur des d\u00e9bats.<\/li>\n<\/ol>\n\n\n\n<p>T\u00e9moignages d\u2019a\u00adgricul\u00adtri\u00adces<\/p>\n\n\n\n<p>Marie Dubois, \u00e9leveuse bovine en Auvergne : \u201cNous avons investi dans des pra\u00adtiques durables et le bien-\u00eatre ani\u00admal. Com\u00adment pou\u00advons-nous con\u00adcur\u00adrencer des impor\u00adta\u00adtions qui ne respectent pas les m\u00eames stan\u00addards ?\u201cSophie Mar\u00adtin, pro\u00adduc\u00adtrice de fruits dans le Sud-Ouest : \u201cLa diver\u00adsi\u00adfi\u00adca\u00adtion a \u00e9t\u00e9 notre strat\u00e9gie de survie. Cet accord pour\u00adrait remet\u00adtre en ques\u00adtion des ann\u00e9es d\u2019ef\u00adforts.\u201d<\/p>\n\n\n\n<p>Les femmes, piliers de l\u2019a\u00adgri\u00adcul\u00adture famil\u00adiale<\/p>\n\n\n\n<p>Les sta\u00adtis\u00adtiques soulig\u00adnent l\u2019im\u00adpor\u00adtance des femmes dans l\u2019a\u00adgri\u00adcul\u00adture fran\u00e7aise :<\/p>\n\n\n\n<ul class=\"wp-block-list\">\n<li>27% des chefs d\u2019ex\u00adploita\u00adtion sont des femmes<\/li>\n<\/ul>\n\n\n\n<ul class=\"wp-block-list\">\n<li>41% des con\u00adjoints col\u00adlab\u00ado\u00adra\u00adteurs sont des femmes<\/li>\n<\/ul>\n\n\n\n<ul class=\"wp-block-list\">\n<li>Les femmes repr\u00e9sen\u00adtent 36% de l\u2019emploi agri\u00adcole total<\/li>\n<\/ul>\n\n\n\n<p>Mesures d\u2019ac\u00adcom\u00adpa\u00adg\u00adne\u00adment pro\u00adpos\u00e9es<\/p>\n\n\n\n<p>Face \u00e0 ces inqui\u00e9\u00adtudes, le gou\u00adverne\u00adment fran\u00e7ais a annon\u00adc\u00e9 plusieurs mesures :<\/p>\n\n\n\n<ol start=\"1\" class=\"wp-block-list\">\n<li>Fonds de sou\u00adtien \u00e0 la tran\u00adsi\u00adtion : 500 mil\u00adlions d\u2019eu\u00adros pour aider les exploita\u00adtions \u00e0 s\u2019adapter<\/li>\n<\/ol>\n\n\n\n<ol start=\"2\" class=\"wp-block-list\">\n<li>Pro\u00adgramme de for\u00adma\u00adtion : Ren\u00adforce\u00adment des com\u00adp\u00e9\u00adtences en mar\u00adket\u00ading et diver\u00adsi\u00adfi\u00adca\u00adtion<\/li>\n<\/ol>\n\n\n\n<ol start=\"3\" class=\"wp-block-list\">\n<li>Label \u201cHaute Valeur Envi\u00adron\u00adnemen\u00adtale\u201d : Pro\u00admo\u00adtion des pro\u00adduits fran\u00e7ais respectueux de l\u2019en\u00advi\u00adron\u00adnement<\/li>\n<\/ol>\n\n\n\n<p>L\u2019in\u00adno\u00adva\u00adtion comme r\u00e9ponse<\/p>\n\n\n\n<p>Cer\u00adtaines agricul\u00adtri\u00adces voient dans cette sit\u00adu\u00ada\u00adtion une oppor\u00adtu\u00adnit\u00e9 de se r\u00e9in\u00adven\u00adter :Lau\u00adre Durand, vigneronne en Bour\u00adgogne : \u201cNous mis\u00adons sur l\u2019\u0153no\u00adtourisme et les cir\u00adcuits courts. C\u2019est un d\u00e9fi, mais aus\u00adsi une chance de val\u00adoris\u00ader notre savoir-faire.\u201cFatima Benali, mara\u00eech\u00e8re en \u00cele-de-France : \u201cL\u2019a\u00adgri\u00adcul\u00adture urbaine et les AMAP nous per\u00adme\u00adt\u00adtent de cr\u00e9er un lien direct avec les con\u00adsom\u00adma\u00adteurs. C\u2019est notre force face aux impor\u00adta\u00adtions.\u201d<\/p>\n\n\n\n<p>Per\u00adspec\u00adtives et enjeux futurs<\/p>\n\n\n\n<p>L\u2019ac\u00adcord UE-Mer\u00adco\u00adsur soul\u00e8ve des ques\u00adtions plus larges sur l\u2019avenir de l\u2019a\u00adgri\u00adcul\u00adture europ\u00e9enne :<\/p>\n\n\n\n<ul class=\"wp-block-list\">\n<li>Com\u00adment con\u00adcili\u00ader ouver\u00adture com\u00admer\u00adciale et pro\u00adtec\u00adtion des agricul\u00adteurs locaux ?<\/li>\n<\/ul>\n\n\n\n<ul class=\"wp-block-list\">\n<li>Quel mod\u00ad\u00e8le agri\u00adcole pour r\u00e9pon\u00addre aux d\u00e9fis du change\u00adment cli\u00adma\u00adtique ?<\/li>\n<\/ul>\n\n\n\n<ul class=\"wp-block-list\">\n<li>Com\u00adment assur\u00ader une tran\u00adsi\u00adtion juste pour les femmes dans le secteur agri\u00adcole ?<\/li>\n<\/ul>\n\n\n\n<p>Mobil\u00adi\u00adsa\u00adtion et actions col\u00adlec\u00adtives<\/p>\n\n\n\n<p>Face \u00e0 ces d\u00e9fis, les agricul\u00adtri\u00adces fran\u00e7ais\u00ades se mobilisent :<\/p>\n\n\n\n<ul class=\"wp-block-list\">\n<li>Cr\u00e9a\u00adtion d\u2019un r\u00e9seau nation\u00adal de sol\u00adi\u00addar\u00adit\u00e9 entre agricul\u00adtri\u00adces<\/li>\n<\/ul>\n\n\n\n<ul class=\"wp-block-list\">\n<li>Lob\u00adby\u00ading aupr\u00e8s des instances europ\u00e9ennes pour ren\u00adforcer les claus\u00ades de sauve\u00adg\u00adarde<\/li>\n<\/ul>\n\n\n\n<ul class=\"wp-block-list\">\n<li>Cam\u00adpagnes de sen\u00adsi\u00adbil\u00adi\u00adsa\u00adtion des con\u00adsom\u00adma\u00adteurs sur l\u2019im\u00adpor\u00adtance de l\u2019a\u00adgri\u00adcul\u00adture locale<\/li>\n<\/ul>\n\n\n\n<p>Con\u00adclu\u00adsion<\/p>\n\n\n\n<p>L\u2019ac\u00adcord UE-Mer\u00adco\u00adsur repr\u00e9sente un d\u00e9fi majeur pour les agricul\u00adtri\u00adces fran\u00e7ais\u00ades. Entre inqui\u00e9\u00adtudes l\u00e9gitimes et oppor\u00adtu\u00adnit\u00e9s d\u2019in\u00adno\u00adva\u00adtion, elles se trou\u00advent \u00e0 un tour\u00adnant de leur pro\u00adfes\u00adsion. Leur capac\u00adit\u00e9 d\u2019adap\u00adta\u00adtion et leur d\u00e9ter\u00admi\u00adna\u00adtion seront cru\u00adciales pour nav\u00adiguer dans ce nou\u00adveau paysage \u00e9conomique. Le sou\u00adtien des con\u00adsom\u00adma\u00adteurs et des poli\u00adtiques publiques jouera un r\u00f4le d\u00e9ter\u00admi\u00adnant dans la pr\u00e9ser\u00adva\u00adtion d\u2019une agri\u00adcul\u00adture fran\u00e7aise dynamique et f\u00e9mi\u00adnine.<\/p>\n","protected":false},"excerpt":{"rendered":"<p>La rat\u00adi\u00adfi\u00adca\u00adtion de l\u2019ac\u00adcord com\u00admer\u00adcial entre l\u2019U\u00adnion europ\u00e9enne et le Mer\u00adco\u00adsur, final\u00adis\u00e9e hier apr\u00e8s des ann\u00e9es de n\u00e9go\u00adci\u00ada\u00adtions, sus\u00adcite de vives r\u00e9ac\u00adtions dans le monde agri\u00adcole fran\u00e7ais. Les agricul\u00adtri\u00adces, en\u2026 <\/p>\n","protected":false},"author":1,"featured_media":6866,"comment_status":"open","ping_status":"open","sticky":false,"template":"","format":"standard","meta":{"wp_typography_post_enhancements_disabled":false,"footnotes":""},"categories":[73],"tags":[],"class_list":["post-6865","post","type-post","status-publish","format-standard","has-post-thumbnail","hentry","category-on-en-parle"],"yoast_head":"<!-- This site is optimized with the Yoast SEO plugin v24.7 - https:\/\/yoast.com\/wordpress\/plugins\/seo\/ -->\n<title>Accord UE-Mercosur : quelles cons\u00e9quences pour les agricultrices fran\u00e7aises ? - Bobea<\/title>\n<meta name=\"description\" content=\"La ratification de l&#039;accord commercial entre l&#039;Union europ\u00e9enne et le Mercosur, finalis\u00e9e hier apr\u00e8s des ann\u00e9es de n\u00e9gociations, suscite de vives\" \/>\n<meta name=\"robots\" content=\"index, follow, max-snippet:-1, max-image-preview:large, max-video-preview:-1\" \/>\n<link rel=\"canonical\" href=\"https:\/\/bobea.net\/index.php\/2025\/01\/07\/accord-ue-mercosur-quelles-consequences-pour-les-agricultrices-francaises\/\" \/>\n<meta property=\"og:locale\" content=\"fr_FR\" \/>\n<meta property=\"og:type\" content=\"article\" \/>\n<meta property=\"og:title\" content=\"Accord UE-Mercosur : quelles cons\u00e9quences pour les agricultrices fran\u00e7aises ? - Bobea\" \/>\n<meta property=\"og:description\" content=\"La ratification de l&#039;accord commercial entre l&#039;Union europ\u00e9enne et le Mercosur, finalis\u00e9e hier apr\u00e8s des ann\u00e9es de n\u00e9gociations, suscite de vives\" \/>\n<meta property=\"og:url\" content=\"https:\/\/bobea.net\/index.php\/2025\/01\/07\/accord-ue-mercosur-quelles-consequences-pour-les-agricultrices-francaises\/\" \/>\n<meta property=\"og:site_name\" content=\"Bobea\" \/>\n<meta property=\"article:publisher\" content=\"https:\/\/web.facebook.com\/profile.php?id=61559252188416\" \/>\n<meta property=\"article:published_time\" content=\"2025-01-07T11:40:51+00:00\" \/>\n<meta property=\"article:modified_time\" content=\"2025-01-07T11:40:52+00:00\" \/>\n<meta property=\"og:image\" content=\"https:\/\/bobea.net\/wp-content\/uploads\/2025\/01\/accord-ue-mercosur-quel-impact-pour-l-agriculture.jpg\" \/>\n\t<meta property=\"og:image:width\" content=\"1198\" \/>\n\t<meta property=\"og:image:height\" content=\"630\" \/>\n\t<meta property=\"og:image:type\" content=\"image\/jpeg\" \/>\n<meta name=\"author\" content=\"bobea.info\" \/>\n<meta name=\"twitter:card\" content=\"summary_large_image\" \/>\n<meta name=\"twitter:label1\" content=\"\u00c9crit par\" \/>\n\t<meta name=\"twitter:data1\" content=\"bobea.info\" \/>\n\t<meta name=\"twitter:label2\" content=\"Dur\u00e9e de lecture estim\u00e9e\" \/>\n\t<meta name=\"twitter:data2\" content=\"4 minutes\" \/>\n<script type=\"application\/ld+json\" class=\"yoast-schema-graph\">{\"@context\":\"https:\/\/schema.org\",\"@graph\":[{\"@type\":\"Article\",\"@id\":\"https:\/\/bobea.net\/index.php\/2025\/01\/07\/accord-ue-mercosur-quelles-consequences-pour-les-agricultrices-francaises\/#article\",\"isPartOf\":{\"@id\":\"https:\/\/bobea.net\/index.php\/2025\/01\/07\/accord-ue-mercosur-quelles-consequences-pour-les-agricultrices-francaises\/\"},\"author\":{\"name\":\"bobea.info\",\"@id\":\"https:\/\/bobea.net\/#\/schema\/person\/e7f45ef187918d7c956bf619dce90ccf\"},\"headline\":\"Accord UE-Mercosur : quelles cons\u00e9quences pour les agricultrices fran\u00e7aises ?\",\"datePublished\":\"2025-01-07T11:40:51+00:00\",\"dateModified\":\"2025-01-07T11:40:52+00:00\",\"mainEntityOfPage\":{\"@id\":\"https:\/\/bobea.net\/index.php\/2025\/01\/07\/accord-ue-mercosur-quelles-consequences-pour-les-agricultrices-francaises\/\"},\"wordCount\":666,\"commentCount\":0,\"publisher\":{\"@id\":\"https:\/\/bobea.net\/#organization\"},\"image\":{\"@id\":\"https:\/\/bobea.net\/index.php\/2025\/01\/07\/accord-ue-mercosur-quelles-consequences-pour-les-agricultrices-francaises\/#primaryimage\"},\"thumbnailUrl\":\"https:\/\/bobea.net\/wp-content\/uploads\/2025\/01\/accord-ue-mercosur-quel-impact-pour-l-agriculture.jpg\",\"articleSection\":[\"On en Parle\"],\"inLanguage\":\"fr-FR\",\"potentialAction\":[{\"@type\":\"CommentAction\",\"name\":\"Comment\",\"target\":[\"https:\/\/bobea.net\/index.php\/2025\/01\/07\/accord-ue-mercosur-quelles-consequences-pour-les-agricultrices-francaises\/#respond\"]}]},{\"@type\":\"WebPage\",\"@id\":\"https:\/\/bobea.net\/index.php\/2025\/01\/07\/accord-ue-mercosur-quelles-consequences-pour-les-agricultrices-francaises\/\",\"url\":\"https:\/\/bobea.net\/index.php\/2025\/01\/07\/accord-ue-mercosur-quelles-consequences-pour-les-agricultrices-francaises\/\",\"name\":\"Accord UE-Mercosur : quelles cons\u00e9quences pour les agricultrices fran\u00e7aises ? - Bobea\",\"isPartOf\":{\"@id\":\"https:\/\/bobea.net\/#website\"},\"primaryImageOfPage\":{\"@id\":\"https:\/\/bobea.net\/index.php\/2025\/01\/07\/accord-ue-mercosur-quelles-consequences-pour-les-agricultrices-francaises\/#primaryimage\"},\"image\":{\"@id\":\"https:\/\/bobea.net\/index.php\/2025\/01\/07\/accord-ue-mercosur-quelles-consequences-pour-les-agricultrices-francaises\/#primaryimage\"},\"thumbnailUrl\":\"https:\/\/bobea.net\/wp-content\/uploads\/2025\/01\/accord-ue-mercosur-quel-impact-pour-l-agriculture.jpg\",\"datePublished\":\"2025-01-07T11:40:51+00:00\",\"dateModified\":\"2025-01-07T11:40:52+00:00\",\"description\":\"La ratification de l'accord commercial entre l'Union europ\u00e9enne et le Mercosur, finalis\u00e9e hier apr\u00e8s des ann\u00e9es de n\u00e9gociations, suscite de vives\",\"breadcrumb\":{\"@id\":\"https:\/\/bobea.net\/index.php\/2025\/01\/07\/accord-ue-mercosur-quelles-consequences-pour-les-agricultrices-francaises\/#breadcrumb\"},\"inLanguage\":\"fr-FR\",\"potentialAction\":[{\"@type\":\"ReadAction\",\"target\":[\"https:\/\/bobea.net\/index.php\/2025\/01\/07\/accord-ue-mercosur-quelles-consequences-pour-les-agricultrices-francaises\/\"]}]},{\"@type\":\"ImageObject\",\"inLanguage\":\"fr-FR\",\"@id\":\"https:\/\/bobea.net\/index.php\/2025\/01\/07\/accord-ue-mercosur-quelles-consequences-pour-les-agricultrices-francaises\/#primaryimage\",\"url\":\"https:\/\/bobea.net\/wp-content\/uploads\/2025\/01\/accord-ue-mercosur-quel-impact-pour-l-agriculture.jpg\",\"contentUrl\":\"https:\/\/bobea.net\/wp-content\/uploads\/2025\/01\/accord-ue-mercosur-quel-impact-pour-l-agriculture.jpg\",\"width\":1198,\"height\":630,\"caption\":\"Accord UE-Mercosur : quelles cons\u00e9quences pour les agricultrices fran\u00e7aises ?\"},{\"@type\":\"BreadcrumbList\",\"@id\":\"https:\/\/bobea.net\/index.php\/2025\/01\/07\/accord-ue-mercosur-quelles-consequences-pour-les-agricultrices-francaises\/#breadcrumb\",\"itemListElement\":[{\"@type\":\"ListItem\",\"position\":1,\"name\":\"Accueil\",\"item\":\"https:\/\/bobea.net\/\"},{\"@type\":\"ListItem\",\"position\":2,\"name\":\"Accord UE-Mercosur : quelles cons\u00e9quences pour les agricultrices fran\u00e7aises ?\"}]},{\"@type\":\"WebSite\",\"@id\":\"https:\/\/bobea.net\/#website\",\"url\":\"https:\/\/bobea.net\/\",\"name\":\"Bobea\",\"description\":\"Le magazine de la nouvelle \u00c8ve\",\"publisher\":{\"@id\":\"https:\/\/bobea.net\/#organization\"},\"potentialAction\":[{\"@type\":\"SearchAction\",\"target\":{\"@type\":\"EntryPoint\",\"urlTemplate\":\"https:\/\/bobea.net\/?s={search_term_string}\"},\"query-input\":{\"@type\":\"PropertyValueSpecification\",\"valueRequired\":true,\"valueName\":\"search_term_string\"}}],\"inLanguage\":\"fr-FR\"},{\"@type\":\"Organization\",\"@id\":\"https:\/\/bobea.net\/#organization\",\"name\":\"Bobea\",\"url\":\"https:\/\/bobea.net\/\",\"logo\":{\"@type\":\"ImageObject\",\"inLanguage\":\"fr-FR\",\"@id\":\"https:\/\/bobea.net\/#\/schema\/logo\/image\/\",\"url\":\"https:\/\/bobea.net\/wp-content\/uploads\/2024\/06\/bobea.jpg\",\"contentUrl\":\"https:\/\/bobea.net\/wp-content\/uploads\/2024\/06\/bobea.jpg\",\"width\":1080,\"height\":1080,\"caption\":\"Bobea\"},\"image\":{\"@id\":\"https:\/\/bobea.net\/#\/schema\/logo\/image\/\"},\"sameAs\":[\"https:\/\/web.facebook.com\/profile.php?id=61559252188416\"]},{\"@type\":\"Person\",\"@id\":\"https:\/\/bobea.net\/#\/schema\/person\/e7f45ef187918d7c956bf619dce90ccf\",\"name\":\"bobea.info\",\"image\":{\"@type\":\"ImageObject\",\"inLanguage\":\"fr-FR\",\"@id\":\"https:\/\/bobea.net\/#\/schema\/person\/image\/\",\"url\":\"https:\/\/secure.gravatar.com\/avatar\/36147980349df887ae30808df3e29474?s=96&d=mm&r=g\",\"contentUrl\":\"https:\/\/secure.gravatar.com\/avatar\/36147980349df887ae30808df3e29474?s=96&d=mm&r=g\",\"caption\":\"bobea.info\"},\"sameAs\":[\"https:\/\/bobea.net\"],\"url\":\"https:\/\/bobea.net\/index.php\/author\/bobea-info\/\"}]}<\/script>\n<!-- \/ Yoast SEO plugin. -->","yoast_head_json":{"title":"Accord UE-Mercosur : quelles cons\u00e9quences pour les agricultrices fran\u00e7aises ? - Bobea","description":"La ratification de l'accord commercial entre l'Union europ\u00e9enne et le Mercosur, finalis\u00e9e hier apr\u00e8s des ann\u00e9es de n\u00e9gociations, suscite de vives","robots":{"index":"index","follow":"follow","max-snippet":"max-snippet:-1","max-image-preview":"max-image-preview:large","max-video-preview":"max-video-preview:-1"},"canonical":"https:\/\/bobea.net\/index.php\/2025\/01\/07\/accord-ue-mercosur-quelles-consequences-pour-les-agricultrices-francaises\/","og_locale":"fr_FR","og_type":"article","og_title":"Accord UE-Mercosur : quelles cons\u00e9quences pour les agricultrices fran\u00e7aises ? - Bobea","og_description":"La ratification de l'accord commercial entre l'Union europ\u00e9enne et le Mercosur, finalis\u00e9e hier apr\u00e8s des ann\u00e9es de n\u00e9gociations, suscite de vives","og_url":"https:\/\/bobea.net\/index.php\/2025\/01\/07\/accord-ue-mercosur-quelles-consequences-pour-les-agricultrices-francaises\/","og_site_name":"Bobea","article_publisher":"https:\/\/web.facebook.com\/profile.php?id=61559252188416","article_published_time":"2025-01-07T11:40:51+00:00","article_modified_time":"2025-01-07T11:40:52+00:00","og_image":[{"width":1198,"height":630,"url":"https:\/\/bobea.net\/wp-content\/uploads\/2025\/01\/accord-ue-mercosur-quel-impact-pour-l-agriculture.jpg","type":"image\/jpeg"}],"author":"bobea.info","twitter_card":"summary_large_image","twitter_misc":{"\u00c9crit par":"bobea.info","Dur\u00e9e de lecture estim\u00e9e":"4 minutes"},"schema":{"@context":"https:\/\/schema.org","@graph":[{"@type":"Article","@id":"https:\/\/bobea.net\/index.php\/2025\/01\/07\/accord-ue-mercosur-quelles-consequences-pour-les-agricultrices-francaises\/#article","isPartOf":{"@id":"https:\/\/bobea.net\/index.php\/2025\/01\/07\/accord-ue-mercosur-quelles-consequences-pour-les-agricultrices-francaises\/"},"author":{"name":"bobea.info","@id":"https:\/\/bobea.net\/#\/schema\/person\/e7f45ef187918d7c956bf619dce90ccf"},"headline":"Accord UE-Mercosur : quelles cons\u00e9quences pour les agricultrices fran\u00e7aises ?","datePublished":"2025-01-07T11:40:51+00:00","dateModified":"2025-01-07T11:40:52+00:00","mainEntityOfPage":{"@id":"https:\/\/bobea.net\/index.php\/2025\/01\/07\/accord-ue-mercosur-quelles-consequences-pour-les-agricultrices-francaises\/"},"wordCount":666,"commentCount":0,"publisher":{"@id":"https:\/\/bobea.net\/#organization"},"image":{"@id":"https:\/\/bobea.net\/index.php\/2025\/01\/07\/accord-ue-mercosur-quelles-consequences-pour-les-agricultrices-francaises\/#primaryimage"},"thumbnailUrl":"https:\/\/bobea.net\/wp-content\/uploads\/2025\/01\/accord-ue-mercosur-quel-impact-pour-l-agriculture.jpg","articleSection":["On en Parle"],"inLanguage":"fr-FR","potentialAction":[{"@type":"CommentAction","name":"Comment","target":["https:\/\/bobea.net\/index.php\/2025\/01\/07\/accord-ue-mercosur-quelles-consequences-pour-les-agricultrices-francaises\/#respond"]}]},{"@type":"WebPage","@id":"https:\/\/bobea.net\/index.php\/2025\/01\/07\/accord-ue-mercosur-quelles-consequences-pour-les-agricultrices-francaises\/","url":"https:\/\/bobea.net\/index.php\/2025\/01\/07\/accord-ue-mercosur-quelles-consequences-pour-les-agricultrices-francaises\/","name":"Accord UE-Mercosur : quelles cons\u00e9quences pour les agricultrices fran\u00e7aises ? - Bobea","isPartOf":{"@id":"https:\/\/bobea.net\/#website"},"primaryImageOfPage":{"@id":"https:\/\/bobea.net\/index.php\/2025\/01\/07\/accord-ue-mercosur-quelles-consequences-pour-les-agricultrices-francaises\/#primaryimage"},"image":{"@id":"https:\/\/bobea.net\/index.php\/2025\/01\/07\/accord-ue-mercosur-quelles-consequences-pour-les-agricultrices-francaises\/#primaryimage"},"thumbnailUrl":"https:\/\/bobea.net\/wp-content\/uploads\/2025\/01\/accord-ue-mercosur-quel-impact-pour-l-agriculture.jpg","datePublished":"2025-01-07T11:40:51+00:00","dateModified":"2025-01-07T11:40:52+00:00","description":"La ratification de l'accord commercial entre l'Union europ\u00e9enne et le Mercosur, finalis\u00e9e hier apr\u00e8s des ann\u00e9es de n\u00e9gociations, suscite de vives","breadcrumb":{"@id":"https:\/\/bobea.net\/index.php\/2025\/01\/07\/accord-ue-mercosur-quelles-consequences-pour-les-agricultrices-francaises\/#breadcrumb"},"inLanguage":"fr-FR","potentialAction":[{"@type":"ReadAction","target":["https:\/\/bobea.net\/index.php\/2025\/01\/07\/accord-ue-mercosur-quelles-consequences-pour-les-agricultrices-francaises\/"]}]},{"@type":"ImageObject","inLanguage":"fr-FR","@id":"https:\/\/bobea.net\/index.php\/2025\/01\/07\/accord-ue-mercosur-quelles-consequences-pour-les-agricultrices-francaises\/#primaryimage","url":"https:\/\/bobea.net\/wp-content\/uploads\/2025\/01\/accord-ue-mercosur-quel-impact-pour-l-agriculture.jpg","contentUrl":"https:\/\/bobea.net\/wp-content\/uploads\/2025\/01\/accord-ue-mercosur-quel-impact-pour-l-agriculture.jpg","width":1198,"height":630,"caption":"Accord UE-Mercosur : quelles cons\u00e9quences pour les agricultrices fran\u00e7aises ?"},{"@type":"BreadcrumbList","@id":"https:\/\/bobea.net\/index.php\/2025\/01\/07\/accord-ue-mercosur-quelles-consequences-pour-les-agricultrices-francaises\/#breadcrumb","itemListElement":[{"@type":"ListItem","position":1,"name":"Accueil","item":"https:\/\/bobea.net\/"},{"@type":"ListItem","position":2,"name":"Accord UE-Mercosur : quelles cons\u00e9quences pour les agricultrices fran\u00e7aises ?"}]},{"@type":"WebSite","@id":"https:\/\/bobea.net\/#website","url":"https:\/\/bobea.net\/","name":"Bobea","description":"Le magazine de la nouvelle \u00c8ve","publisher":{"@id":"https:\/\/bobea.net\/#organization"},"potentialAction":[{"@type":"SearchAction","target":{"@type":"EntryPoint","urlTemplate":"https:\/\/bobea.net\/?s={search_term_string}"},"query-input":{"@type":"PropertyValueSpecification","valueRequired":true,"valueName":"search_term_string"}}],"inLanguage":"fr-FR"},{"@type":"Organization","@id":"https:\/\/bobea.net\/#organization","name":"Bobea","url":"https:\/\/bobea.net\/","logo":{"@type":"ImageObject","inLanguage":"fr-FR","@id":"https:\/\/bobea.net\/#\/schema\/logo\/image\/","url":"https:\/\/bobea.net\/wp-content\/uploads\/2024\/06\/bobea.jpg","contentUrl":"https:\/\/bobea.net\/wp-content\/uploads\/2024\/06\/bobea.jpg","width":1080,"height":1080,"caption":"Bobea"},"image":{"@id":"https:\/\/bobea.net\/#\/schema\/logo\/image\/"},"sameAs":["https:\/\/web.facebook.com\/profile.php?id=61559252188416"]},{"@type":"Person","@id":"https:\/\/bobea.net\/#\/schema\/person\/e7f45ef187918d7c956bf619dce90ccf","name":"bobea.info","image":{"@type":"ImageObject","inLanguage":"fr-FR","@id":"https:\/\/bobea.net\/#\/schema\/person\/image\/","url":"https:\/\/secure.gravatar.com\/avatar\/36147980349df887ae30808df3e29474?s=96&d=mm&r=g","contentUrl":"https:\/\/secure.gravatar.com\/avatar\/36147980349df887ae30808df3e29474?s=96&d=mm&r=g","caption":"bobea.info"},"sameAs":["https:\/\/bobea.net"],"url":"https:\/\/bobea.net\/index.php\/author\/bobea-info\/"}]}},"_links":{"self":[{"href":"https:\/\/bobea.net\/index.php\/wp-json\/wp\/v2\/posts\/6865"}],"collection":[{"href":"https:\/\/bobea.net\/index.php\/wp-json\/wp\/v2\/posts"}],"about":[{"href":"https:\/\/bobea.net\/index.php\/wp-json\/wp\/v2\/types\/post"}],"author":[{"embeddable":true,"href":"https:\/\/bobea.net\/index.php\/wp-json\/wp\/v2\/users\/1"}],"replies":[{"embeddable":true,"href":"https:\/\/bobea.net\/index.php\/wp-json\/wp\/v2\/comments?post=6865"}],"version-history":[{"count":0,"href":"https:\/\/bobea.net\/index.php\/wp-json\/wp\/v2\/posts\/6865\/revisions"}],"wp:featuredmedia":[{"embeddable":true,"href":"https:\/\/bobea.net\/index.php\/wp-json\/wp\/v2\/media\/6866"}],"wp:attachment":[{"href":"https:\/\/bobea.net\/index.php\/wp-json\/wp\/v2\/media?parent=6865"}],"wp:term":[{"taxonomy":"category","embeddable":true,"href":"https:\/\/bobea.net\/index.php\/wp-json\/wp\/v2\/categories?post=6865"},{"taxonomy":"post_tag","embeddable":true,"href":"https:\/\/bobea.net\/index.php\/wp-json\/wp\/v2\/tags?post=6865"}],"curies":[{"name":"wp","href":"https:\/\/api.w.org\/{rel}","templated":true}]}}