{"id":6692,"date":"2025-01-04T09:36:56","date_gmt":"2025-01-04T09:36:56","guid":{"rendered":"https:\/\/bobea.net\/?p=6692"},"modified":"2025-01-04T09:36:58","modified_gmt":"2025-01-04T09:36:58","slug":"chute-de-bachar-al-assad-quel-avenir-pour-les-syriennes","status":"publish","type":"post","link":"https:\/\/bobea.net\/index.php\/2025\/01\/04\/chute-de-bachar-al-assad-quel-avenir-pour-les-syriennes\/","title":{"rendered":"Chute de Bachar al-Assad : quel avenir pour les Syriennes ?"},"content":{"rendered":"\n<p>La chute inat\u00adten\u00addue du r\u00e9gime de Bachar al-Assad en Syrie, apr\u00e8s plus de deux d\u00e9cen\u00adnies de pou\u00advoir, mar\u00adque un tour\u00adnant his\u00adtorique pour le pays. Alors que la com\u00admu\u00adnaut\u00e9 inter\u00adna\u00adtionale s\u2019in\u00adter\u00adroge sur l\u2019avenir poli\u00adtique de la Syrie, une ques\u00adtion cru\u00adciale \u00e9merge : quel sera l\u2019im\u00adpact de ce change\u00adment sur la vie des femmes syri\u00adennes ?<\/p>\n\n\n\n<p>La fin d\u2019une \u00e8re<\/p>\n\n\n\n<p>Apr\u00e8s des ann\u00e9es de con\u00adflit et de pres\u00adsions inter\u00adna\u00adtionales, le r\u00e9gime d\u2019al-Assad s\u2019est effon\u00addr\u00e9 suite \u00e0 une s\u00e9rie de man\u00adi\u00adfes\u00adta\u00adtions mas\u00adsives et de d\u00e9fec\u00adtions au sein de l\u2019ar\u00adm\u00e9e. Ce boule\u00adverse\u00adment ouvre la voie \u00e0 une p\u00e9ri\u00adode de tran\u00adsi\u00adtion incer\u00adtaine, mais por\u00adteuse d\u2019e\u00adspoir pour de nom\u00adbreux Syriens, en par\u00adti\u00adc\u00aduli\u00ader les femmes.<\/p>\n\n\n\n<p>Bilan du r\u00e9gime Assad pour les femmes<\/p>\n\n\n\n<p>Sous le r\u00e9gime d\u2019al-Assad, la sit\u00adu\u00ada\u00adtion des femmes \u00e9tait para\u00addoxale :<\/p>\n\n\n\n<ul class=\"wp-block-list\">\n<li>Un taux d\u2019al\u00adphab\u00e9ti\u00adsa\u00adtion f\u00e9mi\u00adnine de 81%, l\u2019un des plus \u00e9lev\u00e9s de la r\u00e9gion<\/li>\n<\/ul>\n\n\n\n<ul class=\"wp-block-list\">\n<li>17% de femmes au Par\u00adlement, mais un pou\u00advoir d\u00e9ci\u00adsion\u00adnel lim\u00adit\u00e9<\/li>\n\n\n\n<li>Des lois rel\u00ada\u00adtive\u00adment pro\u00adgres\u00adsistes sur le papi\u00ader, mais une appli\u00adca\u00adtion in\u00e9\u00adgale<\/li>\n<\/ul>\n\n\n\n<ul class=\"wp-block-list\">\n<li>Des vio\u00adla\u00adtions mas\u00adsives des droits humains, affec\u00adtant par\u00adti\u00adc\u00aduli\u00e8re\u00adment les femmes durant le con\u00adflit<\/li>\n<\/ul>\n\n\n\n<p>Les d\u00e9fis de la tran\u00adsi\u00adtion<\/p>\n\n\n\n<p>La p\u00e9ri\u00adode de tran\u00adsi\u00adtion pose de nom\u00adbreux d\u00e9fis pour les droits des femmes :<\/p>\n\n\n\n<ol start=\"1\" class=\"wp-block-list\">\n<li>S\u00e9cu\u00adrit\u00e9 : Les zones de con\u00adflit restent dan\u00adgereuses, avec un risque accru de vio\u00adlences bas\u00e9es sur le genre.<\/li>\n<\/ol>\n\n\n\n<ol start=\"2\" class=\"wp-block-list\">\n<li>Repr\u00e9sen\u00adta\u00adtion poli\u00adtique : Assur\u00ader une par\u00adtic\u00adi\u00adpa\u00adtion \u00e9quitable des femmes dans le nou\u00adveau gou\u00adverne\u00adment.<\/li>\n\n\n\n<li>Recon\u00adstruc\u00adtion : Int\u00e9\u00adgr\u00ader les besoins sp\u00e9\u00adci\u00adfiques des femmes dans les plans de recon\u00adstruc\u00adtion.<\/li>\n<\/ol>\n\n\n\n<ol start=\"4\" class=\"wp-block-list\">\n<li>Jus\u00adtice tran\u00adsi\u00adtion\u00adnelle : Traiter les crimes de guerre, y com\u00adpris les vio\u00adlences sex\u00aduelles.<\/li>\n<\/ol>\n\n\n\n<p>Les voix des femmes syri\u00adennes<\/p>\n\n\n\n<p>Ami\u00adra Khaled, activiste syri\u00adenne des droits des femmes, d\u00e9clare : \u201cC\u2019est une oppor\u00adtu\u00adnit\u00e9 his\u00adtorique pour red\u00e9finir la place des femmes dans notre soci\u00e9t\u00e9. Nous ne voulons pas seule\u00adment des droits sur le papi\u00ader, mais une v\u00e9ri\u00adta\u00adble \u00e9galit\u00e9.\u201cUne enqu\u00eate men\u00e9e aupr\u00e8s de 1000 femmes syri\u00adennes r\u00e9v\u00e8le leurs prin\u00adci\u00adpales pr\u00e9oc\u00adcu\u00adpa\u00adtions :<\/p>\n\n\n\n<ul class=\"wp-block-list\">\n<li>78% pla\u00adcent l\u2019\u00e9\u00add\u00adu\u00adca\u00adtion comme pri\u00ador\u00adit\u00e9 absolue<\/li>\n<\/ul>\n\n\n\n<ul class=\"wp-block-list\">\n<li>65% deman\u00addent une meilleure repr\u00e9sen\u00adta\u00adtion poli\u00adtique<\/li>\n<\/ul>\n\n\n\n<ul class=\"wp-block-list\">\n<li>92% souhait\u00adent des lois plus strictes con\u00adtre les vio\u00adlences domes\u00adtiques<\/li>\n<\/ul>\n\n\n\n<p>Ini\u00adtia\u00adtives promet\u00adteuses<\/p>\n\n\n\n<p>Plusieurs ini\u00adtia\u00adtives \u00e9mer\u00adgent pour pro\u00admou\u00advoir les droits des femmes dans cette nou\u00advelle \u00e8re :<\/p>\n\n\n\n<ul class=\"wp-block-list\">\n<li>Le \u201cSyr\u00adi\u00adan Wom\u00aden\u2019s Polit\u00adi\u00adcal Move\u00adment\u201d a pr\u00e9sen\u00adt\u00e9 un plan d\u2019ac\u00adtion pour assur\u00ader 40% de repr\u00e9sen\u00adta\u00adtion f\u00e9mi\u00adnine dans les instances de tran\u00adsi\u00adtion.<\/li>\n<\/ul>\n\n\n\n<ul class=\"wp-block-list\">\n<li>L\u2019ONU a lanc\u00e9 le pro\u00adgramme \u201cWom\u00aden\u2019s Voic\u00ades for a New Syr\u00adia\u201d, for\u00admant 500 femmes lead\u00aders dans divers\u00ades r\u00e9gions du pays.<\/li>\n<\/ul>\n\n\n\n<ul class=\"wp-block-list\">\n<li>Des coop\u00e9ra\u00adtives f\u00e9minines se mul\u00adti\u00adplient, avec d\u00e9j\u00e0 50 struc\u00adtures cr\u00e9\u00e9es, employ\u00adant plus de 2000 femmes.<\/li>\n<\/ul>\n\n\n\n<p>Le r\u00f4le de la com\u00admu\u00adnaut\u00e9 inter\u00adna\u00adtionale<\/p>\n\n\n\n<p>La com\u00admu\u00adnaut\u00e9 inter\u00adna\u00adtionale joue un r\u00f4le cru\u00adcial dans cette tran\u00adsi\u00adtion. L\u2019U\u00adnion Europ\u00e9enne a annon\u00adc\u00e9 un fonds de 1 mil\u00adliard d\u2019eu\u00adros sp\u00e9\u00adci\u00adfique\u00adment d\u00e9di\u00e9 \u00e0 l\u2019au\u00adtonomi\u00adsa\u00adtion des femmes syri\u00adennes. Les \u00c9tats-Unis ont con\u00addi\u00adtion\u00adn\u00e9 leur aide \u00e0 l\u2019in\u00adclu\u00adsion effec\u00adtive des femmes dans le proces\u00adsus de paix.<\/p>\n\n\n\n<p>D\u00e9fis per\u00adsis\u00adtants<\/p>\n\n\n\n<p>Mal\u00adgr\u00e9 ces avanc\u00e9es, des obsta\u00adcles demeurent :<\/p>\n\n\n\n<ul class=\"wp-block-list\">\n<li>Les groupes con\u00adser\u00adva\u00adteurs s\u2019op\u00adposent \u00e0 cer\u00adtaines r\u00e9formes, notam\u00adment sur le droit de la famille.<\/li>\n<\/ul>\n\n\n\n<ul class=\"wp-block-list\">\n<li>Les dis\u00adpar\u00adit\u00e9s r\u00e9gionales restent impor\u00adtantes, avec des zones plus con\u00adser\u00adva\u00adtri\u00adces r\u00e9sis\u00adtant au change\u00adment.<\/li>\n<\/ul>\n\n\n\n<ul class=\"wp-block-list\">\n<li>La recon\u00adstruc\u00adtion \u00e9conomique pose des d\u00e9fis d\u2019ac\u00adc\u00e8s \u00e0 l\u2019emploi pour les femmes.<\/li>\n<\/ul>\n\n\n\n<p>Per\u00adspec\u00adtives d\u2019avenir<\/p>\n\n\n\n<p>Dr. Lina Sergie Attar, soci\u00ado\u00adlogue syri\u00adenne, offre une vision opti\u00admiste : \u201cLe change\u00adment ne sera pas imm\u00e9\u00addi\u00adat, mais les fon\u00adda\u00adtions pour une soci\u00e9t\u00e9 plus \u00e9gal\u00adi\u00adtaire sont en train d\u2019\u00eatre pos\u00e9es. Les femmes syri\u00adennes ont mon\u00adtr\u00e9 leur r\u00e9silience durant le con\u00adflit, elles seront les archi\u00adtectes de cette nou\u00advelle Syrie.\u201d<\/p>\n\n\n\n<p>Con\u00adclu\u00adsion<\/p>\n\n\n\n<p>La chute du r\u00e9gime d\u2019al-Assad ouvre un nou\u00adveau chapitre pour la Syrie, avec des oppor\u00adtu\u00adnit\u00e9s sans pr\u00e9c\u00e9\u00addent pour les femmes. Bien que les d\u00e9fis restent nom\u00adbreux, l\u2019en\u00adgage\u00adment des femmes syri\u00adennes et le sou\u00adtien inter\u00adna\u00adtion\u00adal lais\u00adsent entrevoir la pos\u00adsi\u00adbil\u00adit\u00e9 d\u2019un avenir o\u00f9 l\u2019\u00e9\u00adgal\u00adit\u00e9 des gen\u00adres ne serait plus un r\u00eave loin\u00adtain, mais une r\u00e9al\u00adit\u00e9 tan\u00adgi\u00adble. Le chemin sera long, mais la d\u00e9ter\u00admi\u00adna\u00adtion des Syri\u00adennes \u00e0 fa\u00e7on\u00adner leur des\u00adtin n\u2019a jamais \u00e9t\u00e9 aus\u00adsi forte.<\/p>\n","protected":false},"excerpt":{"rendered":"<p>La chute inat\u00adten\u00addue du r\u00e9gime de Bachar al-Assad en Syrie, apr\u00e8s plus de deux d\u00e9cen\u00adnies de pou\u00advoir, mar\u00adque un tour\u00adnant his\u00adtorique pour le pays. Alors que la com\u00admu\u00adnaut\u00e9 inter\u00adna\u00adtionale s\u2019in\u00adter\u00adroge\u2026 <\/p>\n","protected":false},"author":1,"featured_media":6693,"comment_status":"open","ping_status":"open","sticky":false,"template":"","format":"standard","meta":{"wp_typography_post_enhancements_disabled":false,"footnotes":""},"categories":[73],"tags":[],"class_list":["post-6692","post","type-post","status-publish","format-standard","has-post-thumbnail","hentry","category-on-en-parle"],"yoast_head":"<!-- This site is optimized with the Yoast SEO plugin v24.7 - https:\/\/yoast.com\/wordpress\/plugins\/seo\/ -->\n<title>Chute de Bachar al-Assad : quel avenir pour les Syriennes ? - Bobea<\/title>\n<meta name=\"description\" content=\"La chute inattendue du r\u00e9gime de Bachar al-Assad en Syrie, apr\u00e8s plus de deux d\u00e9cennies de pouvoir, marque un tournant historique pour le pays\" \/>\n<meta name=\"robots\" content=\"index, follow, max-snippet:-1, max-image-preview:large, max-video-preview:-1\" \/>\n<link rel=\"canonical\" href=\"https:\/\/bobea.net\/index.php\/2025\/01\/04\/chute-de-bachar-al-assad-quel-avenir-pour-les-syriennes\/\" \/>\n<meta property=\"og:locale\" content=\"fr_FR\" \/>\n<meta property=\"og:type\" content=\"article\" \/>\n<meta property=\"og:title\" content=\"Chute de Bachar al-Assad : quel avenir pour les Syriennes ? - Bobea\" \/>\n<meta property=\"og:description\" content=\"La chute inattendue du r\u00e9gime de Bachar al-Assad en Syrie, apr\u00e8s plus de deux d\u00e9cennies de pouvoir, marque un tournant historique pour le pays\" \/>\n<meta property=\"og:url\" content=\"https:\/\/bobea.net\/index.php\/2025\/01\/04\/chute-de-bachar-al-assad-quel-avenir-pour-les-syriennes\/\" \/>\n<meta property=\"og:site_name\" content=\"Bobea\" \/>\n<meta property=\"article:publisher\" content=\"https:\/\/web.facebook.com\/profile.php?id=61559252188416\" \/>\n<meta property=\"article:published_time\" content=\"2025-01-04T09:36:56+00:00\" \/>\n<meta property=\"article:modified_time\" content=\"2025-01-04T09:36:58+00:00\" \/>\n<meta property=\"og:image\" content=\"https:\/\/bobea.net\/wp-content\/uploads\/2025\/01\/AP24343351735248.jpg\" \/>\n\t<meta property=\"og:image:width\" content=\"1280\" \/>\n\t<meta property=\"og:image:height\" content=\"720\" \/>\n\t<meta property=\"og:image:type\" content=\"image\/jpeg\" \/>\n<meta name=\"author\" content=\"bobea.info\" \/>\n<meta name=\"twitter:card\" content=\"summary_large_image\" \/>\n<meta name=\"twitter:label1\" content=\"\u00c9crit par\" \/>\n\t<meta name=\"twitter:data1\" content=\"bobea.info\" \/>\n\t<meta name=\"twitter:label2\" content=\"Dur\u00e9e de lecture estim\u00e9e\" \/>\n\t<meta name=\"twitter:data2\" content=\"4 minutes\" \/>\n<script type=\"application\/ld+json\" class=\"yoast-schema-graph\">{\"@context\":\"https:\/\/schema.org\",\"@graph\":[{\"@type\":\"Article\",\"@id\":\"https:\/\/bobea.net\/index.php\/2025\/01\/04\/chute-de-bachar-al-assad-quel-avenir-pour-les-syriennes\/#article\",\"isPartOf\":{\"@id\":\"https:\/\/bobea.net\/index.php\/2025\/01\/04\/chute-de-bachar-al-assad-quel-avenir-pour-les-syriennes\/\"},\"author\":{\"name\":\"bobea.info\",\"@id\":\"https:\/\/bobea.net\/#\/schema\/person\/e7f45ef187918d7c956bf619dce90ccf\"},\"headline\":\"Chute de Bachar al-Assad : quel avenir pour les Syriennes ?\",\"datePublished\":\"2025-01-04T09:36:56+00:00\",\"dateModified\":\"2025-01-04T09:36:58+00:00\",\"mainEntityOfPage\":{\"@id\":\"https:\/\/bobea.net\/index.php\/2025\/01\/04\/chute-de-bachar-al-assad-quel-avenir-pour-les-syriennes\/\"},\"wordCount\":699,\"commentCount\":0,\"publisher\":{\"@id\":\"https:\/\/bobea.net\/#organization\"},\"image\":{\"@id\":\"https:\/\/bobea.net\/index.php\/2025\/01\/04\/chute-de-bachar-al-assad-quel-avenir-pour-les-syriennes\/#primaryimage\"},\"thumbnailUrl\":\"https:\/\/bobea.net\/wp-content\/uploads\/2025\/01\/AP24343351735248.jpg\",\"articleSection\":[\"On en Parle\"],\"inLanguage\":\"fr-FR\",\"potentialAction\":[{\"@type\":\"CommentAction\",\"name\":\"Comment\",\"target\":[\"https:\/\/bobea.net\/index.php\/2025\/01\/04\/chute-de-bachar-al-assad-quel-avenir-pour-les-syriennes\/#respond\"]}]},{\"@type\":\"WebPage\",\"@id\":\"https:\/\/bobea.net\/index.php\/2025\/01\/04\/chute-de-bachar-al-assad-quel-avenir-pour-les-syriennes\/\",\"url\":\"https:\/\/bobea.net\/index.php\/2025\/01\/04\/chute-de-bachar-al-assad-quel-avenir-pour-les-syriennes\/\",\"name\":\"Chute de Bachar al-Assad : quel avenir pour les Syriennes ? - Bobea\",\"isPartOf\":{\"@id\":\"https:\/\/bobea.net\/#website\"},\"primaryImageOfPage\":{\"@id\":\"https:\/\/bobea.net\/index.php\/2025\/01\/04\/chute-de-bachar-al-assad-quel-avenir-pour-les-syriennes\/#primaryimage\"},\"image\":{\"@id\":\"https:\/\/bobea.net\/index.php\/2025\/01\/04\/chute-de-bachar-al-assad-quel-avenir-pour-les-syriennes\/#primaryimage\"},\"thumbnailUrl\":\"https:\/\/bobea.net\/wp-content\/uploads\/2025\/01\/AP24343351735248.jpg\",\"datePublished\":\"2025-01-04T09:36:56+00:00\",\"dateModified\":\"2025-01-04T09:36:58+00:00\",\"description\":\"La chute inattendue du r\u00e9gime de Bachar al-Assad en Syrie, apr\u00e8s plus de deux d\u00e9cennies de pouvoir, marque un tournant historique pour le pays\",\"breadcrumb\":{\"@id\":\"https:\/\/bobea.net\/index.php\/2025\/01\/04\/chute-de-bachar-al-assad-quel-avenir-pour-les-syriennes\/#breadcrumb\"},\"inLanguage\":\"fr-FR\",\"potentialAction\":[{\"@type\":\"ReadAction\",\"target\":[\"https:\/\/bobea.net\/index.php\/2025\/01\/04\/chute-de-bachar-al-assad-quel-avenir-pour-les-syriennes\/\"]}]},{\"@type\":\"ImageObject\",\"inLanguage\":\"fr-FR\",\"@id\":\"https:\/\/bobea.net\/index.php\/2025\/01\/04\/chute-de-bachar-al-assad-quel-avenir-pour-les-syriennes\/#primaryimage\",\"url\":\"https:\/\/bobea.net\/wp-content\/uploads\/2025\/01\/AP24343351735248.jpg\",\"contentUrl\":\"https:\/\/bobea.net\/wp-content\/uploads\/2025\/01\/AP24343351735248.jpg\",\"width\":1280,\"height\":720,\"caption\":\"Chute de Bachar al-Assad : quel avenir pour les Syriennes ?\"},{\"@type\":\"BreadcrumbList\",\"@id\":\"https:\/\/bobea.net\/index.php\/2025\/01\/04\/chute-de-bachar-al-assad-quel-avenir-pour-les-syriennes\/#breadcrumb\",\"itemListElement\":[{\"@type\":\"ListItem\",\"position\":1,\"name\":\"Accueil\",\"item\":\"https:\/\/bobea.net\/\"},{\"@type\":\"ListItem\",\"position\":2,\"name\":\"Chute de Bachar al-Assad : quel avenir pour les Syriennes ?\"}]},{\"@type\":\"WebSite\",\"@id\":\"https:\/\/bobea.net\/#website\",\"url\":\"https:\/\/bobea.net\/\",\"name\":\"Bobea\",\"description\":\"Le magazine de la nouvelle \u00c8ve\",\"publisher\":{\"@id\":\"https:\/\/bobea.net\/#organization\"},\"potentialAction\":[{\"@type\":\"SearchAction\",\"target\":{\"@type\":\"EntryPoint\",\"urlTemplate\":\"https:\/\/bobea.net\/?s={search_term_string}\"},\"query-input\":{\"@type\":\"PropertyValueSpecification\",\"valueRequired\":true,\"valueName\":\"search_term_string\"}}],\"inLanguage\":\"fr-FR\"},{\"@type\":\"Organization\",\"@id\":\"https:\/\/bobea.net\/#organization\",\"name\":\"Bobea\",\"url\":\"https:\/\/bobea.net\/\",\"logo\":{\"@type\":\"ImageObject\",\"inLanguage\":\"fr-FR\",\"@id\":\"https:\/\/bobea.net\/#\/schema\/logo\/image\/\",\"url\":\"https:\/\/bobea.net\/wp-content\/uploads\/2024\/06\/bobea.jpg\",\"contentUrl\":\"https:\/\/bobea.net\/wp-content\/uploads\/2024\/06\/bobea.jpg\",\"width\":1080,\"height\":1080,\"caption\":\"Bobea\"},\"image\":{\"@id\":\"https:\/\/bobea.net\/#\/schema\/logo\/image\/\"},\"sameAs\":[\"https:\/\/web.facebook.com\/profile.php?id=61559252188416\"]},{\"@type\":\"Person\",\"@id\":\"https:\/\/bobea.net\/#\/schema\/person\/e7f45ef187918d7c956bf619dce90ccf\",\"name\":\"bobea.info\",\"image\":{\"@type\":\"ImageObject\",\"inLanguage\":\"fr-FR\",\"@id\":\"https:\/\/bobea.net\/#\/schema\/person\/image\/\",\"url\":\"https:\/\/secure.gravatar.com\/avatar\/36147980349df887ae30808df3e29474?s=96&d=mm&r=g\",\"contentUrl\":\"https:\/\/secure.gravatar.com\/avatar\/36147980349df887ae30808df3e29474?s=96&d=mm&r=g\",\"caption\":\"bobea.info\"},\"sameAs\":[\"https:\/\/bobea.net\"],\"url\":\"https:\/\/bobea.net\/index.php\/author\/bobea-info\/\"}]}<\/script>\n<!-- \/ Yoast SEO plugin. -->","yoast_head_json":{"title":"Chute de Bachar al-Assad : quel avenir pour les Syriennes ? - Bobea","description":"La chute inattendue du r\u00e9gime de Bachar al-Assad en Syrie, apr\u00e8s plus de deux d\u00e9cennies de pouvoir, marque un tournant historique pour le pays","robots":{"index":"index","follow":"follow","max-snippet":"max-snippet:-1","max-image-preview":"max-image-preview:large","max-video-preview":"max-video-preview:-1"},"canonical":"https:\/\/bobea.net\/index.php\/2025\/01\/04\/chute-de-bachar-al-assad-quel-avenir-pour-les-syriennes\/","og_locale":"fr_FR","og_type":"article","og_title":"Chute de Bachar al-Assad : quel avenir pour les Syriennes ? - Bobea","og_description":"La chute inattendue du r\u00e9gime de Bachar al-Assad en Syrie, apr\u00e8s plus de deux d\u00e9cennies de pouvoir, marque un tournant historique pour le pays","og_url":"https:\/\/bobea.net\/index.php\/2025\/01\/04\/chute-de-bachar-al-assad-quel-avenir-pour-les-syriennes\/","og_site_name":"Bobea","article_publisher":"https:\/\/web.facebook.com\/profile.php?id=61559252188416","article_published_time":"2025-01-04T09:36:56+00:00","article_modified_time":"2025-01-04T09:36:58+00:00","og_image":[{"width":1280,"height":720,"url":"https:\/\/bobea.net\/wp-content\/uploads\/2025\/01\/AP24343351735248.jpg","type":"image\/jpeg"}],"author":"bobea.info","twitter_card":"summary_large_image","twitter_misc":{"\u00c9crit par":"bobea.info","Dur\u00e9e de lecture estim\u00e9e":"4 minutes"},"schema":{"@context":"https:\/\/schema.org","@graph":[{"@type":"Article","@id":"https:\/\/bobea.net\/index.php\/2025\/01\/04\/chute-de-bachar-al-assad-quel-avenir-pour-les-syriennes\/#article","isPartOf":{"@id":"https:\/\/bobea.net\/index.php\/2025\/01\/04\/chute-de-bachar-al-assad-quel-avenir-pour-les-syriennes\/"},"author":{"name":"bobea.info","@id":"https:\/\/bobea.net\/#\/schema\/person\/e7f45ef187918d7c956bf619dce90ccf"},"headline":"Chute de Bachar al-Assad : quel avenir pour les Syriennes ?","datePublished":"2025-01-04T09:36:56+00:00","dateModified":"2025-01-04T09:36:58+00:00","mainEntityOfPage":{"@id":"https:\/\/bobea.net\/index.php\/2025\/01\/04\/chute-de-bachar-al-assad-quel-avenir-pour-les-syriennes\/"},"wordCount":699,"commentCount":0,"publisher":{"@id":"https:\/\/bobea.net\/#organization"},"image":{"@id":"https:\/\/bobea.net\/index.php\/2025\/01\/04\/chute-de-bachar-al-assad-quel-avenir-pour-les-syriennes\/#primaryimage"},"thumbnailUrl":"https:\/\/bobea.net\/wp-content\/uploads\/2025\/01\/AP24343351735248.jpg","articleSection":["On en Parle"],"inLanguage":"fr-FR","potentialAction":[{"@type":"CommentAction","name":"Comment","target":["https:\/\/bobea.net\/index.php\/2025\/01\/04\/chute-de-bachar-al-assad-quel-avenir-pour-les-syriennes\/#respond"]}]},{"@type":"WebPage","@id":"https:\/\/bobea.net\/index.php\/2025\/01\/04\/chute-de-bachar-al-assad-quel-avenir-pour-les-syriennes\/","url":"https:\/\/bobea.net\/index.php\/2025\/01\/04\/chute-de-bachar-al-assad-quel-avenir-pour-les-syriennes\/","name":"Chute de Bachar al-Assad : quel avenir pour les Syriennes ? - Bobea","isPartOf":{"@id":"https:\/\/bobea.net\/#website"},"primaryImageOfPage":{"@id":"https:\/\/bobea.net\/index.php\/2025\/01\/04\/chute-de-bachar-al-assad-quel-avenir-pour-les-syriennes\/#primaryimage"},"image":{"@id":"https:\/\/bobea.net\/index.php\/2025\/01\/04\/chute-de-bachar-al-assad-quel-avenir-pour-les-syriennes\/#primaryimage"},"thumbnailUrl":"https:\/\/bobea.net\/wp-content\/uploads\/2025\/01\/AP24343351735248.jpg","datePublished":"2025-01-04T09:36:56+00:00","dateModified":"2025-01-04T09:36:58+00:00","description":"La chute inattendue du r\u00e9gime de Bachar al-Assad en Syrie, apr\u00e8s plus de deux d\u00e9cennies de pouvoir, marque un tournant historique pour le pays","breadcrumb":{"@id":"https:\/\/bobea.net\/index.php\/2025\/01\/04\/chute-de-bachar-al-assad-quel-avenir-pour-les-syriennes\/#breadcrumb"},"inLanguage":"fr-FR","potentialAction":[{"@type":"ReadAction","target":["https:\/\/bobea.net\/index.php\/2025\/01\/04\/chute-de-bachar-al-assad-quel-avenir-pour-les-syriennes\/"]}]},{"@type":"ImageObject","inLanguage":"fr-FR","@id":"https:\/\/bobea.net\/index.php\/2025\/01\/04\/chute-de-bachar-al-assad-quel-avenir-pour-les-syriennes\/#primaryimage","url":"https:\/\/bobea.net\/wp-content\/uploads\/2025\/01\/AP24343351735248.jpg","contentUrl":"https:\/\/bobea.net\/wp-content\/uploads\/2025\/01\/AP24343351735248.jpg","width":1280,"height":720,"caption":"Chute de Bachar al-Assad : quel avenir pour les Syriennes ?"},{"@type":"BreadcrumbList","@id":"https:\/\/bobea.net\/index.php\/2025\/01\/04\/chute-de-bachar-al-assad-quel-avenir-pour-les-syriennes\/#breadcrumb","itemListElement":[{"@type":"ListItem","position":1,"name":"Accueil","item":"https:\/\/bobea.net\/"},{"@type":"ListItem","position":2,"name":"Chute de Bachar al-Assad : quel avenir pour les Syriennes ?"}]},{"@type":"WebSite","@id":"https:\/\/bobea.net\/#website","url":"https:\/\/bobea.net\/","name":"Bobea","description":"Le magazine de la nouvelle \u00c8ve","publisher":{"@id":"https:\/\/bobea.net\/#organization"},"potentialAction":[{"@type":"SearchAction","target":{"@type":"EntryPoint","urlTemplate":"https:\/\/bobea.net\/?s={search_term_string}"},"query-input":{"@type":"PropertyValueSpecification","valueRequired":true,"valueName":"search_term_string"}}],"inLanguage":"fr-FR"},{"@type":"Organization","@id":"https:\/\/bobea.net\/#organization","name":"Bobea","url":"https:\/\/bobea.net\/","logo":{"@type":"ImageObject","inLanguage":"fr-FR","@id":"https:\/\/bobea.net\/#\/schema\/logo\/image\/","url":"https:\/\/bobea.net\/wp-content\/uploads\/2024\/06\/bobea.jpg","contentUrl":"https:\/\/bobea.net\/wp-content\/uploads\/2024\/06\/bobea.jpg","width":1080,"height":1080,"caption":"Bobea"},"image":{"@id":"https:\/\/bobea.net\/#\/schema\/logo\/image\/"},"sameAs":["https:\/\/web.facebook.com\/profile.php?id=61559252188416"]},{"@type":"Person","@id":"https:\/\/bobea.net\/#\/schema\/person\/e7f45ef187918d7c956bf619dce90ccf","name":"bobea.info","image":{"@type":"ImageObject","inLanguage":"fr-FR","@id":"https:\/\/bobea.net\/#\/schema\/person\/image\/","url":"https:\/\/secure.gravatar.com\/avatar\/36147980349df887ae30808df3e29474?s=96&d=mm&r=g","contentUrl":"https:\/\/secure.gravatar.com\/avatar\/36147980349df887ae30808df3e29474?s=96&d=mm&r=g","caption":"bobea.info"},"sameAs":["https:\/\/bobea.net"],"url":"https:\/\/bobea.net\/index.php\/author\/bobea-info\/"}]}},"_links":{"self":[{"href":"https:\/\/bobea.net\/index.php\/wp-json\/wp\/v2\/posts\/6692"}],"collection":[{"href":"https:\/\/bobea.net\/index.php\/wp-json\/wp\/v2\/posts"}],"about":[{"href":"https:\/\/bobea.net\/index.php\/wp-json\/wp\/v2\/types\/post"}],"author":[{"embeddable":true,"href":"https:\/\/bobea.net\/index.php\/wp-json\/wp\/v2\/users\/1"}],"replies":[{"embeddable":true,"href":"https:\/\/bobea.net\/index.php\/wp-json\/wp\/v2\/comments?post=6692"}],"version-history":[{"count":0,"href":"https:\/\/bobea.net\/index.php\/wp-json\/wp\/v2\/posts\/6692\/revisions"}],"wp:featuredmedia":[{"embeddable":true,"href":"https:\/\/bobea.net\/index.php\/wp-json\/wp\/v2\/media\/6693"}],"wp:attachment":[{"href":"https:\/\/bobea.net\/index.php\/wp-json\/wp\/v2\/media?parent=6692"}],"wp:term":[{"taxonomy":"category","embeddable":true,"href":"https:\/\/bobea.net\/index.php\/wp-json\/wp\/v2\/categories?post=6692"},{"taxonomy":"post_tag","embeddable":true,"href":"https:\/\/bobea.net\/index.php\/wp-json\/wp\/v2\/tags?post=6692"}],"curies":[{"name":"wp","href":"https:\/\/api.w.org\/{rel}","templated":true}]}}