{"id":6242,"date":"2024-12-26T10:09:28","date_gmt":"2024-12-26T10:09:28","guid":{"rendered":"https:\/\/bobea.net\/?p=6242"},"modified":"2024-12-26T10:09:29","modified_gmt":"2024-12-26T10:09:29","slug":"les-femmes-au-coeur-du-changement-climatique-agir-pour-un-avenir-durable","status":"publish","type":"post","link":"https:\/\/bobea.net\/index.php\/2024\/12\/26\/les-femmes-au-coeur-du-changement-climatique-agir-pour-un-avenir-durable\/","title":{"rendered":"Les femmes au c\u0153ur du changement climatique : agir pour un avenir durable"},"content":{"rendered":"\n<p>Le change\u00adment cli\u00adma\u00adtique est l\u2019un des d\u00e9fis majeurs du XXIe si\u00e8\u00adcle, et les femmes jouent un r\u00f4le cru\u00adcial dans la lutte pour un avenir durable. En tant que gar\u00addi\u00adennes de leurs foy\u00aders et ges\u00adtion\u00adnaires des ressources naturelles, elles sont sou\u00advent en pre\u00admi\u00e8re ligne face aux impacts du cli\u00admat.<\/p>\n\n\n\n<p>Une vul\u00adn\u00e9ra\u00adbil\u00adit\u00e9 accrue<\/p>\n\n\n\n<p>Les femmes sont sou\u00advent plus vul\u00adn\u00e9rables aux effets du change\u00adment cli\u00adma\u00adtique en rai\u00adson de leur d\u00e9pen\u00addance aux ressources naturelles pour leur sub\u00adsis\u00adtance. Selon l\u2019ONU, elles repr\u00e9sen\u00adtent env\u00adi\u00adron 43% de la main-d\u2019\u0153u\u00advre agri\u00adcole mon\u00addi\u00adale dans les pays en d\u00e9veloppe\u00adment.<\/p>\n\n\n\n<p>Des lead\u00aders dans l\u2019ac\u00adtion cli\u00adma\u00adtique<\/p>\n\n\n\n<p>Mal\u00adgr\u00e9 cette vul\u00adn\u00e9ra\u00adbil\u00adit\u00e9, les femmes sont \u00e9gale\u00adment des lead\u00aders dans la lutte con\u00adtre le change\u00adment cli\u00adma\u00adtique. Des ini\u00adtia\u00adtives comme \u201cWomen for Cli\u00admate\u201d encour\u00ada\u00adgent les femmes \u00e0 s\u2019im\u00adpli\u00adquer dans des pro\u00adjets \u00e9cologiques au niveau local.<\/p>\n\n\n\n<p>T\u00e9moignages inspi\u00adrants<\/p>\n\n\n\n<ul class=\"wp-block-list\">\n<li><strong>Ami\u00adna Sow<\/strong>, agricul\u00adtrice au S\u00e9n\u00e9\u00adgal : \u201cNous util\u00adisons des tech\u00adniques agri\u00adcoles durables pour pr\u00e9serv\u00ader notre terre pour les g\u00e9n\u00e9ra\u00adtions futures.\u201d<\/li>\n\n\n\n<li><strong>Ele\u00adna Gar\u00adcia<\/strong>, mil\u00adi\u00adtante envi\u00adron\u00adnemen\u00adtale en Colom\u00adbie : \u201cLes femmes doivent \u00eatre au c\u0153ur des d\u00e9ci\u00adsions cli\u00adma\u00adtiques.\u201d<\/li>\n<\/ul>\n\n\n\n<p>\u00c9du\u00adca\u00adtion et autonomi\u00adsa\u00adtion<\/p>\n\n\n\n<p>L\u2019\u00e9\u00add\u00adu\u00adca\u00adtion est essen\u00adtielle pour autonomiser les femmes dans la lutte con\u00adtre le change\u00adment cli\u00adma\u00adtique. Des pro\u00adgrammes \u00e9du\u00adcat\u00adifs ax\u00e9s sur l\u2019en\u00advi\u00adron\u00adnement per\u00adme\u00adt\u00adtent aux femmes d\u2019ac\u00adqu\u00e9rir les com\u00adp\u00e9\u00adtences n\u00e9ces\u00adsaires pour devenir des actri\u00adces du change\u00adment dans leurs com\u00admu\u00adnaut\u00e9s.<\/p>\n\n\n\n<p>Con\u00adclu\u00adsion : un appel \u00e0 l\u2019ac\u00adtion<\/p>\n\n\n\n<p>Il est imp\u00e9ratif que les gou\u00adverne\u00adments et les organ\u00adi\u00adsa\u00adtions inter\u00adna\u00adtionales recon\u00adnais\u00adsent le r\u00f4le vital des femmes dans la lutte con\u00adtre le change\u00adment cli\u00adma\u00adtique. En investis\u00adsant dans leur \u00e9du\u00adca\u00adtion et leur autonomi\u00adsa\u00adtion, nous pou\u00advons b\u00e2tir un avenir plus durable pour tous.<\/p>\n\n\n\n<p><\/p>\n","protected":false},"excerpt":{"rendered":"<p>Le change\u00adment cli\u00adma\u00adtique est l\u2019un des d\u00e9fis majeurs du XXIe si\u00e8\u00adcle, et les femmes jouent un r\u00f4le cru\u00adcial dans la lutte pour un avenir durable. En tant que gar\u00addi\u00adennes de\u2026 <\/p>\n","protected":false},"author":1,"featured_media":6243,"comment_status":"open","ping_status":"open","sticky":false,"template":"","format":"standard","meta":{"wp_typography_post_enhancements_disabled":false,"footnotes":""},"categories":[79],"tags":[8603,8601,8606,8604,8605,8602,8610,8598,8599,8607,8608,8597,8600,8609,8596],"class_list":["post-6242","post","type-post","status-publish","format-standard","has-post-thumbnail","hentry","category-a-la-une","tag-actions-locales-climat","tag-amina-sow-agriculture-durable","tag-autonomisation-femmes-climat","tag-avenir-durable-femmes","tag-education-environnement-femmes","tag-elena-garcia-militante-climat","tag-empowerment-feminin-climat","tag-femmes-et-changement-climatique","tag-femmes-leaders-environnement","tag-gouvernements-et-femmes-climat","tag-impact-changement-climatique-femmes","tag-initiatives-women-for-climate","tag-role-des-femmes-climat","tag-solutions-climatiques-locales","tag-vulnerabilite-climatique-femmes"],"yoast_head":"<!-- This site is optimized with the Yoast SEO plugin v24.7 - https:\/\/yoast.com\/wordpress\/plugins\/seo\/ -->\n<title>Les femmes au c\u0153ur du changement climatique : agir pour un avenir durable - Bobea<\/title>\n<meta name=\"description\" content=\"Le changement climatique est l&#039;un des d\u00e9fis majeurs du XXIe si\u00e8cle, et les femmes jouent un r\u00f4le crucial dans la lutte pour un avenir durable\" \/>\n<meta name=\"robots\" content=\"index, follow, max-snippet:-1, max-image-preview:large, max-video-preview:-1\" \/>\n<link rel=\"canonical\" href=\"https:\/\/bobea.net\/index.php\/2024\/12\/26\/les-femmes-au-coeur-du-changement-climatique-agir-pour-un-avenir-durable\/\" \/>\n<meta property=\"og:locale\" content=\"fr_FR\" \/>\n<meta property=\"og:type\" content=\"article\" \/>\n<meta property=\"og:title\" content=\"Les femmes au c\u0153ur du changement climatique : agir pour un avenir durable - Bobea\" \/>\n<meta property=\"og:description\" content=\"Le changement climatique est l&#039;un des d\u00e9fis majeurs du XXIe si\u00e8cle, et les femmes jouent un r\u00f4le crucial dans la lutte pour un avenir durable\" \/>\n<meta property=\"og:url\" content=\"https:\/\/bobea.net\/index.php\/2024\/12\/26\/les-femmes-au-coeur-du-changement-climatique-agir-pour-un-avenir-durable\/\" \/>\n<meta property=\"og:site_name\" content=\"Bobea\" \/>\n<meta property=\"article:publisher\" content=\"https:\/\/web.facebook.com\/profile.php?id=61559252188416\" \/>\n<meta property=\"article:published_time\" content=\"2024-12-26T10:09:28+00:00\" \/>\n<meta property=\"article:modified_time\" content=\"2024-12-26T10:09:29+00:00\" \/>\n<meta property=\"og:image\" content=\"https:\/\/bobea.net\/wp-content\/uploads\/2024\/12\/genre-climat-ecofeminisme.png\" \/>\n\t<meta property=\"og:image:width\" content=\"1200\" \/>\n\t<meta property=\"og:image:height\" content=\"630\" \/>\n\t<meta property=\"og:image:type\" content=\"image\/png\" \/>\n<meta name=\"author\" content=\"bobea.info\" \/>\n<meta name=\"twitter:card\" content=\"summary_large_image\" \/>\n<meta name=\"twitter:label1\" content=\"\u00c9crit par\" \/>\n\t<meta name=\"twitter:data1\" content=\"bobea.info\" \/>\n\t<meta name=\"twitter:label2\" content=\"Dur\u00e9e de lecture estim\u00e9e\" \/>\n\t<meta name=\"twitter:data2\" content=\"2 minutes\" \/>\n<script type=\"application\/ld+json\" class=\"yoast-schema-graph\">{\"@context\":\"https:\/\/schema.org\",\"@graph\":[{\"@type\":\"Article\",\"@id\":\"https:\/\/bobea.net\/index.php\/2024\/12\/26\/les-femmes-au-coeur-du-changement-climatique-agir-pour-un-avenir-durable\/#article\",\"isPartOf\":{\"@id\":\"https:\/\/bobea.net\/index.php\/2024\/12\/26\/les-femmes-au-coeur-du-changement-climatique-agir-pour-un-avenir-durable\/\"},\"author\":{\"name\":\"bobea.info\",\"@id\":\"https:\/\/bobea.net\/#\/schema\/person\/e7f45ef187918d7c956bf619dce90ccf\"},\"headline\":\"Les femmes au c\u0153ur du changement climatique : agir pour un avenir durable\",\"datePublished\":\"2024-12-26T10:09:28+00:00\",\"dateModified\":\"2024-12-26T10:09:29+00:00\",\"mainEntityOfPage\":{\"@id\":\"https:\/\/bobea.net\/index.php\/2024\/12\/26\/les-femmes-au-coeur-du-changement-climatique-agir-pour-un-avenir-durable\/\"},\"wordCount\":293,\"commentCount\":0,\"publisher\":{\"@id\":\"https:\/\/bobea.net\/#organization\"},\"image\":{\"@id\":\"https:\/\/bobea.net\/index.php\/2024\/12\/26\/les-femmes-au-coeur-du-changement-climatique-agir-pour-un-avenir-durable\/#primaryimage\"},\"thumbnailUrl\":\"https:\/\/bobea.net\/wp-content\/uploads\/2024\/12\/genre-climat-ecofeminisme.png\",\"keywords\":[\"actions locales climat\",\"Amina Sow agriculture durable\",\"autonomisation femmes climat\",\"avenir durable femmes\",\"\u00e9ducation environnement femmes\",\"Elena Garcia militante climat\",\"empowerment f\u00e9minin climat\",\"femmes et changement climatique\",\"femmes leaders environnement\",\"gouvernements et femmes climat\",\"impact changement climatique femmes\",\"initiatives Women for Climate\",\"r\u00f4le des femmes climat\",\"solutions climatiques locales\",\"vuln\u00e9rabilit\u00e9 climatique femmes\"],\"articleSection\":[\"A la Une\"],\"inLanguage\":\"fr-FR\",\"potentialAction\":[{\"@type\":\"CommentAction\",\"name\":\"Comment\",\"target\":[\"https:\/\/bobea.net\/index.php\/2024\/12\/26\/les-femmes-au-coeur-du-changement-climatique-agir-pour-un-avenir-durable\/#respond\"]}]},{\"@type\":\"WebPage\",\"@id\":\"https:\/\/bobea.net\/index.php\/2024\/12\/26\/les-femmes-au-coeur-du-changement-climatique-agir-pour-un-avenir-durable\/\",\"url\":\"https:\/\/bobea.net\/index.php\/2024\/12\/26\/les-femmes-au-coeur-du-changement-climatique-agir-pour-un-avenir-durable\/\",\"name\":\"Les femmes au c\u0153ur du changement climatique : agir pour un avenir durable - Bobea\",\"isPartOf\":{\"@id\":\"https:\/\/bobea.net\/#website\"},\"primaryImageOfPage\":{\"@id\":\"https:\/\/bobea.net\/index.php\/2024\/12\/26\/les-femmes-au-coeur-du-changement-climatique-agir-pour-un-avenir-durable\/#primaryimage\"},\"image\":{\"@id\":\"https:\/\/bobea.net\/index.php\/2024\/12\/26\/les-femmes-au-coeur-du-changement-climatique-agir-pour-un-avenir-durable\/#primaryimage\"},\"thumbnailUrl\":\"https:\/\/bobea.net\/wp-content\/uploads\/2024\/12\/genre-climat-ecofeminisme.png\",\"datePublished\":\"2024-12-26T10:09:28+00:00\",\"dateModified\":\"2024-12-26T10:09:29+00:00\",\"description\":\"Le changement climatique est l'un des d\u00e9fis majeurs du XXIe si\u00e8cle, et les femmes jouent un r\u00f4le crucial dans la lutte pour un avenir durable\",\"breadcrumb\":{\"@id\":\"https:\/\/bobea.net\/index.php\/2024\/12\/26\/les-femmes-au-coeur-du-changement-climatique-agir-pour-un-avenir-durable\/#breadcrumb\"},\"inLanguage\":\"fr-FR\",\"potentialAction\":[{\"@type\":\"ReadAction\",\"target\":[\"https:\/\/bobea.net\/index.php\/2024\/12\/26\/les-femmes-au-coeur-du-changement-climatique-agir-pour-un-avenir-durable\/\"]}]},{\"@type\":\"ImageObject\",\"inLanguage\":\"fr-FR\",\"@id\":\"https:\/\/bobea.net\/index.php\/2024\/12\/26\/les-femmes-au-coeur-du-changement-climatique-agir-pour-un-avenir-durable\/#primaryimage\",\"url\":\"https:\/\/bobea.net\/wp-content\/uploads\/2024\/12\/genre-climat-ecofeminisme.png\",\"contentUrl\":\"https:\/\/bobea.net\/wp-content\/uploads\/2024\/12\/genre-climat-ecofeminisme.png\",\"width\":1200,\"height\":630,\"caption\":\"Les femmes au c\u0153ur du changement climatique : agir pour un avenir durable\"},{\"@type\":\"BreadcrumbList\",\"@id\":\"https:\/\/bobea.net\/index.php\/2024\/12\/26\/les-femmes-au-coeur-du-changement-climatique-agir-pour-un-avenir-durable\/#breadcrumb\",\"itemListElement\":[{\"@type\":\"ListItem\",\"position\":1,\"name\":\"Accueil\",\"item\":\"https:\/\/bobea.net\/\"},{\"@type\":\"ListItem\",\"position\":2,\"name\":\"Les femmes au c\u0153ur du changement climatique : agir pour un avenir durable\"}]},{\"@type\":\"WebSite\",\"@id\":\"https:\/\/bobea.net\/#website\",\"url\":\"https:\/\/bobea.net\/\",\"name\":\"Bobea\",\"description\":\"Le magazine de la nouvelle \u00c8ve\",\"publisher\":{\"@id\":\"https:\/\/bobea.net\/#organization\"},\"potentialAction\":[{\"@type\":\"SearchAction\",\"target\":{\"@type\":\"EntryPoint\",\"urlTemplate\":\"https:\/\/bobea.net\/?s={search_term_string}\"},\"query-input\":{\"@type\":\"PropertyValueSpecification\",\"valueRequired\":true,\"valueName\":\"search_term_string\"}}],\"inLanguage\":\"fr-FR\"},{\"@type\":\"Organization\",\"@id\":\"https:\/\/bobea.net\/#organization\",\"name\":\"Bobea\",\"url\":\"https:\/\/bobea.net\/\",\"logo\":{\"@type\":\"ImageObject\",\"inLanguage\":\"fr-FR\",\"@id\":\"https:\/\/bobea.net\/#\/schema\/logo\/image\/\",\"url\":\"https:\/\/bobea.net\/wp-content\/uploads\/2024\/06\/bobea.jpg\",\"contentUrl\":\"https:\/\/bobea.net\/wp-content\/uploads\/2024\/06\/bobea.jpg\",\"width\":1080,\"height\":1080,\"caption\":\"Bobea\"},\"image\":{\"@id\":\"https:\/\/bobea.net\/#\/schema\/logo\/image\/\"},\"sameAs\":[\"https:\/\/web.facebook.com\/profile.php?id=61559252188416\"]},{\"@type\":\"Person\",\"@id\":\"https:\/\/bobea.net\/#\/schema\/person\/e7f45ef187918d7c956bf619dce90ccf\",\"name\":\"bobea.info\",\"image\":{\"@type\":\"ImageObject\",\"inLanguage\":\"fr-FR\",\"@id\":\"https:\/\/bobea.net\/#\/schema\/person\/image\/\",\"url\":\"https:\/\/secure.gravatar.com\/avatar\/36147980349df887ae30808df3e29474?s=96&d=mm&r=g\",\"contentUrl\":\"https:\/\/secure.gravatar.com\/avatar\/36147980349df887ae30808df3e29474?s=96&d=mm&r=g\",\"caption\":\"bobea.info\"},\"sameAs\":[\"https:\/\/bobea.net\"],\"url\":\"https:\/\/bobea.net\/index.php\/author\/bobea-info\/\"}]}<\/script>\n<!-- \/ Yoast SEO plugin. -->","yoast_head_json":{"title":"Les femmes au c\u0153ur du changement climatique : agir pour un avenir durable - Bobea","description":"Le changement climatique est l'un des d\u00e9fis majeurs du XXIe si\u00e8cle, et les femmes jouent un r\u00f4le crucial dans la lutte pour un avenir durable","robots":{"index":"index","follow":"follow","max-snippet":"max-snippet:-1","max-image-preview":"max-image-preview:large","max-video-preview":"max-video-preview:-1"},"canonical":"https:\/\/bobea.net\/index.php\/2024\/12\/26\/les-femmes-au-coeur-du-changement-climatique-agir-pour-un-avenir-durable\/","og_locale":"fr_FR","og_type":"article","og_title":"Les femmes au c\u0153ur du changement climatique : agir pour un avenir durable - Bobea","og_description":"Le changement climatique est l'un des d\u00e9fis majeurs du XXIe si\u00e8cle, et les femmes jouent un r\u00f4le crucial dans la lutte pour un avenir durable","og_url":"https:\/\/bobea.net\/index.php\/2024\/12\/26\/les-femmes-au-coeur-du-changement-climatique-agir-pour-un-avenir-durable\/","og_site_name":"Bobea","article_publisher":"https:\/\/web.facebook.com\/profile.php?id=61559252188416","article_published_time":"2024-12-26T10:09:28+00:00","article_modified_time":"2024-12-26T10:09:29+00:00","og_image":[{"width":1200,"height":630,"url":"https:\/\/bobea.net\/wp-content\/uploads\/2024\/12\/genre-climat-ecofeminisme.png","type":"image\/png"}],"author":"bobea.info","twitter_card":"summary_large_image","twitter_misc":{"\u00c9crit par":"bobea.info","Dur\u00e9e de lecture estim\u00e9e":"2 minutes"},"schema":{"@context":"https:\/\/schema.org","@graph":[{"@type":"Article","@id":"https:\/\/bobea.net\/index.php\/2024\/12\/26\/les-femmes-au-coeur-du-changement-climatique-agir-pour-un-avenir-durable\/#article","isPartOf":{"@id":"https:\/\/bobea.net\/index.php\/2024\/12\/26\/les-femmes-au-coeur-du-changement-climatique-agir-pour-un-avenir-durable\/"},"author":{"name":"bobea.info","@id":"https:\/\/bobea.net\/#\/schema\/person\/e7f45ef187918d7c956bf619dce90ccf"},"headline":"Les femmes au c\u0153ur du changement climatique : agir pour un avenir durable","datePublished":"2024-12-26T10:09:28+00:00","dateModified":"2024-12-26T10:09:29+00:00","mainEntityOfPage":{"@id":"https:\/\/bobea.net\/index.php\/2024\/12\/26\/les-femmes-au-coeur-du-changement-climatique-agir-pour-un-avenir-durable\/"},"wordCount":293,"commentCount":0,"publisher":{"@id":"https:\/\/bobea.net\/#organization"},"image":{"@id":"https:\/\/bobea.net\/index.php\/2024\/12\/26\/les-femmes-au-coeur-du-changement-climatique-agir-pour-un-avenir-durable\/#primaryimage"},"thumbnailUrl":"https:\/\/bobea.net\/wp-content\/uploads\/2024\/12\/genre-climat-ecofeminisme.png","keywords":["actions locales climat","Amina Sow agriculture durable","autonomisation femmes climat","avenir durable femmes","\u00e9ducation environnement femmes","Elena Garcia militante climat","empowerment f\u00e9minin climat","femmes et changement climatique","femmes leaders environnement","gouvernements et femmes climat","impact changement climatique femmes","initiatives Women for Climate","r\u00f4le des femmes climat","solutions climatiques locales","vuln\u00e9rabilit\u00e9 climatique femmes"],"articleSection":["A la Une"],"inLanguage":"fr-FR","potentialAction":[{"@type":"CommentAction","name":"Comment","target":["https:\/\/bobea.net\/index.php\/2024\/12\/26\/les-femmes-au-coeur-du-changement-climatique-agir-pour-un-avenir-durable\/#respond"]}]},{"@type":"WebPage","@id":"https:\/\/bobea.net\/index.php\/2024\/12\/26\/les-femmes-au-coeur-du-changement-climatique-agir-pour-un-avenir-durable\/","url":"https:\/\/bobea.net\/index.php\/2024\/12\/26\/les-femmes-au-coeur-du-changement-climatique-agir-pour-un-avenir-durable\/","name":"Les femmes au c\u0153ur du changement climatique : agir pour un avenir durable - Bobea","isPartOf":{"@id":"https:\/\/bobea.net\/#website"},"primaryImageOfPage":{"@id":"https:\/\/bobea.net\/index.php\/2024\/12\/26\/les-femmes-au-coeur-du-changement-climatique-agir-pour-un-avenir-durable\/#primaryimage"},"image":{"@id":"https:\/\/bobea.net\/index.php\/2024\/12\/26\/les-femmes-au-coeur-du-changement-climatique-agir-pour-un-avenir-durable\/#primaryimage"},"thumbnailUrl":"https:\/\/bobea.net\/wp-content\/uploads\/2024\/12\/genre-climat-ecofeminisme.png","datePublished":"2024-12-26T10:09:28+00:00","dateModified":"2024-12-26T10:09:29+00:00","description":"Le changement climatique est l'un des d\u00e9fis majeurs du XXIe si\u00e8cle, et les femmes jouent un r\u00f4le crucial dans la lutte pour un avenir durable","breadcrumb":{"@id":"https:\/\/bobea.net\/index.php\/2024\/12\/26\/les-femmes-au-coeur-du-changement-climatique-agir-pour-un-avenir-durable\/#breadcrumb"},"inLanguage":"fr-FR","potentialAction":[{"@type":"ReadAction","target":["https:\/\/bobea.net\/index.php\/2024\/12\/26\/les-femmes-au-coeur-du-changement-climatique-agir-pour-un-avenir-durable\/"]}]},{"@type":"ImageObject","inLanguage":"fr-FR","@id":"https:\/\/bobea.net\/index.php\/2024\/12\/26\/les-femmes-au-coeur-du-changement-climatique-agir-pour-un-avenir-durable\/#primaryimage","url":"https:\/\/bobea.net\/wp-content\/uploads\/2024\/12\/genre-climat-ecofeminisme.png","contentUrl":"https:\/\/bobea.net\/wp-content\/uploads\/2024\/12\/genre-climat-ecofeminisme.png","width":1200,"height":630,"caption":"Les femmes au c\u0153ur du changement climatique : agir pour un avenir durable"},{"@type":"BreadcrumbList","@id":"https:\/\/bobea.net\/index.php\/2024\/12\/26\/les-femmes-au-coeur-du-changement-climatique-agir-pour-un-avenir-durable\/#breadcrumb","itemListElement":[{"@type":"ListItem","position":1,"name":"Accueil","item":"https:\/\/bobea.net\/"},{"@type":"ListItem","position":2,"name":"Les femmes au c\u0153ur du changement climatique : agir pour un avenir durable"}]},{"@type":"WebSite","@id":"https:\/\/bobea.net\/#website","url":"https:\/\/bobea.net\/","name":"Bobea","description":"Le magazine de la nouvelle \u00c8ve","publisher":{"@id":"https:\/\/bobea.net\/#organization"},"potentialAction":[{"@type":"SearchAction","target":{"@type":"EntryPoint","urlTemplate":"https:\/\/bobea.net\/?s={search_term_string}"},"query-input":{"@type":"PropertyValueSpecification","valueRequired":true,"valueName":"search_term_string"}}],"inLanguage":"fr-FR"},{"@type":"Organization","@id":"https:\/\/bobea.net\/#organization","name":"Bobea","url":"https:\/\/bobea.net\/","logo":{"@type":"ImageObject","inLanguage":"fr-FR","@id":"https:\/\/bobea.net\/#\/schema\/logo\/image\/","url":"https:\/\/bobea.net\/wp-content\/uploads\/2024\/06\/bobea.jpg","contentUrl":"https:\/\/bobea.net\/wp-content\/uploads\/2024\/06\/bobea.jpg","width":1080,"height":1080,"caption":"Bobea"},"image":{"@id":"https:\/\/bobea.net\/#\/schema\/logo\/image\/"},"sameAs":["https:\/\/web.facebook.com\/profile.php?id=61559252188416"]},{"@type":"Person","@id":"https:\/\/bobea.net\/#\/schema\/person\/e7f45ef187918d7c956bf619dce90ccf","name":"bobea.info","image":{"@type":"ImageObject","inLanguage":"fr-FR","@id":"https:\/\/bobea.net\/#\/schema\/person\/image\/","url":"https:\/\/secure.gravatar.com\/avatar\/36147980349df887ae30808df3e29474?s=96&d=mm&r=g","contentUrl":"https:\/\/secure.gravatar.com\/avatar\/36147980349df887ae30808df3e29474?s=96&d=mm&r=g","caption":"bobea.info"},"sameAs":["https:\/\/bobea.net"],"url":"https:\/\/bobea.net\/index.php\/author\/bobea-info\/"}]}},"_links":{"self":[{"href":"https:\/\/bobea.net\/index.php\/wp-json\/wp\/v2\/posts\/6242"}],"collection":[{"href":"https:\/\/bobea.net\/index.php\/wp-json\/wp\/v2\/posts"}],"about":[{"href":"https:\/\/bobea.net\/index.php\/wp-json\/wp\/v2\/types\/post"}],"author":[{"embeddable":true,"href":"https:\/\/bobea.net\/index.php\/wp-json\/wp\/v2\/users\/1"}],"replies":[{"embeddable":true,"href":"https:\/\/bobea.net\/index.php\/wp-json\/wp\/v2\/comments?post=6242"}],"version-history":[{"count":0,"href":"https:\/\/bobea.net\/index.php\/wp-json\/wp\/v2\/posts\/6242\/revisions"}],"wp:featuredmedia":[{"embeddable":true,"href":"https:\/\/bobea.net\/index.php\/wp-json\/wp\/v2\/media\/6243"}],"wp:attachment":[{"href":"https:\/\/bobea.net\/index.php\/wp-json\/wp\/v2\/media?parent=6242"}],"wp:term":[{"taxonomy":"category","embeddable":true,"href":"https:\/\/bobea.net\/index.php\/wp-json\/wp\/v2\/categories?post=6242"},{"taxonomy":"post_tag","embeddable":true,"href":"https:\/\/bobea.net\/index.php\/wp-json\/wp\/v2\/tags?post=6242"}],"curies":[{"name":"wp","href":"https:\/\/api.w.org\/{rel}","templated":true}]}}