{"id":6196,"date":"2024-12-25T10:06:29","date_gmt":"2024-12-25T10:06:29","guid":{"rendered":"https:\/\/bobea.net\/?p=6196"},"modified":"2024-12-25T10:06:30","modified_gmt":"2024-12-25T10:06:30","slug":"lannee-2025-marque-le-30e-anniversaire-de-la-quatrieme-conference-mondiale-sur-les-femmes","status":"publish","type":"post","link":"https:\/\/bobea.net\/index.php\/2024\/12\/25\/lannee-2025-marque-le-30e-anniversaire-de-la-quatrieme-conference-mondiale-sur-les-femmes\/","title":{"rendered":"L\u2019ann\u00e9e 2025 marque le 30e anniversaire de la Quatri\u00e8me conf\u00e9rence mondiale sur les femmes"},"content":{"rendered":"\n<p>C\u00e9l\u00e9bra\u00adtion et R\u00e9flex\u00adion : 30 Ans de Pro\u00adgr\u00e8s pour les Femmes<\/p>\n\n\n\n<p>En 2025, nous c\u00e9l\u00e9brons le 30e anniver\u00adsaire de la Qua\u00adtri\u00e8me con\u00adf\u00e9rence mon\u00addi\u00adale sur les femmes qui s\u2019est tenue \u00e0 P\u00e9kin en 1995. Cet \u00e9v\u00e9ne\u00adment his\u00adtorique a \u00e9t\u00e9 un tour\u00adnant dans la lutte pour l\u2019\u00e9\u00adgal\u00adit\u00e9 des sex\u00ades et a jet\u00e9 les bases d\u2019une mobil\u00adi\u00adsa\u00adtion mon\u00addi\u00adale en faveur des droits des femmes.<\/p>\n\n\n\n<p>Les r\u00e9al\u00adi\u00adsa\u00adtions depuis P\u00e9kin<\/p>\n\n\n\n<p>Pro\u00adgr\u00e8s sig\u00adni\u00adfi\u00adcat\u00adifs<\/p>\n\n\n\n<p>Depuis cette con\u00adf\u00e9rence embl\u00e9\u00adma\u00adtique, plusieurs avanc\u00e9es nota\u00adbles ont eu lieu :<\/p>\n\n\n\n<ul class=\"wp-block-list\">\n<li><strong>L\u00e9g\u00adis\u00adla\u00adtion am\u00e9lior\u00e9e<\/strong>&nbsp;: De nom\u00adbreux pays ont adop\u00adt\u00e9 des lois visant \u00e0 pro\u00adt\u00e9ger les droits des femmes.<\/li>\n\n\n\n<li><strong>Acc\u00e8s accru \u00e0 l\u2019\u00e9\u00add\u00adu\u00adca\u00adtion<\/strong>&nbsp;: Le taux d\u2019in\u00adscrip\u00adtion sco\u00adlaire des filles a con\u00adsid\u00ad\u00e9rable\u00adment aug\u00admen\u00adt\u00e9 dans plusieurs r\u00e9gions du monde.<\/li>\n<\/ul>\n\n\n\n<p>T\u00e9moignages inspi\u00adrants<\/p>\n\n\n\n<p>Des lead\u00aders f\u00e9minins parta\u00adgent leurs r\u00e9flex\u00adions :<\/p>\n\n\n\n<ul class=\"wp-block-list\">\n<li><strong>Michelle Bachelet<\/strong>, anci\u00adenne pr\u00e9si\u00addente du Chili : \u201cLa D\u00e9c\u00adla\u00adra\u00adtion et Plate\u00adforme d\u2019ac\u00adtion de P\u00e9kin a ouvert la voie \u00e0 une nou\u00advelle g\u00e9n\u00e9ra\u00adtion de lead\u00aders f\u00e9minins.\u201d<\/li>\n\n\n\n<li><strong>Malala Yousafzai<\/strong>, mil\u00adi\u00adtante pour l\u2019\u00e9\u00add\u00adu\u00adca\u00adtion : \u201cNous devons nous rap\u00adpel\u00ader que chaque fille m\u00e9rite une chance d\u2019ap\u00adpren\u00addre.\u201d<\/li>\n<\/ul>\n\n\n\n<p>Les d\u00e9fis per\u00adsis\u00adtants<\/p>\n\n\n\n<p>Mal\u00adgr\u00e9 ces avanc\u00e9es, plusieurs d\u00e9fis demeurent :<\/p>\n\n\n\n<ul class=\"wp-block-list\">\n<li><strong>In\u00e9\u00adgal\u00adit\u00e9s salar\u00adi\u00adales<\/strong>&nbsp;: Les femmes con\u00adtin\u00adu\u00adent de gag\u00adn\u00ader moins que leurs homo\u00adlogues mas\u00adculins dans presque tous les secteurs.<\/li>\n\n\n\n<li><strong>Vio\u00adlences bas\u00e9es sur le genre<\/strong>&nbsp;: Les chiffres restent alar\u00admants, avec un besoin urgent d\u2019in\u00adter\u00adven\u00adtions effi\u00adcaces.<\/li>\n<\/ul>\n\n\n\n<p>L\u2019avenir du mou\u00adve\u00adment f\u00e9min\u00adiste<\/p>\n\n\n\n<p>Alors que nous c\u00e9l\u00e9brons ces r\u00e9al\u00adi\u00adsa\u00adtions, il est cru\u00adcial d\u2019en\u00advis\u00adager l\u2019avenir :<\/p>\n\n\n\n<ul class=\"wp-block-list\">\n<li><strong>Ren\u00adforcer la sol\u00adi\u00addar\u00adit\u00e9 inter\u00adna\u00adtionale<\/strong>&nbsp;entre mou\u00adve\u00adments f\u00e9min\u00adistes.<\/li>\n\n\n\n<li><strong>Encour\u00adager l\u2019en\u00adgage\u00adment poli\u00adtique<\/strong>&nbsp;aupr\u00e8s des jeunes g\u00e9n\u00e9ra\u00adtions.<\/li>\n<\/ul>\n\n\n\n<p>Con\u00adclu\u00adsion : Vers un Futur \u00c9gal\u00adi\u00adtaire<\/p>\n\n\n\n<p>Le 30e anniver\u00adsaire de la Qua\u00adtri\u00e8me con\u00adf\u00e9rence mon\u00addi\u00adale sur les femmes est une occa\u00adsion non seule\u00adment de c\u00e9l\u00e9br\u00ader nos suc\u00adc\u00e8s mais aus\u00adsi d\u2019in\u00adten\u00adsi\u00adfi\u00ader nos efforts. Ensem\u00adble, nous pou\u00advons b\u00e2tir un avenir o\u00f9 chaque femme est libre d\u2019aspir\u00ader \u00e0 ses r\u00eaves sans entrave ni dis\u00adcrim\u00adi\u00adna\u00adtion.&nbsp;<\/p>\n","protected":false},"excerpt":{"rendered":"<p>C\u00e9l\u00e9bra\u00adtion et R\u00e9flex\u00adion : 30 Ans de Pro\u00adgr\u00e8s pour les Femmes En 2025, nous c\u00e9l\u00e9brons le 30e anniver\u00adsaire de la Qua\u00adtri\u00e8me con\u00adf\u00e9rence mon\u00addi\u00adale sur les femmes qui s\u2019est tenue \u00e0\u2026 <\/p>\n","protected":false},"author":1,"featured_media":6197,"comment_status":"open","ping_status":"open","sticky":false,"template":"","format":"standard","meta":{"wp_typography_post_enhancements_disabled":false,"footnotes":""},"categories":[73],"tags":[8409,8408],"class_list":["post-6196","post","type-post","status-publish","format-standard","has-post-thumbnail","hentry","category-on-en-parle","tag-chili","tag-quatrieme-conference-mondiale"],"yoast_head":"<!-- This site is optimized with the Yoast SEO plugin v24.7 - https:\/\/yoast.com\/wordpress\/plugins\/seo\/ -->\n<title>L&#039;ann\u00e9e 2025 marque le 30e anniversaire de la Quatri\u00e8me conf\u00e9rence mondiale sur les femmes - Bobea<\/title>\n<meta name=\"description\" content=\"En 2025, nous c\u00e9l\u00e9brons le 30e anniversaire de la Quatri\u00e8me conf\u00e9rence mondiale sur les femmes qui s&#039;est tenue \u00e0 P\u00e9kin en 1995.\" \/>\n<meta name=\"robots\" content=\"index, follow, max-snippet:-1, max-image-preview:large, max-video-preview:-1\" \/>\n<link rel=\"canonical\" href=\"https:\/\/bobea.net\/index.php\/2024\/12\/25\/lannee-2025-marque-le-30e-anniversaire-de-la-quatrieme-conference-mondiale-sur-les-femmes\/\" \/>\n<meta property=\"og:locale\" content=\"fr_FR\" \/>\n<meta property=\"og:type\" content=\"article\" \/>\n<meta property=\"og:title\" content=\"L&#039;ann\u00e9e 2025 marque le 30e anniversaire de la Quatri\u00e8me conf\u00e9rence mondiale sur les femmes - Bobea\" \/>\n<meta property=\"og:description\" content=\"En 2025, nous c\u00e9l\u00e9brons le 30e anniversaire de la Quatri\u00e8me conf\u00e9rence mondiale sur les femmes qui s&#039;est tenue \u00e0 P\u00e9kin en 1995.\" \/>\n<meta property=\"og:url\" content=\"https:\/\/bobea.net\/index.php\/2024\/12\/25\/lannee-2025-marque-le-30e-anniversaire-de-la-quatrieme-conference-mondiale-sur-les-femmes\/\" \/>\n<meta property=\"og:site_name\" content=\"Bobea\" \/>\n<meta property=\"article:publisher\" content=\"https:\/\/web.facebook.com\/profile.php?id=61559252188416\" \/>\n<meta property=\"article:published_time\" content=\"2024-12-25T10:06:29+00:00\" \/>\n<meta property=\"article:modified_time\" content=\"2024-12-25T10:06:30+00:00\" \/>\n<meta property=\"og:image\" content=\"https:\/\/bobea.net\/wp-content\/uploads\/2024\/12\/image1170x530cropped.jpg\" \/>\n\t<meta property=\"og:image:width\" content=\"1170\" \/>\n\t<meta property=\"og:image:height\" content=\"530\" \/>\n\t<meta property=\"og:image:type\" content=\"image\/jpeg\" \/>\n<meta name=\"author\" content=\"bobea.info\" \/>\n<meta name=\"twitter:card\" content=\"summary_large_image\" \/>\n<meta name=\"twitter:label1\" content=\"\u00c9crit par\" \/>\n\t<meta name=\"twitter:data1\" content=\"bobea.info\" \/>\n\t<meta name=\"twitter:label2\" content=\"Dur\u00e9e de lecture estim\u00e9e\" \/>\n\t<meta name=\"twitter:data2\" content=\"2 minutes\" \/>\n<script type=\"application\/ld+json\" class=\"yoast-schema-graph\">{\"@context\":\"https:\/\/schema.org\",\"@graph\":[{\"@type\":\"Article\",\"@id\":\"https:\/\/bobea.net\/index.php\/2024\/12\/25\/lannee-2025-marque-le-30e-anniversaire-de-la-quatrieme-conference-mondiale-sur-les-femmes\/#article\",\"isPartOf\":{\"@id\":\"https:\/\/bobea.net\/index.php\/2024\/12\/25\/lannee-2025-marque-le-30e-anniversaire-de-la-quatrieme-conference-mondiale-sur-les-femmes\/\"},\"author\":{\"name\":\"bobea.info\",\"@id\":\"https:\/\/bobea.net\/#\/schema\/person\/e7f45ef187918d7c956bf619dce90ccf\"},\"headline\":\"L\u2019ann\u00e9e 2025 marque le 30e anniversaire de la Quatri\u00e8me conf\u00e9rence mondiale sur les femmes\",\"datePublished\":\"2024-12-25T10:06:29+00:00\",\"dateModified\":\"2024-12-25T10:06:30+00:00\",\"mainEntityOfPage\":{\"@id\":\"https:\/\/bobea.net\/index.php\/2024\/12\/25\/lannee-2025-marque-le-30e-anniversaire-de-la-quatrieme-conference-mondiale-sur-les-femmes\/\"},\"wordCount\":356,\"commentCount\":0,\"publisher\":{\"@id\":\"https:\/\/bobea.net\/#organization\"},\"image\":{\"@id\":\"https:\/\/bobea.net\/index.php\/2024\/12\/25\/lannee-2025-marque-le-30e-anniversaire-de-la-quatrieme-conference-mondiale-sur-les-femmes\/#primaryimage\"},\"thumbnailUrl\":\"https:\/\/bobea.net\/wp-content\/uploads\/2024\/12\/image1170x530cropped.jpg\",\"keywords\":[\"Chili\",\"Quatri\u00e8me conf\u00e9rence mondiale\"],\"articleSection\":[\"On en Parle\"],\"inLanguage\":\"fr-FR\",\"potentialAction\":[{\"@type\":\"CommentAction\",\"name\":\"Comment\",\"target\":[\"https:\/\/bobea.net\/index.php\/2024\/12\/25\/lannee-2025-marque-le-30e-anniversaire-de-la-quatrieme-conference-mondiale-sur-les-femmes\/#respond\"]}]},{\"@type\":\"WebPage\",\"@id\":\"https:\/\/bobea.net\/index.php\/2024\/12\/25\/lannee-2025-marque-le-30e-anniversaire-de-la-quatrieme-conference-mondiale-sur-les-femmes\/\",\"url\":\"https:\/\/bobea.net\/index.php\/2024\/12\/25\/lannee-2025-marque-le-30e-anniversaire-de-la-quatrieme-conference-mondiale-sur-les-femmes\/\",\"name\":\"L'ann\u00e9e 2025 marque le 30e anniversaire de la Quatri\u00e8me conf\u00e9rence mondiale sur les femmes - Bobea\",\"isPartOf\":{\"@id\":\"https:\/\/bobea.net\/#website\"},\"primaryImageOfPage\":{\"@id\":\"https:\/\/bobea.net\/index.php\/2024\/12\/25\/lannee-2025-marque-le-30e-anniversaire-de-la-quatrieme-conference-mondiale-sur-les-femmes\/#primaryimage\"},\"image\":{\"@id\":\"https:\/\/bobea.net\/index.php\/2024\/12\/25\/lannee-2025-marque-le-30e-anniversaire-de-la-quatrieme-conference-mondiale-sur-les-femmes\/#primaryimage\"},\"thumbnailUrl\":\"https:\/\/bobea.net\/wp-content\/uploads\/2024\/12\/image1170x530cropped.jpg\",\"datePublished\":\"2024-12-25T10:06:29+00:00\",\"dateModified\":\"2024-12-25T10:06:30+00:00\",\"description\":\"En 2025, nous c\u00e9l\u00e9brons le 30e anniversaire de la Quatri\u00e8me conf\u00e9rence mondiale sur les femmes qui s'est tenue \u00e0 P\u00e9kin en 1995.\",\"breadcrumb\":{\"@id\":\"https:\/\/bobea.net\/index.php\/2024\/12\/25\/lannee-2025-marque-le-30e-anniversaire-de-la-quatrieme-conference-mondiale-sur-les-femmes\/#breadcrumb\"},\"inLanguage\":\"fr-FR\",\"potentialAction\":[{\"@type\":\"ReadAction\",\"target\":[\"https:\/\/bobea.net\/index.php\/2024\/12\/25\/lannee-2025-marque-le-30e-anniversaire-de-la-quatrieme-conference-mondiale-sur-les-femmes\/\"]}]},{\"@type\":\"ImageObject\",\"inLanguage\":\"fr-FR\",\"@id\":\"https:\/\/bobea.net\/index.php\/2024\/12\/25\/lannee-2025-marque-le-30e-anniversaire-de-la-quatrieme-conference-mondiale-sur-les-femmes\/#primaryimage\",\"url\":\"https:\/\/bobea.net\/wp-content\/uploads\/2024\/12\/image1170x530cropped.jpg\",\"contentUrl\":\"https:\/\/bobea.net\/wp-content\/uploads\/2024\/12\/image1170x530cropped.jpg\",\"width\":1170,\"height\":530,\"caption\":\"L'ann\u00e9e 2025 marque le 30e anniversaire de la Quatri\u00e8me conf\u00e9rence mondiale sur les femmes\"},{\"@type\":\"BreadcrumbList\",\"@id\":\"https:\/\/bobea.net\/index.php\/2024\/12\/25\/lannee-2025-marque-le-30e-anniversaire-de-la-quatrieme-conference-mondiale-sur-les-femmes\/#breadcrumb\",\"itemListElement\":[{\"@type\":\"ListItem\",\"position\":1,\"name\":\"Accueil\",\"item\":\"https:\/\/bobea.net\/\"},{\"@type\":\"ListItem\",\"position\":2,\"name\":\"L&rsquo;ann\u00e9e 2025 marque le 30e anniversaire de la Quatri\u00e8me conf\u00e9rence mondiale sur les femmes\"}]},{\"@type\":\"WebSite\",\"@id\":\"https:\/\/bobea.net\/#website\",\"url\":\"https:\/\/bobea.net\/\",\"name\":\"Bobea\",\"description\":\"Le magazine de la nouvelle \u00c8ve\",\"publisher\":{\"@id\":\"https:\/\/bobea.net\/#organization\"},\"potentialAction\":[{\"@type\":\"SearchAction\",\"target\":{\"@type\":\"EntryPoint\",\"urlTemplate\":\"https:\/\/bobea.net\/?s={search_term_string}\"},\"query-input\":{\"@type\":\"PropertyValueSpecification\",\"valueRequired\":true,\"valueName\":\"search_term_string\"}}],\"inLanguage\":\"fr-FR\"},{\"@type\":\"Organization\",\"@id\":\"https:\/\/bobea.net\/#organization\",\"name\":\"Bobea\",\"url\":\"https:\/\/bobea.net\/\",\"logo\":{\"@type\":\"ImageObject\",\"inLanguage\":\"fr-FR\",\"@id\":\"https:\/\/bobea.net\/#\/schema\/logo\/image\/\",\"url\":\"https:\/\/bobea.net\/wp-content\/uploads\/2024\/06\/bobea.jpg\",\"contentUrl\":\"https:\/\/bobea.net\/wp-content\/uploads\/2024\/06\/bobea.jpg\",\"width\":1080,\"height\":1080,\"caption\":\"Bobea\"},\"image\":{\"@id\":\"https:\/\/bobea.net\/#\/schema\/logo\/image\/\"},\"sameAs\":[\"https:\/\/web.facebook.com\/profile.php?id=61559252188416\"]},{\"@type\":\"Person\",\"@id\":\"https:\/\/bobea.net\/#\/schema\/person\/e7f45ef187918d7c956bf619dce90ccf\",\"name\":\"bobea.info\",\"image\":{\"@type\":\"ImageObject\",\"inLanguage\":\"fr-FR\",\"@id\":\"https:\/\/bobea.net\/#\/schema\/person\/image\/\",\"url\":\"https:\/\/secure.gravatar.com\/avatar\/36147980349df887ae30808df3e29474?s=96&d=mm&r=g\",\"contentUrl\":\"https:\/\/secure.gravatar.com\/avatar\/36147980349df887ae30808df3e29474?s=96&d=mm&r=g\",\"caption\":\"bobea.info\"},\"sameAs\":[\"https:\/\/bobea.net\"],\"url\":\"https:\/\/bobea.net\/index.php\/author\/bobea-info\/\"}]}<\/script>\n<!-- \/ Yoast SEO plugin. -->","yoast_head_json":{"title":"L'ann\u00e9e 2025 marque le 30e anniversaire de la Quatri\u00e8me conf\u00e9rence mondiale sur les femmes - Bobea","description":"En 2025, nous c\u00e9l\u00e9brons le 30e anniversaire de la Quatri\u00e8me conf\u00e9rence mondiale sur les femmes qui s'est tenue \u00e0 P\u00e9kin en 1995.","robots":{"index":"index","follow":"follow","max-snippet":"max-snippet:-1","max-image-preview":"max-image-preview:large","max-video-preview":"max-video-preview:-1"},"canonical":"https:\/\/bobea.net\/index.php\/2024\/12\/25\/lannee-2025-marque-le-30e-anniversaire-de-la-quatrieme-conference-mondiale-sur-les-femmes\/","og_locale":"fr_FR","og_type":"article","og_title":"L'ann\u00e9e 2025 marque le 30e anniversaire de la Quatri\u00e8me conf\u00e9rence mondiale sur les femmes - Bobea","og_description":"En 2025, nous c\u00e9l\u00e9brons le 30e anniversaire de la Quatri\u00e8me conf\u00e9rence mondiale sur les femmes qui s'est tenue \u00e0 P\u00e9kin en 1995.","og_url":"https:\/\/bobea.net\/index.php\/2024\/12\/25\/lannee-2025-marque-le-30e-anniversaire-de-la-quatrieme-conference-mondiale-sur-les-femmes\/","og_site_name":"Bobea","article_publisher":"https:\/\/web.facebook.com\/profile.php?id=61559252188416","article_published_time":"2024-12-25T10:06:29+00:00","article_modified_time":"2024-12-25T10:06:30+00:00","og_image":[{"width":1170,"height":530,"url":"https:\/\/bobea.net\/wp-content\/uploads\/2024\/12\/image1170x530cropped.jpg","type":"image\/jpeg"}],"author":"bobea.info","twitter_card":"summary_large_image","twitter_misc":{"\u00c9crit par":"bobea.info","Dur\u00e9e de lecture estim\u00e9e":"2 minutes"},"schema":{"@context":"https:\/\/schema.org","@graph":[{"@type":"Article","@id":"https:\/\/bobea.net\/index.php\/2024\/12\/25\/lannee-2025-marque-le-30e-anniversaire-de-la-quatrieme-conference-mondiale-sur-les-femmes\/#article","isPartOf":{"@id":"https:\/\/bobea.net\/index.php\/2024\/12\/25\/lannee-2025-marque-le-30e-anniversaire-de-la-quatrieme-conference-mondiale-sur-les-femmes\/"},"author":{"name":"bobea.info","@id":"https:\/\/bobea.net\/#\/schema\/person\/e7f45ef187918d7c956bf619dce90ccf"},"headline":"L\u2019ann\u00e9e 2025 marque le 30e anniversaire de la Quatri\u00e8me conf\u00e9rence mondiale sur les femmes","datePublished":"2024-12-25T10:06:29+00:00","dateModified":"2024-12-25T10:06:30+00:00","mainEntityOfPage":{"@id":"https:\/\/bobea.net\/index.php\/2024\/12\/25\/lannee-2025-marque-le-30e-anniversaire-de-la-quatrieme-conference-mondiale-sur-les-femmes\/"},"wordCount":356,"commentCount":0,"publisher":{"@id":"https:\/\/bobea.net\/#organization"},"image":{"@id":"https:\/\/bobea.net\/index.php\/2024\/12\/25\/lannee-2025-marque-le-30e-anniversaire-de-la-quatrieme-conference-mondiale-sur-les-femmes\/#primaryimage"},"thumbnailUrl":"https:\/\/bobea.net\/wp-content\/uploads\/2024\/12\/image1170x530cropped.jpg","keywords":["Chili","Quatri\u00e8me conf\u00e9rence mondiale"],"articleSection":["On en Parle"],"inLanguage":"fr-FR","potentialAction":[{"@type":"CommentAction","name":"Comment","target":["https:\/\/bobea.net\/index.php\/2024\/12\/25\/lannee-2025-marque-le-30e-anniversaire-de-la-quatrieme-conference-mondiale-sur-les-femmes\/#respond"]}]},{"@type":"WebPage","@id":"https:\/\/bobea.net\/index.php\/2024\/12\/25\/lannee-2025-marque-le-30e-anniversaire-de-la-quatrieme-conference-mondiale-sur-les-femmes\/","url":"https:\/\/bobea.net\/index.php\/2024\/12\/25\/lannee-2025-marque-le-30e-anniversaire-de-la-quatrieme-conference-mondiale-sur-les-femmes\/","name":"L'ann\u00e9e 2025 marque le 30e anniversaire de la Quatri\u00e8me conf\u00e9rence mondiale sur les femmes - Bobea","isPartOf":{"@id":"https:\/\/bobea.net\/#website"},"primaryImageOfPage":{"@id":"https:\/\/bobea.net\/index.php\/2024\/12\/25\/lannee-2025-marque-le-30e-anniversaire-de-la-quatrieme-conference-mondiale-sur-les-femmes\/#primaryimage"},"image":{"@id":"https:\/\/bobea.net\/index.php\/2024\/12\/25\/lannee-2025-marque-le-30e-anniversaire-de-la-quatrieme-conference-mondiale-sur-les-femmes\/#primaryimage"},"thumbnailUrl":"https:\/\/bobea.net\/wp-content\/uploads\/2024\/12\/image1170x530cropped.jpg","datePublished":"2024-12-25T10:06:29+00:00","dateModified":"2024-12-25T10:06:30+00:00","description":"En 2025, nous c\u00e9l\u00e9brons le 30e anniversaire de la Quatri\u00e8me conf\u00e9rence mondiale sur les femmes qui s'est tenue \u00e0 P\u00e9kin en 1995.","breadcrumb":{"@id":"https:\/\/bobea.net\/index.php\/2024\/12\/25\/lannee-2025-marque-le-30e-anniversaire-de-la-quatrieme-conference-mondiale-sur-les-femmes\/#breadcrumb"},"inLanguage":"fr-FR","potentialAction":[{"@type":"ReadAction","target":["https:\/\/bobea.net\/index.php\/2024\/12\/25\/lannee-2025-marque-le-30e-anniversaire-de-la-quatrieme-conference-mondiale-sur-les-femmes\/"]}]},{"@type":"ImageObject","inLanguage":"fr-FR","@id":"https:\/\/bobea.net\/index.php\/2024\/12\/25\/lannee-2025-marque-le-30e-anniversaire-de-la-quatrieme-conference-mondiale-sur-les-femmes\/#primaryimage","url":"https:\/\/bobea.net\/wp-content\/uploads\/2024\/12\/image1170x530cropped.jpg","contentUrl":"https:\/\/bobea.net\/wp-content\/uploads\/2024\/12\/image1170x530cropped.jpg","width":1170,"height":530,"caption":"L'ann\u00e9e 2025 marque le 30e anniversaire de la Quatri\u00e8me conf\u00e9rence mondiale sur les femmes"},{"@type":"BreadcrumbList","@id":"https:\/\/bobea.net\/index.php\/2024\/12\/25\/lannee-2025-marque-le-30e-anniversaire-de-la-quatrieme-conference-mondiale-sur-les-femmes\/#breadcrumb","itemListElement":[{"@type":"ListItem","position":1,"name":"Accueil","item":"https:\/\/bobea.net\/"},{"@type":"ListItem","position":2,"name":"L&rsquo;ann\u00e9e 2025 marque le 30e anniversaire de la Quatri\u00e8me conf\u00e9rence mondiale sur les femmes"}]},{"@type":"WebSite","@id":"https:\/\/bobea.net\/#website","url":"https:\/\/bobea.net\/","name":"Bobea","description":"Le magazine de la nouvelle \u00c8ve","publisher":{"@id":"https:\/\/bobea.net\/#organization"},"potentialAction":[{"@type":"SearchAction","target":{"@type":"EntryPoint","urlTemplate":"https:\/\/bobea.net\/?s={search_term_string}"},"query-input":{"@type":"PropertyValueSpecification","valueRequired":true,"valueName":"search_term_string"}}],"inLanguage":"fr-FR"},{"@type":"Organization","@id":"https:\/\/bobea.net\/#organization","name":"Bobea","url":"https:\/\/bobea.net\/","logo":{"@type":"ImageObject","inLanguage":"fr-FR","@id":"https:\/\/bobea.net\/#\/schema\/logo\/image\/","url":"https:\/\/bobea.net\/wp-content\/uploads\/2024\/06\/bobea.jpg","contentUrl":"https:\/\/bobea.net\/wp-content\/uploads\/2024\/06\/bobea.jpg","width":1080,"height":1080,"caption":"Bobea"},"image":{"@id":"https:\/\/bobea.net\/#\/schema\/logo\/image\/"},"sameAs":["https:\/\/web.facebook.com\/profile.php?id=61559252188416"]},{"@type":"Person","@id":"https:\/\/bobea.net\/#\/schema\/person\/e7f45ef187918d7c956bf619dce90ccf","name":"bobea.info","image":{"@type":"ImageObject","inLanguage":"fr-FR","@id":"https:\/\/bobea.net\/#\/schema\/person\/image\/","url":"https:\/\/secure.gravatar.com\/avatar\/36147980349df887ae30808df3e29474?s=96&d=mm&r=g","contentUrl":"https:\/\/secure.gravatar.com\/avatar\/36147980349df887ae30808df3e29474?s=96&d=mm&r=g","caption":"bobea.info"},"sameAs":["https:\/\/bobea.net"],"url":"https:\/\/bobea.net\/index.php\/author\/bobea-info\/"}]}},"_links":{"self":[{"href":"https:\/\/bobea.net\/index.php\/wp-json\/wp\/v2\/posts\/6196"}],"collection":[{"href":"https:\/\/bobea.net\/index.php\/wp-json\/wp\/v2\/posts"}],"about":[{"href":"https:\/\/bobea.net\/index.php\/wp-json\/wp\/v2\/types\/post"}],"author":[{"embeddable":true,"href":"https:\/\/bobea.net\/index.php\/wp-json\/wp\/v2\/users\/1"}],"replies":[{"embeddable":true,"href":"https:\/\/bobea.net\/index.php\/wp-json\/wp\/v2\/comments?post=6196"}],"version-history":[{"count":0,"href":"https:\/\/bobea.net\/index.php\/wp-json\/wp\/v2\/posts\/6196\/revisions"}],"wp:featuredmedia":[{"embeddable":true,"href":"https:\/\/bobea.net\/index.php\/wp-json\/wp\/v2\/media\/6197"}],"wp:attachment":[{"href":"https:\/\/bobea.net\/index.php\/wp-json\/wp\/v2\/media?parent=6196"}],"wp:term":[{"taxonomy":"category","embeddable":true,"href":"https:\/\/bobea.net\/index.php\/wp-json\/wp\/v2\/categories?post=6196"},{"taxonomy":"post_tag","embeddable":true,"href":"https:\/\/bobea.net\/index.php\/wp-json\/wp\/v2\/tags?post=6196"}],"curies":[{"name":"wp","href":"https:\/\/api.w.org\/{rel}","templated":true}]}}