{"id":6193,"date":"2024-12-25T09:47:02","date_gmt":"2024-12-25T09:47:02","guid":{"rendered":"https:\/\/bobea.net\/?p=6193"},"modified":"2024-12-25T09:47:03","modified_gmt":"2024-12-25T09:47:03","slug":"la-campagne-mondiale-des-16-jours-dactivisme-contre-les-violences-basees-sur-le-genre-sest-terminee-recemment","status":"publish","type":"post","link":"https:\/\/bobea.net\/index.php\/2024\/12\/25\/la-campagne-mondiale-des-16-jours-dactivisme-contre-les-violences-basees-sur-le-genre-sest-terminee-recemment\/","title":{"rendered":"La campagne mondiale des 16 jours d\u2019activisme contre les violences bas\u00e9es sur le genre s\u2019est termin\u00e9e r\u00e9cemment"},"content":{"rendered":"\n<p>Met\u00adtre Fin aux Vio\u00adlences : Un Appel Mon\u00addi\u00adal \u00e0 l\u2019Ac\u00adtion<\/p>\n\n\n\n<p>La cam\u00adpagne mon\u00addi\u00adale des 16 jours d\u2019ac\u00adtivisme con\u00adtre les vio\u00adlences bas\u00e9es sur le genre a r\u00e9cem\u00adment pris fin, mais son impact con\u00adtin\u00adue d\u2019in\u00adspir\u00ader des actions con\u00adcr\u00e8tes. Cette ini\u00adtia\u00adtive annuelle vise \u00e0 sen\u00adsi\u00adbilis\u00ader le pub\u00adlic et \u00e0 mobilis\u00ader les gou\u00adverne\u00adments pour met\u00adtre fin aux vio\u00adlences faites aux femmes.<\/p>\n\n\n\n<p>Un mou\u00adve\u00adment mon\u00addi\u00adal port\u00e9 par des voix f\u00e9minines<\/p>\n\n\n\n<p>T\u00e9moignages puis\u00adsants<\/p>\n\n\n\n<ul class=\"wp-block-list\">\n<li><strong>Ami\u00adna<\/strong>, sur\u00advivante et mil\u00adi\u00adtante : \u201cChaque voix compte. Nous devons par\u00adler pour celles qui ne peu\u00advent pas.\u201d<\/li>\n\n\n\n<li><strong>Dr. Maya<\/strong>, psy\u00adcho\u00adlogue sp\u00e9\u00adcial\u00adis\u00e9e dans le sou\u00adtien aux vic\u00adtimes : \u201cLa vio\u00adlence bas\u00e9e sur le genre est une \u00e9pid\u00e9mie silen\u00adcieuse qui n\u00e9ces\u00adsite une r\u00e9ponse urgente.\u201d<\/li>\n<\/ul>\n\n\n\n<p>Ini\u00adtia\u00adtives locales remar\u00adquables<\/p>\n\n\n\n<p>De nom\u00adbreuses organ\u00adi\u00adsa\u00adtions ont organ\u00adis\u00e9 des \u00e9v\u00e9ne\u00adments mar\u00adquants :<\/p>\n\n\n\n<ul class=\"wp-block-list\">\n<li><strong>Des march\u00ades paci\u00adfiques<\/strong>&nbsp;dans plusieurs villes ont rassem\u00adbl\u00e9 des mil\u00adliers de per\u00adson\u00adnes.<\/li>\n\n\n\n<li><strong>Des ate\u00adliers \u00e9du\u00adcat\u00adifs<\/strong>&nbsp;ont \u00e9t\u00e9 ani\u00adm\u00e9s pour sen\u00adsi\u00adbilis\u00ader les jeunes sur les droits des femmes.<\/li>\n<\/ul>\n\n\n\n<p>Chiffres alar\u00admants<\/p>\n\n\n\n<p>Les sta\u00adtis\u00adtiques par\u00adlent d\u2019elles-m\u00eames :<\/p>\n\n\n\n<ul class=\"wp-block-list\">\n<li>Une femme sur trois dans le monde subit des vio\u00adlences physiques ou sex\u00aduelles au cours de sa vie.<\/li>\n\n\n\n<li>En 2024, plus de 200 mil\u00adlions de femmes ont \u00e9t\u00e9 touch\u00e9es par ces vio\u00adlences.<\/li>\n<\/ul>\n\n\n\n<p>Les avanc\u00e9es l\u00e9g\u00adisla\u00adtives<\/p>\n\n\n\n<p>La cam\u00adpagne a \u00e9gale\u00adment con\u00adduit \u00e0 des avanc\u00e9es sig\u00adni\u00adfica\u00adtives :<\/p>\n\n\n\n<ul class=\"wp-block-list\">\n<li>Plusieurs pays ont ren\u00adfor\u00adc\u00e9 leurs lois con\u00adtre la vio\u00adlence domes\u00adtique.<\/li>\n\n\n\n<li>Des fonds sup\u00adpl\u00e9\u00admen\u00adtaires ont \u00e9t\u00e9 allou\u00e9s pour soutenir les refuges pour femmes vic\u00adtimes de vio\u00adlence.<\/li>\n<\/ul>\n\n\n\n<p>Con\u00adclu\u00adsion : Un Engage\u00adment Con\u00adtinu<\/p>\n\n\n\n<p>Bien que la cam\u00adpagne soit ter\u00admin\u00e9e, la lutte con\u00adtre les vio\u00adlences bas\u00e9es sur le genre doit se pour\u00adsuiv\u00adre. Les voix f\u00e9minines con\u00adtin\u00adu\u00adent d\u2019\u00e9lever leurs reven\u00addi\u00adca\u00adtions pour un monde o\u00f9 chaque femme peut vivre sans peur. L\u2019en\u00adgage\u00adment col\u00adlec\u00adtif est essen\u00adtiel pour trans\u00adformer cette lutte en actions con\u00adcr\u00e8tes et durables.&nbsp;<\/p>\n","protected":false},"excerpt":{"rendered":"<p>Met\u00adtre Fin aux Vio\u00adlences : Un Appel Mon\u00addi\u00adal \u00e0 l\u2019Ac\u00adtion La cam\u00adpagne mon\u00addi\u00adale des 16 jours d\u2019ac\u00adtivisme con\u00adtre les vio\u00adlences bas\u00e9es sur le genre a r\u00e9cem\u00adment pris fin, mais son\u2026 <\/p>\n","protected":false},"author":1,"featured_media":6194,"comment_status":"open","ping_status":"open","sticky":false,"template":"","format":"standard","meta":{"wp_typography_post_enhancements_disabled":false,"footnotes":""},"categories":[79],"tags":[8407],"class_list":["post-6193","post","type-post","status-publish","format-standard","has-post-thumbnail","hentry","category-a-la-une","tag-campagne-mondiale"],"yoast_head":"<!-- This site is optimized with the Yoast SEO plugin v24.7 - https:\/\/yoast.com\/wordpress\/plugins\/seo\/ -->\n<title>La campagne mondiale des 16 jours d&#039;activisme contre les violences bas\u00e9es sur le genre s&#039;est termin\u00e9e r\u00e9cemment - Bobea<\/title>\n<meta name=\"description\" content=\"La campagne mondiale des 16 jours d&#039;activisme contre les violences bas\u00e9es sur le genre a r\u00e9cemment pris fin, mais son impact continue\" \/>\n<meta name=\"robots\" content=\"index, follow, max-snippet:-1, max-image-preview:large, max-video-preview:-1\" \/>\n<link rel=\"canonical\" href=\"https:\/\/bobea.net\/index.php\/2024\/12\/25\/la-campagne-mondiale-des-16-jours-dactivisme-contre-les-violences-basees-sur-le-genre-sest-terminee-recemment\/\" \/>\n<meta property=\"og:locale\" content=\"fr_FR\" \/>\n<meta property=\"og:type\" content=\"article\" \/>\n<meta property=\"og:title\" content=\"La campagne mondiale des 16 jours d&#039;activisme contre les violences bas\u00e9es sur le genre s&#039;est termin\u00e9e r\u00e9cemment - Bobea\" \/>\n<meta property=\"og:description\" content=\"La campagne mondiale des 16 jours d&#039;activisme contre les violences bas\u00e9es sur le genre a r\u00e9cemment pris fin, mais son impact continue\" \/>\n<meta property=\"og:url\" content=\"https:\/\/bobea.net\/index.php\/2024\/12\/25\/la-campagne-mondiale-des-16-jours-dactivisme-contre-les-violences-basees-sur-le-genre-sest-terminee-recemment\/\" \/>\n<meta property=\"og:site_name\" content=\"Bobea\" \/>\n<meta property=\"article:publisher\" content=\"https:\/\/web.facebook.com\/profile.php?id=61559252188416\" \/>\n<meta property=\"article:published_time\" content=\"2024-12-25T09:47:02+00:00\" \/>\n<meta property=\"article:modified_time\" content=\"2024-12-25T09:47:03+00:00\" \/>\n<meta property=\"og:image\" content=\"https:\/\/bobea.net\/wp-content\/uploads\/2024\/12\/orangeworld.jpg\" \/>\n\t<meta property=\"og:image:width\" content=\"1171\" \/>\n\t<meta property=\"og:image:height\" content=\"530\" \/>\n\t<meta property=\"og:image:type\" content=\"image\/jpeg\" \/>\n<meta name=\"author\" content=\"bobea.info\" \/>\n<meta name=\"twitter:card\" content=\"summary_large_image\" \/>\n<meta name=\"twitter:label1\" content=\"\u00c9crit par\" \/>\n\t<meta name=\"twitter:data1\" content=\"bobea.info\" \/>\n\t<meta name=\"twitter:label2\" content=\"Dur\u00e9e de lecture estim\u00e9e\" \/>\n\t<meta name=\"twitter:data2\" content=\"2 minutes\" \/>\n<script type=\"application\/ld+json\" class=\"yoast-schema-graph\">{\"@context\":\"https:\/\/schema.org\",\"@graph\":[{\"@type\":\"Article\",\"@id\":\"https:\/\/bobea.net\/index.php\/2024\/12\/25\/la-campagne-mondiale-des-16-jours-dactivisme-contre-les-violences-basees-sur-le-genre-sest-terminee-recemment\/#article\",\"isPartOf\":{\"@id\":\"https:\/\/bobea.net\/index.php\/2024\/12\/25\/la-campagne-mondiale-des-16-jours-dactivisme-contre-les-violences-basees-sur-le-genre-sest-terminee-recemment\/\"},\"author\":{\"name\":\"bobea.info\",\"@id\":\"https:\/\/bobea.net\/#\/schema\/person\/e7f45ef187918d7c956bf619dce90ccf\"},\"headline\":\"La campagne mondiale des 16 jours d\u2019activisme contre les violences bas\u00e9es sur le genre s\u2019est termin\u00e9e r\u00e9cemment\",\"datePublished\":\"2024-12-25T09:47:02+00:00\",\"dateModified\":\"2024-12-25T09:47:03+00:00\",\"mainEntityOfPage\":{\"@id\":\"https:\/\/bobea.net\/index.php\/2024\/12\/25\/la-campagne-mondiale-des-16-jours-dactivisme-contre-les-violences-basees-sur-le-genre-sest-terminee-recemment\/\"},\"wordCount\":316,\"commentCount\":0,\"publisher\":{\"@id\":\"https:\/\/bobea.net\/#organization\"},\"image\":{\"@id\":\"https:\/\/bobea.net\/index.php\/2024\/12\/25\/la-campagne-mondiale-des-16-jours-dactivisme-contre-les-violences-basees-sur-le-genre-sest-terminee-recemment\/#primaryimage\"},\"thumbnailUrl\":\"https:\/\/bobea.net\/wp-content\/uploads\/2024\/12\/orangeworld.jpg\",\"keywords\":[\"campagne mondiale\"],\"articleSection\":[\"A la Une\"],\"inLanguage\":\"fr-FR\",\"potentialAction\":[{\"@type\":\"CommentAction\",\"name\":\"Comment\",\"target\":[\"https:\/\/bobea.net\/index.php\/2024\/12\/25\/la-campagne-mondiale-des-16-jours-dactivisme-contre-les-violences-basees-sur-le-genre-sest-terminee-recemment\/#respond\"]}]},{\"@type\":\"WebPage\",\"@id\":\"https:\/\/bobea.net\/index.php\/2024\/12\/25\/la-campagne-mondiale-des-16-jours-dactivisme-contre-les-violences-basees-sur-le-genre-sest-terminee-recemment\/\",\"url\":\"https:\/\/bobea.net\/index.php\/2024\/12\/25\/la-campagne-mondiale-des-16-jours-dactivisme-contre-les-violences-basees-sur-le-genre-sest-terminee-recemment\/\",\"name\":\"La campagne mondiale des 16 jours d'activisme contre les violences bas\u00e9es sur le genre s'est termin\u00e9e r\u00e9cemment - Bobea\",\"isPartOf\":{\"@id\":\"https:\/\/bobea.net\/#website\"},\"primaryImageOfPage\":{\"@id\":\"https:\/\/bobea.net\/index.php\/2024\/12\/25\/la-campagne-mondiale-des-16-jours-dactivisme-contre-les-violences-basees-sur-le-genre-sest-terminee-recemment\/#primaryimage\"},\"image\":{\"@id\":\"https:\/\/bobea.net\/index.php\/2024\/12\/25\/la-campagne-mondiale-des-16-jours-dactivisme-contre-les-violences-basees-sur-le-genre-sest-terminee-recemment\/#primaryimage\"},\"thumbnailUrl\":\"https:\/\/bobea.net\/wp-content\/uploads\/2024\/12\/orangeworld.jpg\",\"datePublished\":\"2024-12-25T09:47:02+00:00\",\"dateModified\":\"2024-12-25T09:47:03+00:00\",\"description\":\"La campagne mondiale des 16 jours d'activisme contre les violences bas\u00e9es sur le genre a r\u00e9cemment pris fin, mais son impact continue\",\"breadcrumb\":{\"@id\":\"https:\/\/bobea.net\/index.php\/2024\/12\/25\/la-campagne-mondiale-des-16-jours-dactivisme-contre-les-violences-basees-sur-le-genre-sest-terminee-recemment\/#breadcrumb\"},\"inLanguage\":\"fr-FR\",\"potentialAction\":[{\"@type\":\"ReadAction\",\"target\":[\"https:\/\/bobea.net\/index.php\/2024\/12\/25\/la-campagne-mondiale-des-16-jours-dactivisme-contre-les-violences-basees-sur-le-genre-sest-terminee-recemment\/\"]}]},{\"@type\":\"ImageObject\",\"inLanguage\":\"fr-FR\",\"@id\":\"https:\/\/bobea.net\/index.php\/2024\/12\/25\/la-campagne-mondiale-des-16-jours-dactivisme-contre-les-violences-basees-sur-le-genre-sest-terminee-recemment\/#primaryimage\",\"url\":\"https:\/\/bobea.net\/wp-content\/uploads\/2024\/12\/orangeworld.jpg\",\"contentUrl\":\"https:\/\/bobea.net\/wp-content\/uploads\/2024\/12\/orangeworld.jpg\",\"width\":1171,\"height\":530,\"caption\":\"La campagne mondiale des 16 jours d'activisme contre les violences bas\u00e9es sur le genre s'est termin\u00e9e r\u00e9cemment\"},{\"@type\":\"BreadcrumbList\",\"@id\":\"https:\/\/bobea.net\/index.php\/2024\/12\/25\/la-campagne-mondiale-des-16-jours-dactivisme-contre-les-violences-basees-sur-le-genre-sest-terminee-recemment\/#breadcrumb\",\"itemListElement\":[{\"@type\":\"ListItem\",\"position\":1,\"name\":\"Accueil\",\"item\":\"https:\/\/bobea.net\/\"},{\"@type\":\"ListItem\",\"position\":2,\"name\":\"La campagne mondiale des 16 jours d&rsquo;activisme contre les violences bas\u00e9es sur le genre s&rsquo;est termin\u00e9e r\u00e9cemment\"}]},{\"@type\":\"WebSite\",\"@id\":\"https:\/\/bobea.net\/#website\",\"url\":\"https:\/\/bobea.net\/\",\"name\":\"Bobea\",\"description\":\"Le magazine de la nouvelle \u00c8ve\",\"publisher\":{\"@id\":\"https:\/\/bobea.net\/#organization\"},\"potentialAction\":[{\"@type\":\"SearchAction\",\"target\":{\"@type\":\"EntryPoint\",\"urlTemplate\":\"https:\/\/bobea.net\/?s={search_term_string}\"},\"query-input\":{\"@type\":\"PropertyValueSpecification\",\"valueRequired\":true,\"valueName\":\"search_term_string\"}}],\"inLanguage\":\"fr-FR\"},{\"@type\":\"Organization\",\"@id\":\"https:\/\/bobea.net\/#organization\",\"name\":\"Bobea\",\"url\":\"https:\/\/bobea.net\/\",\"logo\":{\"@type\":\"ImageObject\",\"inLanguage\":\"fr-FR\",\"@id\":\"https:\/\/bobea.net\/#\/schema\/logo\/image\/\",\"url\":\"https:\/\/bobea.net\/wp-content\/uploads\/2024\/06\/bobea.jpg\",\"contentUrl\":\"https:\/\/bobea.net\/wp-content\/uploads\/2024\/06\/bobea.jpg\",\"width\":1080,\"height\":1080,\"caption\":\"Bobea\"},\"image\":{\"@id\":\"https:\/\/bobea.net\/#\/schema\/logo\/image\/\"},\"sameAs\":[\"https:\/\/web.facebook.com\/profile.php?id=61559252188416\"]},{\"@type\":\"Person\",\"@id\":\"https:\/\/bobea.net\/#\/schema\/person\/e7f45ef187918d7c956bf619dce90ccf\",\"name\":\"bobea.info\",\"image\":{\"@type\":\"ImageObject\",\"inLanguage\":\"fr-FR\",\"@id\":\"https:\/\/bobea.net\/#\/schema\/person\/image\/\",\"url\":\"https:\/\/secure.gravatar.com\/avatar\/36147980349df887ae30808df3e29474?s=96&d=mm&r=g\",\"contentUrl\":\"https:\/\/secure.gravatar.com\/avatar\/36147980349df887ae30808df3e29474?s=96&d=mm&r=g\",\"caption\":\"bobea.info\"},\"sameAs\":[\"https:\/\/bobea.net\"],\"url\":\"https:\/\/bobea.net\/index.php\/author\/bobea-info\/\"}]}<\/script>\n<!-- \/ Yoast SEO plugin. -->","yoast_head_json":{"title":"La campagne mondiale des 16 jours d'activisme contre les violences bas\u00e9es sur le genre s'est termin\u00e9e r\u00e9cemment - Bobea","description":"La campagne mondiale des 16 jours d'activisme contre les violences bas\u00e9es sur le genre a r\u00e9cemment pris fin, mais son impact continue","robots":{"index":"index","follow":"follow","max-snippet":"max-snippet:-1","max-image-preview":"max-image-preview:large","max-video-preview":"max-video-preview:-1"},"canonical":"https:\/\/bobea.net\/index.php\/2024\/12\/25\/la-campagne-mondiale-des-16-jours-dactivisme-contre-les-violences-basees-sur-le-genre-sest-terminee-recemment\/","og_locale":"fr_FR","og_type":"article","og_title":"La campagne mondiale des 16 jours d'activisme contre les violences bas\u00e9es sur le genre s'est termin\u00e9e r\u00e9cemment - Bobea","og_description":"La campagne mondiale des 16 jours d'activisme contre les violences bas\u00e9es sur le genre a r\u00e9cemment pris fin, mais son impact continue","og_url":"https:\/\/bobea.net\/index.php\/2024\/12\/25\/la-campagne-mondiale-des-16-jours-dactivisme-contre-les-violences-basees-sur-le-genre-sest-terminee-recemment\/","og_site_name":"Bobea","article_publisher":"https:\/\/web.facebook.com\/profile.php?id=61559252188416","article_published_time":"2024-12-25T09:47:02+00:00","article_modified_time":"2024-12-25T09:47:03+00:00","og_image":[{"width":1171,"height":530,"url":"https:\/\/bobea.net\/wp-content\/uploads\/2024\/12\/orangeworld.jpg","type":"image\/jpeg"}],"author":"bobea.info","twitter_card":"summary_large_image","twitter_misc":{"\u00c9crit par":"bobea.info","Dur\u00e9e de lecture estim\u00e9e":"2 minutes"},"schema":{"@context":"https:\/\/schema.org","@graph":[{"@type":"Article","@id":"https:\/\/bobea.net\/index.php\/2024\/12\/25\/la-campagne-mondiale-des-16-jours-dactivisme-contre-les-violences-basees-sur-le-genre-sest-terminee-recemment\/#article","isPartOf":{"@id":"https:\/\/bobea.net\/index.php\/2024\/12\/25\/la-campagne-mondiale-des-16-jours-dactivisme-contre-les-violences-basees-sur-le-genre-sest-terminee-recemment\/"},"author":{"name":"bobea.info","@id":"https:\/\/bobea.net\/#\/schema\/person\/e7f45ef187918d7c956bf619dce90ccf"},"headline":"La campagne mondiale des 16 jours d\u2019activisme contre les violences bas\u00e9es sur le genre s\u2019est termin\u00e9e r\u00e9cemment","datePublished":"2024-12-25T09:47:02+00:00","dateModified":"2024-12-25T09:47:03+00:00","mainEntityOfPage":{"@id":"https:\/\/bobea.net\/index.php\/2024\/12\/25\/la-campagne-mondiale-des-16-jours-dactivisme-contre-les-violences-basees-sur-le-genre-sest-terminee-recemment\/"},"wordCount":316,"commentCount":0,"publisher":{"@id":"https:\/\/bobea.net\/#organization"},"image":{"@id":"https:\/\/bobea.net\/index.php\/2024\/12\/25\/la-campagne-mondiale-des-16-jours-dactivisme-contre-les-violences-basees-sur-le-genre-sest-terminee-recemment\/#primaryimage"},"thumbnailUrl":"https:\/\/bobea.net\/wp-content\/uploads\/2024\/12\/orangeworld.jpg","keywords":["campagne mondiale"],"articleSection":["A la Une"],"inLanguage":"fr-FR","potentialAction":[{"@type":"CommentAction","name":"Comment","target":["https:\/\/bobea.net\/index.php\/2024\/12\/25\/la-campagne-mondiale-des-16-jours-dactivisme-contre-les-violences-basees-sur-le-genre-sest-terminee-recemment\/#respond"]}]},{"@type":"WebPage","@id":"https:\/\/bobea.net\/index.php\/2024\/12\/25\/la-campagne-mondiale-des-16-jours-dactivisme-contre-les-violences-basees-sur-le-genre-sest-terminee-recemment\/","url":"https:\/\/bobea.net\/index.php\/2024\/12\/25\/la-campagne-mondiale-des-16-jours-dactivisme-contre-les-violences-basees-sur-le-genre-sest-terminee-recemment\/","name":"La campagne mondiale des 16 jours d'activisme contre les violences bas\u00e9es sur le genre s'est termin\u00e9e r\u00e9cemment - Bobea","isPartOf":{"@id":"https:\/\/bobea.net\/#website"},"primaryImageOfPage":{"@id":"https:\/\/bobea.net\/index.php\/2024\/12\/25\/la-campagne-mondiale-des-16-jours-dactivisme-contre-les-violences-basees-sur-le-genre-sest-terminee-recemment\/#primaryimage"},"image":{"@id":"https:\/\/bobea.net\/index.php\/2024\/12\/25\/la-campagne-mondiale-des-16-jours-dactivisme-contre-les-violences-basees-sur-le-genre-sest-terminee-recemment\/#primaryimage"},"thumbnailUrl":"https:\/\/bobea.net\/wp-content\/uploads\/2024\/12\/orangeworld.jpg","datePublished":"2024-12-25T09:47:02+00:00","dateModified":"2024-12-25T09:47:03+00:00","description":"La campagne mondiale des 16 jours d'activisme contre les violences bas\u00e9es sur le genre a r\u00e9cemment pris fin, mais son impact continue","breadcrumb":{"@id":"https:\/\/bobea.net\/index.php\/2024\/12\/25\/la-campagne-mondiale-des-16-jours-dactivisme-contre-les-violences-basees-sur-le-genre-sest-terminee-recemment\/#breadcrumb"},"inLanguage":"fr-FR","potentialAction":[{"@type":"ReadAction","target":["https:\/\/bobea.net\/index.php\/2024\/12\/25\/la-campagne-mondiale-des-16-jours-dactivisme-contre-les-violences-basees-sur-le-genre-sest-terminee-recemment\/"]}]},{"@type":"ImageObject","inLanguage":"fr-FR","@id":"https:\/\/bobea.net\/index.php\/2024\/12\/25\/la-campagne-mondiale-des-16-jours-dactivisme-contre-les-violences-basees-sur-le-genre-sest-terminee-recemment\/#primaryimage","url":"https:\/\/bobea.net\/wp-content\/uploads\/2024\/12\/orangeworld.jpg","contentUrl":"https:\/\/bobea.net\/wp-content\/uploads\/2024\/12\/orangeworld.jpg","width":1171,"height":530,"caption":"La campagne mondiale des 16 jours d'activisme contre les violences bas\u00e9es sur le genre s'est termin\u00e9e r\u00e9cemment"},{"@type":"BreadcrumbList","@id":"https:\/\/bobea.net\/index.php\/2024\/12\/25\/la-campagne-mondiale-des-16-jours-dactivisme-contre-les-violences-basees-sur-le-genre-sest-terminee-recemment\/#breadcrumb","itemListElement":[{"@type":"ListItem","position":1,"name":"Accueil","item":"https:\/\/bobea.net\/"},{"@type":"ListItem","position":2,"name":"La campagne mondiale des 16 jours d&rsquo;activisme contre les violences bas\u00e9es sur le genre s&rsquo;est termin\u00e9e r\u00e9cemment"}]},{"@type":"WebSite","@id":"https:\/\/bobea.net\/#website","url":"https:\/\/bobea.net\/","name":"Bobea","description":"Le magazine de la nouvelle \u00c8ve","publisher":{"@id":"https:\/\/bobea.net\/#organization"},"potentialAction":[{"@type":"SearchAction","target":{"@type":"EntryPoint","urlTemplate":"https:\/\/bobea.net\/?s={search_term_string}"},"query-input":{"@type":"PropertyValueSpecification","valueRequired":true,"valueName":"search_term_string"}}],"inLanguage":"fr-FR"},{"@type":"Organization","@id":"https:\/\/bobea.net\/#organization","name":"Bobea","url":"https:\/\/bobea.net\/","logo":{"@type":"ImageObject","inLanguage":"fr-FR","@id":"https:\/\/bobea.net\/#\/schema\/logo\/image\/","url":"https:\/\/bobea.net\/wp-content\/uploads\/2024\/06\/bobea.jpg","contentUrl":"https:\/\/bobea.net\/wp-content\/uploads\/2024\/06\/bobea.jpg","width":1080,"height":1080,"caption":"Bobea"},"image":{"@id":"https:\/\/bobea.net\/#\/schema\/logo\/image\/"},"sameAs":["https:\/\/web.facebook.com\/profile.php?id=61559252188416"]},{"@type":"Person","@id":"https:\/\/bobea.net\/#\/schema\/person\/e7f45ef187918d7c956bf619dce90ccf","name":"bobea.info","image":{"@type":"ImageObject","inLanguage":"fr-FR","@id":"https:\/\/bobea.net\/#\/schema\/person\/image\/","url":"https:\/\/secure.gravatar.com\/avatar\/36147980349df887ae30808df3e29474?s=96&d=mm&r=g","contentUrl":"https:\/\/secure.gravatar.com\/avatar\/36147980349df887ae30808df3e29474?s=96&d=mm&r=g","caption":"bobea.info"},"sameAs":["https:\/\/bobea.net"],"url":"https:\/\/bobea.net\/index.php\/author\/bobea-info\/"}]}},"_links":{"self":[{"href":"https:\/\/bobea.net\/index.php\/wp-json\/wp\/v2\/posts\/6193"}],"collection":[{"href":"https:\/\/bobea.net\/index.php\/wp-json\/wp\/v2\/posts"}],"about":[{"href":"https:\/\/bobea.net\/index.php\/wp-json\/wp\/v2\/types\/post"}],"author":[{"embeddable":true,"href":"https:\/\/bobea.net\/index.php\/wp-json\/wp\/v2\/users\/1"}],"replies":[{"embeddable":true,"href":"https:\/\/bobea.net\/index.php\/wp-json\/wp\/v2\/comments?post=6193"}],"version-history":[{"count":0,"href":"https:\/\/bobea.net\/index.php\/wp-json\/wp\/v2\/posts\/6193\/revisions"}],"wp:featuredmedia":[{"embeddable":true,"href":"https:\/\/bobea.net\/index.php\/wp-json\/wp\/v2\/media\/6194"}],"wp:attachment":[{"href":"https:\/\/bobea.net\/index.php\/wp-json\/wp\/v2\/media?parent=6193"}],"wp:term":[{"taxonomy":"category","embeddable":true,"href":"https:\/\/bobea.net\/index.php\/wp-json\/wp\/v2\/categories?post=6193"},{"taxonomy":"post_tag","embeddable":true,"href":"https:\/\/bobea.net\/index.php\/wp-json\/wp\/v2\/tags?post=6193"}],"curies":[{"name":"wp","href":"https:\/\/api.w.org\/{rel}","templated":true}]}}