{"id":6168,"date":"2024-12-24T19:51:49","date_gmt":"2024-12-24T19:51:49","guid":{"rendered":"https:\/\/bobea.net\/?p=6168"},"modified":"2024-12-24T19:51:51","modified_gmt":"2024-12-24T19:51:51","slug":"les-tendances-maquillage-printemps-ete-2024-retour-au-naturel-et-eclat","status":"publish","type":"post","link":"https:\/\/bobea.net\/index.php\/2024\/12\/24\/les-tendances-maquillage-printemps-ete-2024-retour-au-naturel-et-eclat\/","title":{"rendered":"Les Tendances Maquillage Printemps-\u00c9t\u00e9 2024 : Retour au Naturel et \u00c9clat"},"content":{"rendered":"\n<p>Alors que la sai\u00adson print\u00ademps-\u00e9t\u00e9 2024 approche, les ten\u00addances maquil\u00adlage s\u2019ori\u00aden\u00adtent vers un style plus naturel et lumineux. Les experts de la beaut\u00e9 s\u2019ac\u00adcor\u00addent \u00e0 dire que cette ann\u00e9e, l\u2019ac\u00adcent sera mis sur l\u2019\u00e9\u00adclat de la peau et des looks frais qui c\u00e9l\u00e8brent la beaut\u00e9 authen\u00adtique.<\/p>\n\n\n\n<p>Un retour aux sources<\/p>\n\n\n\n<p>Les ten\u00addances de cette sai\u00adson se car\u00adac\u00adt\u00e9risent par :<\/p>\n\n\n\n<ul class=\"wp-block-list\">\n<li><strong>Teint lumineux<\/strong>&nbsp;: L\u2019u\u00adtil\u00adi\u00adsa\u00adtion de fonds de teint l\u00e9gers et de pro\u00adduits illu\u00admi\u00adnants pour cr\u00e9er un \u00e9clat naturel.<\/li>\n\n\n\n<li><strong>Maquil\u00adlage min\u00adi\u00admal\u00adiste<\/strong>&nbsp;: Des looks \u00e9pur\u00e9s qui met\u00adtent en avant les traits naturels sans sur\u00adcharge de pro\u00adduits.<\/li>\n\n\n\n<li><strong>Couleurs douces<\/strong>&nbsp;: Les palettes de couleurs se con\u00adcen\u00adtrent sur des teintes pas\u00adtel et des nuances ter\u00adreuses qui appor\u00adtent douceur et fra\u00eecheur.<\/li>\n<\/ul>\n\n\n\n<p>Pro\u00adduits phares \u00e0 adopter<\/p>\n\n\n\n<p>Pour adopter ces ten\u00addances, voici quelques pro\u00adduits incon\u00adtourn\u00adables :<\/p>\n\n\n\n<ol start=\"1\" class=\"wp-block-list\">\n<li><strong>Cr\u00e8mes hydratantes tein\u00adt\u00e9es<\/strong>&nbsp;: Offrant une cou\u00advrance l\u00e9g\u00e8re tout en hydratant la peau.<\/li>\n\n\n\n<li><strong>High\u00adlighters liq\u00aduides<\/strong>&nbsp;: Pour un \u00e9clat sub\u00adtil et naturel sur les pom\u00admettes.<\/li>\n\n\n\n<li><strong>Rouges \u00e0 l\u00e8vres nude<\/strong>&nbsp;: Des teintes qui rehaussent la couleur naturelle des l\u00e8vres sans les mas\u00adquer.<\/li>\n<\/ol>\n\n\n\n<p>Con\u00adseils pour r\u00e9us\u00adsir son look<\/p>\n\n\n\n<p>Pour cr\u00e9er un maquil\u00adlage print\u00adanier r\u00e9us\u00adsi :<\/p>\n\n\n\n<ul class=\"wp-block-list\">\n<li><strong>Pr\u00e9\u00adparez votre peau<\/strong>&nbsp;: Un bon soin de la peau est essen\u00adtiel pour un maquil\u00adlage r\u00e9us\u00adsi. Exfoliez et hydratez votre vis\u00adage avant d\u2019ap\u00adpli\u00adquer le maquil\u00adlage.<\/li>\n\n\n\n<li><strong>Mis\u00adez sur la l\u00e9g\u00e8ret\u00e9<\/strong>&nbsp;: \u00c9vitez les couch\u00ades \u00e9paiss\u00ades de pro\u00adduits ; priv\u00adil\u00e9giez la trans\u00adparence et la l\u00e9g\u00e8ret\u00e9.<\/li>\n\n\n\n<li><strong>Accentuez vos atouts<\/strong>&nbsp;: Met\u00adtez en avant vos yeux ou vos l\u00e8vres, mais \u00e9vitez de trop charg\u00ader les deux \u00e0 la fois.<\/li>\n<\/ul>\n\n\n\n<p>Con\u00adclu\u00adsion<\/p>\n\n\n\n<p>Le print\u00ademps-\u00e9t\u00e9 2024 sera mar\u00adqu\u00e9 par un retour \u00e0 l\u2019au\u00adthen\u00adtic\u00adit\u00e9 et \u00e0 la sim\u00adplic\u00adit\u00e9 dans le maquil\u00adlage. En adop\u00adtant ces ten\u00addances, les femmes peu\u00advent c\u00e9l\u00e9br\u00ader leur beaut\u00e9 naturelle tout en se sen\u00adtant fra\u00eech\u00ades et con\u00adfi\u00adantes. Ce style min\u00adi\u00admal\u00adiste est non seule\u00adment pra\u00adtique mais aus\u00adsi respectueux de la peau, ce qui en fait une ten\u00addance \u00e0 suiv\u00adre cette sai\u00adson.<\/p>\n","protected":false},"excerpt":{"rendered":"<p>Alors que la sai\u00adson print\u00ad\u00ademps-\u00e9t\u00e9 2024 approche, les ten\u00addances maquil\u00adlage s\u2019ori\u00aden\u00adtent vers un style plus naturel et lumineux. Les experts de la beaut\u00e9 s\u2019ac\u00adcor\u00addent \u00e0 dire que cette ann\u00e9e, l\u2019ac\u00adcent\u2026 <\/p>\n","protected":false},"author":1,"featured_media":6169,"comment_status":"open","ping_status":"open","sticky":false,"template":"","format":"standard","meta":{"wp_typography_post_enhancements_disabled":false,"footnotes":""},"categories":[51],"tags":[8402],"class_list":["post-6168","post","type-post","status-publish","format-standard","has-post-thumbnail","hentry","category-beaute","tag-saison-printemps-ete"],"yoast_head":"<!-- This site is optimized with the Yoast SEO plugin v24.7 - https:\/\/yoast.com\/wordpress\/plugins\/seo\/ -->\n<title>Les Tendances Maquillage Printemps-\u00c9t\u00e9 2024 : Retour au Naturel et \u00c9clat - Bobea<\/title>\n<meta name=\"description\" content=\"Alors que la saison printemps-\u00e9t\u00e9 2024 approche, les tendances maquillage s&#039;orientent vers un style plus naturel et lumineux.\" \/>\n<meta name=\"robots\" content=\"index, follow, max-snippet:-1, max-image-preview:large, max-video-preview:-1\" \/>\n<link rel=\"canonical\" href=\"https:\/\/bobea.net\/index.php\/2024\/12\/24\/les-tendances-maquillage-printemps-ete-2024-retour-au-naturel-et-eclat\/\" \/>\n<meta property=\"og:locale\" content=\"fr_FR\" \/>\n<meta property=\"og:type\" content=\"article\" \/>\n<meta property=\"og:title\" content=\"Les Tendances Maquillage Printemps-\u00c9t\u00e9 2024 : Retour au Naturel et \u00c9clat - Bobea\" \/>\n<meta property=\"og:description\" content=\"Alors que la saison printemps-\u00e9t\u00e9 2024 approche, les tendances maquillage s&#039;orientent vers un style plus naturel et lumineux.\" \/>\n<meta property=\"og:url\" content=\"https:\/\/bobea.net\/index.php\/2024\/12\/24\/les-tendances-maquillage-printemps-ete-2024-retour-au-naturel-et-eclat\/\" \/>\n<meta property=\"og:site_name\" content=\"Bobea\" \/>\n<meta property=\"article:publisher\" content=\"https:\/\/web.facebook.com\/profile.php?id=61559252188416\" \/>\n<meta property=\"article:published_time\" content=\"2024-12-24T19:51:49+00:00\" \/>\n<meta property=\"article:modified_time\" content=\"2024-12-24T19:51:51+00:00\" \/>\n<meta property=\"og:image\" content=\"https:\/\/bobea.net\/wp-content\/uploads\/2024\/12\/maquillage-peche.jpg\" \/>\n\t<meta property=\"og:image:width\" content=\"1200\" \/>\n\t<meta property=\"og:image:height\" content=\"630\" \/>\n\t<meta property=\"og:image:type\" content=\"image\/jpeg\" \/>\n<meta name=\"author\" content=\"bobea.info\" \/>\n<meta name=\"twitter:card\" content=\"summary_large_image\" \/>\n<meta name=\"twitter:label1\" content=\"\u00c9crit par\" \/>\n\t<meta name=\"twitter:data1\" content=\"bobea.info\" \/>\n\t<meta name=\"twitter:label2\" content=\"Dur\u00e9e de lecture estim\u00e9e\" \/>\n\t<meta name=\"twitter:data2\" content=\"2 minutes\" \/>\n<script type=\"application\/ld+json\" class=\"yoast-schema-graph\">{\"@context\":\"https:\/\/schema.org\",\"@graph\":[{\"@type\":\"Article\",\"@id\":\"https:\/\/bobea.net\/index.php\/2024\/12\/24\/les-tendances-maquillage-printemps-ete-2024-retour-au-naturel-et-eclat\/#article\",\"isPartOf\":{\"@id\":\"https:\/\/bobea.net\/index.php\/2024\/12\/24\/les-tendances-maquillage-printemps-ete-2024-retour-au-naturel-et-eclat\/\"},\"author\":{\"name\":\"bobea.info\",\"@id\":\"https:\/\/bobea.net\/#\/schema\/person\/e7f45ef187918d7c956bf619dce90ccf\"},\"headline\":\"Les Tendances Maquillage Printemps-\u00c9t\u00e9 2024 : Retour au Naturel et \u00c9clat\",\"datePublished\":\"2024-12-24T19:51:49+00:00\",\"dateModified\":\"2024-12-24T19:51:51+00:00\",\"mainEntityOfPage\":{\"@id\":\"https:\/\/bobea.net\/index.php\/2024\/12\/24\/les-tendances-maquillage-printemps-ete-2024-retour-au-naturel-et-eclat\/\"},\"wordCount\":332,\"commentCount\":0,\"publisher\":{\"@id\":\"https:\/\/bobea.net\/#organization\"},\"image\":{\"@id\":\"https:\/\/bobea.net\/index.php\/2024\/12\/24\/les-tendances-maquillage-printemps-ete-2024-retour-au-naturel-et-eclat\/#primaryimage\"},\"thumbnailUrl\":\"https:\/\/bobea.net\/wp-content\/uploads\/2024\/12\/maquillage-peche.jpg\",\"keywords\":[\"saison printemps-\u00e9t\u00e9\"],\"articleSection\":[\"Beaut\u00e9\"],\"inLanguage\":\"fr-FR\",\"potentialAction\":[{\"@type\":\"CommentAction\",\"name\":\"Comment\",\"target\":[\"https:\/\/bobea.net\/index.php\/2024\/12\/24\/les-tendances-maquillage-printemps-ete-2024-retour-au-naturel-et-eclat\/#respond\"]}]},{\"@type\":\"WebPage\",\"@id\":\"https:\/\/bobea.net\/index.php\/2024\/12\/24\/les-tendances-maquillage-printemps-ete-2024-retour-au-naturel-et-eclat\/\",\"url\":\"https:\/\/bobea.net\/index.php\/2024\/12\/24\/les-tendances-maquillage-printemps-ete-2024-retour-au-naturel-et-eclat\/\",\"name\":\"Les Tendances Maquillage Printemps-\u00c9t\u00e9 2024 : Retour au Naturel et \u00c9clat - Bobea\",\"isPartOf\":{\"@id\":\"https:\/\/bobea.net\/#website\"},\"primaryImageOfPage\":{\"@id\":\"https:\/\/bobea.net\/index.php\/2024\/12\/24\/les-tendances-maquillage-printemps-ete-2024-retour-au-naturel-et-eclat\/#primaryimage\"},\"image\":{\"@id\":\"https:\/\/bobea.net\/index.php\/2024\/12\/24\/les-tendances-maquillage-printemps-ete-2024-retour-au-naturel-et-eclat\/#primaryimage\"},\"thumbnailUrl\":\"https:\/\/bobea.net\/wp-content\/uploads\/2024\/12\/maquillage-peche.jpg\",\"datePublished\":\"2024-12-24T19:51:49+00:00\",\"dateModified\":\"2024-12-24T19:51:51+00:00\",\"description\":\"Alors que la saison printemps-\u00e9t\u00e9 2024 approche, les tendances maquillage s'orientent vers un style plus naturel et lumineux.\",\"breadcrumb\":{\"@id\":\"https:\/\/bobea.net\/index.php\/2024\/12\/24\/les-tendances-maquillage-printemps-ete-2024-retour-au-naturel-et-eclat\/#breadcrumb\"},\"inLanguage\":\"fr-FR\",\"potentialAction\":[{\"@type\":\"ReadAction\",\"target\":[\"https:\/\/bobea.net\/index.php\/2024\/12\/24\/les-tendances-maquillage-printemps-ete-2024-retour-au-naturel-et-eclat\/\"]}]},{\"@type\":\"ImageObject\",\"inLanguage\":\"fr-FR\",\"@id\":\"https:\/\/bobea.net\/index.php\/2024\/12\/24\/les-tendances-maquillage-printemps-ete-2024-retour-au-naturel-et-eclat\/#primaryimage\",\"url\":\"https:\/\/bobea.net\/wp-content\/uploads\/2024\/12\/maquillage-peche.jpg\",\"contentUrl\":\"https:\/\/bobea.net\/wp-content\/uploads\/2024\/12\/maquillage-peche.jpg\",\"width\":1200,\"height\":630,\"caption\":\"Les Tendances Maquillage Printemps-\u00c9t\u00e9 2024 : Retour au Naturel et \u00c9clat\"},{\"@type\":\"BreadcrumbList\",\"@id\":\"https:\/\/bobea.net\/index.php\/2024\/12\/24\/les-tendances-maquillage-printemps-ete-2024-retour-au-naturel-et-eclat\/#breadcrumb\",\"itemListElement\":[{\"@type\":\"ListItem\",\"position\":1,\"name\":\"Accueil\",\"item\":\"https:\/\/bobea.net\/\"},{\"@type\":\"ListItem\",\"position\":2,\"name\":\"Les Tendances Maquillage Printemps-\u00c9t\u00e9 2024 : Retour au Naturel et \u00c9clat\"}]},{\"@type\":\"WebSite\",\"@id\":\"https:\/\/bobea.net\/#website\",\"url\":\"https:\/\/bobea.net\/\",\"name\":\"Bobea\",\"description\":\"Le magazine de la nouvelle \u00c8ve\",\"publisher\":{\"@id\":\"https:\/\/bobea.net\/#organization\"},\"potentialAction\":[{\"@type\":\"SearchAction\",\"target\":{\"@type\":\"EntryPoint\",\"urlTemplate\":\"https:\/\/bobea.net\/?s={search_term_string}\"},\"query-input\":{\"@type\":\"PropertyValueSpecification\",\"valueRequired\":true,\"valueName\":\"search_term_string\"}}],\"inLanguage\":\"fr-FR\"},{\"@type\":\"Organization\",\"@id\":\"https:\/\/bobea.net\/#organization\",\"name\":\"Bobea\",\"url\":\"https:\/\/bobea.net\/\",\"logo\":{\"@type\":\"ImageObject\",\"inLanguage\":\"fr-FR\",\"@id\":\"https:\/\/bobea.net\/#\/schema\/logo\/image\/\",\"url\":\"https:\/\/bobea.net\/wp-content\/uploads\/2024\/06\/bobea.jpg\",\"contentUrl\":\"https:\/\/bobea.net\/wp-content\/uploads\/2024\/06\/bobea.jpg\",\"width\":1080,\"height\":1080,\"caption\":\"Bobea\"},\"image\":{\"@id\":\"https:\/\/bobea.net\/#\/schema\/logo\/image\/\"},\"sameAs\":[\"https:\/\/web.facebook.com\/profile.php?id=61559252188416\"]},{\"@type\":\"Person\",\"@id\":\"https:\/\/bobea.net\/#\/schema\/person\/e7f45ef187918d7c956bf619dce90ccf\",\"name\":\"bobea.info\",\"image\":{\"@type\":\"ImageObject\",\"inLanguage\":\"fr-FR\",\"@id\":\"https:\/\/bobea.net\/#\/schema\/person\/image\/\",\"url\":\"https:\/\/secure.gravatar.com\/avatar\/36147980349df887ae30808df3e29474?s=96&d=mm&r=g\",\"contentUrl\":\"https:\/\/secure.gravatar.com\/avatar\/36147980349df887ae30808df3e29474?s=96&d=mm&r=g\",\"caption\":\"bobea.info\"},\"sameAs\":[\"https:\/\/bobea.net\"],\"url\":\"https:\/\/bobea.net\/index.php\/author\/bobea-info\/\"}]}<\/script>\n<!-- \/ Yoast SEO plugin. -->","yoast_head_json":{"title":"Les Tendances Maquillage Printemps-\u00c9t\u00e9 2024 : Retour au Naturel et \u00c9clat - Bobea","description":"Alors que la saison printemps-\u00e9t\u00e9 2024 approche, les tendances maquillage s'orientent vers un style plus naturel et lumineux.","robots":{"index":"index","follow":"follow","max-snippet":"max-snippet:-1","max-image-preview":"max-image-preview:large","max-video-preview":"max-video-preview:-1"},"canonical":"https:\/\/bobea.net\/index.php\/2024\/12\/24\/les-tendances-maquillage-printemps-ete-2024-retour-au-naturel-et-eclat\/","og_locale":"fr_FR","og_type":"article","og_title":"Les Tendances Maquillage Printemps-\u00c9t\u00e9 2024 : Retour au Naturel et \u00c9clat - Bobea","og_description":"Alors que la saison printemps-\u00e9t\u00e9 2024 approche, les tendances maquillage s'orientent vers un style plus naturel et lumineux.","og_url":"https:\/\/bobea.net\/index.php\/2024\/12\/24\/les-tendances-maquillage-printemps-ete-2024-retour-au-naturel-et-eclat\/","og_site_name":"Bobea","article_publisher":"https:\/\/web.facebook.com\/profile.php?id=61559252188416","article_published_time":"2024-12-24T19:51:49+00:00","article_modified_time":"2024-12-24T19:51:51+00:00","og_image":[{"width":1200,"height":630,"url":"https:\/\/bobea.net\/wp-content\/uploads\/2024\/12\/maquillage-peche.jpg","type":"image\/jpeg"}],"author":"bobea.info","twitter_card":"summary_large_image","twitter_misc":{"\u00c9crit par":"bobea.info","Dur\u00e9e de lecture estim\u00e9e":"2 minutes"},"schema":{"@context":"https:\/\/schema.org","@graph":[{"@type":"Article","@id":"https:\/\/bobea.net\/index.php\/2024\/12\/24\/les-tendances-maquillage-printemps-ete-2024-retour-au-naturel-et-eclat\/#article","isPartOf":{"@id":"https:\/\/bobea.net\/index.php\/2024\/12\/24\/les-tendances-maquillage-printemps-ete-2024-retour-au-naturel-et-eclat\/"},"author":{"name":"bobea.info","@id":"https:\/\/bobea.net\/#\/schema\/person\/e7f45ef187918d7c956bf619dce90ccf"},"headline":"Les Tendances Maquillage Printemps-\u00c9t\u00e9 2024 : Retour au Naturel et \u00c9clat","datePublished":"2024-12-24T19:51:49+00:00","dateModified":"2024-12-24T19:51:51+00:00","mainEntityOfPage":{"@id":"https:\/\/bobea.net\/index.php\/2024\/12\/24\/les-tendances-maquillage-printemps-ete-2024-retour-au-naturel-et-eclat\/"},"wordCount":332,"commentCount":0,"publisher":{"@id":"https:\/\/bobea.net\/#organization"},"image":{"@id":"https:\/\/bobea.net\/index.php\/2024\/12\/24\/les-tendances-maquillage-printemps-ete-2024-retour-au-naturel-et-eclat\/#primaryimage"},"thumbnailUrl":"https:\/\/bobea.net\/wp-content\/uploads\/2024\/12\/maquillage-peche.jpg","keywords":["saison printemps-\u00e9t\u00e9"],"articleSection":["Beaut\u00e9"],"inLanguage":"fr-FR","potentialAction":[{"@type":"CommentAction","name":"Comment","target":["https:\/\/bobea.net\/index.php\/2024\/12\/24\/les-tendances-maquillage-printemps-ete-2024-retour-au-naturel-et-eclat\/#respond"]}]},{"@type":"WebPage","@id":"https:\/\/bobea.net\/index.php\/2024\/12\/24\/les-tendances-maquillage-printemps-ete-2024-retour-au-naturel-et-eclat\/","url":"https:\/\/bobea.net\/index.php\/2024\/12\/24\/les-tendances-maquillage-printemps-ete-2024-retour-au-naturel-et-eclat\/","name":"Les Tendances Maquillage Printemps-\u00c9t\u00e9 2024 : Retour au Naturel et \u00c9clat - Bobea","isPartOf":{"@id":"https:\/\/bobea.net\/#website"},"primaryImageOfPage":{"@id":"https:\/\/bobea.net\/index.php\/2024\/12\/24\/les-tendances-maquillage-printemps-ete-2024-retour-au-naturel-et-eclat\/#primaryimage"},"image":{"@id":"https:\/\/bobea.net\/index.php\/2024\/12\/24\/les-tendances-maquillage-printemps-ete-2024-retour-au-naturel-et-eclat\/#primaryimage"},"thumbnailUrl":"https:\/\/bobea.net\/wp-content\/uploads\/2024\/12\/maquillage-peche.jpg","datePublished":"2024-12-24T19:51:49+00:00","dateModified":"2024-12-24T19:51:51+00:00","description":"Alors que la saison printemps-\u00e9t\u00e9 2024 approche, les tendances maquillage s'orientent vers un style plus naturel et lumineux.","breadcrumb":{"@id":"https:\/\/bobea.net\/index.php\/2024\/12\/24\/les-tendances-maquillage-printemps-ete-2024-retour-au-naturel-et-eclat\/#breadcrumb"},"inLanguage":"fr-FR","potentialAction":[{"@type":"ReadAction","target":["https:\/\/bobea.net\/index.php\/2024\/12\/24\/les-tendances-maquillage-printemps-ete-2024-retour-au-naturel-et-eclat\/"]}]},{"@type":"ImageObject","inLanguage":"fr-FR","@id":"https:\/\/bobea.net\/index.php\/2024\/12\/24\/les-tendances-maquillage-printemps-ete-2024-retour-au-naturel-et-eclat\/#primaryimage","url":"https:\/\/bobea.net\/wp-content\/uploads\/2024\/12\/maquillage-peche.jpg","contentUrl":"https:\/\/bobea.net\/wp-content\/uploads\/2024\/12\/maquillage-peche.jpg","width":1200,"height":630,"caption":"Les Tendances Maquillage Printemps-\u00c9t\u00e9 2024 : Retour au Naturel et \u00c9clat"},{"@type":"BreadcrumbList","@id":"https:\/\/bobea.net\/index.php\/2024\/12\/24\/les-tendances-maquillage-printemps-ete-2024-retour-au-naturel-et-eclat\/#breadcrumb","itemListElement":[{"@type":"ListItem","position":1,"name":"Accueil","item":"https:\/\/bobea.net\/"},{"@type":"ListItem","position":2,"name":"Les Tendances Maquillage Printemps-\u00c9t\u00e9 2024 : Retour au Naturel et \u00c9clat"}]},{"@type":"WebSite","@id":"https:\/\/bobea.net\/#website","url":"https:\/\/bobea.net\/","name":"Bobea","description":"Le magazine de la nouvelle \u00c8ve","publisher":{"@id":"https:\/\/bobea.net\/#organization"},"potentialAction":[{"@type":"SearchAction","target":{"@type":"EntryPoint","urlTemplate":"https:\/\/bobea.net\/?s={search_term_string}"},"query-input":{"@type":"PropertyValueSpecification","valueRequired":true,"valueName":"search_term_string"}}],"inLanguage":"fr-FR"},{"@type":"Organization","@id":"https:\/\/bobea.net\/#organization","name":"Bobea","url":"https:\/\/bobea.net\/","logo":{"@type":"ImageObject","inLanguage":"fr-FR","@id":"https:\/\/bobea.net\/#\/schema\/logo\/image\/","url":"https:\/\/bobea.net\/wp-content\/uploads\/2024\/06\/bobea.jpg","contentUrl":"https:\/\/bobea.net\/wp-content\/uploads\/2024\/06\/bobea.jpg","width":1080,"height":1080,"caption":"Bobea"},"image":{"@id":"https:\/\/bobea.net\/#\/schema\/logo\/image\/"},"sameAs":["https:\/\/web.facebook.com\/profile.php?id=61559252188416"]},{"@type":"Person","@id":"https:\/\/bobea.net\/#\/schema\/person\/e7f45ef187918d7c956bf619dce90ccf","name":"bobea.info","image":{"@type":"ImageObject","inLanguage":"fr-FR","@id":"https:\/\/bobea.net\/#\/schema\/person\/image\/","url":"https:\/\/secure.gravatar.com\/avatar\/36147980349df887ae30808df3e29474?s=96&d=mm&r=g","contentUrl":"https:\/\/secure.gravatar.com\/avatar\/36147980349df887ae30808df3e29474?s=96&d=mm&r=g","caption":"bobea.info"},"sameAs":["https:\/\/bobea.net"],"url":"https:\/\/bobea.net\/index.php\/author\/bobea-info\/"}]}},"_links":{"self":[{"href":"https:\/\/bobea.net\/index.php\/wp-json\/wp\/v2\/posts\/6168"}],"collection":[{"href":"https:\/\/bobea.net\/index.php\/wp-json\/wp\/v2\/posts"}],"about":[{"href":"https:\/\/bobea.net\/index.php\/wp-json\/wp\/v2\/types\/post"}],"author":[{"embeddable":true,"href":"https:\/\/bobea.net\/index.php\/wp-json\/wp\/v2\/users\/1"}],"replies":[{"embeddable":true,"href":"https:\/\/bobea.net\/index.php\/wp-json\/wp\/v2\/comments?post=6168"}],"version-history":[{"count":0,"href":"https:\/\/bobea.net\/index.php\/wp-json\/wp\/v2\/posts\/6168\/revisions"}],"wp:featuredmedia":[{"embeddable":true,"href":"https:\/\/bobea.net\/index.php\/wp-json\/wp\/v2\/media\/6169"}],"wp:attachment":[{"href":"https:\/\/bobea.net\/index.php\/wp-json\/wp\/v2\/media?parent=6168"}],"wp:term":[{"taxonomy":"category","embeddable":true,"href":"https:\/\/bobea.net\/index.php\/wp-json\/wp\/v2\/categories?post=6168"},{"taxonomy":"post_tag","embeddable":true,"href":"https:\/\/bobea.net\/index.php\/wp-json\/wp\/v2\/tags?post=6168"}],"curies":[{"name":"wp","href":"https:\/\/api.w.org\/{rel}","templated":true}]}}