{"id":6165,"date":"2024-12-24T19:48:17","date_gmt":"2024-12-24T19:48:17","guid":{"rendered":"https:\/\/bobea.net\/?p=6165"},"modified":"2024-12-24T19:48:18","modified_gmt":"2024-12-24T19:48:18","slug":"le-premier-ministre-slovaque-recu-a-moscou-une-visite-controversee-qui-souleve-des-questions","status":"publish","type":"post","link":"https:\/\/bobea.net\/index.php\/2024\/12\/24\/le-premier-ministre-slovaque-recu-a-moscou-une-visite-controversee-qui-souleve-des-questions\/","title":{"rendered":"Le Premier Ministre Slovaque Re\u00e7u \u00e0 Moscou : Une Visite Controvers\u00e9e qui Soul\u00e8ve des Questions"},"content":{"rendered":"\n<p>Robert Fico, Pre\u00admier min\u00adistre slo\u00advaque, a \u00e9t\u00e9 re\u00e7u r\u00e9cem\u00adment par Vladimir Pou\u00adtine lors d\u2019une vis\u00adite con\u00adtro\u00adver\u00ads\u00e9e \u00e0 Moscou. Cette ren\u00adcon\u00adtre inter\u00advient alors que Fico a sus\u00adpendu son aide mil\u00adi\u00adtaire \u00e0 l\u2019Ukraine, sus\u00adci\u00adtant des inqui\u00e9\u00adtudes par\u00admi ses alli\u00e9s europ\u00e9ens.<\/p>\n\n\n\n<p>Con\u00adtexte g\u00e9opoli\u00adtique<\/p>\n\n\n\n<p>Fico est con\u00adsid\u00ad\u00e9r\u00e9 comme l\u2019un des rares dirigeants europ\u00e9ens \u00e0 main\u00adtenir un con\u00adtact \u00e9troit avec le Krem\u00adlin. Sa vis\u00adite soul\u00e8ve plusieurs ques\u00adtions quant aux moti\u00adva\u00adtions der\u00adri\u00e8re cette ren\u00adcon\u00adtre :<\/p>\n\n\n\n<ol start=\"1\" class=\"wp-block-list\">\n<li><strong>Strat\u00e9gie poli\u00adtique int\u00e9rieure<\/strong>&nbsp;: Fico cherche-t-il \u00e0 ren\u00adforcer son sou\u00adtien poli\u00adtique face aux cri\u00adtiques crois\u00adsantes con\u00adcer\u00adnant sa posi\u00adtion sur l\u2019Ukraine ?<\/li>\n\n\n\n<li><strong>Rela\u00adtions avec Moscou<\/strong>&nbsp;: Quelle est la nature exacte du dia\u00adlogue entre Bratisla\u00adva et Moscou ?<\/li>\n<\/ol>\n\n\n\n<p>R\u00e9ac\u00adtions inter\u00adna\u00adtionales<\/p>\n\n\n\n<p>La vis\u00adite a provo\u00adqu\u00e9 divers\u00ades r\u00e9ac\u00adtions :<\/p>\n\n\n\n<ul class=\"wp-block-list\">\n<li><strong>Cri\u00adtiques au sein de l\u2019UE<\/strong>&nbsp;: De nom\u00adbreux pays europ\u00e9ens expri\u00adment leur pr\u00e9oc\u00adcu\u00adpa\u00adtion face aux rap\u00adproche\u00adments avec Moscou.<\/li>\n\n\n\n<li><strong>Sou\u00adtien pop\u00adu\u00adlaire mit\u00adig\u00e9<\/strong>&nbsp;: Bien que cer\u00adtains sou\u00adti\u00aden\u00adnent une approche diplo\u00adma\u00adtique envers la Russie, d\u2019autres craig\u00adnent que cela ne com\u00adpro\u00admette le sou\u00adtien europ\u00e9en envers l\u2019Ukraine.<\/li>\n<\/ul>\n\n\n\n<p>Impli\u00adca\u00adtions pour l\u2019avenir<\/p>\n\n\n\n<p>Cette vis\u00adite pour\u00adrait avoir plusieurs con\u00ads\u00e9quences impor\u00adtantes :<\/p>\n\n\n\n<ol start=\"1\" class=\"wp-block-list\">\n<li><strong>Affaib\u00adlisse\u00adment du con\u00adsen\u00adsus europ\u00e9en<\/strong>&nbsp;: Si d\u2019autres pays suiv\u00adent cet exem\u00adple, cela pour\u00adrait affaib\u00adlir le front uni con\u00adtre l\u2019a\u00adgres\u00adsion russe.<\/li>\n\n\n\n<li><strong>Dynamique interne slo\u00advaque<\/strong>&nbsp;: Fico pour\u00adrait ren\u00adforcer sa posi\u00adtion poli\u00adtique domes\u00adtique tout en nav\u00adiguant entre pres\u00adsions ext\u00e9rieures et attentes internes.<\/li>\n<\/ol>\n\n\n\n<p>Con\u00adclu\u00adsion<\/p>\n\n\n\n<p>La ren\u00adcon\u00adtre entre Robert Fico et Vladimir Pou\u00adtine souligne les ten\u00adsions per\u00adsis\u00adtantes au sein de l\u2019U\u00adnion europ\u00e9enne con\u00adcer\u00adnant la r\u00e9ponse col\u00adlec\u00adtive face aux actions russ\u00ades. Alors que le monde observe atten\u00adtive\u00adment ces d\u00e9veloppe\u00adments, il est cru\u00adcial que les dirigeants europ\u00e9ens restent fer\u00admes dans leur engage\u00adment envers la sol\u00adi\u00addar\u00adit\u00e9 avec l\u2019Ukraine tout en explo\u00adrant toutes les avenues diplo\u00adma\u00adtiques pos\u00adsi\u00adbles pour garan\u00adtir la paix et la sta\u00adbil\u00adit\u00e9 dans la r\u00e9gion<\/p>\n","protected":false},"excerpt":{"rendered":"<p>Robert Fico, Pre\u00admier min\u00adistre slo\u00advaque, a \u00e9t\u00e9 re\u00e7u r\u00e9cem\u00adment par Vladimir Pou\u00adtine lors d\u2019une vis\u00adite con\u00adtro\u00adver\u00ads\u00e9e \u00e0 Moscou. Cette ren\u00adcon\u00adtre inter\u00advient alors que Fico a sus\u00adpendu son aide mil\u00adi\u00adtaire \u00e0\u2026 <\/p>\n","protected":false},"author":1,"featured_media":6166,"comment_status":"open","ping_status":"open","sticky":false,"template":"","format":"standard","meta":{"wp_typography_post_enhancements_disabled":false,"footnotes":""},"categories":[73],"tags":[8399,8400],"class_list":["post-6165","post","type-post","status-publish","format-standard","has-post-thumbnail","hentry","category-on-en-parle","tag-premier-ministre-slovaque","tag-robert-fico"],"yoast_head":"<!-- This site is optimized with the Yoast SEO plugin v24.7 - https:\/\/yoast.com\/wordpress\/plugins\/seo\/ -->\n<title>Le Premier Ministre Slovaque Re\u00e7u \u00e0 Moscou : Une Visite Controvers\u00e9e qui Soul\u00e8ve des Questions - Bobea<\/title>\n<meta name=\"robots\" content=\"index, follow, max-snippet:-1, max-image-preview:large, max-video-preview:-1\" \/>\n<link rel=\"canonical\" href=\"https:\/\/bobea.net\/index.php\/2024\/12\/24\/le-premier-ministre-slovaque-recu-a-moscou-une-visite-controversee-qui-souleve-des-questions\/\" \/>\n<meta property=\"og:locale\" content=\"fr_FR\" \/>\n<meta property=\"og:type\" content=\"article\" \/>\n<meta property=\"og:title\" content=\"Le Premier Ministre Slovaque Re\u00e7u \u00e0 Moscou : Une Visite Controvers\u00e9e qui Soul\u00e8ve des Questions - Bobea\" \/>\n<meta property=\"og:description\" content=\"Robert Fico, Pre\u00admier min\u00adistre slo\u00advaque, a \u00e9t\u00e9 re\u00e7u r\u00e9cem\u00adment par Vladimir Pou\u00adtine lors d\u2019une vis\u00adite con\u00adtro\u00adver\u00ads\u00e9e \u00e0 Moscou. Cette ren\u00adcon\u00adtre inter\u00advient alors que Fico a sus\u00adpendu son aide mil\u00adi\u00adtaire \u00e0&hellip;\" \/>\n<meta property=\"og:url\" content=\"https:\/\/bobea.net\/index.php\/2024\/12\/24\/le-premier-ministre-slovaque-recu-a-moscou-une-visite-controversee-qui-souleve-des-questions\/\" \/>\n<meta property=\"og:site_name\" content=\"Bobea\" \/>\n<meta property=\"article:publisher\" content=\"https:\/\/web.facebook.com\/profile.php?id=61559252188416\" \/>\n<meta property=\"article:published_time\" content=\"2024-12-24T19:48:17+00:00\" \/>\n<meta property=\"article:modified_time\" content=\"2024-12-24T19:48:18+00:00\" \/>\n<meta property=\"og:image\" content=\"https:\/\/bobea.net\/wp-content\/uploads\/2024\/12\/d3f5f495fd_fico.webp\" \/>\n\t<meta property=\"og:image:width\" content=\"800\" \/>\n\t<meta property=\"og:image:height\" content=\"504\" \/>\n\t<meta property=\"og:image:type\" content=\"image\/webp\" \/>\n<meta name=\"author\" content=\"bobea.info\" \/>\n<meta name=\"twitter:card\" content=\"summary_large_image\" \/>\n<meta name=\"twitter:label1\" content=\"\u00c9crit par\" \/>\n\t<meta name=\"twitter:data1\" content=\"bobea.info\" \/>\n\t<meta name=\"twitter:label2\" content=\"Dur\u00e9e de lecture estim\u00e9e\" \/>\n\t<meta name=\"twitter:data2\" content=\"2 minutes\" \/>\n<script type=\"application\/ld+json\" class=\"yoast-schema-graph\">{\"@context\":\"https:\/\/schema.org\",\"@graph\":[{\"@type\":\"Article\",\"@id\":\"https:\/\/bobea.net\/index.php\/2024\/12\/24\/le-premier-ministre-slovaque-recu-a-moscou-une-visite-controversee-qui-souleve-des-questions\/#article\",\"isPartOf\":{\"@id\":\"https:\/\/bobea.net\/index.php\/2024\/12\/24\/le-premier-ministre-slovaque-recu-a-moscou-une-visite-controversee-qui-souleve-des-questions\/\"},\"author\":{\"name\":\"bobea.info\",\"@id\":\"https:\/\/bobea.net\/#\/schema\/person\/e7f45ef187918d7c956bf619dce90ccf\"},\"headline\":\"Le Premier Ministre Slovaque Re\u00e7u \u00e0 Moscou : Une Visite Controvers\u00e9e qui Soul\u00e8ve des Questions\",\"datePublished\":\"2024-12-24T19:48:17+00:00\",\"dateModified\":\"2024-12-24T19:48:18+00:00\",\"mainEntityOfPage\":{\"@id\":\"https:\/\/bobea.net\/index.php\/2024\/12\/24\/le-premier-ministre-slovaque-recu-a-moscou-une-visite-controversee-qui-souleve-des-questions\/\"},\"wordCount\":317,\"commentCount\":0,\"publisher\":{\"@id\":\"https:\/\/bobea.net\/#organization\"},\"image\":{\"@id\":\"https:\/\/bobea.net\/index.php\/2024\/12\/24\/le-premier-ministre-slovaque-recu-a-moscou-une-visite-controversee-qui-souleve-des-questions\/#primaryimage\"},\"thumbnailUrl\":\"https:\/\/bobea.net\/wp-content\/uploads\/2024\/12\/d3f5f495fd_fico.webp\",\"keywords\":[\"Premier ministre slovaque\",\"Robert Fico\"],\"articleSection\":[\"On en Parle\"],\"inLanguage\":\"fr-FR\",\"potentialAction\":[{\"@type\":\"CommentAction\",\"name\":\"Comment\",\"target\":[\"https:\/\/bobea.net\/index.php\/2024\/12\/24\/le-premier-ministre-slovaque-recu-a-moscou-une-visite-controversee-qui-souleve-des-questions\/#respond\"]}]},{\"@type\":\"WebPage\",\"@id\":\"https:\/\/bobea.net\/index.php\/2024\/12\/24\/le-premier-ministre-slovaque-recu-a-moscou-une-visite-controversee-qui-souleve-des-questions\/\",\"url\":\"https:\/\/bobea.net\/index.php\/2024\/12\/24\/le-premier-ministre-slovaque-recu-a-moscou-une-visite-controversee-qui-souleve-des-questions\/\",\"name\":\"Le Premier Ministre Slovaque Re\u00e7u \u00e0 Moscou : Une Visite Controvers\u00e9e qui Soul\u00e8ve des Questions - Bobea\",\"isPartOf\":{\"@id\":\"https:\/\/bobea.net\/#website\"},\"primaryImageOfPage\":{\"@id\":\"https:\/\/bobea.net\/index.php\/2024\/12\/24\/le-premier-ministre-slovaque-recu-a-moscou-une-visite-controversee-qui-souleve-des-questions\/#primaryimage\"},\"image\":{\"@id\":\"https:\/\/bobea.net\/index.php\/2024\/12\/24\/le-premier-ministre-slovaque-recu-a-moscou-une-visite-controversee-qui-souleve-des-questions\/#primaryimage\"},\"thumbnailUrl\":\"https:\/\/bobea.net\/wp-content\/uploads\/2024\/12\/d3f5f495fd_fico.webp\",\"datePublished\":\"2024-12-24T19:48:17+00:00\",\"dateModified\":\"2024-12-24T19:48:18+00:00\",\"breadcrumb\":{\"@id\":\"https:\/\/bobea.net\/index.php\/2024\/12\/24\/le-premier-ministre-slovaque-recu-a-moscou-une-visite-controversee-qui-souleve-des-questions\/#breadcrumb\"},\"inLanguage\":\"fr-FR\",\"potentialAction\":[{\"@type\":\"ReadAction\",\"target\":[\"https:\/\/bobea.net\/index.php\/2024\/12\/24\/le-premier-ministre-slovaque-recu-a-moscou-une-visite-controversee-qui-souleve-des-questions\/\"]}]},{\"@type\":\"ImageObject\",\"inLanguage\":\"fr-FR\",\"@id\":\"https:\/\/bobea.net\/index.php\/2024\/12\/24\/le-premier-ministre-slovaque-recu-a-moscou-une-visite-controversee-qui-souleve-des-questions\/#primaryimage\",\"url\":\"https:\/\/bobea.net\/wp-content\/uploads\/2024\/12\/d3f5f495fd_fico.webp\",\"contentUrl\":\"https:\/\/bobea.net\/wp-content\/uploads\/2024\/12\/d3f5f495fd_fico.webp\",\"width\":800,\"height\":504,\"caption\":\"Le Premier Ministre Slovaque Re\u00e7u \u00e0 Moscou : Une Visite Controvers\u00e9e qui Soul\u00e8ve des Questions\"},{\"@type\":\"BreadcrumbList\",\"@id\":\"https:\/\/bobea.net\/index.php\/2024\/12\/24\/le-premier-ministre-slovaque-recu-a-moscou-une-visite-controversee-qui-souleve-des-questions\/#breadcrumb\",\"itemListElement\":[{\"@type\":\"ListItem\",\"position\":1,\"name\":\"Accueil\",\"item\":\"https:\/\/bobea.net\/\"},{\"@type\":\"ListItem\",\"position\":2,\"name\":\"Le Premier Ministre Slovaque Re\u00e7u \u00e0 Moscou : Une Visite Controvers\u00e9e qui Soul\u00e8ve des Questions\"}]},{\"@type\":\"WebSite\",\"@id\":\"https:\/\/bobea.net\/#website\",\"url\":\"https:\/\/bobea.net\/\",\"name\":\"Bobea\",\"description\":\"Le magazine de la nouvelle \u00c8ve\",\"publisher\":{\"@id\":\"https:\/\/bobea.net\/#organization\"},\"potentialAction\":[{\"@type\":\"SearchAction\",\"target\":{\"@type\":\"EntryPoint\",\"urlTemplate\":\"https:\/\/bobea.net\/?s={search_term_string}\"},\"query-input\":{\"@type\":\"PropertyValueSpecification\",\"valueRequired\":true,\"valueName\":\"search_term_string\"}}],\"inLanguage\":\"fr-FR\"},{\"@type\":\"Organization\",\"@id\":\"https:\/\/bobea.net\/#organization\",\"name\":\"Bobea\",\"url\":\"https:\/\/bobea.net\/\",\"logo\":{\"@type\":\"ImageObject\",\"inLanguage\":\"fr-FR\",\"@id\":\"https:\/\/bobea.net\/#\/schema\/logo\/image\/\",\"url\":\"https:\/\/bobea.net\/wp-content\/uploads\/2024\/06\/bobea.jpg\",\"contentUrl\":\"https:\/\/bobea.net\/wp-content\/uploads\/2024\/06\/bobea.jpg\",\"width\":1080,\"height\":1080,\"caption\":\"Bobea\"},\"image\":{\"@id\":\"https:\/\/bobea.net\/#\/schema\/logo\/image\/\"},\"sameAs\":[\"https:\/\/web.facebook.com\/profile.php?id=61559252188416\"]},{\"@type\":\"Person\",\"@id\":\"https:\/\/bobea.net\/#\/schema\/person\/e7f45ef187918d7c956bf619dce90ccf\",\"name\":\"bobea.info\",\"image\":{\"@type\":\"ImageObject\",\"inLanguage\":\"fr-FR\",\"@id\":\"https:\/\/bobea.net\/#\/schema\/person\/image\/\",\"url\":\"https:\/\/secure.gravatar.com\/avatar\/36147980349df887ae30808df3e29474?s=96&d=mm&r=g\",\"contentUrl\":\"https:\/\/secure.gravatar.com\/avatar\/36147980349df887ae30808df3e29474?s=96&d=mm&r=g\",\"caption\":\"bobea.info\"},\"sameAs\":[\"https:\/\/bobea.net\"],\"url\":\"https:\/\/bobea.net\/index.php\/author\/bobea-info\/\"}]}<\/script>\n<!-- \/ Yoast SEO plugin. -->","yoast_head_json":{"title":"Le Premier Ministre Slovaque Re\u00e7u \u00e0 Moscou : Une Visite Controvers\u00e9e qui Soul\u00e8ve des Questions - Bobea","robots":{"index":"index","follow":"follow","max-snippet":"max-snippet:-1","max-image-preview":"max-image-preview:large","max-video-preview":"max-video-preview:-1"},"canonical":"https:\/\/bobea.net\/index.php\/2024\/12\/24\/le-premier-ministre-slovaque-recu-a-moscou-une-visite-controversee-qui-souleve-des-questions\/","og_locale":"fr_FR","og_type":"article","og_title":"Le Premier Ministre Slovaque Re\u00e7u \u00e0 Moscou : Une Visite Controvers\u00e9e qui Soul\u00e8ve des Questions - Bobea","og_description":"Robert Fico, Pre\u00admier min\u00adistre slo\u00advaque, a \u00e9t\u00e9 re\u00e7u r\u00e9cem\u00adment par Vladimir Pou\u00adtine lors d\u2019une vis\u00adite con\u00adtro\u00adver\u00ads\u00e9e \u00e0 Moscou. Cette ren\u00adcon\u00adtre inter\u00advient alors que Fico a sus\u00adpendu son aide mil\u00adi\u00adtaire \u00e0&hellip;","og_url":"https:\/\/bobea.net\/index.php\/2024\/12\/24\/le-premier-ministre-slovaque-recu-a-moscou-une-visite-controversee-qui-souleve-des-questions\/","og_site_name":"Bobea","article_publisher":"https:\/\/web.facebook.com\/profile.php?id=61559252188416","article_published_time":"2024-12-24T19:48:17+00:00","article_modified_time":"2024-12-24T19:48:18+00:00","og_image":[{"width":800,"height":504,"url":"https:\/\/bobea.net\/wp-content\/uploads\/2024\/12\/d3f5f495fd_fico.webp","type":"image\/webp"}],"author":"bobea.info","twitter_card":"summary_large_image","twitter_misc":{"\u00c9crit par":"bobea.info","Dur\u00e9e de lecture estim\u00e9e":"2 minutes"},"schema":{"@context":"https:\/\/schema.org","@graph":[{"@type":"Article","@id":"https:\/\/bobea.net\/index.php\/2024\/12\/24\/le-premier-ministre-slovaque-recu-a-moscou-une-visite-controversee-qui-souleve-des-questions\/#article","isPartOf":{"@id":"https:\/\/bobea.net\/index.php\/2024\/12\/24\/le-premier-ministre-slovaque-recu-a-moscou-une-visite-controversee-qui-souleve-des-questions\/"},"author":{"name":"bobea.info","@id":"https:\/\/bobea.net\/#\/schema\/person\/e7f45ef187918d7c956bf619dce90ccf"},"headline":"Le Premier Ministre Slovaque Re\u00e7u \u00e0 Moscou : Une Visite Controvers\u00e9e qui Soul\u00e8ve des Questions","datePublished":"2024-12-24T19:48:17+00:00","dateModified":"2024-12-24T19:48:18+00:00","mainEntityOfPage":{"@id":"https:\/\/bobea.net\/index.php\/2024\/12\/24\/le-premier-ministre-slovaque-recu-a-moscou-une-visite-controversee-qui-souleve-des-questions\/"},"wordCount":317,"commentCount":0,"publisher":{"@id":"https:\/\/bobea.net\/#organization"},"image":{"@id":"https:\/\/bobea.net\/index.php\/2024\/12\/24\/le-premier-ministre-slovaque-recu-a-moscou-une-visite-controversee-qui-souleve-des-questions\/#primaryimage"},"thumbnailUrl":"https:\/\/bobea.net\/wp-content\/uploads\/2024\/12\/d3f5f495fd_fico.webp","keywords":["Premier ministre slovaque","Robert Fico"],"articleSection":["On en Parle"],"inLanguage":"fr-FR","potentialAction":[{"@type":"CommentAction","name":"Comment","target":["https:\/\/bobea.net\/index.php\/2024\/12\/24\/le-premier-ministre-slovaque-recu-a-moscou-une-visite-controversee-qui-souleve-des-questions\/#respond"]}]},{"@type":"WebPage","@id":"https:\/\/bobea.net\/index.php\/2024\/12\/24\/le-premier-ministre-slovaque-recu-a-moscou-une-visite-controversee-qui-souleve-des-questions\/","url":"https:\/\/bobea.net\/index.php\/2024\/12\/24\/le-premier-ministre-slovaque-recu-a-moscou-une-visite-controversee-qui-souleve-des-questions\/","name":"Le Premier Ministre Slovaque Re\u00e7u \u00e0 Moscou : Une Visite Controvers\u00e9e qui Soul\u00e8ve des Questions - Bobea","isPartOf":{"@id":"https:\/\/bobea.net\/#website"},"primaryImageOfPage":{"@id":"https:\/\/bobea.net\/index.php\/2024\/12\/24\/le-premier-ministre-slovaque-recu-a-moscou-une-visite-controversee-qui-souleve-des-questions\/#primaryimage"},"image":{"@id":"https:\/\/bobea.net\/index.php\/2024\/12\/24\/le-premier-ministre-slovaque-recu-a-moscou-une-visite-controversee-qui-souleve-des-questions\/#primaryimage"},"thumbnailUrl":"https:\/\/bobea.net\/wp-content\/uploads\/2024\/12\/d3f5f495fd_fico.webp","datePublished":"2024-12-24T19:48:17+00:00","dateModified":"2024-12-24T19:48:18+00:00","breadcrumb":{"@id":"https:\/\/bobea.net\/index.php\/2024\/12\/24\/le-premier-ministre-slovaque-recu-a-moscou-une-visite-controversee-qui-souleve-des-questions\/#breadcrumb"},"inLanguage":"fr-FR","potentialAction":[{"@type":"ReadAction","target":["https:\/\/bobea.net\/index.php\/2024\/12\/24\/le-premier-ministre-slovaque-recu-a-moscou-une-visite-controversee-qui-souleve-des-questions\/"]}]},{"@type":"ImageObject","inLanguage":"fr-FR","@id":"https:\/\/bobea.net\/index.php\/2024\/12\/24\/le-premier-ministre-slovaque-recu-a-moscou-une-visite-controversee-qui-souleve-des-questions\/#primaryimage","url":"https:\/\/bobea.net\/wp-content\/uploads\/2024\/12\/d3f5f495fd_fico.webp","contentUrl":"https:\/\/bobea.net\/wp-content\/uploads\/2024\/12\/d3f5f495fd_fico.webp","width":800,"height":504,"caption":"Le Premier Ministre Slovaque Re\u00e7u \u00e0 Moscou : Une Visite Controvers\u00e9e qui Soul\u00e8ve des Questions"},{"@type":"BreadcrumbList","@id":"https:\/\/bobea.net\/index.php\/2024\/12\/24\/le-premier-ministre-slovaque-recu-a-moscou-une-visite-controversee-qui-souleve-des-questions\/#breadcrumb","itemListElement":[{"@type":"ListItem","position":1,"name":"Accueil","item":"https:\/\/bobea.net\/"},{"@type":"ListItem","position":2,"name":"Le Premier Ministre Slovaque Re\u00e7u \u00e0 Moscou : Une Visite Controvers\u00e9e qui Soul\u00e8ve des Questions"}]},{"@type":"WebSite","@id":"https:\/\/bobea.net\/#website","url":"https:\/\/bobea.net\/","name":"Bobea","description":"Le magazine de la nouvelle \u00c8ve","publisher":{"@id":"https:\/\/bobea.net\/#organization"},"potentialAction":[{"@type":"SearchAction","target":{"@type":"EntryPoint","urlTemplate":"https:\/\/bobea.net\/?s={search_term_string}"},"query-input":{"@type":"PropertyValueSpecification","valueRequired":true,"valueName":"search_term_string"}}],"inLanguage":"fr-FR"},{"@type":"Organization","@id":"https:\/\/bobea.net\/#organization","name":"Bobea","url":"https:\/\/bobea.net\/","logo":{"@type":"ImageObject","inLanguage":"fr-FR","@id":"https:\/\/bobea.net\/#\/schema\/logo\/image\/","url":"https:\/\/bobea.net\/wp-content\/uploads\/2024\/06\/bobea.jpg","contentUrl":"https:\/\/bobea.net\/wp-content\/uploads\/2024\/06\/bobea.jpg","width":1080,"height":1080,"caption":"Bobea"},"image":{"@id":"https:\/\/bobea.net\/#\/schema\/logo\/image\/"},"sameAs":["https:\/\/web.facebook.com\/profile.php?id=61559252188416"]},{"@type":"Person","@id":"https:\/\/bobea.net\/#\/schema\/person\/e7f45ef187918d7c956bf619dce90ccf","name":"bobea.info","image":{"@type":"ImageObject","inLanguage":"fr-FR","@id":"https:\/\/bobea.net\/#\/schema\/person\/image\/","url":"https:\/\/secure.gravatar.com\/avatar\/36147980349df887ae30808df3e29474?s=96&d=mm&r=g","contentUrl":"https:\/\/secure.gravatar.com\/avatar\/36147980349df887ae30808df3e29474?s=96&d=mm&r=g","caption":"bobea.info"},"sameAs":["https:\/\/bobea.net"],"url":"https:\/\/bobea.net\/index.php\/author\/bobea-info\/"}]}},"_links":{"self":[{"href":"https:\/\/bobea.net\/index.php\/wp-json\/wp\/v2\/posts\/6165"}],"collection":[{"href":"https:\/\/bobea.net\/index.php\/wp-json\/wp\/v2\/posts"}],"about":[{"href":"https:\/\/bobea.net\/index.php\/wp-json\/wp\/v2\/types\/post"}],"author":[{"embeddable":true,"href":"https:\/\/bobea.net\/index.php\/wp-json\/wp\/v2\/users\/1"}],"replies":[{"embeddable":true,"href":"https:\/\/bobea.net\/index.php\/wp-json\/wp\/v2\/comments?post=6165"}],"version-history":[{"count":0,"href":"https:\/\/bobea.net\/index.php\/wp-json\/wp\/v2\/posts\/6165\/revisions"}],"wp:featuredmedia":[{"embeddable":true,"href":"https:\/\/bobea.net\/index.php\/wp-json\/wp\/v2\/media\/6166"}],"wp:attachment":[{"href":"https:\/\/bobea.net\/index.php\/wp-json\/wp\/v2\/media?parent=6165"}],"wp:term":[{"taxonomy":"category","embeddable":true,"href":"https:\/\/bobea.net\/index.php\/wp-json\/wp\/v2\/categories?post=6165"},{"taxonomy":"post_tag","embeddable":true,"href":"https:\/\/bobea.net\/index.php\/wp-json\/wp\/v2\/tags?post=6165"}],"curies":[{"name":"wp","href":"https:\/\/api.w.org\/{rel}","templated":true}]}}