{"id":6122,"date":"2024-12-21T20:24:06","date_gmt":"2024-12-21T20:24:06","guid":{"rendered":"https:\/\/bobea.net\/?p=6122"},"modified":"2024-12-21T20:24:19","modified_gmt":"2024-12-21T20:24:19","slug":"les-heroines-oubliees-du-feminisme-des-figures-historiques-a-redecouvrir","status":"publish","type":"post","link":"https:\/\/bobea.net\/index.php\/2024\/12\/21\/les-heroines-oubliees-du-feminisme-des-figures-historiques-a-redecouvrir\/","title":{"rendered":"Les h\u00e9ro\u00efnes oubli\u00e9es du f\u00e9minisme : des figures historiques \u00e0 red\u00e9couvrir"},"content":{"rendered":"\n<p>L\u2019his\u00adtoire du f\u00e9min\u00adisme est jalon\u00adn\u00e9e de fig\u00adures embl\u00e9\u00adma\u00adtiques, mais cer\u00adtaines h\u00e9ro\u00efnes ont \u00e9t\u00e9 injuste\u00adment oubli\u00e9es. Cet arti\u00adcle met en lumi\u00e8re ces femmes qui ont jou\u00e9 un r\u00f4le cru\u00adcial dans la lutte pour l\u2019\u00e9\u00adgal\u00adit\u00e9 des sex\u00ades, mais dont les con\u00adtri\u00adbu\u00adtions sont sou\u00advent n\u00e9g\u00adlig\u00e9es.<\/p>\n\n\n\n<p><strong>Des pio\u00adnni\u00e8res m\u00e9con\u00adnues<\/strong><\/p>\n\n\n\n<ul class=\"wp-block-list\">\n<li><strong>Sojourn\u00ader Truth<\/strong>&nbsp;: N\u00e9e esclave, elle a pronon\u00adc\u00e9 son c\u00e9l\u00e8bre dis\u00adcours \u201cAin\u2019t I a Woman?\u201d en 1851, plaidant pour les droits des femmes et l\u2019\u00e9\u00adgal\u00adit\u00e9 raciale.<\/li>\n\n\n\n<li><strong>Alice Paul<\/strong>&nbsp;: Une mil\u00adi\u00adtante am\u00e9ri\u00adcaine qui a jou\u00e9 un r\u00f4le cl\u00e9 dans l\u2019ob\u00adten\u00adtion du droit de vote pour les femmes aux \u00c9tats-Unis en 1920. Elle a \u00e9gale\u00adment \u00e9t\u00e9 une fer\u00advente d\u00e9fenseure du droit \u00e0 l\u2019\u00e9\u00adgal\u00adit\u00e9 salar\u00adi\u00adale.<\/li>\n<\/ul>\n\n\n\n<p><strong>Leur h\u00e9ritage aujour\u00add\u2019hui<\/strong><\/p>\n\n\n\n<p>Ces femmes ont ouvert la voie \u00e0 des g\u00e9n\u00e9ra\u00adtions futures de f\u00e9min\u00adistes. Leur courage et leur d\u00e9ter\u00admi\u00adna\u00adtion con\u00adtin\u00adu\u00adent d\u2019in\u00adspir\u00ader ceux qui se bat\u00adtent pour l\u2019\u00e9\u00adgal\u00adit\u00e9 aujour\u00add\u2019hui.<\/p>\n\n\n\n<p><strong>Con\u00adclu\u00adsion : hon\u00ador\u00ader leur m\u00e9moire<\/strong><\/p>\n\n\n\n<p>Il est essen\u00adtiel de redonner vie \u00e0 ces his\u00adtoires afin que les nou\u00advelles g\u00e9n\u00e9ra\u00adtions puis\u00adsent s\u2019en inspir\u00ader. Leurs luttes doivent \u00eatre recon\u00adnues comme une par\u00adtie int\u00e9\u00adgrante du mou\u00adve\u00adment f\u00e9min\u00adiste.<\/p>\n","protected":false},"excerpt":{"rendered":"<p>L\u2019his\u00adtoire du f\u00e9min\u00adisme est jalon\u00adn\u00e9e de fig\u00adures embl\u00e9\u00adma\u00adtiques, mais cer\u00adtaines h\u00e9ro\u00efnes ont \u00e9t\u00e9 injuste\u00adment oubli\u00e9es. Cet arti\u00adcle met en lumi\u00e8re ces femmes qui ont jou\u00e9 un r\u00f4le cru\u00adcial dans la\u2026 <\/p>\n","protected":false},"author":1,"featured_media":6123,"comment_status":"open","ping_status":"open","sticky":false,"template":"","format":"standard","meta":{"wp_typography_post_enhancements_disabled":false,"footnotes":""},"categories":[74],"tags":[],"class_list":["post-6122","post","type-post","status-publish","format-standard","has-post-thumbnail","hentry","category-gloria"],"yoast_head":"<!-- This site is optimized with the Yoast SEO plugin v24.7 - https:\/\/yoast.com\/wordpress\/plugins\/seo\/ -->\n<title>Les h\u00e9ro\u00efnes oubli\u00e9es du f\u00e9minisme : des figures historiques \u00e0 red\u00e9couvrir - Bobea<\/title>\n<meta name=\"description\" content=\"L&#039;histoire du f\u00e9minisme est jalonn\u00e9e de figures embl\u00e9matiques, mais certaines h\u00e9ro\u00efnes ont \u00e9t\u00e9 injustement oubli\u00e9es.\" \/>\n<meta name=\"robots\" content=\"index, follow, max-snippet:-1, max-image-preview:large, max-video-preview:-1\" \/>\n<link rel=\"canonical\" href=\"https:\/\/bobea.net\/index.php\/2024\/12\/21\/les-heroines-oubliees-du-feminisme-des-figures-historiques-a-redecouvrir\/\" \/>\n<meta property=\"og:locale\" content=\"fr_FR\" \/>\n<meta property=\"og:type\" content=\"article\" \/>\n<meta property=\"og:title\" content=\"Les h\u00e9ro\u00efnes oubli\u00e9es du f\u00e9minisme : des figures historiques \u00e0 red\u00e9couvrir - Bobea\" \/>\n<meta property=\"og:description\" content=\"L&#039;histoire du f\u00e9minisme est jalonn\u00e9e de figures embl\u00e9matiques, mais certaines h\u00e9ro\u00efnes ont \u00e9t\u00e9 injustement oubli\u00e9es.\" \/>\n<meta property=\"og:url\" content=\"https:\/\/bobea.net\/index.php\/2024\/12\/21\/les-heroines-oubliees-du-feminisme-des-figures-historiques-a-redecouvrir\/\" \/>\n<meta property=\"og:site_name\" content=\"Bobea\" \/>\n<meta property=\"article:publisher\" content=\"https:\/\/web.facebook.com\/profile.php?id=61559252188416\" \/>\n<meta property=\"article:published_time\" content=\"2024-12-21T20:24:06+00:00\" \/>\n<meta property=\"article:modified_time\" content=\"2024-12-21T20:24:19+00:00\" \/>\n<meta property=\"og:image\" content=\"https:\/\/bobea.net\/wp-content\/uploads\/2024\/12\/heroines-historiques-cover.png\" \/>\n\t<meta property=\"og:image:width\" content=\"1050\" \/>\n\t<meta property=\"og:image:height\" content=\"550\" \/>\n\t<meta property=\"og:image:type\" content=\"image\/png\" \/>\n<meta name=\"author\" content=\"bobea.info\" \/>\n<meta name=\"twitter:card\" content=\"summary_large_image\" \/>\n<meta name=\"twitter:label1\" content=\"\u00c9crit par\" \/>\n\t<meta name=\"twitter:data1\" content=\"bobea.info\" \/>\n\t<meta name=\"twitter:label2\" content=\"Dur\u00e9e de lecture estim\u00e9e\" \/>\n\t<meta name=\"twitter:data2\" content=\"2 minutes\" \/>\n<script type=\"application\/ld+json\" class=\"yoast-schema-graph\">{\"@context\":\"https:\/\/schema.org\",\"@graph\":[{\"@type\":\"Article\",\"@id\":\"https:\/\/bobea.net\/index.php\/2024\/12\/21\/les-heroines-oubliees-du-feminisme-des-figures-historiques-a-redecouvrir\/#article\",\"isPartOf\":{\"@id\":\"https:\/\/bobea.net\/index.php\/2024\/12\/21\/les-heroines-oubliees-du-feminisme-des-figures-historiques-a-redecouvrir\/\"},\"author\":{\"name\":\"bobea.info\",\"@id\":\"https:\/\/bobea.net\/#\/schema\/person\/e7f45ef187918d7c956bf619dce90ccf\"},\"headline\":\"Les h\u00e9ro\u00efnes oubli\u00e9es du f\u00e9minisme : des figures historiques \u00e0 red\u00e9couvrir\",\"datePublished\":\"2024-12-21T20:24:06+00:00\",\"dateModified\":\"2024-12-21T20:24:19+00:00\",\"mainEntityOfPage\":{\"@id\":\"https:\/\/bobea.net\/index.php\/2024\/12\/21\/les-heroines-oubliees-du-feminisme-des-figures-historiques-a-redecouvrir\/\"},\"wordCount\":216,\"commentCount\":0,\"publisher\":{\"@id\":\"https:\/\/bobea.net\/#organization\"},\"image\":{\"@id\":\"https:\/\/bobea.net\/index.php\/2024\/12\/21\/les-heroines-oubliees-du-feminisme-des-figures-historiques-a-redecouvrir\/#primaryimage\"},\"thumbnailUrl\":\"https:\/\/bobea.net\/wp-content\/uploads\/2024\/12\/heroines-historiques-cover.png\",\"articleSection\":[\"Gloria\"],\"inLanguage\":\"fr-FR\",\"potentialAction\":[{\"@type\":\"CommentAction\",\"name\":\"Comment\",\"target\":[\"https:\/\/bobea.net\/index.php\/2024\/12\/21\/les-heroines-oubliees-du-feminisme-des-figures-historiques-a-redecouvrir\/#respond\"]}]},{\"@type\":\"WebPage\",\"@id\":\"https:\/\/bobea.net\/index.php\/2024\/12\/21\/les-heroines-oubliees-du-feminisme-des-figures-historiques-a-redecouvrir\/\",\"url\":\"https:\/\/bobea.net\/index.php\/2024\/12\/21\/les-heroines-oubliees-du-feminisme-des-figures-historiques-a-redecouvrir\/\",\"name\":\"Les h\u00e9ro\u00efnes oubli\u00e9es du f\u00e9minisme : des figures historiques \u00e0 red\u00e9couvrir - Bobea\",\"isPartOf\":{\"@id\":\"https:\/\/bobea.net\/#website\"},\"primaryImageOfPage\":{\"@id\":\"https:\/\/bobea.net\/index.php\/2024\/12\/21\/les-heroines-oubliees-du-feminisme-des-figures-historiques-a-redecouvrir\/#primaryimage\"},\"image\":{\"@id\":\"https:\/\/bobea.net\/index.php\/2024\/12\/21\/les-heroines-oubliees-du-feminisme-des-figures-historiques-a-redecouvrir\/#primaryimage\"},\"thumbnailUrl\":\"https:\/\/bobea.net\/wp-content\/uploads\/2024\/12\/heroines-historiques-cover.png\",\"datePublished\":\"2024-12-21T20:24:06+00:00\",\"dateModified\":\"2024-12-21T20:24:19+00:00\",\"description\":\"L'histoire du f\u00e9minisme est jalonn\u00e9e de figures embl\u00e9matiques, mais certaines h\u00e9ro\u00efnes ont \u00e9t\u00e9 injustement oubli\u00e9es.\",\"breadcrumb\":{\"@id\":\"https:\/\/bobea.net\/index.php\/2024\/12\/21\/les-heroines-oubliees-du-feminisme-des-figures-historiques-a-redecouvrir\/#breadcrumb\"},\"inLanguage\":\"fr-FR\",\"potentialAction\":[{\"@type\":\"ReadAction\",\"target\":[\"https:\/\/bobea.net\/index.php\/2024\/12\/21\/les-heroines-oubliees-du-feminisme-des-figures-historiques-a-redecouvrir\/\"]}]},{\"@type\":\"ImageObject\",\"inLanguage\":\"fr-FR\",\"@id\":\"https:\/\/bobea.net\/index.php\/2024\/12\/21\/les-heroines-oubliees-du-feminisme-des-figures-historiques-a-redecouvrir\/#primaryimage\",\"url\":\"https:\/\/bobea.net\/wp-content\/uploads\/2024\/12\/heroines-historiques-cover.png\",\"contentUrl\":\"https:\/\/bobea.net\/wp-content\/uploads\/2024\/12\/heroines-historiques-cover.png\",\"width\":1050,\"height\":550,\"caption\":\"Les h\u00e9ro\u00efnes oubli\u00e9es du f\u00e9minisme : des figures historiques \u00e0 red\u00e9couvrir\"},{\"@type\":\"BreadcrumbList\",\"@id\":\"https:\/\/bobea.net\/index.php\/2024\/12\/21\/les-heroines-oubliees-du-feminisme-des-figures-historiques-a-redecouvrir\/#breadcrumb\",\"itemListElement\":[{\"@type\":\"ListItem\",\"position\":1,\"name\":\"Accueil\",\"item\":\"https:\/\/bobea.net\/\"},{\"@type\":\"ListItem\",\"position\":2,\"name\":\"Les h\u00e9ro\u00efnes oubli\u00e9es du f\u00e9minisme : des figures historiques \u00e0 red\u00e9couvrir\"}]},{\"@type\":\"WebSite\",\"@id\":\"https:\/\/bobea.net\/#website\",\"url\":\"https:\/\/bobea.net\/\",\"name\":\"Bobea\",\"description\":\"Le magazine de la nouvelle \u00c8ve\",\"publisher\":{\"@id\":\"https:\/\/bobea.net\/#organization\"},\"potentialAction\":[{\"@type\":\"SearchAction\",\"target\":{\"@type\":\"EntryPoint\",\"urlTemplate\":\"https:\/\/bobea.net\/?s={search_term_string}\"},\"query-input\":{\"@type\":\"PropertyValueSpecification\",\"valueRequired\":true,\"valueName\":\"search_term_string\"}}],\"inLanguage\":\"fr-FR\"},{\"@type\":\"Organization\",\"@id\":\"https:\/\/bobea.net\/#organization\",\"name\":\"Bobea\",\"url\":\"https:\/\/bobea.net\/\",\"logo\":{\"@type\":\"ImageObject\",\"inLanguage\":\"fr-FR\",\"@id\":\"https:\/\/bobea.net\/#\/schema\/logo\/image\/\",\"url\":\"https:\/\/bobea.net\/wp-content\/uploads\/2024\/06\/bobea.jpg\",\"contentUrl\":\"https:\/\/bobea.net\/wp-content\/uploads\/2024\/06\/bobea.jpg\",\"width\":1080,\"height\":1080,\"caption\":\"Bobea\"},\"image\":{\"@id\":\"https:\/\/bobea.net\/#\/schema\/logo\/image\/\"},\"sameAs\":[\"https:\/\/web.facebook.com\/profile.php?id=61559252188416\"]},{\"@type\":\"Person\",\"@id\":\"https:\/\/bobea.net\/#\/schema\/person\/e7f45ef187918d7c956bf619dce90ccf\",\"name\":\"bobea.info\",\"image\":{\"@type\":\"ImageObject\",\"inLanguage\":\"fr-FR\",\"@id\":\"https:\/\/bobea.net\/#\/schema\/person\/image\/\",\"url\":\"https:\/\/secure.gravatar.com\/avatar\/36147980349df887ae30808df3e29474?s=96&d=mm&r=g\",\"contentUrl\":\"https:\/\/secure.gravatar.com\/avatar\/36147980349df887ae30808df3e29474?s=96&d=mm&r=g\",\"caption\":\"bobea.info\"},\"sameAs\":[\"https:\/\/bobea.net\"],\"url\":\"https:\/\/bobea.net\/index.php\/author\/bobea-info\/\"}]}<\/script>\n<!-- \/ Yoast SEO plugin. -->","yoast_head_json":{"title":"Les h\u00e9ro\u00efnes oubli\u00e9es du f\u00e9minisme : des figures historiques \u00e0 red\u00e9couvrir - Bobea","description":"L'histoire du f\u00e9minisme est jalonn\u00e9e de figures embl\u00e9matiques, mais certaines h\u00e9ro\u00efnes ont \u00e9t\u00e9 injustement oubli\u00e9es.","robots":{"index":"index","follow":"follow","max-snippet":"max-snippet:-1","max-image-preview":"max-image-preview:large","max-video-preview":"max-video-preview:-1"},"canonical":"https:\/\/bobea.net\/index.php\/2024\/12\/21\/les-heroines-oubliees-du-feminisme-des-figures-historiques-a-redecouvrir\/","og_locale":"fr_FR","og_type":"article","og_title":"Les h\u00e9ro\u00efnes oubli\u00e9es du f\u00e9minisme : des figures historiques \u00e0 red\u00e9couvrir - Bobea","og_description":"L'histoire du f\u00e9minisme est jalonn\u00e9e de figures embl\u00e9matiques, mais certaines h\u00e9ro\u00efnes ont \u00e9t\u00e9 injustement oubli\u00e9es.","og_url":"https:\/\/bobea.net\/index.php\/2024\/12\/21\/les-heroines-oubliees-du-feminisme-des-figures-historiques-a-redecouvrir\/","og_site_name":"Bobea","article_publisher":"https:\/\/web.facebook.com\/profile.php?id=61559252188416","article_published_time":"2024-12-21T20:24:06+00:00","article_modified_time":"2024-12-21T20:24:19+00:00","og_image":[{"width":1050,"height":550,"url":"https:\/\/bobea.net\/wp-content\/uploads\/2024\/12\/heroines-historiques-cover.png","type":"image\/png"}],"author":"bobea.info","twitter_card":"summary_large_image","twitter_misc":{"\u00c9crit par":"bobea.info","Dur\u00e9e de lecture estim\u00e9e":"2 minutes"},"schema":{"@context":"https:\/\/schema.org","@graph":[{"@type":"Article","@id":"https:\/\/bobea.net\/index.php\/2024\/12\/21\/les-heroines-oubliees-du-feminisme-des-figures-historiques-a-redecouvrir\/#article","isPartOf":{"@id":"https:\/\/bobea.net\/index.php\/2024\/12\/21\/les-heroines-oubliees-du-feminisme-des-figures-historiques-a-redecouvrir\/"},"author":{"name":"bobea.info","@id":"https:\/\/bobea.net\/#\/schema\/person\/e7f45ef187918d7c956bf619dce90ccf"},"headline":"Les h\u00e9ro\u00efnes oubli\u00e9es du f\u00e9minisme : des figures historiques \u00e0 red\u00e9couvrir","datePublished":"2024-12-21T20:24:06+00:00","dateModified":"2024-12-21T20:24:19+00:00","mainEntityOfPage":{"@id":"https:\/\/bobea.net\/index.php\/2024\/12\/21\/les-heroines-oubliees-du-feminisme-des-figures-historiques-a-redecouvrir\/"},"wordCount":216,"commentCount":0,"publisher":{"@id":"https:\/\/bobea.net\/#organization"},"image":{"@id":"https:\/\/bobea.net\/index.php\/2024\/12\/21\/les-heroines-oubliees-du-feminisme-des-figures-historiques-a-redecouvrir\/#primaryimage"},"thumbnailUrl":"https:\/\/bobea.net\/wp-content\/uploads\/2024\/12\/heroines-historiques-cover.png","articleSection":["Gloria"],"inLanguage":"fr-FR","potentialAction":[{"@type":"CommentAction","name":"Comment","target":["https:\/\/bobea.net\/index.php\/2024\/12\/21\/les-heroines-oubliees-du-feminisme-des-figures-historiques-a-redecouvrir\/#respond"]}]},{"@type":"WebPage","@id":"https:\/\/bobea.net\/index.php\/2024\/12\/21\/les-heroines-oubliees-du-feminisme-des-figures-historiques-a-redecouvrir\/","url":"https:\/\/bobea.net\/index.php\/2024\/12\/21\/les-heroines-oubliees-du-feminisme-des-figures-historiques-a-redecouvrir\/","name":"Les h\u00e9ro\u00efnes oubli\u00e9es du f\u00e9minisme : des figures historiques \u00e0 red\u00e9couvrir - Bobea","isPartOf":{"@id":"https:\/\/bobea.net\/#website"},"primaryImageOfPage":{"@id":"https:\/\/bobea.net\/index.php\/2024\/12\/21\/les-heroines-oubliees-du-feminisme-des-figures-historiques-a-redecouvrir\/#primaryimage"},"image":{"@id":"https:\/\/bobea.net\/index.php\/2024\/12\/21\/les-heroines-oubliees-du-feminisme-des-figures-historiques-a-redecouvrir\/#primaryimage"},"thumbnailUrl":"https:\/\/bobea.net\/wp-content\/uploads\/2024\/12\/heroines-historiques-cover.png","datePublished":"2024-12-21T20:24:06+00:00","dateModified":"2024-12-21T20:24:19+00:00","description":"L'histoire du f\u00e9minisme est jalonn\u00e9e de figures embl\u00e9matiques, mais certaines h\u00e9ro\u00efnes ont \u00e9t\u00e9 injustement oubli\u00e9es.","breadcrumb":{"@id":"https:\/\/bobea.net\/index.php\/2024\/12\/21\/les-heroines-oubliees-du-feminisme-des-figures-historiques-a-redecouvrir\/#breadcrumb"},"inLanguage":"fr-FR","potentialAction":[{"@type":"ReadAction","target":["https:\/\/bobea.net\/index.php\/2024\/12\/21\/les-heroines-oubliees-du-feminisme-des-figures-historiques-a-redecouvrir\/"]}]},{"@type":"ImageObject","inLanguage":"fr-FR","@id":"https:\/\/bobea.net\/index.php\/2024\/12\/21\/les-heroines-oubliees-du-feminisme-des-figures-historiques-a-redecouvrir\/#primaryimage","url":"https:\/\/bobea.net\/wp-content\/uploads\/2024\/12\/heroines-historiques-cover.png","contentUrl":"https:\/\/bobea.net\/wp-content\/uploads\/2024\/12\/heroines-historiques-cover.png","width":1050,"height":550,"caption":"Les h\u00e9ro\u00efnes oubli\u00e9es du f\u00e9minisme : des figures historiques \u00e0 red\u00e9couvrir"},{"@type":"BreadcrumbList","@id":"https:\/\/bobea.net\/index.php\/2024\/12\/21\/les-heroines-oubliees-du-feminisme-des-figures-historiques-a-redecouvrir\/#breadcrumb","itemListElement":[{"@type":"ListItem","position":1,"name":"Accueil","item":"https:\/\/bobea.net\/"},{"@type":"ListItem","position":2,"name":"Les h\u00e9ro\u00efnes oubli\u00e9es du f\u00e9minisme : des figures historiques \u00e0 red\u00e9couvrir"}]},{"@type":"WebSite","@id":"https:\/\/bobea.net\/#website","url":"https:\/\/bobea.net\/","name":"Bobea","description":"Le magazine de la nouvelle \u00c8ve","publisher":{"@id":"https:\/\/bobea.net\/#organization"},"potentialAction":[{"@type":"SearchAction","target":{"@type":"EntryPoint","urlTemplate":"https:\/\/bobea.net\/?s={search_term_string}"},"query-input":{"@type":"PropertyValueSpecification","valueRequired":true,"valueName":"search_term_string"}}],"inLanguage":"fr-FR"},{"@type":"Organization","@id":"https:\/\/bobea.net\/#organization","name":"Bobea","url":"https:\/\/bobea.net\/","logo":{"@type":"ImageObject","inLanguage":"fr-FR","@id":"https:\/\/bobea.net\/#\/schema\/logo\/image\/","url":"https:\/\/bobea.net\/wp-content\/uploads\/2024\/06\/bobea.jpg","contentUrl":"https:\/\/bobea.net\/wp-content\/uploads\/2024\/06\/bobea.jpg","width":1080,"height":1080,"caption":"Bobea"},"image":{"@id":"https:\/\/bobea.net\/#\/schema\/logo\/image\/"},"sameAs":["https:\/\/web.facebook.com\/profile.php?id=61559252188416"]},{"@type":"Person","@id":"https:\/\/bobea.net\/#\/schema\/person\/e7f45ef187918d7c956bf619dce90ccf","name":"bobea.info","image":{"@type":"ImageObject","inLanguage":"fr-FR","@id":"https:\/\/bobea.net\/#\/schema\/person\/image\/","url":"https:\/\/secure.gravatar.com\/avatar\/36147980349df887ae30808df3e29474?s=96&d=mm&r=g","contentUrl":"https:\/\/secure.gravatar.com\/avatar\/36147980349df887ae30808df3e29474?s=96&d=mm&r=g","caption":"bobea.info"},"sameAs":["https:\/\/bobea.net"],"url":"https:\/\/bobea.net\/index.php\/author\/bobea-info\/"}]}},"_links":{"self":[{"href":"https:\/\/bobea.net\/index.php\/wp-json\/wp\/v2\/posts\/6122"}],"collection":[{"href":"https:\/\/bobea.net\/index.php\/wp-json\/wp\/v2\/posts"}],"about":[{"href":"https:\/\/bobea.net\/index.php\/wp-json\/wp\/v2\/types\/post"}],"author":[{"embeddable":true,"href":"https:\/\/bobea.net\/index.php\/wp-json\/wp\/v2\/users\/1"}],"replies":[{"embeddable":true,"href":"https:\/\/bobea.net\/index.php\/wp-json\/wp\/v2\/comments?post=6122"}],"version-history":[{"count":0,"href":"https:\/\/bobea.net\/index.php\/wp-json\/wp\/v2\/posts\/6122\/revisions"}],"wp:featuredmedia":[{"embeddable":true,"href":"https:\/\/bobea.net\/index.php\/wp-json\/wp\/v2\/media\/6123"}],"wp:attachment":[{"href":"https:\/\/bobea.net\/index.php\/wp-json\/wp\/v2\/media?parent=6122"}],"wp:term":[{"taxonomy":"category","embeddable":true,"href":"https:\/\/bobea.net\/index.php\/wp-json\/wp\/v2\/categories?post=6122"},{"taxonomy":"post_tag","embeddable":true,"href":"https:\/\/bobea.net\/index.php\/wp-json\/wp\/v2\/tags?post=6122"}],"curies":[{"name":"wp","href":"https:\/\/api.w.org\/{rel}","templated":true}]}}