{"id":6073,"date":"2024-12-21T18:04:31","date_gmt":"2024-12-21T18:04:31","guid":{"rendered":"https:\/\/bobea.net\/?p=6073"},"modified":"2024-12-21T18:04:32","modified_gmt":"2024-12-21T18:04:32","slug":"mazan-les-viols-de-mazan-le-proces-et-les-lecons-pour-lhistoire","status":"publish","type":"post","link":"https:\/\/bobea.net\/index.php\/2024\/12\/21\/mazan-les-viols-de-mazan-le-proces-et-les-lecons-pour-lhistoire\/","title":{"rendered":"Mazan, les viols de Mazan : le proc\u00e8s et les le\u00e7ons pour l\u2019histoire"},"content":{"rendered":"\n<p>Le proc\u00e8s des vio\u00adls de Mazan mar\u00adque un tour\u00adnant his\u00adtorique pour la soci\u00e9t\u00e9 fran\u00e7aise, mais aus\u00adsi pour la place des femmes dans le monde entier. Ce ver\u00addict, bien plus qu\u2019un sim\u00adple juge\u00adment, est une vic\u00adtoire sym\u00adbol\u00adique pour toutes celles qui ont \u00e9t\u00e9 r\u00e9duites au silence pen\u00addant trop longtemps.<\/p>\n\n\n\n<p>Ce proc\u00e8s rap\u00adpelle que notre com\u00adbat con\u00adtre les vio\u00adlences faites aux femmes est loin d\u2019\u00eatre ter\u00admin\u00e9, mais il nous donne aus\u00adsi de l\u2019espoir : celui d\u2019un monde o\u00f9 jus\u00adtice rime enfin avec \u00e9gal\u00adit\u00e9. Gis\u00e8le Peli\u00adcot, par son courage, nous oblige tous \u00e0 r\u00e9fl\u00e9chir \u00e0 nos respon\u00ads\u00adabil\u00adit\u00e9s col\u00adlec\u00adtives.<\/p>\n\n\n\n<p>Bobea Mag\u00ada\u00adzine s\u2019engage \u00e0 pour\u00adsuiv\u00adre ce com\u00adbat en don\u00adnant une voix aux h\u00e9ro\u00efnes mod\u00adernes et en met\u00adtant en lumi\u00e8re celles qui, comme Gis\u00e8le Peli\u00adcot, osent bris\u00ader le silence pour chang\u00ader les choses.<\/p>\n\n\n\n<p><em>Anne Legris<\/em><br>Direc\u00adtrice, Bobea Mag\u00ada\u00adzine<strong><\/strong><\/p>\n","protected":false},"excerpt":{"rendered":"<p>Le proc\u00e8s des vio\u00adls de Mazan mar\u00adque un tour\u00adnant his\u00adtorique pour la soci\u00e9t\u00e9 fran\u00e7aise, mais aus\u00adsi pour la place des femmes dans le monde entier. Ce ver\u00addict, bien plus qu\u2019un\u2026 <\/p>\n","protected":false},"author":1,"featured_media":6074,"comment_status":"open","ping_status":"open","sticky":false,"template":"","format":"standard","meta":{"wp_typography_post_enhancements_disabled":false,"footnotes":""},"categories":[73],"tags":[1497,8373],"class_list":["post-6073","post","type-post","status-publish","format-standard","has-post-thumbnail","hentry","category-on-en-parle","tag-societe-francaise","tag-viols-de-mazan"],"yoast_head":"<!-- This site is optimized with the Yoast SEO plugin v24.7 - https:\/\/yoast.com\/wordpress\/plugins\/seo\/ -->\n<title>Mazan, les viols de Mazan : le proc\u00e8s et les le\u00e7ons pour l\u2019histoire - Bobea<\/title>\n<meta name=\"description\" content=\"Le proc\u00e8s des viols de Mazan marque un tournant historique pour la soci\u00e9t\u00e9 fran\u00e7aise, mais aussi pour la place des femmes dans le monde\" \/>\n<meta name=\"robots\" content=\"index, follow, max-snippet:-1, max-image-preview:large, max-video-preview:-1\" \/>\n<link rel=\"canonical\" href=\"https:\/\/bobea.net\/index.php\/2024\/12\/21\/mazan-les-viols-de-mazan-le-proces-et-les-lecons-pour-lhistoire\/\" \/>\n<meta property=\"og:locale\" content=\"fr_FR\" \/>\n<meta property=\"og:type\" content=\"article\" \/>\n<meta property=\"og:title\" content=\"Mazan, les viols de Mazan : le proc\u00e8s et les le\u00e7ons pour l\u2019histoire - Bobea\" \/>\n<meta property=\"og:description\" content=\"Le proc\u00e8s des viols de Mazan marque un tournant historique pour la soci\u00e9t\u00e9 fran\u00e7aise, mais aussi pour la place des femmes dans le monde\" \/>\n<meta property=\"og:url\" content=\"https:\/\/bobea.net\/index.php\/2024\/12\/21\/mazan-les-viols-de-mazan-le-proces-et-les-lecons-pour-lhistoire\/\" \/>\n<meta property=\"og:site_name\" content=\"Bobea\" \/>\n<meta property=\"article:publisher\" content=\"https:\/\/web.facebook.com\/profile.php?id=61559252188416\" \/>\n<meta property=\"article:published_time\" content=\"2024-12-21T18:04:31+00:00\" \/>\n<meta property=\"article:modified_time\" content=\"2024-12-21T18:04:32+00:00\" \/>\n<meta property=\"og:image\" content=\"https:\/\/bobea.net\/wp-content\/uploads\/2024\/12\/20240902100526-86913412.jpg\" \/>\n\t<meta property=\"og:image:width\" content=\"1000\" \/>\n\t<meta property=\"og:image:height\" content=\"500\" \/>\n\t<meta property=\"og:image:type\" content=\"image\/jpeg\" \/>\n<meta name=\"author\" content=\"bobea.info\" \/>\n<meta name=\"twitter:card\" content=\"summary_large_image\" \/>\n<meta name=\"twitter:label1\" content=\"\u00c9crit par\" \/>\n\t<meta name=\"twitter:data1\" content=\"bobea.info\" \/>\n\t<meta name=\"twitter:label2\" content=\"Dur\u00e9e de lecture estim\u00e9e\" \/>\n\t<meta name=\"twitter:data2\" content=\"1 minute\" \/>\n<script type=\"application\/ld+json\" class=\"yoast-schema-graph\">{\"@context\":\"https:\/\/schema.org\",\"@graph\":[{\"@type\":\"Article\",\"@id\":\"https:\/\/bobea.net\/index.php\/2024\/12\/21\/mazan-les-viols-de-mazan-le-proces-et-les-lecons-pour-lhistoire\/#article\",\"isPartOf\":{\"@id\":\"https:\/\/bobea.net\/index.php\/2024\/12\/21\/mazan-les-viols-de-mazan-le-proces-et-les-lecons-pour-lhistoire\/\"},\"author\":{\"name\":\"bobea.info\",\"@id\":\"https:\/\/bobea.net\/#\/schema\/person\/e7f45ef187918d7c956bf619dce90ccf\"},\"headline\":\"Mazan, les viols de Mazan : le proc\u00e8s et les le\u00e7ons pour l\u2019histoire\",\"datePublished\":\"2024-12-21T18:04:31+00:00\",\"dateModified\":\"2024-12-21T18:04:32+00:00\",\"mainEntityOfPage\":{\"@id\":\"https:\/\/bobea.net\/index.php\/2024\/12\/21\/mazan-les-viols-de-mazan-le-proces-et-les-lecons-pour-lhistoire\/\"},\"wordCount\":161,\"commentCount\":0,\"publisher\":{\"@id\":\"https:\/\/bobea.net\/#organization\"},\"image\":{\"@id\":\"https:\/\/bobea.net\/index.php\/2024\/12\/21\/mazan-les-viols-de-mazan-le-proces-et-les-lecons-pour-lhistoire\/#primaryimage\"},\"thumbnailUrl\":\"https:\/\/bobea.net\/wp-content\/uploads\/2024\/12\/20240902100526-86913412.jpg\",\"keywords\":[\"soci\u00e9t\u00e9 fran\u00e7aise\",\"viols de Mazan\"],\"articleSection\":[\"On en Parle\"],\"inLanguage\":\"fr-FR\",\"potentialAction\":[{\"@type\":\"CommentAction\",\"name\":\"Comment\",\"target\":[\"https:\/\/bobea.net\/index.php\/2024\/12\/21\/mazan-les-viols-de-mazan-le-proces-et-les-lecons-pour-lhistoire\/#respond\"]}]},{\"@type\":\"WebPage\",\"@id\":\"https:\/\/bobea.net\/index.php\/2024\/12\/21\/mazan-les-viols-de-mazan-le-proces-et-les-lecons-pour-lhistoire\/\",\"url\":\"https:\/\/bobea.net\/index.php\/2024\/12\/21\/mazan-les-viols-de-mazan-le-proces-et-les-lecons-pour-lhistoire\/\",\"name\":\"Mazan, les viols de Mazan : le proc\u00e8s et les le\u00e7ons pour l\u2019histoire - Bobea\",\"isPartOf\":{\"@id\":\"https:\/\/bobea.net\/#website\"},\"primaryImageOfPage\":{\"@id\":\"https:\/\/bobea.net\/index.php\/2024\/12\/21\/mazan-les-viols-de-mazan-le-proces-et-les-lecons-pour-lhistoire\/#primaryimage\"},\"image\":{\"@id\":\"https:\/\/bobea.net\/index.php\/2024\/12\/21\/mazan-les-viols-de-mazan-le-proces-et-les-lecons-pour-lhistoire\/#primaryimage\"},\"thumbnailUrl\":\"https:\/\/bobea.net\/wp-content\/uploads\/2024\/12\/20240902100526-86913412.jpg\",\"datePublished\":\"2024-12-21T18:04:31+00:00\",\"dateModified\":\"2024-12-21T18:04:32+00:00\",\"description\":\"Le proc\u00e8s des viols de Mazan marque un tournant historique pour la soci\u00e9t\u00e9 fran\u00e7aise, mais aussi pour la place des femmes dans le monde\",\"breadcrumb\":{\"@id\":\"https:\/\/bobea.net\/index.php\/2024\/12\/21\/mazan-les-viols-de-mazan-le-proces-et-les-lecons-pour-lhistoire\/#breadcrumb\"},\"inLanguage\":\"fr-FR\",\"potentialAction\":[{\"@type\":\"ReadAction\",\"target\":[\"https:\/\/bobea.net\/index.php\/2024\/12\/21\/mazan-les-viols-de-mazan-le-proces-et-les-lecons-pour-lhistoire\/\"]}]},{\"@type\":\"ImageObject\",\"inLanguage\":\"fr-FR\",\"@id\":\"https:\/\/bobea.net\/index.php\/2024\/12\/21\/mazan-les-viols-de-mazan-le-proces-et-les-lecons-pour-lhistoire\/#primaryimage\",\"url\":\"https:\/\/bobea.net\/wp-content\/uploads\/2024\/12\/20240902100526-86913412.jpg\",\"contentUrl\":\"https:\/\/bobea.net\/wp-content\/uploads\/2024\/12\/20240902100526-86913412.jpg\",\"width\":1000,\"height\":500,\"caption\":\"Mazan, les viols de Mazan : le proc\u00e8s et les le\u00e7ons pour l\u2019histoire\"},{\"@type\":\"BreadcrumbList\",\"@id\":\"https:\/\/bobea.net\/index.php\/2024\/12\/21\/mazan-les-viols-de-mazan-le-proces-et-les-lecons-pour-lhistoire\/#breadcrumb\",\"itemListElement\":[{\"@type\":\"ListItem\",\"position\":1,\"name\":\"Accueil\",\"item\":\"https:\/\/bobea.net\/\"},{\"@type\":\"ListItem\",\"position\":2,\"name\":\"Mazan, les viols de Mazan : le proc\u00e8s et les le\u00e7ons pour l\u2019histoire\"}]},{\"@type\":\"WebSite\",\"@id\":\"https:\/\/bobea.net\/#website\",\"url\":\"https:\/\/bobea.net\/\",\"name\":\"Bobea\",\"description\":\"Le magazine de la nouvelle \u00c8ve\",\"publisher\":{\"@id\":\"https:\/\/bobea.net\/#organization\"},\"potentialAction\":[{\"@type\":\"SearchAction\",\"target\":{\"@type\":\"EntryPoint\",\"urlTemplate\":\"https:\/\/bobea.net\/?s={search_term_string}\"},\"query-input\":{\"@type\":\"PropertyValueSpecification\",\"valueRequired\":true,\"valueName\":\"search_term_string\"}}],\"inLanguage\":\"fr-FR\"},{\"@type\":\"Organization\",\"@id\":\"https:\/\/bobea.net\/#organization\",\"name\":\"Bobea\",\"url\":\"https:\/\/bobea.net\/\",\"logo\":{\"@type\":\"ImageObject\",\"inLanguage\":\"fr-FR\",\"@id\":\"https:\/\/bobea.net\/#\/schema\/logo\/image\/\",\"url\":\"https:\/\/bobea.net\/wp-content\/uploads\/2024\/06\/bobea.jpg\",\"contentUrl\":\"https:\/\/bobea.net\/wp-content\/uploads\/2024\/06\/bobea.jpg\",\"width\":1080,\"height\":1080,\"caption\":\"Bobea\"},\"image\":{\"@id\":\"https:\/\/bobea.net\/#\/schema\/logo\/image\/\"},\"sameAs\":[\"https:\/\/web.facebook.com\/profile.php?id=61559252188416\"]},{\"@type\":\"Person\",\"@id\":\"https:\/\/bobea.net\/#\/schema\/person\/e7f45ef187918d7c956bf619dce90ccf\",\"name\":\"bobea.info\",\"image\":{\"@type\":\"ImageObject\",\"inLanguage\":\"fr-FR\",\"@id\":\"https:\/\/bobea.net\/#\/schema\/person\/image\/\",\"url\":\"https:\/\/secure.gravatar.com\/avatar\/36147980349df887ae30808df3e29474?s=96&d=mm&r=g\",\"contentUrl\":\"https:\/\/secure.gravatar.com\/avatar\/36147980349df887ae30808df3e29474?s=96&d=mm&r=g\",\"caption\":\"bobea.info\"},\"sameAs\":[\"https:\/\/bobea.net\"],\"url\":\"https:\/\/bobea.net\/index.php\/author\/bobea-info\/\"}]}<\/script>\n<!-- \/ Yoast SEO plugin. -->","yoast_head_json":{"title":"Mazan, les viols de Mazan : le proc\u00e8s et les le\u00e7ons pour l\u2019histoire - Bobea","description":"Le proc\u00e8s des viols de Mazan marque un tournant historique pour la soci\u00e9t\u00e9 fran\u00e7aise, mais aussi pour la place des femmes dans le monde","robots":{"index":"index","follow":"follow","max-snippet":"max-snippet:-1","max-image-preview":"max-image-preview:large","max-video-preview":"max-video-preview:-1"},"canonical":"https:\/\/bobea.net\/index.php\/2024\/12\/21\/mazan-les-viols-de-mazan-le-proces-et-les-lecons-pour-lhistoire\/","og_locale":"fr_FR","og_type":"article","og_title":"Mazan, les viols de Mazan : le proc\u00e8s et les le\u00e7ons pour l\u2019histoire - Bobea","og_description":"Le proc\u00e8s des viols de Mazan marque un tournant historique pour la soci\u00e9t\u00e9 fran\u00e7aise, mais aussi pour la place des femmes dans le monde","og_url":"https:\/\/bobea.net\/index.php\/2024\/12\/21\/mazan-les-viols-de-mazan-le-proces-et-les-lecons-pour-lhistoire\/","og_site_name":"Bobea","article_publisher":"https:\/\/web.facebook.com\/profile.php?id=61559252188416","article_published_time":"2024-12-21T18:04:31+00:00","article_modified_time":"2024-12-21T18:04:32+00:00","og_image":[{"width":1000,"height":500,"url":"https:\/\/bobea.net\/wp-content\/uploads\/2024\/12\/20240902100526-86913412.jpg","type":"image\/jpeg"}],"author":"bobea.info","twitter_card":"summary_large_image","twitter_misc":{"\u00c9crit par":"bobea.info","Dur\u00e9e de lecture estim\u00e9e":"1 minute"},"schema":{"@context":"https:\/\/schema.org","@graph":[{"@type":"Article","@id":"https:\/\/bobea.net\/index.php\/2024\/12\/21\/mazan-les-viols-de-mazan-le-proces-et-les-lecons-pour-lhistoire\/#article","isPartOf":{"@id":"https:\/\/bobea.net\/index.php\/2024\/12\/21\/mazan-les-viols-de-mazan-le-proces-et-les-lecons-pour-lhistoire\/"},"author":{"name":"bobea.info","@id":"https:\/\/bobea.net\/#\/schema\/person\/e7f45ef187918d7c956bf619dce90ccf"},"headline":"Mazan, les viols de Mazan : le proc\u00e8s et les le\u00e7ons pour l\u2019histoire","datePublished":"2024-12-21T18:04:31+00:00","dateModified":"2024-12-21T18:04:32+00:00","mainEntityOfPage":{"@id":"https:\/\/bobea.net\/index.php\/2024\/12\/21\/mazan-les-viols-de-mazan-le-proces-et-les-lecons-pour-lhistoire\/"},"wordCount":161,"commentCount":0,"publisher":{"@id":"https:\/\/bobea.net\/#organization"},"image":{"@id":"https:\/\/bobea.net\/index.php\/2024\/12\/21\/mazan-les-viols-de-mazan-le-proces-et-les-lecons-pour-lhistoire\/#primaryimage"},"thumbnailUrl":"https:\/\/bobea.net\/wp-content\/uploads\/2024\/12\/20240902100526-86913412.jpg","keywords":["soci\u00e9t\u00e9 fran\u00e7aise","viols de Mazan"],"articleSection":["On en Parle"],"inLanguage":"fr-FR","potentialAction":[{"@type":"CommentAction","name":"Comment","target":["https:\/\/bobea.net\/index.php\/2024\/12\/21\/mazan-les-viols-de-mazan-le-proces-et-les-lecons-pour-lhistoire\/#respond"]}]},{"@type":"WebPage","@id":"https:\/\/bobea.net\/index.php\/2024\/12\/21\/mazan-les-viols-de-mazan-le-proces-et-les-lecons-pour-lhistoire\/","url":"https:\/\/bobea.net\/index.php\/2024\/12\/21\/mazan-les-viols-de-mazan-le-proces-et-les-lecons-pour-lhistoire\/","name":"Mazan, les viols de Mazan : le proc\u00e8s et les le\u00e7ons pour l\u2019histoire - Bobea","isPartOf":{"@id":"https:\/\/bobea.net\/#website"},"primaryImageOfPage":{"@id":"https:\/\/bobea.net\/index.php\/2024\/12\/21\/mazan-les-viols-de-mazan-le-proces-et-les-lecons-pour-lhistoire\/#primaryimage"},"image":{"@id":"https:\/\/bobea.net\/index.php\/2024\/12\/21\/mazan-les-viols-de-mazan-le-proces-et-les-lecons-pour-lhistoire\/#primaryimage"},"thumbnailUrl":"https:\/\/bobea.net\/wp-content\/uploads\/2024\/12\/20240902100526-86913412.jpg","datePublished":"2024-12-21T18:04:31+00:00","dateModified":"2024-12-21T18:04:32+00:00","description":"Le proc\u00e8s des viols de Mazan marque un tournant historique pour la soci\u00e9t\u00e9 fran\u00e7aise, mais aussi pour la place des femmes dans le monde","breadcrumb":{"@id":"https:\/\/bobea.net\/index.php\/2024\/12\/21\/mazan-les-viols-de-mazan-le-proces-et-les-lecons-pour-lhistoire\/#breadcrumb"},"inLanguage":"fr-FR","potentialAction":[{"@type":"ReadAction","target":["https:\/\/bobea.net\/index.php\/2024\/12\/21\/mazan-les-viols-de-mazan-le-proces-et-les-lecons-pour-lhistoire\/"]}]},{"@type":"ImageObject","inLanguage":"fr-FR","@id":"https:\/\/bobea.net\/index.php\/2024\/12\/21\/mazan-les-viols-de-mazan-le-proces-et-les-lecons-pour-lhistoire\/#primaryimage","url":"https:\/\/bobea.net\/wp-content\/uploads\/2024\/12\/20240902100526-86913412.jpg","contentUrl":"https:\/\/bobea.net\/wp-content\/uploads\/2024\/12\/20240902100526-86913412.jpg","width":1000,"height":500,"caption":"Mazan, les viols de Mazan : le proc\u00e8s et les le\u00e7ons pour l\u2019histoire"},{"@type":"BreadcrumbList","@id":"https:\/\/bobea.net\/index.php\/2024\/12\/21\/mazan-les-viols-de-mazan-le-proces-et-les-lecons-pour-lhistoire\/#breadcrumb","itemListElement":[{"@type":"ListItem","position":1,"name":"Accueil","item":"https:\/\/bobea.net\/"},{"@type":"ListItem","position":2,"name":"Mazan, les viols de Mazan : le proc\u00e8s et les le\u00e7ons pour l\u2019histoire"}]},{"@type":"WebSite","@id":"https:\/\/bobea.net\/#website","url":"https:\/\/bobea.net\/","name":"Bobea","description":"Le magazine de la nouvelle \u00c8ve","publisher":{"@id":"https:\/\/bobea.net\/#organization"},"potentialAction":[{"@type":"SearchAction","target":{"@type":"EntryPoint","urlTemplate":"https:\/\/bobea.net\/?s={search_term_string}"},"query-input":{"@type":"PropertyValueSpecification","valueRequired":true,"valueName":"search_term_string"}}],"inLanguage":"fr-FR"},{"@type":"Organization","@id":"https:\/\/bobea.net\/#organization","name":"Bobea","url":"https:\/\/bobea.net\/","logo":{"@type":"ImageObject","inLanguage":"fr-FR","@id":"https:\/\/bobea.net\/#\/schema\/logo\/image\/","url":"https:\/\/bobea.net\/wp-content\/uploads\/2024\/06\/bobea.jpg","contentUrl":"https:\/\/bobea.net\/wp-content\/uploads\/2024\/06\/bobea.jpg","width":1080,"height":1080,"caption":"Bobea"},"image":{"@id":"https:\/\/bobea.net\/#\/schema\/logo\/image\/"},"sameAs":["https:\/\/web.facebook.com\/profile.php?id=61559252188416"]},{"@type":"Person","@id":"https:\/\/bobea.net\/#\/schema\/person\/e7f45ef187918d7c956bf619dce90ccf","name":"bobea.info","image":{"@type":"ImageObject","inLanguage":"fr-FR","@id":"https:\/\/bobea.net\/#\/schema\/person\/image\/","url":"https:\/\/secure.gravatar.com\/avatar\/36147980349df887ae30808df3e29474?s=96&d=mm&r=g","contentUrl":"https:\/\/secure.gravatar.com\/avatar\/36147980349df887ae30808df3e29474?s=96&d=mm&r=g","caption":"bobea.info"},"sameAs":["https:\/\/bobea.net"],"url":"https:\/\/bobea.net\/index.php\/author\/bobea-info\/"}]}},"_links":{"self":[{"href":"https:\/\/bobea.net\/index.php\/wp-json\/wp\/v2\/posts\/6073"}],"collection":[{"href":"https:\/\/bobea.net\/index.php\/wp-json\/wp\/v2\/posts"}],"about":[{"href":"https:\/\/bobea.net\/index.php\/wp-json\/wp\/v2\/types\/post"}],"author":[{"embeddable":true,"href":"https:\/\/bobea.net\/index.php\/wp-json\/wp\/v2\/users\/1"}],"replies":[{"embeddable":true,"href":"https:\/\/bobea.net\/index.php\/wp-json\/wp\/v2\/comments?post=6073"}],"version-history":[{"count":0,"href":"https:\/\/bobea.net\/index.php\/wp-json\/wp\/v2\/posts\/6073\/revisions"}],"wp:featuredmedia":[{"embeddable":true,"href":"https:\/\/bobea.net\/index.php\/wp-json\/wp\/v2\/media\/6074"}],"wp:attachment":[{"href":"https:\/\/bobea.net\/index.php\/wp-json\/wp\/v2\/media?parent=6073"}],"wp:term":[{"taxonomy":"category","embeddable":true,"href":"https:\/\/bobea.net\/index.php\/wp-json\/wp\/v2\/categories?post=6073"},{"taxonomy":"post_tag","embeddable":true,"href":"https:\/\/bobea.net\/index.php\/wp-json\/wp\/v2\/tags?post=6073"}],"curies":[{"name":"wp","href":"https:\/\/api.w.org\/{rel}","templated":true}]}}