{"id":6059,"date":"2024-12-16T14:48:49","date_gmt":"2024-12-16T14:48:49","guid":{"rendered":"https:\/\/bobea.net\/?p=6059"},"modified":"2024-12-16T14:48:51","modified_gmt":"2024-12-16T14:48:51","slug":"les-mouvements-feministes-contemporains-en-afrique-un-panorama","status":"publish","type":"post","link":"https:\/\/bobea.net\/index.php\/2024\/12\/16\/les-mouvements-feministes-contemporains-en-afrique-un-panorama\/","title":{"rendered":"les mouvements f\u00e9ministes contemporains en Afrique : un panorama"},"content":{"rendered":"\n<p>Intro\u00adduc\u00adtion<\/p>\n\n\n\n<p>Les mou\u00adve\u00adments f\u00e9min\u00adistes en Afrique pren\u00adnent de l\u2019am\u00adpleur, refl\u00e9\u00adtant la diver\u00adsit\u00e9 des luttes et des exp\u00e9ri\u00adences v\u00e9cues par les femmes sur le con\u00adti\u00adnent. En 2024, cet arti\u00adcle pro\u00adpose un panora\u00adma des mou\u00adve\u00adments f\u00e9min\u00adistes con\u00adtem\u00adpo\u00adrains en Afrique, met\u00adtant en lumi\u00e8re leurs objec\u00adtifs, leurs d\u00e9fis et leurs suc\u00adc\u00e8s.<\/p>\n\n\n\n<p>Mou\u00adve\u00adments cl\u00e9s<\/p>\n\n\n\n<ol start=\"1\" class=\"wp-block-list\">\n<li><strong>#Total\u00adShut\u00addown<\/strong>&nbsp;\u2014 Ce mou\u00adve\u00adment sud-africain a \u00e9merg\u00e9 pour d\u00e9non\u00adcer la vio\u00adlence de genre et les f\u00e9mini\u00adcides. En mobil\u00adisant des mil\u00adliers de per\u00adson\u00adnes \u00e0 tra\u00advers le pays, il a sus\u00adcit\u00e9 une prise de con\u00adscience nationale sur ces prob\u00adl\u00e9\u00adma\u00adtiques cri\u00adtiques.<\/li>\n\n\n\n<li><strong>Fem\u00adi\u00adnist Coali\u00adtion<\/strong>&nbsp;\u2014 Bas\u00e9e au Nige\u00adria, cette coali\u00adtion a jou\u00e9 un r\u00f4le cl\u00e9 dans les man\u00adi\u00adfes\u00adta\u00adtions #End\u00adSARS con\u00adtre la bru\u00adtal\u00adit\u00e9 poli\u00adci\u00e8re. Elle met l\u2019ac\u00adcent sur l\u2019in\u00adter\u00adsec\u00adtion\u00adnal\u00adit\u00e9 en abor\u00addant \u00e0 la fois les droits des femmes et les injus\u00adtices sociales plus larges.<\/li>\n\n\n\n<li><strong>Women\u2019s March on Cape Town<\/strong>&nbsp;\u2014 Ce mou\u00adve\u00adment a rassem\u00adbl\u00e9 des femmes de tous hori\u00adzons pour revendi\u00adquer leurs droits et d\u00e9non\u00adcer les vio\u00adlences faites aux femmes. Il a \u00e9gale\u00adment mis en avant des ques\u00adtions \u00e9conomiques et poli\u00adtiques affec\u00adtant les femmes.<\/li>\n<\/ol>\n\n\n\n<p>D\u00e9fis ren\u00adcon\u00adtr\u00e9s<\/p>\n\n\n\n<p>Les mou\u00adve\u00adments f\u00e9min\u00adistes con\u00adtem\u00adpo\u00adrains en Afrique doivent faire face \u00e0 plusieurs d\u00e9fis :<\/p>\n\n\n\n<ul class=\"wp-block-list\">\n<li><strong>R\u00e9pres\u00adsion poli\u00adtique<\/strong>&nbsp;: Dans cer\u00adtains pays, les mil\u00adi\u00adtantes sont con\u00adfron\u00adt\u00e9es \u00e0 la r\u00e9pres\u00adsion gou\u00adverne\u00admen\u00adtale, ce qui peut entraver leur capac\u00adit\u00e9 \u00e0 s\u2019or\u00adgan\u00adis\u00ader et \u00e0 revendi\u00adquer leurs droits.<\/li>\n\n\n\n<li><strong>In\u00e9\u00adgal\u00adit\u00e9s \u00e9conomiques<\/strong>&nbsp;: Les in\u00e9\u00adgal\u00adit\u00e9s \u00e9conomiques exac\u00ader\u00adbent les luttes f\u00e9min\u00adistes, car de nom\u00adbreuses femmes doivent jon\u00adgler entre leurs respon\u00ads\u00adabil\u00adit\u00e9s famil\u00adiales et leur engage\u00adment mil\u00adi\u00adtant.<\/li>\n\n\n\n<li><strong>St\u00e9r\u00e9o\u00adtypes cul\u00adturels<\/strong>&nbsp;: Les normes patri\u00adar\u00adcales pro\u00adfond\u00e9\u00adment ancr\u00e9es peu\u00advent lim\u00aditer l\u2019im\u00adpact des mou\u00adve\u00adments f\u00e9min\u00adistes, ren\u00addant dif\u00adfi\u00adcile l\u2019ac\u00adcep\u00adta\u00adtion de leurs reven\u00addi\u00adca\u00adtions au sein de la soci\u00e9t\u00e9.<\/li>\n<\/ul>\n\n\n\n<p>Per\u00adspec\u00adtives<\/p>\n\n\n\n<p>Les mou\u00adve\u00adments f\u00e9min\u00adistes con\u00adtem\u00adpo\u00adrains en Afrique con\u00adtin\u00adu\u00adent d\u2019\u00e9voluer et de s\u2019adapter aux d\u00e9fis actuels. \u00c0 l\u2019avenir, il sera cru\u00adcial de ren\u00adforcer la sol\u00adi\u00addar\u00adit\u00e9 entre ces mou\u00adve\u00adments \u00e0 tra\u00advers le con\u00adti\u00adnent et d\u2019en\u00adcour\u00adager un dia\u00adlogue inclusif qui int\u00e8\u00adgre toutes les voix. La col\u00adlab\u00ado\u00adra\u00adtion avec d\u2019autres mou\u00adve\u00adments soci\u00adaux pour\u00adrait \u00e9gale\u00adment ren\u00adforcer leur impact.<\/p>\n","protected":false},"excerpt":{"rendered":"<p>Intro\u00adduc\u00adtion Les mou\u00adve\u00adments f\u00e9min\u00adistes en Afrique pren\u00adnent de l\u2019am\u00adpleur, refl\u00e9\u00adtant la diver\u00adsit\u00e9 des luttes et des exp\u00e9ri\u00adences v\u00e9cues par les femmes sur le con\u00adti\u00adnent. En 2024, cet arti\u00adcle pro\u00adpose un\u2026 <\/p>\n","protected":false},"author":1,"featured_media":6060,"comment_status":"open","ping_status":"open","sticky":false,"template":"","format":"standard","meta":{"wp_typography_post_enhancements_disabled":false,"footnotes":""},"categories":[53],"tags":[],"class_list":["post-6059","post","type-post","status-publish","format-standard","has-post-thumbnail","hentry","category-viva"],"yoast_head":"<!-- This site is optimized with the Yoast SEO plugin v24.7 - https:\/\/yoast.com\/wordpress\/plugins\/seo\/ -->\n<title>les mouvements f\u00e9ministes contemporains en Afrique : un panorama - Bobea<\/title>\n<meta name=\"robots\" content=\"index, follow, max-snippet:-1, max-image-preview:large, max-video-preview:-1\" \/>\n<link rel=\"canonical\" href=\"https:\/\/bobea.net\/index.php\/2024\/12\/16\/les-mouvements-feministes-contemporains-en-afrique-un-panorama\/\" \/>\n<meta property=\"og:locale\" content=\"fr_FR\" \/>\n<meta property=\"og:type\" content=\"article\" \/>\n<meta property=\"og:title\" content=\"les mouvements f\u00e9ministes contemporains en Afrique : un panorama - Bobea\" \/>\n<meta property=\"og:description\" content=\"Intro\u00adduc\u00adtion Les mou\u00adve\u00adments f\u00e9min\u00adistes en Afrique pren\u00adnent de l\u2019am\u00adpleur, refl\u00e9\u00adtant la diver\u00adsit\u00e9 des luttes et des exp\u00e9ri\u00adences v\u00e9cues par les femmes sur le con\u00adti\u00adnent. En 2024, cet arti\u00adcle pro\u00adpose un&hellip;\" \/>\n<meta property=\"og:url\" content=\"https:\/\/bobea.net\/index.php\/2024\/12\/16\/les-mouvements-feministes-contemporains-en-afrique-un-panorama\/\" \/>\n<meta property=\"og:site_name\" content=\"Bobea\" \/>\n<meta property=\"article:publisher\" content=\"https:\/\/web.facebook.com\/profile.php?id=61559252188416\" \/>\n<meta property=\"article:published_time\" content=\"2024-12-16T14:48:49+00:00\" \/>\n<meta property=\"article:modified_time\" content=\"2024-12-16T14:48:51+00:00\" \/>\n<meta property=\"og:image\" content=\"https:\/\/bobea.net\/wp-content\/uploads\/2024\/12\/Illustration-Jeunes-feministes-scaled.jpg\" \/>\n\t<meta property=\"og:image:width\" content=\"2560\" \/>\n\t<meta property=\"og:image:height\" content=\"1301\" \/>\n\t<meta property=\"og:image:type\" content=\"image\/jpeg\" \/>\n<meta name=\"author\" content=\"bobea.info\" \/>\n<meta name=\"twitter:card\" content=\"summary_large_image\" \/>\n<meta name=\"twitter:label1\" content=\"\u00c9crit par\" \/>\n\t<meta name=\"twitter:data1\" content=\"bobea.info\" \/>\n\t<meta name=\"twitter:label2\" content=\"Dur\u00e9e de lecture estim\u00e9e\" \/>\n\t<meta name=\"twitter:data2\" content=\"2 minutes\" \/>\n<script type=\"application\/ld+json\" class=\"yoast-schema-graph\">{\"@context\":\"https:\/\/schema.org\",\"@graph\":[{\"@type\":\"Article\",\"@id\":\"https:\/\/bobea.net\/index.php\/2024\/12\/16\/les-mouvements-feministes-contemporains-en-afrique-un-panorama\/#article\",\"isPartOf\":{\"@id\":\"https:\/\/bobea.net\/index.php\/2024\/12\/16\/les-mouvements-feministes-contemporains-en-afrique-un-panorama\/\"},\"author\":{\"name\":\"bobea.info\",\"@id\":\"https:\/\/bobea.net\/#\/schema\/person\/e7f45ef187918d7c956bf619dce90ccf\"},\"headline\":\"les mouvements f\u00e9ministes contemporains en Afrique : un panorama\",\"datePublished\":\"2024-12-16T14:48:49+00:00\",\"dateModified\":\"2024-12-16T14:48:51+00:00\",\"mainEntityOfPage\":{\"@id\":\"https:\/\/bobea.net\/index.php\/2024\/12\/16\/les-mouvements-feministes-contemporains-en-afrique-un-panorama\/\"},\"wordCount\":357,\"commentCount\":0,\"publisher\":{\"@id\":\"https:\/\/bobea.net\/#organization\"},\"image\":{\"@id\":\"https:\/\/bobea.net\/index.php\/2024\/12\/16\/les-mouvements-feministes-contemporains-en-afrique-un-panorama\/#primaryimage\"},\"thumbnailUrl\":\"https:\/\/bobea.net\/wp-content\/uploads\/2024\/12\/Illustration-Jeunes-feministes-scaled.jpg\",\"articleSection\":[\"Viva\"],\"inLanguage\":\"fr-FR\",\"potentialAction\":[{\"@type\":\"CommentAction\",\"name\":\"Comment\",\"target\":[\"https:\/\/bobea.net\/index.php\/2024\/12\/16\/les-mouvements-feministes-contemporains-en-afrique-un-panorama\/#respond\"]}]},{\"@type\":\"WebPage\",\"@id\":\"https:\/\/bobea.net\/index.php\/2024\/12\/16\/les-mouvements-feministes-contemporains-en-afrique-un-panorama\/\",\"url\":\"https:\/\/bobea.net\/index.php\/2024\/12\/16\/les-mouvements-feministes-contemporains-en-afrique-un-panorama\/\",\"name\":\"les mouvements f\u00e9ministes contemporains en Afrique : un panorama - Bobea\",\"isPartOf\":{\"@id\":\"https:\/\/bobea.net\/#website\"},\"primaryImageOfPage\":{\"@id\":\"https:\/\/bobea.net\/index.php\/2024\/12\/16\/les-mouvements-feministes-contemporains-en-afrique-un-panorama\/#primaryimage\"},\"image\":{\"@id\":\"https:\/\/bobea.net\/index.php\/2024\/12\/16\/les-mouvements-feministes-contemporains-en-afrique-un-panorama\/#primaryimage\"},\"thumbnailUrl\":\"https:\/\/bobea.net\/wp-content\/uploads\/2024\/12\/Illustration-Jeunes-feministes-scaled.jpg\",\"datePublished\":\"2024-12-16T14:48:49+00:00\",\"dateModified\":\"2024-12-16T14:48:51+00:00\",\"breadcrumb\":{\"@id\":\"https:\/\/bobea.net\/index.php\/2024\/12\/16\/les-mouvements-feministes-contemporains-en-afrique-un-panorama\/#breadcrumb\"},\"inLanguage\":\"fr-FR\",\"potentialAction\":[{\"@type\":\"ReadAction\",\"target\":[\"https:\/\/bobea.net\/index.php\/2024\/12\/16\/les-mouvements-feministes-contemporains-en-afrique-un-panorama\/\"]}]},{\"@type\":\"ImageObject\",\"inLanguage\":\"fr-FR\",\"@id\":\"https:\/\/bobea.net\/index.php\/2024\/12\/16\/les-mouvements-feministes-contemporains-en-afrique-un-panorama\/#primaryimage\",\"url\":\"https:\/\/bobea.net\/wp-content\/uploads\/2024\/12\/Illustration-Jeunes-feministes-scaled.jpg\",\"contentUrl\":\"https:\/\/bobea.net\/wp-content\/uploads\/2024\/12\/Illustration-Jeunes-feministes-scaled.jpg\",\"width\":2560,\"height\":1301,\"caption\":\"les mouvements f\u00e9ministes contemporains en Afrique : un panorama\"},{\"@type\":\"BreadcrumbList\",\"@id\":\"https:\/\/bobea.net\/index.php\/2024\/12\/16\/les-mouvements-feministes-contemporains-en-afrique-un-panorama\/#breadcrumb\",\"itemListElement\":[{\"@type\":\"ListItem\",\"position\":1,\"name\":\"Accueil\",\"item\":\"https:\/\/bobea.net\/\"},{\"@type\":\"ListItem\",\"position\":2,\"name\":\"les mouvements f\u00e9ministes contemporains en Afrique : un panorama\"}]},{\"@type\":\"WebSite\",\"@id\":\"https:\/\/bobea.net\/#website\",\"url\":\"https:\/\/bobea.net\/\",\"name\":\"Bobea\",\"description\":\"Le magazine de la nouvelle \u00c8ve\",\"publisher\":{\"@id\":\"https:\/\/bobea.net\/#organization\"},\"potentialAction\":[{\"@type\":\"SearchAction\",\"target\":{\"@type\":\"EntryPoint\",\"urlTemplate\":\"https:\/\/bobea.net\/?s={search_term_string}\"},\"query-input\":{\"@type\":\"PropertyValueSpecification\",\"valueRequired\":true,\"valueName\":\"search_term_string\"}}],\"inLanguage\":\"fr-FR\"},{\"@type\":\"Organization\",\"@id\":\"https:\/\/bobea.net\/#organization\",\"name\":\"Bobea\",\"url\":\"https:\/\/bobea.net\/\",\"logo\":{\"@type\":\"ImageObject\",\"inLanguage\":\"fr-FR\",\"@id\":\"https:\/\/bobea.net\/#\/schema\/logo\/image\/\",\"url\":\"https:\/\/bobea.net\/wp-content\/uploads\/2024\/06\/bobea.jpg\",\"contentUrl\":\"https:\/\/bobea.net\/wp-content\/uploads\/2024\/06\/bobea.jpg\",\"width\":1080,\"height\":1080,\"caption\":\"Bobea\"},\"image\":{\"@id\":\"https:\/\/bobea.net\/#\/schema\/logo\/image\/\"},\"sameAs\":[\"https:\/\/web.facebook.com\/profile.php?id=61559252188416\"]},{\"@type\":\"Person\",\"@id\":\"https:\/\/bobea.net\/#\/schema\/person\/e7f45ef187918d7c956bf619dce90ccf\",\"name\":\"bobea.info\",\"image\":{\"@type\":\"ImageObject\",\"inLanguage\":\"fr-FR\",\"@id\":\"https:\/\/bobea.net\/#\/schema\/person\/image\/\",\"url\":\"https:\/\/secure.gravatar.com\/avatar\/36147980349df887ae30808df3e29474?s=96&d=mm&r=g\",\"contentUrl\":\"https:\/\/secure.gravatar.com\/avatar\/36147980349df887ae30808df3e29474?s=96&d=mm&r=g\",\"caption\":\"bobea.info\"},\"sameAs\":[\"https:\/\/bobea.net\"],\"url\":\"https:\/\/bobea.net\/index.php\/author\/bobea-info\/\"}]}<\/script>\n<!-- \/ Yoast SEO plugin. -->","yoast_head_json":{"title":"les mouvements f\u00e9ministes contemporains en Afrique : un panorama - Bobea","robots":{"index":"index","follow":"follow","max-snippet":"max-snippet:-1","max-image-preview":"max-image-preview:large","max-video-preview":"max-video-preview:-1"},"canonical":"https:\/\/bobea.net\/index.php\/2024\/12\/16\/les-mouvements-feministes-contemporains-en-afrique-un-panorama\/","og_locale":"fr_FR","og_type":"article","og_title":"les mouvements f\u00e9ministes contemporains en Afrique : un panorama - Bobea","og_description":"Intro\u00adduc\u00adtion Les mou\u00adve\u00adments f\u00e9min\u00adistes en Afrique pren\u00adnent de l\u2019am\u00adpleur, refl\u00e9\u00adtant la diver\u00adsit\u00e9 des luttes et des exp\u00e9ri\u00adences v\u00e9cues par les femmes sur le con\u00adti\u00adnent. En 2024, cet arti\u00adcle pro\u00adpose un&hellip;","og_url":"https:\/\/bobea.net\/index.php\/2024\/12\/16\/les-mouvements-feministes-contemporains-en-afrique-un-panorama\/","og_site_name":"Bobea","article_publisher":"https:\/\/web.facebook.com\/profile.php?id=61559252188416","article_published_time":"2024-12-16T14:48:49+00:00","article_modified_time":"2024-12-16T14:48:51+00:00","og_image":[{"width":2560,"height":1301,"url":"https:\/\/bobea.net\/wp-content\/uploads\/2024\/12\/Illustration-Jeunes-feministes-scaled.jpg","type":"image\/jpeg"}],"author":"bobea.info","twitter_card":"summary_large_image","twitter_misc":{"\u00c9crit par":"bobea.info","Dur\u00e9e de lecture estim\u00e9e":"2 minutes"},"schema":{"@context":"https:\/\/schema.org","@graph":[{"@type":"Article","@id":"https:\/\/bobea.net\/index.php\/2024\/12\/16\/les-mouvements-feministes-contemporains-en-afrique-un-panorama\/#article","isPartOf":{"@id":"https:\/\/bobea.net\/index.php\/2024\/12\/16\/les-mouvements-feministes-contemporains-en-afrique-un-panorama\/"},"author":{"name":"bobea.info","@id":"https:\/\/bobea.net\/#\/schema\/person\/e7f45ef187918d7c956bf619dce90ccf"},"headline":"les mouvements f\u00e9ministes contemporains en Afrique : un panorama","datePublished":"2024-12-16T14:48:49+00:00","dateModified":"2024-12-16T14:48:51+00:00","mainEntityOfPage":{"@id":"https:\/\/bobea.net\/index.php\/2024\/12\/16\/les-mouvements-feministes-contemporains-en-afrique-un-panorama\/"},"wordCount":357,"commentCount":0,"publisher":{"@id":"https:\/\/bobea.net\/#organization"},"image":{"@id":"https:\/\/bobea.net\/index.php\/2024\/12\/16\/les-mouvements-feministes-contemporains-en-afrique-un-panorama\/#primaryimage"},"thumbnailUrl":"https:\/\/bobea.net\/wp-content\/uploads\/2024\/12\/Illustration-Jeunes-feministes-scaled.jpg","articleSection":["Viva"],"inLanguage":"fr-FR","potentialAction":[{"@type":"CommentAction","name":"Comment","target":["https:\/\/bobea.net\/index.php\/2024\/12\/16\/les-mouvements-feministes-contemporains-en-afrique-un-panorama\/#respond"]}]},{"@type":"WebPage","@id":"https:\/\/bobea.net\/index.php\/2024\/12\/16\/les-mouvements-feministes-contemporains-en-afrique-un-panorama\/","url":"https:\/\/bobea.net\/index.php\/2024\/12\/16\/les-mouvements-feministes-contemporains-en-afrique-un-panorama\/","name":"les mouvements f\u00e9ministes contemporains en Afrique : un panorama - Bobea","isPartOf":{"@id":"https:\/\/bobea.net\/#website"},"primaryImageOfPage":{"@id":"https:\/\/bobea.net\/index.php\/2024\/12\/16\/les-mouvements-feministes-contemporains-en-afrique-un-panorama\/#primaryimage"},"image":{"@id":"https:\/\/bobea.net\/index.php\/2024\/12\/16\/les-mouvements-feministes-contemporains-en-afrique-un-panorama\/#primaryimage"},"thumbnailUrl":"https:\/\/bobea.net\/wp-content\/uploads\/2024\/12\/Illustration-Jeunes-feministes-scaled.jpg","datePublished":"2024-12-16T14:48:49+00:00","dateModified":"2024-12-16T14:48:51+00:00","breadcrumb":{"@id":"https:\/\/bobea.net\/index.php\/2024\/12\/16\/les-mouvements-feministes-contemporains-en-afrique-un-panorama\/#breadcrumb"},"inLanguage":"fr-FR","potentialAction":[{"@type":"ReadAction","target":["https:\/\/bobea.net\/index.php\/2024\/12\/16\/les-mouvements-feministes-contemporains-en-afrique-un-panorama\/"]}]},{"@type":"ImageObject","inLanguage":"fr-FR","@id":"https:\/\/bobea.net\/index.php\/2024\/12\/16\/les-mouvements-feministes-contemporains-en-afrique-un-panorama\/#primaryimage","url":"https:\/\/bobea.net\/wp-content\/uploads\/2024\/12\/Illustration-Jeunes-feministes-scaled.jpg","contentUrl":"https:\/\/bobea.net\/wp-content\/uploads\/2024\/12\/Illustration-Jeunes-feministes-scaled.jpg","width":2560,"height":1301,"caption":"les mouvements f\u00e9ministes contemporains en Afrique : un panorama"},{"@type":"BreadcrumbList","@id":"https:\/\/bobea.net\/index.php\/2024\/12\/16\/les-mouvements-feministes-contemporains-en-afrique-un-panorama\/#breadcrumb","itemListElement":[{"@type":"ListItem","position":1,"name":"Accueil","item":"https:\/\/bobea.net\/"},{"@type":"ListItem","position":2,"name":"les mouvements f\u00e9ministes contemporains en Afrique : un panorama"}]},{"@type":"WebSite","@id":"https:\/\/bobea.net\/#website","url":"https:\/\/bobea.net\/","name":"Bobea","description":"Le magazine de la nouvelle \u00c8ve","publisher":{"@id":"https:\/\/bobea.net\/#organization"},"potentialAction":[{"@type":"SearchAction","target":{"@type":"EntryPoint","urlTemplate":"https:\/\/bobea.net\/?s={search_term_string}"},"query-input":{"@type":"PropertyValueSpecification","valueRequired":true,"valueName":"search_term_string"}}],"inLanguage":"fr-FR"},{"@type":"Organization","@id":"https:\/\/bobea.net\/#organization","name":"Bobea","url":"https:\/\/bobea.net\/","logo":{"@type":"ImageObject","inLanguage":"fr-FR","@id":"https:\/\/bobea.net\/#\/schema\/logo\/image\/","url":"https:\/\/bobea.net\/wp-content\/uploads\/2024\/06\/bobea.jpg","contentUrl":"https:\/\/bobea.net\/wp-content\/uploads\/2024\/06\/bobea.jpg","width":1080,"height":1080,"caption":"Bobea"},"image":{"@id":"https:\/\/bobea.net\/#\/schema\/logo\/image\/"},"sameAs":["https:\/\/web.facebook.com\/profile.php?id=61559252188416"]},{"@type":"Person","@id":"https:\/\/bobea.net\/#\/schema\/person\/e7f45ef187918d7c956bf619dce90ccf","name":"bobea.info","image":{"@type":"ImageObject","inLanguage":"fr-FR","@id":"https:\/\/bobea.net\/#\/schema\/person\/image\/","url":"https:\/\/secure.gravatar.com\/avatar\/36147980349df887ae30808df3e29474?s=96&d=mm&r=g","contentUrl":"https:\/\/secure.gravatar.com\/avatar\/36147980349df887ae30808df3e29474?s=96&d=mm&r=g","caption":"bobea.info"},"sameAs":["https:\/\/bobea.net"],"url":"https:\/\/bobea.net\/index.php\/author\/bobea-info\/"}]}},"_links":{"self":[{"href":"https:\/\/bobea.net\/index.php\/wp-json\/wp\/v2\/posts\/6059"}],"collection":[{"href":"https:\/\/bobea.net\/index.php\/wp-json\/wp\/v2\/posts"}],"about":[{"href":"https:\/\/bobea.net\/index.php\/wp-json\/wp\/v2\/types\/post"}],"author":[{"embeddable":true,"href":"https:\/\/bobea.net\/index.php\/wp-json\/wp\/v2\/users\/1"}],"replies":[{"embeddable":true,"href":"https:\/\/bobea.net\/index.php\/wp-json\/wp\/v2\/comments?post=6059"}],"version-history":[{"count":0,"href":"https:\/\/bobea.net\/index.php\/wp-json\/wp\/v2\/posts\/6059\/revisions"}],"wp:featuredmedia":[{"embeddable":true,"href":"https:\/\/bobea.net\/index.php\/wp-json\/wp\/v2\/media\/6060"}],"wp:attachment":[{"href":"https:\/\/bobea.net\/index.php\/wp-json\/wp\/v2\/media?parent=6059"}],"wp:term":[{"taxonomy":"category","embeddable":true,"href":"https:\/\/bobea.net\/index.php\/wp-json\/wp\/v2\/categories?post=6059"},{"taxonomy":"post_tag","embeddable":true,"href":"https:\/\/bobea.net\/index.php\/wp-json\/wp\/v2\/tags?post=6059"}],"curies":[{"name":"wp","href":"https:\/\/api.w.org\/{rel}","templated":true}]}}