{"id":6044,"date":"2024-12-16T14:32:09","date_gmt":"2024-12-16T14:32:09","guid":{"rendered":"https:\/\/bobea.net\/?p=6044"},"modified":"2024-12-16T14:32:10","modified_gmt":"2024-12-16T14:32:10","slug":"la-lutte-contre-le-racisme-et-la-transphobie-dans-le-feminisme","status":"publish","type":"post","link":"https:\/\/bobea.net\/index.php\/2024\/12\/16\/la-lutte-contre-le-racisme-et-la-transphobie-dans-le-feminisme\/","title":{"rendered":"la lutte contre le racisme et la transphobie dans le f\u00e9minisme"},"content":{"rendered":"\n<p>Intro\u00adduc\u00adtion<\/p>\n\n\n\n<p>La lutte pour l\u2019\u00e9\u00adgal\u00adit\u00e9 des sex\u00ades ne peut \u00eatre dis\u00adso\u00adci\u00e9e des luttes con\u00adtre le racisme et la trans\u00adpho\u00adbie. En 2024, cet arti\u00adcle exam\u00adine com\u00adment ces prob\u00adl\u00e9\u00adma\u00adtiques inter\u00adcon\u00adnec\u00adt\u00e9es sont abor\u00add\u00e9es au sein du mou\u00adve\u00adment f\u00e9min\u00adiste, ain\u00adsi que les ini\u00adtia\u00adtives visant \u00e0 cr\u00e9er un f\u00e9min\u00adisme inclusif.<\/p>\n\n\n\n<p>Inter\u00adsec\u00adtion\u00adnal\u00adit\u00e9 dans le f\u00e9min\u00adisme<\/p>\n\n\n\n<ol start=\"1\" class=\"wp-block-list\">\n<li><strong>Con\u00adcept d\u2019in\u00adter\u00adsec\u00adtion\u00adnal\u00adit\u00e9<\/strong>&nbsp;: L\u2019in\u00adter\u00adsec\u00adtion\u00adnal\u00adit\u00e9 est un con\u00adcept cl\u00e9 qui recon\u00adna\u00eet que les femmes vivent des dis\u00adcrim\u00adi\u00adna\u00adtions mul\u00adti\u00adples en fonc\u00adtion de leur race, ori\u00aden\u00adta\u00adtion sex\u00aduelle, classe sociale et autres fac\u00adteurs. Ce cadre per\u00admet d\u2019abor\u00adder les luttes f\u00e9min\u00adistes sous un angle plus inclusif.<\/li>\n\n\n\n<li><strong>Voix mar\u00adgin\u00adal\u00adis\u00e9es<\/strong>&nbsp;: De nom\u00adbreuses f\u00e9min\u00adistes issues de minorit\u00e9s raciales ou LGBTQ+ soulig\u00adnent l\u2019im\u00adpor\u00adtance d\u2019in\u00adclure leurs exp\u00e9ri\u00adences dans le dis\u00adcours f\u00e9min\u00adiste. Cela per\u00admet de mieux com\u00adpren\u00addre com\u00adment le racisme et la trans\u00adpho\u00adbie inter\u00adagis\u00adsent avec le sex\u00adisme.<\/li>\n<\/ol>\n\n\n\n<p>Ini\u00adtia\u00adtives pour un f\u00e9min\u00adisme inclusif<\/p>\n\n\n\n<p>Des ini\u00adtia\u00adtives \u00e9mer\u00adgent pour pro\u00admou\u00advoir un f\u00e9min\u00adisme qui int\u00e8\u00adgre ces luttes :<\/p>\n\n\n\n<ul class=\"wp-block-list\">\n<li><strong>Ate\u00adliers et for\u00adma\u00adtions<\/strong>&nbsp;: Des organ\u00adi\u00adsa\u00adtions pro\u00adposent des ate\u00adliers sur l\u2019in\u00adter\u00adsec\u00adtion\u00adnal\u00adit\u00e9 pour sen\u00adsi\u00adbilis\u00ader les mil\u00adi\u00adtantes aux enjeux raci\u00adaux et LGBTQ+ au sein du mou\u00adve\u00adment f\u00e9min\u00adiste.<\/li>\n\n\n\n<li><strong>Plate\u00adformes pour les voix mar\u00adgin\u00adal\u00adis\u00e9es<\/strong>&nbsp;: Des espaces sont cr\u00e9\u00e9s pour per\u00adme\u00adt\u00adtre aux femmes issues de minorit\u00e9s raciales ou LGBTQ+ de partager leurs exp\u00e9ri\u00adences et d\u2019\u00eatre enten\u00addues au sein du mou\u00adve\u00adment.<\/li>\n\n\n\n<li><strong>Coali\u00adtions<\/strong>&nbsp;: Des coali\u00adtions entre groupes f\u00e9min\u00adistes et organ\u00adi\u00adsa\u00adtions anti-racistes ou LGBTQ+ se for\u00adment pour lut\u00adter ensem\u00adble con\u00adtre toutes les formes de dis\u00adcrim\u00adi\u00adna\u00adtion.<\/li>\n<\/ul>\n\n\n\n<p>Con\u00adclu\u00adsion<\/p>\n\n\n\n<p>La lutte con\u00adtre le racisme et la trans\u00adpho\u00adbie est essen\u00adtielle pour con\u00adstru\u00adire un f\u00e9min\u00adisme v\u00e9ri\u00adta\u00adble\u00adment inclusif. En 2024, il est imp\u00e9ratif que toutes les voix soient enten\u00addues afin de cr\u00e9er un mou\u00adve\u00adment qui d\u00e9fende l\u2019\u00e9\u00adgal\u00adit\u00e9 pour toutes les femmes, ind\u00e9pen\u00addam\u00adment de leur orig\u00adine ou iden\u00adtit\u00e9.<\/p>\n","protected":false},"excerpt":{"rendered":"<p>Intro\u00adduc\u00adtion La lutte pour l\u2019\u00e9\u00adgal\u00adit\u00e9 des sex\u00ades ne peut \u00eatre dis\u00adso\u00adci\u00e9e des luttes con\u00adtre le racisme et la trans\u00adpho\u00adbie. En 2024, cet arti\u00adcle exam\u00adine com\u00adment ces prob\u00adl\u00e9\u00adma\u00adtiques inter\u00adcon\u00adnec\u00adt\u00e9es sont abor\u00add\u00e9es\u2026 <\/p>\n","protected":false},"author":1,"featured_media":6045,"comment_status":"open","ping_status":"open","sticky":false,"template":"","format":"standard","meta":{"wp_typography_post_enhancements_disabled":false,"footnotes":""},"categories":[73,53],"tags":[],"class_list":["post-6044","post","type-post","status-publish","format-standard","has-post-thumbnail","hentry","category-on-en-parle","category-viva"],"yoast_head":"<!-- This site is optimized with the Yoast SEO plugin v24.7 - https:\/\/yoast.com\/wordpress\/plugins\/seo\/ -->\n<title>la lutte contre le racisme et la transphobie dans le f\u00e9minisme - Bobea<\/title>\n<meta name=\"description\" content=\"La lutte pour l&#039;\u00e9galit\u00e9 des sexes ne peut \u00eatre dissoci\u00e9e des luttes contre le racisme et la transphobie. En 2024, cet article examine\" \/>\n<meta name=\"robots\" content=\"index, follow, max-snippet:-1, max-image-preview:large, max-video-preview:-1\" \/>\n<link rel=\"canonical\" href=\"https:\/\/bobea.net\/index.php\/2024\/12\/16\/la-lutte-contre-le-racisme-et-la-transphobie-dans-le-feminisme\/\" \/>\n<meta property=\"og:locale\" content=\"fr_FR\" \/>\n<meta property=\"og:type\" content=\"article\" \/>\n<meta property=\"og:title\" content=\"la lutte contre le racisme et la transphobie dans le f\u00e9minisme - Bobea\" \/>\n<meta property=\"og:description\" content=\"La lutte pour l&#039;\u00e9galit\u00e9 des sexes ne peut \u00eatre dissoci\u00e9e des luttes contre le racisme et la transphobie. En 2024, cet article examine\" \/>\n<meta property=\"og:url\" content=\"https:\/\/bobea.net\/index.php\/2024\/12\/16\/la-lutte-contre-le-racisme-et-la-transphobie-dans-le-feminisme\/\" \/>\n<meta property=\"og:site_name\" content=\"Bobea\" \/>\n<meta property=\"article:publisher\" content=\"https:\/\/web.facebook.com\/profile.php?id=61559252188416\" \/>\n<meta property=\"article:published_time\" content=\"2024-12-16T14:32:09+00:00\" \/>\n<meta property=\"article:modified_time\" content=\"2024-12-16T14:32:10+00:00\" \/>\n<meta property=\"og:image\" content=\"https:\/\/bobea.net\/wp-content\/uploads\/2024\/12\/20221116-img-face-la-transphobie-en-europe-le-feminisme-tout-perdre-se-diviser.jpg\" \/>\n\t<meta property=\"og:image:width\" content=\"1200\" \/>\n\t<meta property=\"og:image:height\" content=\"800\" \/>\n\t<meta property=\"og:image:type\" content=\"image\/jpeg\" \/>\n<meta name=\"author\" content=\"bobea.info\" \/>\n<meta name=\"twitter:card\" content=\"summary_large_image\" \/>\n<meta name=\"twitter:label1\" content=\"\u00c9crit par\" \/>\n\t<meta name=\"twitter:data1\" content=\"bobea.info\" \/>\n\t<meta name=\"twitter:label2\" content=\"Dur\u00e9e de lecture estim\u00e9e\" \/>\n\t<meta name=\"twitter:data2\" content=\"2 minutes\" \/>\n<script type=\"application\/ld+json\" class=\"yoast-schema-graph\">{\"@context\":\"https:\/\/schema.org\",\"@graph\":[{\"@type\":\"Article\",\"@id\":\"https:\/\/bobea.net\/index.php\/2024\/12\/16\/la-lutte-contre-le-racisme-et-la-transphobie-dans-le-feminisme\/#article\",\"isPartOf\":{\"@id\":\"https:\/\/bobea.net\/index.php\/2024\/12\/16\/la-lutte-contre-le-racisme-et-la-transphobie-dans-le-feminisme\/\"},\"author\":{\"name\":\"bobea.info\",\"@id\":\"https:\/\/bobea.net\/#\/schema\/person\/e7f45ef187918d7c956bf619dce90ccf\"},\"headline\":\"la lutte contre le racisme et la transphobie dans le f\u00e9minisme\",\"datePublished\":\"2024-12-16T14:32:09+00:00\",\"dateModified\":\"2024-12-16T14:32:10+00:00\",\"mainEntityOfPage\":{\"@id\":\"https:\/\/bobea.net\/index.php\/2024\/12\/16\/la-lutte-contre-le-racisme-et-la-transphobie-dans-le-feminisme\/\"},\"wordCount\":310,\"commentCount\":0,\"publisher\":{\"@id\":\"https:\/\/bobea.net\/#organization\"},\"image\":{\"@id\":\"https:\/\/bobea.net\/index.php\/2024\/12\/16\/la-lutte-contre-le-racisme-et-la-transphobie-dans-le-feminisme\/#primaryimage\"},\"thumbnailUrl\":\"https:\/\/bobea.net\/wp-content\/uploads\/2024\/12\/20221116-img-face-la-transphobie-en-europe-le-feminisme-tout-perdre-se-diviser.jpg\",\"articleSection\":[\"On en Parle\",\"Viva\"],\"inLanguage\":\"fr-FR\",\"potentialAction\":[{\"@type\":\"CommentAction\",\"name\":\"Comment\",\"target\":[\"https:\/\/bobea.net\/index.php\/2024\/12\/16\/la-lutte-contre-le-racisme-et-la-transphobie-dans-le-feminisme\/#respond\"]}]},{\"@type\":\"WebPage\",\"@id\":\"https:\/\/bobea.net\/index.php\/2024\/12\/16\/la-lutte-contre-le-racisme-et-la-transphobie-dans-le-feminisme\/\",\"url\":\"https:\/\/bobea.net\/index.php\/2024\/12\/16\/la-lutte-contre-le-racisme-et-la-transphobie-dans-le-feminisme\/\",\"name\":\"la lutte contre le racisme et la transphobie dans le f\u00e9minisme - Bobea\",\"isPartOf\":{\"@id\":\"https:\/\/bobea.net\/#website\"},\"primaryImageOfPage\":{\"@id\":\"https:\/\/bobea.net\/index.php\/2024\/12\/16\/la-lutte-contre-le-racisme-et-la-transphobie-dans-le-feminisme\/#primaryimage\"},\"image\":{\"@id\":\"https:\/\/bobea.net\/index.php\/2024\/12\/16\/la-lutte-contre-le-racisme-et-la-transphobie-dans-le-feminisme\/#primaryimage\"},\"thumbnailUrl\":\"https:\/\/bobea.net\/wp-content\/uploads\/2024\/12\/20221116-img-face-la-transphobie-en-europe-le-feminisme-tout-perdre-se-diviser.jpg\",\"datePublished\":\"2024-12-16T14:32:09+00:00\",\"dateModified\":\"2024-12-16T14:32:10+00:00\",\"description\":\"La lutte pour l'\u00e9galit\u00e9 des sexes ne peut \u00eatre dissoci\u00e9e des luttes contre le racisme et la transphobie. En 2024, cet article examine\",\"breadcrumb\":{\"@id\":\"https:\/\/bobea.net\/index.php\/2024\/12\/16\/la-lutte-contre-le-racisme-et-la-transphobie-dans-le-feminisme\/#breadcrumb\"},\"inLanguage\":\"fr-FR\",\"potentialAction\":[{\"@type\":\"ReadAction\",\"target\":[\"https:\/\/bobea.net\/index.php\/2024\/12\/16\/la-lutte-contre-le-racisme-et-la-transphobie-dans-le-feminisme\/\"]}]},{\"@type\":\"ImageObject\",\"inLanguage\":\"fr-FR\",\"@id\":\"https:\/\/bobea.net\/index.php\/2024\/12\/16\/la-lutte-contre-le-racisme-et-la-transphobie-dans-le-feminisme\/#primaryimage\",\"url\":\"https:\/\/bobea.net\/wp-content\/uploads\/2024\/12\/20221116-img-face-la-transphobie-en-europe-le-feminisme-tout-perdre-se-diviser.jpg\",\"contentUrl\":\"https:\/\/bobea.net\/wp-content\/uploads\/2024\/12\/20221116-img-face-la-transphobie-en-europe-le-feminisme-tout-perdre-se-diviser.jpg\",\"width\":1200,\"height\":800,\"caption\":\"la lutte contre le racisme et la transphobie dans le f\u00e9minisme\"},{\"@type\":\"BreadcrumbList\",\"@id\":\"https:\/\/bobea.net\/index.php\/2024\/12\/16\/la-lutte-contre-le-racisme-et-la-transphobie-dans-le-feminisme\/#breadcrumb\",\"itemListElement\":[{\"@type\":\"ListItem\",\"position\":1,\"name\":\"Accueil\",\"item\":\"https:\/\/bobea.net\/\"},{\"@type\":\"ListItem\",\"position\":2,\"name\":\"la lutte contre le racisme et la transphobie dans le f\u00e9minisme\"}]},{\"@type\":\"WebSite\",\"@id\":\"https:\/\/bobea.net\/#website\",\"url\":\"https:\/\/bobea.net\/\",\"name\":\"Bobea\",\"description\":\"Le magazine de la nouvelle \u00c8ve\",\"publisher\":{\"@id\":\"https:\/\/bobea.net\/#organization\"},\"potentialAction\":[{\"@type\":\"SearchAction\",\"target\":{\"@type\":\"EntryPoint\",\"urlTemplate\":\"https:\/\/bobea.net\/?s={search_term_string}\"},\"query-input\":{\"@type\":\"PropertyValueSpecification\",\"valueRequired\":true,\"valueName\":\"search_term_string\"}}],\"inLanguage\":\"fr-FR\"},{\"@type\":\"Organization\",\"@id\":\"https:\/\/bobea.net\/#organization\",\"name\":\"Bobea\",\"url\":\"https:\/\/bobea.net\/\",\"logo\":{\"@type\":\"ImageObject\",\"inLanguage\":\"fr-FR\",\"@id\":\"https:\/\/bobea.net\/#\/schema\/logo\/image\/\",\"url\":\"https:\/\/bobea.net\/wp-content\/uploads\/2024\/06\/bobea.jpg\",\"contentUrl\":\"https:\/\/bobea.net\/wp-content\/uploads\/2024\/06\/bobea.jpg\",\"width\":1080,\"height\":1080,\"caption\":\"Bobea\"},\"image\":{\"@id\":\"https:\/\/bobea.net\/#\/schema\/logo\/image\/\"},\"sameAs\":[\"https:\/\/web.facebook.com\/profile.php?id=61559252188416\"]},{\"@type\":\"Person\",\"@id\":\"https:\/\/bobea.net\/#\/schema\/person\/e7f45ef187918d7c956bf619dce90ccf\",\"name\":\"bobea.info\",\"image\":{\"@type\":\"ImageObject\",\"inLanguage\":\"fr-FR\",\"@id\":\"https:\/\/bobea.net\/#\/schema\/person\/image\/\",\"url\":\"https:\/\/secure.gravatar.com\/avatar\/36147980349df887ae30808df3e29474?s=96&d=mm&r=g\",\"contentUrl\":\"https:\/\/secure.gravatar.com\/avatar\/36147980349df887ae30808df3e29474?s=96&d=mm&r=g\",\"caption\":\"bobea.info\"},\"sameAs\":[\"https:\/\/bobea.net\"],\"url\":\"https:\/\/bobea.net\/index.php\/author\/bobea-info\/\"}]}<\/script>\n<!-- \/ Yoast SEO plugin. -->","yoast_head_json":{"title":"la lutte contre le racisme et la transphobie dans le f\u00e9minisme - Bobea","description":"La lutte pour l'\u00e9galit\u00e9 des sexes ne peut \u00eatre dissoci\u00e9e des luttes contre le racisme et la transphobie. En 2024, cet article examine","robots":{"index":"index","follow":"follow","max-snippet":"max-snippet:-1","max-image-preview":"max-image-preview:large","max-video-preview":"max-video-preview:-1"},"canonical":"https:\/\/bobea.net\/index.php\/2024\/12\/16\/la-lutte-contre-le-racisme-et-la-transphobie-dans-le-feminisme\/","og_locale":"fr_FR","og_type":"article","og_title":"la lutte contre le racisme et la transphobie dans le f\u00e9minisme - Bobea","og_description":"La lutte pour l'\u00e9galit\u00e9 des sexes ne peut \u00eatre dissoci\u00e9e des luttes contre le racisme et la transphobie. En 2024, cet article examine","og_url":"https:\/\/bobea.net\/index.php\/2024\/12\/16\/la-lutte-contre-le-racisme-et-la-transphobie-dans-le-feminisme\/","og_site_name":"Bobea","article_publisher":"https:\/\/web.facebook.com\/profile.php?id=61559252188416","article_published_time":"2024-12-16T14:32:09+00:00","article_modified_time":"2024-12-16T14:32:10+00:00","og_image":[{"width":1200,"height":800,"url":"https:\/\/bobea.net\/wp-content\/uploads\/2024\/12\/20221116-img-face-la-transphobie-en-europe-le-feminisme-tout-perdre-se-diviser.jpg","type":"image\/jpeg"}],"author":"bobea.info","twitter_card":"summary_large_image","twitter_misc":{"\u00c9crit par":"bobea.info","Dur\u00e9e de lecture estim\u00e9e":"2 minutes"},"schema":{"@context":"https:\/\/schema.org","@graph":[{"@type":"Article","@id":"https:\/\/bobea.net\/index.php\/2024\/12\/16\/la-lutte-contre-le-racisme-et-la-transphobie-dans-le-feminisme\/#article","isPartOf":{"@id":"https:\/\/bobea.net\/index.php\/2024\/12\/16\/la-lutte-contre-le-racisme-et-la-transphobie-dans-le-feminisme\/"},"author":{"name":"bobea.info","@id":"https:\/\/bobea.net\/#\/schema\/person\/e7f45ef187918d7c956bf619dce90ccf"},"headline":"la lutte contre le racisme et la transphobie dans le f\u00e9minisme","datePublished":"2024-12-16T14:32:09+00:00","dateModified":"2024-12-16T14:32:10+00:00","mainEntityOfPage":{"@id":"https:\/\/bobea.net\/index.php\/2024\/12\/16\/la-lutte-contre-le-racisme-et-la-transphobie-dans-le-feminisme\/"},"wordCount":310,"commentCount":0,"publisher":{"@id":"https:\/\/bobea.net\/#organization"},"image":{"@id":"https:\/\/bobea.net\/index.php\/2024\/12\/16\/la-lutte-contre-le-racisme-et-la-transphobie-dans-le-feminisme\/#primaryimage"},"thumbnailUrl":"https:\/\/bobea.net\/wp-content\/uploads\/2024\/12\/20221116-img-face-la-transphobie-en-europe-le-feminisme-tout-perdre-se-diviser.jpg","articleSection":["On en Parle","Viva"],"inLanguage":"fr-FR","potentialAction":[{"@type":"CommentAction","name":"Comment","target":["https:\/\/bobea.net\/index.php\/2024\/12\/16\/la-lutte-contre-le-racisme-et-la-transphobie-dans-le-feminisme\/#respond"]}]},{"@type":"WebPage","@id":"https:\/\/bobea.net\/index.php\/2024\/12\/16\/la-lutte-contre-le-racisme-et-la-transphobie-dans-le-feminisme\/","url":"https:\/\/bobea.net\/index.php\/2024\/12\/16\/la-lutte-contre-le-racisme-et-la-transphobie-dans-le-feminisme\/","name":"la lutte contre le racisme et la transphobie dans le f\u00e9minisme - Bobea","isPartOf":{"@id":"https:\/\/bobea.net\/#website"},"primaryImageOfPage":{"@id":"https:\/\/bobea.net\/index.php\/2024\/12\/16\/la-lutte-contre-le-racisme-et-la-transphobie-dans-le-feminisme\/#primaryimage"},"image":{"@id":"https:\/\/bobea.net\/index.php\/2024\/12\/16\/la-lutte-contre-le-racisme-et-la-transphobie-dans-le-feminisme\/#primaryimage"},"thumbnailUrl":"https:\/\/bobea.net\/wp-content\/uploads\/2024\/12\/20221116-img-face-la-transphobie-en-europe-le-feminisme-tout-perdre-se-diviser.jpg","datePublished":"2024-12-16T14:32:09+00:00","dateModified":"2024-12-16T14:32:10+00:00","description":"La lutte pour l'\u00e9galit\u00e9 des sexes ne peut \u00eatre dissoci\u00e9e des luttes contre le racisme et la transphobie. En 2024, cet article examine","breadcrumb":{"@id":"https:\/\/bobea.net\/index.php\/2024\/12\/16\/la-lutte-contre-le-racisme-et-la-transphobie-dans-le-feminisme\/#breadcrumb"},"inLanguage":"fr-FR","potentialAction":[{"@type":"ReadAction","target":["https:\/\/bobea.net\/index.php\/2024\/12\/16\/la-lutte-contre-le-racisme-et-la-transphobie-dans-le-feminisme\/"]}]},{"@type":"ImageObject","inLanguage":"fr-FR","@id":"https:\/\/bobea.net\/index.php\/2024\/12\/16\/la-lutte-contre-le-racisme-et-la-transphobie-dans-le-feminisme\/#primaryimage","url":"https:\/\/bobea.net\/wp-content\/uploads\/2024\/12\/20221116-img-face-la-transphobie-en-europe-le-feminisme-tout-perdre-se-diviser.jpg","contentUrl":"https:\/\/bobea.net\/wp-content\/uploads\/2024\/12\/20221116-img-face-la-transphobie-en-europe-le-feminisme-tout-perdre-se-diviser.jpg","width":1200,"height":800,"caption":"la lutte contre le racisme et la transphobie dans le f\u00e9minisme"},{"@type":"BreadcrumbList","@id":"https:\/\/bobea.net\/index.php\/2024\/12\/16\/la-lutte-contre-le-racisme-et-la-transphobie-dans-le-feminisme\/#breadcrumb","itemListElement":[{"@type":"ListItem","position":1,"name":"Accueil","item":"https:\/\/bobea.net\/"},{"@type":"ListItem","position":2,"name":"la lutte contre le racisme et la transphobie dans le f\u00e9minisme"}]},{"@type":"WebSite","@id":"https:\/\/bobea.net\/#website","url":"https:\/\/bobea.net\/","name":"Bobea","description":"Le magazine de la nouvelle \u00c8ve","publisher":{"@id":"https:\/\/bobea.net\/#organization"},"potentialAction":[{"@type":"SearchAction","target":{"@type":"EntryPoint","urlTemplate":"https:\/\/bobea.net\/?s={search_term_string}"},"query-input":{"@type":"PropertyValueSpecification","valueRequired":true,"valueName":"search_term_string"}}],"inLanguage":"fr-FR"},{"@type":"Organization","@id":"https:\/\/bobea.net\/#organization","name":"Bobea","url":"https:\/\/bobea.net\/","logo":{"@type":"ImageObject","inLanguage":"fr-FR","@id":"https:\/\/bobea.net\/#\/schema\/logo\/image\/","url":"https:\/\/bobea.net\/wp-content\/uploads\/2024\/06\/bobea.jpg","contentUrl":"https:\/\/bobea.net\/wp-content\/uploads\/2024\/06\/bobea.jpg","width":1080,"height":1080,"caption":"Bobea"},"image":{"@id":"https:\/\/bobea.net\/#\/schema\/logo\/image\/"},"sameAs":["https:\/\/web.facebook.com\/profile.php?id=61559252188416"]},{"@type":"Person","@id":"https:\/\/bobea.net\/#\/schema\/person\/e7f45ef187918d7c956bf619dce90ccf","name":"bobea.info","image":{"@type":"ImageObject","inLanguage":"fr-FR","@id":"https:\/\/bobea.net\/#\/schema\/person\/image\/","url":"https:\/\/secure.gravatar.com\/avatar\/36147980349df887ae30808df3e29474?s=96&d=mm&r=g","contentUrl":"https:\/\/secure.gravatar.com\/avatar\/36147980349df887ae30808df3e29474?s=96&d=mm&r=g","caption":"bobea.info"},"sameAs":["https:\/\/bobea.net"],"url":"https:\/\/bobea.net\/index.php\/author\/bobea-info\/"}]}},"_links":{"self":[{"href":"https:\/\/bobea.net\/index.php\/wp-json\/wp\/v2\/posts\/6044"}],"collection":[{"href":"https:\/\/bobea.net\/index.php\/wp-json\/wp\/v2\/posts"}],"about":[{"href":"https:\/\/bobea.net\/index.php\/wp-json\/wp\/v2\/types\/post"}],"author":[{"embeddable":true,"href":"https:\/\/bobea.net\/index.php\/wp-json\/wp\/v2\/users\/1"}],"replies":[{"embeddable":true,"href":"https:\/\/bobea.net\/index.php\/wp-json\/wp\/v2\/comments?post=6044"}],"version-history":[{"count":0,"href":"https:\/\/bobea.net\/index.php\/wp-json\/wp\/v2\/posts\/6044\/revisions"}],"wp:featuredmedia":[{"embeddable":true,"href":"https:\/\/bobea.net\/index.php\/wp-json\/wp\/v2\/media\/6045"}],"wp:attachment":[{"href":"https:\/\/bobea.net\/index.php\/wp-json\/wp\/v2\/media?parent=6044"}],"wp:term":[{"taxonomy":"category","embeddable":true,"href":"https:\/\/bobea.net\/index.php\/wp-json\/wp\/v2\/categories?post=6044"},{"taxonomy":"post_tag","embeddable":true,"href":"https:\/\/bobea.net\/index.php\/wp-json\/wp\/v2\/tags?post=6044"}],"curies":[{"name":"wp","href":"https:\/\/api.w.org\/{rel}","templated":true}]}}