{"id":6038,"date":"2024-12-16T14:21:11","date_gmt":"2024-12-16T14:21:11","guid":{"rendered":"https:\/\/bobea.net\/?p=6038"},"modified":"2024-12-16T14:21:12","modified_gmt":"2024-12-16T14:21:12","slug":"bobea-societe-la-journee-internationale-des-droits-des-femmes-evenements-prevus-pour-2024","status":"publish","type":"post","link":"https:\/\/bobea.net\/index.php\/2024\/12\/16\/bobea-societe-la-journee-internationale-des-droits-des-femmes-evenements-prevus-pour-2024\/","title":{"rendered":"BOBEA SOCI\u00c9T\u00c9 \u2014 la journ\u00e9e internationale des droits des femmes : \u00e9v\u00e9nements pr\u00e9vus pour 2024"},"content":{"rendered":"\n<p>Intro\u00adduc\u00adtion<\/p>\n\n\n\n<p>La Journ\u00e9e inter\u00adna\u00adtionale des droits des femmes, c\u00e9l\u00e9br\u00e9e chaque ann\u00e9e le 8 mars, est une occa\u00adsion impor\u00adtante pour sen\u00adsi\u00adbilis\u00ader le pub\u00adlic aux luttes pour l\u2019\u00e9\u00adgal\u00adit\u00e9 des sex\u00ades. En 2024, cet arti\u00adcle pr\u00e9sente les \u00e9v\u00e9ne\u00adments pr\u00e9vus pour cette journ\u00e9e embl\u00e9\u00adma\u00adtique \u00e0 tra\u00advers le monde.<\/p>\n\n\n\n<p>\u00c9v\u00e9ne\u00adments mar\u00adquants<\/p>\n\n\n\n<ol start=\"1\" class=\"wp-block-list\">\n<li><strong>Man\u00adi\u00adfes\u00adta\u00adtions mon\u00addi\u00adales<\/strong>&nbsp;: Dans plusieurs grandes villes comme Paris, New York et Nairo\u00adbi, des man\u00adi\u00adfes\u00adta\u00adtions sont organ\u00adis\u00e9es pour revendi\u00adquer l\u2019\u00e9\u00adgal\u00adit\u00e9 salar\u00adi\u00adale, la fin des vio\u00adlences faites aux femmes et l\u2019ac\u00adc\u00e8s \u00e0 l\u2019\u00e9\u00add\u00adu\u00adca\u00adtion. Ces rassem\u00adble\u00adments rassem\u00adblent des mil\u00adliers de per\u00adson\u00adnes d\u00e9ter\u00admin\u00e9es \u00e0 faire enten\u00addre leur voix.<\/li>\n\n\n\n<li><strong>Con\u00adf\u00e9rences et tables ron\u00addes<\/strong>&nbsp;: De nom\u00adbreuses organ\u00adi\u00adsa\u00adtions met\u00adtent en place des con\u00adf\u00e9rences pour dis\u00adcuter des enjeux con\u00adtem\u00adpo\u00adrains li\u00e9s aux droits des femmes. Ces \u00e9v\u00e9ne\u00adments r\u00e9u\u00adnis\u00adsent des experts, activistes et lead\u00aders com\u00admu\u00adnau\u00adtaires pour partager leurs exp\u00e9ri\u00adences et pro\u00adpos\u00ader des solu\u00adtions con\u00adcr\u00e8tes.<\/li>\n\n\n\n<li><strong>Ate\u00adliers com\u00admu\u00adnau\u00adtaires<\/strong>&nbsp;: Des ate\u00adliers sont organ\u00adis\u00e9s dans divers\u00ades com\u00admu\u00adnaut\u00e9s pour sen\u00adsi\u00adbilis\u00ader sur les droits repro\u00adduc\u00adtifs, la san\u00adt\u00e9 men\u00adtale et l\u2019au\u00adtonomi\u00adsa\u00adtion \u00e9conomique. Ces ini\u00adtia\u00adtives visent \u00e0 \u00e9du\u00adquer et \u00e0 ren\u00adforcer les com\u00adp\u00e9\u00adtences des par\u00adtic\u00adi\u00adpantes.<\/li>\n<\/ol>\n\n\n\n<p>Th\u00e8mes abor\u00add\u00e9s lors de la journ\u00e9e<\/p>\n\n\n\n<p>Les th\u00e8mes cen\u00adtraux abor\u00add\u00e9s lors de cette journ\u00e9e inclu\u00adent :<\/p>\n\n\n\n<ul class=\"wp-block-list\">\n<li><strong>\u00c9gal\u00adit\u00e9 salar\u00adi\u00adale<\/strong>&nbsp;: La lutte con\u00adtre les in\u00e9\u00adgal\u00adit\u00e9s salar\u00adi\u00adales est au c\u0153ur du mou\u00adve\u00adment, avec un appel fort \u00e0 agir pour garan\u00adtir un salaire \u00e9quitable pour tous.<\/li>\n\n\n\n<li><strong>Vio\u00adlences faites aux femmes<\/strong>&nbsp;: La sen\u00adsi\u00adbil\u00adi\u00adsa\u00adtion autour du har\u00adc\u00e8le\u00adment sex\u00aduel et domes\u00adtique est essen\u00adtielle pour encour\u00adager les vic\u00adtimes \u00e0 se man\u00adi\u00adfester et deman\u00adder jus\u00adtice.<\/li>\n\n\n\n<li><strong>Acc\u00e8s \u00e0 l\u2019\u00e9\u00add\u00adu\u00adca\u00adtion<\/strong>&nbsp;: L\u2019\u00e9\u00add\u00adu\u00adca\u00adtion est sou\u00advent con\u00adsid\u00ad\u00e9r\u00e9e comme un vecteur cl\u00e9 d\u2019\u00e9\u00adman\u00adci\u00adpa\u00adtion. Les \u00e9v\u00e9ne\u00adments soulig\u00adnent l\u2019im\u00adpor\u00adtance d\u2019un acc\u00e8s \u00e9quitable \u00e0 l\u2019\u00e9\u00add\u00adu\u00adca\u00adtion pour toutes les filles.<\/li>\n<\/ul>\n\n\n\n<p>Con\u00adclu\u00adsion<\/p>\n\n\n\n<p>La Journ\u00e9e inter\u00adna\u00adtionale des droits des femmes est une occa\u00adsion cru\u00adciale pour revendi\u00adquer l\u2019\u00e9\u00adgal\u00adit\u00e9 et sen\u00adsi\u00adbilis\u00ader le pub\u00adlic aux luttes per\u00adsis\u00adtantes ren\u00adcon\u00adtr\u00e9es par les femmes dans le monde entier. En 2024, il est essen\u00adtiel que cha\u00adcun par\u00adticipe active\u00adment \u00e0 ces \u00e9v\u00e9ne\u00adments pour con\u00adtribuer au change\u00adment social n\u00e9ces\u00adsaire.&nbsp;<\/p>\n","protected":false},"excerpt":{"rendered":"<p>Intro\u00adduc\u00adtion La Journ\u00e9e inter\u00adna\u00adtionale des droits des femmes, c\u00e9l\u00e9br\u00e9e chaque ann\u00e9e le 8 mars, est une occa\u00adsion impor\u00adtante pour sen\u00adsi\u00adbilis\u00ader le pub\u00adlic aux luttes pour l\u2019\u00e9\u00adgal\u00adit\u00e9 des sex\u00ades. En 2024,\u2026 <\/p>\n","protected":false},"author":1,"featured_media":6039,"comment_status":"open","ping_status":"open","sticky":false,"template":"","format":"standard","meta":{"wp_typography_post_enhancements_disabled":false,"footnotes":""},"categories":[74,75],"tags":[],"class_list":["post-6038","post","type-post","status-publish","format-standard","has-post-thumbnail","hentry","category-gloria","category-succes-story"],"yoast_head":"<!-- This site is optimized with the Yoast SEO plugin v24.7 - https:\/\/yoast.com\/wordpress\/plugins\/seo\/ -->\n<title>BOBEA SOCI\u00c9T\u00c9 - la journ\u00e9e internationale des droits des femmes : \u00e9v\u00e9nements pr\u00e9vus pour 2024 - Bobea<\/title>\n<meta name=\"description\" content=\"La Journ\u00e9e internationale des droits des femmes, c\u00e9l\u00e9br\u00e9e chaque ann\u00e9e le 8 mars, est une occasion importante pour sensibiliser le public\" \/>\n<meta name=\"robots\" content=\"index, follow, max-snippet:-1, max-image-preview:large, max-video-preview:-1\" \/>\n<link rel=\"canonical\" href=\"https:\/\/bobea.net\/index.php\/2024\/12\/16\/bobea-societe-la-journee-internationale-des-droits-des-femmes-evenements-prevus-pour-2024\/\" \/>\n<meta property=\"og:locale\" content=\"fr_FR\" \/>\n<meta property=\"og:type\" content=\"article\" \/>\n<meta property=\"og:title\" content=\"BOBEA SOCI\u00c9T\u00c9 - la journ\u00e9e internationale des droits des femmes : \u00e9v\u00e9nements pr\u00e9vus pour 2024 - Bobea\" \/>\n<meta property=\"og:description\" content=\"La Journ\u00e9e internationale des droits des femmes, c\u00e9l\u00e9br\u00e9e chaque ann\u00e9e le 8 mars, est une occasion importante pour sensibiliser le public\" \/>\n<meta property=\"og:url\" content=\"https:\/\/bobea.net\/index.php\/2024\/12\/16\/bobea-societe-la-journee-internationale-des-droits-des-femmes-evenements-prevus-pour-2024\/\" \/>\n<meta property=\"og:site_name\" content=\"Bobea\" \/>\n<meta property=\"article:publisher\" content=\"https:\/\/web.facebook.com\/profile.php?id=61559252188416\" \/>\n<meta property=\"article:published_time\" content=\"2024-12-16T14:21:11+00:00\" \/>\n<meta property=\"article:modified_time\" content=\"2024-12-16T14:21:12+00:00\" \/>\n<meta property=\"og:image\" content=\"https:\/\/bobea.net\/wp-content\/uploads\/2024\/12\/journee-internationale-des-droits-des-femmes-date-origine-et-enjeux-1492608.jpg\" \/>\n\t<meta property=\"og:image:width\" content=\"1200\" \/>\n\t<meta property=\"og:image:height\" content=\"630\" \/>\n\t<meta property=\"og:image:type\" content=\"image\/jpeg\" \/>\n<meta name=\"author\" content=\"bobea.info\" \/>\n<meta name=\"twitter:card\" content=\"summary_large_image\" \/>\n<meta name=\"twitter:label1\" content=\"\u00c9crit par\" \/>\n\t<meta name=\"twitter:data1\" content=\"bobea.info\" \/>\n\t<meta name=\"twitter:label2\" content=\"Dur\u00e9e de lecture estim\u00e9e\" \/>\n\t<meta name=\"twitter:data2\" content=\"2 minutes\" \/>\n<script type=\"application\/ld+json\" class=\"yoast-schema-graph\">{\"@context\":\"https:\/\/schema.org\",\"@graph\":[{\"@type\":\"Article\",\"@id\":\"https:\/\/bobea.net\/index.php\/2024\/12\/16\/bobea-societe-la-journee-internationale-des-droits-des-femmes-evenements-prevus-pour-2024\/#article\",\"isPartOf\":{\"@id\":\"https:\/\/bobea.net\/index.php\/2024\/12\/16\/bobea-societe-la-journee-internationale-des-droits-des-femmes-evenements-prevus-pour-2024\/\"},\"author\":{\"name\":\"bobea.info\",\"@id\":\"https:\/\/bobea.net\/#\/schema\/person\/e7f45ef187918d7c956bf619dce90ccf\"},\"headline\":\"BOBEA SOCI\u00c9T\u00c9 \u2014 la journ\u00e9e internationale des droits des femmes : \u00e9v\u00e9nements pr\u00e9vus pour 2024\",\"datePublished\":\"2024-12-16T14:21:11+00:00\",\"dateModified\":\"2024-12-16T14:21:12+00:00\",\"mainEntityOfPage\":{\"@id\":\"https:\/\/bobea.net\/index.php\/2024\/12\/16\/bobea-societe-la-journee-internationale-des-droits-des-femmes-evenements-prevus-pour-2024\/\"},\"wordCount\":362,\"commentCount\":0,\"publisher\":{\"@id\":\"https:\/\/bobea.net\/#organization\"},\"image\":{\"@id\":\"https:\/\/bobea.net\/index.php\/2024\/12\/16\/bobea-societe-la-journee-internationale-des-droits-des-femmes-evenements-prevus-pour-2024\/#primaryimage\"},\"thumbnailUrl\":\"https:\/\/bobea.net\/wp-content\/uploads\/2024\/12\/journee-internationale-des-droits-des-femmes-date-origine-et-enjeux-1492608.jpg\",\"articleSection\":[\"Gloria\",\"Succ\u00e8s Story\"],\"inLanguage\":\"fr-FR\",\"potentialAction\":[{\"@type\":\"CommentAction\",\"name\":\"Comment\",\"target\":[\"https:\/\/bobea.net\/index.php\/2024\/12\/16\/bobea-societe-la-journee-internationale-des-droits-des-femmes-evenements-prevus-pour-2024\/#respond\"]}]},{\"@type\":\"WebPage\",\"@id\":\"https:\/\/bobea.net\/index.php\/2024\/12\/16\/bobea-societe-la-journee-internationale-des-droits-des-femmes-evenements-prevus-pour-2024\/\",\"url\":\"https:\/\/bobea.net\/index.php\/2024\/12\/16\/bobea-societe-la-journee-internationale-des-droits-des-femmes-evenements-prevus-pour-2024\/\",\"name\":\"BOBEA SOCI\u00c9T\u00c9 - la journ\u00e9e internationale des droits des femmes : \u00e9v\u00e9nements pr\u00e9vus pour 2024 - Bobea\",\"isPartOf\":{\"@id\":\"https:\/\/bobea.net\/#website\"},\"primaryImageOfPage\":{\"@id\":\"https:\/\/bobea.net\/index.php\/2024\/12\/16\/bobea-societe-la-journee-internationale-des-droits-des-femmes-evenements-prevus-pour-2024\/#primaryimage\"},\"image\":{\"@id\":\"https:\/\/bobea.net\/index.php\/2024\/12\/16\/bobea-societe-la-journee-internationale-des-droits-des-femmes-evenements-prevus-pour-2024\/#primaryimage\"},\"thumbnailUrl\":\"https:\/\/bobea.net\/wp-content\/uploads\/2024\/12\/journee-internationale-des-droits-des-femmes-date-origine-et-enjeux-1492608.jpg\",\"datePublished\":\"2024-12-16T14:21:11+00:00\",\"dateModified\":\"2024-12-16T14:21:12+00:00\",\"description\":\"La Journ\u00e9e internationale des droits des femmes, c\u00e9l\u00e9br\u00e9e chaque ann\u00e9e le 8 mars, est une occasion importante pour sensibiliser le public\",\"breadcrumb\":{\"@id\":\"https:\/\/bobea.net\/index.php\/2024\/12\/16\/bobea-societe-la-journee-internationale-des-droits-des-femmes-evenements-prevus-pour-2024\/#breadcrumb\"},\"inLanguage\":\"fr-FR\",\"potentialAction\":[{\"@type\":\"ReadAction\",\"target\":[\"https:\/\/bobea.net\/index.php\/2024\/12\/16\/bobea-societe-la-journee-internationale-des-droits-des-femmes-evenements-prevus-pour-2024\/\"]}]},{\"@type\":\"ImageObject\",\"inLanguage\":\"fr-FR\",\"@id\":\"https:\/\/bobea.net\/index.php\/2024\/12\/16\/bobea-societe-la-journee-internationale-des-droits-des-femmes-evenements-prevus-pour-2024\/#primaryimage\",\"url\":\"https:\/\/bobea.net\/wp-content\/uploads\/2024\/12\/journee-internationale-des-droits-des-femmes-date-origine-et-enjeux-1492608.jpg\",\"contentUrl\":\"https:\/\/bobea.net\/wp-content\/uploads\/2024\/12\/journee-internationale-des-droits-des-femmes-date-origine-et-enjeux-1492608.jpg\",\"width\":1200,\"height\":630,\"caption\":\"BOBEA SOCI\u00c9T\u00c9 - la journ\u00e9e internationale des droits des femmes : \u00e9v\u00e9nements pr\u00e9vus pour 2024\"},{\"@type\":\"BreadcrumbList\",\"@id\":\"https:\/\/bobea.net\/index.php\/2024\/12\/16\/bobea-societe-la-journee-internationale-des-droits-des-femmes-evenements-prevus-pour-2024\/#breadcrumb\",\"itemListElement\":[{\"@type\":\"ListItem\",\"position\":1,\"name\":\"Accueil\",\"item\":\"https:\/\/bobea.net\/\"},{\"@type\":\"ListItem\",\"position\":2,\"name\":\"BOBEA SOCI\u00c9T\u00c9 &#8211; la journ\u00e9e internationale des droits des femmes : \u00e9v\u00e9nements pr\u00e9vus pour 2024\"}]},{\"@type\":\"WebSite\",\"@id\":\"https:\/\/bobea.net\/#website\",\"url\":\"https:\/\/bobea.net\/\",\"name\":\"Bobea\",\"description\":\"Le magazine de la nouvelle \u00c8ve\",\"publisher\":{\"@id\":\"https:\/\/bobea.net\/#organization\"},\"potentialAction\":[{\"@type\":\"SearchAction\",\"target\":{\"@type\":\"EntryPoint\",\"urlTemplate\":\"https:\/\/bobea.net\/?s={search_term_string}\"},\"query-input\":{\"@type\":\"PropertyValueSpecification\",\"valueRequired\":true,\"valueName\":\"search_term_string\"}}],\"inLanguage\":\"fr-FR\"},{\"@type\":\"Organization\",\"@id\":\"https:\/\/bobea.net\/#organization\",\"name\":\"Bobea\",\"url\":\"https:\/\/bobea.net\/\",\"logo\":{\"@type\":\"ImageObject\",\"inLanguage\":\"fr-FR\",\"@id\":\"https:\/\/bobea.net\/#\/schema\/logo\/image\/\",\"url\":\"https:\/\/bobea.net\/wp-content\/uploads\/2024\/06\/bobea.jpg\",\"contentUrl\":\"https:\/\/bobea.net\/wp-content\/uploads\/2024\/06\/bobea.jpg\",\"width\":1080,\"height\":1080,\"caption\":\"Bobea\"},\"image\":{\"@id\":\"https:\/\/bobea.net\/#\/schema\/logo\/image\/\"},\"sameAs\":[\"https:\/\/web.facebook.com\/profile.php?id=61559252188416\"]},{\"@type\":\"Person\",\"@id\":\"https:\/\/bobea.net\/#\/schema\/person\/e7f45ef187918d7c956bf619dce90ccf\",\"name\":\"bobea.info\",\"image\":{\"@type\":\"ImageObject\",\"inLanguage\":\"fr-FR\",\"@id\":\"https:\/\/bobea.net\/#\/schema\/person\/image\/\",\"url\":\"https:\/\/secure.gravatar.com\/avatar\/36147980349df887ae30808df3e29474?s=96&d=mm&r=g\",\"contentUrl\":\"https:\/\/secure.gravatar.com\/avatar\/36147980349df887ae30808df3e29474?s=96&d=mm&r=g\",\"caption\":\"bobea.info\"},\"sameAs\":[\"https:\/\/bobea.net\"],\"url\":\"https:\/\/bobea.net\/index.php\/author\/bobea-info\/\"}]}<\/script>\n<!-- \/ Yoast SEO plugin. -->","yoast_head_json":{"title":"BOBEA SOCI\u00c9T\u00c9 - la journ\u00e9e internationale des droits des femmes : \u00e9v\u00e9nements pr\u00e9vus pour 2024 - Bobea","description":"La Journ\u00e9e internationale des droits des femmes, c\u00e9l\u00e9br\u00e9e chaque ann\u00e9e le 8 mars, est une occasion importante pour sensibiliser le public","robots":{"index":"index","follow":"follow","max-snippet":"max-snippet:-1","max-image-preview":"max-image-preview:large","max-video-preview":"max-video-preview:-1"},"canonical":"https:\/\/bobea.net\/index.php\/2024\/12\/16\/bobea-societe-la-journee-internationale-des-droits-des-femmes-evenements-prevus-pour-2024\/","og_locale":"fr_FR","og_type":"article","og_title":"BOBEA SOCI\u00c9T\u00c9 - la journ\u00e9e internationale des droits des femmes : \u00e9v\u00e9nements pr\u00e9vus pour 2024 - Bobea","og_description":"La Journ\u00e9e internationale des droits des femmes, c\u00e9l\u00e9br\u00e9e chaque ann\u00e9e le 8 mars, est une occasion importante pour sensibiliser le public","og_url":"https:\/\/bobea.net\/index.php\/2024\/12\/16\/bobea-societe-la-journee-internationale-des-droits-des-femmes-evenements-prevus-pour-2024\/","og_site_name":"Bobea","article_publisher":"https:\/\/web.facebook.com\/profile.php?id=61559252188416","article_published_time":"2024-12-16T14:21:11+00:00","article_modified_time":"2024-12-16T14:21:12+00:00","og_image":[{"width":1200,"height":630,"url":"https:\/\/bobea.net\/wp-content\/uploads\/2024\/12\/journee-internationale-des-droits-des-femmes-date-origine-et-enjeux-1492608.jpg","type":"image\/jpeg"}],"author":"bobea.info","twitter_card":"summary_large_image","twitter_misc":{"\u00c9crit par":"bobea.info","Dur\u00e9e de lecture estim\u00e9e":"2 minutes"},"schema":{"@context":"https:\/\/schema.org","@graph":[{"@type":"Article","@id":"https:\/\/bobea.net\/index.php\/2024\/12\/16\/bobea-societe-la-journee-internationale-des-droits-des-femmes-evenements-prevus-pour-2024\/#article","isPartOf":{"@id":"https:\/\/bobea.net\/index.php\/2024\/12\/16\/bobea-societe-la-journee-internationale-des-droits-des-femmes-evenements-prevus-pour-2024\/"},"author":{"name":"bobea.info","@id":"https:\/\/bobea.net\/#\/schema\/person\/e7f45ef187918d7c956bf619dce90ccf"},"headline":"BOBEA SOCI\u00c9T\u00c9 \u2014 la journ\u00e9e internationale des droits des femmes : \u00e9v\u00e9nements pr\u00e9vus pour 2024","datePublished":"2024-12-16T14:21:11+00:00","dateModified":"2024-12-16T14:21:12+00:00","mainEntityOfPage":{"@id":"https:\/\/bobea.net\/index.php\/2024\/12\/16\/bobea-societe-la-journee-internationale-des-droits-des-femmes-evenements-prevus-pour-2024\/"},"wordCount":362,"commentCount":0,"publisher":{"@id":"https:\/\/bobea.net\/#organization"},"image":{"@id":"https:\/\/bobea.net\/index.php\/2024\/12\/16\/bobea-societe-la-journee-internationale-des-droits-des-femmes-evenements-prevus-pour-2024\/#primaryimage"},"thumbnailUrl":"https:\/\/bobea.net\/wp-content\/uploads\/2024\/12\/journee-internationale-des-droits-des-femmes-date-origine-et-enjeux-1492608.jpg","articleSection":["Gloria","Succ\u00e8s Story"],"inLanguage":"fr-FR","potentialAction":[{"@type":"CommentAction","name":"Comment","target":["https:\/\/bobea.net\/index.php\/2024\/12\/16\/bobea-societe-la-journee-internationale-des-droits-des-femmes-evenements-prevus-pour-2024\/#respond"]}]},{"@type":"WebPage","@id":"https:\/\/bobea.net\/index.php\/2024\/12\/16\/bobea-societe-la-journee-internationale-des-droits-des-femmes-evenements-prevus-pour-2024\/","url":"https:\/\/bobea.net\/index.php\/2024\/12\/16\/bobea-societe-la-journee-internationale-des-droits-des-femmes-evenements-prevus-pour-2024\/","name":"BOBEA SOCI\u00c9T\u00c9 - la journ\u00e9e internationale des droits des femmes : \u00e9v\u00e9nements pr\u00e9vus pour 2024 - Bobea","isPartOf":{"@id":"https:\/\/bobea.net\/#website"},"primaryImageOfPage":{"@id":"https:\/\/bobea.net\/index.php\/2024\/12\/16\/bobea-societe-la-journee-internationale-des-droits-des-femmes-evenements-prevus-pour-2024\/#primaryimage"},"image":{"@id":"https:\/\/bobea.net\/index.php\/2024\/12\/16\/bobea-societe-la-journee-internationale-des-droits-des-femmes-evenements-prevus-pour-2024\/#primaryimage"},"thumbnailUrl":"https:\/\/bobea.net\/wp-content\/uploads\/2024\/12\/journee-internationale-des-droits-des-femmes-date-origine-et-enjeux-1492608.jpg","datePublished":"2024-12-16T14:21:11+00:00","dateModified":"2024-12-16T14:21:12+00:00","description":"La Journ\u00e9e internationale des droits des femmes, c\u00e9l\u00e9br\u00e9e chaque ann\u00e9e le 8 mars, est une occasion importante pour sensibiliser le public","breadcrumb":{"@id":"https:\/\/bobea.net\/index.php\/2024\/12\/16\/bobea-societe-la-journee-internationale-des-droits-des-femmes-evenements-prevus-pour-2024\/#breadcrumb"},"inLanguage":"fr-FR","potentialAction":[{"@type":"ReadAction","target":["https:\/\/bobea.net\/index.php\/2024\/12\/16\/bobea-societe-la-journee-internationale-des-droits-des-femmes-evenements-prevus-pour-2024\/"]}]},{"@type":"ImageObject","inLanguage":"fr-FR","@id":"https:\/\/bobea.net\/index.php\/2024\/12\/16\/bobea-societe-la-journee-internationale-des-droits-des-femmes-evenements-prevus-pour-2024\/#primaryimage","url":"https:\/\/bobea.net\/wp-content\/uploads\/2024\/12\/journee-internationale-des-droits-des-femmes-date-origine-et-enjeux-1492608.jpg","contentUrl":"https:\/\/bobea.net\/wp-content\/uploads\/2024\/12\/journee-internationale-des-droits-des-femmes-date-origine-et-enjeux-1492608.jpg","width":1200,"height":630,"caption":"BOBEA SOCI\u00c9T\u00c9 - la journ\u00e9e internationale des droits des femmes : \u00e9v\u00e9nements pr\u00e9vus pour 2024"},{"@type":"BreadcrumbList","@id":"https:\/\/bobea.net\/index.php\/2024\/12\/16\/bobea-societe-la-journee-internationale-des-droits-des-femmes-evenements-prevus-pour-2024\/#breadcrumb","itemListElement":[{"@type":"ListItem","position":1,"name":"Accueil","item":"https:\/\/bobea.net\/"},{"@type":"ListItem","position":2,"name":"BOBEA SOCI\u00c9T\u00c9 &#8211; la journ\u00e9e internationale des droits des femmes : \u00e9v\u00e9nements pr\u00e9vus pour 2024"}]},{"@type":"WebSite","@id":"https:\/\/bobea.net\/#website","url":"https:\/\/bobea.net\/","name":"Bobea","description":"Le magazine de la nouvelle \u00c8ve","publisher":{"@id":"https:\/\/bobea.net\/#organization"},"potentialAction":[{"@type":"SearchAction","target":{"@type":"EntryPoint","urlTemplate":"https:\/\/bobea.net\/?s={search_term_string}"},"query-input":{"@type":"PropertyValueSpecification","valueRequired":true,"valueName":"search_term_string"}}],"inLanguage":"fr-FR"},{"@type":"Organization","@id":"https:\/\/bobea.net\/#organization","name":"Bobea","url":"https:\/\/bobea.net\/","logo":{"@type":"ImageObject","inLanguage":"fr-FR","@id":"https:\/\/bobea.net\/#\/schema\/logo\/image\/","url":"https:\/\/bobea.net\/wp-content\/uploads\/2024\/06\/bobea.jpg","contentUrl":"https:\/\/bobea.net\/wp-content\/uploads\/2024\/06\/bobea.jpg","width":1080,"height":1080,"caption":"Bobea"},"image":{"@id":"https:\/\/bobea.net\/#\/schema\/logo\/image\/"},"sameAs":["https:\/\/web.facebook.com\/profile.php?id=61559252188416"]},{"@type":"Person","@id":"https:\/\/bobea.net\/#\/schema\/person\/e7f45ef187918d7c956bf619dce90ccf","name":"bobea.info","image":{"@type":"ImageObject","inLanguage":"fr-FR","@id":"https:\/\/bobea.net\/#\/schema\/person\/image\/","url":"https:\/\/secure.gravatar.com\/avatar\/36147980349df887ae30808df3e29474?s=96&d=mm&r=g","contentUrl":"https:\/\/secure.gravatar.com\/avatar\/36147980349df887ae30808df3e29474?s=96&d=mm&r=g","caption":"bobea.info"},"sameAs":["https:\/\/bobea.net"],"url":"https:\/\/bobea.net\/index.php\/author\/bobea-info\/"}]}},"_links":{"self":[{"href":"https:\/\/bobea.net\/index.php\/wp-json\/wp\/v2\/posts\/6038"}],"collection":[{"href":"https:\/\/bobea.net\/index.php\/wp-json\/wp\/v2\/posts"}],"about":[{"href":"https:\/\/bobea.net\/index.php\/wp-json\/wp\/v2\/types\/post"}],"author":[{"embeddable":true,"href":"https:\/\/bobea.net\/index.php\/wp-json\/wp\/v2\/users\/1"}],"replies":[{"embeddable":true,"href":"https:\/\/bobea.net\/index.php\/wp-json\/wp\/v2\/comments?post=6038"}],"version-history":[{"count":0,"href":"https:\/\/bobea.net\/index.php\/wp-json\/wp\/v2\/posts\/6038\/revisions"}],"wp:featuredmedia":[{"embeddable":true,"href":"https:\/\/bobea.net\/index.php\/wp-json\/wp\/v2\/media\/6039"}],"wp:attachment":[{"href":"https:\/\/bobea.net\/index.php\/wp-json\/wp\/v2\/media?parent=6038"}],"wp:term":[{"taxonomy":"category","embeddable":true,"href":"https:\/\/bobea.net\/index.php\/wp-json\/wp\/v2\/categories?post=6038"},{"taxonomy":"post_tag","embeddable":true,"href":"https:\/\/bobea.net\/index.php\/wp-json\/wp\/v2\/tags?post=6038"}],"curies":[{"name":"wp","href":"https:\/\/api.w.org\/{rel}","templated":true}]}}