{"id":5833,"date":"2024-12-11T20:18:16","date_gmt":"2024-12-11T20:18:16","guid":{"rendered":"https:\/\/bobea.net\/?p=5833"},"modified":"2024-12-11T20:18:17","modified_gmt":"2024-12-11T20:18:17","slug":"affaire-jegou-auradou-non-lieu-prononce-et-implications-pour-les-droits-des-femmes","status":"publish","type":"post","link":"https:\/\/bobea.net\/index.php\/2024\/12\/11\/affaire-jegou-auradou-non-lieu-prononce-et-implications-pour-les-droits-des-femmes\/","title":{"rendered":"Affaire Jegou-Auradou : non-lieu prononc\u00e9 et implications pour les droits des femmes"},"content":{"rendered":"\n<p>L\u2019af\u00adfaire impli\u00adquant Oscar Jegou et Hugo Auradou, deux joueurs fran\u00e7ais accus\u00e9s de viol en Argen\u00adtine, a pris un tour\u00adnant d\u00e9cisif avec le pronon\u00adc\u00e9 d\u2019un non-lieu par le par\u00adquet argentin. Apr\u00e8s cinq mois d\u2019une enqu\u00eate com\u00adplexe et m\u00e9di\u00adatis\u00e9e, cette d\u00e9ci\u00adsion soul\u00e8ve des ques\u00adtions sur le sys\u00adt\u00e8me judi\u00adci\u00adaire argentin ain\u00adsi que sur les impli\u00adca\u00adtions pour les deux joueurs con\u00adcern\u00e9s.<\/p>\n\n\n\n<p>Con\u00adtexte judi\u00adci\u00adaire<\/p>\n\n\n\n<p>Les accu\u00adsa\u00adtions port\u00e9es con\u00adtre Jegou et Auradou ont sus\u00adcit\u00e9 une onde de choc dans le monde du rug\u00adby ain\u00adsi que par\u00admi leurs sup\u00adport\u00aders :<\/p>\n\n\n\n<ol start=\"1\" class=\"wp-block-list\">\n<li><strong>Accu\u00adsa\u00adtions ini\u00adtiales<\/strong>&nbsp;: Les deux joueurs avaient \u00e9t\u00e9 accus\u00e9s d\u2019a\u00adgres\u00adsion sex\u00aduelle lors d\u2019une tourn\u00e9e en Argen\u00adtine en 2023, ce qui avait entra\u00een\u00e9 leur sus\u00adpen\u00adsion imm\u00e9\u00addi\u00adate par leurs clubs respec\u00adtifs.<\/li>\n\n\n\n<li><strong>Enqu\u00eate m\u00e9di\u00ada\u00adtique<\/strong>&nbsp;: L\u2019af\u00adfaire a \u00e9t\u00e9 large\u00adment cou\u00adverte par les m\u00e9dias, met\u00adtant en lumi\u00e8re non seule\u00adment les accu\u00adsa\u00adtions mais aus\u00adsi le traite\u00adment des ath\u00adl\u00e8tes par le sys\u00adt\u00e8me judi\u00adci\u00adaire.<\/li>\n<\/ol>\n\n\n\n<p>D\u00e9tails du non-lieu<\/p>\n\n\n\n<p>La d\u00e9ci\u00adsion du par\u00adquet argentin repose sur plusieurs \u00e9l\u00e9\u00adments :<\/p>\n\n\n\n<ol start=\"1\" class=\"wp-block-list\">\n<li><strong>Absence de preuves suff\u00adisantes<\/strong>&nbsp;: Les enqu\u00ea\u00adteurs n\u2019ont pas trou\u00adv\u00e9 suff\u00adisam\u00adment d\u2019\u00e9l\u00e9\u00adments probants pour jus\u00adti\u00adfi\u00ader une pour\u00adsuite con\u00adtre Jegou et Auradou.<\/li>\n\n\n\n<li><strong>R\u00e9ac\u00adtions des avo\u00adcats<\/strong>&nbsp;: Les avo\u00adcats des deux joueurs ont exprim\u00e9 leur sat\u00adis\u00adfac\u00adtion face \u00e0 cette d\u00e9ci\u00adsion, soulig\u00adnant que leurs clients avaient \u00e9t\u00e9 vic\u00adtimes d\u2019ac\u00adcu\u00adsa\u00adtions infond\u00e9es depuis le d\u00e9but.<\/li>\n\n\n\n<li><strong>Impact sur leur car\u00adri\u00e8re<\/strong>&nbsp;: Le non-lieu pour\u00adrait per\u00adme\u00adt\u00adtre aux joueurs de repren\u00addre leurs car\u00adri\u00e8res respec\u00adtives sans tache sur leur r\u00e9pu\u00adta\u00adtion pro\u00adfes\u00adsion\u00adnelle.<\/li>\n<\/ol>\n\n\n\n<p>R\u00e9ac\u00adtions publiques<\/p>\n\n\n\n<p>Les r\u00e9ac\u00adtions \u00e0 cette d\u00e9ci\u00adsion ont \u00e9t\u00e9 var\u00adi\u00e9es :<\/p>\n\n\n\n<ol start=\"1\" class=\"wp-block-list\">\n<li><strong>Sou\u00adtien des fans<\/strong>&nbsp;: De nom\u00adbreux sup\u00adport\u00aders ont exprim\u00e9 leur joie face au non-lieu, con\u00adsid\u00ad\u00e9rant cela comme une vic\u00adtoire pour la jus\u00adtice.<\/li>\n\n\n\n<li><strong>Cri\u00adtiques des d\u00e9fenseurs des droits humains<\/strong>&nbsp;: Cer\u00adtains groupes ont d\u00e9non\u00adc\u00e9 le traite\u00adment r\u00e9serv\u00e9 aux vic\u00adtimes pr\u00e9\u00adsum\u00e9es et ont appel\u00e9 \u00e0 une r\u00e9forme du sys\u00adt\u00e8me judi\u00adci\u00adaire afin d\u2019as\u00adsur\u00ader que toutes les all\u00e9\u00adga\u00adtions soient pris\u00ades au s\u00e9rieux.<\/li>\n\n\n\n<li><strong>D\u00e9bat sur l\u2019im\u00adpact m\u00e9di\u00ada\u00adtique<\/strong>&nbsp;: Cette affaire soul\u00e8ve \u00e9gale\u00adment des ques\u00adtions sur l\u2019in\u00adflu\u00adence des m\u00e9dias dans le traite\u00adment judi\u00adci\u00adaire des ath\u00adl\u00e8tes c\u00e9l\u00e8bres.<\/li>\n<\/ol>\n\n\n\n<p>Impli\u00adca\u00adtions futures<\/p>\n\n\n\n<p>Cette affaire pour\u00adrait avoir plusieurs con\u00ads\u00e9quences :<\/p>\n\n\n\n<ol start=\"1\" class=\"wp-block-list\">\n<li><strong>R\u00e9per\u00adcus\u00adsions sur le rug\u00adby fran\u00e7ais<\/strong>&nbsp;: Bien que Jegou et Auradou aient \u00e9t\u00e9 blan\u00adchis, cette affaire pour\u00adrait inciter d\u2019autres ath\u00adl\u00e8tes \u00e0 se mon\u00adtr\u00ader pru\u00addents lors de leurs d\u00e9place\u00adments \u00e0 l\u2019\u00e9\u00adtranger.<\/li>\n\n\n\n<li><strong>\u00c9vo\u00adlu\u00adtion du traite\u00adment judi\u00adci\u00adaire<\/strong>&nbsp;: Le cas pour\u00adrait \u00e9gale\u00adment encour\u00adager un d\u00e9bat plus large sur la mani\u00e8re dont le sys\u00adt\u00e8me judi\u00adci\u00adaire traite les accu\u00adsa\u00adtions d\u2019a\u00adgres\u00adsion sex\u00aduelle, tant en Argen\u00adtine qu\u2019\u00e0 l\u2019in\u00adter\u00adna\u00adtion\u00adal.<\/li>\n\n\n\n<li><strong>Impact sur l\u2019im\u00adage du rug\u00adby<\/strong>&nbsp;: Le sport doit con\u00adtin\u00aduer \u00e0 tra\u00advailler sur son image face aux accu\u00adsa\u00adtions graves qui peu\u00advent sur\u00adgir con\u00adcer\u00adnant ses ath\u00adl\u00e8tes.<\/li>\n<\/ol>\n\n\n\n<p>Con\u00adclu\u00adsion<\/p>\n\n\n\n<p>Le pronon\u00adc\u00e9 d\u2019un non-lieu dans l\u2019af\u00adfaire Jegou-Auradou mar\u00adque un tour\u00adnant sig\u00adni\u00adfi\u00adcatif tant pour les joueurs que pour le rug\u00adby fran\u00e7ais en g\u00e9n\u00e9ral. Alors que cette d\u00e9ci\u00adsion apporte un cer\u00adtain soulage\u00adment aux joueurs con\u00adcern\u00e9s, elle ouvre \u00e9gale\u00adment la porte \u00e0 un d\u00e9bat n\u00e9ces\u00adsaire sur le traite\u00adment des accu\u00adsa\u00adtions d\u2019a\u00adgres\u00adsion sex\u00aduelle et sur l\u2019im\u00adpact m\u00e9di\u00ada\u00adtique qui peut influ\u00adencer ces affaires d\u00e9li\u00adcates. L\u2019avenir du rug\u00adby d\u00e9pen\u00addra de sa capac\u00adit\u00e9 \u00e0 nav\u00adiguer dans ces eaux trou\u00adbles tout en pro\u00adt\u00e9geant ses ath\u00adl\u00e8tes et en respec\u00adtant toutes les voix impliqu\u00e9es dans ces sit\u00adu\u00ada\u00adtions com\u00adplex\u00ades.<\/p>\n","protected":false},"excerpt":{"rendered":"<p>L\u2019af\u00adfaire impli\u00adquant Oscar Jegou et Hugo Auradou, deux joueurs fran\u00e7ais accus\u00e9s de viol en Argen\u00adtine, a pris un tour\u00adnant d\u00e9cisif avec le pronon\u00adc\u00e9 d\u2019un non-lieu par le par\u00adquet argentin. Apr\u00e8s\u2026 <\/p>\n","protected":false},"author":1,"featured_media":5834,"comment_status":"open","ping_status":"open","sticky":false,"template":"","format":"standard","meta":{"wp_typography_post_enhancements_disabled":false,"footnotes":""},"categories":[73],"tags":[],"class_list":["post-5833","post","type-post","status-publish","format-standard","has-post-thumbnail","hentry","category-on-en-parle"],"yoast_head":"<!-- This site is optimized with the Yoast SEO plugin v24.7 - https:\/\/yoast.com\/wordpress\/plugins\/seo\/ -->\n<title>Affaire Jegou-Auradou : non-lieu prononc\u00e9 et implications pour les droits des femmes - Bobea<\/title>\n<meta name=\"description\" content=\"L&#039;affaire impliquant Oscar Jegou et Hugo Auradou, deux joueurs fran\u00e7ais accus\u00e9s de viol en Argentine, a pris un tournant d\u00e9cisif\" \/>\n<meta name=\"robots\" content=\"index, follow, max-snippet:-1, max-image-preview:large, max-video-preview:-1\" \/>\n<link rel=\"canonical\" href=\"https:\/\/bobea.net\/index.php\/2024\/12\/11\/affaire-jegou-auradou-non-lieu-prononce-et-implications-pour-les-droits-des-femmes\/\" \/>\n<meta property=\"og:locale\" content=\"fr_FR\" \/>\n<meta property=\"og:type\" content=\"article\" \/>\n<meta property=\"og:title\" content=\"Affaire Jegou-Auradou : non-lieu prononc\u00e9 et implications pour les droits des femmes - Bobea\" \/>\n<meta property=\"og:description\" content=\"L&#039;affaire impliquant Oscar Jegou et Hugo Auradou, deux joueurs fran\u00e7ais accus\u00e9s de viol en Argentine, a pris un tournant d\u00e9cisif\" \/>\n<meta property=\"og:url\" content=\"https:\/\/bobea.net\/index.php\/2024\/12\/11\/affaire-jegou-auradou-non-lieu-prononce-et-implications-pour-les-droits-des-femmes\/\" \/>\n<meta property=\"og:site_name\" content=\"Bobea\" \/>\n<meta property=\"article:publisher\" content=\"https:\/\/web.facebook.com\/profile.php?id=61559252188416\" \/>\n<meta property=\"article:published_time\" content=\"2024-12-11T20:18:16+00:00\" \/>\n<meta property=\"article:modified_time\" content=\"2024-12-11T20:18:17+00:00\" \/>\n<meta property=\"og:image\" content=\"https:\/\/bobea.net\/wp-content\/uploads\/2024\/12\/XU7G7DOEVRDALORDUBSPAXX6CQ.jpg\" \/>\n\t<meta property=\"og:image:width\" content=\"1864\" \/>\n\t<meta property=\"og:image:height\" content=\"1164\" \/>\n\t<meta property=\"og:image:type\" content=\"image\/jpeg\" \/>\n<meta name=\"author\" content=\"bobea.info\" \/>\n<meta name=\"twitter:card\" content=\"summary_large_image\" \/>\n<meta name=\"twitter:label1\" content=\"\u00c9crit par\" \/>\n\t<meta name=\"twitter:data1\" content=\"bobea.info\" \/>\n\t<meta name=\"twitter:label2\" content=\"Dur\u00e9e de lecture estim\u00e9e\" \/>\n\t<meta name=\"twitter:data2\" content=\"3 minutes\" \/>\n<script type=\"application\/ld+json\" class=\"yoast-schema-graph\">{\"@context\":\"https:\/\/schema.org\",\"@graph\":[{\"@type\":\"Article\",\"@id\":\"https:\/\/bobea.net\/index.php\/2024\/12\/11\/affaire-jegou-auradou-non-lieu-prononce-et-implications-pour-les-droits-des-femmes\/#article\",\"isPartOf\":{\"@id\":\"https:\/\/bobea.net\/index.php\/2024\/12\/11\/affaire-jegou-auradou-non-lieu-prononce-et-implications-pour-les-droits-des-femmes\/\"},\"author\":{\"name\":\"bobea.info\",\"@id\":\"https:\/\/bobea.net\/#\/schema\/person\/e7f45ef187918d7c956bf619dce90ccf\"},\"headline\":\"Affaire Jegou-Auradou : non-lieu prononc\u00e9 et implications pour les droits des femmes\",\"datePublished\":\"2024-12-11T20:18:16+00:00\",\"dateModified\":\"2024-12-11T20:18:17+00:00\",\"mainEntityOfPage\":{\"@id\":\"https:\/\/bobea.net\/index.php\/2024\/12\/11\/affaire-jegou-auradou-non-lieu-prononce-et-implications-pour-les-droits-des-femmes\/\"},\"wordCount\":586,\"commentCount\":0,\"publisher\":{\"@id\":\"https:\/\/bobea.net\/#organization\"},\"image\":{\"@id\":\"https:\/\/bobea.net\/index.php\/2024\/12\/11\/affaire-jegou-auradou-non-lieu-prononce-et-implications-pour-les-droits-des-femmes\/#primaryimage\"},\"thumbnailUrl\":\"https:\/\/bobea.net\/wp-content\/uploads\/2024\/12\/XU7G7DOEVRDALORDUBSPAXX6CQ.jpg\",\"articleSection\":[\"On en Parle\"],\"inLanguage\":\"fr-FR\",\"potentialAction\":[{\"@type\":\"CommentAction\",\"name\":\"Comment\",\"target\":[\"https:\/\/bobea.net\/index.php\/2024\/12\/11\/affaire-jegou-auradou-non-lieu-prononce-et-implications-pour-les-droits-des-femmes\/#respond\"]}]},{\"@type\":\"WebPage\",\"@id\":\"https:\/\/bobea.net\/index.php\/2024\/12\/11\/affaire-jegou-auradou-non-lieu-prononce-et-implications-pour-les-droits-des-femmes\/\",\"url\":\"https:\/\/bobea.net\/index.php\/2024\/12\/11\/affaire-jegou-auradou-non-lieu-prononce-et-implications-pour-les-droits-des-femmes\/\",\"name\":\"Affaire Jegou-Auradou : non-lieu prononc\u00e9 et implications pour les droits des femmes - Bobea\",\"isPartOf\":{\"@id\":\"https:\/\/bobea.net\/#website\"},\"primaryImageOfPage\":{\"@id\":\"https:\/\/bobea.net\/index.php\/2024\/12\/11\/affaire-jegou-auradou-non-lieu-prononce-et-implications-pour-les-droits-des-femmes\/#primaryimage\"},\"image\":{\"@id\":\"https:\/\/bobea.net\/index.php\/2024\/12\/11\/affaire-jegou-auradou-non-lieu-prononce-et-implications-pour-les-droits-des-femmes\/#primaryimage\"},\"thumbnailUrl\":\"https:\/\/bobea.net\/wp-content\/uploads\/2024\/12\/XU7G7DOEVRDALORDUBSPAXX6CQ.jpg\",\"datePublished\":\"2024-12-11T20:18:16+00:00\",\"dateModified\":\"2024-12-11T20:18:17+00:00\",\"description\":\"L'affaire impliquant Oscar Jegou et Hugo Auradou, deux joueurs fran\u00e7ais accus\u00e9s de viol en Argentine, a pris un tournant d\u00e9cisif\",\"breadcrumb\":{\"@id\":\"https:\/\/bobea.net\/index.php\/2024\/12\/11\/affaire-jegou-auradou-non-lieu-prononce-et-implications-pour-les-droits-des-femmes\/#breadcrumb\"},\"inLanguage\":\"fr-FR\",\"potentialAction\":[{\"@type\":\"ReadAction\",\"target\":[\"https:\/\/bobea.net\/index.php\/2024\/12\/11\/affaire-jegou-auradou-non-lieu-prononce-et-implications-pour-les-droits-des-femmes\/\"]}]},{\"@type\":\"ImageObject\",\"inLanguage\":\"fr-FR\",\"@id\":\"https:\/\/bobea.net\/index.php\/2024\/12\/11\/affaire-jegou-auradou-non-lieu-prononce-et-implications-pour-les-droits-des-femmes\/#primaryimage\",\"url\":\"https:\/\/bobea.net\/wp-content\/uploads\/2024\/12\/XU7G7DOEVRDALORDUBSPAXX6CQ.jpg\",\"contentUrl\":\"https:\/\/bobea.net\/wp-content\/uploads\/2024\/12\/XU7G7DOEVRDALORDUBSPAXX6CQ.jpg\",\"width\":1864,\"height\":1164,\"caption\":\"Affaire Jegou-Auradou : non-lieu prononc\u00e9 et implications pour les droits des femmes\"},{\"@type\":\"BreadcrumbList\",\"@id\":\"https:\/\/bobea.net\/index.php\/2024\/12\/11\/affaire-jegou-auradou-non-lieu-prononce-et-implications-pour-les-droits-des-femmes\/#breadcrumb\",\"itemListElement\":[{\"@type\":\"ListItem\",\"position\":1,\"name\":\"Accueil\",\"item\":\"https:\/\/bobea.net\/\"},{\"@type\":\"ListItem\",\"position\":2,\"name\":\"Affaire Jegou-Auradou : non-lieu prononc\u00e9 et implications pour les droits des femmes\"}]},{\"@type\":\"WebSite\",\"@id\":\"https:\/\/bobea.net\/#website\",\"url\":\"https:\/\/bobea.net\/\",\"name\":\"Bobea\",\"description\":\"Le magazine de la nouvelle \u00c8ve\",\"publisher\":{\"@id\":\"https:\/\/bobea.net\/#organization\"},\"potentialAction\":[{\"@type\":\"SearchAction\",\"target\":{\"@type\":\"EntryPoint\",\"urlTemplate\":\"https:\/\/bobea.net\/?s={search_term_string}\"},\"query-input\":{\"@type\":\"PropertyValueSpecification\",\"valueRequired\":true,\"valueName\":\"search_term_string\"}}],\"inLanguage\":\"fr-FR\"},{\"@type\":\"Organization\",\"@id\":\"https:\/\/bobea.net\/#organization\",\"name\":\"Bobea\",\"url\":\"https:\/\/bobea.net\/\",\"logo\":{\"@type\":\"ImageObject\",\"inLanguage\":\"fr-FR\",\"@id\":\"https:\/\/bobea.net\/#\/schema\/logo\/image\/\",\"url\":\"https:\/\/bobea.net\/wp-content\/uploads\/2024\/06\/bobea.jpg\",\"contentUrl\":\"https:\/\/bobea.net\/wp-content\/uploads\/2024\/06\/bobea.jpg\",\"width\":1080,\"height\":1080,\"caption\":\"Bobea\"},\"image\":{\"@id\":\"https:\/\/bobea.net\/#\/schema\/logo\/image\/\"},\"sameAs\":[\"https:\/\/web.facebook.com\/profile.php?id=61559252188416\"]},{\"@type\":\"Person\",\"@id\":\"https:\/\/bobea.net\/#\/schema\/person\/e7f45ef187918d7c956bf619dce90ccf\",\"name\":\"bobea.info\",\"image\":{\"@type\":\"ImageObject\",\"inLanguage\":\"fr-FR\",\"@id\":\"https:\/\/bobea.net\/#\/schema\/person\/image\/\",\"url\":\"https:\/\/secure.gravatar.com\/avatar\/36147980349df887ae30808df3e29474?s=96&d=mm&r=g\",\"contentUrl\":\"https:\/\/secure.gravatar.com\/avatar\/36147980349df887ae30808df3e29474?s=96&d=mm&r=g\",\"caption\":\"bobea.info\"},\"sameAs\":[\"https:\/\/bobea.net\"],\"url\":\"https:\/\/bobea.net\/index.php\/author\/bobea-info\/\"}]}<\/script>\n<!-- \/ Yoast SEO plugin. -->","yoast_head_json":{"title":"Affaire Jegou-Auradou : non-lieu prononc\u00e9 et implications pour les droits des femmes - Bobea","description":"L'affaire impliquant Oscar Jegou et Hugo Auradou, deux joueurs fran\u00e7ais accus\u00e9s de viol en Argentine, a pris un tournant d\u00e9cisif","robots":{"index":"index","follow":"follow","max-snippet":"max-snippet:-1","max-image-preview":"max-image-preview:large","max-video-preview":"max-video-preview:-1"},"canonical":"https:\/\/bobea.net\/index.php\/2024\/12\/11\/affaire-jegou-auradou-non-lieu-prononce-et-implications-pour-les-droits-des-femmes\/","og_locale":"fr_FR","og_type":"article","og_title":"Affaire Jegou-Auradou : non-lieu prononc\u00e9 et implications pour les droits des femmes - Bobea","og_description":"L'affaire impliquant Oscar Jegou et Hugo Auradou, deux joueurs fran\u00e7ais accus\u00e9s de viol en Argentine, a pris un tournant d\u00e9cisif","og_url":"https:\/\/bobea.net\/index.php\/2024\/12\/11\/affaire-jegou-auradou-non-lieu-prononce-et-implications-pour-les-droits-des-femmes\/","og_site_name":"Bobea","article_publisher":"https:\/\/web.facebook.com\/profile.php?id=61559252188416","article_published_time":"2024-12-11T20:18:16+00:00","article_modified_time":"2024-12-11T20:18:17+00:00","og_image":[{"width":1864,"height":1164,"url":"https:\/\/bobea.net\/wp-content\/uploads\/2024\/12\/XU7G7DOEVRDALORDUBSPAXX6CQ.jpg","type":"image\/jpeg"}],"author":"bobea.info","twitter_card":"summary_large_image","twitter_misc":{"\u00c9crit par":"bobea.info","Dur\u00e9e de lecture estim\u00e9e":"3 minutes"},"schema":{"@context":"https:\/\/schema.org","@graph":[{"@type":"Article","@id":"https:\/\/bobea.net\/index.php\/2024\/12\/11\/affaire-jegou-auradou-non-lieu-prononce-et-implications-pour-les-droits-des-femmes\/#article","isPartOf":{"@id":"https:\/\/bobea.net\/index.php\/2024\/12\/11\/affaire-jegou-auradou-non-lieu-prononce-et-implications-pour-les-droits-des-femmes\/"},"author":{"name":"bobea.info","@id":"https:\/\/bobea.net\/#\/schema\/person\/e7f45ef187918d7c956bf619dce90ccf"},"headline":"Affaire Jegou-Auradou : non-lieu prononc\u00e9 et implications pour les droits des femmes","datePublished":"2024-12-11T20:18:16+00:00","dateModified":"2024-12-11T20:18:17+00:00","mainEntityOfPage":{"@id":"https:\/\/bobea.net\/index.php\/2024\/12\/11\/affaire-jegou-auradou-non-lieu-prononce-et-implications-pour-les-droits-des-femmes\/"},"wordCount":586,"commentCount":0,"publisher":{"@id":"https:\/\/bobea.net\/#organization"},"image":{"@id":"https:\/\/bobea.net\/index.php\/2024\/12\/11\/affaire-jegou-auradou-non-lieu-prononce-et-implications-pour-les-droits-des-femmes\/#primaryimage"},"thumbnailUrl":"https:\/\/bobea.net\/wp-content\/uploads\/2024\/12\/XU7G7DOEVRDALORDUBSPAXX6CQ.jpg","articleSection":["On en Parle"],"inLanguage":"fr-FR","potentialAction":[{"@type":"CommentAction","name":"Comment","target":["https:\/\/bobea.net\/index.php\/2024\/12\/11\/affaire-jegou-auradou-non-lieu-prononce-et-implications-pour-les-droits-des-femmes\/#respond"]}]},{"@type":"WebPage","@id":"https:\/\/bobea.net\/index.php\/2024\/12\/11\/affaire-jegou-auradou-non-lieu-prononce-et-implications-pour-les-droits-des-femmes\/","url":"https:\/\/bobea.net\/index.php\/2024\/12\/11\/affaire-jegou-auradou-non-lieu-prononce-et-implications-pour-les-droits-des-femmes\/","name":"Affaire Jegou-Auradou : non-lieu prononc\u00e9 et implications pour les droits des femmes - Bobea","isPartOf":{"@id":"https:\/\/bobea.net\/#website"},"primaryImageOfPage":{"@id":"https:\/\/bobea.net\/index.php\/2024\/12\/11\/affaire-jegou-auradou-non-lieu-prononce-et-implications-pour-les-droits-des-femmes\/#primaryimage"},"image":{"@id":"https:\/\/bobea.net\/index.php\/2024\/12\/11\/affaire-jegou-auradou-non-lieu-prononce-et-implications-pour-les-droits-des-femmes\/#primaryimage"},"thumbnailUrl":"https:\/\/bobea.net\/wp-content\/uploads\/2024\/12\/XU7G7DOEVRDALORDUBSPAXX6CQ.jpg","datePublished":"2024-12-11T20:18:16+00:00","dateModified":"2024-12-11T20:18:17+00:00","description":"L'affaire impliquant Oscar Jegou et Hugo Auradou, deux joueurs fran\u00e7ais accus\u00e9s de viol en Argentine, a pris un tournant d\u00e9cisif","breadcrumb":{"@id":"https:\/\/bobea.net\/index.php\/2024\/12\/11\/affaire-jegou-auradou-non-lieu-prononce-et-implications-pour-les-droits-des-femmes\/#breadcrumb"},"inLanguage":"fr-FR","potentialAction":[{"@type":"ReadAction","target":["https:\/\/bobea.net\/index.php\/2024\/12\/11\/affaire-jegou-auradou-non-lieu-prononce-et-implications-pour-les-droits-des-femmes\/"]}]},{"@type":"ImageObject","inLanguage":"fr-FR","@id":"https:\/\/bobea.net\/index.php\/2024\/12\/11\/affaire-jegou-auradou-non-lieu-prononce-et-implications-pour-les-droits-des-femmes\/#primaryimage","url":"https:\/\/bobea.net\/wp-content\/uploads\/2024\/12\/XU7G7DOEVRDALORDUBSPAXX6CQ.jpg","contentUrl":"https:\/\/bobea.net\/wp-content\/uploads\/2024\/12\/XU7G7DOEVRDALORDUBSPAXX6CQ.jpg","width":1864,"height":1164,"caption":"Affaire Jegou-Auradou : non-lieu prononc\u00e9 et implications pour les droits des femmes"},{"@type":"BreadcrumbList","@id":"https:\/\/bobea.net\/index.php\/2024\/12\/11\/affaire-jegou-auradou-non-lieu-prononce-et-implications-pour-les-droits-des-femmes\/#breadcrumb","itemListElement":[{"@type":"ListItem","position":1,"name":"Accueil","item":"https:\/\/bobea.net\/"},{"@type":"ListItem","position":2,"name":"Affaire Jegou-Auradou : non-lieu prononc\u00e9 et implications pour les droits des femmes"}]},{"@type":"WebSite","@id":"https:\/\/bobea.net\/#website","url":"https:\/\/bobea.net\/","name":"Bobea","description":"Le magazine de la nouvelle \u00c8ve","publisher":{"@id":"https:\/\/bobea.net\/#organization"},"potentialAction":[{"@type":"SearchAction","target":{"@type":"EntryPoint","urlTemplate":"https:\/\/bobea.net\/?s={search_term_string}"},"query-input":{"@type":"PropertyValueSpecification","valueRequired":true,"valueName":"search_term_string"}}],"inLanguage":"fr-FR"},{"@type":"Organization","@id":"https:\/\/bobea.net\/#organization","name":"Bobea","url":"https:\/\/bobea.net\/","logo":{"@type":"ImageObject","inLanguage":"fr-FR","@id":"https:\/\/bobea.net\/#\/schema\/logo\/image\/","url":"https:\/\/bobea.net\/wp-content\/uploads\/2024\/06\/bobea.jpg","contentUrl":"https:\/\/bobea.net\/wp-content\/uploads\/2024\/06\/bobea.jpg","width":1080,"height":1080,"caption":"Bobea"},"image":{"@id":"https:\/\/bobea.net\/#\/schema\/logo\/image\/"},"sameAs":["https:\/\/web.facebook.com\/profile.php?id=61559252188416"]},{"@type":"Person","@id":"https:\/\/bobea.net\/#\/schema\/person\/e7f45ef187918d7c956bf619dce90ccf","name":"bobea.info","image":{"@type":"ImageObject","inLanguage":"fr-FR","@id":"https:\/\/bobea.net\/#\/schema\/person\/image\/","url":"https:\/\/secure.gravatar.com\/avatar\/36147980349df887ae30808df3e29474?s=96&d=mm&r=g","contentUrl":"https:\/\/secure.gravatar.com\/avatar\/36147980349df887ae30808df3e29474?s=96&d=mm&r=g","caption":"bobea.info"},"sameAs":["https:\/\/bobea.net"],"url":"https:\/\/bobea.net\/index.php\/author\/bobea-info\/"}]}},"_links":{"self":[{"href":"https:\/\/bobea.net\/index.php\/wp-json\/wp\/v2\/posts\/5833"}],"collection":[{"href":"https:\/\/bobea.net\/index.php\/wp-json\/wp\/v2\/posts"}],"about":[{"href":"https:\/\/bobea.net\/index.php\/wp-json\/wp\/v2\/types\/post"}],"author":[{"embeddable":true,"href":"https:\/\/bobea.net\/index.php\/wp-json\/wp\/v2\/users\/1"}],"replies":[{"embeddable":true,"href":"https:\/\/bobea.net\/index.php\/wp-json\/wp\/v2\/comments?post=5833"}],"version-history":[{"count":0,"href":"https:\/\/bobea.net\/index.php\/wp-json\/wp\/v2\/posts\/5833\/revisions"}],"wp:featuredmedia":[{"embeddable":true,"href":"https:\/\/bobea.net\/index.php\/wp-json\/wp\/v2\/media\/5834"}],"wp:attachment":[{"href":"https:\/\/bobea.net\/index.php\/wp-json\/wp\/v2\/media?parent=5833"}],"wp:term":[{"taxonomy":"category","embeddable":true,"href":"https:\/\/bobea.net\/index.php\/wp-json\/wp\/v2\/categories?post=5833"},{"taxonomy":"post_tag","embeddable":true,"href":"https:\/\/bobea.net\/index.php\/wp-json\/wp\/v2\/tags?post=5833"}],"curies":[{"name":"wp","href":"https:\/\/api.w.org\/{rel}","templated":true}]}}