{"id":5830,"date":"2024-12-11T20:06:43","date_gmt":"2024-12-11T20:06:43","guid":{"rendered":"https:\/\/bobea.net\/?p=5830"},"modified":"2024-12-11T20:06:45","modified_gmt":"2024-12-11T20:06:45","slug":"disparition-tragique-dun-couple-espagnol-dans-les-pyrenees-securite-des-randonneurs","status":"publish","type":"post","link":"https:\/\/bobea.net\/index.php\/2024\/12\/11\/disparition-tragique-dun-couple-espagnol-dans-les-pyrenees-securite-des-randonneurs\/","title":{"rendered":"Disparition tragique d\u2019un couple espagnol dans les Pyr\u00e9n\u00e9es : s\u00e9curit\u00e9 des randonneurs"},"content":{"rendered":"\n<p>Un cou\u00adple espag\u00adnol est port\u00e9 dis\u00adparu depuis plusieurs jours apr\u00e8s avoir entre\u00adpris une ran\u00addon\u00adn\u00e9e dans les Pyr\u00e9n\u00e9es fran\u00e7ais\u00ades. Leur v\u00e9hicule a \u00e9t\u00e9 retrou\u00adv\u00e9 gar\u00e9 sur un park\u00ading situ\u00e9 \u00e0 1700 m\u00e8tres d\u2019alti\u00adtude, enseveli sous la neige avec leur chien \u00e0 l\u2019in\u00adt\u00e9rieur. Cet inci\u00addent trag\u00adique soul\u00e8ve non seule\u00adment des inqui\u00e9\u00adtudes quant \u00e0 leur sort mais aus\u00adsi met en lumi\u00e8re les dan\u00adgers inh\u00e9rents aux ran\u00addon\u00adn\u00e9es en mon\u00adtagne pen\u00addant l\u2019hiv\u00ader.<\/p>\n\n\n\n<p>Con\u00adtexte de la ran\u00addon\u00adn\u00e9e<\/p>\n\n\n\n<p>Le cou\u00adple avait pr\u00e9vu une excur\u00adsion dans cette r\u00e9gion mon\u00adtag\u00adneuse r\u00e9put\u00e9e pour sa beaut\u00e9 naturelle mais \u00e9gale\u00adment pour ses con\u00addi\u00adtions m\u00e9t\u00e9orologiques impr\u00e9vis\u00adi\u00adbles :<\/p>\n\n\n\n<ol start=\"1\" class=\"wp-block-list\">\n<li><strong>Con\u00addi\u00adtions cli\u00adma\u00adtiques dif\u00adfi\u00adciles<\/strong>&nbsp;: Les Pyr\u00e9n\u00e9es con\u00adnais\u00adsent actuelle\u00adment un hiv\u00ader rigoureux avec des chutes de neige impor\u00adtantes qui ren\u00addent cer\u00adtaines sen\u00adtiers dan\u00adgereux m\u00eame pour les ran\u00addon\u00adneurs exp\u00e9ri\u00admen\u00adt\u00e9s.<\/li>\n\n\n\n<li><strong>Pr\u00e9\u00adpa\u00adra\u00adtion insuff\u00adisante ?<\/strong>: Les autorit\u00e9s s\u2019in\u00adter\u00adro\u00adgent sur le niveau de pr\u00e9\u00adpa\u00adra\u00adtion du cou\u00adple avant leur ran\u00addon\u00adn\u00e9e, notam\u00adment s\u2019ils avaient pris toutes les pr\u00e9\u00adcau\u00adtions n\u00e9ces\u00adsaires face aux con\u00addi\u00adtions hiver\u00adnales.<\/li>\n<\/ol>\n\n\n\n<p>D\u00e9tails sur la dis\u00adpari\u00adtion<\/p>\n\n\n\n<ol start=\"1\" class=\"wp-block-list\">\n<li><strong>Recherche active<\/strong>&nbsp;: Depuis leur dis\u00adpari\u00adtion, une op\u00e9ra\u00adtion de recherche a \u00e9t\u00e9 lanc\u00e9e impli\u00adquant gen\u00addarmes mon\u00adtag\u00adnards et \u00e9quipes cynophiles afin de retrou\u00adver le cou\u00adple rapi\u00adde\u00adment.<\/li>\n\n\n\n<li><strong>T\u00e9moignages locaux<\/strong>&nbsp;: Des ran\u00addon\u00adneurs ayant crois\u00e9 le cou\u00adple avant leur dis\u00adpari\u00adtion ont d\u00e9clar\u00e9 qu\u2019ils sem\u00adblaient con\u00adfi\u00adants mais qu\u2019ils ne por\u00adtaient pas d\u2019\u00e9quipement ad\u00e9quat pour affron\u00adter un temps dif\u00adfi\u00adcile.<\/li>\n\n\n\n<li><strong>\u00c9tat du chien retrou\u00adv\u00e9<\/strong>&nbsp;: Le chien du cou\u00adple a \u00e9t\u00e9 retrou\u00adv\u00e9 sain et sauf dans leur v\u00e9hicule, ce qui soul\u00e8ve encore plus d\u2019in\u00adqui\u00e9\u00adtudes con\u00adcer\u00adnant ce qui a pu leur arriv\u00ader pen\u00addant leur ran\u00addon\u00adn\u00e9e.<\/li>\n<\/ol>\n\n\n\n<p>R\u00e9ac\u00adtions com\u00admu\u00adnau\u00adtaires<\/p>\n\n\n\n<p>La com\u00admu\u00adnaut\u00e9 locale est mobil\u00adis\u00e9e :<\/p>\n\n\n\n<ol start=\"1\" class=\"wp-block-list\">\n<li><strong>Sol\u00adi\u00addar\u00adit\u00e9 entre ran\u00addon\u00adneurs<\/strong>: D\u2019autres ran\u00addon\u00adneurs se sont joints aux efforts pour retrou\u00adver le cou\u00adple dis\u00adparue, partageant leurs exp\u00e9ri\u00adences per\u00adson\u00adnelles sur les r\u00e9seaux soci\u00adaux afin d\u2019at\u00adtir\u00ader plus d\u2019at\u00adten\u00adtion sur cette affaire.<\/li>\n\n\n\n<li><strong>Appels \u00e0 la pru\u00addence<\/strong>: Les autorit\u00e9s locales rap\u00adpel\u00adlent aux ran\u00addon\u00adneurs l\u2019im\u00adpor\u00adtance d\u2019une bonne pr\u00e9\u00adpa\u00adra\u00adtion avant toute excur\u00adsion en mon\u00adtagne, surtout pen\u00addant l\u2019hiv\u00ader o\u00f9 les con\u00addi\u00adtions peu\u00advent chang\u00ader rapi\u00adde\u00adment.<\/li>\n<\/ol>\n\n\n\n<p>Impli\u00adca\u00adtions futures<\/p>\n\n\n\n<p>Cette sit\u00adu\u00ada\u00adtion trag\u00adique soul\u00e8ve plusieurs ques\u00adtions impor\u00adtantes :<\/p>\n\n\n\n<ol start=\"1\" class=\"wp-block-list\">\n<li><strong>S\u00e9cu\u00adrit\u00e9 en mon\u00adtagne<\/strong>: Il est cru\u00adcial que tous ceux qui s\u2019aven\u00adturent dans ces r\u00e9gions soient con\u00adscients des risques poten\u00adtiels asso\u00adci\u00e9s aux ran\u00addon\u00adn\u00e9es hiver\u00adnales.<\/li>\n\n\n\n<li><strong>Ressources n\u00e9ces\u00adsaires pour recherch\u00ades<\/strong>: La recherche active n\u00e9ces\u00adsite sou\u00advent beau\u00adcoup de ressources humaines et mat\u00e9rielles ; il est donc vital que ces op\u00e9ra\u00adtions soient bien coor\u00addon\u00adn\u00e9es afin d\u2019op\u00adti\u00admiser leurs chances de suc\u00adc\u00e8s.<\/li>\n\n\n\n<li><strong>Sen\u00adsi\u00adbil\u00adi\u00adsa\u00adtion accrue n\u00e9ces\u00adsaire<\/strong>: Cet inci\u00addent souligne \u00e9gale\u00adment la n\u00e9ces\u00adsit\u00e9 d\u2019une sen\u00adsi\u00adbil\u00adi\u00adsa\u00adtion accrue con\u00adcer\u00adnant la s\u00e9cu\u00adrit\u00e9 lors des ran\u00addon\u00adn\u00e9es en mon\u00adtagne afin que cha\u00adcun puisse prof\u00aditer pleine\u00adment tout en min\u00adimisant les risques encou\u00adrus.<\/li>\n<\/ol>\n\n\n\n<p>Con\u00adclu\u00adsion<\/p>\n\n\n\n<p>La dis\u00adpari\u00adtion trag\u00adique du cou\u00adple espag\u00adnol dans les Pyr\u00e9n\u00e9es rap\u00adpelle com\u00adbi\u00aden il est essen\u00adtiel d\u2019abor\u00adder toute activ\u00adit\u00e9 en mon\u00adtagne avec pru\u00addence et pr\u00e9\u00adpa\u00adra\u00adtion ad\u00e9quate. Alors que les op\u00e9ra\u00adtions de recherche se pour\u00adsuiv\u00adent avec espoir, il est imp\u00e9ratif que cette sit\u00adu\u00ada\u00adtion serve \u00e9gale\u00adment comme un appel \u00e0 tous ceux qui envis\u00adagent une ran\u00addon\u00adn\u00e9e hiver\u00adnale \u00e0 respecter scrupuleuse\u00adment toutes les con\u00adsignes de s\u00e9cu\u00adrit\u00e9 afin d\u2019\u00e9viter que ce type d\u2019in\u00adci\u00addent ne se repro\u00adduise \u00e0 l\u2019avenir.<\/p>\n","protected":false},"excerpt":{"rendered":"<p>Un cou\u00adple espag\u00adnol est port\u00e9 dis\u00adparu depuis plusieurs jours apr\u00e8s avoir entre\u00adpris une ran\u00addon\u00adn\u00e9e dans les Pyr\u00e9n\u00e9es fran\u00e7ais\u00ades. Leur v\u00e9hicule a \u00e9t\u00e9 retrou\u00adv\u00e9 gar\u00e9 sur un park\u00ading situ\u00e9 \u00e0 1700\u2026 <\/p>\n","protected":false},"author":1,"featured_media":5831,"comment_status":"open","ping_status":"open","sticky":false,"template":"","format":"standard","meta":{"wp_typography_post_enhancements_disabled":false,"footnotes":""},"categories":[73],"tags":[],"class_list":["post-5830","post","type-post","status-publish","format-standard","has-post-thumbnail","hentry","category-on-en-parle"],"yoast_head":"<!-- This site is optimized with the Yoast SEO plugin v24.7 - https:\/\/yoast.com\/wordpress\/plugins\/seo\/ -->\n<title>Disparition tragique d&#039;un couple espagnol dans les Pyr\u00e9n\u00e9es : s\u00e9curit\u00e9 des randonneurs - Bobea<\/title>\n<meta name=\"description\" content=\"Un couple espagnol est port\u00e9 disparu depuis plusieurs jours apr\u00e8s avoir entrepris une randonn\u00e9e dans les Pyr\u00e9n\u00e9es fran\u00e7aises\" \/>\n<meta name=\"robots\" content=\"index, follow, max-snippet:-1, max-image-preview:large, max-video-preview:-1\" \/>\n<link rel=\"canonical\" href=\"https:\/\/bobea.net\/index.php\/2024\/12\/11\/disparition-tragique-dun-couple-espagnol-dans-les-pyrenees-securite-des-randonneurs\/\" \/>\n<meta property=\"og:locale\" content=\"fr_FR\" \/>\n<meta property=\"og:type\" content=\"article\" \/>\n<meta property=\"og:title\" content=\"Disparition tragique d&#039;un couple espagnol dans les Pyr\u00e9n\u00e9es : s\u00e9curit\u00e9 des randonneurs - Bobea\" \/>\n<meta property=\"og:description\" content=\"Un couple espagnol est port\u00e9 disparu depuis plusieurs jours apr\u00e8s avoir entrepris une randonn\u00e9e dans les Pyr\u00e9n\u00e9es fran\u00e7aises\" \/>\n<meta property=\"og:url\" content=\"https:\/\/bobea.net\/index.php\/2024\/12\/11\/disparition-tragique-dun-couple-espagnol-dans-les-pyrenees-securite-des-randonneurs\/\" \/>\n<meta property=\"og:site_name\" content=\"Bobea\" \/>\n<meta property=\"article:publisher\" content=\"https:\/\/web.facebook.com\/profile.php?id=61559252188416\" \/>\n<meta property=\"article:published_time\" content=\"2024-12-11T20:06:43+00:00\" \/>\n<meta property=\"article:modified_time\" content=\"2024-12-11T20:06:45+00:00\" \/>\n<meta property=\"og:image\" content=\"https:\/\/bobea.net\/wp-content\/uploads\/2024\/12\/62593657-2498969543469536-8477282921290399744-n-6758740305d38847984424.jpg\" \/>\n\t<meta property=\"og:image:width\" content=\"930\" \/>\n\t<meta property=\"og:image:height\" content=\"620\" \/>\n\t<meta property=\"og:image:type\" content=\"image\/jpeg\" \/>\n<meta name=\"author\" content=\"bobea.info\" \/>\n<meta name=\"twitter:card\" content=\"summary_large_image\" \/>\n<meta name=\"twitter:label1\" content=\"\u00c9crit par\" \/>\n\t<meta name=\"twitter:data1\" content=\"bobea.info\" \/>\n\t<meta name=\"twitter:label2\" content=\"Dur\u00e9e de lecture estim\u00e9e\" \/>\n\t<meta name=\"twitter:data2\" content=\"3 minutes\" \/>\n<script type=\"application\/ld+json\" class=\"yoast-schema-graph\">{\"@context\":\"https:\/\/schema.org\",\"@graph\":[{\"@type\":\"Article\",\"@id\":\"https:\/\/bobea.net\/index.php\/2024\/12\/11\/disparition-tragique-dun-couple-espagnol-dans-les-pyrenees-securite-des-randonneurs\/#article\",\"isPartOf\":{\"@id\":\"https:\/\/bobea.net\/index.php\/2024\/12\/11\/disparition-tragique-dun-couple-espagnol-dans-les-pyrenees-securite-des-randonneurs\/\"},\"author\":{\"name\":\"bobea.info\",\"@id\":\"https:\/\/bobea.net\/#\/schema\/person\/e7f45ef187918d7c956bf619dce90ccf\"},\"headline\":\"Disparition tragique d\u2019un couple espagnol dans les Pyr\u00e9n\u00e9es : s\u00e9curit\u00e9 des randonneurs\",\"datePublished\":\"2024-12-11T20:06:43+00:00\",\"dateModified\":\"2024-12-11T20:06:45+00:00\",\"mainEntityOfPage\":{\"@id\":\"https:\/\/bobea.net\/index.php\/2024\/12\/11\/disparition-tragique-dun-couple-espagnol-dans-les-pyrenees-securite-des-randonneurs\/\"},\"wordCount\":568,\"commentCount\":0,\"publisher\":{\"@id\":\"https:\/\/bobea.net\/#organization\"},\"image\":{\"@id\":\"https:\/\/bobea.net\/index.php\/2024\/12\/11\/disparition-tragique-dun-couple-espagnol-dans-les-pyrenees-securite-des-randonneurs\/#primaryimage\"},\"thumbnailUrl\":\"https:\/\/bobea.net\/wp-content\/uploads\/2024\/12\/62593657-2498969543469536-8477282921290399744-n-6758740305d38847984424.jpg\",\"articleSection\":[\"On en Parle\"],\"inLanguage\":\"fr-FR\",\"potentialAction\":[{\"@type\":\"CommentAction\",\"name\":\"Comment\",\"target\":[\"https:\/\/bobea.net\/index.php\/2024\/12\/11\/disparition-tragique-dun-couple-espagnol-dans-les-pyrenees-securite-des-randonneurs\/#respond\"]}]},{\"@type\":\"WebPage\",\"@id\":\"https:\/\/bobea.net\/index.php\/2024\/12\/11\/disparition-tragique-dun-couple-espagnol-dans-les-pyrenees-securite-des-randonneurs\/\",\"url\":\"https:\/\/bobea.net\/index.php\/2024\/12\/11\/disparition-tragique-dun-couple-espagnol-dans-les-pyrenees-securite-des-randonneurs\/\",\"name\":\"Disparition tragique d'un couple espagnol dans les Pyr\u00e9n\u00e9es : s\u00e9curit\u00e9 des randonneurs - Bobea\",\"isPartOf\":{\"@id\":\"https:\/\/bobea.net\/#website\"},\"primaryImageOfPage\":{\"@id\":\"https:\/\/bobea.net\/index.php\/2024\/12\/11\/disparition-tragique-dun-couple-espagnol-dans-les-pyrenees-securite-des-randonneurs\/#primaryimage\"},\"image\":{\"@id\":\"https:\/\/bobea.net\/index.php\/2024\/12\/11\/disparition-tragique-dun-couple-espagnol-dans-les-pyrenees-securite-des-randonneurs\/#primaryimage\"},\"thumbnailUrl\":\"https:\/\/bobea.net\/wp-content\/uploads\/2024\/12\/62593657-2498969543469536-8477282921290399744-n-6758740305d38847984424.jpg\",\"datePublished\":\"2024-12-11T20:06:43+00:00\",\"dateModified\":\"2024-12-11T20:06:45+00:00\",\"description\":\"Un couple espagnol est port\u00e9 disparu depuis plusieurs jours apr\u00e8s avoir entrepris une randonn\u00e9e dans les Pyr\u00e9n\u00e9es fran\u00e7aises\",\"breadcrumb\":{\"@id\":\"https:\/\/bobea.net\/index.php\/2024\/12\/11\/disparition-tragique-dun-couple-espagnol-dans-les-pyrenees-securite-des-randonneurs\/#breadcrumb\"},\"inLanguage\":\"fr-FR\",\"potentialAction\":[{\"@type\":\"ReadAction\",\"target\":[\"https:\/\/bobea.net\/index.php\/2024\/12\/11\/disparition-tragique-dun-couple-espagnol-dans-les-pyrenees-securite-des-randonneurs\/\"]}]},{\"@type\":\"ImageObject\",\"inLanguage\":\"fr-FR\",\"@id\":\"https:\/\/bobea.net\/index.php\/2024\/12\/11\/disparition-tragique-dun-couple-espagnol-dans-les-pyrenees-securite-des-randonneurs\/#primaryimage\",\"url\":\"https:\/\/bobea.net\/wp-content\/uploads\/2024\/12\/62593657-2498969543469536-8477282921290399744-n-6758740305d38847984424.jpg\",\"contentUrl\":\"https:\/\/bobea.net\/wp-content\/uploads\/2024\/12\/62593657-2498969543469536-8477282921290399744-n-6758740305d38847984424.jpg\",\"width\":930,\"height\":620,\"caption\":\"Disparition tragique d'un couple espagnol dans les Pyr\u00e9n\u00e9es : s\u00e9curit\u00e9 des randonneurs\"},{\"@type\":\"BreadcrumbList\",\"@id\":\"https:\/\/bobea.net\/index.php\/2024\/12\/11\/disparition-tragique-dun-couple-espagnol-dans-les-pyrenees-securite-des-randonneurs\/#breadcrumb\",\"itemListElement\":[{\"@type\":\"ListItem\",\"position\":1,\"name\":\"Accueil\",\"item\":\"https:\/\/bobea.net\/\"},{\"@type\":\"ListItem\",\"position\":2,\"name\":\"Disparition tragique d&rsquo;un couple espagnol dans les Pyr\u00e9n\u00e9es : s\u00e9curit\u00e9 des randonneurs\"}]},{\"@type\":\"WebSite\",\"@id\":\"https:\/\/bobea.net\/#website\",\"url\":\"https:\/\/bobea.net\/\",\"name\":\"Bobea\",\"description\":\"Le magazine de la nouvelle \u00c8ve\",\"publisher\":{\"@id\":\"https:\/\/bobea.net\/#organization\"},\"potentialAction\":[{\"@type\":\"SearchAction\",\"target\":{\"@type\":\"EntryPoint\",\"urlTemplate\":\"https:\/\/bobea.net\/?s={search_term_string}\"},\"query-input\":{\"@type\":\"PropertyValueSpecification\",\"valueRequired\":true,\"valueName\":\"search_term_string\"}}],\"inLanguage\":\"fr-FR\"},{\"@type\":\"Organization\",\"@id\":\"https:\/\/bobea.net\/#organization\",\"name\":\"Bobea\",\"url\":\"https:\/\/bobea.net\/\",\"logo\":{\"@type\":\"ImageObject\",\"inLanguage\":\"fr-FR\",\"@id\":\"https:\/\/bobea.net\/#\/schema\/logo\/image\/\",\"url\":\"https:\/\/bobea.net\/wp-content\/uploads\/2024\/06\/bobea.jpg\",\"contentUrl\":\"https:\/\/bobea.net\/wp-content\/uploads\/2024\/06\/bobea.jpg\",\"width\":1080,\"height\":1080,\"caption\":\"Bobea\"},\"image\":{\"@id\":\"https:\/\/bobea.net\/#\/schema\/logo\/image\/\"},\"sameAs\":[\"https:\/\/web.facebook.com\/profile.php?id=61559252188416\"]},{\"@type\":\"Person\",\"@id\":\"https:\/\/bobea.net\/#\/schema\/person\/e7f45ef187918d7c956bf619dce90ccf\",\"name\":\"bobea.info\",\"image\":{\"@type\":\"ImageObject\",\"inLanguage\":\"fr-FR\",\"@id\":\"https:\/\/bobea.net\/#\/schema\/person\/image\/\",\"url\":\"https:\/\/secure.gravatar.com\/avatar\/36147980349df887ae30808df3e29474?s=96&d=mm&r=g\",\"contentUrl\":\"https:\/\/secure.gravatar.com\/avatar\/36147980349df887ae30808df3e29474?s=96&d=mm&r=g\",\"caption\":\"bobea.info\"},\"sameAs\":[\"https:\/\/bobea.net\"],\"url\":\"https:\/\/bobea.net\/index.php\/author\/bobea-info\/\"}]}<\/script>\n<!-- \/ Yoast SEO plugin. -->","yoast_head_json":{"title":"Disparition tragique d'un couple espagnol dans les Pyr\u00e9n\u00e9es : s\u00e9curit\u00e9 des randonneurs - Bobea","description":"Un couple espagnol est port\u00e9 disparu depuis plusieurs jours apr\u00e8s avoir entrepris une randonn\u00e9e dans les Pyr\u00e9n\u00e9es fran\u00e7aises","robots":{"index":"index","follow":"follow","max-snippet":"max-snippet:-1","max-image-preview":"max-image-preview:large","max-video-preview":"max-video-preview:-1"},"canonical":"https:\/\/bobea.net\/index.php\/2024\/12\/11\/disparition-tragique-dun-couple-espagnol-dans-les-pyrenees-securite-des-randonneurs\/","og_locale":"fr_FR","og_type":"article","og_title":"Disparition tragique d'un couple espagnol dans les Pyr\u00e9n\u00e9es : s\u00e9curit\u00e9 des randonneurs - Bobea","og_description":"Un couple espagnol est port\u00e9 disparu depuis plusieurs jours apr\u00e8s avoir entrepris une randonn\u00e9e dans les Pyr\u00e9n\u00e9es fran\u00e7aises","og_url":"https:\/\/bobea.net\/index.php\/2024\/12\/11\/disparition-tragique-dun-couple-espagnol-dans-les-pyrenees-securite-des-randonneurs\/","og_site_name":"Bobea","article_publisher":"https:\/\/web.facebook.com\/profile.php?id=61559252188416","article_published_time":"2024-12-11T20:06:43+00:00","article_modified_time":"2024-12-11T20:06:45+00:00","og_image":[{"width":930,"height":620,"url":"https:\/\/bobea.net\/wp-content\/uploads\/2024\/12\/62593657-2498969543469536-8477282921290399744-n-6758740305d38847984424.jpg","type":"image\/jpeg"}],"author":"bobea.info","twitter_card":"summary_large_image","twitter_misc":{"\u00c9crit par":"bobea.info","Dur\u00e9e de lecture estim\u00e9e":"3 minutes"},"schema":{"@context":"https:\/\/schema.org","@graph":[{"@type":"Article","@id":"https:\/\/bobea.net\/index.php\/2024\/12\/11\/disparition-tragique-dun-couple-espagnol-dans-les-pyrenees-securite-des-randonneurs\/#article","isPartOf":{"@id":"https:\/\/bobea.net\/index.php\/2024\/12\/11\/disparition-tragique-dun-couple-espagnol-dans-les-pyrenees-securite-des-randonneurs\/"},"author":{"name":"bobea.info","@id":"https:\/\/bobea.net\/#\/schema\/person\/e7f45ef187918d7c956bf619dce90ccf"},"headline":"Disparition tragique d\u2019un couple espagnol dans les Pyr\u00e9n\u00e9es : s\u00e9curit\u00e9 des randonneurs","datePublished":"2024-12-11T20:06:43+00:00","dateModified":"2024-12-11T20:06:45+00:00","mainEntityOfPage":{"@id":"https:\/\/bobea.net\/index.php\/2024\/12\/11\/disparition-tragique-dun-couple-espagnol-dans-les-pyrenees-securite-des-randonneurs\/"},"wordCount":568,"commentCount":0,"publisher":{"@id":"https:\/\/bobea.net\/#organization"},"image":{"@id":"https:\/\/bobea.net\/index.php\/2024\/12\/11\/disparition-tragique-dun-couple-espagnol-dans-les-pyrenees-securite-des-randonneurs\/#primaryimage"},"thumbnailUrl":"https:\/\/bobea.net\/wp-content\/uploads\/2024\/12\/62593657-2498969543469536-8477282921290399744-n-6758740305d38847984424.jpg","articleSection":["On en Parle"],"inLanguage":"fr-FR","potentialAction":[{"@type":"CommentAction","name":"Comment","target":["https:\/\/bobea.net\/index.php\/2024\/12\/11\/disparition-tragique-dun-couple-espagnol-dans-les-pyrenees-securite-des-randonneurs\/#respond"]}]},{"@type":"WebPage","@id":"https:\/\/bobea.net\/index.php\/2024\/12\/11\/disparition-tragique-dun-couple-espagnol-dans-les-pyrenees-securite-des-randonneurs\/","url":"https:\/\/bobea.net\/index.php\/2024\/12\/11\/disparition-tragique-dun-couple-espagnol-dans-les-pyrenees-securite-des-randonneurs\/","name":"Disparition tragique d'un couple espagnol dans les Pyr\u00e9n\u00e9es : s\u00e9curit\u00e9 des randonneurs - Bobea","isPartOf":{"@id":"https:\/\/bobea.net\/#website"},"primaryImageOfPage":{"@id":"https:\/\/bobea.net\/index.php\/2024\/12\/11\/disparition-tragique-dun-couple-espagnol-dans-les-pyrenees-securite-des-randonneurs\/#primaryimage"},"image":{"@id":"https:\/\/bobea.net\/index.php\/2024\/12\/11\/disparition-tragique-dun-couple-espagnol-dans-les-pyrenees-securite-des-randonneurs\/#primaryimage"},"thumbnailUrl":"https:\/\/bobea.net\/wp-content\/uploads\/2024\/12\/62593657-2498969543469536-8477282921290399744-n-6758740305d38847984424.jpg","datePublished":"2024-12-11T20:06:43+00:00","dateModified":"2024-12-11T20:06:45+00:00","description":"Un couple espagnol est port\u00e9 disparu depuis plusieurs jours apr\u00e8s avoir entrepris une randonn\u00e9e dans les Pyr\u00e9n\u00e9es fran\u00e7aises","breadcrumb":{"@id":"https:\/\/bobea.net\/index.php\/2024\/12\/11\/disparition-tragique-dun-couple-espagnol-dans-les-pyrenees-securite-des-randonneurs\/#breadcrumb"},"inLanguage":"fr-FR","potentialAction":[{"@type":"ReadAction","target":["https:\/\/bobea.net\/index.php\/2024\/12\/11\/disparition-tragique-dun-couple-espagnol-dans-les-pyrenees-securite-des-randonneurs\/"]}]},{"@type":"ImageObject","inLanguage":"fr-FR","@id":"https:\/\/bobea.net\/index.php\/2024\/12\/11\/disparition-tragique-dun-couple-espagnol-dans-les-pyrenees-securite-des-randonneurs\/#primaryimage","url":"https:\/\/bobea.net\/wp-content\/uploads\/2024\/12\/62593657-2498969543469536-8477282921290399744-n-6758740305d38847984424.jpg","contentUrl":"https:\/\/bobea.net\/wp-content\/uploads\/2024\/12\/62593657-2498969543469536-8477282921290399744-n-6758740305d38847984424.jpg","width":930,"height":620,"caption":"Disparition tragique d'un couple espagnol dans les Pyr\u00e9n\u00e9es : s\u00e9curit\u00e9 des randonneurs"},{"@type":"BreadcrumbList","@id":"https:\/\/bobea.net\/index.php\/2024\/12\/11\/disparition-tragique-dun-couple-espagnol-dans-les-pyrenees-securite-des-randonneurs\/#breadcrumb","itemListElement":[{"@type":"ListItem","position":1,"name":"Accueil","item":"https:\/\/bobea.net\/"},{"@type":"ListItem","position":2,"name":"Disparition tragique d&rsquo;un couple espagnol dans les Pyr\u00e9n\u00e9es : s\u00e9curit\u00e9 des randonneurs"}]},{"@type":"WebSite","@id":"https:\/\/bobea.net\/#website","url":"https:\/\/bobea.net\/","name":"Bobea","description":"Le magazine de la nouvelle \u00c8ve","publisher":{"@id":"https:\/\/bobea.net\/#organization"},"potentialAction":[{"@type":"SearchAction","target":{"@type":"EntryPoint","urlTemplate":"https:\/\/bobea.net\/?s={search_term_string}"},"query-input":{"@type":"PropertyValueSpecification","valueRequired":true,"valueName":"search_term_string"}}],"inLanguage":"fr-FR"},{"@type":"Organization","@id":"https:\/\/bobea.net\/#organization","name":"Bobea","url":"https:\/\/bobea.net\/","logo":{"@type":"ImageObject","inLanguage":"fr-FR","@id":"https:\/\/bobea.net\/#\/schema\/logo\/image\/","url":"https:\/\/bobea.net\/wp-content\/uploads\/2024\/06\/bobea.jpg","contentUrl":"https:\/\/bobea.net\/wp-content\/uploads\/2024\/06\/bobea.jpg","width":1080,"height":1080,"caption":"Bobea"},"image":{"@id":"https:\/\/bobea.net\/#\/schema\/logo\/image\/"},"sameAs":["https:\/\/web.facebook.com\/profile.php?id=61559252188416"]},{"@type":"Person","@id":"https:\/\/bobea.net\/#\/schema\/person\/e7f45ef187918d7c956bf619dce90ccf","name":"bobea.info","image":{"@type":"ImageObject","inLanguage":"fr-FR","@id":"https:\/\/bobea.net\/#\/schema\/person\/image\/","url":"https:\/\/secure.gravatar.com\/avatar\/36147980349df887ae30808df3e29474?s=96&d=mm&r=g","contentUrl":"https:\/\/secure.gravatar.com\/avatar\/36147980349df887ae30808df3e29474?s=96&d=mm&r=g","caption":"bobea.info"},"sameAs":["https:\/\/bobea.net"],"url":"https:\/\/bobea.net\/index.php\/author\/bobea-info\/"}]}},"_links":{"self":[{"href":"https:\/\/bobea.net\/index.php\/wp-json\/wp\/v2\/posts\/5830"}],"collection":[{"href":"https:\/\/bobea.net\/index.php\/wp-json\/wp\/v2\/posts"}],"about":[{"href":"https:\/\/bobea.net\/index.php\/wp-json\/wp\/v2\/types\/post"}],"author":[{"embeddable":true,"href":"https:\/\/bobea.net\/index.php\/wp-json\/wp\/v2\/users\/1"}],"replies":[{"embeddable":true,"href":"https:\/\/bobea.net\/index.php\/wp-json\/wp\/v2\/comments?post=5830"}],"version-history":[{"count":0,"href":"https:\/\/bobea.net\/index.php\/wp-json\/wp\/v2\/posts\/5830\/revisions"}],"wp:featuredmedia":[{"embeddable":true,"href":"https:\/\/bobea.net\/index.php\/wp-json\/wp\/v2\/media\/5831"}],"wp:attachment":[{"href":"https:\/\/bobea.net\/index.php\/wp-json\/wp\/v2\/media?parent=5830"}],"wp:term":[{"taxonomy":"category","embeddable":true,"href":"https:\/\/bobea.net\/index.php\/wp-json\/wp\/v2\/categories?post=5830"},{"taxonomy":"post_tag","embeddable":true,"href":"https:\/\/bobea.net\/index.php\/wp-json\/wp\/v2\/tags?post=5830"}],"curies":[{"name":"wp","href":"https:\/\/api.w.org\/{rel}","templated":true}]}}