{"id":5827,"date":"2024-12-11T20:04:21","date_gmt":"2024-12-11T20:04:21","guid":{"rendered":"https:\/\/bobea.net\/?p=5827"},"modified":"2024-12-11T20:04:23","modified_gmt":"2024-12-11T20:04:23","slug":"incendie-a-malibu-evacuations-massives-et-impact-sur-les-familles","status":"publish","type":"post","link":"https:\/\/bobea.net\/index.php\/2024\/12\/11\/incendie-a-malibu-evacuations-massives-et-impact-sur-les-familles\/","title":{"rendered":"Incendie \u00e0 Malibu : \u00e9vacuations massives et impact sur les familles"},"content":{"rendered":"\n<p>Un incendie d\u00e9vas\u00adta\u00adteur s\u2019est d\u00e9clar\u00e9 pr\u00e8s de Mal\u00adibu, en Cal\u00adi\u00adfornie, entra\u00ee\u00adnant l\u2019\u00e9\u00advac\u00adu\u00ada\u00adtion imm\u00e9\u00addi\u00adate de mil\u00adliers d\u2019habi\u00adtants et mena\u00e7ant plusieurs pro\u00adpri\u00e9t\u00e9s. Cet inci\u00addent met en lumi\u00e8re les risques crois\u00adsants li\u00e9s aux incendies de for\u00eat dans une r\u00e9gion d\u00e9j\u00e0 \u00e9prou\u00adv\u00e9e par des con\u00addi\u00adtions cli\u00adma\u00adtiques extr\u00eames.<\/p>\n\n\n\n<p>Con\u00adtexte envi\u00adron\u00adnemen\u00adtal<\/p>\n\n\n\n<p>La Cal\u00adi\u00adfornie est r\u00e9guli\u00e8re\u00adment con\u00adfron\u00adt\u00e9e \u00e0 des incendies d\u00e9vas\u00adta\u00adteurs exac\u00ader\u00adb\u00e9s par des s\u00e9cher\u00adess\u00ades pro\u00adlong\u00e9es et des vagues de chaleur. Ces con\u00addi\u00adtions ren\u00addent les for\u00eats et les zones urbaines par\u00adti\u00adc\u00aduli\u00e8re\u00adment vul\u00adn\u00e9rables aux flammes :<\/p>\n\n\n\n<ol start=\"1\" class=\"wp-block-list\">\n<li><strong>Change\u00adments cli\u00adma\u00adtiques<\/strong>&nbsp;: Les sci\u00aden\u00adtifiques s\u2019ac\u00adcor\u00addent \u00e0 dire que le change\u00adment cli\u00adma\u00adtique joue un r\u00f4le sig\u00adni\u00adfi\u00adcatif dans l\u2019aug\u00admen\u00adta\u00adtion de la fr\u00e9quence et de l\u2019in\u00adten\u00adsit\u00e9 des incendies en Cal\u00adi\u00adfornie.<\/li>\n\n\n\n<li><strong>His\u00adtorique des incendies dans la r\u00e9gion<\/strong>&nbsp;: Mal\u00adibu a con\u00adnu plusieurs incendies destruc\u00adteurs au cours des derni\u00e8res d\u00e9cen\u00adnies, ce qui soul\u00e8ve des ques\u00adtions sur la ges\u00adtion foresti\u00e8re et l\u2019ur\u00adban\u00adisme dans ces zones sen\u00adsi\u00adbles.<\/li>\n<\/ol>\n\n\n\n<p>D\u00e9tails sur l\u2019in\u00adcendie<\/p>\n\n\n\n<ol start=\"1\" class=\"wp-block-list\">\n<li><strong>D\u00e9but du sin\u00adistre<\/strong>&nbsp;: L\u2019in\u00adcendie a com\u00admenc\u00e9 dans l\u2019apr\u00e8s-midi du 10 d\u00e9cem\u00adbre 2024, rapi\u00adde\u00adment ali\u00admen\u00adt\u00e9 par des vents forts et secs qui ont favoris\u00e9 sa prop\u00ada\u00adga\u00adtion rapi\u00adde.<\/li>\n\n\n\n<li><strong>\u00c9vac\u00adu\u00ada\u00adtion mas\u00adsive<\/strong>&nbsp;: Les autorit\u00e9s locales ont ordon\u00adn\u00e9 l\u2019\u00e9\u00advac\u00adu\u00ada\u00adtion imm\u00e9\u00addi\u00adate des zones men\u00adac\u00e9es, touchant env\u00adi\u00adron 18 000 per\u00adson\u00adnes vivant dans les envi\u00adrons.<\/li>\n\n\n\n<li><strong>Inter\u00adven\u00adtion des pom\u00adpiers<\/strong>&nbsp;: Des mil\u00adliers de pom\u00adpiers ont \u00e9t\u00e9 mobil\u00adis\u00e9s pour lut\u00adter con\u00adtre les flammes, util\u00adisant avions et h\u00e9li\u00adcop\u00adt\u00e8res pour effectuer des largages d\u2019eau afin d\u2019endiguer le feu.<\/li>\n<\/ol>\n\n\n\n<p>R\u00e9ac\u00adtions publiques<\/p>\n\n\n\n<p>La r\u00e9ac\u00adtion du pub\u00adlic face \u00e0 cette cat\u00ada\u00adstro\u00adphe naturelle a \u00e9t\u00e9 mar\u00adqu\u00e9e par un m\u00e9lange d\u2019anx\u00adi\u00e9t\u00e9 et d\u2019u\u00adnit\u00e9 :<\/p>\n\n\n\n<ol start=\"1\" class=\"wp-block-list\">\n<li><strong>Sou\u00adtien com\u00admu\u00adnau\u00adtaire<\/strong>&nbsp;: De nom\u00adbreux habi\u00adtants se sont mobil\u00adis\u00e9s pour aider ceux qui ont \u00e9t\u00e9 \u00e9vac\u00adu\u00e9s, offrant refuge et assis\u00adtance aux familles touch\u00e9es par cette trag\u00e9die.<\/li>\n\n\n\n<li><strong>Pr\u00e9oc\u00adcu\u00adpa\u00adtions con\u00adcer\u00adnant la s\u00e9cu\u00adrit\u00e9<\/strong>&nbsp;: Les r\u00e9si\u00addents expri\u00adment leur inqui\u00e9\u00adtude quant \u00e0 leur s\u00e9cu\u00adrit\u00e9 face aux incendies r\u00e9cur\u00adrents et deman\u00addent aux autorit\u00e9s d\u2019a\u00adgir davan\u00adtage pour pro\u00adt\u00e9ger leurs maisons.<\/li>\n<\/ol>\n\n\n\n<p>Impli\u00adca\u00adtions futures<\/p>\n\n\n\n<p>Les con\u00ads\u00e9quences poten\u00adtielles de cet incendie sont mul\u00adti\u00adples :<\/p>\n\n\n\n<ol start=\"1\" class=\"wp-block-list\">\n<li><strong>Impact envi\u00adron\u00adnemen\u00adtal durable<\/strong>&nbsp;: Les incendies peu\u00advent avoir un effet d\u00e9vas\u00adta\u00adteur sur les \u00e9cosys\u00adt\u00e8mes locaux, d\u00e9tru\u00adisant habi\u00adtats naturels et bio\u00addi\u00adver\u00adsit\u00e9.<\/li>\n\n\n\n<li><strong>R\u00e9per\u00adcus\u00adsions \u00e9conomiques<\/strong>&nbsp;: Les dom\u00admages caus\u00e9s par ces incendies peu\u00advent entra\u00een\u00ader des pertes finan\u00adci\u00e8res con\u00adsid\u00ad\u00e9rables pour les entre\u00adpris\u00ades locales ain\u00adsi que pour le gou\u00adverne\u00adment en ter\u00admes d\u2019in\u00adter\u00adven\u00adtions d\u2019ur\u00adgence.<\/li>\n\n\n\n<li><strong>N\u00e9ces\u00adsit\u00e9 d\u2019une pr\u00e9\u00adpa\u00adra\u00adtion accrue<\/strong>&nbsp;: Cet inci\u00addent souligne l\u2019ur\u00adgence d\u2019am\u00e9lior\u00ader la pr\u00e9\u00adpa\u00adra\u00adtion aux cat\u00ada\u00adstro\u00adphes naturelles en Cal\u00adi\u00adfornie et ailleurs, notam\u00adment en investis\u00adsant dans des infra\u00adstruc\u00adtures r\u00e9silientes et en ren\u00adfor\u00e7ant les capac\u00adit\u00e9s d\u2019in\u00adter\u00adven\u00adtion d\u2019ur\u00adgence.<\/li>\n<\/ol>\n\n\n\n<p>Con\u00adclu\u00adsion<\/p>\n\n\n\n<p>L\u2019in\u00adcendie pr\u00e8s de Mal\u00adibu met une fois encore en lumi\u00e8re les d\u00e9fis crois\u00adsants pos\u00e9s par le change\u00adment cli\u00adma\u00adtique et son impact sur la s\u00e9cu\u00adrit\u00e9 publique. Alors que les pom\u00adpiers con\u00adtin\u00adu\u00adent leur lutte con\u00adtre les flammes, il est essen\u00adtiel que les autorit\u00e9s r\u00e9fl\u00e9chissent s\u00e9rieuse\u00adment aux mesures n\u00e9ces\u00adsaires pour pro\u00adt\u00e9ger non seule\u00adment les vies humaines mais aus\u00adsi l\u2019en\u00advi\u00adron\u00adnement frag\u00adile qui nous entoure. La ges\u00adtion proac\u00adtive des risques li\u00e9s aux incendies doit devenir une pri\u00ador\u00adit\u00e9 afin d\u2019as\u00adsur\u00ader un avenir plus s\u00fbr pour tous ceux qui vivent dans ces zones vul\u00adn\u00e9rables.<\/p>\n","protected":false},"excerpt":{"rendered":"<p>Un incendie d\u00e9vas\u00adta\u00adteur s\u2019est d\u00e9clar\u00e9 pr\u00e8s de Mal\u00adibu, en Cal\u00adi\u00adfornie, entra\u00ee\u00adnant l\u2019\u00e9\u00advac\u00adu\u00ada\u00adtion imm\u00e9\u00addi\u00adate de mil\u00adliers d\u2019habi\u00adtants et mena\u00e7ant plusieurs pro\u00adpri\u00e9t\u00e9s. Cet inci\u00addent met en lumi\u00e8re les risques crois\u00adsants li\u00e9s aux\u2026 <\/p>\n","protected":false},"author":1,"featured_media":5828,"comment_status":"open","ping_status":"open","sticky":false,"template":"","format":"standard","meta":{"wp_typography_post_enhancements_disabled":false,"footnotes":""},"categories":[73],"tags":[8335,8334],"class_list":["post-5827","post","type-post","status-publish","format-standard","has-post-thumbnail","hentry","category-on-en-parle","tag-evacuations-massives","tag-incendie-a-malibu"],"yoast_head":"<!-- This site is optimized with the Yoast SEO plugin v24.7 - https:\/\/yoast.com\/wordpress\/plugins\/seo\/ -->\n<title>Incendie \u00e0 Malibu : \u00e9vacuations massives et impact sur les familles - Bobea<\/title>\n<meta name=\"description\" content=\"Un incendie d\u00e9vastateur s&#039;est d\u00e9clar\u00e9 pr\u00e8s de Malibu, en Californie, entra\u00eenant l&#039;\u00e9vacuation imm\u00e9diate de milliers d&#039;habitants\" \/>\n<meta name=\"robots\" content=\"index, follow, max-snippet:-1, max-image-preview:large, max-video-preview:-1\" \/>\n<link rel=\"canonical\" href=\"https:\/\/bobea.net\/index.php\/2024\/12\/11\/incendie-a-malibu-evacuations-massives-et-impact-sur-les-familles\/\" \/>\n<meta property=\"og:locale\" content=\"fr_FR\" \/>\n<meta property=\"og:type\" content=\"article\" \/>\n<meta property=\"og:title\" content=\"Incendie \u00e0 Malibu : \u00e9vacuations massives et impact sur les familles - Bobea\" \/>\n<meta property=\"og:description\" content=\"Un incendie d\u00e9vastateur s&#039;est d\u00e9clar\u00e9 pr\u00e8s de Malibu, en Californie, entra\u00eenant l&#039;\u00e9vacuation imm\u00e9diate de milliers d&#039;habitants\" \/>\n<meta property=\"og:url\" content=\"https:\/\/bobea.net\/index.php\/2024\/12\/11\/incendie-a-malibu-evacuations-massives-et-impact-sur-les-familles\/\" \/>\n<meta property=\"og:site_name\" content=\"Bobea\" \/>\n<meta property=\"article:publisher\" content=\"https:\/\/web.facebook.com\/profile.php?id=61559252188416\" \/>\n<meta property=\"article:published_time\" content=\"2024-12-11T20:04:21+00:00\" \/>\n<meta property=\"article:modified_time\" content=\"2024-12-11T20:04:23+00:00\" \/>\n<meta property=\"og:image\" content=\"https:\/\/bobea.net\/wp-content\/uploads\/2024\/12\/fb17f2e729cb3e5297b86913d628219a.jpg\" \/>\n\t<meta property=\"og:image:width\" content=\"924\" \/>\n\t<meta property=\"og:image:height\" content=\"616\" \/>\n\t<meta property=\"og:image:type\" content=\"image\/jpeg\" \/>\n<meta name=\"author\" content=\"bobea.info\" \/>\n<meta name=\"twitter:card\" content=\"summary_large_image\" \/>\n<meta name=\"twitter:label1\" content=\"\u00c9crit par\" \/>\n\t<meta name=\"twitter:data1\" content=\"bobea.info\" \/>\n\t<meta name=\"twitter:label2\" content=\"Dur\u00e9e de lecture estim\u00e9e\" \/>\n\t<meta name=\"twitter:data2\" content=\"3 minutes\" \/>\n<script type=\"application\/ld+json\" class=\"yoast-schema-graph\">{\"@context\":\"https:\/\/schema.org\",\"@graph\":[{\"@type\":\"Article\",\"@id\":\"https:\/\/bobea.net\/index.php\/2024\/12\/11\/incendie-a-malibu-evacuations-massives-et-impact-sur-les-familles\/#article\",\"isPartOf\":{\"@id\":\"https:\/\/bobea.net\/index.php\/2024\/12\/11\/incendie-a-malibu-evacuations-massives-et-impact-sur-les-familles\/\"},\"author\":{\"name\":\"bobea.info\",\"@id\":\"https:\/\/bobea.net\/#\/schema\/person\/e7f45ef187918d7c956bf619dce90ccf\"},\"headline\":\"Incendie \u00e0 Malibu : \u00e9vacuations massives et impact sur les familles\",\"datePublished\":\"2024-12-11T20:04:21+00:00\",\"dateModified\":\"2024-12-11T20:04:23+00:00\",\"mainEntityOfPage\":{\"@id\":\"https:\/\/bobea.net\/index.php\/2024\/12\/11\/incendie-a-malibu-evacuations-massives-et-impact-sur-les-familles\/\"},\"wordCount\":578,\"commentCount\":0,\"publisher\":{\"@id\":\"https:\/\/bobea.net\/#organization\"},\"image\":{\"@id\":\"https:\/\/bobea.net\/index.php\/2024\/12\/11\/incendie-a-malibu-evacuations-massives-et-impact-sur-les-familles\/#primaryimage\"},\"thumbnailUrl\":\"https:\/\/bobea.net\/wp-content\/uploads\/2024\/12\/fb17f2e729cb3e5297b86913d628219a.jpg\",\"keywords\":[\"\u00e9vacuations massives\",\"Incendie \u00e0 Malibu\"],\"articleSection\":[\"On en Parle\"],\"inLanguage\":\"fr-FR\",\"potentialAction\":[{\"@type\":\"CommentAction\",\"name\":\"Comment\",\"target\":[\"https:\/\/bobea.net\/index.php\/2024\/12\/11\/incendie-a-malibu-evacuations-massives-et-impact-sur-les-familles\/#respond\"]}]},{\"@type\":\"WebPage\",\"@id\":\"https:\/\/bobea.net\/index.php\/2024\/12\/11\/incendie-a-malibu-evacuations-massives-et-impact-sur-les-familles\/\",\"url\":\"https:\/\/bobea.net\/index.php\/2024\/12\/11\/incendie-a-malibu-evacuations-massives-et-impact-sur-les-familles\/\",\"name\":\"Incendie \u00e0 Malibu : \u00e9vacuations massives et impact sur les familles - Bobea\",\"isPartOf\":{\"@id\":\"https:\/\/bobea.net\/#website\"},\"primaryImageOfPage\":{\"@id\":\"https:\/\/bobea.net\/index.php\/2024\/12\/11\/incendie-a-malibu-evacuations-massives-et-impact-sur-les-familles\/#primaryimage\"},\"image\":{\"@id\":\"https:\/\/bobea.net\/index.php\/2024\/12\/11\/incendie-a-malibu-evacuations-massives-et-impact-sur-les-familles\/#primaryimage\"},\"thumbnailUrl\":\"https:\/\/bobea.net\/wp-content\/uploads\/2024\/12\/fb17f2e729cb3e5297b86913d628219a.jpg\",\"datePublished\":\"2024-12-11T20:04:21+00:00\",\"dateModified\":\"2024-12-11T20:04:23+00:00\",\"description\":\"Un incendie d\u00e9vastateur s'est d\u00e9clar\u00e9 pr\u00e8s de Malibu, en Californie, entra\u00eenant l'\u00e9vacuation imm\u00e9diate de milliers d'habitants\",\"breadcrumb\":{\"@id\":\"https:\/\/bobea.net\/index.php\/2024\/12\/11\/incendie-a-malibu-evacuations-massives-et-impact-sur-les-familles\/#breadcrumb\"},\"inLanguage\":\"fr-FR\",\"potentialAction\":[{\"@type\":\"ReadAction\",\"target\":[\"https:\/\/bobea.net\/index.php\/2024\/12\/11\/incendie-a-malibu-evacuations-massives-et-impact-sur-les-familles\/\"]}]},{\"@type\":\"ImageObject\",\"inLanguage\":\"fr-FR\",\"@id\":\"https:\/\/bobea.net\/index.php\/2024\/12\/11\/incendie-a-malibu-evacuations-massives-et-impact-sur-les-familles\/#primaryimage\",\"url\":\"https:\/\/bobea.net\/wp-content\/uploads\/2024\/12\/fb17f2e729cb3e5297b86913d628219a.jpg\",\"contentUrl\":\"https:\/\/bobea.net\/wp-content\/uploads\/2024\/12\/fb17f2e729cb3e5297b86913d628219a.jpg\",\"width\":924,\"height\":616,\"caption\":\"Incendie \u00e0 Malibu : \u00e9vacuations massives et impact sur les familles\"},{\"@type\":\"BreadcrumbList\",\"@id\":\"https:\/\/bobea.net\/index.php\/2024\/12\/11\/incendie-a-malibu-evacuations-massives-et-impact-sur-les-familles\/#breadcrumb\",\"itemListElement\":[{\"@type\":\"ListItem\",\"position\":1,\"name\":\"Accueil\",\"item\":\"https:\/\/bobea.net\/\"},{\"@type\":\"ListItem\",\"position\":2,\"name\":\"Incendie \u00e0 Malibu : \u00e9vacuations massives et impact sur les familles\"}]},{\"@type\":\"WebSite\",\"@id\":\"https:\/\/bobea.net\/#website\",\"url\":\"https:\/\/bobea.net\/\",\"name\":\"Bobea\",\"description\":\"Le magazine de la nouvelle \u00c8ve\",\"publisher\":{\"@id\":\"https:\/\/bobea.net\/#organization\"},\"potentialAction\":[{\"@type\":\"SearchAction\",\"target\":{\"@type\":\"EntryPoint\",\"urlTemplate\":\"https:\/\/bobea.net\/?s={search_term_string}\"},\"query-input\":{\"@type\":\"PropertyValueSpecification\",\"valueRequired\":true,\"valueName\":\"search_term_string\"}}],\"inLanguage\":\"fr-FR\"},{\"@type\":\"Organization\",\"@id\":\"https:\/\/bobea.net\/#organization\",\"name\":\"Bobea\",\"url\":\"https:\/\/bobea.net\/\",\"logo\":{\"@type\":\"ImageObject\",\"inLanguage\":\"fr-FR\",\"@id\":\"https:\/\/bobea.net\/#\/schema\/logo\/image\/\",\"url\":\"https:\/\/bobea.net\/wp-content\/uploads\/2024\/06\/bobea.jpg\",\"contentUrl\":\"https:\/\/bobea.net\/wp-content\/uploads\/2024\/06\/bobea.jpg\",\"width\":1080,\"height\":1080,\"caption\":\"Bobea\"},\"image\":{\"@id\":\"https:\/\/bobea.net\/#\/schema\/logo\/image\/\"},\"sameAs\":[\"https:\/\/web.facebook.com\/profile.php?id=61559252188416\"]},{\"@type\":\"Person\",\"@id\":\"https:\/\/bobea.net\/#\/schema\/person\/e7f45ef187918d7c956bf619dce90ccf\",\"name\":\"bobea.info\",\"image\":{\"@type\":\"ImageObject\",\"inLanguage\":\"fr-FR\",\"@id\":\"https:\/\/bobea.net\/#\/schema\/person\/image\/\",\"url\":\"https:\/\/secure.gravatar.com\/avatar\/36147980349df887ae30808df3e29474?s=96&d=mm&r=g\",\"contentUrl\":\"https:\/\/secure.gravatar.com\/avatar\/36147980349df887ae30808df3e29474?s=96&d=mm&r=g\",\"caption\":\"bobea.info\"},\"sameAs\":[\"https:\/\/bobea.net\"],\"url\":\"https:\/\/bobea.net\/index.php\/author\/bobea-info\/\"}]}<\/script>\n<!-- \/ Yoast SEO plugin. -->","yoast_head_json":{"title":"Incendie \u00e0 Malibu : \u00e9vacuations massives et impact sur les familles - Bobea","description":"Un incendie d\u00e9vastateur s'est d\u00e9clar\u00e9 pr\u00e8s de Malibu, en Californie, entra\u00eenant l'\u00e9vacuation imm\u00e9diate de milliers d'habitants","robots":{"index":"index","follow":"follow","max-snippet":"max-snippet:-1","max-image-preview":"max-image-preview:large","max-video-preview":"max-video-preview:-1"},"canonical":"https:\/\/bobea.net\/index.php\/2024\/12\/11\/incendie-a-malibu-evacuations-massives-et-impact-sur-les-familles\/","og_locale":"fr_FR","og_type":"article","og_title":"Incendie \u00e0 Malibu : \u00e9vacuations massives et impact sur les familles - Bobea","og_description":"Un incendie d\u00e9vastateur s'est d\u00e9clar\u00e9 pr\u00e8s de Malibu, en Californie, entra\u00eenant l'\u00e9vacuation imm\u00e9diate de milliers d'habitants","og_url":"https:\/\/bobea.net\/index.php\/2024\/12\/11\/incendie-a-malibu-evacuations-massives-et-impact-sur-les-familles\/","og_site_name":"Bobea","article_publisher":"https:\/\/web.facebook.com\/profile.php?id=61559252188416","article_published_time":"2024-12-11T20:04:21+00:00","article_modified_time":"2024-12-11T20:04:23+00:00","og_image":[{"width":924,"height":616,"url":"https:\/\/bobea.net\/wp-content\/uploads\/2024\/12\/fb17f2e729cb3e5297b86913d628219a.jpg","type":"image\/jpeg"}],"author":"bobea.info","twitter_card":"summary_large_image","twitter_misc":{"\u00c9crit par":"bobea.info","Dur\u00e9e de lecture estim\u00e9e":"3 minutes"},"schema":{"@context":"https:\/\/schema.org","@graph":[{"@type":"Article","@id":"https:\/\/bobea.net\/index.php\/2024\/12\/11\/incendie-a-malibu-evacuations-massives-et-impact-sur-les-familles\/#article","isPartOf":{"@id":"https:\/\/bobea.net\/index.php\/2024\/12\/11\/incendie-a-malibu-evacuations-massives-et-impact-sur-les-familles\/"},"author":{"name":"bobea.info","@id":"https:\/\/bobea.net\/#\/schema\/person\/e7f45ef187918d7c956bf619dce90ccf"},"headline":"Incendie \u00e0 Malibu : \u00e9vacuations massives et impact sur les familles","datePublished":"2024-12-11T20:04:21+00:00","dateModified":"2024-12-11T20:04:23+00:00","mainEntityOfPage":{"@id":"https:\/\/bobea.net\/index.php\/2024\/12\/11\/incendie-a-malibu-evacuations-massives-et-impact-sur-les-familles\/"},"wordCount":578,"commentCount":0,"publisher":{"@id":"https:\/\/bobea.net\/#organization"},"image":{"@id":"https:\/\/bobea.net\/index.php\/2024\/12\/11\/incendie-a-malibu-evacuations-massives-et-impact-sur-les-familles\/#primaryimage"},"thumbnailUrl":"https:\/\/bobea.net\/wp-content\/uploads\/2024\/12\/fb17f2e729cb3e5297b86913d628219a.jpg","keywords":["\u00e9vacuations massives","Incendie \u00e0 Malibu"],"articleSection":["On en Parle"],"inLanguage":"fr-FR","potentialAction":[{"@type":"CommentAction","name":"Comment","target":["https:\/\/bobea.net\/index.php\/2024\/12\/11\/incendie-a-malibu-evacuations-massives-et-impact-sur-les-familles\/#respond"]}]},{"@type":"WebPage","@id":"https:\/\/bobea.net\/index.php\/2024\/12\/11\/incendie-a-malibu-evacuations-massives-et-impact-sur-les-familles\/","url":"https:\/\/bobea.net\/index.php\/2024\/12\/11\/incendie-a-malibu-evacuations-massives-et-impact-sur-les-familles\/","name":"Incendie \u00e0 Malibu : \u00e9vacuations massives et impact sur les familles - Bobea","isPartOf":{"@id":"https:\/\/bobea.net\/#website"},"primaryImageOfPage":{"@id":"https:\/\/bobea.net\/index.php\/2024\/12\/11\/incendie-a-malibu-evacuations-massives-et-impact-sur-les-familles\/#primaryimage"},"image":{"@id":"https:\/\/bobea.net\/index.php\/2024\/12\/11\/incendie-a-malibu-evacuations-massives-et-impact-sur-les-familles\/#primaryimage"},"thumbnailUrl":"https:\/\/bobea.net\/wp-content\/uploads\/2024\/12\/fb17f2e729cb3e5297b86913d628219a.jpg","datePublished":"2024-12-11T20:04:21+00:00","dateModified":"2024-12-11T20:04:23+00:00","description":"Un incendie d\u00e9vastateur s'est d\u00e9clar\u00e9 pr\u00e8s de Malibu, en Californie, entra\u00eenant l'\u00e9vacuation imm\u00e9diate de milliers d'habitants","breadcrumb":{"@id":"https:\/\/bobea.net\/index.php\/2024\/12\/11\/incendie-a-malibu-evacuations-massives-et-impact-sur-les-familles\/#breadcrumb"},"inLanguage":"fr-FR","potentialAction":[{"@type":"ReadAction","target":["https:\/\/bobea.net\/index.php\/2024\/12\/11\/incendie-a-malibu-evacuations-massives-et-impact-sur-les-familles\/"]}]},{"@type":"ImageObject","inLanguage":"fr-FR","@id":"https:\/\/bobea.net\/index.php\/2024\/12\/11\/incendie-a-malibu-evacuations-massives-et-impact-sur-les-familles\/#primaryimage","url":"https:\/\/bobea.net\/wp-content\/uploads\/2024\/12\/fb17f2e729cb3e5297b86913d628219a.jpg","contentUrl":"https:\/\/bobea.net\/wp-content\/uploads\/2024\/12\/fb17f2e729cb3e5297b86913d628219a.jpg","width":924,"height":616,"caption":"Incendie \u00e0 Malibu : \u00e9vacuations massives et impact sur les familles"},{"@type":"BreadcrumbList","@id":"https:\/\/bobea.net\/index.php\/2024\/12\/11\/incendie-a-malibu-evacuations-massives-et-impact-sur-les-familles\/#breadcrumb","itemListElement":[{"@type":"ListItem","position":1,"name":"Accueil","item":"https:\/\/bobea.net\/"},{"@type":"ListItem","position":2,"name":"Incendie \u00e0 Malibu : \u00e9vacuations massives et impact sur les familles"}]},{"@type":"WebSite","@id":"https:\/\/bobea.net\/#website","url":"https:\/\/bobea.net\/","name":"Bobea","description":"Le magazine de la nouvelle \u00c8ve","publisher":{"@id":"https:\/\/bobea.net\/#organization"},"potentialAction":[{"@type":"SearchAction","target":{"@type":"EntryPoint","urlTemplate":"https:\/\/bobea.net\/?s={search_term_string}"},"query-input":{"@type":"PropertyValueSpecification","valueRequired":true,"valueName":"search_term_string"}}],"inLanguage":"fr-FR"},{"@type":"Organization","@id":"https:\/\/bobea.net\/#organization","name":"Bobea","url":"https:\/\/bobea.net\/","logo":{"@type":"ImageObject","inLanguage":"fr-FR","@id":"https:\/\/bobea.net\/#\/schema\/logo\/image\/","url":"https:\/\/bobea.net\/wp-content\/uploads\/2024\/06\/bobea.jpg","contentUrl":"https:\/\/bobea.net\/wp-content\/uploads\/2024\/06\/bobea.jpg","width":1080,"height":1080,"caption":"Bobea"},"image":{"@id":"https:\/\/bobea.net\/#\/schema\/logo\/image\/"},"sameAs":["https:\/\/web.facebook.com\/profile.php?id=61559252188416"]},{"@type":"Person","@id":"https:\/\/bobea.net\/#\/schema\/person\/e7f45ef187918d7c956bf619dce90ccf","name":"bobea.info","image":{"@type":"ImageObject","inLanguage":"fr-FR","@id":"https:\/\/bobea.net\/#\/schema\/person\/image\/","url":"https:\/\/secure.gravatar.com\/avatar\/36147980349df887ae30808df3e29474?s=96&d=mm&r=g","contentUrl":"https:\/\/secure.gravatar.com\/avatar\/36147980349df887ae30808df3e29474?s=96&d=mm&r=g","caption":"bobea.info"},"sameAs":["https:\/\/bobea.net"],"url":"https:\/\/bobea.net\/index.php\/author\/bobea-info\/"}]}},"_links":{"self":[{"href":"https:\/\/bobea.net\/index.php\/wp-json\/wp\/v2\/posts\/5827"}],"collection":[{"href":"https:\/\/bobea.net\/index.php\/wp-json\/wp\/v2\/posts"}],"about":[{"href":"https:\/\/bobea.net\/index.php\/wp-json\/wp\/v2\/types\/post"}],"author":[{"embeddable":true,"href":"https:\/\/bobea.net\/index.php\/wp-json\/wp\/v2\/users\/1"}],"replies":[{"embeddable":true,"href":"https:\/\/bobea.net\/index.php\/wp-json\/wp\/v2\/comments?post=5827"}],"version-history":[{"count":0,"href":"https:\/\/bobea.net\/index.php\/wp-json\/wp\/v2\/posts\/5827\/revisions"}],"wp:featuredmedia":[{"embeddable":true,"href":"https:\/\/bobea.net\/index.php\/wp-json\/wp\/v2\/media\/5828"}],"wp:attachment":[{"href":"https:\/\/bobea.net\/index.php\/wp-json\/wp\/v2\/media?parent=5827"}],"wp:term":[{"taxonomy":"category","embeddable":true,"href":"https:\/\/bobea.net\/index.php\/wp-json\/wp\/v2\/categories?post=5827"},{"taxonomy":"post_tag","embeddable":true,"href":"https:\/\/bobea.net\/index.php\/wp-json\/wp\/v2\/tags?post=5827"}],"curies":[{"name":"wp","href":"https:\/\/api.w.org\/{rel}","templated":true}]}}