{"id":5821,"date":"2024-12-11T19:44:16","date_gmt":"2024-12-11T19:44:16","guid":{"rendered":"https:\/\/bobea.net\/?p=5821"},"modified":"2024-12-11T19:44:21","modified_gmt":"2024-12-11T19:44:21","slug":"meurtre-dune-adolescente-au-perou-relance-du-debat-sur-la-peine-de-mort","status":"publish","type":"post","link":"https:\/\/bobea.net\/index.php\/2024\/12\/11\/meurtre-dune-adolescente-au-perou-relance-du-debat-sur-la-peine-de-mort\/","title":{"rendered":"Meurtre d\u2019une adolescente au P\u00e9rou : relance du d\u00e9bat sur la peine de mort"},"content":{"rendered":"\n<p>Le meurtre trag\u00adique d\u2019une ado\u00adles\u00adcente au P\u00e9rou a raviv\u00e9 le d\u00e9bat sur l\u2019ap\u00adpli\u00adca\u00adtion de la peine de mort dans le pays. Cet \u00e9v\u00e9ne\u00adment met en lumi\u00e8re non seule\u00adment les ques\u00adtions rel\u00ada\u00adtives \u00e0 la s\u00e9cu\u00adrit\u00e9 publique mais aus\u00adsi les d\u00e9fis plus larges aux\u00adquels fait face la soci\u00e9t\u00e9 p\u00e9ru\u00advi\u00adenne con\u00adcer\u00adnant la vio\u00adlence envers les femmes.<\/p>\n\n\n\n<p>Con\u00adtexte soci\u00e9\u00adtal<\/p>\n\n\n\n<p>Le P\u00e9rou con\u00adna\u00eet depuis plusieurs ann\u00e9es une aug\u00admen\u00adta\u00adtion alar\u00admante des vio\u00adlences faites aux femmes, avec pr\u00e8s de 100 f\u00e9mini\u00adcides sig\u00adnal\u00e9s rien que durant ces trois derniers mois. Ce cli\u00admat inqui\u00e9\u00adtant pousse les autorit\u00e9s \u00e0 chercher des solu\u00adtions plus strictes pour pro\u00adt\u00e9ger les vic\u00adtimes poten\u00adtielles et dis\u00adsuad\u00ader les crim\u00adinels.<\/p>\n\n\n\n<ol start=\"1\" class=\"wp-block-list\">\n<li><strong>Sta\u00adtis\u00adtiques alar\u00admantes<\/strong>&nbsp;: Selon les don\u00adn\u00e9es offi\u00adcielles, pr\u00e8s de 300 femmes ont \u00e9t\u00e9 tu\u00e9es par leur parte\u00adnaire ou ex-parte\u00adnaire depuis le d\u00e9but de l\u2019an\u00adn\u00e9e.<\/li>\n\n\n\n<li><strong>R\u00e9ac\u00adtions publiques<\/strong>&nbsp;: Des man\u00adi\u00adfes\u00adta\u00adtions mas\u00adsives ont eu lieu dans tout le pays pour d\u00e9non\u00adcer cette vio\u00adlence sys\u00adt\u00e9mique et appel\u00ader \u00e0 des r\u00e9formes l\u00e9g\u00adisla\u00adtives sig\u00adni\u00adfica\u00adtives.<\/li>\n<\/ol>\n\n\n\n<p>D\u00e9c\u00adla\u00adra\u00adtions poli\u00adtiques<\/p>\n\n\n\n<p>La pr\u00e9si\u00addente Dina Bolu\u00adarte a d\u00e9clar\u00e9 lors d\u2019une con\u00adf\u00e9rence que \u201cla peine cap\u00adi\u00adtale pour\u00adrait \u00eatre envis\u00adag\u00e9e comme une mesure dis\u00adsua\u00adsive\u201d face \u00e0 ce fl\u00e9au gran\u00addis\u00adsant :<\/p>\n\n\n\n<ol start=\"1\" class=\"wp-block-list\">\n<li><strong>Appel au change\u00adment l\u00e9g\u00adis\u00adlatif<\/strong>&nbsp;: Elle appelle \u00e9gale\u00adment \u00e0 une r\u00e9vi\u00adsion urgente des lois exis\u00adtantes afin d\u2019as\u00adsur\u00ader que ceux qui com\u00admet\u00adtent ces actes soient s\u00e9v\u00e8re\u00adment punis.<\/li>\n\n\n\n<li><strong>R\u00e9ac\u00adtions mit\u00adig\u00e9es<\/strong>&nbsp;: Bien que cer\u00adtains sou\u00adti\u00aden\u00adnent l\u2019id\u00e9e d\u2019une peine plus s\u00e9v\u00e8re comme moyen dis\u00adsuasif, beau\u00adcoup met\u00adtent en garde con\u00adtre ses impli\u00adca\u00adtions \u00e9thiques et son effi\u00adcac\u00adit\u00e9 r\u00e9elle dans la lutte con\u00adtre la vio\u00adlence domes\u00adtique.<\/li>\n<\/ol>\n\n\n\n<p>Impli\u00adca\u00adtions sociales<\/p>\n\n\n\n<p>Cette relance du d\u00e9bat sur la peine cap\u00adi\u00adtale soul\u00e8ve plusieurs ques\u00adtions impor\u00adtantes :<\/p>\n\n\n\n<ol start=\"1\" class=\"wp-block-list\">\n<li><strong>Effi\u00adcac\u00adit\u00e9 r\u00e9elle<\/strong>&nbsp;: Les \u00e9tudes mon\u00adtrent que l\u2019ap\u00adpli\u00adca\u00adtion de peines plus s\u00e9v\u00e8res ne r\u00e9duit pas n\u00e9ces\u00adsaire\u00adment le taux de crim\u00adi\u00adnal\u00adit\u00e9.<\/li>\n\n\n\n<li><strong>Droits humains<\/strong>&nbsp;: L\u2019in\u00adstau\u00adra\u00adtion ou le ren\u00adforce\u00adment de peines cap\u00adi\u00adtales soul\u00e8ve \u00e9gale\u00adment des pr\u00e9oc\u00adcu\u00adpa\u00adtions quant aux droits humains fon\u00adda\u00admen\u00adtaux qui r\u00e9gis\u00adsent une soci\u00e9t\u00e9 d\u00e9moc\u00adra\u00adtique.<\/li>\n\n\n\n<li><strong>Solu\u00adtions alter\u00adna\u00adtives n\u00e9ces\u00adsaires<\/strong>&nbsp;: De nom\u00adbreux experts plaident plut\u00f4t pour une aug\u00admen\u00adta\u00adtion sig\u00adni\u00adfica\u00adtive des ressources allou\u00e9es aux pro\u00adgrammes \u00e9du\u00adcat\u00adifs et aux ser\u00advices soci\u00adaux des\u00adtin\u00e9s aux vic\u00adtimes poten\u00adtielles afin de pr\u00e9venir ces crimes avant qu\u2019ils ne se pro\u00adduisent.<\/li>\n<\/ol>\n\n\n\n<p>Con\u00adclu\u00adsion<\/p>\n\n\n\n<p>Le meurtre trag\u00adique d\u2019une ado\u00adles\u00adcente au P\u00e9rou met en lumi\u00e8re non seule\u00adment l\u2019ur\u00adgence d\u2019a\u00adgir con\u00adtre la vio\u00adlence faite aux femmes mais aus\u00adsi les d\u00e9fis \u00e9thiques li\u00e9s \u00e0 l\u2019ap\u00adpli\u00adca\u00adtion poten\u00adtielle de la peine cap\u00adi\u00adtale comme solu\u00adtion \u00e0 ce fl\u00e9au social. Alors que le pays nav\u00adigue dans ces eaux trou\u00adbles, il est imp\u00e9ratif que toutes les voix soient enten\u00addues dans ce d\u00e9bat cru\u00adcial afin d\u2019\u00e9la\u00adbor\u00ader des solu\u00adtions effi\u00adcaces qui pro\u00adt\u00e8\u00adgent r\u00e9elle\u00adment les citoyens tout en respec\u00adtant leurs droits fon\u00adda\u00admen\u00adtaux. La lutte con\u00adtre la vio\u00adlence envers les femmes n\u00e9ces\u00adsite une approche glob\u00adale qui va au-del\u00e0 des mesures puni\u00adtives pour s\u2019at\u00adta\u00adquer aux racines pro\u00adfondes du prob\u00adl\u00e8me social sous-jacent.<\/p>\n","protected":false},"excerpt":{"rendered":"<p>Le meurtre trag\u00adique d\u2019une ado\u00adles\u00adcente au P\u00e9rou a raviv\u00e9 le d\u00e9bat sur l\u2019ap\u00adpli\u00adca\u00adtion de la peine de mort dans le pays. Cet \u00e9v\u00e9ne\u00adment met en lumi\u00e8re non seule\u00adment les ques\u00adtions\u2026 <\/p>\n","protected":false},"author":1,"featured_media":5822,"comment_status":"open","ping_status":"open","sticky":false,"template":"","format":"standard","meta":{"wp_typography_post_enhancements_disabled":false,"footnotes":""},"categories":[73],"tags":[],"class_list":["post-5821","post","type-post","status-publish","format-standard","has-post-thumbnail","hentry","category-on-en-parle"],"yoast_head":"<!-- This site is optimized with the Yoast SEO plugin v24.7 - https:\/\/yoast.com\/wordpress\/plugins\/seo\/ -->\n<title>Meurtre d&#039;une adolescente au P\u00e9rou : relance du d\u00e9bat sur la peine de mort - Bobea<\/title>\n<meta name=\"robots\" content=\"index, follow, max-snippet:-1, max-image-preview:large, max-video-preview:-1\" \/>\n<link rel=\"canonical\" href=\"https:\/\/bobea.net\/index.php\/2024\/12\/11\/meurtre-dune-adolescente-au-perou-relance-du-debat-sur-la-peine-de-mort\/\" \/>\n<meta property=\"og:locale\" content=\"fr_FR\" \/>\n<meta property=\"og:type\" content=\"article\" \/>\n<meta property=\"og:title\" content=\"Meurtre d&#039;une adolescente au P\u00e9rou : relance du d\u00e9bat sur la peine de mort - Bobea\" \/>\n<meta property=\"og:description\" content=\"Le meurtre trag\u00adique d\u2019une ado\u00adles\u00adcente au P\u00e9rou a raviv\u00e9 le d\u00e9bat sur l\u2019ap\u00adpli\u00adca\u00adtion de la peine de mort dans le pays. Cet \u00e9v\u00e9ne\u00adment met en lumi\u00e8re non seule\u00adment les ques\u00adtions&hellip;\" \/>\n<meta property=\"og:url\" content=\"https:\/\/bobea.net\/index.php\/2024\/12\/11\/meurtre-dune-adolescente-au-perou-relance-du-debat-sur-la-peine-de-mort\/\" \/>\n<meta property=\"og:site_name\" content=\"Bobea\" \/>\n<meta property=\"article:publisher\" content=\"https:\/\/web.facebook.com\/profile.php?id=61559252188416\" \/>\n<meta property=\"article:published_time\" content=\"2024-12-11T19:44:16+00:00\" \/>\n<meta property=\"article:modified_time\" content=\"2024-12-11T19:44:21+00:00\" \/>\n<meta property=\"og:image\" content=\"https:\/\/bobea.net\/wp-content\/uploads\/2024\/12\/c0ce6f5685df2877ba8b69fbe64e9e61d138d17ceaccf9902afab5708e8f4694.webp\" \/>\n\t<meta property=\"og:image:width\" content=\"704\" \/>\n\t<meta property=\"og:image:height\" content=\"396\" \/>\n\t<meta property=\"og:image:type\" content=\"image\/webp\" \/>\n<meta name=\"author\" content=\"bobea.info\" \/>\n<meta name=\"twitter:card\" content=\"summary_large_image\" \/>\n<meta name=\"twitter:label1\" content=\"\u00c9crit par\" \/>\n\t<meta name=\"twitter:data1\" content=\"bobea.info\" \/>\n\t<meta name=\"twitter:label2\" content=\"Dur\u00e9e de lecture estim\u00e9e\" \/>\n\t<meta name=\"twitter:data2\" content=\"3 minutes\" \/>\n<script type=\"application\/ld+json\" class=\"yoast-schema-graph\">{\"@context\":\"https:\/\/schema.org\",\"@graph\":[{\"@type\":\"Article\",\"@id\":\"https:\/\/bobea.net\/index.php\/2024\/12\/11\/meurtre-dune-adolescente-au-perou-relance-du-debat-sur-la-peine-de-mort\/#article\",\"isPartOf\":{\"@id\":\"https:\/\/bobea.net\/index.php\/2024\/12\/11\/meurtre-dune-adolescente-au-perou-relance-du-debat-sur-la-peine-de-mort\/\"},\"author\":{\"name\":\"bobea.info\",\"@id\":\"https:\/\/bobea.net\/#\/schema\/person\/e7f45ef187918d7c956bf619dce90ccf\"},\"headline\":\"Meurtre d\u2019une adolescente au P\u00e9rou : relance du d\u00e9bat sur la peine de mort\",\"datePublished\":\"2024-12-11T19:44:16+00:00\",\"dateModified\":\"2024-12-11T19:44:21+00:00\",\"mainEntityOfPage\":{\"@id\":\"https:\/\/bobea.net\/index.php\/2024\/12\/11\/meurtre-dune-adolescente-au-perou-relance-du-debat-sur-la-peine-de-mort\/\"},\"wordCount\":527,\"commentCount\":0,\"publisher\":{\"@id\":\"https:\/\/bobea.net\/#organization\"},\"image\":{\"@id\":\"https:\/\/bobea.net\/index.php\/2024\/12\/11\/meurtre-dune-adolescente-au-perou-relance-du-debat-sur-la-peine-de-mort\/#primaryimage\"},\"thumbnailUrl\":\"https:\/\/bobea.net\/wp-content\/uploads\/2024\/12\/c0ce6f5685df2877ba8b69fbe64e9e61d138d17ceaccf9902afab5708e8f4694.webp\",\"articleSection\":[\"On en Parle\"],\"inLanguage\":\"fr-FR\",\"potentialAction\":[{\"@type\":\"CommentAction\",\"name\":\"Comment\",\"target\":[\"https:\/\/bobea.net\/index.php\/2024\/12\/11\/meurtre-dune-adolescente-au-perou-relance-du-debat-sur-la-peine-de-mort\/#respond\"]}]},{\"@type\":\"WebPage\",\"@id\":\"https:\/\/bobea.net\/index.php\/2024\/12\/11\/meurtre-dune-adolescente-au-perou-relance-du-debat-sur-la-peine-de-mort\/\",\"url\":\"https:\/\/bobea.net\/index.php\/2024\/12\/11\/meurtre-dune-adolescente-au-perou-relance-du-debat-sur-la-peine-de-mort\/\",\"name\":\"Meurtre d'une adolescente au P\u00e9rou : relance du d\u00e9bat sur la peine de mort - Bobea\",\"isPartOf\":{\"@id\":\"https:\/\/bobea.net\/#website\"},\"primaryImageOfPage\":{\"@id\":\"https:\/\/bobea.net\/index.php\/2024\/12\/11\/meurtre-dune-adolescente-au-perou-relance-du-debat-sur-la-peine-de-mort\/#primaryimage\"},\"image\":{\"@id\":\"https:\/\/bobea.net\/index.php\/2024\/12\/11\/meurtre-dune-adolescente-au-perou-relance-du-debat-sur-la-peine-de-mort\/#primaryimage\"},\"thumbnailUrl\":\"https:\/\/bobea.net\/wp-content\/uploads\/2024\/12\/c0ce6f5685df2877ba8b69fbe64e9e61d138d17ceaccf9902afab5708e8f4694.webp\",\"datePublished\":\"2024-12-11T19:44:16+00:00\",\"dateModified\":\"2024-12-11T19:44:21+00:00\",\"breadcrumb\":{\"@id\":\"https:\/\/bobea.net\/index.php\/2024\/12\/11\/meurtre-dune-adolescente-au-perou-relance-du-debat-sur-la-peine-de-mort\/#breadcrumb\"},\"inLanguage\":\"fr-FR\",\"potentialAction\":[{\"@type\":\"ReadAction\",\"target\":[\"https:\/\/bobea.net\/index.php\/2024\/12\/11\/meurtre-dune-adolescente-au-perou-relance-du-debat-sur-la-peine-de-mort\/\"]}]},{\"@type\":\"ImageObject\",\"inLanguage\":\"fr-FR\",\"@id\":\"https:\/\/bobea.net\/index.php\/2024\/12\/11\/meurtre-dune-adolescente-au-perou-relance-du-debat-sur-la-peine-de-mort\/#primaryimage\",\"url\":\"https:\/\/bobea.net\/wp-content\/uploads\/2024\/12\/c0ce6f5685df2877ba8b69fbe64e9e61d138d17ceaccf9902afab5708e8f4694.webp\",\"contentUrl\":\"https:\/\/bobea.net\/wp-content\/uploads\/2024\/12\/c0ce6f5685df2877ba8b69fbe64e9e61d138d17ceaccf9902afab5708e8f4694.webp\",\"width\":704,\"height\":396,\"caption\":\"Meurtre d'une adolescente au P\u00e9rou : relance du d\u00e9bat sur la peine de mort\"},{\"@type\":\"BreadcrumbList\",\"@id\":\"https:\/\/bobea.net\/index.php\/2024\/12\/11\/meurtre-dune-adolescente-au-perou-relance-du-debat-sur-la-peine-de-mort\/#breadcrumb\",\"itemListElement\":[{\"@type\":\"ListItem\",\"position\":1,\"name\":\"Accueil\",\"item\":\"https:\/\/bobea.net\/\"},{\"@type\":\"ListItem\",\"position\":2,\"name\":\"Meurtre d&rsquo;une adolescente au P\u00e9rou : relance du d\u00e9bat sur la peine de mort\"}]},{\"@type\":\"WebSite\",\"@id\":\"https:\/\/bobea.net\/#website\",\"url\":\"https:\/\/bobea.net\/\",\"name\":\"Bobea\",\"description\":\"Le magazine de la nouvelle \u00c8ve\",\"publisher\":{\"@id\":\"https:\/\/bobea.net\/#organization\"},\"potentialAction\":[{\"@type\":\"SearchAction\",\"target\":{\"@type\":\"EntryPoint\",\"urlTemplate\":\"https:\/\/bobea.net\/?s={search_term_string}\"},\"query-input\":{\"@type\":\"PropertyValueSpecification\",\"valueRequired\":true,\"valueName\":\"search_term_string\"}}],\"inLanguage\":\"fr-FR\"},{\"@type\":\"Organization\",\"@id\":\"https:\/\/bobea.net\/#organization\",\"name\":\"Bobea\",\"url\":\"https:\/\/bobea.net\/\",\"logo\":{\"@type\":\"ImageObject\",\"inLanguage\":\"fr-FR\",\"@id\":\"https:\/\/bobea.net\/#\/schema\/logo\/image\/\",\"url\":\"https:\/\/bobea.net\/wp-content\/uploads\/2024\/06\/bobea.jpg\",\"contentUrl\":\"https:\/\/bobea.net\/wp-content\/uploads\/2024\/06\/bobea.jpg\",\"width\":1080,\"height\":1080,\"caption\":\"Bobea\"},\"image\":{\"@id\":\"https:\/\/bobea.net\/#\/schema\/logo\/image\/\"},\"sameAs\":[\"https:\/\/web.facebook.com\/profile.php?id=61559252188416\"]},{\"@type\":\"Person\",\"@id\":\"https:\/\/bobea.net\/#\/schema\/person\/e7f45ef187918d7c956bf619dce90ccf\",\"name\":\"bobea.info\",\"image\":{\"@type\":\"ImageObject\",\"inLanguage\":\"fr-FR\",\"@id\":\"https:\/\/bobea.net\/#\/schema\/person\/image\/\",\"url\":\"https:\/\/secure.gravatar.com\/avatar\/36147980349df887ae30808df3e29474?s=96&d=mm&r=g\",\"contentUrl\":\"https:\/\/secure.gravatar.com\/avatar\/36147980349df887ae30808df3e29474?s=96&d=mm&r=g\",\"caption\":\"bobea.info\"},\"sameAs\":[\"https:\/\/bobea.net\"],\"url\":\"https:\/\/bobea.net\/index.php\/author\/bobea-info\/\"}]}<\/script>\n<!-- \/ Yoast SEO plugin. -->","yoast_head_json":{"title":"Meurtre d'une adolescente au P\u00e9rou : relance du d\u00e9bat sur la peine de mort - Bobea","robots":{"index":"index","follow":"follow","max-snippet":"max-snippet:-1","max-image-preview":"max-image-preview:large","max-video-preview":"max-video-preview:-1"},"canonical":"https:\/\/bobea.net\/index.php\/2024\/12\/11\/meurtre-dune-adolescente-au-perou-relance-du-debat-sur-la-peine-de-mort\/","og_locale":"fr_FR","og_type":"article","og_title":"Meurtre d'une adolescente au P\u00e9rou : relance du d\u00e9bat sur la peine de mort - Bobea","og_description":"Le meurtre trag\u00adique d\u2019une ado\u00adles\u00adcente au P\u00e9rou a raviv\u00e9 le d\u00e9bat sur l\u2019ap\u00adpli\u00adca\u00adtion de la peine de mort dans le pays. Cet \u00e9v\u00e9ne\u00adment met en lumi\u00e8re non seule\u00adment les ques\u00adtions&hellip;","og_url":"https:\/\/bobea.net\/index.php\/2024\/12\/11\/meurtre-dune-adolescente-au-perou-relance-du-debat-sur-la-peine-de-mort\/","og_site_name":"Bobea","article_publisher":"https:\/\/web.facebook.com\/profile.php?id=61559252188416","article_published_time":"2024-12-11T19:44:16+00:00","article_modified_time":"2024-12-11T19:44:21+00:00","og_image":[{"width":704,"height":396,"url":"https:\/\/bobea.net\/wp-content\/uploads\/2024\/12\/c0ce6f5685df2877ba8b69fbe64e9e61d138d17ceaccf9902afab5708e8f4694.webp","type":"image\/webp"}],"author":"bobea.info","twitter_card":"summary_large_image","twitter_misc":{"\u00c9crit par":"bobea.info","Dur\u00e9e de lecture estim\u00e9e":"3 minutes"},"schema":{"@context":"https:\/\/schema.org","@graph":[{"@type":"Article","@id":"https:\/\/bobea.net\/index.php\/2024\/12\/11\/meurtre-dune-adolescente-au-perou-relance-du-debat-sur-la-peine-de-mort\/#article","isPartOf":{"@id":"https:\/\/bobea.net\/index.php\/2024\/12\/11\/meurtre-dune-adolescente-au-perou-relance-du-debat-sur-la-peine-de-mort\/"},"author":{"name":"bobea.info","@id":"https:\/\/bobea.net\/#\/schema\/person\/e7f45ef187918d7c956bf619dce90ccf"},"headline":"Meurtre d\u2019une adolescente au P\u00e9rou : relance du d\u00e9bat sur la peine de mort","datePublished":"2024-12-11T19:44:16+00:00","dateModified":"2024-12-11T19:44:21+00:00","mainEntityOfPage":{"@id":"https:\/\/bobea.net\/index.php\/2024\/12\/11\/meurtre-dune-adolescente-au-perou-relance-du-debat-sur-la-peine-de-mort\/"},"wordCount":527,"commentCount":0,"publisher":{"@id":"https:\/\/bobea.net\/#organization"},"image":{"@id":"https:\/\/bobea.net\/index.php\/2024\/12\/11\/meurtre-dune-adolescente-au-perou-relance-du-debat-sur-la-peine-de-mort\/#primaryimage"},"thumbnailUrl":"https:\/\/bobea.net\/wp-content\/uploads\/2024\/12\/c0ce6f5685df2877ba8b69fbe64e9e61d138d17ceaccf9902afab5708e8f4694.webp","articleSection":["On en Parle"],"inLanguage":"fr-FR","potentialAction":[{"@type":"CommentAction","name":"Comment","target":["https:\/\/bobea.net\/index.php\/2024\/12\/11\/meurtre-dune-adolescente-au-perou-relance-du-debat-sur-la-peine-de-mort\/#respond"]}]},{"@type":"WebPage","@id":"https:\/\/bobea.net\/index.php\/2024\/12\/11\/meurtre-dune-adolescente-au-perou-relance-du-debat-sur-la-peine-de-mort\/","url":"https:\/\/bobea.net\/index.php\/2024\/12\/11\/meurtre-dune-adolescente-au-perou-relance-du-debat-sur-la-peine-de-mort\/","name":"Meurtre d'une adolescente au P\u00e9rou : relance du d\u00e9bat sur la peine de mort - Bobea","isPartOf":{"@id":"https:\/\/bobea.net\/#website"},"primaryImageOfPage":{"@id":"https:\/\/bobea.net\/index.php\/2024\/12\/11\/meurtre-dune-adolescente-au-perou-relance-du-debat-sur-la-peine-de-mort\/#primaryimage"},"image":{"@id":"https:\/\/bobea.net\/index.php\/2024\/12\/11\/meurtre-dune-adolescente-au-perou-relance-du-debat-sur-la-peine-de-mort\/#primaryimage"},"thumbnailUrl":"https:\/\/bobea.net\/wp-content\/uploads\/2024\/12\/c0ce6f5685df2877ba8b69fbe64e9e61d138d17ceaccf9902afab5708e8f4694.webp","datePublished":"2024-12-11T19:44:16+00:00","dateModified":"2024-12-11T19:44:21+00:00","breadcrumb":{"@id":"https:\/\/bobea.net\/index.php\/2024\/12\/11\/meurtre-dune-adolescente-au-perou-relance-du-debat-sur-la-peine-de-mort\/#breadcrumb"},"inLanguage":"fr-FR","potentialAction":[{"@type":"ReadAction","target":["https:\/\/bobea.net\/index.php\/2024\/12\/11\/meurtre-dune-adolescente-au-perou-relance-du-debat-sur-la-peine-de-mort\/"]}]},{"@type":"ImageObject","inLanguage":"fr-FR","@id":"https:\/\/bobea.net\/index.php\/2024\/12\/11\/meurtre-dune-adolescente-au-perou-relance-du-debat-sur-la-peine-de-mort\/#primaryimage","url":"https:\/\/bobea.net\/wp-content\/uploads\/2024\/12\/c0ce6f5685df2877ba8b69fbe64e9e61d138d17ceaccf9902afab5708e8f4694.webp","contentUrl":"https:\/\/bobea.net\/wp-content\/uploads\/2024\/12\/c0ce6f5685df2877ba8b69fbe64e9e61d138d17ceaccf9902afab5708e8f4694.webp","width":704,"height":396,"caption":"Meurtre d'une adolescente au P\u00e9rou : relance du d\u00e9bat sur la peine de mort"},{"@type":"BreadcrumbList","@id":"https:\/\/bobea.net\/index.php\/2024\/12\/11\/meurtre-dune-adolescente-au-perou-relance-du-debat-sur-la-peine-de-mort\/#breadcrumb","itemListElement":[{"@type":"ListItem","position":1,"name":"Accueil","item":"https:\/\/bobea.net\/"},{"@type":"ListItem","position":2,"name":"Meurtre d&rsquo;une adolescente au P\u00e9rou : relance du d\u00e9bat sur la peine de mort"}]},{"@type":"WebSite","@id":"https:\/\/bobea.net\/#website","url":"https:\/\/bobea.net\/","name":"Bobea","description":"Le magazine de la nouvelle \u00c8ve","publisher":{"@id":"https:\/\/bobea.net\/#organization"},"potentialAction":[{"@type":"SearchAction","target":{"@type":"EntryPoint","urlTemplate":"https:\/\/bobea.net\/?s={search_term_string}"},"query-input":{"@type":"PropertyValueSpecification","valueRequired":true,"valueName":"search_term_string"}}],"inLanguage":"fr-FR"},{"@type":"Organization","@id":"https:\/\/bobea.net\/#organization","name":"Bobea","url":"https:\/\/bobea.net\/","logo":{"@type":"ImageObject","inLanguage":"fr-FR","@id":"https:\/\/bobea.net\/#\/schema\/logo\/image\/","url":"https:\/\/bobea.net\/wp-content\/uploads\/2024\/06\/bobea.jpg","contentUrl":"https:\/\/bobea.net\/wp-content\/uploads\/2024\/06\/bobea.jpg","width":1080,"height":1080,"caption":"Bobea"},"image":{"@id":"https:\/\/bobea.net\/#\/schema\/logo\/image\/"},"sameAs":["https:\/\/web.facebook.com\/profile.php?id=61559252188416"]},{"@type":"Person","@id":"https:\/\/bobea.net\/#\/schema\/person\/e7f45ef187918d7c956bf619dce90ccf","name":"bobea.info","image":{"@type":"ImageObject","inLanguage":"fr-FR","@id":"https:\/\/bobea.net\/#\/schema\/person\/image\/","url":"https:\/\/secure.gravatar.com\/avatar\/36147980349df887ae30808df3e29474?s=96&d=mm&r=g","contentUrl":"https:\/\/secure.gravatar.com\/avatar\/36147980349df887ae30808df3e29474?s=96&d=mm&r=g","caption":"bobea.info"},"sameAs":["https:\/\/bobea.net"],"url":"https:\/\/bobea.net\/index.php\/author\/bobea-info\/"}]}},"_links":{"self":[{"href":"https:\/\/bobea.net\/index.php\/wp-json\/wp\/v2\/posts\/5821"}],"collection":[{"href":"https:\/\/bobea.net\/index.php\/wp-json\/wp\/v2\/posts"}],"about":[{"href":"https:\/\/bobea.net\/index.php\/wp-json\/wp\/v2\/types\/post"}],"author":[{"embeddable":true,"href":"https:\/\/bobea.net\/index.php\/wp-json\/wp\/v2\/users\/1"}],"replies":[{"embeddable":true,"href":"https:\/\/bobea.net\/index.php\/wp-json\/wp\/v2\/comments?post=5821"}],"version-history":[{"count":0,"href":"https:\/\/bobea.net\/index.php\/wp-json\/wp\/v2\/posts\/5821\/revisions"}],"wp:featuredmedia":[{"embeddable":true,"href":"https:\/\/bobea.net\/index.php\/wp-json\/wp\/v2\/media\/5822"}],"wp:attachment":[{"href":"https:\/\/bobea.net\/index.php\/wp-json\/wp\/v2\/media?parent=5821"}],"wp:term":[{"taxonomy":"category","embeddable":true,"href":"https:\/\/bobea.net\/index.php\/wp-json\/wp\/v2\/categories?post=5821"},{"taxonomy":"post_tag","embeddable":true,"href":"https:\/\/bobea.net\/index.php\/wp-json\/wp\/v2\/tags?post=5821"}],"curies":[{"name":"wp","href":"https:\/\/api.w.org\/{rel}","templated":true}]}}