{"id":5792,"date":"2024-12-06T17:58:29","date_gmt":"2024-12-06T17:58:29","guid":{"rendered":"https:\/\/bobea.net\/?p=5792"},"modified":"2024-12-06T17:58:35","modified_gmt":"2024-12-06T17:58:35","slug":"greta-thunberg-appelle-a-laction-lors-dun-sommet-mondial-sur-le-climat-inspirant-les-jeunes-a-se-mobiliser","status":"publish","type":"post","link":"https:\/\/bobea.net\/index.php\/2024\/12\/06\/greta-thunberg-appelle-a-laction-lors-dun-sommet-mondial-sur-le-climat-inspirant-les-jeunes-a-se-mobiliser\/","title":{"rendered":"Greta Thunberg appelle \u00e0 l\u2019action lors d\u2019un sommet mondial sur le climat, inspirant les jeunes \u00e0 se mobiliser"},"content":{"rendered":"\n<p>Gre\u00adta Thun\u00adberg, mil\u00adi\u00adtante su\u00e9\u00addoise pour le cli\u00admat, a r\u00e9cem\u00adment pris la parole lors d\u2019un som\u00admet mon\u00addi\u00adal sur le cli\u00admat pour appel\u00ader \u00e0 une action imm\u00e9\u00addi\u00adate con\u00adtre le change\u00adment cli\u00adma\u00adtique. Son dis\u00adcours pas\u00adsion\u00adn\u00e9 a r\u00e9son\u00adn\u00e9 aupr\u00e8s des jeunes du monde entier qui se mobilisent pour un avenir durable.<\/p>\n\n\n\n<p>Un mes\u00adsage urgent<\/p>\n\n\n\n<p>Dans son dis\u00adcours, Thun\u00adberg a soulign\u00e9 que les gou\u00adverne\u00adments doivent agir main\u00adtenant plut\u00f4t que plus tard. \u201cNous ne pou\u00advons pas atten\u00addre que les politi\u00adciens pren\u00adnent des d\u00e9ci\u00adsions. C\u2019est notre avenir qui est en jeu\u201d, a\u2011t-elle d\u00e9clar\u00e9 devant une foule ent\u00adhou\u00adsi\u00adaste.<\/p>\n\n\n\n<ul class=\"wp-block-list\">\n<li><strong>Sta\u00adtis\u00adtiques alar\u00admantes<\/strong>&nbsp;: Selon le dernier rap\u00adport du&nbsp;<em>GIEC<\/em>, nous avons moins de dix ans pour r\u00e9duire nos \u00e9mis\u00adsions de gaz \u00e0 effet de serre afin de lim\u00aditer le r\u00e9chauf\u00adfe\u00adment cli\u00adma\u00adtique \u00e0 1,5 \u00b0C par rap\u00adport aux niveaux pr\u00e9in\u00addus\u00adtriels.<\/li>\n<\/ul>\n\n\n\n<p>Mobil\u00adi\u00adsa\u00adtion mon\u00addi\u00adale<\/p>\n\n\n\n<p>Thun\u00adberg a \u00e9gale\u00adment encour\u00adag\u00e9 les jeunes pr\u00e9sents au som\u00admet \u00e0 con\u00adtin\u00aduer leurs efforts pour sen\u00adsi\u00adbilis\u00ader leurs pairs aux enjeux cli\u00adma\u00adtiques. Des mou\u00adve\u00adments comme&nbsp;<em>Fri\u00addays for Future<\/em>&nbsp;ont vu leur par\u00adtic\u00adi\u00adpa\u00adtion explos\u00ader depuis son appari\u00adtion sur la sc\u00e8ne mon\u00addi\u00adale.<\/p>\n\n\n\n<p>Impact sur la poli\u00adtique cli\u00adma\u00adtique<\/p>\n\n\n\n<p>Son engage\u00adment a incit\u00e9 plusieurs gou\u00adverne\u00adments \u00e0 recon\u00adsid\u00ad\u00e9r\u00ader leurs poli\u00adtiques envi\u00adron\u00adnemen\u00adtales. Des pays comme le Dane\u00admark et la Su\u00e8de ont annon\u00adc\u00e9 des objec\u00adtifs cli\u00adma\u00adtiques plus ambitieux suite aux pres\u00adsions exer\u00adc\u00e9es par Thun\u00adberg et ses par\u00adti\u00adsans.<\/p>\n\n\n\n<p>Con\u00adclu\u00adsion<\/p>\n\n\n\n<p>L\u2019ap\u00adpel \u00e0 l\u2019ac\u00adtion de Gre\u00adta Thun\u00adberg lors du som\u00admet mon\u00addi\u00adal sur le cli\u00admat souligne l\u2019ur\u00adgence d\u2019a\u00adgir face au change\u00adment cli\u00adma\u00adtique. En mobil\u00adisant les jeunes et en exer\u00e7ant une pres\u00adsion sur les d\u00e9cideurs poli\u00adtiques, elle inspire un mou\u00adve\u00adment mon\u00addi\u00adal vers un avenir plus durable.<\/p>\n","protected":false},"excerpt":{"rendered":"<p>Gre\u00adta Thun\u00adberg, mil\u00adi\u00adtante su\u00e9\u00addoise pour le cli\u00admat, a r\u00e9cem\u00adment pris la parole lors d\u2019un som\u00admet mon\u00addi\u00adal sur le cli\u00admat pour appel\u00ader \u00e0 une action imm\u00e9\u00addi\u00adate con\u00adtre le change\u00adment cli\u00adma\u00adtique. Son\u2026 <\/p>\n","protected":false},"author":1,"featured_media":5793,"comment_status":"open","ping_status":"open","sticky":false,"template":"","format":"standard","meta":{"wp_typography_post_enhancements_disabled":false,"footnotes":""},"categories":[79],"tags":[],"class_list":["post-5792","post","type-post","status-publish","format-standard","has-post-thumbnail","hentry","category-a-la-une"],"yoast_head":"<!-- This site is optimized with the Yoast SEO plugin v24.7 - https:\/\/yoast.com\/wordpress\/plugins\/seo\/ -->\n<title>Greta Thunberg appelle \u00e0 l&#039;action lors d&#039;un sommet mondial sur le climat, inspirant les jeunes \u00e0 se mobiliser - Bobea<\/title>\n<meta name=\"robots\" content=\"index, follow, max-snippet:-1, max-image-preview:large, max-video-preview:-1\" \/>\n<link rel=\"canonical\" href=\"https:\/\/bobea.net\/index.php\/2024\/12\/06\/greta-thunberg-appelle-a-laction-lors-dun-sommet-mondial-sur-le-climat-inspirant-les-jeunes-a-se-mobiliser\/\" \/>\n<meta property=\"og:locale\" content=\"fr_FR\" \/>\n<meta property=\"og:type\" content=\"article\" \/>\n<meta property=\"og:title\" content=\"Greta Thunberg appelle \u00e0 l&#039;action lors d&#039;un sommet mondial sur le climat, inspirant les jeunes \u00e0 se mobiliser - Bobea\" \/>\n<meta property=\"og:description\" content=\"Gre\u00adta Thun\u00adberg, mil\u00adi\u00adtante su\u00e9\u00addoise pour le cli\u00admat, a r\u00e9cem\u00adment pris la parole lors d\u2019un som\u00admet mon\u00addi\u00adal sur le cli\u00admat pour appel\u00ader \u00e0 une action imm\u00e9\u00addi\u00adate con\u00adtre le change\u00adment cli\u00adma\u00adtique. Son&hellip;\" \/>\n<meta property=\"og:url\" content=\"https:\/\/bobea.net\/index.php\/2024\/12\/06\/greta-thunberg-appelle-a-laction-lors-dun-sommet-mondial-sur-le-climat-inspirant-les-jeunes-a-se-mobiliser\/\" \/>\n<meta property=\"og:site_name\" content=\"Bobea\" \/>\n<meta property=\"article:publisher\" content=\"https:\/\/web.facebook.com\/profile.php?id=61559252188416\" \/>\n<meta property=\"article:published_time\" content=\"2024-12-06T17:58:29+00:00\" \/>\n<meta property=\"article:modified_time\" content=\"2024-12-06T17:58:35+00:00\" \/>\n<meta property=\"og:image\" content=\"https:\/\/bobea.net\/wp-content\/uploads\/2024\/12\/Greta_Thunberg_Lausanne_-_Palais_de_Rumine_17_Janvier_2020_copie.jpg\" \/>\n\t<meta property=\"og:image:width\" content=\"640\" \/>\n\t<meta property=\"og:image:height\" content=\"427\" \/>\n\t<meta property=\"og:image:type\" content=\"image\/jpeg\" \/>\n<meta name=\"author\" content=\"bobea.info\" \/>\n<meta name=\"twitter:card\" content=\"summary_large_image\" \/>\n<meta name=\"twitter:label1\" content=\"\u00c9crit par\" \/>\n\t<meta name=\"twitter:data1\" content=\"bobea.info\" \/>\n\t<meta name=\"twitter:label2\" content=\"Dur\u00e9e de lecture estim\u00e9e\" \/>\n\t<meta name=\"twitter:data2\" content=\"2 minutes\" \/>\n<script type=\"application\/ld+json\" class=\"yoast-schema-graph\">{\"@context\":\"https:\/\/schema.org\",\"@graph\":[{\"@type\":\"Article\",\"@id\":\"https:\/\/bobea.net\/index.php\/2024\/12\/06\/greta-thunberg-appelle-a-laction-lors-dun-sommet-mondial-sur-le-climat-inspirant-les-jeunes-a-se-mobiliser\/#article\",\"isPartOf\":{\"@id\":\"https:\/\/bobea.net\/index.php\/2024\/12\/06\/greta-thunberg-appelle-a-laction-lors-dun-sommet-mondial-sur-le-climat-inspirant-les-jeunes-a-se-mobiliser\/\"},\"author\":{\"name\":\"bobea.info\",\"@id\":\"https:\/\/bobea.net\/#\/schema\/person\/e7f45ef187918d7c956bf619dce90ccf\"},\"headline\":\"Greta Thunberg appelle \u00e0 l\u2019action lors d\u2019un sommet mondial sur le climat, inspirant les jeunes \u00e0 se mobiliser\",\"datePublished\":\"2024-12-06T17:58:29+00:00\",\"dateModified\":\"2024-12-06T17:58:35+00:00\",\"mainEntityOfPage\":{\"@id\":\"https:\/\/bobea.net\/index.php\/2024\/12\/06\/greta-thunberg-appelle-a-laction-lors-dun-sommet-mondial-sur-le-climat-inspirant-les-jeunes-a-se-mobiliser\/\"},\"wordCount\":289,\"commentCount\":0,\"publisher\":{\"@id\":\"https:\/\/bobea.net\/#organization\"},\"image\":{\"@id\":\"https:\/\/bobea.net\/index.php\/2024\/12\/06\/greta-thunberg-appelle-a-laction-lors-dun-sommet-mondial-sur-le-climat-inspirant-les-jeunes-a-se-mobiliser\/#primaryimage\"},\"thumbnailUrl\":\"https:\/\/bobea.net\/wp-content\/uploads\/2024\/12\/Greta_Thunberg_Lausanne_-_Palais_de_Rumine_17_Janvier_2020_copie.jpg\",\"articleSection\":[\"A la Une\"],\"inLanguage\":\"fr-FR\",\"potentialAction\":[{\"@type\":\"CommentAction\",\"name\":\"Comment\",\"target\":[\"https:\/\/bobea.net\/index.php\/2024\/12\/06\/greta-thunberg-appelle-a-laction-lors-dun-sommet-mondial-sur-le-climat-inspirant-les-jeunes-a-se-mobiliser\/#respond\"]}]},{\"@type\":\"WebPage\",\"@id\":\"https:\/\/bobea.net\/index.php\/2024\/12\/06\/greta-thunberg-appelle-a-laction-lors-dun-sommet-mondial-sur-le-climat-inspirant-les-jeunes-a-se-mobiliser\/\",\"url\":\"https:\/\/bobea.net\/index.php\/2024\/12\/06\/greta-thunberg-appelle-a-laction-lors-dun-sommet-mondial-sur-le-climat-inspirant-les-jeunes-a-se-mobiliser\/\",\"name\":\"Greta Thunberg appelle \u00e0 l'action lors d'un sommet mondial sur le climat, inspirant les jeunes \u00e0 se mobiliser - Bobea\",\"isPartOf\":{\"@id\":\"https:\/\/bobea.net\/#website\"},\"primaryImageOfPage\":{\"@id\":\"https:\/\/bobea.net\/index.php\/2024\/12\/06\/greta-thunberg-appelle-a-laction-lors-dun-sommet-mondial-sur-le-climat-inspirant-les-jeunes-a-se-mobiliser\/#primaryimage\"},\"image\":{\"@id\":\"https:\/\/bobea.net\/index.php\/2024\/12\/06\/greta-thunberg-appelle-a-laction-lors-dun-sommet-mondial-sur-le-climat-inspirant-les-jeunes-a-se-mobiliser\/#primaryimage\"},\"thumbnailUrl\":\"https:\/\/bobea.net\/wp-content\/uploads\/2024\/12\/Greta_Thunberg_Lausanne_-_Palais_de_Rumine_17_Janvier_2020_copie.jpg\",\"datePublished\":\"2024-12-06T17:58:29+00:00\",\"dateModified\":\"2024-12-06T17:58:35+00:00\",\"breadcrumb\":{\"@id\":\"https:\/\/bobea.net\/index.php\/2024\/12\/06\/greta-thunberg-appelle-a-laction-lors-dun-sommet-mondial-sur-le-climat-inspirant-les-jeunes-a-se-mobiliser\/#breadcrumb\"},\"inLanguage\":\"fr-FR\",\"potentialAction\":[{\"@type\":\"ReadAction\",\"target\":[\"https:\/\/bobea.net\/index.php\/2024\/12\/06\/greta-thunberg-appelle-a-laction-lors-dun-sommet-mondial-sur-le-climat-inspirant-les-jeunes-a-se-mobiliser\/\"]}]},{\"@type\":\"ImageObject\",\"inLanguage\":\"fr-FR\",\"@id\":\"https:\/\/bobea.net\/index.php\/2024\/12\/06\/greta-thunberg-appelle-a-laction-lors-dun-sommet-mondial-sur-le-climat-inspirant-les-jeunes-a-se-mobiliser\/#primaryimage\",\"url\":\"https:\/\/bobea.net\/wp-content\/uploads\/2024\/12\/Greta_Thunberg_Lausanne_-_Palais_de_Rumine_17_Janvier_2020_copie.jpg\",\"contentUrl\":\"https:\/\/bobea.net\/wp-content\/uploads\/2024\/12\/Greta_Thunberg_Lausanne_-_Palais_de_Rumine_17_Janvier_2020_copie.jpg\",\"width\":640,\"height\":427,\"caption\":\"Greta Thunberg appelle \u00e0 l'action lors d'un sommet mondial sur le climat, inspirant les jeunes \u00e0 se mobiliser\"},{\"@type\":\"BreadcrumbList\",\"@id\":\"https:\/\/bobea.net\/index.php\/2024\/12\/06\/greta-thunberg-appelle-a-laction-lors-dun-sommet-mondial-sur-le-climat-inspirant-les-jeunes-a-se-mobiliser\/#breadcrumb\",\"itemListElement\":[{\"@type\":\"ListItem\",\"position\":1,\"name\":\"Accueil\",\"item\":\"https:\/\/bobea.net\/\"},{\"@type\":\"ListItem\",\"position\":2,\"name\":\"Greta Thunberg appelle \u00e0 l&rsquo;action lors d&rsquo;un sommet mondial sur le climat, inspirant les jeunes \u00e0 se mobiliser\"}]},{\"@type\":\"WebSite\",\"@id\":\"https:\/\/bobea.net\/#website\",\"url\":\"https:\/\/bobea.net\/\",\"name\":\"Bobea\",\"description\":\"Le magazine de la nouvelle \u00c8ve\",\"publisher\":{\"@id\":\"https:\/\/bobea.net\/#organization\"},\"potentialAction\":[{\"@type\":\"SearchAction\",\"target\":{\"@type\":\"EntryPoint\",\"urlTemplate\":\"https:\/\/bobea.net\/?s={search_term_string}\"},\"query-input\":{\"@type\":\"PropertyValueSpecification\",\"valueRequired\":true,\"valueName\":\"search_term_string\"}}],\"inLanguage\":\"fr-FR\"},{\"@type\":\"Organization\",\"@id\":\"https:\/\/bobea.net\/#organization\",\"name\":\"Bobea\",\"url\":\"https:\/\/bobea.net\/\",\"logo\":{\"@type\":\"ImageObject\",\"inLanguage\":\"fr-FR\",\"@id\":\"https:\/\/bobea.net\/#\/schema\/logo\/image\/\",\"url\":\"https:\/\/bobea.net\/wp-content\/uploads\/2024\/06\/bobea.jpg\",\"contentUrl\":\"https:\/\/bobea.net\/wp-content\/uploads\/2024\/06\/bobea.jpg\",\"width\":1080,\"height\":1080,\"caption\":\"Bobea\"},\"image\":{\"@id\":\"https:\/\/bobea.net\/#\/schema\/logo\/image\/\"},\"sameAs\":[\"https:\/\/web.facebook.com\/profile.php?id=61559252188416\"]},{\"@type\":\"Person\",\"@id\":\"https:\/\/bobea.net\/#\/schema\/person\/e7f45ef187918d7c956bf619dce90ccf\",\"name\":\"bobea.info\",\"image\":{\"@type\":\"ImageObject\",\"inLanguage\":\"fr-FR\",\"@id\":\"https:\/\/bobea.net\/#\/schema\/person\/image\/\",\"url\":\"https:\/\/secure.gravatar.com\/avatar\/36147980349df887ae30808df3e29474?s=96&d=mm&r=g\",\"contentUrl\":\"https:\/\/secure.gravatar.com\/avatar\/36147980349df887ae30808df3e29474?s=96&d=mm&r=g\",\"caption\":\"bobea.info\"},\"sameAs\":[\"https:\/\/bobea.net\"],\"url\":\"https:\/\/bobea.net\/index.php\/author\/bobea-info\/\"}]}<\/script>\n<!-- \/ Yoast SEO plugin. -->","yoast_head_json":{"title":"Greta Thunberg appelle \u00e0 l'action lors d'un sommet mondial sur le climat, inspirant les jeunes \u00e0 se mobiliser - Bobea","robots":{"index":"index","follow":"follow","max-snippet":"max-snippet:-1","max-image-preview":"max-image-preview:large","max-video-preview":"max-video-preview:-1"},"canonical":"https:\/\/bobea.net\/index.php\/2024\/12\/06\/greta-thunberg-appelle-a-laction-lors-dun-sommet-mondial-sur-le-climat-inspirant-les-jeunes-a-se-mobiliser\/","og_locale":"fr_FR","og_type":"article","og_title":"Greta Thunberg appelle \u00e0 l'action lors d'un sommet mondial sur le climat, inspirant les jeunes \u00e0 se mobiliser - Bobea","og_description":"Gre\u00adta Thun\u00adberg, mil\u00adi\u00adtante su\u00e9\u00addoise pour le cli\u00admat, a r\u00e9cem\u00adment pris la parole lors d\u2019un som\u00admet mon\u00addi\u00adal sur le cli\u00admat pour appel\u00ader \u00e0 une action imm\u00e9\u00addi\u00adate con\u00adtre le change\u00adment cli\u00adma\u00adtique. Son&hellip;","og_url":"https:\/\/bobea.net\/index.php\/2024\/12\/06\/greta-thunberg-appelle-a-laction-lors-dun-sommet-mondial-sur-le-climat-inspirant-les-jeunes-a-se-mobiliser\/","og_site_name":"Bobea","article_publisher":"https:\/\/web.facebook.com\/profile.php?id=61559252188416","article_published_time":"2024-12-06T17:58:29+00:00","article_modified_time":"2024-12-06T17:58:35+00:00","og_image":[{"width":640,"height":427,"url":"https:\/\/bobea.net\/wp-content\/uploads\/2024\/12\/Greta_Thunberg_Lausanne_-_Palais_de_Rumine_17_Janvier_2020_copie.jpg","type":"image\/jpeg"}],"author":"bobea.info","twitter_card":"summary_large_image","twitter_misc":{"\u00c9crit par":"bobea.info","Dur\u00e9e de lecture estim\u00e9e":"2 minutes"},"schema":{"@context":"https:\/\/schema.org","@graph":[{"@type":"Article","@id":"https:\/\/bobea.net\/index.php\/2024\/12\/06\/greta-thunberg-appelle-a-laction-lors-dun-sommet-mondial-sur-le-climat-inspirant-les-jeunes-a-se-mobiliser\/#article","isPartOf":{"@id":"https:\/\/bobea.net\/index.php\/2024\/12\/06\/greta-thunberg-appelle-a-laction-lors-dun-sommet-mondial-sur-le-climat-inspirant-les-jeunes-a-se-mobiliser\/"},"author":{"name":"bobea.info","@id":"https:\/\/bobea.net\/#\/schema\/person\/e7f45ef187918d7c956bf619dce90ccf"},"headline":"Greta Thunberg appelle \u00e0 l\u2019action lors d\u2019un sommet mondial sur le climat, inspirant les jeunes \u00e0 se mobiliser","datePublished":"2024-12-06T17:58:29+00:00","dateModified":"2024-12-06T17:58:35+00:00","mainEntityOfPage":{"@id":"https:\/\/bobea.net\/index.php\/2024\/12\/06\/greta-thunberg-appelle-a-laction-lors-dun-sommet-mondial-sur-le-climat-inspirant-les-jeunes-a-se-mobiliser\/"},"wordCount":289,"commentCount":0,"publisher":{"@id":"https:\/\/bobea.net\/#organization"},"image":{"@id":"https:\/\/bobea.net\/index.php\/2024\/12\/06\/greta-thunberg-appelle-a-laction-lors-dun-sommet-mondial-sur-le-climat-inspirant-les-jeunes-a-se-mobiliser\/#primaryimage"},"thumbnailUrl":"https:\/\/bobea.net\/wp-content\/uploads\/2024\/12\/Greta_Thunberg_Lausanne_-_Palais_de_Rumine_17_Janvier_2020_copie.jpg","articleSection":["A la Une"],"inLanguage":"fr-FR","potentialAction":[{"@type":"CommentAction","name":"Comment","target":["https:\/\/bobea.net\/index.php\/2024\/12\/06\/greta-thunberg-appelle-a-laction-lors-dun-sommet-mondial-sur-le-climat-inspirant-les-jeunes-a-se-mobiliser\/#respond"]}]},{"@type":"WebPage","@id":"https:\/\/bobea.net\/index.php\/2024\/12\/06\/greta-thunberg-appelle-a-laction-lors-dun-sommet-mondial-sur-le-climat-inspirant-les-jeunes-a-se-mobiliser\/","url":"https:\/\/bobea.net\/index.php\/2024\/12\/06\/greta-thunberg-appelle-a-laction-lors-dun-sommet-mondial-sur-le-climat-inspirant-les-jeunes-a-se-mobiliser\/","name":"Greta Thunberg appelle \u00e0 l'action lors d'un sommet mondial sur le climat, inspirant les jeunes \u00e0 se mobiliser - Bobea","isPartOf":{"@id":"https:\/\/bobea.net\/#website"},"primaryImageOfPage":{"@id":"https:\/\/bobea.net\/index.php\/2024\/12\/06\/greta-thunberg-appelle-a-laction-lors-dun-sommet-mondial-sur-le-climat-inspirant-les-jeunes-a-se-mobiliser\/#primaryimage"},"image":{"@id":"https:\/\/bobea.net\/index.php\/2024\/12\/06\/greta-thunberg-appelle-a-laction-lors-dun-sommet-mondial-sur-le-climat-inspirant-les-jeunes-a-se-mobiliser\/#primaryimage"},"thumbnailUrl":"https:\/\/bobea.net\/wp-content\/uploads\/2024\/12\/Greta_Thunberg_Lausanne_-_Palais_de_Rumine_17_Janvier_2020_copie.jpg","datePublished":"2024-12-06T17:58:29+00:00","dateModified":"2024-12-06T17:58:35+00:00","breadcrumb":{"@id":"https:\/\/bobea.net\/index.php\/2024\/12\/06\/greta-thunberg-appelle-a-laction-lors-dun-sommet-mondial-sur-le-climat-inspirant-les-jeunes-a-se-mobiliser\/#breadcrumb"},"inLanguage":"fr-FR","potentialAction":[{"@type":"ReadAction","target":["https:\/\/bobea.net\/index.php\/2024\/12\/06\/greta-thunberg-appelle-a-laction-lors-dun-sommet-mondial-sur-le-climat-inspirant-les-jeunes-a-se-mobiliser\/"]}]},{"@type":"ImageObject","inLanguage":"fr-FR","@id":"https:\/\/bobea.net\/index.php\/2024\/12\/06\/greta-thunberg-appelle-a-laction-lors-dun-sommet-mondial-sur-le-climat-inspirant-les-jeunes-a-se-mobiliser\/#primaryimage","url":"https:\/\/bobea.net\/wp-content\/uploads\/2024\/12\/Greta_Thunberg_Lausanne_-_Palais_de_Rumine_17_Janvier_2020_copie.jpg","contentUrl":"https:\/\/bobea.net\/wp-content\/uploads\/2024\/12\/Greta_Thunberg_Lausanne_-_Palais_de_Rumine_17_Janvier_2020_copie.jpg","width":640,"height":427,"caption":"Greta Thunberg appelle \u00e0 l'action lors d'un sommet mondial sur le climat, inspirant les jeunes \u00e0 se mobiliser"},{"@type":"BreadcrumbList","@id":"https:\/\/bobea.net\/index.php\/2024\/12\/06\/greta-thunberg-appelle-a-laction-lors-dun-sommet-mondial-sur-le-climat-inspirant-les-jeunes-a-se-mobiliser\/#breadcrumb","itemListElement":[{"@type":"ListItem","position":1,"name":"Accueil","item":"https:\/\/bobea.net\/"},{"@type":"ListItem","position":2,"name":"Greta Thunberg appelle \u00e0 l&rsquo;action lors d&rsquo;un sommet mondial sur le climat, inspirant les jeunes \u00e0 se mobiliser"}]},{"@type":"WebSite","@id":"https:\/\/bobea.net\/#website","url":"https:\/\/bobea.net\/","name":"Bobea","description":"Le magazine de la nouvelle \u00c8ve","publisher":{"@id":"https:\/\/bobea.net\/#organization"},"potentialAction":[{"@type":"SearchAction","target":{"@type":"EntryPoint","urlTemplate":"https:\/\/bobea.net\/?s={search_term_string}"},"query-input":{"@type":"PropertyValueSpecification","valueRequired":true,"valueName":"search_term_string"}}],"inLanguage":"fr-FR"},{"@type":"Organization","@id":"https:\/\/bobea.net\/#organization","name":"Bobea","url":"https:\/\/bobea.net\/","logo":{"@type":"ImageObject","inLanguage":"fr-FR","@id":"https:\/\/bobea.net\/#\/schema\/logo\/image\/","url":"https:\/\/bobea.net\/wp-content\/uploads\/2024\/06\/bobea.jpg","contentUrl":"https:\/\/bobea.net\/wp-content\/uploads\/2024\/06\/bobea.jpg","width":1080,"height":1080,"caption":"Bobea"},"image":{"@id":"https:\/\/bobea.net\/#\/schema\/logo\/image\/"},"sameAs":["https:\/\/web.facebook.com\/profile.php?id=61559252188416"]},{"@type":"Person","@id":"https:\/\/bobea.net\/#\/schema\/person\/e7f45ef187918d7c956bf619dce90ccf","name":"bobea.info","image":{"@type":"ImageObject","inLanguage":"fr-FR","@id":"https:\/\/bobea.net\/#\/schema\/person\/image\/","url":"https:\/\/secure.gravatar.com\/avatar\/36147980349df887ae30808df3e29474?s=96&d=mm&r=g","contentUrl":"https:\/\/secure.gravatar.com\/avatar\/36147980349df887ae30808df3e29474?s=96&d=mm&r=g","caption":"bobea.info"},"sameAs":["https:\/\/bobea.net"],"url":"https:\/\/bobea.net\/index.php\/author\/bobea-info\/"}]}},"_links":{"self":[{"href":"https:\/\/bobea.net\/index.php\/wp-json\/wp\/v2\/posts\/5792"}],"collection":[{"href":"https:\/\/bobea.net\/index.php\/wp-json\/wp\/v2\/posts"}],"about":[{"href":"https:\/\/bobea.net\/index.php\/wp-json\/wp\/v2\/types\/post"}],"author":[{"embeddable":true,"href":"https:\/\/bobea.net\/index.php\/wp-json\/wp\/v2\/users\/1"}],"replies":[{"embeddable":true,"href":"https:\/\/bobea.net\/index.php\/wp-json\/wp\/v2\/comments?post=5792"}],"version-history":[{"count":0,"href":"https:\/\/bobea.net\/index.php\/wp-json\/wp\/v2\/posts\/5792\/revisions"}],"wp:featuredmedia":[{"embeddable":true,"href":"https:\/\/bobea.net\/index.php\/wp-json\/wp\/v2\/media\/5793"}],"wp:attachment":[{"href":"https:\/\/bobea.net\/index.php\/wp-json\/wp\/v2\/media?parent=5792"}],"wp:term":[{"taxonomy":"category","embeddable":true,"href":"https:\/\/bobea.net\/index.php\/wp-json\/wp\/v2\/categories?post=5792"},{"taxonomy":"post_tag","embeddable":true,"href":"https:\/\/bobea.net\/index.php\/wp-json\/wp\/v2\/tags?post=5792"}],"curies":[{"name":"wp","href":"https:\/\/api.w.org\/{rel}","templated":true}]}}