{"id":5731,"date":"2024-11-30T22:44:23","date_gmt":"2024-11-30T22:44:23","guid":{"rendered":"https:\/\/bobea.net\/?p=5731"},"modified":"2024-11-30T22:44:23","modified_gmt":"2024-11-30T22:44:23","slug":"bobea-star-billie-eilish-se-bat-pour-la-sante-mentale-des-jeunes-femmes","status":"publish","type":"post","link":"https:\/\/bobea.net\/index.php\/2024\/11\/30\/bobea-star-billie-eilish-se-bat-pour-la-sante-mentale-des-jeunes-femmes\/","title":{"rendered":"BOBEA STAR&nbsp;&nbsp; \u2014 Billie Eilish se bat pour la sant\u00e9 mentale des jeunes femmes !"},"content":{"rendered":"\n<p>Une voix pour les jeunes<\/p>\n\n\n\n<p>Bil\u00adlie Eil\u00adish, la chanteuse oscaris\u00e9e et ic\u00f4ne g\u00e9n\u00e9ra\u00adtionnelle, s\u2019est engag\u00e9e dans une cam\u00adpagne visant \u00e0 sen\u00adsi\u00adbilis\u00ader \u00e0 la san\u00adt\u00e9 men\u00adtale chez les jeunes femmes. Dans une r\u00e9cente inter\u00adview, elle a partag\u00e9 ses pro\u00adpres luttes avec l\u2019anx\u00adi\u00e9t\u00e9 et la d\u00e9pres\u00adsion, esp\u00e9rant bris\u00ader le tabou entourant ces prob\u00adl\u00e8mes.<\/p>\n\n\n\n<p>Une cam\u00adpagne impac\u00adtante<\/p>\n\n\n\n<p>Eil\u00adish a lanc\u00e9 un parte\u00adnar\u00adi\u00adat avec une organ\u00adi\u00adsa\u00adtion \u00e0 but non lucratif d\u00e9di\u00e9e \u00e0 la san\u00adt\u00e9 men\u00adtale, offrant des ressources et du sou\u00adtien aux jeunes en dif\u00adfi\u00adcult\u00e9. Elle utilise sa plate\u00adforme pour encour\u00adager les dis\u00adcus\u00adsions ouvertes sur les d\u00e9fis men\u00adtaux aux\u00adquels font face les ado\u00adles\u00adcents aujour\u00add\u2019hui.<\/p>\n\n\n\n<p>Anec\u00addotes inspi\u00adrantes<\/p>\n\n\n\n<p>\u00c0 seule\u00adment 19 ans, Bil\u00adlie Eil\u00adish a d\u00e9j\u00e0 rem\u00adport\u00e9 plusieurs Gram\u00admy Awards et est dev\u00adenue un sym\u00adbole d\u2019au\u00adthen\u00adtic\u00adit\u00e9 dans l\u2019in\u00addus\u00adtrie musi\u00adcale. Elle n\u2019h\u00e9site pas \u00e0 partager ses exp\u00e9ri\u00adences per\u00adson\u00adnelles dans ses chan\u00adsons, touchant ain\u00adsi un large pub\u00adlic qui se recon\u00adna\u00eet dans ses paroles.<\/p>\n\n\n\n<p>Con\u00adclu\u00adsion<\/p>\n\n\n\n<p>Bil\u00adlie Eil\u00adish prou\u00adve que m\u00eame les jeunes artistes peu\u00advent avoir un impact sig\u00adni\u00adfi\u00adcatif sur des ques\u00adtions sociales cru\u00adciales. Son engage\u00adment envers la san\u00adt\u00e9 men\u00adtale inspire ses fans \u00e0 par\u00adler ouverte\u00adment de leurs luttes et \u00e0 rechercher du sou\u00adtien.&nbsp;<\/p>\n","protected":false},"excerpt":{"rendered":"<p>Une voix pour les jeunes Bil\u00adlie Eil\u00adish, la chanteuse oscaris\u00e9e et ic\u00f4ne g\u00e9n\u00e9ra\u00adtionnelle, s\u2019est engag\u00e9e dans une cam\u00adpagne visant \u00e0 sen\u00adsi\u00adbilis\u00ader \u00e0 la san\u00adt\u00e9 men\u00adtale chez les jeunes femmes. Dans\u2026 <\/p>\n","protected":false},"author":1,"featured_media":5732,"comment_status":"open","ping_status":"open","sticky":false,"template":"","format":"standard","meta":{"wp_typography_post_enhancements_disabled":false,"footnotes":""},"categories":[79],"tags":[],"class_list":["post-5731","post","type-post","status-publish","format-standard","has-post-thumbnail","hentry","category-a-la-une"],"yoast_head":"<!-- This site is optimized with the Yoast SEO plugin v24.7 - https:\/\/yoast.com\/wordpress\/plugins\/seo\/ -->\n<title>BOBEA STAR\u00a0\u00a0 - Billie Eilish se bat pour la sant\u00e9 mentale des jeunes femmes ! - Bobea<\/title>\n<meta name=\"description\" content=\"Billie Eilish, la chanteuse oscaris\u00e9e et ic\u00f4ne g\u00e9n\u00e9rationnelle, s&#039;est engag\u00e9e dans une campagne visant \u00e0 sensibiliser \u00e0 la sant\u00e9 mentale\" \/>\n<meta name=\"robots\" content=\"index, follow, max-snippet:-1, max-image-preview:large, max-video-preview:-1\" \/>\n<link rel=\"canonical\" href=\"https:\/\/bobea.net\/index.php\/2024\/11\/30\/bobea-star-billie-eilish-se-bat-pour-la-sante-mentale-des-jeunes-femmes\/\" \/>\n<meta property=\"og:locale\" content=\"fr_FR\" \/>\n<meta property=\"og:type\" content=\"article\" \/>\n<meta property=\"og:title\" content=\"BOBEA STAR\u00a0\u00a0 - Billie Eilish se bat pour la sant\u00e9 mentale des jeunes femmes ! - Bobea\" \/>\n<meta property=\"og:description\" content=\"Billie Eilish, la chanteuse oscaris\u00e9e et ic\u00f4ne g\u00e9n\u00e9rationnelle, s&#039;est engag\u00e9e dans une campagne visant \u00e0 sensibiliser \u00e0 la sant\u00e9 mentale\" \/>\n<meta property=\"og:url\" content=\"https:\/\/bobea.net\/index.php\/2024\/11\/30\/bobea-star-billie-eilish-se-bat-pour-la-sante-mentale-des-jeunes-femmes\/\" \/>\n<meta property=\"og:site_name\" content=\"Bobea\" \/>\n<meta property=\"article:publisher\" content=\"https:\/\/web.facebook.com\/profile.php?id=61559252188416\" \/>\n<meta property=\"article:published_time\" content=\"2024-11-30T22:44:23+00:00\" \/>\n<meta property=\"og:image\" content=\"https:\/\/bobea.net\/wp-content\/uploads\/2024\/11\/000_34l99pc-taille1200_670642fe9119a_0.jpg\" \/>\n\t<meta property=\"og:image:width\" content=\"750\" \/>\n\t<meta property=\"og:image:height\" content=\"422\" \/>\n\t<meta property=\"og:image:type\" content=\"image\/jpeg\" \/>\n<meta name=\"author\" content=\"bobea.info\" \/>\n<meta name=\"twitter:card\" content=\"summary_large_image\" \/>\n<meta name=\"twitter:label1\" content=\"\u00c9crit par\" \/>\n\t<meta name=\"twitter:data1\" content=\"bobea.info\" \/>\n\t<meta name=\"twitter:label2\" content=\"Dur\u00e9e de lecture estim\u00e9e\" \/>\n\t<meta name=\"twitter:data2\" content=\"2 minutes\" \/>\n<script type=\"application\/ld+json\" class=\"yoast-schema-graph\">{\"@context\":\"https:\/\/schema.org\",\"@graph\":[{\"@type\":\"Article\",\"@id\":\"https:\/\/bobea.net\/index.php\/2024\/11\/30\/bobea-star-billie-eilish-se-bat-pour-la-sante-mentale-des-jeunes-femmes\/#article\",\"isPartOf\":{\"@id\":\"https:\/\/bobea.net\/index.php\/2024\/11\/30\/bobea-star-billie-eilish-se-bat-pour-la-sante-mentale-des-jeunes-femmes\/\"},\"author\":{\"name\":\"bobea.info\",\"@id\":\"https:\/\/bobea.net\/#\/schema\/person\/e7f45ef187918d7c956bf619dce90ccf\"},\"headline\":\"BOBEA STAR&nbsp;&nbsp; \u2014 Billie Eilish se bat pour la sant\u00e9 mentale des jeunes femmes !\",\"datePublished\":\"2024-11-30T22:44:23+00:00\",\"mainEntityOfPage\":{\"@id\":\"https:\/\/bobea.net\/index.php\/2024\/11\/30\/bobea-star-billie-eilish-se-bat-pour-la-sante-mentale-des-jeunes-femmes\/\"},\"wordCount\":214,\"commentCount\":0,\"publisher\":{\"@id\":\"https:\/\/bobea.net\/#organization\"},\"image\":{\"@id\":\"https:\/\/bobea.net\/index.php\/2024\/11\/30\/bobea-star-billie-eilish-se-bat-pour-la-sante-mentale-des-jeunes-femmes\/#primaryimage\"},\"thumbnailUrl\":\"https:\/\/bobea.net\/wp-content\/uploads\/2024\/11\/000_34l99pc-taille1200_670642fe9119a_0.jpg\",\"articleSection\":[\"A la Une\"],\"inLanguage\":\"fr-FR\",\"potentialAction\":[{\"@type\":\"CommentAction\",\"name\":\"Comment\",\"target\":[\"https:\/\/bobea.net\/index.php\/2024\/11\/30\/bobea-star-billie-eilish-se-bat-pour-la-sante-mentale-des-jeunes-femmes\/#respond\"]}]},{\"@type\":\"WebPage\",\"@id\":\"https:\/\/bobea.net\/index.php\/2024\/11\/30\/bobea-star-billie-eilish-se-bat-pour-la-sante-mentale-des-jeunes-femmes\/\",\"url\":\"https:\/\/bobea.net\/index.php\/2024\/11\/30\/bobea-star-billie-eilish-se-bat-pour-la-sante-mentale-des-jeunes-femmes\/\",\"name\":\"BOBEA STAR\u00a0\u00a0 - Billie Eilish se bat pour la sant\u00e9 mentale des jeunes femmes ! - Bobea\",\"isPartOf\":{\"@id\":\"https:\/\/bobea.net\/#website\"},\"primaryImageOfPage\":{\"@id\":\"https:\/\/bobea.net\/index.php\/2024\/11\/30\/bobea-star-billie-eilish-se-bat-pour-la-sante-mentale-des-jeunes-femmes\/#primaryimage\"},\"image\":{\"@id\":\"https:\/\/bobea.net\/index.php\/2024\/11\/30\/bobea-star-billie-eilish-se-bat-pour-la-sante-mentale-des-jeunes-femmes\/#primaryimage\"},\"thumbnailUrl\":\"https:\/\/bobea.net\/wp-content\/uploads\/2024\/11\/000_34l99pc-taille1200_670642fe9119a_0.jpg\",\"datePublished\":\"2024-11-30T22:44:23+00:00\",\"description\":\"Billie Eilish, la chanteuse oscaris\u00e9e et ic\u00f4ne g\u00e9n\u00e9rationnelle, s'est engag\u00e9e dans une campagne visant \u00e0 sensibiliser \u00e0 la sant\u00e9 mentale\",\"breadcrumb\":{\"@id\":\"https:\/\/bobea.net\/index.php\/2024\/11\/30\/bobea-star-billie-eilish-se-bat-pour-la-sante-mentale-des-jeunes-femmes\/#breadcrumb\"},\"inLanguage\":\"fr-FR\",\"potentialAction\":[{\"@type\":\"ReadAction\",\"target\":[\"https:\/\/bobea.net\/index.php\/2024\/11\/30\/bobea-star-billie-eilish-se-bat-pour-la-sante-mentale-des-jeunes-femmes\/\"]}]},{\"@type\":\"ImageObject\",\"inLanguage\":\"fr-FR\",\"@id\":\"https:\/\/bobea.net\/index.php\/2024\/11\/30\/bobea-star-billie-eilish-se-bat-pour-la-sante-mentale-des-jeunes-femmes\/#primaryimage\",\"url\":\"https:\/\/bobea.net\/wp-content\/uploads\/2024\/11\/000_34l99pc-taille1200_670642fe9119a_0.jpg\",\"contentUrl\":\"https:\/\/bobea.net\/wp-content\/uploads\/2024\/11\/000_34l99pc-taille1200_670642fe9119a_0.jpg\",\"width\":750,\"height\":422,\"caption\":\"Billie Eilish se bat pour la sant\u00e9 mentale des jeunes femmes !\"},{\"@type\":\"BreadcrumbList\",\"@id\":\"https:\/\/bobea.net\/index.php\/2024\/11\/30\/bobea-star-billie-eilish-se-bat-pour-la-sante-mentale-des-jeunes-femmes\/#breadcrumb\",\"itemListElement\":[{\"@type\":\"ListItem\",\"position\":1,\"name\":\"Accueil\",\"item\":\"https:\/\/bobea.net\/\"},{\"@type\":\"ListItem\",\"position\":2,\"name\":\"BOBEA STAR\u00a0\u00a0 &#8211; Billie Eilish se bat pour la sant\u00e9 mentale des jeunes femmes !\"}]},{\"@type\":\"WebSite\",\"@id\":\"https:\/\/bobea.net\/#website\",\"url\":\"https:\/\/bobea.net\/\",\"name\":\"Bobea\",\"description\":\"Le magazine de la nouvelle \u00c8ve\",\"publisher\":{\"@id\":\"https:\/\/bobea.net\/#organization\"},\"potentialAction\":[{\"@type\":\"SearchAction\",\"target\":{\"@type\":\"EntryPoint\",\"urlTemplate\":\"https:\/\/bobea.net\/?s={search_term_string}\"},\"query-input\":{\"@type\":\"PropertyValueSpecification\",\"valueRequired\":true,\"valueName\":\"search_term_string\"}}],\"inLanguage\":\"fr-FR\"},{\"@type\":\"Organization\",\"@id\":\"https:\/\/bobea.net\/#organization\",\"name\":\"Bobea\",\"url\":\"https:\/\/bobea.net\/\",\"logo\":{\"@type\":\"ImageObject\",\"inLanguage\":\"fr-FR\",\"@id\":\"https:\/\/bobea.net\/#\/schema\/logo\/image\/\",\"url\":\"https:\/\/bobea.net\/wp-content\/uploads\/2024\/06\/bobea.jpg\",\"contentUrl\":\"https:\/\/bobea.net\/wp-content\/uploads\/2024\/06\/bobea.jpg\",\"width\":1080,\"height\":1080,\"caption\":\"Bobea\"},\"image\":{\"@id\":\"https:\/\/bobea.net\/#\/schema\/logo\/image\/\"},\"sameAs\":[\"https:\/\/web.facebook.com\/profile.php?id=61559252188416\"]},{\"@type\":\"Person\",\"@id\":\"https:\/\/bobea.net\/#\/schema\/person\/e7f45ef187918d7c956bf619dce90ccf\",\"name\":\"bobea.info\",\"image\":{\"@type\":\"ImageObject\",\"inLanguage\":\"fr-FR\",\"@id\":\"https:\/\/bobea.net\/#\/schema\/person\/image\/\",\"url\":\"https:\/\/secure.gravatar.com\/avatar\/36147980349df887ae30808df3e29474?s=96&d=mm&r=g\",\"contentUrl\":\"https:\/\/secure.gravatar.com\/avatar\/36147980349df887ae30808df3e29474?s=96&d=mm&r=g\",\"caption\":\"bobea.info\"},\"sameAs\":[\"https:\/\/bobea.net\"],\"url\":\"https:\/\/bobea.net\/index.php\/author\/bobea-info\/\"}]}<\/script>\n<!-- \/ Yoast SEO plugin. -->","yoast_head_json":{"title":"BOBEA STAR\u00a0\u00a0 - Billie Eilish se bat pour la sant\u00e9 mentale des jeunes femmes ! - Bobea","description":"Billie Eilish, la chanteuse oscaris\u00e9e et ic\u00f4ne g\u00e9n\u00e9rationnelle, s'est engag\u00e9e dans une campagne visant \u00e0 sensibiliser \u00e0 la sant\u00e9 mentale","robots":{"index":"index","follow":"follow","max-snippet":"max-snippet:-1","max-image-preview":"max-image-preview:large","max-video-preview":"max-video-preview:-1"},"canonical":"https:\/\/bobea.net\/index.php\/2024\/11\/30\/bobea-star-billie-eilish-se-bat-pour-la-sante-mentale-des-jeunes-femmes\/","og_locale":"fr_FR","og_type":"article","og_title":"BOBEA STAR\u00a0\u00a0 - Billie Eilish se bat pour la sant\u00e9 mentale des jeunes femmes ! - Bobea","og_description":"Billie Eilish, la chanteuse oscaris\u00e9e et ic\u00f4ne g\u00e9n\u00e9rationnelle, s'est engag\u00e9e dans une campagne visant \u00e0 sensibiliser \u00e0 la sant\u00e9 mentale","og_url":"https:\/\/bobea.net\/index.php\/2024\/11\/30\/bobea-star-billie-eilish-se-bat-pour-la-sante-mentale-des-jeunes-femmes\/","og_site_name":"Bobea","article_publisher":"https:\/\/web.facebook.com\/profile.php?id=61559252188416","article_published_time":"2024-11-30T22:44:23+00:00","og_image":[{"width":750,"height":422,"url":"https:\/\/bobea.net\/wp-content\/uploads\/2024\/11\/000_34l99pc-taille1200_670642fe9119a_0.jpg","type":"image\/jpeg"}],"author":"bobea.info","twitter_card":"summary_large_image","twitter_misc":{"\u00c9crit par":"bobea.info","Dur\u00e9e de lecture estim\u00e9e":"2 minutes"},"schema":{"@context":"https:\/\/schema.org","@graph":[{"@type":"Article","@id":"https:\/\/bobea.net\/index.php\/2024\/11\/30\/bobea-star-billie-eilish-se-bat-pour-la-sante-mentale-des-jeunes-femmes\/#article","isPartOf":{"@id":"https:\/\/bobea.net\/index.php\/2024\/11\/30\/bobea-star-billie-eilish-se-bat-pour-la-sante-mentale-des-jeunes-femmes\/"},"author":{"name":"bobea.info","@id":"https:\/\/bobea.net\/#\/schema\/person\/e7f45ef187918d7c956bf619dce90ccf"},"headline":"BOBEA STAR&nbsp;&nbsp; \u2014 Billie Eilish se bat pour la sant\u00e9 mentale des jeunes femmes !","datePublished":"2024-11-30T22:44:23+00:00","mainEntityOfPage":{"@id":"https:\/\/bobea.net\/index.php\/2024\/11\/30\/bobea-star-billie-eilish-se-bat-pour-la-sante-mentale-des-jeunes-femmes\/"},"wordCount":214,"commentCount":0,"publisher":{"@id":"https:\/\/bobea.net\/#organization"},"image":{"@id":"https:\/\/bobea.net\/index.php\/2024\/11\/30\/bobea-star-billie-eilish-se-bat-pour-la-sante-mentale-des-jeunes-femmes\/#primaryimage"},"thumbnailUrl":"https:\/\/bobea.net\/wp-content\/uploads\/2024\/11\/000_34l99pc-taille1200_670642fe9119a_0.jpg","articleSection":["A la Une"],"inLanguage":"fr-FR","potentialAction":[{"@type":"CommentAction","name":"Comment","target":["https:\/\/bobea.net\/index.php\/2024\/11\/30\/bobea-star-billie-eilish-se-bat-pour-la-sante-mentale-des-jeunes-femmes\/#respond"]}]},{"@type":"WebPage","@id":"https:\/\/bobea.net\/index.php\/2024\/11\/30\/bobea-star-billie-eilish-se-bat-pour-la-sante-mentale-des-jeunes-femmes\/","url":"https:\/\/bobea.net\/index.php\/2024\/11\/30\/bobea-star-billie-eilish-se-bat-pour-la-sante-mentale-des-jeunes-femmes\/","name":"BOBEA STAR\u00a0\u00a0 - Billie Eilish se bat pour la sant\u00e9 mentale des jeunes femmes ! - Bobea","isPartOf":{"@id":"https:\/\/bobea.net\/#website"},"primaryImageOfPage":{"@id":"https:\/\/bobea.net\/index.php\/2024\/11\/30\/bobea-star-billie-eilish-se-bat-pour-la-sante-mentale-des-jeunes-femmes\/#primaryimage"},"image":{"@id":"https:\/\/bobea.net\/index.php\/2024\/11\/30\/bobea-star-billie-eilish-se-bat-pour-la-sante-mentale-des-jeunes-femmes\/#primaryimage"},"thumbnailUrl":"https:\/\/bobea.net\/wp-content\/uploads\/2024\/11\/000_34l99pc-taille1200_670642fe9119a_0.jpg","datePublished":"2024-11-30T22:44:23+00:00","description":"Billie Eilish, la chanteuse oscaris\u00e9e et ic\u00f4ne g\u00e9n\u00e9rationnelle, s'est engag\u00e9e dans une campagne visant \u00e0 sensibiliser \u00e0 la sant\u00e9 mentale","breadcrumb":{"@id":"https:\/\/bobea.net\/index.php\/2024\/11\/30\/bobea-star-billie-eilish-se-bat-pour-la-sante-mentale-des-jeunes-femmes\/#breadcrumb"},"inLanguage":"fr-FR","potentialAction":[{"@type":"ReadAction","target":["https:\/\/bobea.net\/index.php\/2024\/11\/30\/bobea-star-billie-eilish-se-bat-pour-la-sante-mentale-des-jeunes-femmes\/"]}]},{"@type":"ImageObject","inLanguage":"fr-FR","@id":"https:\/\/bobea.net\/index.php\/2024\/11\/30\/bobea-star-billie-eilish-se-bat-pour-la-sante-mentale-des-jeunes-femmes\/#primaryimage","url":"https:\/\/bobea.net\/wp-content\/uploads\/2024\/11\/000_34l99pc-taille1200_670642fe9119a_0.jpg","contentUrl":"https:\/\/bobea.net\/wp-content\/uploads\/2024\/11\/000_34l99pc-taille1200_670642fe9119a_0.jpg","width":750,"height":422,"caption":"Billie Eilish se bat pour la sant\u00e9 mentale des jeunes femmes !"},{"@type":"BreadcrumbList","@id":"https:\/\/bobea.net\/index.php\/2024\/11\/30\/bobea-star-billie-eilish-se-bat-pour-la-sante-mentale-des-jeunes-femmes\/#breadcrumb","itemListElement":[{"@type":"ListItem","position":1,"name":"Accueil","item":"https:\/\/bobea.net\/"},{"@type":"ListItem","position":2,"name":"BOBEA STAR\u00a0\u00a0 &#8211; Billie Eilish se bat pour la sant\u00e9 mentale des jeunes femmes !"}]},{"@type":"WebSite","@id":"https:\/\/bobea.net\/#website","url":"https:\/\/bobea.net\/","name":"Bobea","description":"Le magazine de la nouvelle \u00c8ve","publisher":{"@id":"https:\/\/bobea.net\/#organization"},"potentialAction":[{"@type":"SearchAction","target":{"@type":"EntryPoint","urlTemplate":"https:\/\/bobea.net\/?s={search_term_string}"},"query-input":{"@type":"PropertyValueSpecification","valueRequired":true,"valueName":"search_term_string"}}],"inLanguage":"fr-FR"},{"@type":"Organization","@id":"https:\/\/bobea.net\/#organization","name":"Bobea","url":"https:\/\/bobea.net\/","logo":{"@type":"ImageObject","inLanguage":"fr-FR","@id":"https:\/\/bobea.net\/#\/schema\/logo\/image\/","url":"https:\/\/bobea.net\/wp-content\/uploads\/2024\/06\/bobea.jpg","contentUrl":"https:\/\/bobea.net\/wp-content\/uploads\/2024\/06\/bobea.jpg","width":1080,"height":1080,"caption":"Bobea"},"image":{"@id":"https:\/\/bobea.net\/#\/schema\/logo\/image\/"},"sameAs":["https:\/\/web.facebook.com\/profile.php?id=61559252188416"]},{"@type":"Person","@id":"https:\/\/bobea.net\/#\/schema\/person\/e7f45ef187918d7c956bf619dce90ccf","name":"bobea.info","image":{"@type":"ImageObject","inLanguage":"fr-FR","@id":"https:\/\/bobea.net\/#\/schema\/person\/image\/","url":"https:\/\/secure.gravatar.com\/avatar\/36147980349df887ae30808df3e29474?s=96&d=mm&r=g","contentUrl":"https:\/\/secure.gravatar.com\/avatar\/36147980349df887ae30808df3e29474?s=96&d=mm&r=g","caption":"bobea.info"},"sameAs":["https:\/\/bobea.net"],"url":"https:\/\/bobea.net\/index.php\/author\/bobea-info\/"}]}},"_links":{"self":[{"href":"https:\/\/bobea.net\/index.php\/wp-json\/wp\/v2\/posts\/5731"}],"collection":[{"href":"https:\/\/bobea.net\/index.php\/wp-json\/wp\/v2\/posts"}],"about":[{"href":"https:\/\/bobea.net\/index.php\/wp-json\/wp\/v2\/types\/post"}],"author":[{"embeddable":true,"href":"https:\/\/bobea.net\/index.php\/wp-json\/wp\/v2\/users\/1"}],"replies":[{"embeddable":true,"href":"https:\/\/bobea.net\/index.php\/wp-json\/wp\/v2\/comments?post=5731"}],"version-history":[{"count":0,"href":"https:\/\/bobea.net\/index.php\/wp-json\/wp\/v2\/posts\/5731\/revisions"}],"wp:featuredmedia":[{"embeddable":true,"href":"https:\/\/bobea.net\/index.php\/wp-json\/wp\/v2\/media\/5732"}],"wp:attachment":[{"href":"https:\/\/bobea.net\/index.php\/wp-json\/wp\/v2\/media?parent=5731"}],"wp:term":[{"taxonomy":"category","embeddable":true,"href":"https:\/\/bobea.net\/index.php\/wp-json\/wp\/v2\/categories?post=5731"},{"taxonomy":"post_tag","embeddable":true,"href":"https:\/\/bobea.net\/index.php\/wp-json\/wp\/v2\/tags?post=5731"}],"curies":[{"name":"wp","href":"https:\/\/api.w.org\/{rel}","templated":true}]}}