{"id":5553,"date":"2024-10-24T23:00:48","date_gmt":"2024-10-24T23:00:48","guid":{"rendered":"https:\/\/bobea.net\/?p=5553"},"modified":"2024-10-24T23:00:49","modified_gmt":"2024-10-24T23:00:49","slug":"bobea-mode-la-mode-inclusive-revolutionne-les-podiums-et-les-garde-robes","status":"publish","type":"post","link":"https:\/\/bobea.net\/index.php\/2024\/10\/24\/bobea-mode-la-mode-inclusive-revolutionne-les-podiums-et-les-garde-robes\/","title":{"rendered":"BOBEA \u2014 MODE : La mode inclusive r\u00e9volutionne les podiums et les garde-robes"},"content":{"rendered":"\n<p>C\u00e9l\u00e9br\u00ader la diver\u00adsit\u00e9 des corps et des iden\u00adtit\u00e9s<\/p>\n\n\n\n<p>La mode inclu\u00adsive gagne du ter\u00adrain, trans\u00adfor\u00admant les stan\u00addards de beaut\u00e9 et offrant une repr\u00e9sen\u00adta\u00adtion plus fid\u00e8le de la diver\u00adsit\u00e9 humaine. Cette ten\u00addance, bien plus qu\u2019un ph\u00e9nom\u00e8ne pas\u00adsager, red\u00e9finit l\u2019in\u00addus\u00adtrie de la mode.<\/p>\n\n\n\n<p>Les piliers de la mode inclu\u00adsive<\/p>\n\n\n\n<p>La mode inclu\u00adsive s\u2019ar\u00adtic\u00adule autour de plusieurs principes :<\/p>\n\n\n\n<ul class=\"wp-block-list\">\n<li>Diver\u00adsit\u00e9 des tailles&nbsp;: Des v\u00eate\u00adments adap\u00adt\u00e9s \u00e0 toutes les mor\u00adpholo\u00adgies.<\/li>\n\n\n\n<li>Repr\u00e9sen\u00adta\u00adtion eth\u00adnique&nbsp;: Des man\u00adnequins de toutes orig\u00adines sur les podi\u00adums et dans les cam\u00adpagnes.<\/li>\n\n\n\n<li>Inclu\u00adsion des per\u00adson\u00adnes en sit\u00adu\u00ada\u00adtion de hand\u00adi\u00adcap&nbsp;: Des designs adap\u00adt\u00e9s et une vis\u00adi\u00adbil\u00adit\u00e9 accrue.<\/li>\n<\/ul>\n\n\n\n<p>Impact sur l\u2019in\u00addus\u00adtrie de la mode<\/p>\n\n\n\n<p>Cette \u00e9vo\u00adlu\u00adtion entra\u00eene des change\u00adments sig\u00adni\u00adfi\u00adcat\u00adifs :<\/p>\n\n\n\n<ul class=\"wp-block-list\">\n<li>Nou\u00advelles lignes de pro\u00adduits&nbsp;: Des mar\u00adques cr\u00e9ent des col\u00adlec\u00adtions sp\u00e9\u00adci\u00adfique\u00adment inclu\u00adsives.<\/li>\n\n\n\n<li>Change\u00adment des pra\u00adtiques de cast\u00ading&nbsp;: Les d\u00e9fil\u00e9s et cam\u00adpagnes pub\u00adlic\u00adi\u00adtaires refl\u00e8\u00adtent une plus grande diver\u00adsit\u00e9.<\/li>\n\n\n\n<li>Inno\u00adva\u00adtions tech\u00adnologiques&nbsp;: D\u00e9veloppe\u00adment de tis\u00adsus et de coupes adap\u00adt\u00e9s \u00e0 dif\u00adf\u00e9rentes mor\u00adpholo\u00adgies.<\/li>\n<\/ul>\n\n\n\n<p>B\u00e9n\u00e9\u00adfices pour les con\u00adsom\u00adma\u00adteurs<\/p>\n\n\n\n<p>La mode inclu\u00adsive apporte de nom\u00adbreux avan\u00adtages :<\/p>\n\n\n\n<ul class=\"wp-block-list\">\n<li>Meilleure estime de soi&nbsp;: Se voir repr\u00e9sen\u00adt\u00e9 pos\u00adi\u00adtive\u00adment dans la mode booste la con\u00adfi\u00adance.<\/li>\n\n\n\n<li>Plus de choix&nbsp;: Une offre plus large de styles et de tailles.<\/li>\n\n\n\n<li>Con\u00adfort am\u00e9lior\u00e9&nbsp;: Des v\u00eate\u00adments con\u00e7us pour s\u2019adapter r\u00e9elle\u00adment aux dif\u00adf\u00e9rents corps.<\/li>\n<\/ul>\n\n\n\n<p>Per\u00adspec\u00adtives d\u2019avenir<\/p>\n\n\n\n<p>Com\u00adment la mode inclu\u00adsive va-t-elle con\u00adtin\u00aduer \u00e0 \u00e9voluer ? Ver\u00adrons-nous \u00e9merg\u00ader de nou\u00advelles normes de beaut\u00e9 plus inclu\u00adsives ? Quel sera l\u2019im\u00adpact \u00e0 long terme sur la per\u00adcep\u00adtion soci\u00e9\u00adtale de la beaut\u00e9 et de la diver\u00adsit\u00e9 ?&nbsp;<br><\/p>\n","protected":false},"excerpt":{"rendered":"<p>C\u00e9l\u00e9br\u00ader la diver\u00adsit\u00e9 des corps et des iden\u00adtit\u00e9s La mode inclu\u00adsive gagne du ter\u00adrain, trans\u00adfor\u00admant les stan\u00addards de beaut\u00e9 et offrant une repr\u00e9sen\u00adta\u00adtion plus fid\u00e8le de la diver\u00adsit\u00e9 humaine. Cette\u2026 <\/p>\n","protected":false},"author":1,"featured_media":5554,"comment_status":"open","ping_status":"open","sticky":false,"template":"","format":"standard","meta":{"wp_typography_post_enhancements_disabled":false,"footnotes":""},"categories":[50],"tags":[7993,7995,7997,481,4316,7994,565,7996,7990,7992,1067,7998,7989,2333,7999,7991],"class_list":["post-5553","post","type-post","status-publish","format-standard","has-post-thumbnail","hentry","category-mode","tag-casting-inclusif","tag-choix-de-styles","tag-confort-des-vetements","tag-diversite-des-corps","tag-diversite-humaine","tag-estime-de-soi-mode","tag-industrie-de-la-mode","tag-innovations-technologiques-mode","tag-mannequins-de-toutes-origines","tag-mode-et-handicap","tag-mode-inclusive","tag-normes-de-beaute-inclusives","tag-nouvelles-lignes-de-produits","tag-representation-ethnique","tag-revolution-des-podiums","tag-vetements-adaptes"],"yoast_head":"<!-- This site is optimized with the Yoast SEO plugin v24.7 - https:\/\/yoast.com\/wordpress\/plugins\/seo\/ -->\n<title>BOBEA - MODE : La mode inclusive r\u00e9volutionne les podiums et les garde-robes - Bobea<\/title>\n<meta name=\"description\" content=\"La mode inclusive gagne du terrain, transformant les standards de beaut\u00e9 et offrant une repr\u00e9sentation plus fid\u00e8le de la diversit\u00e9 humaine.\" \/>\n<meta name=\"robots\" content=\"index, follow, max-snippet:-1, max-image-preview:large, max-video-preview:-1\" \/>\n<link rel=\"canonical\" href=\"https:\/\/bobea.net\/index.php\/2024\/10\/24\/bobea-mode-la-mode-inclusive-revolutionne-les-podiums-et-les-garde-robes\/\" \/>\n<meta property=\"og:locale\" content=\"fr_FR\" \/>\n<meta property=\"og:type\" content=\"article\" \/>\n<meta property=\"og:title\" content=\"BOBEA - MODE : La mode inclusive r\u00e9volutionne les podiums et les garde-robes - Bobea\" \/>\n<meta property=\"og:description\" content=\"La mode inclusive gagne du terrain, transformant les standards de beaut\u00e9 et offrant une repr\u00e9sentation plus fid\u00e8le de la diversit\u00e9 humaine.\" \/>\n<meta property=\"og:url\" content=\"https:\/\/bobea.net\/index.php\/2024\/10\/24\/bobea-mode-la-mode-inclusive-revolutionne-les-podiums-et-les-garde-robes\/\" \/>\n<meta property=\"og:site_name\" content=\"Bobea\" \/>\n<meta property=\"article:publisher\" content=\"https:\/\/web.facebook.com\/profile.php?id=61559252188416\" \/>\n<meta property=\"article:published_time\" content=\"2024-10-24T23:00:48+00:00\" \/>\n<meta property=\"article:modified_time\" content=\"2024-10-24T23:00:49+00:00\" \/>\n<meta property=\"og:image\" content=\"https:\/\/bobea.net\/wp-content\/uploads\/2024\/10\/640px-Claudia_Bertolero_Miami_Fashion_Week-jpg.webp\" \/>\n\t<meta property=\"og:image:width\" content=\"640\" \/>\n\t<meta property=\"og:image:height\" content=\"427\" \/>\n\t<meta property=\"og:image:type\" content=\"image\/webp\" \/>\n<meta name=\"author\" content=\"bobea.info\" \/>\n<meta name=\"twitter:card\" content=\"summary_large_image\" \/>\n<meta name=\"twitter:label1\" content=\"\u00c9crit par\" \/>\n\t<meta name=\"twitter:data1\" content=\"bobea.info\" \/>\n\t<meta name=\"twitter:label2\" content=\"Dur\u00e9e de lecture estim\u00e9e\" \/>\n\t<meta name=\"twitter:data2\" content=\"2 minutes\" \/>\n<script type=\"application\/ld+json\" class=\"yoast-schema-graph\">{\"@context\":\"https:\/\/schema.org\",\"@graph\":[{\"@type\":\"Article\",\"@id\":\"https:\/\/bobea.net\/index.php\/2024\/10\/24\/bobea-mode-la-mode-inclusive-revolutionne-les-podiums-et-les-garde-robes\/#article\",\"isPartOf\":{\"@id\":\"https:\/\/bobea.net\/index.php\/2024\/10\/24\/bobea-mode-la-mode-inclusive-revolutionne-les-podiums-et-les-garde-robes\/\"},\"author\":{\"name\":\"bobea.info\",\"@id\":\"https:\/\/bobea.net\/#\/schema\/person\/e7f45ef187918d7c956bf619dce90ccf\"},\"headline\":\"BOBEA \u2014 MODE : La mode inclusive r\u00e9volutionne les podiums et les garde-robes\",\"datePublished\":\"2024-10-24T23:00:48+00:00\",\"dateModified\":\"2024-10-24T23:00:49+00:00\",\"mainEntityOfPage\":{\"@id\":\"https:\/\/bobea.net\/index.php\/2024\/10\/24\/bobea-mode-la-mode-inclusive-revolutionne-les-podiums-et-les-garde-robes\/\"},\"wordCount\":274,\"commentCount\":0,\"publisher\":{\"@id\":\"https:\/\/bobea.net\/#organization\"},\"image\":{\"@id\":\"https:\/\/bobea.net\/index.php\/2024\/10\/24\/bobea-mode-la-mode-inclusive-revolutionne-les-podiums-et-les-garde-robes\/#primaryimage\"},\"thumbnailUrl\":\"https:\/\/bobea.net\/wp-content\/uploads\/2024\/10\/640px-Claudia_Bertolero_Miami_Fashion_Week-jpg.webp\",\"keywords\":[\"casting inclusif\",\"choix de styles\",\"confort des v\u00eatements\",\"diversit\u00e9 des corps\",\"diversit\u00e9 humaine\",\"estime de soi mode\",\"industrie de la mode\",\"innovations technologiques mode\",\"mannequins de toutes origines\",\"mode et handicap\",\"mode inclusive\",\"normes de beaut\u00e9 inclusives\",\"nouvelles lignes de produits\",\"repr\u00e9sentation ethnique\",\"r\u00e9volution des podiums\",\"v\u00eatements adapt\u00e9s\"],\"articleSection\":[\"Mode\"],\"inLanguage\":\"fr-FR\",\"potentialAction\":[{\"@type\":\"CommentAction\",\"name\":\"Comment\",\"target\":[\"https:\/\/bobea.net\/index.php\/2024\/10\/24\/bobea-mode-la-mode-inclusive-revolutionne-les-podiums-et-les-garde-robes\/#respond\"]}]},{\"@type\":\"WebPage\",\"@id\":\"https:\/\/bobea.net\/index.php\/2024\/10\/24\/bobea-mode-la-mode-inclusive-revolutionne-les-podiums-et-les-garde-robes\/\",\"url\":\"https:\/\/bobea.net\/index.php\/2024\/10\/24\/bobea-mode-la-mode-inclusive-revolutionne-les-podiums-et-les-garde-robes\/\",\"name\":\"BOBEA - MODE : La mode inclusive r\u00e9volutionne les podiums et les garde-robes - Bobea\",\"isPartOf\":{\"@id\":\"https:\/\/bobea.net\/#website\"},\"primaryImageOfPage\":{\"@id\":\"https:\/\/bobea.net\/index.php\/2024\/10\/24\/bobea-mode-la-mode-inclusive-revolutionne-les-podiums-et-les-garde-robes\/#primaryimage\"},\"image\":{\"@id\":\"https:\/\/bobea.net\/index.php\/2024\/10\/24\/bobea-mode-la-mode-inclusive-revolutionne-les-podiums-et-les-garde-robes\/#primaryimage\"},\"thumbnailUrl\":\"https:\/\/bobea.net\/wp-content\/uploads\/2024\/10\/640px-Claudia_Bertolero_Miami_Fashion_Week-jpg.webp\",\"datePublished\":\"2024-10-24T23:00:48+00:00\",\"dateModified\":\"2024-10-24T23:00:49+00:00\",\"description\":\"La mode inclusive gagne du terrain, transformant les standards de beaut\u00e9 et offrant une repr\u00e9sentation plus fid\u00e8le de la diversit\u00e9 humaine.\",\"breadcrumb\":{\"@id\":\"https:\/\/bobea.net\/index.php\/2024\/10\/24\/bobea-mode-la-mode-inclusive-revolutionne-les-podiums-et-les-garde-robes\/#breadcrumb\"},\"inLanguage\":\"fr-FR\",\"potentialAction\":[{\"@type\":\"ReadAction\",\"target\":[\"https:\/\/bobea.net\/index.php\/2024\/10\/24\/bobea-mode-la-mode-inclusive-revolutionne-les-podiums-et-les-garde-robes\/\"]}]},{\"@type\":\"ImageObject\",\"inLanguage\":\"fr-FR\",\"@id\":\"https:\/\/bobea.net\/index.php\/2024\/10\/24\/bobea-mode-la-mode-inclusive-revolutionne-les-podiums-et-les-garde-robes\/#primaryimage\",\"url\":\"https:\/\/bobea.net\/wp-content\/uploads\/2024\/10\/640px-Claudia_Bertolero_Miami_Fashion_Week-jpg.webp\",\"contentUrl\":\"https:\/\/bobea.net\/wp-content\/uploads\/2024\/10\/640px-Claudia_Bertolero_Miami_Fashion_Week-jpg.webp\",\"width\":640,\"height\":427,\"caption\":\"MODE : La mode inclusive r\u00e9volutionne les podiums et les garde-robes\"},{\"@type\":\"BreadcrumbList\",\"@id\":\"https:\/\/bobea.net\/index.php\/2024\/10\/24\/bobea-mode-la-mode-inclusive-revolutionne-les-podiums-et-les-garde-robes\/#breadcrumb\",\"itemListElement\":[{\"@type\":\"ListItem\",\"position\":1,\"name\":\"Accueil\",\"item\":\"https:\/\/bobea.net\/\"},{\"@type\":\"ListItem\",\"position\":2,\"name\":\"BOBEA &#8211; MODE : La mode inclusive r\u00e9volutionne les podiums et les garde-robes\"}]},{\"@type\":\"WebSite\",\"@id\":\"https:\/\/bobea.net\/#website\",\"url\":\"https:\/\/bobea.net\/\",\"name\":\"Bobea\",\"description\":\"Le magazine de la nouvelle \u00c8ve\",\"publisher\":{\"@id\":\"https:\/\/bobea.net\/#organization\"},\"potentialAction\":[{\"@type\":\"SearchAction\",\"target\":{\"@type\":\"EntryPoint\",\"urlTemplate\":\"https:\/\/bobea.net\/?s={search_term_string}\"},\"query-input\":{\"@type\":\"PropertyValueSpecification\",\"valueRequired\":true,\"valueName\":\"search_term_string\"}}],\"inLanguage\":\"fr-FR\"},{\"@type\":\"Organization\",\"@id\":\"https:\/\/bobea.net\/#organization\",\"name\":\"Bobea\",\"url\":\"https:\/\/bobea.net\/\",\"logo\":{\"@type\":\"ImageObject\",\"inLanguage\":\"fr-FR\",\"@id\":\"https:\/\/bobea.net\/#\/schema\/logo\/image\/\",\"url\":\"https:\/\/bobea.net\/wp-content\/uploads\/2024\/06\/bobea.jpg\",\"contentUrl\":\"https:\/\/bobea.net\/wp-content\/uploads\/2024\/06\/bobea.jpg\",\"width\":1080,\"height\":1080,\"caption\":\"Bobea\"},\"image\":{\"@id\":\"https:\/\/bobea.net\/#\/schema\/logo\/image\/\"},\"sameAs\":[\"https:\/\/web.facebook.com\/profile.php?id=61559252188416\"]},{\"@type\":\"Person\",\"@id\":\"https:\/\/bobea.net\/#\/schema\/person\/e7f45ef187918d7c956bf619dce90ccf\",\"name\":\"bobea.info\",\"image\":{\"@type\":\"ImageObject\",\"inLanguage\":\"fr-FR\",\"@id\":\"https:\/\/bobea.net\/#\/schema\/person\/image\/\",\"url\":\"https:\/\/secure.gravatar.com\/avatar\/36147980349df887ae30808df3e29474?s=96&d=mm&r=g\",\"contentUrl\":\"https:\/\/secure.gravatar.com\/avatar\/36147980349df887ae30808df3e29474?s=96&d=mm&r=g\",\"caption\":\"bobea.info\"},\"sameAs\":[\"https:\/\/bobea.net\"],\"url\":\"https:\/\/bobea.net\/index.php\/author\/bobea-info\/\"}]}<\/script>\n<!-- \/ Yoast SEO plugin. -->","yoast_head_json":{"title":"BOBEA - MODE : La mode inclusive r\u00e9volutionne les podiums et les garde-robes - Bobea","description":"La mode inclusive gagne du terrain, transformant les standards de beaut\u00e9 et offrant une repr\u00e9sentation plus fid\u00e8le de la diversit\u00e9 humaine.","robots":{"index":"index","follow":"follow","max-snippet":"max-snippet:-1","max-image-preview":"max-image-preview:large","max-video-preview":"max-video-preview:-1"},"canonical":"https:\/\/bobea.net\/index.php\/2024\/10\/24\/bobea-mode-la-mode-inclusive-revolutionne-les-podiums-et-les-garde-robes\/","og_locale":"fr_FR","og_type":"article","og_title":"BOBEA - MODE : La mode inclusive r\u00e9volutionne les podiums et les garde-robes - Bobea","og_description":"La mode inclusive gagne du terrain, transformant les standards de beaut\u00e9 et offrant une repr\u00e9sentation plus fid\u00e8le de la diversit\u00e9 humaine.","og_url":"https:\/\/bobea.net\/index.php\/2024\/10\/24\/bobea-mode-la-mode-inclusive-revolutionne-les-podiums-et-les-garde-robes\/","og_site_name":"Bobea","article_publisher":"https:\/\/web.facebook.com\/profile.php?id=61559252188416","article_published_time":"2024-10-24T23:00:48+00:00","article_modified_time":"2024-10-24T23:00:49+00:00","og_image":[{"width":640,"height":427,"url":"https:\/\/bobea.net\/wp-content\/uploads\/2024\/10\/640px-Claudia_Bertolero_Miami_Fashion_Week-jpg.webp","type":"image\/webp"}],"author":"bobea.info","twitter_card":"summary_large_image","twitter_misc":{"\u00c9crit par":"bobea.info","Dur\u00e9e de lecture estim\u00e9e":"2 minutes"},"schema":{"@context":"https:\/\/schema.org","@graph":[{"@type":"Article","@id":"https:\/\/bobea.net\/index.php\/2024\/10\/24\/bobea-mode-la-mode-inclusive-revolutionne-les-podiums-et-les-garde-robes\/#article","isPartOf":{"@id":"https:\/\/bobea.net\/index.php\/2024\/10\/24\/bobea-mode-la-mode-inclusive-revolutionne-les-podiums-et-les-garde-robes\/"},"author":{"name":"bobea.info","@id":"https:\/\/bobea.net\/#\/schema\/person\/e7f45ef187918d7c956bf619dce90ccf"},"headline":"BOBEA \u2014 MODE : La mode inclusive r\u00e9volutionne les podiums et les garde-robes","datePublished":"2024-10-24T23:00:48+00:00","dateModified":"2024-10-24T23:00:49+00:00","mainEntityOfPage":{"@id":"https:\/\/bobea.net\/index.php\/2024\/10\/24\/bobea-mode-la-mode-inclusive-revolutionne-les-podiums-et-les-garde-robes\/"},"wordCount":274,"commentCount":0,"publisher":{"@id":"https:\/\/bobea.net\/#organization"},"image":{"@id":"https:\/\/bobea.net\/index.php\/2024\/10\/24\/bobea-mode-la-mode-inclusive-revolutionne-les-podiums-et-les-garde-robes\/#primaryimage"},"thumbnailUrl":"https:\/\/bobea.net\/wp-content\/uploads\/2024\/10\/640px-Claudia_Bertolero_Miami_Fashion_Week-jpg.webp","keywords":["casting inclusif","choix de styles","confort des v\u00eatements","diversit\u00e9 des corps","diversit\u00e9 humaine","estime de soi mode","industrie de la mode","innovations technologiques mode","mannequins de toutes origines","mode et handicap","mode inclusive","normes de beaut\u00e9 inclusives","nouvelles lignes de produits","repr\u00e9sentation ethnique","r\u00e9volution des podiums","v\u00eatements adapt\u00e9s"],"articleSection":["Mode"],"inLanguage":"fr-FR","potentialAction":[{"@type":"CommentAction","name":"Comment","target":["https:\/\/bobea.net\/index.php\/2024\/10\/24\/bobea-mode-la-mode-inclusive-revolutionne-les-podiums-et-les-garde-robes\/#respond"]}]},{"@type":"WebPage","@id":"https:\/\/bobea.net\/index.php\/2024\/10\/24\/bobea-mode-la-mode-inclusive-revolutionne-les-podiums-et-les-garde-robes\/","url":"https:\/\/bobea.net\/index.php\/2024\/10\/24\/bobea-mode-la-mode-inclusive-revolutionne-les-podiums-et-les-garde-robes\/","name":"BOBEA - MODE : La mode inclusive r\u00e9volutionne les podiums et les garde-robes - Bobea","isPartOf":{"@id":"https:\/\/bobea.net\/#website"},"primaryImageOfPage":{"@id":"https:\/\/bobea.net\/index.php\/2024\/10\/24\/bobea-mode-la-mode-inclusive-revolutionne-les-podiums-et-les-garde-robes\/#primaryimage"},"image":{"@id":"https:\/\/bobea.net\/index.php\/2024\/10\/24\/bobea-mode-la-mode-inclusive-revolutionne-les-podiums-et-les-garde-robes\/#primaryimage"},"thumbnailUrl":"https:\/\/bobea.net\/wp-content\/uploads\/2024\/10\/640px-Claudia_Bertolero_Miami_Fashion_Week-jpg.webp","datePublished":"2024-10-24T23:00:48+00:00","dateModified":"2024-10-24T23:00:49+00:00","description":"La mode inclusive gagne du terrain, transformant les standards de beaut\u00e9 et offrant une repr\u00e9sentation plus fid\u00e8le de la diversit\u00e9 humaine.","breadcrumb":{"@id":"https:\/\/bobea.net\/index.php\/2024\/10\/24\/bobea-mode-la-mode-inclusive-revolutionne-les-podiums-et-les-garde-robes\/#breadcrumb"},"inLanguage":"fr-FR","potentialAction":[{"@type":"ReadAction","target":["https:\/\/bobea.net\/index.php\/2024\/10\/24\/bobea-mode-la-mode-inclusive-revolutionne-les-podiums-et-les-garde-robes\/"]}]},{"@type":"ImageObject","inLanguage":"fr-FR","@id":"https:\/\/bobea.net\/index.php\/2024\/10\/24\/bobea-mode-la-mode-inclusive-revolutionne-les-podiums-et-les-garde-robes\/#primaryimage","url":"https:\/\/bobea.net\/wp-content\/uploads\/2024\/10\/640px-Claudia_Bertolero_Miami_Fashion_Week-jpg.webp","contentUrl":"https:\/\/bobea.net\/wp-content\/uploads\/2024\/10\/640px-Claudia_Bertolero_Miami_Fashion_Week-jpg.webp","width":640,"height":427,"caption":"MODE : La mode inclusive r\u00e9volutionne les podiums et les garde-robes"},{"@type":"BreadcrumbList","@id":"https:\/\/bobea.net\/index.php\/2024\/10\/24\/bobea-mode-la-mode-inclusive-revolutionne-les-podiums-et-les-garde-robes\/#breadcrumb","itemListElement":[{"@type":"ListItem","position":1,"name":"Accueil","item":"https:\/\/bobea.net\/"},{"@type":"ListItem","position":2,"name":"BOBEA &#8211; MODE : La mode inclusive r\u00e9volutionne les podiums et les garde-robes"}]},{"@type":"WebSite","@id":"https:\/\/bobea.net\/#website","url":"https:\/\/bobea.net\/","name":"Bobea","description":"Le magazine de la nouvelle \u00c8ve","publisher":{"@id":"https:\/\/bobea.net\/#organization"},"potentialAction":[{"@type":"SearchAction","target":{"@type":"EntryPoint","urlTemplate":"https:\/\/bobea.net\/?s={search_term_string}"},"query-input":{"@type":"PropertyValueSpecification","valueRequired":true,"valueName":"search_term_string"}}],"inLanguage":"fr-FR"},{"@type":"Organization","@id":"https:\/\/bobea.net\/#organization","name":"Bobea","url":"https:\/\/bobea.net\/","logo":{"@type":"ImageObject","inLanguage":"fr-FR","@id":"https:\/\/bobea.net\/#\/schema\/logo\/image\/","url":"https:\/\/bobea.net\/wp-content\/uploads\/2024\/06\/bobea.jpg","contentUrl":"https:\/\/bobea.net\/wp-content\/uploads\/2024\/06\/bobea.jpg","width":1080,"height":1080,"caption":"Bobea"},"image":{"@id":"https:\/\/bobea.net\/#\/schema\/logo\/image\/"},"sameAs":["https:\/\/web.facebook.com\/profile.php?id=61559252188416"]},{"@type":"Person","@id":"https:\/\/bobea.net\/#\/schema\/person\/e7f45ef187918d7c956bf619dce90ccf","name":"bobea.info","image":{"@type":"ImageObject","inLanguage":"fr-FR","@id":"https:\/\/bobea.net\/#\/schema\/person\/image\/","url":"https:\/\/secure.gravatar.com\/avatar\/36147980349df887ae30808df3e29474?s=96&d=mm&r=g","contentUrl":"https:\/\/secure.gravatar.com\/avatar\/36147980349df887ae30808df3e29474?s=96&d=mm&r=g","caption":"bobea.info"},"sameAs":["https:\/\/bobea.net"],"url":"https:\/\/bobea.net\/index.php\/author\/bobea-info\/"}]}},"_links":{"self":[{"href":"https:\/\/bobea.net\/index.php\/wp-json\/wp\/v2\/posts\/5553"}],"collection":[{"href":"https:\/\/bobea.net\/index.php\/wp-json\/wp\/v2\/posts"}],"about":[{"href":"https:\/\/bobea.net\/index.php\/wp-json\/wp\/v2\/types\/post"}],"author":[{"embeddable":true,"href":"https:\/\/bobea.net\/index.php\/wp-json\/wp\/v2\/users\/1"}],"replies":[{"embeddable":true,"href":"https:\/\/bobea.net\/index.php\/wp-json\/wp\/v2\/comments?post=5553"}],"version-history":[{"count":0,"href":"https:\/\/bobea.net\/index.php\/wp-json\/wp\/v2\/posts\/5553\/revisions"}],"wp:featuredmedia":[{"embeddable":true,"href":"https:\/\/bobea.net\/index.php\/wp-json\/wp\/v2\/media\/5554"}],"wp:attachment":[{"href":"https:\/\/bobea.net\/index.php\/wp-json\/wp\/v2\/media?parent=5553"}],"wp:term":[{"taxonomy":"category","embeddable":true,"href":"https:\/\/bobea.net\/index.php\/wp-json\/wp\/v2\/categories?post=5553"},{"taxonomy":"post_tag","embeddable":true,"href":"https:\/\/bobea.net\/index.php\/wp-json\/wp\/v2\/tags?post=5553"}],"curies":[{"name":"wp","href":"https:\/\/api.w.org\/{rel}","templated":true}]}}