{"id":5050,"date":"2024-09-04T17:43:49","date_gmt":"2024-09-04T17:43:49","guid":{"rendered":"https:\/\/bobea.net\/?p=5050"},"modified":"2024-09-04T17:43:51","modified_gmt":"2024-09-04T17:43:51","slug":"la-beaute-en-politique-les-femmes-belles-reussissent-elles-mieux-en-politique","status":"publish","type":"post","link":"https:\/\/bobea.net\/index.php\/2024\/09\/04\/la-beaute-en-politique-les-femmes-belles-reussissent-elles-mieux-en-politique\/","title":{"rendered":"La beaut\u00e9 en politique : les femmes belles r\u00e9ussissent-elles mieux en politique ?"},"content":{"rendered":"\n<p>L\u2019in\u00adflu\u00adence de l\u2019ap\u00adparence dans la sph\u00e8re poli\u00adtique<\/p>\n\n\n\n<p>La ques\u00adtion de l\u2019ap\u00adparence physique et de son impact sur la car\u00adri\u00e8re poli\u00adtique des femmes est un sujet de d\u00e9bat r\u00e9cur\u00adrent. Cer\u00adtaines \u00e9tudes sug\u00adg\u00e8rent que les femmes per\u00e7ues comme belles peu\u00advent b\u00e9n\u00e9\u00adfici\u00ader d\u2019un avan\u00adtage en ter\u00admes de vis\u00adi\u00adbil\u00adit\u00e9 et de sou\u00adtien pub\u00adlic.<\/p>\n\n\n\n<p>Les d\u00e9fis de la per\u00adcep\u00adtion<\/p>\n\n\n\n<p>Cepen\u00addant, la beaut\u00e9 peut aus\u00adsi \u00eatre un obsta\u00adcle, car elle peut entra\u00een\u00ader des st\u00e9r\u00e9o\u00adtypes et des pr\u00e9jug\u00e9s. Les femmes poli\u00adtiques doivent sou\u00advent prou\u00adver qu\u2019elles sont com\u00adp\u00e9\u00adtentes et s\u00e9rieuses, au-del\u00e0 de leur apparence.<\/p>\n\n\n\n<p>Des exem\u00adples inspi\u00adrants<\/p>\n\n\n\n<p>Des fig\u00adures poli\u00adtiques comme Jacin\u00adda Ardern ou San\u00adna Marin mon\u00adtrent que la com\u00adp\u00e9\u00adtence et le charisme peu\u00advent tran\u00adscen\u00adder les juge\u00adments super\u00adfi\u00adciels. Leur suc\u00adc\u00e8s d\u00e9mon\u00adtre que l\u2019en\u00adgage\u00adment et le lead\u00ader\u00adship sont les v\u00e9ri\u00adta\u00adbles cl\u00e9s de la r\u00e9us\u00adsite en poli\u00adtique.<\/p>\n\n\n\n<p>Con\u00adclu\u00adsion : Au-del\u00e0 de l\u2019ap\u00adparence, l\u2019im\u00adpor\u00adtance de l\u2019en\u00adgage\u00adment<\/p>\n\n\n\n<p>La beaut\u00e9 peut ouvrir des portes, mais elle ne suf\u00adfit pas \u00e0 garan\u00adtir le suc\u00adc\u00e8s en poli\u00adtique. Com\u00adment les femmes peu\u00advent-elles nav\u00adiguer dans un monde o\u00f9 l\u2019ap\u00adparence joue un r\u00f4le, tout en restant fid\u00e8les \u00e0 leurs valeurs et \u00e0 leur vision ? En se con\u00adcen\u00adtrant sur leurs com\u00adp\u00e9\u00adtences et leur engage\u00adment, elles peu\u00advent red\u00e9finir les normes et inspir\u00ader les futures g\u00e9n\u00e9ra\u00adtions de lead\u00aders.<\/p>\n","protected":false},"excerpt":{"rendered":"<p>L\u2019in\u00adflu\u00adence de l\u2019ap\u00adparence dans la sph\u00e8re poli\u00adtique La ques\u00adtion de l\u2019ap\u00adparence physique et de son impact sur la car\u00adri\u00e8re poli\u00adtique des femmes est un sujet de d\u00e9bat r\u00e9cur\u00adrent. Cer\u00adtaines \u00e9tudes\u2026 <\/p>\n","protected":false},"author":1,"featured_media":5051,"comment_status":"open","ping_status":"open","sticky":false,"template":"","format":"standard","meta":{"wp_typography_post_enhancements_disabled":false,"footnotes":""},"categories":[51],"tags":[6617,6621,6613,6615,1235,6623,1234,6629,1086,6620,6614,3583,1093,6627,595,6626,6618,6625,6624,6622,6616,6630,6619,2598,6628],"class_list":["post-5050","post","type-post","status-publish","format-standard","has-post-thumbnail","hentry","category-beaute","tag-apparence-et-politique","tag-charisme-en-politique","tag-competence-vs-apparence","tag-defis-des-femmes-politiques","tag-egalite-des-sexes","tag-engagement-en-politique","tag-femmes-en-politique","tag-femmes-influentes","tag-femmes-leaders","tag-impact-de-lapparence","tag-influence-de-la-beaute","tag-inspiration-feminine","tag-jacinda-ardern","tag-leadership-et-competences","tag-leadership-feminin","tag-normes-de-beaute","tag-perception-de-la-beaute","tag-politique-et-image","tag-prejuges-en-politique","tag-reussite-des-femmes","tag-reussite-politique","tag-role-de-la-beaute","tag-sanna-marin","tag-stereotypes-de-genre","tag-stereotypes-en-politique"],"yoast_head":"<!-- This site is optimized with the Yoast SEO plugin v24.7 - https:\/\/yoast.com\/wordpress\/plugins\/seo\/ -->\n<title>La beaut\u00e9 en politique : les femmes belles r\u00e9ussissent-elles mieux en politique ? - Bobea<\/title>\n<meta name=\"description\" content=\"La question de l&#039;apparence physique et de son impact sur la carri\u00e8re politique des femmes est un sujet de d\u00e9bat r\u00e9current.\" \/>\n<meta name=\"robots\" content=\"index, follow, max-snippet:-1, max-image-preview:large, max-video-preview:-1\" \/>\n<link rel=\"canonical\" href=\"https:\/\/bobea.net\/index.php\/2024\/09\/04\/la-beaute-en-politique-les-femmes-belles-reussissent-elles-mieux-en-politique\/\" \/>\n<meta property=\"og:locale\" content=\"fr_FR\" \/>\n<meta property=\"og:type\" content=\"article\" \/>\n<meta property=\"og:title\" content=\"La beaut\u00e9 en politique : les femmes belles r\u00e9ussissent-elles mieux en politique ? - Bobea\" \/>\n<meta property=\"og:description\" content=\"La question de l&#039;apparence physique et de son impact sur la carri\u00e8re politique des femmes est un sujet de d\u00e9bat r\u00e9current.\" \/>\n<meta property=\"og:url\" content=\"https:\/\/bobea.net\/index.php\/2024\/09\/04\/la-beaute-en-politique-les-femmes-belles-reussissent-elles-mieux-en-politique\/\" \/>\n<meta property=\"og:site_name\" content=\"Bobea\" \/>\n<meta property=\"article:publisher\" content=\"https:\/\/web.facebook.com\/profile.php?id=61559252188416\" \/>\n<meta property=\"article:published_time\" content=\"2024-09-04T17:43:49+00:00\" \/>\n<meta property=\"article:modified_time\" content=\"2024-09-04T17:43:51+00:00\" \/>\n<meta property=\"og:image\" content=\"https:\/\/bobea.net\/wp-content\/uploads\/2024\/09\/image-743x420-1.jpg\" \/>\n\t<meta property=\"og:image:width\" content=\"743\" \/>\n\t<meta property=\"og:image:height\" content=\"420\" \/>\n\t<meta property=\"og:image:type\" content=\"image\/jpeg\" \/>\n<meta name=\"author\" content=\"bobea.info\" \/>\n<meta name=\"twitter:card\" content=\"summary_large_image\" \/>\n<meta name=\"twitter:label1\" content=\"\u00c9crit par\" \/>\n\t<meta name=\"twitter:data1\" content=\"bobea.info\" \/>\n\t<meta name=\"twitter:label2\" content=\"Dur\u00e9e de lecture estim\u00e9e\" \/>\n\t<meta name=\"twitter:data2\" content=\"2 minutes\" \/>\n<script type=\"application\/ld+json\" class=\"yoast-schema-graph\">{\"@context\":\"https:\/\/schema.org\",\"@graph\":[{\"@type\":\"Article\",\"@id\":\"https:\/\/bobea.net\/index.php\/2024\/09\/04\/la-beaute-en-politique-les-femmes-belles-reussissent-elles-mieux-en-politique\/#article\",\"isPartOf\":{\"@id\":\"https:\/\/bobea.net\/index.php\/2024\/09\/04\/la-beaute-en-politique-les-femmes-belles-reussissent-elles-mieux-en-politique\/\"},\"author\":{\"name\":\"bobea.info\",\"@id\":\"https:\/\/bobea.net\/#\/schema\/person\/e7f45ef187918d7c956bf619dce90ccf\"},\"headline\":\"La beaut\u00e9 en politique : les femmes belles r\u00e9ussissent-elles mieux en politique ?\",\"datePublished\":\"2024-09-04T17:43:49+00:00\",\"dateModified\":\"2024-09-04T17:43:51+00:00\",\"mainEntityOfPage\":{\"@id\":\"https:\/\/bobea.net\/index.php\/2024\/09\/04\/la-beaute-en-politique-les-femmes-belles-reussissent-elles-mieux-en-politique\/\"},\"wordCount\":244,\"commentCount\":0,\"publisher\":{\"@id\":\"https:\/\/bobea.net\/#organization\"},\"image\":{\"@id\":\"https:\/\/bobea.net\/index.php\/2024\/09\/04\/la-beaute-en-politique-les-femmes-belles-reussissent-elles-mieux-en-politique\/#primaryimage\"},\"thumbnailUrl\":\"https:\/\/bobea.net\/wp-content\/uploads\/2024\/09\/image-743x420-1.jpg\",\"keywords\":[\"apparence et politique\",\"charisme en politique\",\"comp\u00e9tence vs apparence\",\"d\u00e9fis des femmes politiques\",\"\u00e9galit\u00e9 des sexes.\",\"engagement en politique\",\"femmes en politique\",\"femmes influentes\",\"femmes leaders\",\"impact de l'apparence\",\"influence de la beaut\u00e9\",\"inspiration f\u00e9minine\",\"Jacinda Ardern\",\"leadership et comp\u00e9tences\",\"Leadership f\u00e9minin\",\"normes de beaut\u00e9\",\"perception de la beaut\u00e9\",\"politique et image\",\"pr\u00e9jug\u00e9s en politique\",\"r\u00e9ussite des femmes\",\"r\u00e9ussite politique\",\"r\u00f4le de la beaut\u00e9.\",\"Sanna Marin\",\"st\u00e9r\u00e9otypes de genre\",\"st\u00e9r\u00e9otypes en politique\"],\"articleSection\":[\"Beaut\u00e9\"],\"inLanguage\":\"fr-FR\",\"potentialAction\":[{\"@type\":\"CommentAction\",\"name\":\"Comment\",\"target\":[\"https:\/\/bobea.net\/index.php\/2024\/09\/04\/la-beaute-en-politique-les-femmes-belles-reussissent-elles-mieux-en-politique\/#respond\"]}]},{\"@type\":\"WebPage\",\"@id\":\"https:\/\/bobea.net\/index.php\/2024\/09\/04\/la-beaute-en-politique-les-femmes-belles-reussissent-elles-mieux-en-politique\/\",\"url\":\"https:\/\/bobea.net\/index.php\/2024\/09\/04\/la-beaute-en-politique-les-femmes-belles-reussissent-elles-mieux-en-politique\/\",\"name\":\"La beaut\u00e9 en politique : les femmes belles r\u00e9ussissent-elles mieux en politique ? - Bobea\",\"isPartOf\":{\"@id\":\"https:\/\/bobea.net\/#website\"},\"primaryImageOfPage\":{\"@id\":\"https:\/\/bobea.net\/index.php\/2024\/09\/04\/la-beaute-en-politique-les-femmes-belles-reussissent-elles-mieux-en-politique\/#primaryimage\"},\"image\":{\"@id\":\"https:\/\/bobea.net\/index.php\/2024\/09\/04\/la-beaute-en-politique-les-femmes-belles-reussissent-elles-mieux-en-politique\/#primaryimage\"},\"thumbnailUrl\":\"https:\/\/bobea.net\/wp-content\/uploads\/2024\/09\/image-743x420-1.jpg\",\"datePublished\":\"2024-09-04T17:43:49+00:00\",\"dateModified\":\"2024-09-04T17:43:51+00:00\",\"description\":\"La question de l'apparence physique et de son impact sur la carri\u00e8re politique des femmes est un sujet de d\u00e9bat r\u00e9current.\",\"breadcrumb\":{\"@id\":\"https:\/\/bobea.net\/index.php\/2024\/09\/04\/la-beaute-en-politique-les-femmes-belles-reussissent-elles-mieux-en-politique\/#breadcrumb\"},\"inLanguage\":\"fr-FR\",\"potentialAction\":[{\"@type\":\"ReadAction\",\"target\":[\"https:\/\/bobea.net\/index.php\/2024\/09\/04\/la-beaute-en-politique-les-femmes-belles-reussissent-elles-mieux-en-politique\/\"]}]},{\"@type\":\"ImageObject\",\"inLanguage\":\"fr-FR\",\"@id\":\"https:\/\/bobea.net\/index.php\/2024\/09\/04\/la-beaute-en-politique-les-femmes-belles-reussissent-elles-mieux-en-politique\/#primaryimage\",\"url\":\"https:\/\/bobea.net\/wp-content\/uploads\/2024\/09\/image-743x420-1.jpg\",\"contentUrl\":\"https:\/\/bobea.net\/wp-content\/uploads\/2024\/09\/image-743x420-1.jpg\",\"width\":743,\"height\":420,\"caption\":\"La beaut\u00e9 en politique : les femmes belles r\u00e9ussissent-elles mieux en politique ?\"},{\"@type\":\"BreadcrumbList\",\"@id\":\"https:\/\/bobea.net\/index.php\/2024\/09\/04\/la-beaute-en-politique-les-femmes-belles-reussissent-elles-mieux-en-politique\/#breadcrumb\",\"itemListElement\":[{\"@type\":\"ListItem\",\"position\":1,\"name\":\"Accueil\",\"item\":\"https:\/\/bobea.net\/\"},{\"@type\":\"ListItem\",\"position\":2,\"name\":\"La beaut\u00e9 en politique : les femmes belles r\u00e9ussissent-elles mieux en politique ?\"}]},{\"@type\":\"WebSite\",\"@id\":\"https:\/\/bobea.net\/#website\",\"url\":\"https:\/\/bobea.net\/\",\"name\":\"Bobea\",\"description\":\"Le magazine de la nouvelle \u00c8ve\",\"publisher\":{\"@id\":\"https:\/\/bobea.net\/#organization\"},\"potentialAction\":[{\"@type\":\"SearchAction\",\"target\":{\"@type\":\"EntryPoint\",\"urlTemplate\":\"https:\/\/bobea.net\/?s={search_term_string}\"},\"query-input\":{\"@type\":\"PropertyValueSpecification\",\"valueRequired\":true,\"valueName\":\"search_term_string\"}}],\"inLanguage\":\"fr-FR\"},{\"@type\":\"Organization\",\"@id\":\"https:\/\/bobea.net\/#organization\",\"name\":\"Bobea\",\"url\":\"https:\/\/bobea.net\/\",\"logo\":{\"@type\":\"ImageObject\",\"inLanguage\":\"fr-FR\",\"@id\":\"https:\/\/bobea.net\/#\/schema\/logo\/image\/\",\"url\":\"https:\/\/bobea.net\/wp-content\/uploads\/2024\/06\/bobea.jpg\",\"contentUrl\":\"https:\/\/bobea.net\/wp-content\/uploads\/2024\/06\/bobea.jpg\",\"width\":1080,\"height\":1080,\"caption\":\"Bobea\"},\"image\":{\"@id\":\"https:\/\/bobea.net\/#\/schema\/logo\/image\/\"},\"sameAs\":[\"https:\/\/web.facebook.com\/profile.php?id=61559252188416\"]},{\"@type\":\"Person\",\"@id\":\"https:\/\/bobea.net\/#\/schema\/person\/e7f45ef187918d7c956bf619dce90ccf\",\"name\":\"bobea.info\",\"image\":{\"@type\":\"ImageObject\",\"inLanguage\":\"fr-FR\",\"@id\":\"https:\/\/bobea.net\/#\/schema\/person\/image\/\",\"url\":\"https:\/\/secure.gravatar.com\/avatar\/36147980349df887ae30808df3e29474?s=96&d=mm&r=g\",\"contentUrl\":\"https:\/\/secure.gravatar.com\/avatar\/36147980349df887ae30808df3e29474?s=96&d=mm&r=g\",\"caption\":\"bobea.info\"},\"sameAs\":[\"https:\/\/bobea.net\"],\"url\":\"https:\/\/bobea.net\/index.php\/author\/bobea-info\/\"}]}<\/script>\n<!-- \/ Yoast SEO plugin. -->","yoast_head_json":{"title":"La beaut\u00e9 en politique : les femmes belles r\u00e9ussissent-elles mieux en politique ? - Bobea","description":"La question de l'apparence physique et de son impact sur la carri\u00e8re politique des femmes est un sujet de d\u00e9bat r\u00e9current.","robots":{"index":"index","follow":"follow","max-snippet":"max-snippet:-1","max-image-preview":"max-image-preview:large","max-video-preview":"max-video-preview:-1"},"canonical":"https:\/\/bobea.net\/index.php\/2024\/09\/04\/la-beaute-en-politique-les-femmes-belles-reussissent-elles-mieux-en-politique\/","og_locale":"fr_FR","og_type":"article","og_title":"La beaut\u00e9 en politique : les femmes belles r\u00e9ussissent-elles mieux en politique ? - Bobea","og_description":"La question de l'apparence physique et de son impact sur la carri\u00e8re politique des femmes est un sujet de d\u00e9bat r\u00e9current.","og_url":"https:\/\/bobea.net\/index.php\/2024\/09\/04\/la-beaute-en-politique-les-femmes-belles-reussissent-elles-mieux-en-politique\/","og_site_name":"Bobea","article_publisher":"https:\/\/web.facebook.com\/profile.php?id=61559252188416","article_published_time":"2024-09-04T17:43:49+00:00","article_modified_time":"2024-09-04T17:43:51+00:00","og_image":[{"width":743,"height":420,"url":"https:\/\/bobea.net\/wp-content\/uploads\/2024\/09\/image-743x420-1.jpg","type":"image\/jpeg"}],"author":"bobea.info","twitter_card":"summary_large_image","twitter_misc":{"\u00c9crit par":"bobea.info","Dur\u00e9e de lecture estim\u00e9e":"2 minutes"},"schema":{"@context":"https:\/\/schema.org","@graph":[{"@type":"Article","@id":"https:\/\/bobea.net\/index.php\/2024\/09\/04\/la-beaute-en-politique-les-femmes-belles-reussissent-elles-mieux-en-politique\/#article","isPartOf":{"@id":"https:\/\/bobea.net\/index.php\/2024\/09\/04\/la-beaute-en-politique-les-femmes-belles-reussissent-elles-mieux-en-politique\/"},"author":{"name":"bobea.info","@id":"https:\/\/bobea.net\/#\/schema\/person\/e7f45ef187918d7c956bf619dce90ccf"},"headline":"La beaut\u00e9 en politique : les femmes belles r\u00e9ussissent-elles mieux en politique ?","datePublished":"2024-09-04T17:43:49+00:00","dateModified":"2024-09-04T17:43:51+00:00","mainEntityOfPage":{"@id":"https:\/\/bobea.net\/index.php\/2024\/09\/04\/la-beaute-en-politique-les-femmes-belles-reussissent-elles-mieux-en-politique\/"},"wordCount":244,"commentCount":0,"publisher":{"@id":"https:\/\/bobea.net\/#organization"},"image":{"@id":"https:\/\/bobea.net\/index.php\/2024\/09\/04\/la-beaute-en-politique-les-femmes-belles-reussissent-elles-mieux-en-politique\/#primaryimage"},"thumbnailUrl":"https:\/\/bobea.net\/wp-content\/uploads\/2024\/09\/image-743x420-1.jpg","keywords":["apparence et politique","charisme en politique","comp\u00e9tence vs apparence","d\u00e9fis des femmes politiques","\u00e9galit\u00e9 des sexes.","engagement en politique","femmes en politique","femmes influentes","femmes leaders","impact de l'apparence","influence de la beaut\u00e9","inspiration f\u00e9minine","Jacinda Ardern","leadership et comp\u00e9tences","Leadership f\u00e9minin","normes de beaut\u00e9","perception de la beaut\u00e9","politique et image","pr\u00e9jug\u00e9s en politique","r\u00e9ussite des femmes","r\u00e9ussite politique","r\u00f4le de la beaut\u00e9.","Sanna Marin","st\u00e9r\u00e9otypes de genre","st\u00e9r\u00e9otypes en politique"],"articleSection":["Beaut\u00e9"],"inLanguage":"fr-FR","potentialAction":[{"@type":"CommentAction","name":"Comment","target":["https:\/\/bobea.net\/index.php\/2024\/09\/04\/la-beaute-en-politique-les-femmes-belles-reussissent-elles-mieux-en-politique\/#respond"]}]},{"@type":"WebPage","@id":"https:\/\/bobea.net\/index.php\/2024\/09\/04\/la-beaute-en-politique-les-femmes-belles-reussissent-elles-mieux-en-politique\/","url":"https:\/\/bobea.net\/index.php\/2024\/09\/04\/la-beaute-en-politique-les-femmes-belles-reussissent-elles-mieux-en-politique\/","name":"La beaut\u00e9 en politique : les femmes belles r\u00e9ussissent-elles mieux en politique ? - Bobea","isPartOf":{"@id":"https:\/\/bobea.net\/#website"},"primaryImageOfPage":{"@id":"https:\/\/bobea.net\/index.php\/2024\/09\/04\/la-beaute-en-politique-les-femmes-belles-reussissent-elles-mieux-en-politique\/#primaryimage"},"image":{"@id":"https:\/\/bobea.net\/index.php\/2024\/09\/04\/la-beaute-en-politique-les-femmes-belles-reussissent-elles-mieux-en-politique\/#primaryimage"},"thumbnailUrl":"https:\/\/bobea.net\/wp-content\/uploads\/2024\/09\/image-743x420-1.jpg","datePublished":"2024-09-04T17:43:49+00:00","dateModified":"2024-09-04T17:43:51+00:00","description":"La question de l'apparence physique et de son impact sur la carri\u00e8re politique des femmes est un sujet de d\u00e9bat r\u00e9current.","breadcrumb":{"@id":"https:\/\/bobea.net\/index.php\/2024\/09\/04\/la-beaute-en-politique-les-femmes-belles-reussissent-elles-mieux-en-politique\/#breadcrumb"},"inLanguage":"fr-FR","potentialAction":[{"@type":"ReadAction","target":["https:\/\/bobea.net\/index.php\/2024\/09\/04\/la-beaute-en-politique-les-femmes-belles-reussissent-elles-mieux-en-politique\/"]}]},{"@type":"ImageObject","inLanguage":"fr-FR","@id":"https:\/\/bobea.net\/index.php\/2024\/09\/04\/la-beaute-en-politique-les-femmes-belles-reussissent-elles-mieux-en-politique\/#primaryimage","url":"https:\/\/bobea.net\/wp-content\/uploads\/2024\/09\/image-743x420-1.jpg","contentUrl":"https:\/\/bobea.net\/wp-content\/uploads\/2024\/09\/image-743x420-1.jpg","width":743,"height":420,"caption":"La beaut\u00e9 en politique : les femmes belles r\u00e9ussissent-elles mieux en politique ?"},{"@type":"BreadcrumbList","@id":"https:\/\/bobea.net\/index.php\/2024\/09\/04\/la-beaute-en-politique-les-femmes-belles-reussissent-elles-mieux-en-politique\/#breadcrumb","itemListElement":[{"@type":"ListItem","position":1,"name":"Accueil","item":"https:\/\/bobea.net\/"},{"@type":"ListItem","position":2,"name":"La beaut\u00e9 en politique : les femmes belles r\u00e9ussissent-elles mieux en politique ?"}]},{"@type":"WebSite","@id":"https:\/\/bobea.net\/#website","url":"https:\/\/bobea.net\/","name":"Bobea","description":"Le magazine de la nouvelle \u00c8ve","publisher":{"@id":"https:\/\/bobea.net\/#organization"},"potentialAction":[{"@type":"SearchAction","target":{"@type":"EntryPoint","urlTemplate":"https:\/\/bobea.net\/?s={search_term_string}"},"query-input":{"@type":"PropertyValueSpecification","valueRequired":true,"valueName":"search_term_string"}}],"inLanguage":"fr-FR"},{"@type":"Organization","@id":"https:\/\/bobea.net\/#organization","name":"Bobea","url":"https:\/\/bobea.net\/","logo":{"@type":"ImageObject","inLanguage":"fr-FR","@id":"https:\/\/bobea.net\/#\/schema\/logo\/image\/","url":"https:\/\/bobea.net\/wp-content\/uploads\/2024\/06\/bobea.jpg","contentUrl":"https:\/\/bobea.net\/wp-content\/uploads\/2024\/06\/bobea.jpg","width":1080,"height":1080,"caption":"Bobea"},"image":{"@id":"https:\/\/bobea.net\/#\/schema\/logo\/image\/"},"sameAs":["https:\/\/web.facebook.com\/profile.php?id=61559252188416"]},{"@type":"Person","@id":"https:\/\/bobea.net\/#\/schema\/person\/e7f45ef187918d7c956bf619dce90ccf","name":"bobea.info","image":{"@type":"ImageObject","inLanguage":"fr-FR","@id":"https:\/\/bobea.net\/#\/schema\/person\/image\/","url":"https:\/\/secure.gravatar.com\/avatar\/36147980349df887ae30808df3e29474?s=96&d=mm&r=g","contentUrl":"https:\/\/secure.gravatar.com\/avatar\/36147980349df887ae30808df3e29474?s=96&d=mm&r=g","caption":"bobea.info"},"sameAs":["https:\/\/bobea.net"],"url":"https:\/\/bobea.net\/index.php\/author\/bobea-info\/"}]}},"_links":{"self":[{"href":"https:\/\/bobea.net\/index.php\/wp-json\/wp\/v2\/posts\/5050"}],"collection":[{"href":"https:\/\/bobea.net\/index.php\/wp-json\/wp\/v2\/posts"}],"about":[{"href":"https:\/\/bobea.net\/index.php\/wp-json\/wp\/v2\/types\/post"}],"author":[{"embeddable":true,"href":"https:\/\/bobea.net\/index.php\/wp-json\/wp\/v2\/users\/1"}],"replies":[{"embeddable":true,"href":"https:\/\/bobea.net\/index.php\/wp-json\/wp\/v2\/comments?post=5050"}],"version-history":[{"count":0,"href":"https:\/\/bobea.net\/index.php\/wp-json\/wp\/v2\/posts\/5050\/revisions"}],"wp:featuredmedia":[{"embeddable":true,"href":"https:\/\/bobea.net\/index.php\/wp-json\/wp\/v2\/media\/5051"}],"wp:attachment":[{"href":"https:\/\/bobea.net\/index.php\/wp-json\/wp\/v2\/media?parent=5050"}],"wp:term":[{"taxonomy":"category","embeddable":true,"href":"https:\/\/bobea.net\/index.php\/wp-json\/wp\/v2\/categories?post=5050"},{"taxonomy":"post_tag","embeddable":true,"href":"https:\/\/bobea.net\/index.php\/wp-json\/wp\/v2\/tags?post=5050"}],"curies":[{"name":"wp","href":"https:\/\/api.w.org\/{rel}","templated":true}]}}