{"id":4957,"date":"2024-08-31T18:09:33","date_gmt":"2024-08-31T18:09:33","guid":{"rendered":"https:\/\/bobea.net\/?p=4957"},"modified":"2024-08-31T18:09:35","modified_gmt":"2024-08-31T18:09:35","slug":"webedia-lance-mvp-ma-vie-pro-un-nouveau-media-pour-les-jeunes-sur-le-monde-du-travail","status":"publish","type":"post","link":"https:\/\/bobea.net\/index.php\/2024\/08\/31\/webedia-lance-mvp-ma-vie-pro-un-nouveau-media-pour-les-jeunes-sur-le-monde-du-travail\/","title":{"rendered":"Webedia lance \u00abMVP : Ma vie pro\u00bb, un nouveau m\u00e9dia pour les jeunes sur le monde du travail"},"content":{"rendered":"\n<p>Webe\u00addia, g\u00e9ant fran\u00e7ais des m\u00e9dias dig\u00adi\u00adtaux, innove avec le lance\u00adment de \u201cMVP : Ma vie pro\u201d, un nou\u00adveau m\u00e9dia enti\u00e8re\u00adment d\u00e9di\u00e9 au monde du tra\u00advail et ciblant sp\u00e9\u00adci\u00adfique\u00adment les jeunes act\u00adifs et \u00e9tu\u00addi\u00adants. Cette ini\u00adtia\u00adtive r\u00e9pond \u00e0 un besoin crois\u00adsant d\u2019in\u00adfor\u00adma\u00adtions et de con\u00adseils sur la vie pro\u00adfes\u00adsion\u00adnelle chez les 18\u201335 ans.<\/p>\n\n\n\n<p>Une approche mul\u00adti\u00adplate\u00adforme inno\u00advante<\/p>\n\n\n\n<p>\u201cMVP : Ma vie pro\u201d se d\u00e9ploie sur plusieurs r\u00e9seaux soci\u00adaux pop\u00adu\u00adlaires aupr\u00e8s des jeunes :<\/p>\n\n\n\n<ul class=\"wp-block-list\">\n<li>Insta\u00adgram pour des con\u00adtenus visuels et des sto\u00adries inspi\u00adrantes<\/li>\n\n\n\n<li>Tik\u00adTok pour des vid\u00e9os cour\u00adtes et dynamiques sur les ten\u00addances pro\u00adfes\u00adsion\u00adnelles<\/li>\n\n\n\n<li>LinkedIn pour des arti\u00adcles de fond et des analy\u00adses du march\u00e9 du tra\u00advail<\/li>\n\n\n\n<li>Twitch pour des \u00e9mis\u00adsions en direct inter\u00adac\u00adtives<\/li>\n<\/ul>\n\n\n\n<p>Samuel Eti\u00adenne aux com\u00adman\u00addes d\u2019une \u00e9mis\u00adsion phare<\/p>\n\n\n\n<p>Le jour\u00adnal\u00adiste Samuel Eti\u00adenne, con\u00adnu pour son suc\u00adc\u00e8s sur Twitch, ani\u00admera une \u00e9mis\u00adsion bimen\u00adsu\u00adelle en direct sur la plate\u00adforme. Au pro\u00adgramme : inter\u00adviews d\u2019ex\u00adperts, t\u00e9moignages de jeunes pro\u00adfes\u00adsion\u00adnels, et r\u00e9pons\u00ades aux ques\u00adtions des spec\u00adta\u00adteurs en temps r\u00e9el.<\/p>\n\n\n\n<p>Des con\u00adtenus var\u00adi\u00e9s et pra\u00adtiques<\/p>\n\n\n\n<p>Le m\u00e9dia abor\u00addera des sujets tels que :<\/p>\n\n\n\n<ul class=\"wp-block-list\">\n<li>La recherche d\u2019emploi et les tech\u00adniques d\u2019en\u00adtre\u00adtien<\/li>\n\n\n\n<li>L\u2019en\u00adtre\u00adpre\u00adneuri\u00adat et la cr\u00e9a\u00adtion d\u2019en\u00adtre\u00adprise<\/li>\n\n\n\n<li>Le bien-\u00eatre au tra\u00advail et la ges\u00adtion du stress<\/li>\n\n\n\n<li>Les nou\u00advelles formes de tra\u00advail (free\u00adlance, t\u00e9l\u00e9\u00adtra\u00advail, etc.)<\/li>\n\n\n\n<li>Les com\u00adp\u00e9\u00adtences du futur et la for\u00adma\u00adtion con\u00adtin\u00adue<\/li>\n<\/ul>\n\n\n\n<p>Un pari sur l\u2019avenir du tra\u00advail<\/p>\n\n\n\n<p>Avec \u201cMVP : Ma vie pro\u201d, Webe\u00addia cherche \u00e0 se posi\u00adtion\u00adner comme un acteur incon\u00adtourn\u00adable de l\u2019in\u00adfor\u00adma\u00adtion sur l\u2019emploi pour la g\u00e9n\u00e9ra\u00adtion Z. Ce lance\u00adment s\u2019in\u00adscrit dans une strat\u00e9gie plus large du groupe visant \u00e0 diver\u00adsi\u00adfi\u00ader ses offres m\u00e9di\u00ada\u00adtiques et \u00e0 touch\u00ader de nou\u00advelles audi\u00adences.<\/p>\n","protected":false},"excerpt":{"rendered":"<p>Webe\u00addia, g\u00e9ant fran\u00e7ais des m\u00e9dias dig\u00adi\u00adtaux, innove avec le lance\u00adment de \u201cMVP : Ma vie pro\u201d, un nou\u00adveau m\u00e9dia enti\u00e8re\u00adment d\u00e9di\u00e9 au monde du tra\u00advail et ciblant sp\u00e9\u00adci\u00adfique\u00adment les jeunes\u2026 <\/p>\n","protected":false},"author":1,"featured_media":4958,"comment_status":"open","ping_status":"open","sticky":false,"template":"","format":"standard","meta":{"wp_typography_post_enhancements_disabled":false,"footnotes":""},"categories":[71,75],"tags":[6282,6283,6294,6279,2043,6291,2157,6284,6092,2300,6288,6293,279,6295,6289,6287,6292,6278,6277,6285,3793,6280,6281,6286,6296,5868,6290,6276],"class_list":["post-4957","post","type-post","status-publish","format-standard","has-post-thumbnail","hentry","category-leaders","category-succes-story","tag-bien-etre-au-travail","tag-competences-du-futur","tag-contenu-professionnel","tag-emploi-jeunes","tag-entrepreneuriat","tag-etudiants","tag-formation-continue","tag-freelance","tag-generation-z","tag-gestion-du-stress","tag-information-emploi","tag-innovation-medias","tag-instagram","tag-jeunes-actifs","tag-linkedin","tag-marche-du-travail","tag-medias-digitaux","tag-medias-jeunes","tag-mvp-ma-vie-pro","tag-nouvelles-formes-de-travail","tag-recherche-demploi","tag-samuel-etienne","tag-techniques-dentretien","tag-teletravail","tag-tendances-professionnelles","tag-tiktok","tag-twitch","tag-webedia"],"yoast_head":"<!-- This site is optimized with the Yoast SEO plugin v24.7 - https:\/\/yoast.com\/wordpress\/plugins\/seo\/ -->\n<title>Webedia lance \u00abMVP : Ma vie pro\u00bb, un nouveau m\u00e9dia pour les jeunes sur le monde du travail - Bobea<\/title>\n<meta name=\"description\" content=\"Webedia, g\u00e9ant fran\u00e7ais des m\u00e9dias digitaux, innove avec le lancement de &quot;MVP : Ma vie pro&quot;, un nouveau m\u00e9dia\" \/>\n<meta name=\"robots\" content=\"index, follow, max-snippet:-1, max-image-preview:large, max-video-preview:-1\" \/>\n<link rel=\"canonical\" href=\"https:\/\/bobea.net\/index.php\/2024\/08\/31\/webedia-lance-mvp-ma-vie-pro-un-nouveau-media-pour-les-jeunes-sur-le-monde-du-travail\/\" \/>\n<meta property=\"og:locale\" content=\"fr_FR\" \/>\n<meta property=\"og:type\" content=\"article\" \/>\n<meta property=\"og:title\" content=\"Webedia lance \u00abMVP : Ma vie pro\u00bb, un nouveau m\u00e9dia pour les jeunes sur le monde du travail - Bobea\" \/>\n<meta property=\"og:description\" content=\"Webedia, g\u00e9ant fran\u00e7ais des m\u00e9dias digitaux, innove avec le lancement de &quot;MVP : Ma vie pro&quot;, un nouveau m\u00e9dia\" \/>\n<meta property=\"og:url\" content=\"https:\/\/bobea.net\/index.php\/2024\/08\/31\/webedia-lance-mvp-ma-vie-pro-un-nouveau-media-pour-les-jeunes-sur-le-monde-du-travail\/\" \/>\n<meta property=\"og:site_name\" content=\"Bobea\" \/>\n<meta property=\"article:publisher\" content=\"https:\/\/web.facebook.com\/profile.php?id=61559252188416\" \/>\n<meta property=\"article:published_time\" content=\"2024-08-31T18:09:33+00:00\" \/>\n<meta property=\"article:modified_time\" content=\"2024-08-31T18:09:35+00:00\" \/>\n<meta property=\"og:image\" content=\"https:\/\/bobea.net\/wp-content\/uploads\/2024\/08\/R-17.jpeg\" \/>\n\t<meta property=\"og:image:width\" content=\"2000\" \/>\n\t<meta property=\"og:image:height\" content=\"1000\" \/>\n\t<meta property=\"og:image:type\" content=\"image\/jpeg\" \/>\n<meta name=\"author\" content=\"bobea.info\" \/>\n<meta name=\"twitter:card\" content=\"summary_large_image\" \/>\n<meta name=\"twitter:label1\" content=\"\u00c9crit par\" \/>\n\t<meta name=\"twitter:data1\" content=\"bobea.info\" \/>\n\t<meta name=\"twitter:label2\" content=\"Dur\u00e9e de lecture estim\u00e9e\" \/>\n\t<meta name=\"twitter:data2\" content=\"2 minutes\" \/>\n<script type=\"application\/ld+json\" class=\"yoast-schema-graph\">{\"@context\":\"https:\/\/schema.org\",\"@graph\":[{\"@type\":\"Article\",\"@id\":\"https:\/\/bobea.net\/index.php\/2024\/08\/31\/webedia-lance-mvp-ma-vie-pro-un-nouveau-media-pour-les-jeunes-sur-le-monde-du-travail\/#article\",\"isPartOf\":{\"@id\":\"https:\/\/bobea.net\/index.php\/2024\/08\/31\/webedia-lance-mvp-ma-vie-pro-un-nouveau-media-pour-les-jeunes-sur-le-monde-du-travail\/\"},\"author\":{\"name\":\"bobea.info\",\"@id\":\"https:\/\/bobea.net\/#\/schema\/person\/e7f45ef187918d7c956bf619dce90ccf\"},\"headline\":\"Webedia lance \u00abMVP : Ma vie pro\u00bb, un nouveau m\u00e9dia pour les jeunes sur le monde du travail\",\"datePublished\":\"2024-08-31T18:09:33+00:00\",\"dateModified\":\"2024-08-31T18:09:35+00:00\",\"mainEntityOfPage\":{\"@id\":\"https:\/\/bobea.net\/index.php\/2024\/08\/31\/webedia-lance-mvp-ma-vie-pro-un-nouveau-media-pour-les-jeunes-sur-le-monde-du-travail\/\"},\"wordCount\":303,\"commentCount\":0,\"publisher\":{\"@id\":\"https:\/\/bobea.net\/#organization\"},\"image\":{\"@id\":\"https:\/\/bobea.net\/index.php\/2024\/08\/31\/webedia-lance-mvp-ma-vie-pro-un-nouveau-media-pour-les-jeunes-sur-le-monde-du-travail\/#primaryimage\"},\"thumbnailUrl\":\"https:\/\/bobea.net\/wp-content\/uploads\/2024\/08\/R-17.jpeg\",\"keywords\":[\"bien-\u00eatre au travail\",\"comp\u00e9tences du futur\",\"contenu professionnel\",\"emploi jeunes\",\"entrepreneuriat\",\"\u00e9tudiants\",\"formation continue\",\"freelance\",\"g\u00e9n\u00e9ration Z\",\"gestion du stress\",\"information emploi\",\"innovation m\u00e9dias\",\"Instagram\",\"jeunes actifs\",\"LinkedIn\",\"march\u00e9 du travail\",\"m\u00e9dias digitaux\",\"m\u00e9dias jeunes\",\"MVP Ma vie pro\",\"nouvelles formes de travail\",\"recherche d'emploi\",\"Samuel Etienne\",\"techniques d'entretien\",\"t\u00e9l\u00e9travail\",\"tendances professionnelles.\",\"TikTok\",\"Twitch\",\"Webedia\"],\"articleSection\":[\"Leaders\",\"Succ\u00e8s Story\"],\"inLanguage\":\"fr-FR\",\"potentialAction\":[{\"@type\":\"CommentAction\",\"name\":\"Comment\",\"target\":[\"https:\/\/bobea.net\/index.php\/2024\/08\/31\/webedia-lance-mvp-ma-vie-pro-un-nouveau-media-pour-les-jeunes-sur-le-monde-du-travail\/#respond\"]}]},{\"@type\":\"WebPage\",\"@id\":\"https:\/\/bobea.net\/index.php\/2024\/08\/31\/webedia-lance-mvp-ma-vie-pro-un-nouveau-media-pour-les-jeunes-sur-le-monde-du-travail\/\",\"url\":\"https:\/\/bobea.net\/index.php\/2024\/08\/31\/webedia-lance-mvp-ma-vie-pro-un-nouveau-media-pour-les-jeunes-sur-le-monde-du-travail\/\",\"name\":\"Webedia lance \u00abMVP : Ma vie pro\u00bb, un nouveau m\u00e9dia pour les jeunes sur le monde du travail - Bobea\",\"isPartOf\":{\"@id\":\"https:\/\/bobea.net\/#website\"},\"primaryImageOfPage\":{\"@id\":\"https:\/\/bobea.net\/index.php\/2024\/08\/31\/webedia-lance-mvp-ma-vie-pro-un-nouveau-media-pour-les-jeunes-sur-le-monde-du-travail\/#primaryimage\"},\"image\":{\"@id\":\"https:\/\/bobea.net\/index.php\/2024\/08\/31\/webedia-lance-mvp-ma-vie-pro-un-nouveau-media-pour-les-jeunes-sur-le-monde-du-travail\/#primaryimage\"},\"thumbnailUrl\":\"https:\/\/bobea.net\/wp-content\/uploads\/2024\/08\/R-17.jpeg\",\"datePublished\":\"2024-08-31T18:09:33+00:00\",\"dateModified\":\"2024-08-31T18:09:35+00:00\",\"description\":\"Webedia, g\u00e9ant fran\u00e7ais des m\u00e9dias digitaux, innove avec le lancement de \\\"MVP : Ma vie pro\\\", un nouveau m\u00e9dia\",\"breadcrumb\":{\"@id\":\"https:\/\/bobea.net\/index.php\/2024\/08\/31\/webedia-lance-mvp-ma-vie-pro-un-nouveau-media-pour-les-jeunes-sur-le-monde-du-travail\/#breadcrumb\"},\"inLanguage\":\"fr-FR\",\"potentialAction\":[{\"@type\":\"ReadAction\",\"target\":[\"https:\/\/bobea.net\/index.php\/2024\/08\/31\/webedia-lance-mvp-ma-vie-pro-un-nouveau-media-pour-les-jeunes-sur-le-monde-du-travail\/\"]}]},{\"@type\":\"ImageObject\",\"inLanguage\":\"fr-FR\",\"@id\":\"https:\/\/bobea.net\/index.php\/2024\/08\/31\/webedia-lance-mvp-ma-vie-pro-un-nouveau-media-pour-les-jeunes-sur-le-monde-du-travail\/#primaryimage\",\"url\":\"https:\/\/bobea.net\/wp-content\/uploads\/2024\/08\/R-17.jpeg\",\"contentUrl\":\"https:\/\/bobea.net\/wp-content\/uploads\/2024\/08\/R-17.jpeg\",\"width\":2000,\"height\":1000,\"caption\":\"Webedia lance \u00abMVP : Ma vie pro\u00bb, un nouveau m\u00e9dia pour les jeunes sur le monde du travail\"},{\"@type\":\"BreadcrumbList\",\"@id\":\"https:\/\/bobea.net\/index.php\/2024\/08\/31\/webedia-lance-mvp-ma-vie-pro-un-nouveau-media-pour-les-jeunes-sur-le-monde-du-travail\/#breadcrumb\",\"itemListElement\":[{\"@type\":\"ListItem\",\"position\":1,\"name\":\"Accueil\",\"item\":\"https:\/\/bobea.net\/\"},{\"@type\":\"ListItem\",\"position\":2,\"name\":\"Webedia lance \u00abMVP : Ma vie pro\u00bb, un nouveau m\u00e9dia pour les jeunes sur le monde du travail\"}]},{\"@type\":\"WebSite\",\"@id\":\"https:\/\/bobea.net\/#website\",\"url\":\"https:\/\/bobea.net\/\",\"name\":\"Bobea\",\"description\":\"Le magazine de la nouvelle \u00c8ve\",\"publisher\":{\"@id\":\"https:\/\/bobea.net\/#organization\"},\"potentialAction\":[{\"@type\":\"SearchAction\",\"target\":{\"@type\":\"EntryPoint\",\"urlTemplate\":\"https:\/\/bobea.net\/?s={search_term_string}\"},\"query-input\":{\"@type\":\"PropertyValueSpecification\",\"valueRequired\":true,\"valueName\":\"search_term_string\"}}],\"inLanguage\":\"fr-FR\"},{\"@type\":\"Organization\",\"@id\":\"https:\/\/bobea.net\/#organization\",\"name\":\"Bobea\",\"url\":\"https:\/\/bobea.net\/\",\"logo\":{\"@type\":\"ImageObject\",\"inLanguage\":\"fr-FR\",\"@id\":\"https:\/\/bobea.net\/#\/schema\/logo\/image\/\",\"url\":\"https:\/\/bobea.net\/wp-content\/uploads\/2024\/06\/bobea.jpg\",\"contentUrl\":\"https:\/\/bobea.net\/wp-content\/uploads\/2024\/06\/bobea.jpg\",\"width\":1080,\"height\":1080,\"caption\":\"Bobea\"},\"image\":{\"@id\":\"https:\/\/bobea.net\/#\/schema\/logo\/image\/\"},\"sameAs\":[\"https:\/\/web.facebook.com\/profile.php?id=61559252188416\"]},{\"@type\":\"Person\",\"@id\":\"https:\/\/bobea.net\/#\/schema\/person\/e7f45ef187918d7c956bf619dce90ccf\",\"name\":\"bobea.info\",\"image\":{\"@type\":\"ImageObject\",\"inLanguage\":\"fr-FR\",\"@id\":\"https:\/\/bobea.net\/#\/schema\/person\/image\/\",\"url\":\"https:\/\/secure.gravatar.com\/avatar\/36147980349df887ae30808df3e29474?s=96&d=mm&r=g\",\"contentUrl\":\"https:\/\/secure.gravatar.com\/avatar\/36147980349df887ae30808df3e29474?s=96&d=mm&r=g\",\"caption\":\"bobea.info\"},\"sameAs\":[\"https:\/\/bobea.net\"],\"url\":\"https:\/\/bobea.net\/index.php\/author\/bobea-info\/\"}]}<\/script>\n<!-- \/ Yoast SEO plugin. -->","yoast_head_json":{"title":"Webedia lance \u00abMVP : Ma vie pro\u00bb, un nouveau m\u00e9dia pour les jeunes sur le monde du travail - Bobea","description":"Webedia, g\u00e9ant fran\u00e7ais des m\u00e9dias digitaux, innove avec le lancement de \"MVP : Ma vie pro\", un nouveau m\u00e9dia","robots":{"index":"index","follow":"follow","max-snippet":"max-snippet:-1","max-image-preview":"max-image-preview:large","max-video-preview":"max-video-preview:-1"},"canonical":"https:\/\/bobea.net\/index.php\/2024\/08\/31\/webedia-lance-mvp-ma-vie-pro-un-nouveau-media-pour-les-jeunes-sur-le-monde-du-travail\/","og_locale":"fr_FR","og_type":"article","og_title":"Webedia lance \u00abMVP : Ma vie pro\u00bb, un nouveau m\u00e9dia pour les jeunes sur le monde du travail - Bobea","og_description":"Webedia, g\u00e9ant fran\u00e7ais des m\u00e9dias digitaux, innove avec le lancement de \"MVP : Ma vie pro\", un nouveau m\u00e9dia","og_url":"https:\/\/bobea.net\/index.php\/2024\/08\/31\/webedia-lance-mvp-ma-vie-pro-un-nouveau-media-pour-les-jeunes-sur-le-monde-du-travail\/","og_site_name":"Bobea","article_publisher":"https:\/\/web.facebook.com\/profile.php?id=61559252188416","article_published_time":"2024-08-31T18:09:33+00:00","article_modified_time":"2024-08-31T18:09:35+00:00","og_image":[{"width":2000,"height":1000,"url":"https:\/\/bobea.net\/wp-content\/uploads\/2024\/08\/R-17.jpeg","type":"image\/jpeg"}],"author":"bobea.info","twitter_card":"summary_large_image","twitter_misc":{"\u00c9crit par":"bobea.info","Dur\u00e9e de lecture estim\u00e9e":"2 minutes"},"schema":{"@context":"https:\/\/schema.org","@graph":[{"@type":"Article","@id":"https:\/\/bobea.net\/index.php\/2024\/08\/31\/webedia-lance-mvp-ma-vie-pro-un-nouveau-media-pour-les-jeunes-sur-le-monde-du-travail\/#article","isPartOf":{"@id":"https:\/\/bobea.net\/index.php\/2024\/08\/31\/webedia-lance-mvp-ma-vie-pro-un-nouveau-media-pour-les-jeunes-sur-le-monde-du-travail\/"},"author":{"name":"bobea.info","@id":"https:\/\/bobea.net\/#\/schema\/person\/e7f45ef187918d7c956bf619dce90ccf"},"headline":"Webedia lance \u00abMVP : Ma vie pro\u00bb, un nouveau m\u00e9dia pour les jeunes sur le monde du travail","datePublished":"2024-08-31T18:09:33+00:00","dateModified":"2024-08-31T18:09:35+00:00","mainEntityOfPage":{"@id":"https:\/\/bobea.net\/index.php\/2024\/08\/31\/webedia-lance-mvp-ma-vie-pro-un-nouveau-media-pour-les-jeunes-sur-le-monde-du-travail\/"},"wordCount":303,"commentCount":0,"publisher":{"@id":"https:\/\/bobea.net\/#organization"},"image":{"@id":"https:\/\/bobea.net\/index.php\/2024\/08\/31\/webedia-lance-mvp-ma-vie-pro-un-nouveau-media-pour-les-jeunes-sur-le-monde-du-travail\/#primaryimage"},"thumbnailUrl":"https:\/\/bobea.net\/wp-content\/uploads\/2024\/08\/R-17.jpeg","keywords":["bien-\u00eatre au travail","comp\u00e9tences du futur","contenu professionnel","emploi jeunes","entrepreneuriat","\u00e9tudiants","formation continue","freelance","g\u00e9n\u00e9ration Z","gestion du stress","information emploi","innovation m\u00e9dias","Instagram","jeunes actifs","LinkedIn","march\u00e9 du travail","m\u00e9dias digitaux","m\u00e9dias jeunes","MVP Ma vie pro","nouvelles formes de travail","recherche d'emploi","Samuel Etienne","techniques d'entretien","t\u00e9l\u00e9travail","tendances professionnelles.","TikTok","Twitch","Webedia"],"articleSection":["Leaders","Succ\u00e8s Story"],"inLanguage":"fr-FR","potentialAction":[{"@type":"CommentAction","name":"Comment","target":["https:\/\/bobea.net\/index.php\/2024\/08\/31\/webedia-lance-mvp-ma-vie-pro-un-nouveau-media-pour-les-jeunes-sur-le-monde-du-travail\/#respond"]}]},{"@type":"WebPage","@id":"https:\/\/bobea.net\/index.php\/2024\/08\/31\/webedia-lance-mvp-ma-vie-pro-un-nouveau-media-pour-les-jeunes-sur-le-monde-du-travail\/","url":"https:\/\/bobea.net\/index.php\/2024\/08\/31\/webedia-lance-mvp-ma-vie-pro-un-nouveau-media-pour-les-jeunes-sur-le-monde-du-travail\/","name":"Webedia lance \u00abMVP : Ma vie pro\u00bb, un nouveau m\u00e9dia pour les jeunes sur le monde du travail - Bobea","isPartOf":{"@id":"https:\/\/bobea.net\/#website"},"primaryImageOfPage":{"@id":"https:\/\/bobea.net\/index.php\/2024\/08\/31\/webedia-lance-mvp-ma-vie-pro-un-nouveau-media-pour-les-jeunes-sur-le-monde-du-travail\/#primaryimage"},"image":{"@id":"https:\/\/bobea.net\/index.php\/2024\/08\/31\/webedia-lance-mvp-ma-vie-pro-un-nouveau-media-pour-les-jeunes-sur-le-monde-du-travail\/#primaryimage"},"thumbnailUrl":"https:\/\/bobea.net\/wp-content\/uploads\/2024\/08\/R-17.jpeg","datePublished":"2024-08-31T18:09:33+00:00","dateModified":"2024-08-31T18:09:35+00:00","description":"Webedia, g\u00e9ant fran\u00e7ais des m\u00e9dias digitaux, innove avec le lancement de \"MVP : Ma vie pro\", un nouveau m\u00e9dia","breadcrumb":{"@id":"https:\/\/bobea.net\/index.php\/2024\/08\/31\/webedia-lance-mvp-ma-vie-pro-un-nouveau-media-pour-les-jeunes-sur-le-monde-du-travail\/#breadcrumb"},"inLanguage":"fr-FR","potentialAction":[{"@type":"ReadAction","target":["https:\/\/bobea.net\/index.php\/2024\/08\/31\/webedia-lance-mvp-ma-vie-pro-un-nouveau-media-pour-les-jeunes-sur-le-monde-du-travail\/"]}]},{"@type":"ImageObject","inLanguage":"fr-FR","@id":"https:\/\/bobea.net\/index.php\/2024\/08\/31\/webedia-lance-mvp-ma-vie-pro-un-nouveau-media-pour-les-jeunes-sur-le-monde-du-travail\/#primaryimage","url":"https:\/\/bobea.net\/wp-content\/uploads\/2024\/08\/R-17.jpeg","contentUrl":"https:\/\/bobea.net\/wp-content\/uploads\/2024\/08\/R-17.jpeg","width":2000,"height":1000,"caption":"Webedia lance \u00abMVP : Ma vie pro\u00bb, un nouveau m\u00e9dia pour les jeunes sur le monde du travail"},{"@type":"BreadcrumbList","@id":"https:\/\/bobea.net\/index.php\/2024\/08\/31\/webedia-lance-mvp-ma-vie-pro-un-nouveau-media-pour-les-jeunes-sur-le-monde-du-travail\/#breadcrumb","itemListElement":[{"@type":"ListItem","position":1,"name":"Accueil","item":"https:\/\/bobea.net\/"},{"@type":"ListItem","position":2,"name":"Webedia lance \u00abMVP : Ma vie pro\u00bb, un nouveau m\u00e9dia pour les jeunes sur le monde du travail"}]},{"@type":"WebSite","@id":"https:\/\/bobea.net\/#website","url":"https:\/\/bobea.net\/","name":"Bobea","description":"Le magazine de la nouvelle \u00c8ve","publisher":{"@id":"https:\/\/bobea.net\/#organization"},"potentialAction":[{"@type":"SearchAction","target":{"@type":"EntryPoint","urlTemplate":"https:\/\/bobea.net\/?s={search_term_string}"},"query-input":{"@type":"PropertyValueSpecification","valueRequired":true,"valueName":"search_term_string"}}],"inLanguage":"fr-FR"},{"@type":"Organization","@id":"https:\/\/bobea.net\/#organization","name":"Bobea","url":"https:\/\/bobea.net\/","logo":{"@type":"ImageObject","inLanguage":"fr-FR","@id":"https:\/\/bobea.net\/#\/schema\/logo\/image\/","url":"https:\/\/bobea.net\/wp-content\/uploads\/2024\/06\/bobea.jpg","contentUrl":"https:\/\/bobea.net\/wp-content\/uploads\/2024\/06\/bobea.jpg","width":1080,"height":1080,"caption":"Bobea"},"image":{"@id":"https:\/\/bobea.net\/#\/schema\/logo\/image\/"},"sameAs":["https:\/\/web.facebook.com\/profile.php?id=61559252188416"]},{"@type":"Person","@id":"https:\/\/bobea.net\/#\/schema\/person\/e7f45ef187918d7c956bf619dce90ccf","name":"bobea.info","image":{"@type":"ImageObject","inLanguage":"fr-FR","@id":"https:\/\/bobea.net\/#\/schema\/person\/image\/","url":"https:\/\/secure.gravatar.com\/avatar\/36147980349df887ae30808df3e29474?s=96&d=mm&r=g","contentUrl":"https:\/\/secure.gravatar.com\/avatar\/36147980349df887ae30808df3e29474?s=96&d=mm&r=g","caption":"bobea.info"},"sameAs":["https:\/\/bobea.net"],"url":"https:\/\/bobea.net\/index.php\/author\/bobea-info\/"}]}},"_links":{"self":[{"href":"https:\/\/bobea.net\/index.php\/wp-json\/wp\/v2\/posts\/4957"}],"collection":[{"href":"https:\/\/bobea.net\/index.php\/wp-json\/wp\/v2\/posts"}],"about":[{"href":"https:\/\/bobea.net\/index.php\/wp-json\/wp\/v2\/types\/post"}],"author":[{"embeddable":true,"href":"https:\/\/bobea.net\/index.php\/wp-json\/wp\/v2\/users\/1"}],"replies":[{"embeddable":true,"href":"https:\/\/bobea.net\/index.php\/wp-json\/wp\/v2\/comments?post=4957"}],"version-history":[{"count":0,"href":"https:\/\/bobea.net\/index.php\/wp-json\/wp\/v2\/posts\/4957\/revisions"}],"wp:featuredmedia":[{"embeddable":true,"href":"https:\/\/bobea.net\/index.php\/wp-json\/wp\/v2\/media\/4958"}],"wp:attachment":[{"href":"https:\/\/bobea.net\/index.php\/wp-json\/wp\/v2\/media?parent=4957"}],"wp:term":[{"taxonomy":"category","embeddable":true,"href":"https:\/\/bobea.net\/index.php\/wp-json\/wp\/v2\/categories?post=4957"},{"taxonomy":"post_tag","embeddable":true,"href":"https:\/\/bobea.net\/index.php\/wp-json\/wp\/v2\/tags?post=4957"}],"curies":[{"name":"wp","href":"https:\/\/api.w.org\/{rel}","templated":true}]}}