{"id":4939,"date":"2024-08-31T17:15:11","date_gmt":"2024-08-31T17:15:11","guid":{"rendered":"https:\/\/bobea.net\/?p=4939"},"modified":"2024-08-31T17:15:12","modified_gmt":"2024-08-31T17:15:12","slug":"harry-en-colombie-meghan-brille-de-mille-feux","status":"publish","type":"post","link":"https:\/\/bobea.net\/index.php\/2024\/08\/31\/harry-en-colombie-meghan-brille-de-mille-feux\/","title":{"rendered":"Harry en Colombie : Meghan brille de mille feux"},"content":{"rendered":"\n<p>Le prince Har\u00adry et Meghan Markle ont r\u00e9cem\u00adment effec\u00adtu\u00e9 un voy\u00adage en Colom\u00adbie, o\u00f9 la duchesse de Sus\u00adsex a par\u00adti\u00adc\u00aduli\u00e8re\u00adment attir\u00e9 l\u2019at\u00adten\u00adtion. Ce s\u00e9jour, qui s\u2019est d\u00e9roul\u00e9 du 15 au 18 ao\u00fbt, a \u00e9t\u00e9 mar\u00adqu\u00e9 par l\u2019\u00e9l\u00e9\u00adgance et le charisme de Meghan.<\/p>\n\n\n\n<p>Une vis\u00adite con\u00adtro\u00adver\u00ads\u00e9e mais remar\u00adqu\u00e9e<\/p>\n\n\n\n<p>Bien que leur voy\u00adage ait sus\u00adcit\u00e9 des cri\u00adtiques en rai\u00adson de son co\u00fbt \u00e9lev\u00e9, estim\u00e9 \u00e0 pr\u00e8s d\u20191,5 mil\u00adlion de livres ster\u00adling, Meghan a su cap\u00adtiv\u00ader les regards.&nbsp;La duchesse a notam\u00adment impres\u00adsion\u00adn\u00e9 par ses tenues soigneuse\u00adment choisies, dont une robe cr\u00e9\u00e9e par une styl\u00adiste colom\u00adbi\u00adenne.<\/p>\n\n\n\n<p>Un engage\u00adment pour des caus\u00ades impor\u00adtantes<\/p>\n\n\n\n<p>Le cou\u00adple a par\u00adticip\u00e9 \u00e0 divers \u00e9v\u00e9ne\u00adments, met\u00adtant l\u2019ac\u00adcent sur des sujets tels que la lutte con\u00adtre la dis\u00adcrim\u00adi\u00adna\u00adtion et le cyber\u00adhar\u00adc\u00e8le\u00adment.&nbsp;Meghan s\u2019est par\u00adti\u00adc\u00aduli\u00e8re\u00adment impliqu\u00e9e dans des dis\u00adcus\u00adsions sur l\u2019empouvoirement des femmes noires, soulig\u00adnant ses pro\u00adpres racines africaines.<\/p>\n\n\n\n<p>Une diplo\u00admatie \u00e0 la Sus\u00adsex<\/p>\n\n\n\n<p>Meghan a su met\u00adtre en avant ses com\u00adp\u00e9\u00adtences lin\u00adguis\u00adtiques en s\u2019ex\u00adp\u00adri\u00admant en espag\u00adnol, une langue qu\u2019elle a apprise il y a 20 ans lors d\u2019un stage \u00e0 l\u2019am\u00adbas\u00adsade am\u00e9ri\u00adcaine de Buenos Aires.&nbsp;Cette capac\u00adit\u00e9 a sans doute con\u00adtribu\u00e9 \u00e0 ren\u00adforcer les liens avec leurs h\u00f4tes colom\u00adbi\u00adens.<\/p>\n","protected":false},"excerpt":{"rendered":"<p>Le prince Har\u00adry et Meghan Markle ont r\u00e9cem\u00adment effec\u00adtu\u00e9 un voy\u00adage en Colom\u00adbie, o\u00f9 la duchesse de Sus\u00adsex a par\u00adti\u00adc\u00aduli\u00e8re\u00adment attir\u00e9 l\u2019at\u00adten\u00adtion. Ce s\u00e9jour, qui s\u2019est d\u00e9roul\u00e9 du 15 au\u2026 <\/p>\n","protected":false},"author":1,"featured_media":4940,"comment_status":"open","ping_status":"open","sticky":false,"template":"","format":"standard","meta":{"wp_typography_post_enhancements_disabled":false,"footnotes":""},"categories":[83],"tags":[6210,6203,4731,6209,2919,6207,6202,6212,6206,6211,672,6208,6205,6204,6201,6200],"class_list":["post-4939","post","type-post","status-publish","format-standard","has-post-thumbnail","hentry","category-dreams-people","tag-ambassade-de-buenos-aires","tag-cout-eleve","tag-cyberharcelement","tag-diplomatie-sussex","tag-duchesse-de-sussex","tag-empouvoirement-des-femmes-noires","tag-harry-en-colombie","tag-lien-avec-colombie","tag-lutte-contre-la-discrimination","tag-meghan-en-espagnol","tag-meghan-markle","tag-racines-africaines","tag-styliste-colombienne","tag-tenues-elegantes","tag-visite-controversee","tag-voyage-en-colombie"],"yoast_head":"<!-- This site is optimized with the Yoast SEO plugin v24.7 - https:\/\/yoast.com\/wordpress\/plugins\/seo\/ -->\n<title>Harry en Colombie : Meghan brille de mille feux - Bobea<\/title>\n<meta name=\"description\" content=\"Le prince Harry et Meghan Markle ont r\u00e9cemment effectu\u00e9 un voyage en Colombie, o\u00f9 la duchesse de Sussex a particuli\u00e8rement attir\u00e9\" \/>\n<meta name=\"robots\" content=\"index, follow, max-snippet:-1, max-image-preview:large, max-video-preview:-1\" \/>\n<link rel=\"canonical\" href=\"https:\/\/bobea.net\/index.php\/2024\/08\/31\/harry-en-colombie-meghan-brille-de-mille-feux\/\" \/>\n<meta property=\"og:locale\" content=\"fr_FR\" \/>\n<meta property=\"og:type\" content=\"article\" \/>\n<meta property=\"og:title\" content=\"Harry en Colombie : Meghan brille de mille feux - Bobea\" \/>\n<meta property=\"og:description\" content=\"Le prince Harry et Meghan Markle ont r\u00e9cemment effectu\u00e9 un voyage en Colombie, o\u00f9 la duchesse de Sussex a particuli\u00e8rement attir\u00e9\" \/>\n<meta property=\"og:url\" content=\"https:\/\/bobea.net\/index.php\/2024\/08\/31\/harry-en-colombie-meghan-brille-de-mille-feux\/\" \/>\n<meta property=\"og:site_name\" content=\"Bobea\" \/>\n<meta property=\"article:publisher\" content=\"https:\/\/web.facebook.com\/profile.php?id=61559252188416\" \/>\n<meta property=\"article:published_time\" content=\"2024-08-31T17:15:11+00:00\" \/>\n<meta property=\"article:modified_time\" content=\"2024-08-31T17:15:12+00:00\" \/>\n<meta property=\"og:image\" content=\"https:\/\/bobea.net\/wp-content\/uploads\/2024\/08\/7695789-le-prince-harry-fait-du-skeleton-sous-le-580x0-2.jpg\" \/>\n\t<meta property=\"og:image:width\" content=\"580\" \/>\n\t<meta property=\"og:image:height\" content=\"580\" \/>\n\t<meta property=\"og:image:type\" content=\"image\/jpeg\" \/>\n<meta name=\"author\" content=\"bobea.info\" \/>\n<meta name=\"twitter:card\" content=\"summary_large_image\" \/>\n<meta name=\"twitter:label1\" content=\"\u00c9crit par\" \/>\n\t<meta name=\"twitter:data1\" content=\"bobea.info\" \/>\n\t<meta name=\"twitter:label2\" content=\"Dur\u00e9e de lecture estim\u00e9e\" \/>\n\t<meta name=\"twitter:data2\" content=\"2 minutes\" \/>\n<script type=\"application\/ld+json\" class=\"yoast-schema-graph\">{\"@context\":\"https:\/\/schema.org\",\"@graph\":[{\"@type\":\"Article\",\"@id\":\"https:\/\/bobea.net\/index.php\/2024\/08\/31\/harry-en-colombie-meghan-brille-de-mille-feux\/#article\",\"isPartOf\":{\"@id\":\"https:\/\/bobea.net\/index.php\/2024\/08\/31\/harry-en-colombie-meghan-brille-de-mille-feux\/\"},\"author\":{\"name\":\"bobea.info\",\"@id\":\"https:\/\/bobea.net\/#\/schema\/person\/e7f45ef187918d7c956bf619dce90ccf\"},\"headline\":\"Harry en Colombie : Meghan brille de mille feux\",\"datePublished\":\"2024-08-31T17:15:11+00:00\",\"dateModified\":\"2024-08-31T17:15:12+00:00\",\"mainEntityOfPage\":{\"@id\":\"https:\/\/bobea.net\/index.php\/2024\/08\/31\/harry-en-colombie-meghan-brille-de-mille-feux\/\"},\"wordCount\":220,\"commentCount\":0,\"publisher\":{\"@id\":\"https:\/\/bobea.net\/#organization\"},\"image\":{\"@id\":\"https:\/\/bobea.net\/index.php\/2024\/08\/31\/harry-en-colombie-meghan-brille-de-mille-feux\/#primaryimage\"},\"thumbnailUrl\":\"https:\/\/bobea.net\/wp-content\/uploads\/2024\/08\/7695789-le-prince-harry-fait-du-skeleton-sous-le-580x0-2.jpg\",\"keywords\":[\"ambassade de Buenos Aires\",\"co\u00fbt \u00e9lev\u00e9\",\"cyberharc\u00e8lement\",\"diplomatie Sussex\",\"duchesse de Sussex\",\"empouvoirement des femmes noires\",\"Harry en Colombie\",\"lien avec Colombie\",\"lutte contre la discrimination\",\"Meghan en espagnol\",\"Meghan Markle\",\"racines africaines\",\"styliste colombienne\",\"tenues \u00e9l\u00e9gantes\",\"visite controvers\u00e9e\",\"voyage en Colombie\"],\"articleSection\":[\"Dreams People\"],\"inLanguage\":\"fr-FR\",\"potentialAction\":[{\"@type\":\"CommentAction\",\"name\":\"Comment\",\"target\":[\"https:\/\/bobea.net\/index.php\/2024\/08\/31\/harry-en-colombie-meghan-brille-de-mille-feux\/#respond\"]}]},{\"@type\":\"WebPage\",\"@id\":\"https:\/\/bobea.net\/index.php\/2024\/08\/31\/harry-en-colombie-meghan-brille-de-mille-feux\/\",\"url\":\"https:\/\/bobea.net\/index.php\/2024\/08\/31\/harry-en-colombie-meghan-brille-de-mille-feux\/\",\"name\":\"Harry en Colombie : Meghan brille de mille feux - Bobea\",\"isPartOf\":{\"@id\":\"https:\/\/bobea.net\/#website\"},\"primaryImageOfPage\":{\"@id\":\"https:\/\/bobea.net\/index.php\/2024\/08\/31\/harry-en-colombie-meghan-brille-de-mille-feux\/#primaryimage\"},\"image\":{\"@id\":\"https:\/\/bobea.net\/index.php\/2024\/08\/31\/harry-en-colombie-meghan-brille-de-mille-feux\/#primaryimage\"},\"thumbnailUrl\":\"https:\/\/bobea.net\/wp-content\/uploads\/2024\/08\/7695789-le-prince-harry-fait-du-skeleton-sous-le-580x0-2.jpg\",\"datePublished\":\"2024-08-31T17:15:11+00:00\",\"dateModified\":\"2024-08-31T17:15:12+00:00\",\"description\":\"Le prince Harry et Meghan Markle ont r\u00e9cemment effectu\u00e9 un voyage en Colombie, o\u00f9 la duchesse de Sussex a particuli\u00e8rement attir\u00e9\",\"breadcrumb\":{\"@id\":\"https:\/\/bobea.net\/index.php\/2024\/08\/31\/harry-en-colombie-meghan-brille-de-mille-feux\/#breadcrumb\"},\"inLanguage\":\"fr-FR\",\"potentialAction\":[{\"@type\":\"ReadAction\",\"target\":[\"https:\/\/bobea.net\/index.php\/2024\/08\/31\/harry-en-colombie-meghan-brille-de-mille-feux\/\"]}]},{\"@type\":\"ImageObject\",\"inLanguage\":\"fr-FR\",\"@id\":\"https:\/\/bobea.net\/index.php\/2024\/08\/31\/harry-en-colombie-meghan-brille-de-mille-feux\/#primaryimage\",\"url\":\"https:\/\/bobea.net\/wp-content\/uploads\/2024\/08\/7695789-le-prince-harry-fait-du-skeleton-sous-le-580x0-2.jpg\",\"contentUrl\":\"https:\/\/bobea.net\/wp-content\/uploads\/2024\/08\/7695789-le-prince-harry-fait-du-skeleton-sous-le-580x0-2.jpg\",\"width\":580,\"height\":580,\"caption\":\"Harry en Colombie : Meghan brille de mille feux\"},{\"@type\":\"BreadcrumbList\",\"@id\":\"https:\/\/bobea.net\/index.php\/2024\/08\/31\/harry-en-colombie-meghan-brille-de-mille-feux\/#breadcrumb\",\"itemListElement\":[{\"@type\":\"ListItem\",\"position\":1,\"name\":\"Accueil\",\"item\":\"https:\/\/bobea.net\/\"},{\"@type\":\"ListItem\",\"position\":2,\"name\":\"Harry en Colombie : Meghan brille de mille feux\"}]},{\"@type\":\"WebSite\",\"@id\":\"https:\/\/bobea.net\/#website\",\"url\":\"https:\/\/bobea.net\/\",\"name\":\"Bobea\",\"description\":\"Le magazine de la nouvelle \u00c8ve\",\"publisher\":{\"@id\":\"https:\/\/bobea.net\/#organization\"},\"potentialAction\":[{\"@type\":\"SearchAction\",\"target\":{\"@type\":\"EntryPoint\",\"urlTemplate\":\"https:\/\/bobea.net\/?s={search_term_string}\"},\"query-input\":{\"@type\":\"PropertyValueSpecification\",\"valueRequired\":true,\"valueName\":\"search_term_string\"}}],\"inLanguage\":\"fr-FR\"},{\"@type\":\"Organization\",\"@id\":\"https:\/\/bobea.net\/#organization\",\"name\":\"Bobea\",\"url\":\"https:\/\/bobea.net\/\",\"logo\":{\"@type\":\"ImageObject\",\"inLanguage\":\"fr-FR\",\"@id\":\"https:\/\/bobea.net\/#\/schema\/logo\/image\/\",\"url\":\"https:\/\/bobea.net\/wp-content\/uploads\/2024\/06\/bobea.jpg\",\"contentUrl\":\"https:\/\/bobea.net\/wp-content\/uploads\/2024\/06\/bobea.jpg\",\"width\":1080,\"height\":1080,\"caption\":\"Bobea\"},\"image\":{\"@id\":\"https:\/\/bobea.net\/#\/schema\/logo\/image\/\"},\"sameAs\":[\"https:\/\/web.facebook.com\/profile.php?id=61559252188416\"]},{\"@type\":\"Person\",\"@id\":\"https:\/\/bobea.net\/#\/schema\/person\/e7f45ef187918d7c956bf619dce90ccf\",\"name\":\"bobea.info\",\"image\":{\"@type\":\"ImageObject\",\"inLanguage\":\"fr-FR\",\"@id\":\"https:\/\/bobea.net\/#\/schema\/person\/image\/\",\"url\":\"https:\/\/secure.gravatar.com\/avatar\/36147980349df887ae30808df3e29474?s=96&d=mm&r=g\",\"contentUrl\":\"https:\/\/secure.gravatar.com\/avatar\/36147980349df887ae30808df3e29474?s=96&d=mm&r=g\",\"caption\":\"bobea.info\"},\"sameAs\":[\"https:\/\/bobea.net\"],\"url\":\"https:\/\/bobea.net\/index.php\/author\/bobea-info\/\"}]}<\/script>\n<!-- \/ Yoast SEO plugin. -->","yoast_head_json":{"title":"Harry en Colombie : Meghan brille de mille feux - Bobea","description":"Le prince Harry et Meghan Markle ont r\u00e9cemment effectu\u00e9 un voyage en Colombie, o\u00f9 la duchesse de Sussex a particuli\u00e8rement attir\u00e9","robots":{"index":"index","follow":"follow","max-snippet":"max-snippet:-1","max-image-preview":"max-image-preview:large","max-video-preview":"max-video-preview:-1"},"canonical":"https:\/\/bobea.net\/index.php\/2024\/08\/31\/harry-en-colombie-meghan-brille-de-mille-feux\/","og_locale":"fr_FR","og_type":"article","og_title":"Harry en Colombie : Meghan brille de mille feux - Bobea","og_description":"Le prince Harry et Meghan Markle ont r\u00e9cemment effectu\u00e9 un voyage en Colombie, o\u00f9 la duchesse de Sussex a particuli\u00e8rement attir\u00e9","og_url":"https:\/\/bobea.net\/index.php\/2024\/08\/31\/harry-en-colombie-meghan-brille-de-mille-feux\/","og_site_name":"Bobea","article_publisher":"https:\/\/web.facebook.com\/profile.php?id=61559252188416","article_published_time":"2024-08-31T17:15:11+00:00","article_modified_time":"2024-08-31T17:15:12+00:00","og_image":[{"width":580,"height":580,"url":"https:\/\/bobea.net\/wp-content\/uploads\/2024\/08\/7695789-le-prince-harry-fait-du-skeleton-sous-le-580x0-2.jpg","type":"image\/jpeg"}],"author":"bobea.info","twitter_card":"summary_large_image","twitter_misc":{"\u00c9crit par":"bobea.info","Dur\u00e9e de lecture estim\u00e9e":"2 minutes"},"schema":{"@context":"https:\/\/schema.org","@graph":[{"@type":"Article","@id":"https:\/\/bobea.net\/index.php\/2024\/08\/31\/harry-en-colombie-meghan-brille-de-mille-feux\/#article","isPartOf":{"@id":"https:\/\/bobea.net\/index.php\/2024\/08\/31\/harry-en-colombie-meghan-brille-de-mille-feux\/"},"author":{"name":"bobea.info","@id":"https:\/\/bobea.net\/#\/schema\/person\/e7f45ef187918d7c956bf619dce90ccf"},"headline":"Harry en Colombie : Meghan brille de mille feux","datePublished":"2024-08-31T17:15:11+00:00","dateModified":"2024-08-31T17:15:12+00:00","mainEntityOfPage":{"@id":"https:\/\/bobea.net\/index.php\/2024\/08\/31\/harry-en-colombie-meghan-brille-de-mille-feux\/"},"wordCount":220,"commentCount":0,"publisher":{"@id":"https:\/\/bobea.net\/#organization"},"image":{"@id":"https:\/\/bobea.net\/index.php\/2024\/08\/31\/harry-en-colombie-meghan-brille-de-mille-feux\/#primaryimage"},"thumbnailUrl":"https:\/\/bobea.net\/wp-content\/uploads\/2024\/08\/7695789-le-prince-harry-fait-du-skeleton-sous-le-580x0-2.jpg","keywords":["ambassade de Buenos Aires","co\u00fbt \u00e9lev\u00e9","cyberharc\u00e8lement","diplomatie Sussex","duchesse de Sussex","empouvoirement des femmes noires","Harry en Colombie","lien avec Colombie","lutte contre la discrimination","Meghan en espagnol","Meghan Markle","racines africaines","styliste colombienne","tenues \u00e9l\u00e9gantes","visite controvers\u00e9e","voyage en Colombie"],"articleSection":["Dreams People"],"inLanguage":"fr-FR","potentialAction":[{"@type":"CommentAction","name":"Comment","target":["https:\/\/bobea.net\/index.php\/2024\/08\/31\/harry-en-colombie-meghan-brille-de-mille-feux\/#respond"]}]},{"@type":"WebPage","@id":"https:\/\/bobea.net\/index.php\/2024\/08\/31\/harry-en-colombie-meghan-brille-de-mille-feux\/","url":"https:\/\/bobea.net\/index.php\/2024\/08\/31\/harry-en-colombie-meghan-brille-de-mille-feux\/","name":"Harry en Colombie : Meghan brille de mille feux - Bobea","isPartOf":{"@id":"https:\/\/bobea.net\/#website"},"primaryImageOfPage":{"@id":"https:\/\/bobea.net\/index.php\/2024\/08\/31\/harry-en-colombie-meghan-brille-de-mille-feux\/#primaryimage"},"image":{"@id":"https:\/\/bobea.net\/index.php\/2024\/08\/31\/harry-en-colombie-meghan-brille-de-mille-feux\/#primaryimage"},"thumbnailUrl":"https:\/\/bobea.net\/wp-content\/uploads\/2024\/08\/7695789-le-prince-harry-fait-du-skeleton-sous-le-580x0-2.jpg","datePublished":"2024-08-31T17:15:11+00:00","dateModified":"2024-08-31T17:15:12+00:00","description":"Le prince Harry et Meghan Markle ont r\u00e9cemment effectu\u00e9 un voyage en Colombie, o\u00f9 la duchesse de Sussex a particuli\u00e8rement attir\u00e9","breadcrumb":{"@id":"https:\/\/bobea.net\/index.php\/2024\/08\/31\/harry-en-colombie-meghan-brille-de-mille-feux\/#breadcrumb"},"inLanguage":"fr-FR","potentialAction":[{"@type":"ReadAction","target":["https:\/\/bobea.net\/index.php\/2024\/08\/31\/harry-en-colombie-meghan-brille-de-mille-feux\/"]}]},{"@type":"ImageObject","inLanguage":"fr-FR","@id":"https:\/\/bobea.net\/index.php\/2024\/08\/31\/harry-en-colombie-meghan-brille-de-mille-feux\/#primaryimage","url":"https:\/\/bobea.net\/wp-content\/uploads\/2024\/08\/7695789-le-prince-harry-fait-du-skeleton-sous-le-580x0-2.jpg","contentUrl":"https:\/\/bobea.net\/wp-content\/uploads\/2024\/08\/7695789-le-prince-harry-fait-du-skeleton-sous-le-580x0-2.jpg","width":580,"height":580,"caption":"Harry en Colombie : Meghan brille de mille feux"},{"@type":"BreadcrumbList","@id":"https:\/\/bobea.net\/index.php\/2024\/08\/31\/harry-en-colombie-meghan-brille-de-mille-feux\/#breadcrumb","itemListElement":[{"@type":"ListItem","position":1,"name":"Accueil","item":"https:\/\/bobea.net\/"},{"@type":"ListItem","position":2,"name":"Harry en Colombie : Meghan brille de mille feux"}]},{"@type":"WebSite","@id":"https:\/\/bobea.net\/#website","url":"https:\/\/bobea.net\/","name":"Bobea","description":"Le magazine de la nouvelle \u00c8ve","publisher":{"@id":"https:\/\/bobea.net\/#organization"},"potentialAction":[{"@type":"SearchAction","target":{"@type":"EntryPoint","urlTemplate":"https:\/\/bobea.net\/?s={search_term_string}"},"query-input":{"@type":"PropertyValueSpecification","valueRequired":true,"valueName":"search_term_string"}}],"inLanguage":"fr-FR"},{"@type":"Organization","@id":"https:\/\/bobea.net\/#organization","name":"Bobea","url":"https:\/\/bobea.net\/","logo":{"@type":"ImageObject","inLanguage":"fr-FR","@id":"https:\/\/bobea.net\/#\/schema\/logo\/image\/","url":"https:\/\/bobea.net\/wp-content\/uploads\/2024\/06\/bobea.jpg","contentUrl":"https:\/\/bobea.net\/wp-content\/uploads\/2024\/06\/bobea.jpg","width":1080,"height":1080,"caption":"Bobea"},"image":{"@id":"https:\/\/bobea.net\/#\/schema\/logo\/image\/"},"sameAs":["https:\/\/web.facebook.com\/profile.php?id=61559252188416"]},{"@type":"Person","@id":"https:\/\/bobea.net\/#\/schema\/person\/e7f45ef187918d7c956bf619dce90ccf","name":"bobea.info","image":{"@type":"ImageObject","inLanguage":"fr-FR","@id":"https:\/\/bobea.net\/#\/schema\/person\/image\/","url":"https:\/\/secure.gravatar.com\/avatar\/36147980349df887ae30808df3e29474?s=96&d=mm&r=g","contentUrl":"https:\/\/secure.gravatar.com\/avatar\/36147980349df887ae30808df3e29474?s=96&d=mm&r=g","caption":"bobea.info"},"sameAs":["https:\/\/bobea.net"],"url":"https:\/\/bobea.net\/index.php\/author\/bobea-info\/"}]}},"_links":{"self":[{"href":"https:\/\/bobea.net\/index.php\/wp-json\/wp\/v2\/posts\/4939"}],"collection":[{"href":"https:\/\/bobea.net\/index.php\/wp-json\/wp\/v2\/posts"}],"about":[{"href":"https:\/\/bobea.net\/index.php\/wp-json\/wp\/v2\/types\/post"}],"author":[{"embeddable":true,"href":"https:\/\/bobea.net\/index.php\/wp-json\/wp\/v2\/users\/1"}],"replies":[{"embeddable":true,"href":"https:\/\/bobea.net\/index.php\/wp-json\/wp\/v2\/comments?post=4939"}],"version-history":[{"count":0,"href":"https:\/\/bobea.net\/index.php\/wp-json\/wp\/v2\/posts\/4939\/revisions"}],"wp:featuredmedia":[{"embeddable":true,"href":"https:\/\/bobea.net\/index.php\/wp-json\/wp\/v2\/media\/4940"}],"wp:attachment":[{"href":"https:\/\/bobea.net\/index.php\/wp-json\/wp\/v2\/media?parent=4939"}],"wp:term":[{"taxonomy":"category","embeddable":true,"href":"https:\/\/bobea.net\/index.php\/wp-json\/wp\/v2\/categories?post=4939"},{"taxonomy":"post_tag","embeddable":true,"href":"https:\/\/bobea.net\/index.php\/wp-json\/wp\/v2\/tags?post=4939"}],"curies":[{"name":"wp","href":"https:\/\/api.w.org\/{rel}","templated":true}]}}