{"id":4886,"date":"2024-08-30T21:05:32","date_gmt":"2024-08-30T21:05:32","guid":{"rendered":"https:\/\/bobea.net\/?p=4886"},"modified":"2024-08-30T21:05:34","modified_gmt":"2024-08-30T21:05:34","slug":"festival-de-cinema-la-mostra-de-venise-vs-festival-de-cannes-le-duel-des-tapis-rouges","status":"publish","type":"post","link":"https:\/\/bobea.net\/index.php\/2024\/08\/30\/festival-de-cinema-la-mostra-de-venise-vs-festival-de-cannes-le-duel-des-tapis-rouges\/","title":{"rendered":"Festival de cin\u00e9ma : La Mostra de Venise vs Festival de Cannes \u2014 Le duel des tapis rouges"},"content":{"rendered":"\n<p>La rival\u00adit\u00e9 entre la Mostra de Venise et le Fes\u00adti\u00adval de Cannes bat son plein, cha\u00adcun cher\u00adchant \u00e0 attir\u00ader les plus grandes stars et les films les plus atten\u00addus. Si vous deviez choisir, lequel priv\u00adil\u00e9gi\u00ader ?<\/p>\n\n\n\n<p>Venise : le charme de la S\u00e9r\u00e9nis\u00adsime<\/p>\n\n\n\n<p>La Mostra de Venise, plus ancien fes\u00adti\u00adval de cin\u00e9\u00adma au monde, s\u00e9duit par son cadre enchanteur.&nbsp;Le Lido offre une atmo\u00adsph\u00e8re unique, entre canaux pit\u00adtoresques et palais majestueux. Le directeur Alber\u00adto Bar\u00adbera a su en faire une rampe de lance\u00adment pris\u00e9e pour les Oscars.<\/p>\n\n\n\n<p><strong>Atouts :<\/strong><\/p>\n\n\n\n<ul class=\"wp-block-list\">\n<li>Cadre roman\u00adtique et his\u00adtorique<\/li>\n\n\n\n<li>Trem\u00adplin pour les r\u00e9com\u00adpens\u00ades am\u00e9ri\u00adcaines<\/li>\n\n\n\n<li>Stars \u201cjamais si nom\u00adbreuses\u201d selon Bar\u00adbera<\/li>\n<\/ul>\n\n\n\n<p>Cannes : l\u2019in\u00adcon\u00adtourn\u00adable ren\u00addez-vous du 7e art<\/p>\n\n\n\n<p>Le Fes\u00adti\u00adval de Cannes reste LA r\u00e9f\u00e9rence mon\u00addi\u00adale, avec sa mythique mon\u00adt\u00e9e des march\u00ades. Thier\u00adry Fr\u00e9\u00admaux main\u00adtient son statut de d\u00e9cou\u00advreur de tal\u00adents et de films mar\u00adquants.<\/p>\n\n\n\n<p><strong>Points forts :<\/strong><\/p>\n\n\n\n<ul class=\"wp-block-list\">\n<li>Pres\u00adtige incom\u00adpa\u00adra\u00adble de la Croisette<\/li>\n\n\n\n<li>S\u00e9lec\u00adtion exigeante et \u00e9clec\u00adtique<\/li>\n\n\n\n<li>Palme d\u2019or con\u00advoit\u00e9e inter\u00adna\u00adtionale\u00adment<\/li>\n<\/ul>\n\n\n\n<p>Une \u201csaine con\u00adcur\u00adrence\u201d b\u00e9n\u00e9\u00adfique Les deux \u00e9v\u00e9ne\u00adments se stim\u00adu\u00adlent mutuelle\u00adment, comme le souligne Alber\u00adto Bar\u00adbera.&nbsp;Cette \u00e9mu\u00adla\u00adtion prof\u00adite in fine aux cin\u00e9philes, avec une offre riche et vari\u00e9e.Alors, Venise ou Cannes ? Le choix d\u00e9pen\u00addra de vos pr\u00e9f\u00e9rences : glam\u00adour v\u00e9ni\u00adtien ou effer\u00adves\u00adcence can\u00adnoise. L\u2019essen\u00adtiel est de c\u00e9l\u00e9br\u00ader le 7e art dans toute sa diver\u00adsit\u00e9 !<\/p>\n","protected":false},"excerpt":{"rendered":"<p>La rival\u00adit\u00e9 entre la Mostra de Venise et le Fes\u00adti\u00adval de Cannes bat son plein, cha\u00adcun cher\u00adchant \u00e0 attir\u00ader les plus grandes stars et les films les plus atten\u00addus. Si\u2026 <\/p>\n","protected":false},"author":1,"featured_media":0,"comment_status":"open","ping_status":"open","sticky":false,"template":"","format":"standard","meta":{"wp_typography_post_enhancements_disabled":false,"footnotes":""},"categories":[66],"tags":[6158,6149,6150,268,6160,6156,6152,6157,6143,6159,204,6142,6161,6144,308,6147,6155,6148,746,6151,6154,6146,6153,6145],"class_list":["post-4886","post","type-post","status-publish","format-standard","hentry","category-events","tag-7e-art","tag-alberto-barbera","tag-cadre-romantique","tag-cannes","tag-cinephiles","tag-competition-cinematographique","tag-croisette","tag-diversite-du-cinema","tag-duel-des-tapis-rouges","tag-effervescence","tag-festival-de-cannes","tag-festival-de-cinema","tag-festivals-internationaux","tag-films-attendus","tag-glamour","tag-lido-de-venise","tag-montee-des-marches","tag-mostra-de-venise","tag-oscars","tag-palais-majestueux","tag-palme-dor","tag-stars-du-cinema","tag-thierry-fremaux","tag-venise"],"yoast_head":"<!-- This site is optimized with the Yoast SEO plugin v24.7 - https:\/\/yoast.com\/wordpress\/plugins\/seo\/ -->\n<title>Festival de cin\u00e9ma : La Mostra de Venise vs Festival de Cannes - Le duel des tapis rouges - Bobea<\/title>\n<meta name=\"description\" content=\"La rivalit\u00e9 entre la Mostra de Venise et le Festival de Cannes bat son plein, chacun cherchant \u00e0 attirer les plus grandes stars et les films\" \/>\n<meta name=\"robots\" content=\"index, follow, max-snippet:-1, max-image-preview:large, max-video-preview:-1\" \/>\n<link rel=\"canonical\" href=\"https:\/\/bobea.net\/index.php\/2024\/08\/30\/festival-de-cinema-la-mostra-de-venise-vs-festival-de-cannes-le-duel-des-tapis-rouges\/\" \/>\n<meta property=\"og:locale\" content=\"fr_FR\" \/>\n<meta property=\"og:type\" content=\"article\" \/>\n<meta property=\"og:title\" content=\"Festival de cin\u00e9ma : La Mostra de Venise vs Festival de Cannes - Le duel des tapis rouges - Bobea\" \/>\n<meta property=\"og:description\" content=\"La rivalit\u00e9 entre la Mostra de Venise et le Festival de Cannes bat son plein, chacun cherchant \u00e0 attirer les plus grandes stars et les films\" \/>\n<meta property=\"og:url\" content=\"https:\/\/bobea.net\/index.php\/2024\/08\/30\/festival-de-cinema-la-mostra-de-venise-vs-festival-de-cannes-le-duel-des-tapis-rouges\/\" \/>\n<meta property=\"og:site_name\" content=\"Bobea\" \/>\n<meta property=\"article:publisher\" content=\"https:\/\/web.facebook.com\/profile.php?id=61559252188416\" \/>\n<meta property=\"article:published_time\" content=\"2024-08-30T21:05:32+00:00\" \/>\n<meta property=\"article:modified_time\" content=\"2024-08-30T21:05:34+00:00\" \/>\n<meta name=\"author\" content=\"bobea.info\" \/>\n<meta name=\"twitter:card\" content=\"summary_large_image\" \/>\n<meta name=\"twitter:label1\" content=\"\u00c9crit par\" \/>\n\t<meta name=\"twitter:data1\" content=\"bobea.info\" \/>\n\t<meta name=\"twitter:label2\" content=\"Dur\u00e9e de lecture estim\u00e9e\" \/>\n\t<meta name=\"twitter:data2\" content=\"2 minutes\" \/>\n<script type=\"application\/ld+json\" class=\"yoast-schema-graph\">{\"@context\":\"https:\/\/schema.org\",\"@graph\":[{\"@type\":\"Article\",\"@id\":\"https:\/\/bobea.net\/index.php\/2024\/08\/30\/festival-de-cinema-la-mostra-de-venise-vs-festival-de-cannes-le-duel-des-tapis-rouges\/#article\",\"isPartOf\":{\"@id\":\"https:\/\/bobea.net\/index.php\/2024\/08\/30\/festival-de-cinema-la-mostra-de-venise-vs-festival-de-cannes-le-duel-des-tapis-rouges\/\"},\"author\":{\"name\":\"bobea.info\",\"@id\":\"https:\/\/bobea.net\/#\/schema\/person\/e7f45ef187918d7c956bf619dce90ccf\"},\"headline\":\"Festival de cin\u00e9ma : La Mostra de Venise vs Festival de Cannes \u2014 Le duel des tapis rouges\",\"datePublished\":\"2024-08-30T21:05:32+00:00\",\"dateModified\":\"2024-08-30T21:05:34+00:00\",\"mainEntityOfPage\":{\"@id\":\"https:\/\/bobea.net\/index.php\/2024\/08\/30\/festival-de-cinema-la-mostra-de-venise-vs-festival-de-cannes-le-duel-des-tapis-rouges\/\"},\"wordCount\":252,\"commentCount\":0,\"publisher\":{\"@id\":\"https:\/\/bobea.net\/#organization\"},\"keywords\":[\"7e art\",\"Alberto Barbera\",\"cadre romantique\",\"Cannes\",\"cin\u00e9philes\",\"comp\u00e9tition cin\u00e9matographique\",\"Croisette\",\"diversit\u00e9 du cin\u00e9ma\",\"duel des tapis rouges\",\"effervescence\",\"Festival de Cannes\",\"Festival de cin\u00e9ma\",\"festivals internationaux.\",\"films attendus\",\"glamour\",\"Lido de Venise\",\"mont\u00e9e des marches\",\"Mostra de Venise\",\"Oscars\",\"palais majestueux\",\"Palme d'or\",\"stars du cin\u00e9ma\",\"Thierry Fr\u00e9maux\",\"Venise\"],\"articleSection\":[\"Events\"],\"inLanguage\":\"fr-FR\",\"potentialAction\":[{\"@type\":\"CommentAction\",\"name\":\"Comment\",\"target\":[\"https:\/\/bobea.net\/index.php\/2024\/08\/30\/festival-de-cinema-la-mostra-de-venise-vs-festival-de-cannes-le-duel-des-tapis-rouges\/#respond\"]}]},{\"@type\":\"WebPage\",\"@id\":\"https:\/\/bobea.net\/index.php\/2024\/08\/30\/festival-de-cinema-la-mostra-de-venise-vs-festival-de-cannes-le-duel-des-tapis-rouges\/\",\"url\":\"https:\/\/bobea.net\/index.php\/2024\/08\/30\/festival-de-cinema-la-mostra-de-venise-vs-festival-de-cannes-le-duel-des-tapis-rouges\/\",\"name\":\"Festival de cin\u00e9ma : La Mostra de Venise vs Festival de Cannes - Le duel des tapis rouges - Bobea\",\"isPartOf\":{\"@id\":\"https:\/\/bobea.net\/#website\"},\"datePublished\":\"2024-08-30T21:05:32+00:00\",\"dateModified\":\"2024-08-30T21:05:34+00:00\",\"description\":\"La rivalit\u00e9 entre la Mostra de Venise et le Festival de Cannes bat son plein, chacun cherchant \u00e0 attirer les plus grandes stars et les films\",\"breadcrumb\":{\"@id\":\"https:\/\/bobea.net\/index.php\/2024\/08\/30\/festival-de-cinema-la-mostra-de-venise-vs-festival-de-cannes-le-duel-des-tapis-rouges\/#breadcrumb\"},\"inLanguage\":\"fr-FR\",\"potentialAction\":[{\"@type\":\"ReadAction\",\"target\":[\"https:\/\/bobea.net\/index.php\/2024\/08\/30\/festival-de-cinema-la-mostra-de-venise-vs-festival-de-cannes-le-duel-des-tapis-rouges\/\"]}]},{\"@type\":\"BreadcrumbList\",\"@id\":\"https:\/\/bobea.net\/index.php\/2024\/08\/30\/festival-de-cinema-la-mostra-de-venise-vs-festival-de-cannes-le-duel-des-tapis-rouges\/#breadcrumb\",\"itemListElement\":[{\"@type\":\"ListItem\",\"position\":1,\"name\":\"Accueil\",\"item\":\"https:\/\/bobea.net\/\"},{\"@type\":\"ListItem\",\"position\":2,\"name\":\"Festival de cin\u00e9ma : La Mostra de Venise vs Festival de Cannes &#8211; Le duel des tapis rouges\"}]},{\"@type\":\"WebSite\",\"@id\":\"https:\/\/bobea.net\/#website\",\"url\":\"https:\/\/bobea.net\/\",\"name\":\"Bobea\",\"description\":\"Le magazine de la nouvelle \u00c8ve\",\"publisher\":{\"@id\":\"https:\/\/bobea.net\/#organization\"},\"potentialAction\":[{\"@type\":\"SearchAction\",\"target\":{\"@type\":\"EntryPoint\",\"urlTemplate\":\"https:\/\/bobea.net\/?s={search_term_string}\"},\"query-input\":{\"@type\":\"PropertyValueSpecification\",\"valueRequired\":true,\"valueName\":\"search_term_string\"}}],\"inLanguage\":\"fr-FR\"},{\"@type\":\"Organization\",\"@id\":\"https:\/\/bobea.net\/#organization\",\"name\":\"Bobea\",\"url\":\"https:\/\/bobea.net\/\",\"logo\":{\"@type\":\"ImageObject\",\"inLanguage\":\"fr-FR\",\"@id\":\"https:\/\/bobea.net\/#\/schema\/logo\/image\/\",\"url\":\"https:\/\/bobea.net\/wp-content\/uploads\/2024\/06\/bobea.jpg\",\"contentUrl\":\"https:\/\/bobea.net\/wp-content\/uploads\/2024\/06\/bobea.jpg\",\"width\":1080,\"height\":1080,\"caption\":\"Bobea\"},\"image\":{\"@id\":\"https:\/\/bobea.net\/#\/schema\/logo\/image\/\"},\"sameAs\":[\"https:\/\/web.facebook.com\/profile.php?id=61559252188416\"]},{\"@type\":\"Person\",\"@id\":\"https:\/\/bobea.net\/#\/schema\/person\/e7f45ef187918d7c956bf619dce90ccf\",\"name\":\"bobea.info\",\"image\":{\"@type\":\"ImageObject\",\"inLanguage\":\"fr-FR\",\"@id\":\"https:\/\/bobea.net\/#\/schema\/person\/image\/\",\"url\":\"https:\/\/secure.gravatar.com\/avatar\/36147980349df887ae30808df3e29474?s=96&d=mm&r=g\",\"contentUrl\":\"https:\/\/secure.gravatar.com\/avatar\/36147980349df887ae30808df3e29474?s=96&d=mm&r=g\",\"caption\":\"bobea.info\"},\"sameAs\":[\"https:\/\/bobea.net\"],\"url\":\"https:\/\/bobea.net\/index.php\/author\/bobea-info\/\"}]}<\/script>\n<!-- \/ Yoast SEO plugin. -->","yoast_head_json":{"title":"Festival de cin\u00e9ma : La Mostra de Venise vs Festival de Cannes - Le duel des tapis rouges - Bobea","description":"La rivalit\u00e9 entre la Mostra de Venise et le Festival de Cannes bat son plein, chacun cherchant \u00e0 attirer les plus grandes stars et les films","robots":{"index":"index","follow":"follow","max-snippet":"max-snippet:-1","max-image-preview":"max-image-preview:large","max-video-preview":"max-video-preview:-1"},"canonical":"https:\/\/bobea.net\/index.php\/2024\/08\/30\/festival-de-cinema-la-mostra-de-venise-vs-festival-de-cannes-le-duel-des-tapis-rouges\/","og_locale":"fr_FR","og_type":"article","og_title":"Festival de cin\u00e9ma : La Mostra de Venise vs Festival de Cannes - Le duel des tapis rouges - Bobea","og_description":"La rivalit\u00e9 entre la Mostra de Venise et le Festival de Cannes bat son plein, chacun cherchant \u00e0 attirer les plus grandes stars et les films","og_url":"https:\/\/bobea.net\/index.php\/2024\/08\/30\/festival-de-cinema-la-mostra-de-venise-vs-festival-de-cannes-le-duel-des-tapis-rouges\/","og_site_name":"Bobea","article_publisher":"https:\/\/web.facebook.com\/profile.php?id=61559252188416","article_published_time":"2024-08-30T21:05:32+00:00","article_modified_time":"2024-08-30T21:05:34+00:00","author":"bobea.info","twitter_card":"summary_large_image","twitter_misc":{"\u00c9crit par":"bobea.info","Dur\u00e9e de lecture estim\u00e9e":"2 minutes"},"schema":{"@context":"https:\/\/schema.org","@graph":[{"@type":"Article","@id":"https:\/\/bobea.net\/index.php\/2024\/08\/30\/festival-de-cinema-la-mostra-de-venise-vs-festival-de-cannes-le-duel-des-tapis-rouges\/#article","isPartOf":{"@id":"https:\/\/bobea.net\/index.php\/2024\/08\/30\/festival-de-cinema-la-mostra-de-venise-vs-festival-de-cannes-le-duel-des-tapis-rouges\/"},"author":{"name":"bobea.info","@id":"https:\/\/bobea.net\/#\/schema\/person\/e7f45ef187918d7c956bf619dce90ccf"},"headline":"Festival de cin\u00e9ma : La Mostra de Venise vs Festival de Cannes \u2014 Le duel des tapis rouges","datePublished":"2024-08-30T21:05:32+00:00","dateModified":"2024-08-30T21:05:34+00:00","mainEntityOfPage":{"@id":"https:\/\/bobea.net\/index.php\/2024\/08\/30\/festival-de-cinema-la-mostra-de-venise-vs-festival-de-cannes-le-duel-des-tapis-rouges\/"},"wordCount":252,"commentCount":0,"publisher":{"@id":"https:\/\/bobea.net\/#organization"},"keywords":["7e art","Alberto Barbera","cadre romantique","Cannes","cin\u00e9philes","comp\u00e9tition cin\u00e9matographique","Croisette","diversit\u00e9 du cin\u00e9ma","duel des tapis rouges","effervescence","Festival de Cannes","Festival de cin\u00e9ma","festivals internationaux.","films attendus","glamour","Lido de Venise","mont\u00e9e des marches","Mostra de Venise","Oscars","palais majestueux","Palme d'or","stars du cin\u00e9ma","Thierry Fr\u00e9maux","Venise"],"articleSection":["Events"],"inLanguage":"fr-FR","potentialAction":[{"@type":"CommentAction","name":"Comment","target":["https:\/\/bobea.net\/index.php\/2024\/08\/30\/festival-de-cinema-la-mostra-de-venise-vs-festival-de-cannes-le-duel-des-tapis-rouges\/#respond"]}]},{"@type":"WebPage","@id":"https:\/\/bobea.net\/index.php\/2024\/08\/30\/festival-de-cinema-la-mostra-de-venise-vs-festival-de-cannes-le-duel-des-tapis-rouges\/","url":"https:\/\/bobea.net\/index.php\/2024\/08\/30\/festival-de-cinema-la-mostra-de-venise-vs-festival-de-cannes-le-duel-des-tapis-rouges\/","name":"Festival de cin\u00e9ma : La Mostra de Venise vs Festival de Cannes - Le duel des tapis rouges - Bobea","isPartOf":{"@id":"https:\/\/bobea.net\/#website"},"datePublished":"2024-08-30T21:05:32+00:00","dateModified":"2024-08-30T21:05:34+00:00","description":"La rivalit\u00e9 entre la Mostra de Venise et le Festival de Cannes bat son plein, chacun cherchant \u00e0 attirer les plus grandes stars et les films","breadcrumb":{"@id":"https:\/\/bobea.net\/index.php\/2024\/08\/30\/festival-de-cinema-la-mostra-de-venise-vs-festival-de-cannes-le-duel-des-tapis-rouges\/#breadcrumb"},"inLanguage":"fr-FR","potentialAction":[{"@type":"ReadAction","target":["https:\/\/bobea.net\/index.php\/2024\/08\/30\/festival-de-cinema-la-mostra-de-venise-vs-festival-de-cannes-le-duel-des-tapis-rouges\/"]}]},{"@type":"BreadcrumbList","@id":"https:\/\/bobea.net\/index.php\/2024\/08\/30\/festival-de-cinema-la-mostra-de-venise-vs-festival-de-cannes-le-duel-des-tapis-rouges\/#breadcrumb","itemListElement":[{"@type":"ListItem","position":1,"name":"Accueil","item":"https:\/\/bobea.net\/"},{"@type":"ListItem","position":2,"name":"Festival de cin\u00e9ma : La Mostra de Venise vs Festival de Cannes &#8211; Le duel des tapis rouges"}]},{"@type":"WebSite","@id":"https:\/\/bobea.net\/#website","url":"https:\/\/bobea.net\/","name":"Bobea","description":"Le magazine de la nouvelle \u00c8ve","publisher":{"@id":"https:\/\/bobea.net\/#organization"},"potentialAction":[{"@type":"SearchAction","target":{"@type":"EntryPoint","urlTemplate":"https:\/\/bobea.net\/?s={search_term_string}"},"query-input":{"@type":"PropertyValueSpecification","valueRequired":true,"valueName":"search_term_string"}}],"inLanguage":"fr-FR"},{"@type":"Organization","@id":"https:\/\/bobea.net\/#organization","name":"Bobea","url":"https:\/\/bobea.net\/","logo":{"@type":"ImageObject","inLanguage":"fr-FR","@id":"https:\/\/bobea.net\/#\/schema\/logo\/image\/","url":"https:\/\/bobea.net\/wp-content\/uploads\/2024\/06\/bobea.jpg","contentUrl":"https:\/\/bobea.net\/wp-content\/uploads\/2024\/06\/bobea.jpg","width":1080,"height":1080,"caption":"Bobea"},"image":{"@id":"https:\/\/bobea.net\/#\/schema\/logo\/image\/"},"sameAs":["https:\/\/web.facebook.com\/profile.php?id=61559252188416"]},{"@type":"Person","@id":"https:\/\/bobea.net\/#\/schema\/person\/e7f45ef187918d7c956bf619dce90ccf","name":"bobea.info","image":{"@type":"ImageObject","inLanguage":"fr-FR","@id":"https:\/\/bobea.net\/#\/schema\/person\/image\/","url":"https:\/\/secure.gravatar.com\/avatar\/36147980349df887ae30808df3e29474?s=96&d=mm&r=g","contentUrl":"https:\/\/secure.gravatar.com\/avatar\/36147980349df887ae30808df3e29474?s=96&d=mm&r=g","caption":"bobea.info"},"sameAs":["https:\/\/bobea.net"],"url":"https:\/\/bobea.net\/index.php\/author\/bobea-info\/"}]}},"_links":{"self":[{"href":"https:\/\/bobea.net\/index.php\/wp-json\/wp\/v2\/posts\/4886"}],"collection":[{"href":"https:\/\/bobea.net\/index.php\/wp-json\/wp\/v2\/posts"}],"about":[{"href":"https:\/\/bobea.net\/index.php\/wp-json\/wp\/v2\/types\/post"}],"author":[{"embeddable":true,"href":"https:\/\/bobea.net\/index.php\/wp-json\/wp\/v2\/users\/1"}],"replies":[{"embeddable":true,"href":"https:\/\/bobea.net\/index.php\/wp-json\/wp\/v2\/comments?post=4886"}],"version-history":[{"count":0,"href":"https:\/\/bobea.net\/index.php\/wp-json\/wp\/v2\/posts\/4886\/revisions"}],"wp:attachment":[{"href":"https:\/\/bobea.net\/index.php\/wp-json\/wp\/v2\/media?parent=4886"}],"wp:term":[{"taxonomy":"category","embeddable":true,"href":"https:\/\/bobea.net\/index.php\/wp-json\/wp\/v2\/categories?post=4886"},{"taxonomy":"post_tag","embeddable":true,"href":"https:\/\/bobea.net\/index.php\/wp-json\/wp\/v2\/tags?post=4886"}],"curies":[{"name":"wp","href":"https:\/\/api.w.org\/{rel}","templated":true}]}}