{"id":4784,"date":"2024-08-26T23:00:50","date_gmt":"2024-08-26T23:00:50","guid":{"rendered":"https:\/\/bobea.net\/?p=4784"},"modified":"2024-08-26T23:00:51","modified_gmt":"2024-08-26T23:00:51","slug":"lheritage-et-la-gestion-de-chanel-par-les-freres-wertheimer","status":"publish","type":"post","link":"https:\/\/bobea.net\/index.php\/2024\/08\/26\/lheritage-et-la-gestion-de-chanel-par-les-freres-wertheimer\/","title":{"rendered":"L\u2019h\u00e9ritage et la gestion de Chanel par les fr\u00e8res Wertheimer"},"content":{"rendered":"\n<p>I. L\u2019his\u00adtoire de la famille Wertheimer<\/p>\n\n\n\n<p>La saga Wertheimer-Chanel d\u00e9bute en 1924, lorsque Pierre Wertheimer, le grand-p\u00e8re d\u2019Alain et G\u00e9rard, ren\u00adcon\u00adtre Gabrielle \u201cCoco\u201d Chanel. Cette ren\u00adcon\u00adtre don\u00adnera nais\u00adsance \u00e0 une col\u00adlab\u00ado\u00adra\u00adtion his\u00adtorique dans le monde du luxe. Pierre, d\u00e9j\u00e0 pro\u00adpri\u00e9\u00adtaire des Par\u00adfums Bour\u00adjois, s\u2019as\u00adso\u00adcie avec Coco Chanel pour cr\u00e9er la soci\u00e9t\u00e9 des Par\u00adfums Chanel. Au fil des d\u00e9cen\u00adnies, la famille Wertheimer acquiert pro\u00adgres\u00adsive\u00adment l\u2019in\u00adt\u00e9\u00adgral\u00adit\u00e9 de la mai\u00adson Chanel. Cette acqui\u00adsi\u00adtion se fait par \u00e9tapes, notam\u00adment apr\u00e8s la Sec\u00adonde Guerre mon\u00addi\u00adale, p\u00e9ri\u00adode durant laque\u00adlle les Wertheimer, de con\u00adfes\u00adsion juive, doivent fuir la France occup\u00e9e. \u00c0 leur retour, ils repren\u00adnent le con\u00adtr\u00f4le de l\u2019en\u00adtre\u00adprise, con\u00adsol\u00adi\u00addant leur posi\u00adtion dans l\u2019u\u00adnivers du luxe fran\u00e7ais.<\/p>\n\n\n\n<p>II. Le style de ges\u00adtion des fr\u00e8res Wertheimer<\/p>\n\n\n\n<p>Alain et G\u00e9rard Wertheimer, h\u00e9ri\u00adtiers de cet empire, ont adop\u00adt\u00e9 une approche de ges\u00adtion unique dans le monde du luxe. Leur dis\u00adcr\u00e9\u00adtion l\u00e9gendaire con\u00adtraste forte\u00adment avec l\u2019im\u00adage flam\u00adboy\u00adante de la mar\u00adque qu\u2019ils diri\u00adgent. Cette strat\u00e9gie de l\u2019om\u00adbre leur a per\u00admis de pren\u00addre des d\u00e9ci\u00adsions auda\u00adcieuses sans subir la pres\u00adsion m\u00e9di\u00ada\u00adtique. Sous leur direc\u00adtion, Chanel a con\u00adnu une crois\u00adsance remar\u00adquable. Ils ont su diver\u00adsi\u00adfi\u00ader les activ\u00adit\u00e9s de l\u2019en\u00adtre\u00adprise tout en pr\u00e9ser\u00advant l\u2019ADN de la mar\u00adque. Les fr\u00e8res ont notam\u00adment investi dans des domaines viti\u00adcoles pres\u00adtigieux et acquis d\u2019autres mar\u00adques de luxe, cr\u00e9ant ain\u00adsi un v\u00e9ri\u00adta\u00adble con\u00adglom\u00e9rat.<\/p>\n\n\n\n<p>III. L\u2019empire Chanel aujour\u00add\u2019hui<\/p>\n\n\n\n<p>Aujour\u00add\u2019hui, Chanel occupe une posi\u00adtion dom\u00adi\u00adnante dans le march\u00e9 du luxe mon\u00addi\u00adal. La mar\u00adque est syn\u00adonyme d\u2019\u00e9l\u00e9\u00adgance intem\u00adporelle et d\u2019in\u00adno\u00adva\u00adtion. Les fr\u00e8res Wertheimer ont su main\u00adtenir cet \u00e9quili\u00adbre d\u00e9li\u00adcat entre tra\u00addi\u00adtion et moder\u00adnit\u00e9, faisant de Chanel une des mar\u00adques de luxe les plus val\u00adoris\u00e9es au monde. Au-del\u00e0 de Chanel, les Wertheimer ont diver\u00adsi\u00adfi\u00e9 leurs investisse\u00adments. Ils pos\u00ads\u00e8\u00addent notam\u00adment des vig\u00adno\u00adbles renom\u00adm\u00e9s en Bor\u00addeaux et ont des par\u00adtic\u00adi\u00adpa\u00adtions dans divers\u00ades entre\u00adpris\u00ades, d\u00e9mon\u00adtrant leur vision entre\u00adpre\u00adneuri\u00adale \u00e0 long terme.<\/p>\n\n\n\n<p>IV. La ques\u00adtion de la suc\u00adces\u00adsion<\/p>\n\n\n\n<p>Alors que la qua\u00adtri\u00e8me g\u00e9n\u00e9ra\u00adtion Wertheimer se pr\u00e9\u00adpare \u00e0 pren\u00addre la rel\u00e8ve, la ques\u00adtion de la suc\u00adces\u00adsion reste un sujet tabou. Les fr\u00e8res, fid\u00e8les \u00e0 leur dis\u00adcr\u00e9\u00adtion habituelle, se refusent \u00e0 com\u00admenter publique\u00adment leurs plans pour l\u2019avenir de l\u2019en\u00adtre\u00adprise. Cepen\u00addant, des mou\u00adve\u00adments strat\u00e9giques r\u00e9cents, comme la restruc\u00adtura\u00adtion de l\u2019en\u00adtre\u00adprise et le d\u00e9place\u00adment de cer\u00adtaines activ\u00adit\u00e9s vers Lon\u00addres, lais\u00adsent penser qu\u2019une tran\u00adsi\u00adtion en douceur est en pr\u00e9\u00adpa\u00adra\u00adtion. Les d\u00e9fis futurs pour l\u2019en\u00adtre\u00adprise famil\u00adiale seront nom\u00adbreux, notam\u00adment face \u00e0 la dig\u00adi\u00adtal\u00adi\u00adsa\u00adtion crois\u00adsante du secteur du luxe et aux change\u00adments des habi\u00adtudes de con\u00adsom\u00adma\u00adtion.<\/p>\n\n\n\n<p>Con\u00adclu\u00adsion<\/p>\n\n\n\n<p>L\u2019his\u00adtoire des fr\u00e8res Wertheimer et de Chanel est un exem\u00adple fasci\u00adnant de ges\u00adtion dis\u00adcr\u00e8te mais effi\u00adcace d\u2019une mar\u00adque de luxe mon\u00addi\u00adale. Leur approche unique, alliant tra\u00addi\u00adtion et inno\u00adva\u00adtion, a per\u00admis \u00e0 Chanel de rester au som\u00admet de l\u2019in\u00addus\u00adtrie du luxe pen\u00addant des d\u00e9cen\u00adnies. L\u2019avenir de Chanel sous la direc\u00adtion de la prochaine g\u00e9n\u00e9ra\u00adtion Wertheimer soul\u00e8ve de nom\u00adbreuses ques\u00adtions. Com\u00adment l\u2019en\u00adtre\u00adprise s\u2019adaptera-t-elle aux d\u00e9fis du 21e si\u00e8\u00adcle tout en pr\u00e9ser\u00advant son h\u00e9ritage? La dis\u00adcr\u00e9\u00adtion l\u00e9gendaire des Wertheimer sera-t-elle main\u00adtenue \u00e0 l\u2019\u00e8re des m\u00e9dias soci\u00adaux et de la trans\u00adparence cor\u00adpo\u00adra\u00adtive? Une chose est s\u00fbre : l\u2019his\u00adtoire des Wertheimer et de Chanel con\u00adtin\u00aduera de fascin\u00ader, illus\u00adtrant com\u00adment une ges\u00adtion famil\u00adiale dis\u00adcr\u00e8te peut coex\u00adis\u00adter avec une mar\u00adque mon\u00addi\u00adale\u00adment c\u00e9l\u00e8bre dans l\u2019u\u00adnivers du luxe.<\/p>\n\n\n\n<p><\/p>\n","protected":false},"excerpt":{"rendered":"<p>I. L\u2019his\u00adtoire de la famille Wertheimer La saga Wertheimer-Chanel d\u00e9bute en 1924, lorsque Pierre Wertheimer, le grand-p\u00e8re d\u2019Alain et G\u00e9rard, ren\u00adcon\u00adtre Gabrielle \u201cCoco\u201d Chanel. Cette ren\u00adcon\u00adtre don\u00adnera nais\u00adsance \u00e0 une\u2026 <\/p>\n","protected":false},"author":1,"featured_media":4785,"comment_status":"open","ping_status":"open","sticky":false,"template":"","format":"standard","meta":{"wp_typography_post_enhancements_disabled":false,"footnotes":""},"categories":[70,52],"tags":[569,5908],"class_list":["post-4784","post","type-post","status-publish","format-standard","has-post-thumbnail","hentry","category-actu","category-business","tag-chanel","tag-wertheimer-chanel"],"yoast_head":"<!-- This site is optimized with the Yoast SEO plugin v24.7 - https:\/\/yoast.com\/wordpress\/plugins\/seo\/ -->\n<title>L&#039;h\u00e9ritage et la gestion de Chanel par les fr\u00e8res Wertheimer - Bobea<\/title>\n<meta name=\"description\" content=\"La saga Wertheimer-Chanel d\u00e9bute en 1924, lorsque Pierre Wertheimer, le grand-p\u00e8re d&#039;Alain et G\u00e9rard, rencontre Gabrielle &quot;Coco&quot; Chanel.\" \/>\n<meta name=\"robots\" content=\"index, follow, max-snippet:-1, max-image-preview:large, max-video-preview:-1\" \/>\n<link rel=\"canonical\" href=\"https:\/\/bobea.net\/index.php\/2024\/08\/26\/lheritage-et-la-gestion-de-chanel-par-les-freres-wertheimer\/\" \/>\n<meta property=\"og:locale\" content=\"fr_FR\" \/>\n<meta property=\"og:type\" content=\"article\" \/>\n<meta property=\"og:title\" content=\"L&#039;h\u00e9ritage et la gestion de Chanel par les fr\u00e8res Wertheimer - Bobea\" \/>\n<meta property=\"og:description\" content=\"La saga Wertheimer-Chanel d\u00e9bute en 1924, lorsque Pierre Wertheimer, le grand-p\u00e8re d&#039;Alain et G\u00e9rard, rencontre Gabrielle &quot;Coco&quot; Chanel.\" \/>\n<meta property=\"og:url\" content=\"https:\/\/bobea.net\/index.php\/2024\/08\/26\/lheritage-et-la-gestion-de-chanel-par-les-freres-wertheimer\/\" \/>\n<meta property=\"og:site_name\" content=\"Bobea\" \/>\n<meta property=\"article:publisher\" content=\"https:\/\/web.facebook.com\/profile.php?id=61559252188416\" \/>\n<meta property=\"article:published_time\" content=\"2024-08-26T23:00:50+00:00\" \/>\n<meta property=\"article:modified_time\" content=\"2024-08-26T23:00:51+00:00\" \/>\n<meta property=\"og:image\" content=\"https:\/\/bobea.net\/wp-content\/uploads\/2024\/08\/R-1-1.png\" \/>\n\t<meta property=\"og:image:width\" content=\"1190\" \/>\n\t<meta property=\"og:image:height\" content=\"595\" \/>\n\t<meta property=\"og:image:type\" content=\"image\/png\" \/>\n<meta name=\"author\" content=\"bobea.info\" \/>\n<meta name=\"twitter:card\" content=\"summary_large_image\" \/>\n<meta name=\"twitter:label1\" content=\"\u00c9crit par\" \/>\n\t<meta name=\"twitter:data1\" content=\"bobea.info\" \/>\n\t<meta name=\"twitter:label2\" content=\"Dur\u00e9e de lecture estim\u00e9e\" \/>\n\t<meta name=\"twitter:data2\" content=\"3 minutes\" \/>\n<script type=\"application\/ld+json\" class=\"yoast-schema-graph\">{\"@context\":\"https:\/\/schema.org\",\"@graph\":[{\"@type\":\"Article\",\"@id\":\"https:\/\/bobea.net\/index.php\/2024\/08\/26\/lheritage-et-la-gestion-de-chanel-par-les-freres-wertheimer\/#article\",\"isPartOf\":{\"@id\":\"https:\/\/bobea.net\/index.php\/2024\/08\/26\/lheritage-et-la-gestion-de-chanel-par-les-freres-wertheimer\/\"},\"author\":{\"name\":\"bobea.info\",\"@id\":\"https:\/\/bobea.net\/#\/schema\/person\/e7f45ef187918d7c956bf619dce90ccf\"},\"headline\":\"L\u2019h\u00e9ritage et la gestion de Chanel par les fr\u00e8res Wertheimer\",\"datePublished\":\"2024-08-26T23:00:50+00:00\",\"dateModified\":\"2024-08-26T23:00:51+00:00\",\"mainEntityOfPage\":{\"@id\":\"https:\/\/bobea.net\/index.php\/2024\/08\/26\/lheritage-et-la-gestion-de-chanel-par-les-freres-wertheimer\/\"},\"wordCount\":610,\"commentCount\":0,\"publisher\":{\"@id\":\"https:\/\/bobea.net\/#organization\"},\"image\":{\"@id\":\"https:\/\/bobea.net\/index.php\/2024\/08\/26\/lheritage-et-la-gestion-de-chanel-par-les-freres-wertheimer\/#primaryimage\"},\"thumbnailUrl\":\"https:\/\/bobea.net\/wp-content\/uploads\/2024\/08\/R-1-1.png\",\"keywords\":[\"Chanel\",\"Wertheimer-Chanel\"],\"articleSection\":[\"Actu\",\"Business\"],\"inLanguage\":\"fr-FR\",\"potentialAction\":[{\"@type\":\"CommentAction\",\"name\":\"Comment\",\"target\":[\"https:\/\/bobea.net\/index.php\/2024\/08\/26\/lheritage-et-la-gestion-de-chanel-par-les-freres-wertheimer\/#respond\"]}]},{\"@type\":\"WebPage\",\"@id\":\"https:\/\/bobea.net\/index.php\/2024\/08\/26\/lheritage-et-la-gestion-de-chanel-par-les-freres-wertheimer\/\",\"url\":\"https:\/\/bobea.net\/index.php\/2024\/08\/26\/lheritage-et-la-gestion-de-chanel-par-les-freres-wertheimer\/\",\"name\":\"L'h\u00e9ritage et la gestion de Chanel par les fr\u00e8res Wertheimer - Bobea\",\"isPartOf\":{\"@id\":\"https:\/\/bobea.net\/#website\"},\"primaryImageOfPage\":{\"@id\":\"https:\/\/bobea.net\/index.php\/2024\/08\/26\/lheritage-et-la-gestion-de-chanel-par-les-freres-wertheimer\/#primaryimage\"},\"image\":{\"@id\":\"https:\/\/bobea.net\/index.php\/2024\/08\/26\/lheritage-et-la-gestion-de-chanel-par-les-freres-wertheimer\/#primaryimage\"},\"thumbnailUrl\":\"https:\/\/bobea.net\/wp-content\/uploads\/2024\/08\/R-1-1.png\",\"datePublished\":\"2024-08-26T23:00:50+00:00\",\"dateModified\":\"2024-08-26T23:00:51+00:00\",\"description\":\"La saga Wertheimer-Chanel d\u00e9bute en 1924, lorsque Pierre Wertheimer, le grand-p\u00e8re d'Alain et G\u00e9rard, rencontre Gabrielle \\\"Coco\\\" Chanel.\",\"breadcrumb\":{\"@id\":\"https:\/\/bobea.net\/index.php\/2024\/08\/26\/lheritage-et-la-gestion-de-chanel-par-les-freres-wertheimer\/#breadcrumb\"},\"inLanguage\":\"fr-FR\",\"potentialAction\":[{\"@type\":\"ReadAction\",\"target\":[\"https:\/\/bobea.net\/index.php\/2024\/08\/26\/lheritage-et-la-gestion-de-chanel-par-les-freres-wertheimer\/\"]}]},{\"@type\":\"ImageObject\",\"inLanguage\":\"fr-FR\",\"@id\":\"https:\/\/bobea.net\/index.php\/2024\/08\/26\/lheritage-et-la-gestion-de-chanel-par-les-freres-wertheimer\/#primaryimage\",\"url\":\"https:\/\/bobea.net\/wp-content\/uploads\/2024\/08\/R-1-1.png\",\"contentUrl\":\"https:\/\/bobea.net\/wp-content\/uploads\/2024\/08\/R-1-1.png\",\"width\":1190,\"height\":595,\"caption\":\"L'h\u00e9ritage et la gestion de Chanel par les fr\u00e8res Wertheimer\"},{\"@type\":\"BreadcrumbList\",\"@id\":\"https:\/\/bobea.net\/index.php\/2024\/08\/26\/lheritage-et-la-gestion-de-chanel-par-les-freres-wertheimer\/#breadcrumb\",\"itemListElement\":[{\"@type\":\"ListItem\",\"position\":1,\"name\":\"Accueil\",\"item\":\"https:\/\/bobea.net\/\"},{\"@type\":\"ListItem\",\"position\":2,\"name\":\"L&#8217;h\u00e9ritage et la gestion de Chanel par les fr\u00e8res Wertheimer\"}]},{\"@type\":\"WebSite\",\"@id\":\"https:\/\/bobea.net\/#website\",\"url\":\"https:\/\/bobea.net\/\",\"name\":\"Bobea\",\"description\":\"Le magazine de la nouvelle \u00c8ve\",\"publisher\":{\"@id\":\"https:\/\/bobea.net\/#organization\"},\"potentialAction\":[{\"@type\":\"SearchAction\",\"target\":{\"@type\":\"EntryPoint\",\"urlTemplate\":\"https:\/\/bobea.net\/?s={search_term_string}\"},\"query-input\":{\"@type\":\"PropertyValueSpecification\",\"valueRequired\":true,\"valueName\":\"search_term_string\"}}],\"inLanguage\":\"fr-FR\"},{\"@type\":\"Organization\",\"@id\":\"https:\/\/bobea.net\/#organization\",\"name\":\"Bobea\",\"url\":\"https:\/\/bobea.net\/\",\"logo\":{\"@type\":\"ImageObject\",\"inLanguage\":\"fr-FR\",\"@id\":\"https:\/\/bobea.net\/#\/schema\/logo\/image\/\",\"url\":\"https:\/\/bobea.net\/wp-content\/uploads\/2024\/06\/bobea.jpg\",\"contentUrl\":\"https:\/\/bobea.net\/wp-content\/uploads\/2024\/06\/bobea.jpg\",\"width\":1080,\"height\":1080,\"caption\":\"Bobea\"},\"image\":{\"@id\":\"https:\/\/bobea.net\/#\/schema\/logo\/image\/\"},\"sameAs\":[\"https:\/\/web.facebook.com\/profile.php?id=61559252188416\"]},{\"@type\":\"Person\",\"@id\":\"https:\/\/bobea.net\/#\/schema\/person\/e7f45ef187918d7c956bf619dce90ccf\",\"name\":\"bobea.info\",\"image\":{\"@type\":\"ImageObject\",\"inLanguage\":\"fr-FR\",\"@id\":\"https:\/\/bobea.net\/#\/schema\/person\/image\/\",\"url\":\"https:\/\/secure.gravatar.com\/avatar\/36147980349df887ae30808df3e29474?s=96&d=mm&r=g\",\"contentUrl\":\"https:\/\/secure.gravatar.com\/avatar\/36147980349df887ae30808df3e29474?s=96&d=mm&r=g\",\"caption\":\"bobea.info\"},\"sameAs\":[\"https:\/\/bobea.net\"],\"url\":\"https:\/\/bobea.net\/index.php\/author\/bobea-info\/\"}]}<\/script>\n<!-- \/ Yoast SEO plugin. -->","yoast_head_json":{"title":"L'h\u00e9ritage et la gestion de Chanel par les fr\u00e8res Wertheimer - Bobea","description":"La saga Wertheimer-Chanel d\u00e9bute en 1924, lorsque Pierre Wertheimer, le grand-p\u00e8re d'Alain et G\u00e9rard, rencontre Gabrielle \"Coco\" Chanel.","robots":{"index":"index","follow":"follow","max-snippet":"max-snippet:-1","max-image-preview":"max-image-preview:large","max-video-preview":"max-video-preview:-1"},"canonical":"https:\/\/bobea.net\/index.php\/2024\/08\/26\/lheritage-et-la-gestion-de-chanel-par-les-freres-wertheimer\/","og_locale":"fr_FR","og_type":"article","og_title":"L'h\u00e9ritage et la gestion de Chanel par les fr\u00e8res Wertheimer - Bobea","og_description":"La saga Wertheimer-Chanel d\u00e9bute en 1924, lorsque Pierre Wertheimer, le grand-p\u00e8re d'Alain et G\u00e9rard, rencontre Gabrielle \"Coco\" Chanel.","og_url":"https:\/\/bobea.net\/index.php\/2024\/08\/26\/lheritage-et-la-gestion-de-chanel-par-les-freres-wertheimer\/","og_site_name":"Bobea","article_publisher":"https:\/\/web.facebook.com\/profile.php?id=61559252188416","article_published_time":"2024-08-26T23:00:50+00:00","article_modified_time":"2024-08-26T23:00:51+00:00","og_image":[{"width":1190,"height":595,"url":"https:\/\/bobea.net\/wp-content\/uploads\/2024\/08\/R-1-1.png","type":"image\/png"}],"author":"bobea.info","twitter_card":"summary_large_image","twitter_misc":{"\u00c9crit par":"bobea.info","Dur\u00e9e de lecture estim\u00e9e":"3 minutes"},"schema":{"@context":"https:\/\/schema.org","@graph":[{"@type":"Article","@id":"https:\/\/bobea.net\/index.php\/2024\/08\/26\/lheritage-et-la-gestion-de-chanel-par-les-freres-wertheimer\/#article","isPartOf":{"@id":"https:\/\/bobea.net\/index.php\/2024\/08\/26\/lheritage-et-la-gestion-de-chanel-par-les-freres-wertheimer\/"},"author":{"name":"bobea.info","@id":"https:\/\/bobea.net\/#\/schema\/person\/e7f45ef187918d7c956bf619dce90ccf"},"headline":"L\u2019h\u00e9ritage et la gestion de Chanel par les fr\u00e8res Wertheimer","datePublished":"2024-08-26T23:00:50+00:00","dateModified":"2024-08-26T23:00:51+00:00","mainEntityOfPage":{"@id":"https:\/\/bobea.net\/index.php\/2024\/08\/26\/lheritage-et-la-gestion-de-chanel-par-les-freres-wertheimer\/"},"wordCount":610,"commentCount":0,"publisher":{"@id":"https:\/\/bobea.net\/#organization"},"image":{"@id":"https:\/\/bobea.net\/index.php\/2024\/08\/26\/lheritage-et-la-gestion-de-chanel-par-les-freres-wertheimer\/#primaryimage"},"thumbnailUrl":"https:\/\/bobea.net\/wp-content\/uploads\/2024\/08\/R-1-1.png","keywords":["Chanel","Wertheimer-Chanel"],"articleSection":["Actu","Business"],"inLanguage":"fr-FR","potentialAction":[{"@type":"CommentAction","name":"Comment","target":["https:\/\/bobea.net\/index.php\/2024\/08\/26\/lheritage-et-la-gestion-de-chanel-par-les-freres-wertheimer\/#respond"]}]},{"@type":"WebPage","@id":"https:\/\/bobea.net\/index.php\/2024\/08\/26\/lheritage-et-la-gestion-de-chanel-par-les-freres-wertheimer\/","url":"https:\/\/bobea.net\/index.php\/2024\/08\/26\/lheritage-et-la-gestion-de-chanel-par-les-freres-wertheimer\/","name":"L'h\u00e9ritage et la gestion de Chanel par les fr\u00e8res Wertheimer - Bobea","isPartOf":{"@id":"https:\/\/bobea.net\/#website"},"primaryImageOfPage":{"@id":"https:\/\/bobea.net\/index.php\/2024\/08\/26\/lheritage-et-la-gestion-de-chanel-par-les-freres-wertheimer\/#primaryimage"},"image":{"@id":"https:\/\/bobea.net\/index.php\/2024\/08\/26\/lheritage-et-la-gestion-de-chanel-par-les-freres-wertheimer\/#primaryimage"},"thumbnailUrl":"https:\/\/bobea.net\/wp-content\/uploads\/2024\/08\/R-1-1.png","datePublished":"2024-08-26T23:00:50+00:00","dateModified":"2024-08-26T23:00:51+00:00","description":"La saga Wertheimer-Chanel d\u00e9bute en 1924, lorsque Pierre Wertheimer, le grand-p\u00e8re d'Alain et G\u00e9rard, rencontre Gabrielle \"Coco\" Chanel.","breadcrumb":{"@id":"https:\/\/bobea.net\/index.php\/2024\/08\/26\/lheritage-et-la-gestion-de-chanel-par-les-freres-wertheimer\/#breadcrumb"},"inLanguage":"fr-FR","potentialAction":[{"@type":"ReadAction","target":["https:\/\/bobea.net\/index.php\/2024\/08\/26\/lheritage-et-la-gestion-de-chanel-par-les-freres-wertheimer\/"]}]},{"@type":"ImageObject","inLanguage":"fr-FR","@id":"https:\/\/bobea.net\/index.php\/2024\/08\/26\/lheritage-et-la-gestion-de-chanel-par-les-freres-wertheimer\/#primaryimage","url":"https:\/\/bobea.net\/wp-content\/uploads\/2024\/08\/R-1-1.png","contentUrl":"https:\/\/bobea.net\/wp-content\/uploads\/2024\/08\/R-1-1.png","width":1190,"height":595,"caption":"L'h\u00e9ritage et la gestion de Chanel par les fr\u00e8res Wertheimer"},{"@type":"BreadcrumbList","@id":"https:\/\/bobea.net\/index.php\/2024\/08\/26\/lheritage-et-la-gestion-de-chanel-par-les-freres-wertheimer\/#breadcrumb","itemListElement":[{"@type":"ListItem","position":1,"name":"Accueil","item":"https:\/\/bobea.net\/"},{"@type":"ListItem","position":2,"name":"L&#8217;h\u00e9ritage et la gestion de Chanel par les fr\u00e8res Wertheimer"}]},{"@type":"WebSite","@id":"https:\/\/bobea.net\/#website","url":"https:\/\/bobea.net\/","name":"Bobea","description":"Le magazine de la nouvelle \u00c8ve","publisher":{"@id":"https:\/\/bobea.net\/#organization"},"potentialAction":[{"@type":"SearchAction","target":{"@type":"EntryPoint","urlTemplate":"https:\/\/bobea.net\/?s={search_term_string}"},"query-input":{"@type":"PropertyValueSpecification","valueRequired":true,"valueName":"search_term_string"}}],"inLanguage":"fr-FR"},{"@type":"Organization","@id":"https:\/\/bobea.net\/#organization","name":"Bobea","url":"https:\/\/bobea.net\/","logo":{"@type":"ImageObject","inLanguage":"fr-FR","@id":"https:\/\/bobea.net\/#\/schema\/logo\/image\/","url":"https:\/\/bobea.net\/wp-content\/uploads\/2024\/06\/bobea.jpg","contentUrl":"https:\/\/bobea.net\/wp-content\/uploads\/2024\/06\/bobea.jpg","width":1080,"height":1080,"caption":"Bobea"},"image":{"@id":"https:\/\/bobea.net\/#\/schema\/logo\/image\/"},"sameAs":["https:\/\/web.facebook.com\/profile.php?id=61559252188416"]},{"@type":"Person","@id":"https:\/\/bobea.net\/#\/schema\/person\/e7f45ef187918d7c956bf619dce90ccf","name":"bobea.info","image":{"@type":"ImageObject","inLanguage":"fr-FR","@id":"https:\/\/bobea.net\/#\/schema\/person\/image\/","url":"https:\/\/secure.gravatar.com\/avatar\/36147980349df887ae30808df3e29474?s=96&d=mm&r=g","contentUrl":"https:\/\/secure.gravatar.com\/avatar\/36147980349df887ae30808df3e29474?s=96&d=mm&r=g","caption":"bobea.info"},"sameAs":["https:\/\/bobea.net"],"url":"https:\/\/bobea.net\/index.php\/author\/bobea-info\/"}]}},"_links":{"self":[{"href":"https:\/\/bobea.net\/index.php\/wp-json\/wp\/v2\/posts\/4784"}],"collection":[{"href":"https:\/\/bobea.net\/index.php\/wp-json\/wp\/v2\/posts"}],"about":[{"href":"https:\/\/bobea.net\/index.php\/wp-json\/wp\/v2\/types\/post"}],"author":[{"embeddable":true,"href":"https:\/\/bobea.net\/index.php\/wp-json\/wp\/v2\/users\/1"}],"replies":[{"embeddable":true,"href":"https:\/\/bobea.net\/index.php\/wp-json\/wp\/v2\/comments?post=4784"}],"version-history":[{"count":0,"href":"https:\/\/bobea.net\/index.php\/wp-json\/wp\/v2\/posts\/4784\/revisions"}],"wp:featuredmedia":[{"embeddable":true,"href":"https:\/\/bobea.net\/index.php\/wp-json\/wp\/v2\/media\/4785"}],"wp:attachment":[{"href":"https:\/\/bobea.net\/index.php\/wp-json\/wp\/v2\/media?parent=4784"}],"wp:term":[{"taxonomy":"category","embeddable":true,"href":"https:\/\/bobea.net\/index.php\/wp-json\/wp\/v2\/categories?post=4784"},{"taxonomy":"post_tag","embeddable":true,"href":"https:\/\/bobea.net\/index.php\/wp-json\/wp\/v2\/tags?post=4784"}],"curies":[{"name":"wp","href":"https:\/\/api.w.org\/{rel}","templated":true}]}}