{"id":4728,"date":"2024-08-23T12:51:57","date_gmt":"2024-08-23T12:51:57","guid":{"rendered":"https:\/\/bobea.net\/?p=4728"},"modified":"2024-08-23T12:51:58","modified_gmt":"2024-08-23T12:51:58","slug":"levolution-des-mannequins-noirs-dans-lindustrie-de-la-mode","status":"publish","type":"post","link":"https:\/\/bobea.net\/index.php\/2024\/08\/23\/levolution-des-mannequins-noirs-dans-lindustrie-de-la-mode\/","title":{"rendered":"L\u2019\u00e9volution des mannequins noirs dans l\u2019industrie de la mode"},"content":{"rendered":"\n<p>De Nao\u00admi Camp\u00adbell \u00e0 aujour\u00add\u2019hui : l\u2019as\u00adcen\u00adsion des man\u00adnequins noirs sur les podi\u00adums<\/p>\n\n\n\n<p>L\u2019in\u00addus\u00adtrie de la mode a con\u00adnu une \u00e9vo\u00adlu\u00adtion sig\u00adni\u00adfica\u00adtive dans la repr\u00e9sen\u00adta\u00adtion des man\u00adnequins noirs. De Nao\u00admi Camp\u00adbell, ic\u00f4ne des ann\u00e9es 90, aux nou\u00advelles stars des podi\u00adums, retour sur les fig\u00adures mar\u00adquantes qui ont fa\u00e7on\u00adn\u00e9 cette trans\u00adfor\u00adma\u00adtion.<\/p>\n\n\n\n<p>Les pio\u00adnni\u00e8res : ouvrir la voie<\/p>\n\n\n\n<p>Les pre\u00admi\u00e8res man\u00adnequins noires \u00e0 mar\u00adquer l\u2019in\u00addus\u00adtrie :<\/p>\n\n\n\n<ul class=\"wp-block-list\">\n<li>Donyale Luna, pre\u00admi\u00e8re man\u00adnequin noire en cou\u00adver\u00adture de Vogue en 1966<\/li>\n\n\n\n<li>Bev\u00ader\u00adly John\u00adson, pre\u00admi\u00e8re femme noire en cou\u00adver\u00adture de Vogue US en 1974<\/li>\n\n\n\n<li>Iman, super\u00admod\u00adel soma\u00adli\u00adenne dev\u00adenue ic\u00f4ne dans les ann\u00e9es 80<\/li>\n<\/ul>\n\n\n\n<p>L\u2019\u00e8re des super\u00admod\u00adels : Nao\u00admi Camp\u00adbell et ses con\u00adtem\u00adpo\u00adraines<\/p>\n\n\n\n<p>Les ann\u00e9es 90 voient l\u2019\u00e9mer\u00adgence de super\u00adstars :<\/p>\n\n\n\n<ol class=\"wp-block-list\">\n<li>Nao\u00admi Camp\u00adbell, fig\u00adure incon\u00adtourn\u00adable et mil\u00adi\u00adtante pour la diver\u00adsit\u00e9<\/li>\n\n\n\n<li>Tyra Banks, pass\u00e9e des podi\u00adums \u00e0 la t\u00e9l\u00e9vi\u00adsion avec \u201cAmer\u00adi\u00adca\u2019s Next Top Mod\u00adel\u201d<\/li>\n\n\n\n<li>Alek Wek, red\u00e9finis\u00adsant les stan\u00addards de beaut\u00e9 avec ses traits soudanais<\/li>\n<\/ol>\n\n\n\n<p>La nou\u00advelle g\u00e9n\u00e9ra\u00adtion : diver\u00adsit\u00e9 et inclu\u00adsiv\u00adit\u00e9<\/p>\n\n\n\n<p>Les man\u00adnequins noirs d\u2019au\u00adjour\u00add\u2019hui :<\/p>\n\n\n\n<ul class=\"wp-block-list\">\n<li>Adut Akech, r\u00e9fugi\u00e9e sud-soudanaise dev\u00adenue l\u2019un des vis\u00adages les plus demand\u00e9s<\/li>\n\n\n\n<li>Anok Yai, pre\u00admi\u00e8re femme noire \u00e0 ouvrir un d\u00e9fil\u00e9 Pra\u00adda depuis 1997<\/li>\n\n\n\n<li>Duck\u00adie Thot, con\u00adnue pour son teint d\u2019\u00e9b\u00e8ne et son engage\u00adment pour l\u2019in\u00adclu\u00adsiv\u00adit\u00e9<\/li>\n<\/ul>\n\n\n\n<p>L\u2019im\u00adpact sur l\u2019in\u00addus\u00adtrie de la mode<\/p>\n\n\n\n<p>L\u2019\u00e9vo\u00adlu\u00adtion de la repr\u00e9sen\u00adta\u00adtion a des effets con\u00adcrets :<\/p>\n\n\n\n<ul class=\"wp-block-list\">\n<li>Aug\u00admen\u00adta\u00adtion de la diver\u00adsit\u00e9 dans les cam\u00adpagnes pub\u00adlic\u00adi\u00adtaires et les d\u00e9fil\u00e9s<\/li>\n\n\n\n<li>Cr\u00e9a\u00adtion de gammes de maquil\u00adlage et de soins adap\u00adt\u00e9s aux peaux noires<\/li>\n\n\n\n<li>Prise de con\u00adscience de l\u2019im\u00adpor\u00adtance de la repr\u00e9sen\u00adta\u00adtion dans les m\u00e9dias de mode<\/li>\n<\/ul>\n\n\n\n<p>Les d\u00e9fis per\u00adsis\u00adtants<\/p>\n\n\n\n<p>Mal\u00adgr\u00e9 les pro\u00adgr\u00e8s, des obsta\u00adcles demeurent :<\/p>\n\n\n\n<ul class=\"wp-block-list\">\n<li>Sous-repr\u00e9sen\u00adta\u00adtion per\u00adsis\u00adtante dans cer\u00adtains seg\u00adments de l\u2019in\u00addus\u00adtrie<\/li>\n\n\n\n<li>St\u00e9r\u00e9o\u00adtypes et tokenisme encore pr\u00e9sents<\/li>\n\n\n\n<li>N\u00e9ces\u00adsit\u00e9 d\u2019une plus grande diver\u00adsit\u00e9 der\u00adri\u00e8re l\u2019ob\u00adjec\u00adtif et dans les postes d\u00e9ci\u00adsion\u00adnels<\/li>\n<\/ul>\n\n\n\n<p>L\u2019avenir : vers une indus\u00adtrie v\u00e9ri\u00adta\u00adble\u00adment inclu\u00adsive<\/p>\n\n\n\n<p>Les per\u00adspec\u00adtives pour les man\u00adnequins noirs :<\/p>\n\n\n\n<ul class=\"wp-block-list\">\n<li>\u00c9mer\u00adgence de nou\u00advelles plate\u00adformes c\u00e9l\u00e9brant la diver\u00adsit\u00e9<\/li>\n\n\n\n<li>Impor\u00adtance crois\u00adsante des r\u00e9seaux soci\u00adaux pour la vis\u00adi\u00adbil\u00adit\u00e9 des tal\u00adents<\/li>\n\n\n\n<li>Demande gran\u00addis\u00adsante pour une repr\u00e9sen\u00adta\u00adtion authen\u00adtique et var\u00adi\u00e9e<\/li>\n<\/ul>\n\n\n\n<p>L\u2019\u00e9vo\u00adlu\u00adtion de la place des man\u00adnequins noirs dans l\u2019in\u00addus\u00adtrie de la mode refl\u00e8te les change\u00adments soci\u00e9\u00adtaux plus larges en mati\u00e8re de diver\u00adsit\u00e9 et d\u2019in\u00adclu\u00adsion. Des pio\u00adnni\u00e8res comme Donyale Luna et Bev\u00ader\u00adly John\u00adson aux ic\u00f4nes con\u00adtem\u00adpo\u00adraines comme Adut Akech, ces femmes ont non seule\u00adment red\u00e9fi\u00adni les stan\u00addards de beaut\u00e9 mais ont aus\u00adsi ouvert la voie \u00e0 une repr\u00e9sen\u00adta\u00adtion plus \u00e9quitable dans la mode. Bien que des d\u00e9fis per\u00adsis\u00adtent, l\u2019in\u00addus\u00adtrie sem\u00adble s\u2019ori\u00aden\u00adter vers une plus grande inclu\u00adsiv\u00adit\u00e9, recon\u00adnais\u00adsant enfin la beaut\u00e9 dans toute sa diver\u00adsit\u00e9. Cette trans\u00adfor\u00adma\u00adtion con\u00adtin\u00adue d\u2019in\u00adspir\u00ader les jeunes g\u00e9n\u00e9ra\u00adtions, prou\u00advant que la beaut\u00e9 n\u2019a pas de couleur et que la mode peut \u00eatre un puis\u00adsant vecteur de change\u00adment social.<\/p>\n\n\n\n<p><\/p>\n","protected":false},"excerpt":{"rendered":"<p>De Nao\u00admi Camp\u00adbell \u00e0 aujour\u00add\u2019hui : l\u2019as\u00adcen\u00adsion des man\u00adnequins noirs sur les podi\u00adums L\u2019in\u00addus\u00adtrie de la mode a con\u00adnu une \u00e9vo\u00adlu\u00adtion sig\u00adni\u00adfica\u00adtive dans la repr\u00e9sen\u00adta\u00adtion des man\u00adnequins noirs. De Nao\u00admi\u2026 <\/p>\n","protected":false},"author":1,"featured_media":4729,"comment_status":"open","ping_status":"open","sticky":false,"template":"","format":"standard","meta":{"wp_typography_post_enhancements_disabled":false,"footnotes":""},"categories":[64,50],"tags":[],"class_list":["post-4728","post","type-post","status-publish","format-standard","has-post-thumbnail","hentry","category-en-vogue","category-mode"],"yoast_head":"<!-- This site is optimized with the Yoast SEO plugin v24.7 - https:\/\/yoast.com\/wordpress\/plugins\/seo\/ -->\n<title>L&#039;\u00e9volution des mannequins noirs dans l&#039;industrie de la mode - Bobea<\/title>\n<meta name=\"description\" content=\"L&#039;industrie de la mode a connu une \u00e9volution significative dans la repr\u00e9sentation des mannequins noirs. De Naomi Campbell\" \/>\n<meta name=\"robots\" content=\"index, follow, max-snippet:-1, max-image-preview:large, max-video-preview:-1\" \/>\n<link rel=\"canonical\" href=\"https:\/\/bobea.net\/index.php\/2024\/08\/23\/levolution-des-mannequins-noirs-dans-lindustrie-de-la-mode\/\" \/>\n<meta property=\"og:locale\" content=\"fr_FR\" \/>\n<meta property=\"og:type\" content=\"article\" \/>\n<meta property=\"og:title\" content=\"L&#039;\u00e9volution des mannequins noirs dans l&#039;industrie de la mode - Bobea\" \/>\n<meta property=\"og:description\" content=\"L&#039;industrie de la mode a connu une \u00e9volution significative dans la repr\u00e9sentation des mannequins noirs. De Naomi Campbell\" \/>\n<meta property=\"og:url\" content=\"https:\/\/bobea.net\/index.php\/2024\/08\/23\/levolution-des-mannequins-noirs-dans-lindustrie-de-la-mode\/\" \/>\n<meta property=\"og:site_name\" content=\"Bobea\" \/>\n<meta property=\"article:publisher\" content=\"https:\/\/web.facebook.com\/profile.php?id=61559252188416\" \/>\n<meta property=\"article:published_time\" content=\"2024-08-23T12:51:57+00:00\" \/>\n<meta property=\"article:modified_time\" content=\"2024-08-23T12:51:58+00:00\" \/>\n<meta property=\"og:image\" content=\"https:\/\/bobea.net\/wp-content\/uploads\/2024\/08\/R-6-1.jpeg\" \/>\n\t<meta property=\"og:image:width\" content=\"638\" \/>\n\t<meta property=\"og:image:height\" content=\"445\" \/>\n\t<meta property=\"og:image:type\" content=\"image\/jpeg\" \/>\n<meta name=\"author\" content=\"bobea.info\" \/>\n<meta name=\"twitter:card\" content=\"summary_large_image\" \/>\n<meta name=\"twitter:label1\" content=\"\u00c9crit par\" \/>\n\t<meta name=\"twitter:data1\" content=\"bobea.info\" \/>\n\t<meta name=\"twitter:label2\" content=\"Dur\u00e9e de lecture estim\u00e9e\" \/>\n\t<meta name=\"twitter:data2\" content=\"3 minutes\" \/>\n<script type=\"application\/ld+json\" class=\"yoast-schema-graph\">{\"@context\":\"https:\/\/schema.org\",\"@graph\":[{\"@type\":\"Article\",\"@id\":\"https:\/\/bobea.net\/index.php\/2024\/08\/23\/levolution-des-mannequins-noirs-dans-lindustrie-de-la-mode\/#article\",\"isPartOf\":{\"@id\":\"https:\/\/bobea.net\/index.php\/2024\/08\/23\/levolution-des-mannequins-noirs-dans-lindustrie-de-la-mode\/\"},\"author\":{\"name\":\"bobea.info\",\"@id\":\"https:\/\/bobea.net\/#\/schema\/person\/e7f45ef187918d7c956bf619dce90ccf\"},\"headline\":\"L\u2019\u00e9volution des mannequins noirs dans l\u2019industrie de la mode\",\"datePublished\":\"2024-08-23T12:51:57+00:00\",\"dateModified\":\"2024-08-23T12:51:58+00:00\",\"mainEntityOfPage\":{\"@id\":\"https:\/\/bobea.net\/index.php\/2024\/08\/23\/levolution-des-mannequins-noirs-dans-lindustrie-de-la-mode\/\"},\"wordCount\":498,\"commentCount\":0,\"publisher\":{\"@id\":\"https:\/\/bobea.net\/#organization\"},\"image\":{\"@id\":\"https:\/\/bobea.net\/index.php\/2024\/08\/23\/levolution-des-mannequins-noirs-dans-lindustrie-de-la-mode\/#primaryimage\"},\"thumbnailUrl\":\"https:\/\/bobea.net\/wp-content\/uploads\/2024\/08\/R-6-1.jpeg\",\"articleSection\":[\"En Vogue\",\"Mode\"],\"inLanguage\":\"fr-FR\",\"potentialAction\":[{\"@type\":\"CommentAction\",\"name\":\"Comment\",\"target\":[\"https:\/\/bobea.net\/index.php\/2024\/08\/23\/levolution-des-mannequins-noirs-dans-lindustrie-de-la-mode\/#respond\"]}]},{\"@type\":\"WebPage\",\"@id\":\"https:\/\/bobea.net\/index.php\/2024\/08\/23\/levolution-des-mannequins-noirs-dans-lindustrie-de-la-mode\/\",\"url\":\"https:\/\/bobea.net\/index.php\/2024\/08\/23\/levolution-des-mannequins-noirs-dans-lindustrie-de-la-mode\/\",\"name\":\"L'\u00e9volution des mannequins noirs dans l'industrie de la mode - Bobea\",\"isPartOf\":{\"@id\":\"https:\/\/bobea.net\/#website\"},\"primaryImageOfPage\":{\"@id\":\"https:\/\/bobea.net\/index.php\/2024\/08\/23\/levolution-des-mannequins-noirs-dans-lindustrie-de-la-mode\/#primaryimage\"},\"image\":{\"@id\":\"https:\/\/bobea.net\/index.php\/2024\/08\/23\/levolution-des-mannequins-noirs-dans-lindustrie-de-la-mode\/#primaryimage\"},\"thumbnailUrl\":\"https:\/\/bobea.net\/wp-content\/uploads\/2024\/08\/R-6-1.jpeg\",\"datePublished\":\"2024-08-23T12:51:57+00:00\",\"dateModified\":\"2024-08-23T12:51:58+00:00\",\"description\":\"L'industrie de la mode a connu une \u00e9volution significative dans la repr\u00e9sentation des mannequins noirs. De Naomi Campbell\",\"breadcrumb\":{\"@id\":\"https:\/\/bobea.net\/index.php\/2024\/08\/23\/levolution-des-mannequins-noirs-dans-lindustrie-de-la-mode\/#breadcrumb\"},\"inLanguage\":\"fr-FR\",\"potentialAction\":[{\"@type\":\"ReadAction\",\"target\":[\"https:\/\/bobea.net\/index.php\/2024\/08\/23\/levolution-des-mannequins-noirs-dans-lindustrie-de-la-mode\/\"]}]},{\"@type\":\"ImageObject\",\"inLanguage\":\"fr-FR\",\"@id\":\"https:\/\/bobea.net\/index.php\/2024\/08\/23\/levolution-des-mannequins-noirs-dans-lindustrie-de-la-mode\/#primaryimage\",\"url\":\"https:\/\/bobea.net\/wp-content\/uploads\/2024\/08\/R-6-1.jpeg\",\"contentUrl\":\"https:\/\/bobea.net\/wp-content\/uploads\/2024\/08\/R-6-1.jpeg\",\"width\":638,\"height\":445,\"caption\":\"L'\u00e9volution des mannequins noirs dans l'industrie de la mode De Naomi Campbell \u00e0 aujourd'hui : l'ascension des mannequins noirs sur les podiums L'industrie de la mode a connu une \u00e9volution significative dans la repr\u00e9sentation des mannequins noirs. De Naomi Campbell, ic\u00f4ne des ann\u00e9es 90, aux nouvelles stars des podiums, retour sur les figures marquantes qui ont fa\u00e7onn\u00e9 cette transformation. Les pionni\u00e8res : ouvrir la voie Les premi\u00e8res mannequins noires \u00e0 marquer l'industrie : \u2022 Donyale Luna, premi\u00e8re mannequin noire en couverture de Vogue en 1966 \u2022 Beverly Johnson, premi\u00e8re femme noire en couverture de Vogue US en 1974 \u2022 Iman, supermodel somalienne devenue ic\u00f4ne dans les ann\u00e9es 80 L'\u00e8re des supermodels : Naomi Campbell et ses contemporaines Les ann\u00e9es 90 voient l'\u00e9mergence de superstars : 1. Naomi Campbell, figure incontournable et militante pour la diversit\u00e9 2. Tyra Banks, pass\u00e9e des podiums \u00e0 la t\u00e9l\u00e9vision avec \\\"America's Next Top Model\\\" 3. Alek Wek, red\u00e9finissant les standards de beaut\u00e9 avec ses traits soudanais La nouvelle g\u00e9n\u00e9ration : diversit\u00e9 et inclusivit\u00e9 Les mannequins noirs d'aujourd'hui : \u2022 Adut Akech, r\u00e9fugi\u00e9e sud-soudanaise devenue l'un des visages les plus demand\u00e9s \u2022 Anok Yai, premi\u00e8re femme noire \u00e0 ouvrir un d\u00e9fil\u00e9 Prada depuis 1997 \u2022 Duckie Thot, connue pour son teint d'\u00e9b\u00e8ne et son engagement pour l'inclusivit\u00e9 L'impact sur l'industrie de la mode L'\u00e9volution de la repr\u00e9sentation a des effets concrets : \u2022 Augmentation de la diversit\u00e9 dans les campagnes publicitaires et les d\u00e9fil\u00e9s \u2022 Cr\u00e9ation de gammes de maquillage et de soins adapt\u00e9s aux peaux noires \u2022 Prise de conscience de l'importance de la repr\u00e9sentation dans les m\u00e9dias de mode Les d\u00e9fis persistants Malgr\u00e9 les progr\u00e8s, des obstacles demeurent : \u2022 Sous-repr\u00e9sentation persistante dans certains segments de l'industrie \u2022 St\u00e9r\u00e9otypes et tokenisme encore pr\u00e9sents \u2022 N\u00e9cessit\u00e9 d'une plus grande diversit\u00e9 derri\u00e8re l'objectif et dans les postes d\u00e9cisionnels L'avenir : vers une industrie v\u00e9ritablement inc\"},{\"@type\":\"BreadcrumbList\",\"@id\":\"https:\/\/bobea.net\/index.php\/2024\/08\/23\/levolution-des-mannequins-noirs-dans-lindustrie-de-la-mode\/#breadcrumb\",\"itemListElement\":[{\"@type\":\"ListItem\",\"position\":1,\"name\":\"Accueil\",\"item\":\"https:\/\/bobea.net\/\"},{\"@type\":\"ListItem\",\"position\":2,\"name\":\"L&#8217;\u00e9volution des mannequins noirs dans l&#8217;industrie de la mode\"}]},{\"@type\":\"WebSite\",\"@id\":\"https:\/\/bobea.net\/#website\",\"url\":\"https:\/\/bobea.net\/\",\"name\":\"Bobea\",\"description\":\"Le magazine de la nouvelle \u00c8ve\",\"publisher\":{\"@id\":\"https:\/\/bobea.net\/#organization\"},\"potentialAction\":[{\"@type\":\"SearchAction\",\"target\":{\"@type\":\"EntryPoint\",\"urlTemplate\":\"https:\/\/bobea.net\/?s={search_term_string}\"},\"query-input\":{\"@type\":\"PropertyValueSpecification\",\"valueRequired\":true,\"valueName\":\"search_term_string\"}}],\"inLanguage\":\"fr-FR\"},{\"@type\":\"Organization\",\"@id\":\"https:\/\/bobea.net\/#organization\",\"name\":\"Bobea\",\"url\":\"https:\/\/bobea.net\/\",\"logo\":{\"@type\":\"ImageObject\",\"inLanguage\":\"fr-FR\",\"@id\":\"https:\/\/bobea.net\/#\/schema\/logo\/image\/\",\"url\":\"https:\/\/bobea.net\/wp-content\/uploads\/2024\/06\/bobea.jpg\",\"contentUrl\":\"https:\/\/bobea.net\/wp-content\/uploads\/2024\/06\/bobea.jpg\",\"width\":1080,\"height\":1080,\"caption\":\"Bobea\"},\"image\":{\"@id\":\"https:\/\/bobea.net\/#\/schema\/logo\/image\/\"},\"sameAs\":[\"https:\/\/web.facebook.com\/profile.php?id=61559252188416\"]},{\"@type\":\"Person\",\"@id\":\"https:\/\/bobea.net\/#\/schema\/person\/e7f45ef187918d7c956bf619dce90ccf\",\"name\":\"bobea.info\",\"image\":{\"@type\":\"ImageObject\",\"inLanguage\":\"fr-FR\",\"@id\":\"https:\/\/bobea.net\/#\/schema\/person\/image\/\",\"url\":\"https:\/\/secure.gravatar.com\/avatar\/36147980349df887ae30808df3e29474?s=96&d=mm&r=g\",\"contentUrl\":\"https:\/\/secure.gravatar.com\/avatar\/36147980349df887ae30808df3e29474?s=96&d=mm&r=g\",\"caption\":\"bobea.info\"},\"sameAs\":[\"https:\/\/bobea.net\"],\"url\":\"https:\/\/bobea.net\/index.php\/author\/bobea-info\/\"}]}<\/script>\n<!-- \/ Yoast SEO plugin. -->","yoast_head_json":{"title":"L'\u00e9volution des mannequins noirs dans l'industrie de la mode - Bobea","description":"L'industrie de la mode a connu une \u00e9volution significative dans la repr\u00e9sentation des mannequins noirs. De Naomi Campbell","robots":{"index":"index","follow":"follow","max-snippet":"max-snippet:-1","max-image-preview":"max-image-preview:large","max-video-preview":"max-video-preview:-1"},"canonical":"https:\/\/bobea.net\/index.php\/2024\/08\/23\/levolution-des-mannequins-noirs-dans-lindustrie-de-la-mode\/","og_locale":"fr_FR","og_type":"article","og_title":"L'\u00e9volution des mannequins noirs dans l'industrie de la mode - Bobea","og_description":"L'industrie de la mode a connu une \u00e9volution significative dans la repr\u00e9sentation des mannequins noirs. De Naomi Campbell","og_url":"https:\/\/bobea.net\/index.php\/2024\/08\/23\/levolution-des-mannequins-noirs-dans-lindustrie-de-la-mode\/","og_site_name":"Bobea","article_publisher":"https:\/\/web.facebook.com\/profile.php?id=61559252188416","article_published_time":"2024-08-23T12:51:57+00:00","article_modified_time":"2024-08-23T12:51:58+00:00","og_image":[{"width":638,"height":445,"url":"https:\/\/bobea.net\/wp-content\/uploads\/2024\/08\/R-6-1.jpeg","type":"image\/jpeg"}],"author":"bobea.info","twitter_card":"summary_large_image","twitter_misc":{"\u00c9crit par":"bobea.info","Dur\u00e9e de lecture estim\u00e9e":"3 minutes"},"schema":{"@context":"https:\/\/schema.org","@graph":[{"@type":"Article","@id":"https:\/\/bobea.net\/index.php\/2024\/08\/23\/levolution-des-mannequins-noirs-dans-lindustrie-de-la-mode\/#article","isPartOf":{"@id":"https:\/\/bobea.net\/index.php\/2024\/08\/23\/levolution-des-mannequins-noirs-dans-lindustrie-de-la-mode\/"},"author":{"name":"bobea.info","@id":"https:\/\/bobea.net\/#\/schema\/person\/e7f45ef187918d7c956bf619dce90ccf"},"headline":"L\u2019\u00e9volution des mannequins noirs dans l\u2019industrie de la mode","datePublished":"2024-08-23T12:51:57+00:00","dateModified":"2024-08-23T12:51:58+00:00","mainEntityOfPage":{"@id":"https:\/\/bobea.net\/index.php\/2024\/08\/23\/levolution-des-mannequins-noirs-dans-lindustrie-de-la-mode\/"},"wordCount":498,"commentCount":0,"publisher":{"@id":"https:\/\/bobea.net\/#organization"},"image":{"@id":"https:\/\/bobea.net\/index.php\/2024\/08\/23\/levolution-des-mannequins-noirs-dans-lindustrie-de-la-mode\/#primaryimage"},"thumbnailUrl":"https:\/\/bobea.net\/wp-content\/uploads\/2024\/08\/R-6-1.jpeg","articleSection":["En Vogue","Mode"],"inLanguage":"fr-FR","potentialAction":[{"@type":"CommentAction","name":"Comment","target":["https:\/\/bobea.net\/index.php\/2024\/08\/23\/levolution-des-mannequins-noirs-dans-lindustrie-de-la-mode\/#respond"]}]},{"@type":"WebPage","@id":"https:\/\/bobea.net\/index.php\/2024\/08\/23\/levolution-des-mannequins-noirs-dans-lindustrie-de-la-mode\/","url":"https:\/\/bobea.net\/index.php\/2024\/08\/23\/levolution-des-mannequins-noirs-dans-lindustrie-de-la-mode\/","name":"L'\u00e9volution des mannequins noirs dans l'industrie de la mode - Bobea","isPartOf":{"@id":"https:\/\/bobea.net\/#website"},"primaryImageOfPage":{"@id":"https:\/\/bobea.net\/index.php\/2024\/08\/23\/levolution-des-mannequins-noirs-dans-lindustrie-de-la-mode\/#primaryimage"},"image":{"@id":"https:\/\/bobea.net\/index.php\/2024\/08\/23\/levolution-des-mannequins-noirs-dans-lindustrie-de-la-mode\/#primaryimage"},"thumbnailUrl":"https:\/\/bobea.net\/wp-content\/uploads\/2024\/08\/R-6-1.jpeg","datePublished":"2024-08-23T12:51:57+00:00","dateModified":"2024-08-23T12:51:58+00:00","description":"L'industrie de la mode a connu une \u00e9volution significative dans la repr\u00e9sentation des mannequins noirs. De Naomi Campbell","breadcrumb":{"@id":"https:\/\/bobea.net\/index.php\/2024\/08\/23\/levolution-des-mannequins-noirs-dans-lindustrie-de-la-mode\/#breadcrumb"},"inLanguage":"fr-FR","potentialAction":[{"@type":"ReadAction","target":["https:\/\/bobea.net\/index.php\/2024\/08\/23\/levolution-des-mannequins-noirs-dans-lindustrie-de-la-mode\/"]}]},{"@type":"ImageObject","inLanguage":"fr-FR","@id":"https:\/\/bobea.net\/index.php\/2024\/08\/23\/levolution-des-mannequins-noirs-dans-lindustrie-de-la-mode\/#primaryimage","url":"https:\/\/bobea.net\/wp-content\/uploads\/2024\/08\/R-6-1.jpeg","contentUrl":"https:\/\/bobea.net\/wp-content\/uploads\/2024\/08\/R-6-1.jpeg","width":638,"height":445,"caption":"L'\u00e9volution des mannequins noirs dans l'industrie de la mode De Naomi Campbell \u00e0 aujourd'hui : l'ascension des mannequins noirs sur les podiums L'industrie de la mode a connu une \u00e9volution significative dans la repr\u00e9sentation des mannequins noirs. De Naomi Campbell, ic\u00f4ne des ann\u00e9es 90, aux nouvelles stars des podiums, retour sur les figures marquantes qui ont fa\u00e7onn\u00e9 cette transformation. Les pionni\u00e8res : ouvrir la voie Les premi\u00e8res mannequins noires \u00e0 marquer l'industrie : \u2022 Donyale Luna, premi\u00e8re mannequin noire en couverture de Vogue en 1966 \u2022 Beverly Johnson, premi\u00e8re femme noire en couverture de Vogue US en 1974 \u2022 Iman, supermodel somalienne devenue ic\u00f4ne dans les ann\u00e9es 80 L'\u00e8re des supermodels : Naomi Campbell et ses contemporaines Les ann\u00e9es 90 voient l'\u00e9mergence de superstars : 1. Naomi Campbell, figure incontournable et militante pour la diversit\u00e9 2. Tyra Banks, pass\u00e9e des podiums \u00e0 la t\u00e9l\u00e9vision avec \"America's Next Top Model\" 3. Alek Wek, red\u00e9finissant les standards de beaut\u00e9 avec ses traits soudanais La nouvelle g\u00e9n\u00e9ration : diversit\u00e9 et inclusivit\u00e9 Les mannequins noirs d'aujourd'hui : \u2022 Adut Akech, r\u00e9fugi\u00e9e sud-soudanaise devenue l'un des visages les plus demand\u00e9s \u2022 Anok Yai, premi\u00e8re femme noire \u00e0 ouvrir un d\u00e9fil\u00e9 Prada depuis 1997 \u2022 Duckie Thot, connue pour son teint d'\u00e9b\u00e8ne et son engagement pour l'inclusivit\u00e9 L'impact sur l'industrie de la mode L'\u00e9volution de la repr\u00e9sentation a des effets concrets : \u2022 Augmentation de la diversit\u00e9 dans les campagnes publicitaires et les d\u00e9fil\u00e9s \u2022 Cr\u00e9ation de gammes de maquillage et de soins adapt\u00e9s aux peaux noires \u2022 Prise de conscience de l'importance de la repr\u00e9sentation dans les m\u00e9dias de mode Les d\u00e9fis persistants Malgr\u00e9 les progr\u00e8s, des obstacles demeurent : \u2022 Sous-repr\u00e9sentation persistante dans certains segments de l'industrie \u2022 St\u00e9r\u00e9otypes et tokenisme encore pr\u00e9sents \u2022 N\u00e9cessit\u00e9 d'une plus grande diversit\u00e9 derri\u00e8re l'objectif et dans les postes d\u00e9cisionnels L'avenir : vers une industrie v\u00e9ritablement inc"},{"@type":"BreadcrumbList","@id":"https:\/\/bobea.net\/index.php\/2024\/08\/23\/levolution-des-mannequins-noirs-dans-lindustrie-de-la-mode\/#breadcrumb","itemListElement":[{"@type":"ListItem","position":1,"name":"Accueil","item":"https:\/\/bobea.net\/"},{"@type":"ListItem","position":2,"name":"L&#8217;\u00e9volution des mannequins noirs dans l&#8217;industrie de la mode"}]},{"@type":"WebSite","@id":"https:\/\/bobea.net\/#website","url":"https:\/\/bobea.net\/","name":"Bobea","description":"Le magazine de la nouvelle \u00c8ve","publisher":{"@id":"https:\/\/bobea.net\/#organization"},"potentialAction":[{"@type":"SearchAction","target":{"@type":"EntryPoint","urlTemplate":"https:\/\/bobea.net\/?s={search_term_string}"},"query-input":{"@type":"PropertyValueSpecification","valueRequired":true,"valueName":"search_term_string"}}],"inLanguage":"fr-FR"},{"@type":"Organization","@id":"https:\/\/bobea.net\/#organization","name":"Bobea","url":"https:\/\/bobea.net\/","logo":{"@type":"ImageObject","inLanguage":"fr-FR","@id":"https:\/\/bobea.net\/#\/schema\/logo\/image\/","url":"https:\/\/bobea.net\/wp-content\/uploads\/2024\/06\/bobea.jpg","contentUrl":"https:\/\/bobea.net\/wp-content\/uploads\/2024\/06\/bobea.jpg","width":1080,"height":1080,"caption":"Bobea"},"image":{"@id":"https:\/\/bobea.net\/#\/schema\/logo\/image\/"},"sameAs":["https:\/\/web.facebook.com\/profile.php?id=61559252188416"]},{"@type":"Person","@id":"https:\/\/bobea.net\/#\/schema\/person\/e7f45ef187918d7c956bf619dce90ccf","name":"bobea.info","image":{"@type":"ImageObject","inLanguage":"fr-FR","@id":"https:\/\/bobea.net\/#\/schema\/person\/image\/","url":"https:\/\/secure.gravatar.com\/avatar\/36147980349df887ae30808df3e29474?s=96&d=mm&r=g","contentUrl":"https:\/\/secure.gravatar.com\/avatar\/36147980349df887ae30808df3e29474?s=96&d=mm&r=g","caption":"bobea.info"},"sameAs":["https:\/\/bobea.net"],"url":"https:\/\/bobea.net\/index.php\/author\/bobea-info\/"}]}},"_links":{"self":[{"href":"https:\/\/bobea.net\/index.php\/wp-json\/wp\/v2\/posts\/4728"}],"collection":[{"href":"https:\/\/bobea.net\/index.php\/wp-json\/wp\/v2\/posts"}],"about":[{"href":"https:\/\/bobea.net\/index.php\/wp-json\/wp\/v2\/types\/post"}],"author":[{"embeddable":true,"href":"https:\/\/bobea.net\/index.php\/wp-json\/wp\/v2\/users\/1"}],"replies":[{"embeddable":true,"href":"https:\/\/bobea.net\/index.php\/wp-json\/wp\/v2\/comments?post=4728"}],"version-history":[{"count":0,"href":"https:\/\/bobea.net\/index.php\/wp-json\/wp\/v2\/posts\/4728\/revisions"}],"wp:featuredmedia":[{"embeddable":true,"href":"https:\/\/bobea.net\/index.php\/wp-json\/wp\/v2\/media\/4729"}],"wp:attachment":[{"href":"https:\/\/bobea.net\/index.php\/wp-json\/wp\/v2\/media?parent=4728"}],"wp:term":[{"taxonomy":"category","embeddable":true,"href":"https:\/\/bobea.net\/index.php\/wp-json\/wp\/v2\/categories?post=4728"},{"taxonomy":"post_tag","embeddable":true,"href":"https:\/\/bobea.net\/index.php\/wp-json\/wp\/v2\/tags?post=4728"}],"curies":[{"name":"wp","href":"https:\/\/api.w.org\/{rel}","templated":true}]}}