{"id":4231,"date":"2024-08-21T23:58:00","date_gmt":"2024-08-21T23:58:00","guid":{"rendered":"https:\/\/bobea.net\/?p=4231"},"modified":"2024-08-21T23:58:01","modified_gmt":"2024-08-21T23:58:01","slug":"bobea-voyages-le-mont-fuji-revele-a-nouveau-son-charme","status":"publish","type":"post","link":"https:\/\/bobea.net\/index.php\/2024\/08\/21\/bobea-voyages-le-mont-fuji-revele-a-nouveau-son-charme\/","title":{"rendered":"Bobea Voyages \u2013 Le Mont Fuji R\u00e9v\u00e8le \u00e0 Nouveau son Charme"},"content":{"rendered":"\n<p>Intro\u00adduc\u00adtion<\/p>\n\n\n\n<p>Le tr\u00e8s c\u00e9l\u00e8bre point de vue du mont Fuji, situ\u00e9 der\u00adri\u00e8re la sup\u00e9rette Law\u00adson, est de nou\u00adveau vis\u00adi\u00adble pour les voyageurs apr\u00e8s avoir \u00e9t\u00e9 masqu\u00e9 pen\u00addant plusieurs mois par une b\u00e2che. Ce paysage iconique attire des vis\u00adi\u00adteurs du monde entier, d\u00e9sireux de cap\u00adtur\u00ader sa beaut\u00e9 sai\u00adsis\u00adsante.<\/p>\n\n\n\n<p>Un Site Pho\u00adtog\u00e9nique<\/p>\n\n\n\n<p>Le mont Fuji, avec son som\u00admet enneig\u00e9 et majestueux, est l\u2019un des sym\u00adbol\u00ades les plus recon\u00adnus du Japon. Le point de vue der\u00adri\u00e8re la sup\u00e9rette Law\u00adson est par\u00adti\u00adc\u00aduli\u00e8re\u00adment pris\u00e9 pour sa com\u00adpo\u00adsi\u00adtion par\u00adfaite, m\u00ealant nature et moder\u00adnit\u00e9.<\/p>\n\n\n\n<p>Retour des Voyageurs<\/p>\n\n\n\n<p>Avec la r\u00e9ou\u00adver\u00adture de ce point de vue, les touristes afflu\u00adent pour admir\u00ader et pho\u00adtogra\u00adphi\u00ader le mont Fuji dans toute sa splen\u00addeur. Ce site est non seule\u00adment un lieu de con\u00adtem\u00adpla\u00adtion, mais aus\u00adsi une source d\u2019in\u00adspi\u00adra\u00adtion pour les artistes et les pho\u00adtographes.<\/p>\n\n\n\n<p>Con\u00adclu\u00adsion<\/p>\n\n\n\n<p>Le retour de ce point de vue embl\u00e9\u00adma\u00adtique du mont Fuji est une invi\u00adta\u00adtion \u00e0 red\u00e9\u00adcou\u00advrir la beaut\u00e9 du Japon. Il rap\u00adpelle l\u2019im\u00adpor\u00adtance de pr\u00e9serv\u00ader nos paysages naturels et de c\u00e9l\u00e9br\u00ader les mer\u00adveilles du monde qui nous entourent.<\/p>\n","protected":false},"excerpt":{"rendered":"<p>Intro\u00adduc\u00adtion Le tr\u00e8s c\u00e9l\u00e8bre point de vue du mont Fuji, situ\u00e9 der\u00adri\u00e8re la sup\u00e9rette Law\u00adson, est de nou\u00adveau vis\u00adi\u00adble pour les voyageurs apr\u00e8s avoir \u00e9t\u00e9 masqu\u00e9 pen\u00addant plusieurs mois par\u2026 <\/p>\n","protected":false},"author":1,"featured_media":4232,"comment_status":"open","ping_status":"open","sticky":false,"template":"","format":"standard","meta":{"wp_typography_post_enhancements_disabled":false,"footnotes":""},"categories":[79,55],"tags":[5742,5740,5732,2448,5744,5734,5735,5737,5733,5743,5741,5739,5736,5738],"class_list":["post-4231","post","type-post","status-publish","format-standard","has-post-thumbnail","hentry","category-a-la-une","category-culture","tag-admiration-mont-fuji","tag-attractions-japon","tag-beaute-du-japon","tag-inspiration-artistique","tag-merveilles-du-monde","tag-mont-fuji","tag-paysage-iconique","tag-photographie-mont-fuji","tag-point-de-vue-lawson","tag-preservation-paysages","tag-reouverture-site","tag-site-photogenique","tag-sommet-enneige","tag-tourisme-japon"],"yoast_head":"<!-- This site is optimized with the Yoast SEO plugin v24.7 - https:\/\/yoast.com\/wordpress\/plugins\/seo\/ -->\n<title>Bobea Voyages \u2013 Le Mont Fuji R\u00e9v\u00e8le \u00e0 Nouveau son Charme - Bobea<\/title>\n<meta name=\"description\" content=\"Le tr\u00e8s c\u00e9l\u00e8bre point de vue du mont Fuji, situ\u00e9 derri\u00e8re la sup\u00e9rette Lawson, est de nouveau visible pour les voyageurs\" \/>\n<meta name=\"robots\" content=\"index, follow, max-snippet:-1, max-image-preview:large, max-video-preview:-1\" \/>\n<link rel=\"canonical\" href=\"https:\/\/bobea.net\/index.php\/2024\/08\/21\/bobea-voyages-le-mont-fuji-revele-a-nouveau-son-charme\/\" \/>\n<meta property=\"og:locale\" content=\"fr_FR\" \/>\n<meta property=\"og:type\" content=\"article\" \/>\n<meta property=\"og:title\" content=\"Bobea Voyages \u2013 Le Mont Fuji R\u00e9v\u00e8le \u00e0 Nouveau son Charme - Bobea\" \/>\n<meta property=\"og:description\" content=\"Le tr\u00e8s c\u00e9l\u00e8bre point de vue du mont Fuji, situ\u00e9 derri\u00e8re la sup\u00e9rette Lawson, est de nouveau visible pour les voyageurs\" \/>\n<meta property=\"og:url\" content=\"https:\/\/bobea.net\/index.php\/2024\/08\/21\/bobea-voyages-le-mont-fuji-revele-a-nouveau-son-charme\/\" \/>\n<meta property=\"og:site_name\" content=\"Bobea\" \/>\n<meta property=\"article:publisher\" content=\"https:\/\/web.facebook.com\/profile.php?id=61559252188416\" \/>\n<meta property=\"article:published_time\" content=\"2024-08-21T23:58:00+00:00\" \/>\n<meta property=\"article:modified_time\" content=\"2024-08-21T23:58:01+00:00\" \/>\n<meta property=\"og:image\" content=\"https:\/\/bobea.net\/wp-content\/uploads\/2024\/08\/OIP-47.jpeg\" \/>\n\t<meta property=\"og:image:width\" content=\"474\" \/>\n\t<meta property=\"og:image:height\" content=\"220\" \/>\n\t<meta property=\"og:image:type\" content=\"image\/jpeg\" \/>\n<meta name=\"author\" content=\"bobea.info\" \/>\n<meta name=\"twitter:card\" content=\"summary_large_image\" \/>\n<meta name=\"twitter:label1\" content=\"\u00c9crit par\" \/>\n\t<meta name=\"twitter:data1\" content=\"bobea.info\" \/>\n\t<meta name=\"twitter:label2\" content=\"Dur\u00e9e de lecture estim\u00e9e\" \/>\n\t<meta name=\"twitter:data2\" content=\"2 minutes\" \/>\n<script type=\"application\/ld+json\" class=\"yoast-schema-graph\">{\"@context\":\"https:\/\/schema.org\",\"@graph\":[{\"@type\":\"Article\",\"@id\":\"https:\/\/bobea.net\/index.php\/2024\/08\/21\/bobea-voyages-le-mont-fuji-revele-a-nouveau-son-charme\/#article\",\"isPartOf\":{\"@id\":\"https:\/\/bobea.net\/index.php\/2024\/08\/21\/bobea-voyages-le-mont-fuji-revele-a-nouveau-son-charme\/\"},\"author\":{\"name\":\"bobea.info\",\"@id\":\"https:\/\/bobea.net\/#\/schema\/person\/e7f45ef187918d7c956bf619dce90ccf\"},\"headline\":\"Bobea Voyages \u2013 Le Mont Fuji R\u00e9v\u00e8le \u00e0 Nouveau son Charme\",\"datePublished\":\"2024-08-21T23:58:00+00:00\",\"dateModified\":\"2024-08-21T23:58:01+00:00\",\"mainEntityOfPage\":{\"@id\":\"https:\/\/bobea.net\/index.php\/2024\/08\/21\/bobea-voyages-le-mont-fuji-revele-a-nouveau-son-charme\/\"},\"wordCount\":203,\"commentCount\":0,\"publisher\":{\"@id\":\"https:\/\/bobea.net\/#organization\"},\"image\":{\"@id\":\"https:\/\/bobea.net\/index.php\/2024\/08\/21\/bobea-voyages-le-mont-fuji-revele-a-nouveau-son-charme\/#primaryimage\"},\"thumbnailUrl\":\"https:\/\/bobea.net\/wp-content\/uploads\/2024\/08\/OIP-47.jpeg\",\"keywords\":[\"admiration mont Fuji\",\"attractions Japon\",\"beaut\u00e9 du Japon\",\"inspiration artistique\",\"merveilles du monde\",\"mont Fuji\",\"paysage iconique\",\"photographie mont Fuji\",\"point de vue Lawson\",\"pr\u00e9servation paysages\",\"r\u00e9ouverture site\",\"site photog\u00e9nique\",\"sommet enneig\u00e9\",\"tourisme Japon\"],\"articleSection\":[\"A la Une\",\"Culture\"],\"inLanguage\":\"fr-FR\",\"potentialAction\":[{\"@type\":\"CommentAction\",\"name\":\"Comment\",\"target\":[\"https:\/\/bobea.net\/index.php\/2024\/08\/21\/bobea-voyages-le-mont-fuji-revele-a-nouveau-son-charme\/#respond\"]}]},{\"@type\":\"WebPage\",\"@id\":\"https:\/\/bobea.net\/index.php\/2024\/08\/21\/bobea-voyages-le-mont-fuji-revele-a-nouveau-son-charme\/\",\"url\":\"https:\/\/bobea.net\/index.php\/2024\/08\/21\/bobea-voyages-le-mont-fuji-revele-a-nouveau-son-charme\/\",\"name\":\"Bobea Voyages \u2013 Le Mont Fuji R\u00e9v\u00e8le \u00e0 Nouveau son Charme - Bobea\",\"isPartOf\":{\"@id\":\"https:\/\/bobea.net\/#website\"},\"primaryImageOfPage\":{\"@id\":\"https:\/\/bobea.net\/index.php\/2024\/08\/21\/bobea-voyages-le-mont-fuji-revele-a-nouveau-son-charme\/#primaryimage\"},\"image\":{\"@id\":\"https:\/\/bobea.net\/index.php\/2024\/08\/21\/bobea-voyages-le-mont-fuji-revele-a-nouveau-son-charme\/#primaryimage\"},\"thumbnailUrl\":\"https:\/\/bobea.net\/wp-content\/uploads\/2024\/08\/OIP-47.jpeg\",\"datePublished\":\"2024-08-21T23:58:00+00:00\",\"dateModified\":\"2024-08-21T23:58:01+00:00\",\"description\":\"Le tr\u00e8s c\u00e9l\u00e8bre point de vue du mont Fuji, situ\u00e9 derri\u00e8re la sup\u00e9rette Lawson, est de nouveau visible pour les voyageurs\",\"breadcrumb\":{\"@id\":\"https:\/\/bobea.net\/index.php\/2024\/08\/21\/bobea-voyages-le-mont-fuji-revele-a-nouveau-son-charme\/#breadcrumb\"},\"inLanguage\":\"fr-FR\",\"potentialAction\":[{\"@type\":\"ReadAction\",\"target\":[\"https:\/\/bobea.net\/index.php\/2024\/08\/21\/bobea-voyages-le-mont-fuji-revele-a-nouveau-son-charme\/\"]}]},{\"@type\":\"ImageObject\",\"inLanguage\":\"fr-FR\",\"@id\":\"https:\/\/bobea.net\/index.php\/2024\/08\/21\/bobea-voyages-le-mont-fuji-revele-a-nouveau-son-charme\/#primaryimage\",\"url\":\"https:\/\/bobea.net\/wp-content\/uploads\/2024\/08\/OIP-47.jpeg\",\"contentUrl\":\"https:\/\/bobea.net\/wp-content\/uploads\/2024\/08\/OIP-47.jpeg\",\"width\":474,\"height\":220,\"caption\":\"Bobea Voyages \u2013 Le Mont Fuji R\u00e9v\u00e8le \u00e0 Nouveau son Charme\"},{\"@type\":\"BreadcrumbList\",\"@id\":\"https:\/\/bobea.net\/index.php\/2024\/08\/21\/bobea-voyages-le-mont-fuji-revele-a-nouveau-son-charme\/#breadcrumb\",\"itemListElement\":[{\"@type\":\"ListItem\",\"position\":1,\"name\":\"Accueil\",\"item\":\"https:\/\/bobea.net\/\"},{\"@type\":\"ListItem\",\"position\":2,\"name\":\"Bobea Voyages \u2013 Le Mont Fuji R\u00e9v\u00e8le \u00e0 Nouveau son Charme\"}]},{\"@type\":\"WebSite\",\"@id\":\"https:\/\/bobea.net\/#website\",\"url\":\"https:\/\/bobea.net\/\",\"name\":\"Bobea\",\"description\":\"Le magazine de la nouvelle \u00c8ve\",\"publisher\":{\"@id\":\"https:\/\/bobea.net\/#organization\"},\"potentialAction\":[{\"@type\":\"SearchAction\",\"target\":{\"@type\":\"EntryPoint\",\"urlTemplate\":\"https:\/\/bobea.net\/?s={search_term_string}\"},\"query-input\":{\"@type\":\"PropertyValueSpecification\",\"valueRequired\":true,\"valueName\":\"search_term_string\"}}],\"inLanguage\":\"fr-FR\"},{\"@type\":\"Organization\",\"@id\":\"https:\/\/bobea.net\/#organization\",\"name\":\"Bobea\",\"url\":\"https:\/\/bobea.net\/\",\"logo\":{\"@type\":\"ImageObject\",\"inLanguage\":\"fr-FR\",\"@id\":\"https:\/\/bobea.net\/#\/schema\/logo\/image\/\",\"url\":\"https:\/\/bobea.net\/wp-content\/uploads\/2024\/06\/bobea.jpg\",\"contentUrl\":\"https:\/\/bobea.net\/wp-content\/uploads\/2024\/06\/bobea.jpg\",\"width\":1080,\"height\":1080,\"caption\":\"Bobea\"},\"image\":{\"@id\":\"https:\/\/bobea.net\/#\/schema\/logo\/image\/\"},\"sameAs\":[\"https:\/\/web.facebook.com\/profile.php?id=61559252188416\"]},{\"@type\":\"Person\",\"@id\":\"https:\/\/bobea.net\/#\/schema\/person\/e7f45ef187918d7c956bf619dce90ccf\",\"name\":\"bobea.info\",\"image\":{\"@type\":\"ImageObject\",\"inLanguage\":\"fr-FR\",\"@id\":\"https:\/\/bobea.net\/#\/schema\/person\/image\/\",\"url\":\"https:\/\/secure.gravatar.com\/avatar\/36147980349df887ae30808df3e29474?s=96&d=mm&r=g\",\"contentUrl\":\"https:\/\/secure.gravatar.com\/avatar\/36147980349df887ae30808df3e29474?s=96&d=mm&r=g\",\"caption\":\"bobea.info\"},\"sameAs\":[\"https:\/\/bobea.net\"],\"url\":\"https:\/\/bobea.net\/index.php\/author\/bobea-info\/\"}]}<\/script>\n<!-- \/ Yoast SEO plugin. -->","yoast_head_json":{"title":"Bobea Voyages \u2013 Le Mont Fuji R\u00e9v\u00e8le \u00e0 Nouveau son Charme - Bobea","description":"Le tr\u00e8s c\u00e9l\u00e8bre point de vue du mont Fuji, situ\u00e9 derri\u00e8re la sup\u00e9rette Lawson, est de nouveau visible pour les voyageurs","robots":{"index":"index","follow":"follow","max-snippet":"max-snippet:-1","max-image-preview":"max-image-preview:large","max-video-preview":"max-video-preview:-1"},"canonical":"https:\/\/bobea.net\/index.php\/2024\/08\/21\/bobea-voyages-le-mont-fuji-revele-a-nouveau-son-charme\/","og_locale":"fr_FR","og_type":"article","og_title":"Bobea Voyages \u2013 Le Mont Fuji R\u00e9v\u00e8le \u00e0 Nouveau son Charme - Bobea","og_description":"Le tr\u00e8s c\u00e9l\u00e8bre point de vue du mont Fuji, situ\u00e9 derri\u00e8re la sup\u00e9rette Lawson, est de nouveau visible pour les voyageurs","og_url":"https:\/\/bobea.net\/index.php\/2024\/08\/21\/bobea-voyages-le-mont-fuji-revele-a-nouveau-son-charme\/","og_site_name":"Bobea","article_publisher":"https:\/\/web.facebook.com\/profile.php?id=61559252188416","article_published_time":"2024-08-21T23:58:00+00:00","article_modified_time":"2024-08-21T23:58:01+00:00","og_image":[{"width":474,"height":220,"url":"https:\/\/bobea.net\/wp-content\/uploads\/2024\/08\/OIP-47.jpeg","type":"image\/jpeg"}],"author":"bobea.info","twitter_card":"summary_large_image","twitter_misc":{"\u00c9crit par":"bobea.info","Dur\u00e9e de lecture estim\u00e9e":"2 minutes"},"schema":{"@context":"https:\/\/schema.org","@graph":[{"@type":"Article","@id":"https:\/\/bobea.net\/index.php\/2024\/08\/21\/bobea-voyages-le-mont-fuji-revele-a-nouveau-son-charme\/#article","isPartOf":{"@id":"https:\/\/bobea.net\/index.php\/2024\/08\/21\/bobea-voyages-le-mont-fuji-revele-a-nouveau-son-charme\/"},"author":{"name":"bobea.info","@id":"https:\/\/bobea.net\/#\/schema\/person\/e7f45ef187918d7c956bf619dce90ccf"},"headline":"Bobea Voyages \u2013 Le Mont Fuji R\u00e9v\u00e8le \u00e0 Nouveau son Charme","datePublished":"2024-08-21T23:58:00+00:00","dateModified":"2024-08-21T23:58:01+00:00","mainEntityOfPage":{"@id":"https:\/\/bobea.net\/index.php\/2024\/08\/21\/bobea-voyages-le-mont-fuji-revele-a-nouveau-son-charme\/"},"wordCount":203,"commentCount":0,"publisher":{"@id":"https:\/\/bobea.net\/#organization"},"image":{"@id":"https:\/\/bobea.net\/index.php\/2024\/08\/21\/bobea-voyages-le-mont-fuji-revele-a-nouveau-son-charme\/#primaryimage"},"thumbnailUrl":"https:\/\/bobea.net\/wp-content\/uploads\/2024\/08\/OIP-47.jpeg","keywords":["admiration mont Fuji","attractions Japon","beaut\u00e9 du Japon","inspiration artistique","merveilles du monde","mont Fuji","paysage iconique","photographie mont Fuji","point de vue Lawson","pr\u00e9servation paysages","r\u00e9ouverture site","site photog\u00e9nique","sommet enneig\u00e9","tourisme Japon"],"articleSection":["A la Une","Culture"],"inLanguage":"fr-FR","potentialAction":[{"@type":"CommentAction","name":"Comment","target":["https:\/\/bobea.net\/index.php\/2024\/08\/21\/bobea-voyages-le-mont-fuji-revele-a-nouveau-son-charme\/#respond"]}]},{"@type":"WebPage","@id":"https:\/\/bobea.net\/index.php\/2024\/08\/21\/bobea-voyages-le-mont-fuji-revele-a-nouveau-son-charme\/","url":"https:\/\/bobea.net\/index.php\/2024\/08\/21\/bobea-voyages-le-mont-fuji-revele-a-nouveau-son-charme\/","name":"Bobea Voyages \u2013 Le Mont Fuji R\u00e9v\u00e8le \u00e0 Nouveau son Charme - Bobea","isPartOf":{"@id":"https:\/\/bobea.net\/#website"},"primaryImageOfPage":{"@id":"https:\/\/bobea.net\/index.php\/2024\/08\/21\/bobea-voyages-le-mont-fuji-revele-a-nouveau-son-charme\/#primaryimage"},"image":{"@id":"https:\/\/bobea.net\/index.php\/2024\/08\/21\/bobea-voyages-le-mont-fuji-revele-a-nouveau-son-charme\/#primaryimage"},"thumbnailUrl":"https:\/\/bobea.net\/wp-content\/uploads\/2024\/08\/OIP-47.jpeg","datePublished":"2024-08-21T23:58:00+00:00","dateModified":"2024-08-21T23:58:01+00:00","description":"Le tr\u00e8s c\u00e9l\u00e8bre point de vue du mont Fuji, situ\u00e9 derri\u00e8re la sup\u00e9rette Lawson, est de nouveau visible pour les voyageurs","breadcrumb":{"@id":"https:\/\/bobea.net\/index.php\/2024\/08\/21\/bobea-voyages-le-mont-fuji-revele-a-nouveau-son-charme\/#breadcrumb"},"inLanguage":"fr-FR","potentialAction":[{"@type":"ReadAction","target":["https:\/\/bobea.net\/index.php\/2024\/08\/21\/bobea-voyages-le-mont-fuji-revele-a-nouveau-son-charme\/"]}]},{"@type":"ImageObject","inLanguage":"fr-FR","@id":"https:\/\/bobea.net\/index.php\/2024\/08\/21\/bobea-voyages-le-mont-fuji-revele-a-nouveau-son-charme\/#primaryimage","url":"https:\/\/bobea.net\/wp-content\/uploads\/2024\/08\/OIP-47.jpeg","contentUrl":"https:\/\/bobea.net\/wp-content\/uploads\/2024\/08\/OIP-47.jpeg","width":474,"height":220,"caption":"Bobea Voyages \u2013 Le Mont Fuji R\u00e9v\u00e8le \u00e0 Nouveau son Charme"},{"@type":"BreadcrumbList","@id":"https:\/\/bobea.net\/index.php\/2024\/08\/21\/bobea-voyages-le-mont-fuji-revele-a-nouveau-son-charme\/#breadcrumb","itemListElement":[{"@type":"ListItem","position":1,"name":"Accueil","item":"https:\/\/bobea.net\/"},{"@type":"ListItem","position":2,"name":"Bobea Voyages \u2013 Le Mont Fuji R\u00e9v\u00e8le \u00e0 Nouveau son Charme"}]},{"@type":"WebSite","@id":"https:\/\/bobea.net\/#website","url":"https:\/\/bobea.net\/","name":"Bobea","description":"Le magazine de la nouvelle \u00c8ve","publisher":{"@id":"https:\/\/bobea.net\/#organization"},"potentialAction":[{"@type":"SearchAction","target":{"@type":"EntryPoint","urlTemplate":"https:\/\/bobea.net\/?s={search_term_string}"},"query-input":{"@type":"PropertyValueSpecification","valueRequired":true,"valueName":"search_term_string"}}],"inLanguage":"fr-FR"},{"@type":"Organization","@id":"https:\/\/bobea.net\/#organization","name":"Bobea","url":"https:\/\/bobea.net\/","logo":{"@type":"ImageObject","inLanguage":"fr-FR","@id":"https:\/\/bobea.net\/#\/schema\/logo\/image\/","url":"https:\/\/bobea.net\/wp-content\/uploads\/2024\/06\/bobea.jpg","contentUrl":"https:\/\/bobea.net\/wp-content\/uploads\/2024\/06\/bobea.jpg","width":1080,"height":1080,"caption":"Bobea"},"image":{"@id":"https:\/\/bobea.net\/#\/schema\/logo\/image\/"},"sameAs":["https:\/\/web.facebook.com\/profile.php?id=61559252188416"]},{"@type":"Person","@id":"https:\/\/bobea.net\/#\/schema\/person\/e7f45ef187918d7c956bf619dce90ccf","name":"bobea.info","image":{"@type":"ImageObject","inLanguage":"fr-FR","@id":"https:\/\/bobea.net\/#\/schema\/person\/image\/","url":"https:\/\/secure.gravatar.com\/avatar\/36147980349df887ae30808df3e29474?s=96&d=mm&r=g","contentUrl":"https:\/\/secure.gravatar.com\/avatar\/36147980349df887ae30808df3e29474?s=96&d=mm&r=g","caption":"bobea.info"},"sameAs":["https:\/\/bobea.net"],"url":"https:\/\/bobea.net\/index.php\/author\/bobea-info\/"}]}},"_links":{"self":[{"href":"https:\/\/bobea.net\/index.php\/wp-json\/wp\/v2\/posts\/4231"}],"collection":[{"href":"https:\/\/bobea.net\/index.php\/wp-json\/wp\/v2\/posts"}],"about":[{"href":"https:\/\/bobea.net\/index.php\/wp-json\/wp\/v2\/types\/post"}],"author":[{"embeddable":true,"href":"https:\/\/bobea.net\/index.php\/wp-json\/wp\/v2\/users\/1"}],"replies":[{"embeddable":true,"href":"https:\/\/bobea.net\/index.php\/wp-json\/wp\/v2\/comments?post=4231"}],"version-history":[{"count":0,"href":"https:\/\/bobea.net\/index.php\/wp-json\/wp\/v2\/posts\/4231\/revisions"}],"wp:featuredmedia":[{"embeddable":true,"href":"https:\/\/bobea.net\/index.php\/wp-json\/wp\/v2\/media\/4232"}],"wp:attachment":[{"href":"https:\/\/bobea.net\/index.php\/wp-json\/wp\/v2\/media?parent=4231"}],"wp:term":[{"taxonomy":"category","embeddable":true,"href":"https:\/\/bobea.net\/index.php\/wp-json\/wp\/v2\/categories?post=4231"},{"taxonomy":"post_tag","embeddable":true,"href":"https:\/\/bobea.net\/index.php\/wp-json\/wp\/v2\/tags?post=4231"}],"curies":[{"name":"wp","href":"https:\/\/api.w.org\/{rel}","templated":true}]}}