{"id":4029,"date":"2024-08-14T14:12:59","date_gmt":"2024-08-14T14:12:59","guid":{"rendered":"https:\/\/bobea.net\/?p=4029"},"modified":"2024-08-14T14:13:00","modified_gmt":"2024-08-14T14:13:00","slug":"alain-delon-et-anouchka-un-lien-pere-fille-fort","status":"publish","type":"post","link":"https:\/\/bobea.net\/index.php\/2024\/08\/14\/alain-delon-et-anouchka-un-lien-pere-fille-fort\/","title":{"rendered":"Alain Delon et Anouchka, un Lien P\u00e8re-Fille Fort"},"content":{"rendered":"\n<p>Anouch\u00adka Delon Partage des Pho\u00adtos de son P\u00e8re<\/p>\n\n\n\n<p>R\u00e9cem\u00adment, Anouch\u00adka Delon a pub\u00adli\u00e9 sur Insta\u00adgram deux pho\u00adtos de son p\u00e8re, Alain Delon, en train de se faire couper les cheveux. Ce geste sim\u00adple mais sig\u00adni\u00adfi\u00adcatif mon\u00adtre le lien fort qui unit la fille \u00e0 son p\u00e8re. \u00c0 88 ans, Alain Delon, sou\u00advent con\u00adsid\u00ad\u00e9r\u00e9 comme le dernier roi du cin\u00e9\u00adma fran\u00e7ais, est plac\u00e9 sous curatelle. Ces images ras\u00adsurent les fans sur son \u00e9tat de san\u00adt\u00e9, bien qu\u2019il appa\u00adraisse bar\u00adbu et amaigri.<\/p>\n\n\n\n<p>Alain Delon, une Ic\u00f4ne du Cin\u00e9\u00adma<\/p>\n\n\n\n<p>Alain Delon reste une fig\u00adure embl\u00e9\u00adma\u00adtique du cin\u00e9\u00adma, et ces moments de com\u00adplic\u00adit\u00e9 partag\u00e9s avec sa fille t\u00e9moignent de l\u2019af\u00adfec\u00adtion et du soin qu\u2019elle lui porte. Anouch\u00adka, par ces pub\u00adli\u00adca\u00adtions, souhaite mon\u00adtr\u00ader que son p\u00e8re est bien entour\u00e9 et qu\u2019elle veille \u00e0 son bien-\u00eatre, notam\u00adment en lui assur\u00adant un look impec\u00adca\u00adble.<\/p>\n","protected":false},"excerpt":{"rendered":"<p>Anouch\u00adka Delon Partage des Pho\u00adtos de son P\u00e8re R\u00e9cem\u00adment, Anouch\u00adka Delon a pub\u00adli\u00e9 sur Insta\u00adgram deux pho\u00adtos de son p\u00e8re, Alain Delon, en train de se faire couper les cheveux.\u2026 <\/p>\n","protected":false},"author":1,"featured_media":4030,"comment_status":"open","ping_status":"open","sticky":false,"template":"","format":"standard","meta":{"wp_typography_post_enhancements_disabled":false,"footnotes":""},"categories":[83,82],"tags":[],"class_list":["post-4029","post","type-post","status-publish","format-standard","has-post-thumbnail","hentry","category-dreams-people","category-tops-stories"],"yoast_head":"<!-- This site is optimized with the Yoast SEO plugin v24.7 - https:\/\/yoast.com\/wordpress\/plugins\/seo\/ -->\n<title>Alain Delon et Anouchka, un Lien P\u00e8re-Fille Fort - Bobea<\/title>\n<meta name=\"description\" content=\"R\u00e9cemment, Anouchka Delon a publi\u00e9 sur Instagram deux photos de son p\u00e8re, Alain Delon, en train de se faire couper les cheveux.\" \/>\n<meta name=\"robots\" content=\"index, follow, max-snippet:-1, max-image-preview:large, max-video-preview:-1\" \/>\n<link rel=\"canonical\" href=\"https:\/\/bobea.net\/index.php\/2024\/08\/14\/alain-delon-et-anouchka-un-lien-pere-fille-fort\/\" \/>\n<meta property=\"og:locale\" content=\"fr_FR\" \/>\n<meta property=\"og:type\" content=\"article\" \/>\n<meta property=\"og:title\" content=\"Alain Delon et Anouchka, un Lien P\u00e8re-Fille Fort - Bobea\" \/>\n<meta property=\"og:description\" content=\"R\u00e9cemment, Anouchka Delon a publi\u00e9 sur Instagram deux photos de son p\u00e8re, Alain Delon, en train de se faire couper les cheveux.\" \/>\n<meta property=\"og:url\" content=\"https:\/\/bobea.net\/index.php\/2024\/08\/14\/alain-delon-et-anouchka-un-lien-pere-fille-fort\/\" \/>\n<meta property=\"og:site_name\" content=\"Bobea\" \/>\n<meta property=\"article:publisher\" content=\"https:\/\/web.facebook.com\/profile.php?id=61559252188416\" \/>\n<meta property=\"article:published_time\" content=\"2024-08-14T14:12:59+00:00\" \/>\n<meta property=\"article:modified_time\" content=\"2024-08-14T14:13:00+00:00\" \/>\n<meta property=\"og:image\" content=\"https:\/\/bobea.net\/wp-content\/uploads\/2024\/08\/Anouchka-Delon-cette-tendre-photo-avec-son-pere-Alain-Delon.jpg\" \/>\n\t<meta property=\"og:image:width\" content=\"1920\" \/>\n\t<meta property=\"og:image:height\" content=\"1248\" \/>\n\t<meta property=\"og:image:type\" content=\"image\/jpeg\" \/>\n<meta name=\"author\" content=\"bobea.info\" \/>\n<meta name=\"twitter:card\" content=\"summary_large_image\" \/>\n<meta name=\"twitter:label1\" content=\"\u00c9crit par\" \/>\n\t<meta name=\"twitter:data1\" content=\"bobea.info\" \/>\n\t<meta name=\"twitter:label2\" content=\"Dur\u00e9e de lecture estim\u00e9e\" \/>\n\t<meta name=\"twitter:data2\" content=\"1 minute\" \/>\n<script type=\"application\/ld+json\" class=\"yoast-schema-graph\">{\"@context\":\"https:\/\/schema.org\",\"@graph\":[{\"@type\":\"Article\",\"@id\":\"https:\/\/bobea.net\/index.php\/2024\/08\/14\/alain-delon-et-anouchka-un-lien-pere-fille-fort\/#article\",\"isPartOf\":{\"@id\":\"https:\/\/bobea.net\/index.php\/2024\/08\/14\/alain-delon-et-anouchka-un-lien-pere-fille-fort\/\"},\"author\":{\"name\":\"bobea.info\",\"@id\":\"https:\/\/bobea.net\/#\/schema\/person\/e7f45ef187918d7c956bf619dce90ccf\"},\"headline\":\"Alain Delon et Anouchka, un Lien P\u00e8re-Fille Fort\",\"datePublished\":\"2024-08-14T14:12:59+00:00\",\"dateModified\":\"2024-08-14T14:13:00+00:00\",\"mainEntityOfPage\":{\"@id\":\"https:\/\/bobea.net\/index.php\/2024\/08\/14\/alain-delon-et-anouchka-un-lien-pere-fille-fort\/\"},\"wordCount\":161,\"commentCount\":0,\"publisher\":{\"@id\":\"https:\/\/bobea.net\/#organization\"},\"image\":{\"@id\":\"https:\/\/bobea.net\/index.php\/2024\/08\/14\/alain-delon-et-anouchka-un-lien-pere-fille-fort\/#primaryimage\"},\"thumbnailUrl\":\"https:\/\/bobea.net\/wp-content\/uploads\/2024\/08\/Anouchka-Delon-cette-tendre-photo-avec-son-pere-Alain-Delon.jpg\",\"articleSection\":[\"Dreams People\",\"Tops Stories\"],\"inLanguage\":\"fr-FR\",\"potentialAction\":[{\"@type\":\"CommentAction\",\"name\":\"Comment\",\"target\":[\"https:\/\/bobea.net\/index.php\/2024\/08\/14\/alain-delon-et-anouchka-un-lien-pere-fille-fort\/#respond\"]}]},{\"@type\":\"WebPage\",\"@id\":\"https:\/\/bobea.net\/index.php\/2024\/08\/14\/alain-delon-et-anouchka-un-lien-pere-fille-fort\/\",\"url\":\"https:\/\/bobea.net\/index.php\/2024\/08\/14\/alain-delon-et-anouchka-un-lien-pere-fille-fort\/\",\"name\":\"Alain Delon et Anouchka, un Lien P\u00e8re-Fille Fort - Bobea\",\"isPartOf\":{\"@id\":\"https:\/\/bobea.net\/#website\"},\"primaryImageOfPage\":{\"@id\":\"https:\/\/bobea.net\/index.php\/2024\/08\/14\/alain-delon-et-anouchka-un-lien-pere-fille-fort\/#primaryimage\"},\"image\":{\"@id\":\"https:\/\/bobea.net\/index.php\/2024\/08\/14\/alain-delon-et-anouchka-un-lien-pere-fille-fort\/#primaryimage\"},\"thumbnailUrl\":\"https:\/\/bobea.net\/wp-content\/uploads\/2024\/08\/Anouchka-Delon-cette-tendre-photo-avec-son-pere-Alain-Delon.jpg\",\"datePublished\":\"2024-08-14T14:12:59+00:00\",\"dateModified\":\"2024-08-14T14:13:00+00:00\",\"description\":\"R\u00e9cemment, Anouchka Delon a publi\u00e9 sur Instagram deux photos de son p\u00e8re, Alain Delon, en train de se faire couper les cheveux.\",\"breadcrumb\":{\"@id\":\"https:\/\/bobea.net\/index.php\/2024\/08\/14\/alain-delon-et-anouchka-un-lien-pere-fille-fort\/#breadcrumb\"},\"inLanguage\":\"fr-FR\",\"potentialAction\":[{\"@type\":\"ReadAction\",\"target\":[\"https:\/\/bobea.net\/index.php\/2024\/08\/14\/alain-delon-et-anouchka-un-lien-pere-fille-fort\/\"]}]},{\"@type\":\"ImageObject\",\"inLanguage\":\"fr-FR\",\"@id\":\"https:\/\/bobea.net\/index.php\/2024\/08\/14\/alain-delon-et-anouchka-un-lien-pere-fille-fort\/#primaryimage\",\"url\":\"https:\/\/bobea.net\/wp-content\/uploads\/2024\/08\/Anouchka-Delon-cette-tendre-photo-avec-son-pere-Alain-Delon.jpg\",\"contentUrl\":\"https:\/\/bobea.net\/wp-content\/uploads\/2024\/08\/Anouchka-Delon-cette-tendre-photo-avec-son-pere-Alain-Delon.jpg\",\"width\":1920,\"height\":1248,\"caption\":\"Alain Delon et Anouchka, un Lien P\u00e8re-Fille Fort\"},{\"@type\":\"BreadcrumbList\",\"@id\":\"https:\/\/bobea.net\/index.php\/2024\/08\/14\/alain-delon-et-anouchka-un-lien-pere-fille-fort\/#breadcrumb\",\"itemListElement\":[{\"@type\":\"ListItem\",\"position\":1,\"name\":\"Accueil\",\"item\":\"https:\/\/bobea.net\/\"},{\"@type\":\"ListItem\",\"position\":2,\"name\":\"Alain Delon et Anouchka, un Lien P\u00e8re-Fille Fort\"}]},{\"@type\":\"WebSite\",\"@id\":\"https:\/\/bobea.net\/#website\",\"url\":\"https:\/\/bobea.net\/\",\"name\":\"Bobea\",\"description\":\"Le magazine de la nouvelle \u00c8ve\",\"publisher\":{\"@id\":\"https:\/\/bobea.net\/#organization\"},\"potentialAction\":[{\"@type\":\"SearchAction\",\"target\":{\"@type\":\"EntryPoint\",\"urlTemplate\":\"https:\/\/bobea.net\/?s={search_term_string}\"},\"query-input\":{\"@type\":\"PropertyValueSpecification\",\"valueRequired\":true,\"valueName\":\"search_term_string\"}}],\"inLanguage\":\"fr-FR\"},{\"@type\":\"Organization\",\"@id\":\"https:\/\/bobea.net\/#organization\",\"name\":\"Bobea\",\"url\":\"https:\/\/bobea.net\/\",\"logo\":{\"@type\":\"ImageObject\",\"inLanguage\":\"fr-FR\",\"@id\":\"https:\/\/bobea.net\/#\/schema\/logo\/image\/\",\"url\":\"https:\/\/bobea.net\/wp-content\/uploads\/2024\/06\/bobea.jpg\",\"contentUrl\":\"https:\/\/bobea.net\/wp-content\/uploads\/2024\/06\/bobea.jpg\",\"width\":1080,\"height\":1080,\"caption\":\"Bobea\"},\"image\":{\"@id\":\"https:\/\/bobea.net\/#\/schema\/logo\/image\/\"},\"sameAs\":[\"https:\/\/web.facebook.com\/profile.php?id=61559252188416\"]},{\"@type\":\"Person\",\"@id\":\"https:\/\/bobea.net\/#\/schema\/person\/e7f45ef187918d7c956bf619dce90ccf\",\"name\":\"bobea.info\",\"image\":{\"@type\":\"ImageObject\",\"inLanguage\":\"fr-FR\",\"@id\":\"https:\/\/bobea.net\/#\/schema\/person\/image\/\",\"url\":\"https:\/\/secure.gravatar.com\/avatar\/36147980349df887ae30808df3e29474?s=96&d=mm&r=g\",\"contentUrl\":\"https:\/\/secure.gravatar.com\/avatar\/36147980349df887ae30808df3e29474?s=96&d=mm&r=g\",\"caption\":\"bobea.info\"},\"sameAs\":[\"https:\/\/bobea.net\"],\"url\":\"https:\/\/bobea.net\/index.php\/author\/bobea-info\/\"}]}<\/script>\n<!-- \/ Yoast SEO plugin. -->","yoast_head_json":{"title":"Alain Delon et Anouchka, un Lien P\u00e8re-Fille Fort - Bobea","description":"R\u00e9cemment, Anouchka Delon a publi\u00e9 sur Instagram deux photos de son p\u00e8re, Alain Delon, en train de se faire couper les cheveux.","robots":{"index":"index","follow":"follow","max-snippet":"max-snippet:-1","max-image-preview":"max-image-preview:large","max-video-preview":"max-video-preview:-1"},"canonical":"https:\/\/bobea.net\/index.php\/2024\/08\/14\/alain-delon-et-anouchka-un-lien-pere-fille-fort\/","og_locale":"fr_FR","og_type":"article","og_title":"Alain Delon et Anouchka, un Lien P\u00e8re-Fille Fort - Bobea","og_description":"R\u00e9cemment, Anouchka Delon a publi\u00e9 sur Instagram deux photos de son p\u00e8re, Alain Delon, en train de se faire couper les cheveux.","og_url":"https:\/\/bobea.net\/index.php\/2024\/08\/14\/alain-delon-et-anouchka-un-lien-pere-fille-fort\/","og_site_name":"Bobea","article_publisher":"https:\/\/web.facebook.com\/profile.php?id=61559252188416","article_published_time":"2024-08-14T14:12:59+00:00","article_modified_time":"2024-08-14T14:13:00+00:00","og_image":[{"width":1920,"height":1248,"url":"https:\/\/bobea.net\/wp-content\/uploads\/2024\/08\/Anouchka-Delon-cette-tendre-photo-avec-son-pere-Alain-Delon.jpg","type":"image\/jpeg"}],"author":"bobea.info","twitter_card":"summary_large_image","twitter_misc":{"\u00c9crit par":"bobea.info","Dur\u00e9e de lecture estim\u00e9e":"1 minute"},"schema":{"@context":"https:\/\/schema.org","@graph":[{"@type":"Article","@id":"https:\/\/bobea.net\/index.php\/2024\/08\/14\/alain-delon-et-anouchka-un-lien-pere-fille-fort\/#article","isPartOf":{"@id":"https:\/\/bobea.net\/index.php\/2024\/08\/14\/alain-delon-et-anouchka-un-lien-pere-fille-fort\/"},"author":{"name":"bobea.info","@id":"https:\/\/bobea.net\/#\/schema\/person\/e7f45ef187918d7c956bf619dce90ccf"},"headline":"Alain Delon et Anouchka, un Lien P\u00e8re-Fille Fort","datePublished":"2024-08-14T14:12:59+00:00","dateModified":"2024-08-14T14:13:00+00:00","mainEntityOfPage":{"@id":"https:\/\/bobea.net\/index.php\/2024\/08\/14\/alain-delon-et-anouchka-un-lien-pere-fille-fort\/"},"wordCount":161,"commentCount":0,"publisher":{"@id":"https:\/\/bobea.net\/#organization"},"image":{"@id":"https:\/\/bobea.net\/index.php\/2024\/08\/14\/alain-delon-et-anouchka-un-lien-pere-fille-fort\/#primaryimage"},"thumbnailUrl":"https:\/\/bobea.net\/wp-content\/uploads\/2024\/08\/Anouchka-Delon-cette-tendre-photo-avec-son-pere-Alain-Delon.jpg","articleSection":["Dreams People","Tops Stories"],"inLanguage":"fr-FR","potentialAction":[{"@type":"CommentAction","name":"Comment","target":["https:\/\/bobea.net\/index.php\/2024\/08\/14\/alain-delon-et-anouchka-un-lien-pere-fille-fort\/#respond"]}]},{"@type":"WebPage","@id":"https:\/\/bobea.net\/index.php\/2024\/08\/14\/alain-delon-et-anouchka-un-lien-pere-fille-fort\/","url":"https:\/\/bobea.net\/index.php\/2024\/08\/14\/alain-delon-et-anouchka-un-lien-pere-fille-fort\/","name":"Alain Delon et Anouchka, un Lien P\u00e8re-Fille Fort - Bobea","isPartOf":{"@id":"https:\/\/bobea.net\/#website"},"primaryImageOfPage":{"@id":"https:\/\/bobea.net\/index.php\/2024\/08\/14\/alain-delon-et-anouchka-un-lien-pere-fille-fort\/#primaryimage"},"image":{"@id":"https:\/\/bobea.net\/index.php\/2024\/08\/14\/alain-delon-et-anouchka-un-lien-pere-fille-fort\/#primaryimage"},"thumbnailUrl":"https:\/\/bobea.net\/wp-content\/uploads\/2024\/08\/Anouchka-Delon-cette-tendre-photo-avec-son-pere-Alain-Delon.jpg","datePublished":"2024-08-14T14:12:59+00:00","dateModified":"2024-08-14T14:13:00+00:00","description":"R\u00e9cemment, Anouchka Delon a publi\u00e9 sur Instagram deux photos de son p\u00e8re, Alain Delon, en train de se faire couper les cheveux.","breadcrumb":{"@id":"https:\/\/bobea.net\/index.php\/2024\/08\/14\/alain-delon-et-anouchka-un-lien-pere-fille-fort\/#breadcrumb"},"inLanguage":"fr-FR","potentialAction":[{"@type":"ReadAction","target":["https:\/\/bobea.net\/index.php\/2024\/08\/14\/alain-delon-et-anouchka-un-lien-pere-fille-fort\/"]}]},{"@type":"ImageObject","inLanguage":"fr-FR","@id":"https:\/\/bobea.net\/index.php\/2024\/08\/14\/alain-delon-et-anouchka-un-lien-pere-fille-fort\/#primaryimage","url":"https:\/\/bobea.net\/wp-content\/uploads\/2024\/08\/Anouchka-Delon-cette-tendre-photo-avec-son-pere-Alain-Delon.jpg","contentUrl":"https:\/\/bobea.net\/wp-content\/uploads\/2024\/08\/Anouchka-Delon-cette-tendre-photo-avec-son-pere-Alain-Delon.jpg","width":1920,"height":1248,"caption":"Alain Delon et Anouchka, un Lien P\u00e8re-Fille Fort"},{"@type":"BreadcrumbList","@id":"https:\/\/bobea.net\/index.php\/2024\/08\/14\/alain-delon-et-anouchka-un-lien-pere-fille-fort\/#breadcrumb","itemListElement":[{"@type":"ListItem","position":1,"name":"Accueil","item":"https:\/\/bobea.net\/"},{"@type":"ListItem","position":2,"name":"Alain Delon et Anouchka, un Lien P\u00e8re-Fille Fort"}]},{"@type":"WebSite","@id":"https:\/\/bobea.net\/#website","url":"https:\/\/bobea.net\/","name":"Bobea","description":"Le magazine de la nouvelle \u00c8ve","publisher":{"@id":"https:\/\/bobea.net\/#organization"},"potentialAction":[{"@type":"SearchAction","target":{"@type":"EntryPoint","urlTemplate":"https:\/\/bobea.net\/?s={search_term_string}"},"query-input":{"@type":"PropertyValueSpecification","valueRequired":true,"valueName":"search_term_string"}}],"inLanguage":"fr-FR"},{"@type":"Organization","@id":"https:\/\/bobea.net\/#organization","name":"Bobea","url":"https:\/\/bobea.net\/","logo":{"@type":"ImageObject","inLanguage":"fr-FR","@id":"https:\/\/bobea.net\/#\/schema\/logo\/image\/","url":"https:\/\/bobea.net\/wp-content\/uploads\/2024\/06\/bobea.jpg","contentUrl":"https:\/\/bobea.net\/wp-content\/uploads\/2024\/06\/bobea.jpg","width":1080,"height":1080,"caption":"Bobea"},"image":{"@id":"https:\/\/bobea.net\/#\/schema\/logo\/image\/"},"sameAs":["https:\/\/web.facebook.com\/profile.php?id=61559252188416"]},{"@type":"Person","@id":"https:\/\/bobea.net\/#\/schema\/person\/e7f45ef187918d7c956bf619dce90ccf","name":"bobea.info","image":{"@type":"ImageObject","inLanguage":"fr-FR","@id":"https:\/\/bobea.net\/#\/schema\/person\/image\/","url":"https:\/\/secure.gravatar.com\/avatar\/36147980349df887ae30808df3e29474?s=96&d=mm&r=g","contentUrl":"https:\/\/secure.gravatar.com\/avatar\/36147980349df887ae30808df3e29474?s=96&d=mm&r=g","caption":"bobea.info"},"sameAs":["https:\/\/bobea.net"],"url":"https:\/\/bobea.net\/index.php\/author\/bobea-info\/"}]}},"_links":{"self":[{"href":"https:\/\/bobea.net\/index.php\/wp-json\/wp\/v2\/posts\/4029"}],"collection":[{"href":"https:\/\/bobea.net\/index.php\/wp-json\/wp\/v2\/posts"}],"about":[{"href":"https:\/\/bobea.net\/index.php\/wp-json\/wp\/v2\/types\/post"}],"author":[{"embeddable":true,"href":"https:\/\/bobea.net\/index.php\/wp-json\/wp\/v2\/users\/1"}],"replies":[{"embeddable":true,"href":"https:\/\/bobea.net\/index.php\/wp-json\/wp\/v2\/comments?post=4029"}],"version-history":[{"count":0,"href":"https:\/\/bobea.net\/index.php\/wp-json\/wp\/v2\/posts\/4029\/revisions"}],"wp:featuredmedia":[{"embeddable":true,"href":"https:\/\/bobea.net\/index.php\/wp-json\/wp\/v2\/media\/4030"}],"wp:attachment":[{"href":"https:\/\/bobea.net\/index.php\/wp-json\/wp\/v2\/media?parent=4029"}],"wp:term":[{"taxonomy":"category","embeddable":true,"href":"https:\/\/bobea.net\/index.php\/wp-json\/wp\/v2\/categories?post=4029"},{"taxonomy":"post_tag","embeddable":true,"href":"https:\/\/bobea.net\/index.php\/wp-json\/wp\/v2\/tags?post=4029"}],"curies":[{"name":"wp","href":"https:\/\/api.w.org\/{rel}","templated":true}]}}