{"id":3997,"date":"2024-08-07T13:56:26","date_gmt":"2024-08-07T13:56:26","guid":{"rendered":"https:\/\/bobea.net\/?p=3997"},"modified":"2024-08-07T13:56:27","modified_gmt":"2024-08-07T13:56:27","slug":"passion-nature-je-recycle-des-vieux-vetements-et-cest-utile-pour-la-nature","status":"publish","type":"post","link":"https:\/\/bobea.net\/index.php\/2024\/08\/07\/passion-nature-je-recycle-des-vieux-vetements-et-cest-utile-pour-la-nature\/","title":{"rendered":"Passion nature : Je recycle des vieux v\u00eatements et c\u2019est utile pour la nature"},"content":{"rendered":"\n<p>Le recy\u00adclage des v\u00eate\u00adments usag\u00e9s est une pra\u00adtique \u00e9cologique qui per\u00admet de r\u00e9duire notre impact envi\u00adron\u00adnemen\u00adtal tout en don\u00adnant une sec\u00adonde vie \u00e0 nos tex\u00adtiles. Voici com\u00adment ce proces\u00adsus b\u00e9n\u00e9\u00adfi\u00adcie \u00e0 la nature et \u00e0 la soci\u00e9t\u00e9.<\/p>\n\n\n\n<p>Que devi\u00aden\u00adnent ces vieux v\u00eate\u00adments ?<\/p>\n\n\n\n<p>Les v\u00eate\u00adments col\u00adlec\u00adt\u00e9s con\u00adnais\u00adsent plusieurs des\u00adtins :<\/p>\n\n\n\n<ul class=\"wp-block-list\">\n<li><strong>R\u00e9u\u00adtil\u00adi\u00adsa\u00adtion<\/strong>&nbsp;: Env\u00adi\u00adron 56,6% des tex\u00adtiles col\u00adlec\u00adt\u00e9s sont r\u00e9u\u00adtil\u00adis\u00e9s, soit en l\u2019\u00e9\u00adtat, soit apr\u00e8s de l\u00e9g\u00e8res mod\u00adi\u00adfi\u00adca\u00adtions.<\/li>\n\n\n\n<li><strong>Recy\u00adclage<\/strong>&nbsp;: Pr\u00e8s d\u2019un tiers des tex\u00adtiles col\u00adlec\u00adt\u00e9s sont recy\u00adcl\u00e9s pour cr\u00e9er de nou\u00advelles mati\u00e8res.<\/li>\n\n\n\n<li><strong>Trans\u00adfor\u00adma\u00adtion<\/strong>&nbsp;: Cer\u00adtains v\u00eate\u00adments sont trans\u00adfor\u00adm\u00e9s en chif\u00adfons indus\u00adtriels ou en mat\u00e9ri\u00adaux isolants.<\/li>\n\n\n\n<li><strong>Val\u00adori\u00adsa\u00adtion \u00e9nerg\u00e9\u00adtique<\/strong>&nbsp;: Une par\u00adtie des tex\u00adtiles non recy\u00adclables est util\u00adis\u00e9e comme com\u00adbustible, bien que cette option ne soit pas con\u00adsid\u00ad\u00e9r\u00e9e comme du recy\u00adclage.<\/li>\n<\/ul>\n\n\n\n<p>Une autre util\u00adit\u00e9<\/p>\n\n\n\n<p>Au-del\u00e0 de la r\u00e9u\u00adtil\u00adi\u00adsa\u00adtion directe, le recy\u00adclage des v\u00eate\u00adments offre d\u2019autres avan\u00adtages :<\/p>\n\n\n\n<ul class=\"wp-block-list\">\n<li><strong>R\u00e9duc\u00adtion des d\u00e9chets<\/strong>&nbsp;: Le recy\u00adclage dimin\u00adue la quan\u00adtit\u00e9 de tex\u00adtiles envoy\u00e9s en d\u00e9charge ou inc\u00adin\u00e9r\u00e9s.<\/li>\n\n\n\n<li><strong>Pr\u00e9ser\u00adva\u00adtion des ressources<\/strong>&nbsp;: En r\u00e9u\u00adtil\u00adisant les fibres exis\u00adtantes, on r\u00e9duit la demande en nou\u00advelles mati\u00e8res pre\u00admi\u00e8res.<\/li>\n\n\n\n<li><strong>Pro\u00adtec\u00adtion des \u00e9cosys\u00adt\u00e8mes<\/strong>&nbsp;: La r\u00e9duc\u00adtion de la pro\u00adduc\u00adtion tex\u00adtile aide \u00e0 pr\u00e9serv\u00ader la bio\u00addi\u00adver\u00adsit\u00e9 et les habi\u00adtats naturels.<\/li>\n<\/ul>\n\n\n\n<p>Le cycle vertueux<\/p>\n\n\n\n<p>Le recy\u00adclage des v\u00eate\u00adments s\u2019in\u00adscrit dans une d\u00e9marche d\u2019\u00e9\u00adconomie cir\u00adcu\u00adlaire :<\/p>\n\n\n\n<ol class=\"wp-block-list\" start=\"1\">\n<li>Col\u00adlecte des v\u00eate\u00adments usag\u00e9s<\/li>\n\n\n\n<li>Tri et \u00e9val\u00adu\u00ada\u00adtion de leur \u00e9tat<\/li>\n\n\n\n<li>R\u00e9u\u00adtil\u00adi\u00adsa\u00adtion directe ou trans\u00adfor\u00adma\u00adtion<\/li>\n\n\n\n<li>Cr\u00e9a\u00adtion de nou\u00advelles mati\u00e8res ou pro\u00adduits<\/li>\n\n\n\n<li>R\u00e9in\u00adt\u00e9\u00adgra\u00adtion dans le cir\u00adcuit de con\u00adsom\u00adma\u00adtion<\/li>\n<\/ol>\n\n\n\n<p>Ce cycle per\u00admet de max\u00adimiser l\u2019u\u00adtil\u00adi\u00adsa\u00adtion des ressources et de min\u00adimiser les d\u00e9chets.<\/p>\n\n\n\n<p>Les emplois<\/p>\n\n\n\n<p>La fil\u00adi\u00e8re du recy\u00adclage tex\u00adtile g\u00e9n\u00e8re de nom\u00adbreux emplois :<\/p>\n\n\n\n<ul class=\"wp-block-list\">\n<li><strong>Col\u00adlecte et tri<\/strong>&nbsp;: Des emplois locaux sont cr\u00e9\u00e9s dans les cen\u00adtres de col\u00adlecte et de tri.<\/li>\n\n\n\n<li><strong>R\u00e9pa\u00adra\u00adtion et upcy\u00adcling<\/strong>&nbsp;: Des arti\u00adsans et cr\u00e9a\u00adteurs trans\u00adfor\u00adment les v\u00eate\u00adments usag\u00e9s en nou\u00advelles pi\u00e8ces.<\/li>\n\n\n\n<li><strong>Indus\u00adtrie du recy\u00adclage<\/strong>&nbsp;: Des emplois tech\u00adniques sont n\u00e9ces\u00adsaires pour trans\u00adformer les tex\u00adtiles en nou\u00advelles mati\u00e8res.<\/li>\n<\/ul>\n\n\n\n<p>Les aides de l\u2019Eu\u00adrope et publiques<\/p>\n\n\n\n<p>Pour soutenir cette fil\u00adi\u00e8re, divers\u00ades aides sont mis\u00ades en place :<\/p>\n\n\n\n<ul class=\"wp-block-list\">\n<li><strong>Sou\u00adtien europ\u00e9en<\/strong>&nbsp;: L\u2019U\u00adnion Europ\u00e9enne encour\u00adage le d\u00e9veloppe\u00adment de l\u2019\u00e9\u00adconomie cir\u00adcu\u00adlaire, dont fait par\u00adtie le recy\u00adclage tex\u00adtile.<\/li>\n\n\n\n<li><strong>Eco-organ\u00adismes<\/strong>&nbsp;: En France, l\u2019\u00e9\u00adco-organ\u00adisme Refash\u00adion est charg\u00e9 de la ges\u00adtion de la fil\u00adi\u00e8re tex\u00adtile.<\/li>\n\n\n\n<li><strong>Inci\u00adta\u00adtions fis\u00adcales<\/strong>&nbsp;: Des mesures fis\u00adcales peu\u00advent \u00eatre mis\u00ades en place pour encour\u00adager le recy\u00adclage et l\u2019u\u00adtil\u00adi\u00adsa\u00adtion de mati\u00e8res recy\u00adcl\u00e9es.<\/li>\n<\/ul>\n\n\n\n<p>En recy\u00adclant nos vieux v\u00eate\u00adments, nous par\u00adticipons active\u00adment \u00e0 la pro\u00adtec\u00adtion de l\u2019en\u00advi\u00adron\u00adnement tout en sou\u00adtenant une \u00e9conomie plus durable. Cette pra\u00adtique, sim\u00adple \u00e0 met\u00adtre en \u0153uvre au quo\u00adti\u00addi\u00aden, con\u00adtribue \u00e0 r\u00e9duire notre empreinte \u00e9cologique et \u00e0 pr\u00e9serv\u00ader les ressources naturelles pour les g\u00e9n\u00e9ra\u00adtions futures.<\/p>\n","protected":false},"excerpt":{"rendered":"<p>Le recy\u00adclage des v\u00eate\u00adments usag\u00e9s est une pra\u00adtique \u00e9cologique qui per\u00admet de r\u00e9duire notre impact envi\u00adron\u00adnemen\u00adtal tout en don\u00adnant une sec\u00adonde vie \u00e0 nos tex\u00adtiles. Voici com\u00adment ce proces\u00adsus b\u00e9n\u00e9\u00adfi\u00adcie\u2026 <\/p>\n","protected":false},"author":1,"featured_media":3998,"comment_status":"open","ping_status":"open","sticky":false,"template":"","format":"standard","meta":{"wp_typography_post_enhancements_disabled":false,"footnotes":""},"categories":[48,88],"tags":[5459,5458,2579,5456,5460,5451,5452,5450,5453,5461,5449,5457,5462,5454,5455],"class_list":["post-3997","post","type-post","status-publish","format-standard","has-post-thumbnail","hentry","category-edito","category-actualites-sante","tag-cycle-vertueux","tag-eco-organismes","tag-economie-circulaire","tag-emplois-recyclage","tag-fibres-recyclees","tag-preservation-ressources","tag-protection-environnement","tag-recyclage-vetements","tag-reduction-dechets","tag-refashion","tag-reutilisation-textile","tag-soutien-europeen","tag-textiles-usages","tag-transformation-textile","tag-valorisation-energetique"],"yoast_head":"<!-- This site is optimized with the Yoast SEO plugin v24.7 - https:\/\/yoast.com\/wordpress\/plugins\/seo\/ -->\n<title>Passion nature : Je recycle des vieux v\u00eatements et c&#039;est utile pour la nature - Bobea<\/title>\n<meta name=\"description\" content=\"Le recyclage des v\u00eatements usag\u00e9s est une pratique \u00e9cologique qui permet de r\u00e9duire notre impact environnemental\" \/>\n<meta name=\"robots\" content=\"index, follow, max-snippet:-1, max-image-preview:large, max-video-preview:-1\" \/>\n<link rel=\"canonical\" href=\"https:\/\/bobea.net\/index.php\/2024\/08\/07\/passion-nature-je-recycle-des-vieux-vetements-et-cest-utile-pour-la-nature\/\" \/>\n<meta property=\"og:locale\" content=\"fr_FR\" \/>\n<meta property=\"og:type\" content=\"article\" \/>\n<meta property=\"og:title\" content=\"Passion nature : Je recycle des vieux v\u00eatements et c&#039;est utile pour la nature - Bobea\" \/>\n<meta property=\"og:description\" content=\"Le recyclage des v\u00eatements usag\u00e9s est une pratique \u00e9cologique qui permet de r\u00e9duire notre impact environnemental\" \/>\n<meta property=\"og:url\" content=\"https:\/\/bobea.net\/index.php\/2024\/08\/07\/passion-nature-je-recycle-des-vieux-vetements-et-cest-utile-pour-la-nature\/\" \/>\n<meta property=\"og:site_name\" content=\"Bobea\" \/>\n<meta property=\"article:publisher\" content=\"https:\/\/web.facebook.com\/profile.php?id=61559252188416\" \/>\n<meta property=\"article:published_time\" content=\"2024-08-07T13:56:26+00:00\" \/>\n<meta property=\"article:modified_time\" content=\"2024-08-07T13:56:27+00:00\" \/>\n<meta property=\"og:image\" content=\"https:\/\/bobea.net\/wp-content\/uploads\/2024\/08\/OIP-3-1.jpeg\" \/>\n\t<meta property=\"og:image:width\" content=\"474\" \/>\n\t<meta property=\"og:image:height\" content=\"266\" \/>\n\t<meta property=\"og:image:type\" content=\"image\/jpeg\" \/>\n<meta name=\"author\" content=\"bobea.info\" \/>\n<meta name=\"twitter:card\" content=\"summary_large_image\" \/>\n<meta name=\"twitter:label1\" content=\"\u00c9crit par\" \/>\n\t<meta name=\"twitter:data1\" content=\"bobea.info\" \/>\n\t<meta name=\"twitter:label2\" content=\"Dur\u00e9e de lecture estim\u00e9e\" \/>\n\t<meta name=\"twitter:data2\" content=\"3 minutes\" \/>\n<script type=\"application\/ld+json\" class=\"yoast-schema-graph\">{\"@context\":\"https:\/\/schema.org\",\"@graph\":[{\"@type\":\"Article\",\"@id\":\"https:\/\/bobea.net\/index.php\/2024\/08\/07\/passion-nature-je-recycle-des-vieux-vetements-et-cest-utile-pour-la-nature\/#article\",\"isPartOf\":{\"@id\":\"https:\/\/bobea.net\/index.php\/2024\/08\/07\/passion-nature-je-recycle-des-vieux-vetements-et-cest-utile-pour-la-nature\/\"},\"author\":{\"name\":\"bobea.info\",\"@id\":\"https:\/\/bobea.net\/#\/schema\/person\/e7f45ef187918d7c956bf619dce90ccf\"},\"headline\":\"Passion nature : Je recycle des vieux v\u00eatements et c\u2019est utile pour la nature\",\"datePublished\":\"2024-08-07T13:56:26+00:00\",\"dateModified\":\"2024-08-07T13:56:27+00:00\",\"mainEntityOfPage\":{\"@id\":\"https:\/\/bobea.net\/index.php\/2024\/08\/07\/passion-nature-je-recycle-des-vieux-vetements-et-cest-utile-pour-la-nature\/\"},\"wordCount\":503,\"commentCount\":0,\"publisher\":{\"@id\":\"https:\/\/bobea.net\/#organization\"},\"image\":{\"@id\":\"https:\/\/bobea.net\/index.php\/2024\/08\/07\/passion-nature-je-recycle-des-vieux-vetements-et-cest-utile-pour-la-nature\/#primaryimage\"},\"thumbnailUrl\":\"https:\/\/bobea.net\/wp-content\/uploads\/2024\/08\/OIP-3-1.jpeg\",\"keywords\":[\"cycle vertueux\",\"\u00e9co-organismes\",\"\u00e9conomie circulaire\",\"emplois recyclage\",\"fibres recycl\u00e9es\",\"pr\u00e9servation ressources\",\"protection environnement\",\"recyclage v\u00eatements\",\"r\u00e9duction d\u00e9chets\",\"Refashion\",\"r\u00e9utilisation textile\",\"soutien europ\u00e9en\",\"textiles usag\u00e9s\",\"transformation textile\",\"valorisation \u00e9nerg\u00e9tique\"],\"articleSection\":[\"edito\",\"Sant\u00e9-Actualit\u00e9s\"],\"inLanguage\":\"fr-FR\",\"potentialAction\":[{\"@type\":\"CommentAction\",\"name\":\"Comment\",\"target\":[\"https:\/\/bobea.net\/index.php\/2024\/08\/07\/passion-nature-je-recycle-des-vieux-vetements-et-cest-utile-pour-la-nature\/#respond\"]}]},{\"@type\":\"WebPage\",\"@id\":\"https:\/\/bobea.net\/index.php\/2024\/08\/07\/passion-nature-je-recycle-des-vieux-vetements-et-cest-utile-pour-la-nature\/\",\"url\":\"https:\/\/bobea.net\/index.php\/2024\/08\/07\/passion-nature-je-recycle-des-vieux-vetements-et-cest-utile-pour-la-nature\/\",\"name\":\"Passion nature : Je recycle des vieux v\u00eatements et c'est utile pour la nature - Bobea\",\"isPartOf\":{\"@id\":\"https:\/\/bobea.net\/#website\"},\"primaryImageOfPage\":{\"@id\":\"https:\/\/bobea.net\/index.php\/2024\/08\/07\/passion-nature-je-recycle-des-vieux-vetements-et-cest-utile-pour-la-nature\/#primaryimage\"},\"image\":{\"@id\":\"https:\/\/bobea.net\/index.php\/2024\/08\/07\/passion-nature-je-recycle-des-vieux-vetements-et-cest-utile-pour-la-nature\/#primaryimage\"},\"thumbnailUrl\":\"https:\/\/bobea.net\/wp-content\/uploads\/2024\/08\/OIP-3-1.jpeg\",\"datePublished\":\"2024-08-07T13:56:26+00:00\",\"dateModified\":\"2024-08-07T13:56:27+00:00\",\"description\":\"Le recyclage des v\u00eatements usag\u00e9s est une pratique \u00e9cologique qui permet de r\u00e9duire notre impact environnemental\",\"breadcrumb\":{\"@id\":\"https:\/\/bobea.net\/index.php\/2024\/08\/07\/passion-nature-je-recycle-des-vieux-vetements-et-cest-utile-pour-la-nature\/#breadcrumb\"},\"inLanguage\":\"fr-FR\",\"potentialAction\":[{\"@type\":\"ReadAction\",\"target\":[\"https:\/\/bobea.net\/index.php\/2024\/08\/07\/passion-nature-je-recycle-des-vieux-vetements-et-cest-utile-pour-la-nature\/\"]}]},{\"@type\":\"ImageObject\",\"inLanguage\":\"fr-FR\",\"@id\":\"https:\/\/bobea.net\/index.php\/2024\/08\/07\/passion-nature-je-recycle-des-vieux-vetements-et-cest-utile-pour-la-nature\/#primaryimage\",\"url\":\"https:\/\/bobea.net\/wp-content\/uploads\/2024\/08\/OIP-3-1.jpeg\",\"contentUrl\":\"https:\/\/bobea.net\/wp-content\/uploads\/2024\/08\/OIP-3-1.jpeg\",\"width\":474,\"height\":266,\"caption\":\"Le recyclage des v\u00eatements usag\u00e9s est une pratique \u00e9cologique\"},{\"@type\":\"BreadcrumbList\",\"@id\":\"https:\/\/bobea.net\/index.php\/2024\/08\/07\/passion-nature-je-recycle-des-vieux-vetements-et-cest-utile-pour-la-nature\/#breadcrumb\",\"itemListElement\":[{\"@type\":\"ListItem\",\"position\":1,\"name\":\"Accueil\",\"item\":\"https:\/\/bobea.net\/\"},{\"@type\":\"ListItem\",\"position\":2,\"name\":\"Passion nature : Je recycle des vieux v\u00eatements et c&rsquo;est utile pour la nature\"}]},{\"@type\":\"WebSite\",\"@id\":\"https:\/\/bobea.net\/#website\",\"url\":\"https:\/\/bobea.net\/\",\"name\":\"Bobea\",\"description\":\"Le magazine de la nouvelle \u00c8ve\",\"publisher\":{\"@id\":\"https:\/\/bobea.net\/#organization\"},\"potentialAction\":[{\"@type\":\"SearchAction\",\"target\":{\"@type\":\"EntryPoint\",\"urlTemplate\":\"https:\/\/bobea.net\/?s={search_term_string}\"},\"query-input\":{\"@type\":\"PropertyValueSpecification\",\"valueRequired\":true,\"valueName\":\"search_term_string\"}}],\"inLanguage\":\"fr-FR\"},{\"@type\":\"Organization\",\"@id\":\"https:\/\/bobea.net\/#organization\",\"name\":\"Bobea\",\"url\":\"https:\/\/bobea.net\/\",\"logo\":{\"@type\":\"ImageObject\",\"inLanguage\":\"fr-FR\",\"@id\":\"https:\/\/bobea.net\/#\/schema\/logo\/image\/\",\"url\":\"https:\/\/bobea.net\/wp-content\/uploads\/2024\/06\/bobea.jpg\",\"contentUrl\":\"https:\/\/bobea.net\/wp-content\/uploads\/2024\/06\/bobea.jpg\",\"width\":1080,\"height\":1080,\"caption\":\"Bobea\"},\"image\":{\"@id\":\"https:\/\/bobea.net\/#\/schema\/logo\/image\/\"},\"sameAs\":[\"https:\/\/web.facebook.com\/profile.php?id=61559252188416\"]},{\"@type\":\"Person\",\"@id\":\"https:\/\/bobea.net\/#\/schema\/person\/e7f45ef187918d7c956bf619dce90ccf\",\"name\":\"bobea.info\",\"image\":{\"@type\":\"ImageObject\",\"inLanguage\":\"fr-FR\",\"@id\":\"https:\/\/bobea.net\/#\/schema\/person\/image\/\",\"url\":\"https:\/\/secure.gravatar.com\/avatar\/36147980349df887ae30808df3e29474?s=96&d=mm&r=g\",\"contentUrl\":\"https:\/\/secure.gravatar.com\/avatar\/36147980349df887ae30808df3e29474?s=96&d=mm&r=g\",\"caption\":\"bobea.info\"},\"sameAs\":[\"https:\/\/bobea.net\"],\"url\":\"https:\/\/bobea.net\/index.php\/author\/bobea-info\/\"}]}<\/script>\n<!-- \/ Yoast SEO plugin. -->","yoast_head_json":{"title":"Passion nature : Je recycle des vieux v\u00eatements et c'est utile pour la nature - Bobea","description":"Le recyclage des v\u00eatements usag\u00e9s est une pratique \u00e9cologique qui permet de r\u00e9duire notre impact environnemental","robots":{"index":"index","follow":"follow","max-snippet":"max-snippet:-1","max-image-preview":"max-image-preview:large","max-video-preview":"max-video-preview:-1"},"canonical":"https:\/\/bobea.net\/index.php\/2024\/08\/07\/passion-nature-je-recycle-des-vieux-vetements-et-cest-utile-pour-la-nature\/","og_locale":"fr_FR","og_type":"article","og_title":"Passion nature : Je recycle des vieux v\u00eatements et c'est utile pour la nature - Bobea","og_description":"Le recyclage des v\u00eatements usag\u00e9s est une pratique \u00e9cologique qui permet de r\u00e9duire notre impact environnemental","og_url":"https:\/\/bobea.net\/index.php\/2024\/08\/07\/passion-nature-je-recycle-des-vieux-vetements-et-cest-utile-pour-la-nature\/","og_site_name":"Bobea","article_publisher":"https:\/\/web.facebook.com\/profile.php?id=61559252188416","article_published_time":"2024-08-07T13:56:26+00:00","article_modified_time":"2024-08-07T13:56:27+00:00","og_image":[{"width":474,"height":266,"url":"https:\/\/bobea.net\/wp-content\/uploads\/2024\/08\/OIP-3-1.jpeg","type":"image\/jpeg"}],"author":"bobea.info","twitter_card":"summary_large_image","twitter_misc":{"\u00c9crit par":"bobea.info","Dur\u00e9e de lecture estim\u00e9e":"3 minutes"},"schema":{"@context":"https:\/\/schema.org","@graph":[{"@type":"Article","@id":"https:\/\/bobea.net\/index.php\/2024\/08\/07\/passion-nature-je-recycle-des-vieux-vetements-et-cest-utile-pour-la-nature\/#article","isPartOf":{"@id":"https:\/\/bobea.net\/index.php\/2024\/08\/07\/passion-nature-je-recycle-des-vieux-vetements-et-cest-utile-pour-la-nature\/"},"author":{"name":"bobea.info","@id":"https:\/\/bobea.net\/#\/schema\/person\/e7f45ef187918d7c956bf619dce90ccf"},"headline":"Passion nature : Je recycle des vieux v\u00eatements et c\u2019est utile pour la nature","datePublished":"2024-08-07T13:56:26+00:00","dateModified":"2024-08-07T13:56:27+00:00","mainEntityOfPage":{"@id":"https:\/\/bobea.net\/index.php\/2024\/08\/07\/passion-nature-je-recycle-des-vieux-vetements-et-cest-utile-pour-la-nature\/"},"wordCount":503,"commentCount":0,"publisher":{"@id":"https:\/\/bobea.net\/#organization"},"image":{"@id":"https:\/\/bobea.net\/index.php\/2024\/08\/07\/passion-nature-je-recycle-des-vieux-vetements-et-cest-utile-pour-la-nature\/#primaryimage"},"thumbnailUrl":"https:\/\/bobea.net\/wp-content\/uploads\/2024\/08\/OIP-3-1.jpeg","keywords":["cycle vertueux","\u00e9co-organismes","\u00e9conomie circulaire","emplois recyclage","fibres recycl\u00e9es","pr\u00e9servation ressources","protection environnement","recyclage v\u00eatements","r\u00e9duction d\u00e9chets","Refashion","r\u00e9utilisation textile","soutien europ\u00e9en","textiles usag\u00e9s","transformation textile","valorisation \u00e9nerg\u00e9tique"],"articleSection":["edito","Sant\u00e9-Actualit\u00e9s"],"inLanguage":"fr-FR","potentialAction":[{"@type":"CommentAction","name":"Comment","target":["https:\/\/bobea.net\/index.php\/2024\/08\/07\/passion-nature-je-recycle-des-vieux-vetements-et-cest-utile-pour-la-nature\/#respond"]}]},{"@type":"WebPage","@id":"https:\/\/bobea.net\/index.php\/2024\/08\/07\/passion-nature-je-recycle-des-vieux-vetements-et-cest-utile-pour-la-nature\/","url":"https:\/\/bobea.net\/index.php\/2024\/08\/07\/passion-nature-je-recycle-des-vieux-vetements-et-cest-utile-pour-la-nature\/","name":"Passion nature : Je recycle des vieux v\u00eatements et c'est utile pour la nature - Bobea","isPartOf":{"@id":"https:\/\/bobea.net\/#website"},"primaryImageOfPage":{"@id":"https:\/\/bobea.net\/index.php\/2024\/08\/07\/passion-nature-je-recycle-des-vieux-vetements-et-cest-utile-pour-la-nature\/#primaryimage"},"image":{"@id":"https:\/\/bobea.net\/index.php\/2024\/08\/07\/passion-nature-je-recycle-des-vieux-vetements-et-cest-utile-pour-la-nature\/#primaryimage"},"thumbnailUrl":"https:\/\/bobea.net\/wp-content\/uploads\/2024\/08\/OIP-3-1.jpeg","datePublished":"2024-08-07T13:56:26+00:00","dateModified":"2024-08-07T13:56:27+00:00","description":"Le recyclage des v\u00eatements usag\u00e9s est une pratique \u00e9cologique qui permet de r\u00e9duire notre impact environnemental","breadcrumb":{"@id":"https:\/\/bobea.net\/index.php\/2024\/08\/07\/passion-nature-je-recycle-des-vieux-vetements-et-cest-utile-pour-la-nature\/#breadcrumb"},"inLanguage":"fr-FR","potentialAction":[{"@type":"ReadAction","target":["https:\/\/bobea.net\/index.php\/2024\/08\/07\/passion-nature-je-recycle-des-vieux-vetements-et-cest-utile-pour-la-nature\/"]}]},{"@type":"ImageObject","inLanguage":"fr-FR","@id":"https:\/\/bobea.net\/index.php\/2024\/08\/07\/passion-nature-je-recycle-des-vieux-vetements-et-cest-utile-pour-la-nature\/#primaryimage","url":"https:\/\/bobea.net\/wp-content\/uploads\/2024\/08\/OIP-3-1.jpeg","contentUrl":"https:\/\/bobea.net\/wp-content\/uploads\/2024\/08\/OIP-3-1.jpeg","width":474,"height":266,"caption":"Le recyclage des v\u00eatements usag\u00e9s est une pratique \u00e9cologique"},{"@type":"BreadcrumbList","@id":"https:\/\/bobea.net\/index.php\/2024\/08\/07\/passion-nature-je-recycle-des-vieux-vetements-et-cest-utile-pour-la-nature\/#breadcrumb","itemListElement":[{"@type":"ListItem","position":1,"name":"Accueil","item":"https:\/\/bobea.net\/"},{"@type":"ListItem","position":2,"name":"Passion nature : Je recycle des vieux v\u00eatements et c&rsquo;est utile pour la nature"}]},{"@type":"WebSite","@id":"https:\/\/bobea.net\/#website","url":"https:\/\/bobea.net\/","name":"Bobea","description":"Le magazine de la nouvelle \u00c8ve","publisher":{"@id":"https:\/\/bobea.net\/#organization"},"potentialAction":[{"@type":"SearchAction","target":{"@type":"EntryPoint","urlTemplate":"https:\/\/bobea.net\/?s={search_term_string}"},"query-input":{"@type":"PropertyValueSpecification","valueRequired":true,"valueName":"search_term_string"}}],"inLanguage":"fr-FR"},{"@type":"Organization","@id":"https:\/\/bobea.net\/#organization","name":"Bobea","url":"https:\/\/bobea.net\/","logo":{"@type":"ImageObject","inLanguage":"fr-FR","@id":"https:\/\/bobea.net\/#\/schema\/logo\/image\/","url":"https:\/\/bobea.net\/wp-content\/uploads\/2024\/06\/bobea.jpg","contentUrl":"https:\/\/bobea.net\/wp-content\/uploads\/2024\/06\/bobea.jpg","width":1080,"height":1080,"caption":"Bobea"},"image":{"@id":"https:\/\/bobea.net\/#\/schema\/logo\/image\/"},"sameAs":["https:\/\/web.facebook.com\/profile.php?id=61559252188416"]},{"@type":"Person","@id":"https:\/\/bobea.net\/#\/schema\/person\/e7f45ef187918d7c956bf619dce90ccf","name":"bobea.info","image":{"@type":"ImageObject","inLanguage":"fr-FR","@id":"https:\/\/bobea.net\/#\/schema\/person\/image\/","url":"https:\/\/secure.gravatar.com\/avatar\/36147980349df887ae30808df3e29474?s=96&d=mm&r=g","contentUrl":"https:\/\/secure.gravatar.com\/avatar\/36147980349df887ae30808df3e29474?s=96&d=mm&r=g","caption":"bobea.info"},"sameAs":["https:\/\/bobea.net"],"url":"https:\/\/bobea.net\/index.php\/author\/bobea-info\/"}]}},"_links":{"self":[{"href":"https:\/\/bobea.net\/index.php\/wp-json\/wp\/v2\/posts\/3997"}],"collection":[{"href":"https:\/\/bobea.net\/index.php\/wp-json\/wp\/v2\/posts"}],"about":[{"href":"https:\/\/bobea.net\/index.php\/wp-json\/wp\/v2\/types\/post"}],"author":[{"embeddable":true,"href":"https:\/\/bobea.net\/index.php\/wp-json\/wp\/v2\/users\/1"}],"replies":[{"embeddable":true,"href":"https:\/\/bobea.net\/index.php\/wp-json\/wp\/v2\/comments?post=3997"}],"version-history":[{"count":0,"href":"https:\/\/bobea.net\/index.php\/wp-json\/wp\/v2\/posts\/3997\/revisions"}],"wp:featuredmedia":[{"embeddable":true,"href":"https:\/\/bobea.net\/index.php\/wp-json\/wp\/v2\/media\/3998"}],"wp:attachment":[{"href":"https:\/\/bobea.net\/index.php\/wp-json\/wp\/v2\/media?parent=3997"}],"wp:term":[{"taxonomy":"category","embeddable":true,"href":"https:\/\/bobea.net\/index.php\/wp-json\/wp\/v2\/categories?post=3997"},{"taxonomy":"post_tag","embeddable":true,"href":"https:\/\/bobea.net\/index.php\/wp-json\/wp\/v2\/tags?post=3997"}],"curies":[{"name":"wp","href":"https:\/\/api.w.org\/{rel}","templated":true}]}}