{"id":3985,"date":"2024-08-07T13:35:38","date_gmt":"2024-08-07T13:35:38","guid":{"rendered":"https:\/\/bobea.net\/?p=3985"},"modified":"2024-08-07T13:35:39","modified_gmt":"2024-08-07T13:35:39","slug":"bobea-metiers-de-femme-les-femmes-du-petit-ecran","status":"publish","type":"post","link":"https:\/\/bobea.net\/index.php\/2024\/08\/07\/bobea-metiers-de-femme-les-femmes-du-petit-ecran\/","title":{"rendered":"Bobea M\u00e9tiers de femme : Les femmes du petit \u00e9cran"},"content":{"rendered":"\n<p>Ani\u00adma\u00adtri\u00adces et jour\u00adnal\u00adistes TV : les enjeux et les m\u00e9tiers<\/p>\n\n\n\n<p>Le monde de la t\u00e9l\u00e9vi\u00adsion a longtemps \u00e9t\u00e9 dom\u00adin\u00e9 par les hommes, mais de plus en plus de femmes s\u2019y font une place de choix, notam\u00adment comme ani\u00adma\u00adtri\u00adces et jour\u00adnal\u00adistes. Ces m\u00e9tiers offrent une grande vis\u00adi\u00adbil\u00adit\u00e9 mais com\u00adpor\u00adtent aus\u00adsi des d\u00e9fis sp\u00e9\u00adci\u00adfiques.<\/p>\n\n\n\n<p>Les enjeux pour les femmes \u00e0 la t\u00e9l\u00e9vi\u00adsion<\/p>\n\n\n\n<ul class=\"wp-block-list\">\n<li><strong>Sur\u00admon\u00adter les st\u00e9r\u00e9o\u00adtypes<\/strong>&nbsp;: Les femmes doivent sou\u00advent lut\u00adter con\u00adtre les pr\u00e9jug\u00e9s li\u00e9s \u00e0 leur apparence ou \u00e0 leur \u00e2ge.<\/li>\n\n\n\n<li><strong>Con\u00adcili\u00ader vie pro\u00adfes\u00adsion\u00adnelle et per\u00adson\u00adnelle<\/strong>&nbsp;: Les horaires irr\u00e9guliers et le stress du direct peu\u00advent com\u00adpli\u00adquer l\u2019\u00e9quili\u00adbre tra\u00advail-famille.<\/li>\n\n\n\n<li><strong>S\u2019im\u00adpos\u00ader dans un milieu encore mas\u00adculin<\/strong>&nbsp;: Bien que la sit\u00adu\u00ada\u00adtion s\u2019am\u00e9liore, les postes \u00e0 respon\u00ads\u00adabil\u00adit\u00e9 restent majori\u00adtaire\u00adment occup\u00e9s par des hommes.<\/li>\n<\/ul>\n\n\n\n<p>Les m\u00e9tiers phares<\/p>\n\n\n\n<ul class=\"wp-block-list\">\n<li><strong>Ani\u00adma\u00adtrice<\/strong>&nbsp;: Elle con\u00e7oit et ani\u00adme des \u00e9mis\u00adsions, g\u00e8re le rythme et l\u2019am\u00adbiance du pro\u00adgramme.<\/li>\n\n\n\n<li><strong>Jour\u00adnal\u00adiste TV<\/strong>&nbsp;: Elle enqu\u00eate, r\u00e9alise des reportages et pr\u00e9sente l\u2019in\u00adfor\u00adma\u00adtion \u00e0 l\u2019an\u00adtenne.<\/li>\n\n\n\n<li><strong>Pr\u00e9sen\u00adta\u00adtrice<\/strong>&nbsp;: Fig\u00adure de proue du jour\u00adnal t\u00e9l\u00e9vis\u00e9, elle incar\u00adne l\u2019im\u00adage de la cha\u00eene.<\/li>\n<\/ul>\n\n\n\n<p>Com\u00adment \u00eatre femme publique et femme au foy\u00ader ?<\/p>\n\n\n\n<p>Con\u00adcili\u00ader une car\u00adri\u00e8re m\u00e9di\u00ada\u00adtique et une vie per\u00adson\u00adnelle \u00e9panouie reste un d\u00e9fi. Voici quelques strat\u00e9\u00adgies adop\u00adt\u00e9es par les pro\u00adfes\u00adsion\u00adnelles :<\/p>\n\n\n\n<ul class=\"wp-block-list\">\n<li>Organ\u00adis\u00ader rigoureuse\u00adment son emploi du temps<\/li>\n\n\n\n<li>S\u2019en\u00adtour\u00ader d\u2019une \u00e9quipe de con\u00adfi\u00adance, tant au tra\u00advail qu\u2019\u00e0 la mai\u00adson<\/li>\n\n\n\n<li>Savoir dire non et fix\u00ader des lim\u00adites claires entre vie pro\u00adfes\u00adsion\u00adnelle et priv\u00e9e<\/li>\n\n\n\n<li>Cul\u00adtiv\u00ader des moments de qual\u00adit\u00e9 avec ses proches<\/li>\n<\/ul>\n\n\n\n<p>Les pio\u00adnni\u00e8res et fig\u00adures embl\u00e9\u00adma\u00adtiques<\/p>\n\n\n\n<p>Eve\u00adlyne Dh\u00e9li\u00adat<\/p>\n\n\n\n<p>Pr\u00e9sen\u00adta\u00adtrice m\u00e9t\u00e9o embl\u00e9\u00adma\u00adtique de TF1 depuis plus de 40 ans, elle a su s\u2019im\u00adpos\u00ader comme une fig\u00adure incon\u00adtourn\u00adable du PAF.<\/p>\n\n\n\n<p>Chris\u00adtine Ock\u00adrent<\/p>\n\n\n\n<p>Pre\u00admi\u00e8re femme \u00e0 pr\u00e9sen\u00adter le jour\u00adnal t\u00e9l\u00e9vis\u00e9 en France en 1981, elle a ouvert la voie \u00e0 de nom\u00adbreuses jour\u00adnal\u00adistes.<\/p>\n\n\n\n<p>Anne-Sophie Lapix<\/p>\n\n\n\n<p>Pr\u00e9sen\u00adta\u00adtrice du 20h de France 2, elle incar\u00adne une nou\u00advelle g\u00e9n\u00e9ra\u00adtion de jour\u00adnal\u00adistes alliant pro\u00adfes\u00adsion\u00adnal\u00adisme et moder\u00adnit\u00e9.<\/p>\n\n\n\n<p>L\u00e9a Salam\u00e9<\/p>\n\n\n\n<p>Inter\u00advieweuse red\u00adoutable, elle s\u2019est impos\u00e9e comme une fig\u00adure incon\u00adtourn\u00adable du d\u00e9bat poli\u00adtique \u00e0 la t\u00e9l\u00e9vi\u00adsion.<\/p>\n\n\n\n<p>Ces femmes, par\u00admi d\u2019autres, ont con\u00adtribu\u00e9 \u00e0 faire \u00e9voluer les men\u00adtal\u00adit\u00e9s et \u00e0 ouvrir la voie \u00e0 une plus grande diver\u00adsit\u00e9 \u00e0 l\u2019\u00e9cran. Elles d\u00e9mon\u00adtrent qu\u2019il est pos\u00adsi\u00adble de men\u00ader une car\u00adri\u00e8re bril\u00adlante tout en pr\u00e9ser\u00advant sa vie per\u00adson\u00adnelle, m\u00eame si cela demande des sac\u00adri\u00adfices et une organ\u00adi\u00adsa\u00adtion sans faille. Le chemin vers l\u2019\u00e9\u00adgal\u00adit\u00e9 dans les m\u00e9dias est encore long, mais ces pio\u00adnni\u00e8res et leurs suc\u00adcesseuses con\u00adtin\u00adu\u00adent de repouss\u00ader les lim\u00adites et d\u2019in\u00adspir\u00ader les g\u00e9n\u00e9ra\u00adtions futures de femmes aspi\u00adrant \u00e0 une car\u00adri\u00e8re \u00e0 la t\u00e9l\u00e9vi\u00adsion.<\/p>\n","protected":false},"excerpt":{"rendered":"<p>Ani\u00adma\u00adtri\u00adces et jour\u00adnal\u00adistes TV : les enjeux et les m\u00e9tiers Le monde de la t\u00e9l\u00e9vi\u00adsion a longtemps \u00e9t\u00e9 dom\u00adin\u00e9 par les hommes, mais de plus en plus de femmes s\u2019y\u2026 <\/p>\n","protected":false},"author":1,"featured_media":3986,"comment_status":"open","ping_status":"open","sticky":false,"template":"","format":"standard","meta":{"wp_typography_post_enhancements_disabled":false,"footnotes":""},"categories":[79,72],"tags":[5397,5401,2670,5408,5399,5393,5403,5402,5394,5405,5396,5395,5400,5407,5411,5409,5398,1776,5406,5410,5404],"class_list":["post-3985","post","type-post","status-publish","format-standard","has-post-thumbnail","hentry","category-a-la-une","category-perspectives","tag-animatrices-tv","tag-anne-sophie-lapix","tag-carriere-mediatique","tag-carriere-tv","tag-christine-ockrent","tag-concilier-vie-professionnelle-et-personnelle","tag-defis-pour-les-femmes-medias","tag-diversite-a-lecran","tag-enjeux-des-femmes-a-la-tele","tag-equilibre-travail-famille","tag-evelyne-dheliat","tag-femmes-a-la-television","tag-femmes-dans-les-medias","tag-femmes-du-petit-ecran","tag-femmes-journalistes","tag-femmes-presentatrices","tag-journalistes-tv","tag-lea-salame","tag-metiers-de-la-television","tag-pionnieres-de-la-television","tag-stereotypes-televisuels"],"yoast_head":"<!-- This site is optimized with the Yoast SEO plugin v24.7 - https:\/\/yoast.com\/wordpress\/plugins\/seo\/ -->\n<title>Bobea M\u00e9tiers de femme : Les femmes du petit \u00e9cran - Bobea<\/title>\n<meta name=\"description\" content=\"Le monde de la t\u00e9l\u00e9vision a longtemps \u00e9t\u00e9 domin\u00e9 par les hommes, mais de plus en plus de femmes s&#039;y font une place de choix\" \/>\n<meta name=\"robots\" content=\"index, follow, max-snippet:-1, max-image-preview:large, max-video-preview:-1\" \/>\n<link rel=\"canonical\" href=\"https:\/\/bobea.net\/index.php\/2024\/08\/07\/bobea-metiers-de-femme-les-femmes-du-petit-ecran\/\" \/>\n<meta property=\"og:locale\" content=\"fr_FR\" \/>\n<meta property=\"og:type\" content=\"article\" \/>\n<meta property=\"og:title\" content=\"Bobea M\u00e9tiers de femme : Les femmes du petit \u00e9cran - Bobea\" \/>\n<meta property=\"og:description\" content=\"Le monde de la t\u00e9l\u00e9vision a longtemps \u00e9t\u00e9 domin\u00e9 par les hommes, mais de plus en plus de femmes s&#039;y font une place de choix\" \/>\n<meta property=\"og:url\" content=\"https:\/\/bobea.net\/index.php\/2024\/08\/07\/bobea-metiers-de-femme-les-femmes-du-petit-ecran\/\" \/>\n<meta property=\"og:site_name\" content=\"Bobea\" \/>\n<meta property=\"article:publisher\" content=\"https:\/\/web.facebook.com\/profile.php?id=61559252188416\" \/>\n<meta property=\"article:published_time\" content=\"2024-08-07T13:35:38+00:00\" \/>\n<meta property=\"article:modified_time\" content=\"2024-08-07T13:35:39+00:00\" \/>\n<meta property=\"og:image\" content=\"https:\/\/bobea.net\/wp-content\/uploads\/2024\/08\/R.png\" \/>\n\t<meta property=\"og:image:width\" content=\"640\" \/>\n\t<meta property=\"og:image:height\" content=\"427\" \/>\n\t<meta property=\"og:image:type\" content=\"image\/png\" \/>\n<meta name=\"author\" content=\"bobea.info\" \/>\n<meta name=\"twitter:card\" content=\"summary_large_image\" \/>\n<meta name=\"twitter:label1\" content=\"\u00c9crit par\" \/>\n\t<meta name=\"twitter:data1\" content=\"bobea.info\" \/>\n\t<meta name=\"twitter:label2\" content=\"Dur\u00e9e de lecture estim\u00e9e\" \/>\n\t<meta name=\"twitter:data2\" content=\"3 minutes\" \/>\n<script type=\"application\/ld+json\" class=\"yoast-schema-graph\">{\"@context\":\"https:\/\/schema.org\",\"@graph\":[{\"@type\":\"Article\",\"@id\":\"https:\/\/bobea.net\/index.php\/2024\/08\/07\/bobea-metiers-de-femme-les-femmes-du-petit-ecran\/#article\",\"isPartOf\":{\"@id\":\"https:\/\/bobea.net\/index.php\/2024\/08\/07\/bobea-metiers-de-femme-les-femmes-du-petit-ecran\/\"},\"author\":{\"name\":\"bobea.info\",\"@id\":\"https:\/\/bobea.net\/#\/schema\/person\/e7f45ef187918d7c956bf619dce90ccf\"},\"headline\":\"Bobea M\u00e9tiers de femme : Les femmes du petit \u00e9cran\",\"datePublished\":\"2024-08-07T13:35:38+00:00\",\"dateModified\":\"2024-08-07T13:35:39+00:00\",\"mainEntityOfPage\":{\"@id\":\"https:\/\/bobea.net\/index.php\/2024\/08\/07\/bobea-metiers-de-femme-les-femmes-du-petit-ecran\/\"},\"wordCount\":472,\"commentCount\":0,\"publisher\":{\"@id\":\"https:\/\/bobea.net\/#organization\"},\"image\":{\"@id\":\"https:\/\/bobea.net\/index.php\/2024\/08\/07\/bobea-metiers-de-femme-les-femmes-du-petit-ecran\/#primaryimage\"},\"thumbnailUrl\":\"https:\/\/bobea.net\/wp-content\/uploads\/2024\/08\/R.png\",\"keywords\":[\"animatrices TV\",\"Anne-Sophie Lapix\",\"carri\u00e8re m\u00e9diatique.\",\"carri\u00e8re TV\",\"Christine Ockrent\",\"concilier vie professionnelle et personnelle\",\"d\u00e9fis pour les femmes m\u00e9dias\",\"diversit\u00e9 \u00e0 l'\u00e9cran\",\"enjeux des femmes \u00e0 la t\u00e9l\u00e9\",\"\u00e9quilibre travail-famille\",\"Evelyne Dh\u00e9liat\",\"femmes \u00e0 la t\u00e9l\u00e9vision\",\"femmes dans les m\u00e9dias\",\"femmes du petit \u00e9cran\",\"femmes journalistes\",\"femmes pr\u00e9sentatrices\",\"journalistes TV\",\"L\u00e9a Salam\u00e9\",\"m\u00e9tiers de la t\u00e9l\u00e9vision\",\"pionni\u00e8res de la t\u00e9l\u00e9vision\",\"st\u00e9r\u00e9otypes t\u00e9l\u00e9visuels\"],\"articleSection\":[\"A la Une\",\"Perspectives\"],\"inLanguage\":\"fr-FR\",\"potentialAction\":[{\"@type\":\"CommentAction\",\"name\":\"Comment\",\"target\":[\"https:\/\/bobea.net\/index.php\/2024\/08\/07\/bobea-metiers-de-femme-les-femmes-du-petit-ecran\/#respond\"]}]},{\"@type\":\"WebPage\",\"@id\":\"https:\/\/bobea.net\/index.php\/2024\/08\/07\/bobea-metiers-de-femme-les-femmes-du-petit-ecran\/\",\"url\":\"https:\/\/bobea.net\/index.php\/2024\/08\/07\/bobea-metiers-de-femme-les-femmes-du-petit-ecran\/\",\"name\":\"Bobea M\u00e9tiers de femme : Les femmes du petit \u00e9cran - Bobea\",\"isPartOf\":{\"@id\":\"https:\/\/bobea.net\/#website\"},\"primaryImageOfPage\":{\"@id\":\"https:\/\/bobea.net\/index.php\/2024\/08\/07\/bobea-metiers-de-femme-les-femmes-du-petit-ecran\/#primaryimage\"},\"image\":{\"@id\":\"https:\/\/bobea.net\/index.php\/2024\/08\/07\/bobea-metiers-de-femme-les-femmes-du-petit-ecran\/#primaryimage\"},\"thumbnailUrl\":\"https:\/\/bobea.net\/wp-content\/uploads\/2024\/08\/R.png\",\"datePublished\":\"2024-08-07T13:35:38+00:00\",\"dateModified\":\"2024-08-07T13:35:39+00:00\",\"description\":\"Le monde de la t\u00e9l\u00e9vision a longtemps \u00e9t\u00e9 domin\u00e9 par les hommes, mais de plus en plus de femmes s'y font une place de choix\",\"breadcrumb\":{\"@id\":\"https:\/\/bobea.net\/index.php\/2024\/08\/07\/bobea-metiers-de-femme-les-femmes-du-petit-ecran\/#breadcrumb\"},\"inLanguage\":\"fr-FR\",\"potentialAction\":[{\"@type\":\"ReadAction\",\"target\":[\"https:\/\/bobea.net\/index.php\/2024\/08\/07\/bobea-metiers-de-femme-les-femmes-du-petit-ecran\/\"]}]},{\"@type\":\"ImageObject\",\"inLanguage\":\"fr-FR\",\"@id\":\"https:\/\/bobea.net\/index.php\/2024\/08\/07\/bobea-metiers-de-femme-les-femmes-du-petit-ecran\/#primaryimage\",\"url\":\"https:\/\/bobea.net\/wp-content\/uploads\/2024\/08\/R.png\",\"contentUrl\":\"https:\/\/bobea.net\/wp-content\/uploads\/2024\/08\/R.png\",\"width\":640,\"height\":427,\"caption\":\"Bobea M\u00e9tiers de femme : Les femmes du petit \u00e9cran\"},{\"@type\":\"BreadcrumbList\",\"@id\":\"https:\/\/bobea.net\/index.php\/2024\/08\/07\/bobea-metiers-de-femme-les-femmes-du-petit-ecran\/#breadcrumb\",\"itemListElement\":[{\"@type\":\"ListItem\",\"position\":1,\"name\":\"Accueil\",\"item\":\"https:\/\/bobea.net\/\"},{\"@type\":\"ListItem\",\"position\":2,\"name\":\"Bobea M\u00e9tiers de femme : Les femmes du petit \u00e9cran\"}]},{\"@type\":\"WebSite\",\"@id\":\"https:\/\/bobea.net\/#website\",\"url\":\"https:\/\/bobea.net\/\",\"name\":\"Bobea\",\"description\":\"Le magazine de la nouvelle \u00c8ve\",\"publisher\":{\"@id\":\"https:\/\/bobea.net\/#organization\"},\"potentialAction\":[{\"@type\":\"SearchAction\",\"target\":{\"@type\":\"EntryPoint\",\"urlTemplate\":\"https:\/\/bobea.net\/?s={search_term_string}\"},\"query-input\":{\"@type\":\"PropertyValueSpecification\",\"valueRequired\":true,\"valueName\":\"search_term_string\"}}],\"inLanguage\":\"fr-FR\"},{\"@type\":\"Organization\",\"@id\":\"https:\/\/bobea.net\/#organization\",\"name\":\"Bobea\",\"url\":\"https:\/\/bobea.net\/\",\"logo\":{\"@type\":\"ImageObject\",\"inLanguage\":\"fr-FR\",\"@id\":\"https:\/\/bobea.net\/#\/schema\/logo\/image\/\",\"url\":\"https:\/\/bobea.net\/wp-content\/uploads\/2024\/06\/bobea.jpg\",\"contentUrl\":\"https:\/\/bobea.net\/wp-content\/uploads\/2024\/06\/bobea.jpg\",\"width\":1080,\"height\":1080,\"caption\":\"Bobea\"},\"image\":{\"@id\":\"https:\/\/bobea.net\/#\/schema\/logo\/image\/\"},\"sameAs\":[\"https:\/\/web.facebook.com\/profile.php?id=61559252188416\"]},{\"@type\":\"Person\",\"@id\":\"https:\/\/bobea.net\/#\/schema\/person\/e7f45ef187918d7c956bf619dce90ccf\",\"name\":\"bobea.info\",\"image\":{\"@type\":\"ImageObject\",\"inLanguage\":\"fr-FR\",\"@id\":\"https:\/\/bobea.net\/#\/schema\/person\/image\/\",\"url\":\"https:\/\/secure.gravatar.com\/avatar\/36147980349df887ae30808df3e29474?s=96&d=mm&r=g\",\"contentUrl\":\"https:\/\/secure.gravatar.com\/avatar\/36147980349df887ae30808df3e29474?s=96&d=mm&r=g\",\"caption\":\"bobea.info\"},\"sameAs\":[\"https:\/\/bobea.net\"],\"url\":\"https:\/\/bobea.net\/index.php\/author\/bobea-info\/\"}]}<\/script>\n<!-- \/ Yoast SEO plugin. -->","yoast_head_json":{"title":"Bobea M\u00e9tiers de femme : Les femmes du petit \u00e9cran - Bobea","description":"Le monde de la t\u00e9l\u00e9vision a longtemps \u00e9t\u00e9 domin\u00e9 par les hommes, mais de plus en plus de femmes s'y font une place de choix","robots":{"index":"index","follow":"follow","max-snippet":"max-snippet:-1","max-image-preview":"max-image-preview:large","max-video-preview":"max-video-preview:-1"},"canonical":"https:\/\/bobea.net\/index.php\/2024\/08\/07\/bobea-metiers-de-femme-les-femmes-du-petit-ecran\/","og_locale":"fr_FR","og_type":"article","og_title":"Bobea M\u00e9tiers de femme : Les femmes du petit \u00e9cran - Bobea","og_description":"Le monde de la t\u00e9l\u00e9vision a longtemps \u00e9t\u00e9 domin\u00e9 par les hommes, mais de plus en plus de femmes s'y font une place de choix","og_url":"https:\/\/bobea.net\/index.php\/2024\/08\/07\/bobea-metiers-de-femme-les-femmes-du-petit-ecran\/","og_site_name":"Bobea","article_publisher":"https:\/\/web.facebook.com\/profile.php?id=61559252188416","article_published_time":"2024-08-07T13:35:38+00:00","article_modified_time":"2024-08-07T13:35:39+00:00","og_image":[{"width":640,"height":427,"url":"https:\/\/bobea.net\/wp-content\/uploads\/2024\/08\/R.png","type":"image\/png"}],"author":"bobea.info","twitter_card":"summary_large_image","twitter_misc":{"\u00c9crit par":"bobea.info","Dur\u00e9e de lecture estim\u00e9e":"3 minutes"},"schema":{"@context":"https:\/\/schema.org","@graph":[{"@type":"Article","@id":"https:\/\/bobea.net\/index.php\/2024\/08\/07\/bobea-metiers-de-femme-les-femmes-du-petit-ecran\/#article","isPartOf":{"@id":"https:\/\/bobea.net\/index.php\/2024\/08\/07\/bobea-metiers-de-femme-les-femmes-du-petit-ecran\/"},"author":{"name":"bobea.info","@id":"https:\/\/bobea.net\/#\/schema\/person\/e7f45ef187918d7c956bf619dce90ccf"},"headline":"Bobea M\u00e9tiers de femme : Les femmes du petit \u00e9cran","datePublished":"2024-08-07T13:35:38+00:00","dateModified":"2024-08-07T13:35:39+00:00","mainEntityOfPage":{"@id":"https:\/\/bobea.net\/index.php\/2024\/08\/07\/bobea-metiers-de-femme-les-femmes-du-petit-ecran\/"},"wordCount":472,"commentCount":0,"publisher":{"@id":"https:\/\/bobea.net\/#organization"},"image":{"@id":"https:\/\/bobea.net\/index.php\/2024\/08\/07\/bobea-metiers-de-femme-les-femmes-du-petit-ecran\/#primaryimage"},"thumbnailUrl":"https:\/\/bobea.net\/wp-content\/uploads\/2024\/08\/R.png","keywords":["animatrices TV","Anne-Sophie Lapix","carri\u00e8re m\u00e9diatique.","carri\u00e8re TV","Christine Ockrent","concilier vie professionnelle et personnelle","d\u00e9fis pour les femmes m\u00e9dias","diversit\u00e9 \u00e0 l'\u00e9cran","enjeux des femmes \u00e0 la t\u00e9l\u00e9","\u00e9quilibre travail-famille","Evelyne Dh\u00e9liat","femmes \u00e0 la t\u00e9l\u00e9vision","femmes dans les m\u00e9dias","femmes du petit \u00e9cran","femmes journalistes","femmes pr\u00e9sentatrices","journalistes TV","L\u00e9a Salam\u00e9","m\u00e9tiers de la t\u00e9l\u00e9vision","pionni\u00e8res de la t\u00e9l\u00e9vision","st\u00e9r\u00e9otypes t\u00e9l\u00e9visuels"],"articleSection":["A la Une","Perspectives"],"inLanguage":"fr-FR","potentialAction":[{"@type":"CommentAction","name":"Comment","target":["https:\/\/bobea.net\/index.php\/2024\/08\/07\/bobea-metiers-de-femme-les-femmes-du-petit-ecran\/#respond"]}]},{"@type":"WebPage","@id":"https:\/\/bobea.net\/index.php\/2024\/08\/07\/bobea-metiers-de-femme-les-femmes-du-petit-ecran\/","url":"https:\/\/bobea.net\/index.php\/2024\/08\/07\/bobea-metiers-de-femme-les-femmes-du-petit-ecran\/","name":"Bobea M\u00e9tiers de femme : Les femmes du petit \u00e9cran - Bobea","isPartOf":{"@id":"https:\/\/bobea.net\/#website"},"primaryImageOfPage":{"@id":"https:\/\/bobea.net\/index.php\/2024\/08\/07\/bobea-metiers-de-femme-les-femmes-du-petit-ecran\/#primaryimage"},"image":{"@id":"https:\/\/bobea.net\/index.php\/2024\/08\/07\/bobea-metiers-de-femme-les-femmes-du-petit-ecran\/#primaryimage"},"thumbnailUrl":"https:\/\/bobea.net\/wp-content\/uploads\/2024\/08\/R.png","datePublished":"2024-08-07T13:35:38+00:00","dateModified":"2024-08-07T13:35:39+00:00","description":"Le monde de la t\u00e9l\u00e9vision a longtemps \u00e9t\u00e9 domin\u00e9 par les hommes, mais de plus en plus de femmes s'y font une place de choix","breadcrumb":{"@id":"https:\/\/bobea.net\/index.php\/2024\/08\/07\/bobea-metiers-de-femme-les-femmes-du-petit-ecran\/#breadcrumb"},"inLanguage":"fr-FR","potentialAction":[{"@type":"ReadAction","target":["https:\/\/bobea.net\/index.php\/2024\/08\/07\/bobea-metiers-de-femme-les-femmes-du-petit-ecran\/"]}]},{"@type":"ImageObject","inLanguage":"fr-FR","@id":"https:\/\/bobea.net\/index.php\/2024\/08\/07\/bobea-metiers-de-femme-les-femmes-du-petit-ecran\/#primaryimage","url":"https:\/\/bobea.net\/wp-content\/uploads\/2024\/08\/R.png","contentUrl":"https:\/\/bobea.net\/wp-content\/uploads\/2024\/08\/R.png","width":640,"height":427,"caption":"Bobea M\u00e9tiers de femme : Les femmes du petit \u00e9cran"},{"@type":"BreadcrumbList","@id":"https:\/\/bobea.net\/index.php\/2024\/08\/07\/bobea-metiers-de-femme-les-femmes-du-petit-ecran\/#breadcrumb","itemListElement":[{"@type":"ListItem","position":1,"name":"Accueil","item":"https:\/\/bobea.net\/"},{"@type":"ListItem","position":2,"name":"Bobea M\u00e9tiers de femme : Les femmes du petit \u00e9cran"}]},{"@type":"WebSite","@id":"https:\/\/bobea.net\/#website","url":"https:\/\/bobea.net\/","name":"Bobea","description":"Le magazine de la nouvelle \u00c8ve","publisher":{"@id":"https:\/\/bobea.net\/#organization"},"potentialAction":[{"@type":"SearchAction","target":{"@type":"EntryPoint","urlTemplate":"https:\/\/bobea.net\/?s={search_term_string}"},"query-input":{"@type":"PropertyValueSpecification","valueRequired":true,"valueName":"search_term_string"}}],"inLanguage":"fr-FR"},{"@type":"Organization","@id":"https:\/\/bobea.net\/#organization","name":"Bobea","url":"https:\/\/bobea.net\/","logo":{"@type":"ImageObject","inLanguage":"fr-FR","@id":"https:\/\/bobea.net\/#\/schema\/logo\/image\/","url":"https:\/\/bobea.net\/wp-content\/uploads\/2024\/06\/bobea.jpg","contentUrl":"https:\/\/bobea.net\/wp-content\/uploads\/2024\/06\/bobea.jpg","width":1080,"height":1080,"caption":"Bobea"},"image":{"@id":"https:\/\/bobea.net\/#\/schema\/logo\/image\/"},"sameAs":["https:\/\/web.facebook.com\/profile.php?id=61559252188416"]},{"@type":"Person","@id":"https:\/\/bobea.net\/#\/schema\/person\/e7f45ef187918d7c956bf619dce90ccf","name":"bobea.info","image":{"@type":"ImageObject","inLanguage":"fr-FR","@id":"https:\/\/bobea.net\/#\/schema\/person\/image\/","url":"https:\/\/secure.gravatar.com\/avatar\/36147980349df887ae30808df3e29474?s=96&d=mm&r=g","contentUrl":"https:\/\/secure.gravatar.com\/avatar\/36147980349df887ae30808df3e29474?s=96&d=mm&r=g","caption":"bobea.info"},"sameAs":["https:\/\/bobea.net"],"url":"https:\/\/bobea.net\/index.php\/author\/bobea-info\/"}]}},"_links":{"self":[{"href":"https:\/\/bobea.net\/index.php\/wp-json\/wp\/v2\/posts\/3985"}],"collection":[{"href":"https:\/\/bobea.net\/index.php\/wp-json\/wp\/v2\/posts"}],"about":[{"href":"https:\/\/bobea.net\/index.php\/wp-json\/wp\/v2\/types\/post"}],"author":[{"embeddable":true,"href":"https:\/\/bobea.net\/index.php\/wp-json\/wp\/v2\/users\/1"}],"replies":[{"embeddable":true,"href":"https:\/\/bobea.net\/index.php\/wp-json\/wp\/v2\/comments?post=3985"}],"version-history":[{"count":0,"href":"https:\/\/bobea.net\/index.php\/wp-json\/wp\/v2\/posts\/3985\/revisions"}],"wp:featuredmedia":[{"embeddable":true,"href":"https:\/\/bobea.net\/index.php\/wp-json\/wp\/v2\/media\/3986"}],"wp:attachment":[{"href":"https:\/\/bobea.net\/index.php\/wp-json\/wp\/v2\/media?parent=3985"}],"wp:term":[{"taxonomy":"category","embeddable":true,"href":"https:\/\/bobea.net\/index.php\/wp-json\/wp\/v2\/categories?post=3985"},{"taxonomy":"post_tag","embeddable":true,"href":"https:\/\/bobea.net\/index.php\/wp-json\/wp\/v2\/tags?post=3985"}],"curies":[{"name":"wp","href":"https:\/\/api.w.org\/{rel}","templated":true}]}}