{"id":3958,"date":"2024-08-07T12:57:41","date_gmt":"2024-08-07T12:57:41","guid":{"rendered":"https:\/\/bobea.net\/?p=3958"},"modified":"2024-08-07T12:57:59","modified_gmt":"2024-08-07T12:57:59","slug":"bobea-societe-claude-lastennet-le-tueur-de-vieilles-dames-est-decede","status":"publish","type":"post","link":"https:\/\/bobea.net\/index.php\/2024\/08\/07\/bobea-societe-claude-lastennet-le-tueur-de-vieilles-dames-est-decede\/","title":{"rendered":"Bobea Soci\u00e9t\u00e9 : Claude Lastennet, \u201cle tueur de vieilles dames\u201d est d\u00e9c\u00e9d\u00e9"},"content":{"rendered":"\n<p>Une triste his\u00adtoire de crime et de psy\u00adchose<\/p>\n\n\n\n<p>Claude Las\u00adten\u00adnet, tris\u00adte\u00adment surnom\u00adm\u00e9 \u201cle tueur de vieilles dames\u201d, est d\u00e9c\u00e9d\u00e9 le 19 d\u00e9cem\u00adbre 2023 \u00e0 Poitiers. Cet homme, dont le nom est asso\u00adci\u00e9 \u00e0 une s\u00e9rie de meurtres macabres, a lais\u00ads\u00e9 une empreinte ind\u00e9l\u00e9\u00adbile dans l\u2019his\u00adtoire crim\u00adinelle fran\u00e7aise.<\/p>\n\n\n\n<p>Une jeunesse trou\u00adbl\u00e9e<\/p>\n\n\n\n<p>N\u00e9 le 19 jan\u00advi\u00ader 1971 \u00e0 Brest, Claude Las\u00adten\u00adnet a gran\u00addi dans un envi\u00adron\u00adnement dif\u00adfi\u00adcile. Sa jeunesse est mar\u00adqu\u00e9e par des trou\u00adbles psy\u00adchologiques et des com\u00adporte\u00adments anti\u00adso\u00adci\u00adaux. \u00c0 l\u2019\u00e2ge de 23 ans, il bas\u00adcule dans une spi\u00adrale de vio\u00adlence et de crime.<\/p>\n\n\n\n<p>La car\u00adri\u00e8re crim\u00adinelle<\/p>\n\n\n\n<p>Entre ao\u00fbt 1993 et jan\u00advi\u00ader 1994, Claude Las\u00adten\u00adnet com\u00admet une s\u00e9rie de meurtres qui ter\u00adrorisent la r\u00e9gion parisi\u00adenne. Ses vic\u00adtimes sont toutes des femmes \u00e2g\u00e9es, vivant seules, qu\u2019il \u00e9tran\u00adgle avant de les d\u00e9pouiller. Par\u00admi ses vic\u00adtimes, on compte :<\/p>\n\n\n\n<ul class=\"wp-block-list\">\n<li><strong>Mar\u00adcelle Cav\u00adili\u00ader<\/strong>, 87 ans, tu\u00e9e le 24 ao\u00fbt 1993<\/li>\n\n\n\n<li><strong>Antoinette Bonin<\/strong>, 76 ans, tu\u00e9e le 15 novem\u00adbre 1993<\/li>\n\n\n\n<li><strong>Ray\u00admonde Dolisy<\/strong>, 72 ans, tu\u00e9e le 16 novem\u00adbre 1993<\/li>\n\n\n\n<li><strong>Augus\u00adtine Roy\u00ader<\/strong>, 91 ans, tu\u00e9e le 18 d\u00e9cem\u00adbre 1993<\/li>\n\n\n\n<li><strong>Vio\u00adlette de Fer\u00adluc<\/strong>, 92 ans, tu\u00e9e le 8 jan\u00advi\u00ader 1994<\/li>\n<\/ul>\n\n\n\n<p>Le tour\u00adnant et l\u2019ar\u00adresta\u00adtion<\/p>\n\n\n\n<p>Le 12 jan\u00advi\u00ader 1994, Claude Las\u00adten\u00adnet est arr\u00eat\u00e9 \u00e0 son domi\u00adcile. Lors de son arresta\u00adtion, il avoue imm\u00e9\u00addi\u00adate\u00adment ses crimes, affir\u00admant \u00eatre pos\u00ads\u00e9d\u00e9 par une \u201cdeux\u00adi\u00e8me per\u00adson\u00adne\u201d mal\u00e9\u00adfique en lui. Son arresta\u00adtion met fin \u00e0 une p\u00e9ri\u00adode de ter\u00adreur pour les r\u00e9si\u00addents de la r\u00e9gion.<\/p>\n\n\n\n<p>Un m\u00e9lodiste effi\u00adcace<\/p>\n\n\n\n<p>Claude Las\u00adten\u00adnet est con\u00addamn\u00e9 \u00e0 la r\u00e9clu\u00adsion crim\u00adinelle \u00e0 per\u00adp\u00e9\u00adtu\u00adit\u00e9 sans pos\u00adsi\u00adbil\u00adit\u00e9 de lib\u00e9ra\u00adtion con\u00addi\u00adtion\u00adnelle avant 18 ans. Mal\u00adgr\u00e9 ses aveux, l\u2019en\u00adqu\u00eate r\u00e9v\u00e8le une per\u00adson\u00adnal\u00adit\u00e9 com\u00adplexe, mar\u00adqu\u00e9e par des trou\u00adbles psy\u00adchologiques pro\u00adfonds.<\/p>\n\n\n\n<p>Une star tr\u00e8s dis\u00adcr\u00e8te et tr\u00e8s tal\u00adentueuse<\/p>\n\n\n\n<p>Apr\u00e8s sa con\u00addamna\u00adtion, Claude Las\u00adten\u00adnet dis\u00adpara\u00eet des radars m\u00e9di\u00ada\u00adtiques. Il passe le reste de sa vie en prison, o\u00f9 il est suivi par des psy\u00adchi\u00ada\u00adtres. Sa mort en d\u00e9cem\u00adbre 2023 cl\u00f4t un chapitre som\u00adbre de l\u2019his\u00adtoire crim\u00adinelle fran\u00e7aise.<\/p>\n\n\n\n<p>Apr\u00e8s sa mort : sa m\u00e9moire inou\u00adbli\u00adable<\/p>\n\n\n\n<p>Bien que Claude Las\u00adten\u00adnet soit d\u00e9c\u00e9d\u00e9, son nom reste asso\u00adci\u00e9 \u00e0 une s\u00e9rie de crimes qui ont mar\u00adqu\u00e9 les esprits. Ses actes ont sus\u00adcit\u00e9 une r\u00e9flex\u00adion sur les trou\u00adbles psy\u00adchologiques et leur lien avec la crim\u00adi\u00adnal\u00adit\u00e9. Son his\u00adtoire con\u00adtin\u00adue d\u2019\u00eatre \u00e9tudi\u00e9e par les crim\u00adi\u00adno\u00adlogues et les psy\u00adchi\u00ada\u00adtres pour mieux com\u00adpren\u00addre les m\u00e9can\u00adismes de la vio\u00adlence extr\u00eame. La m\u00e9moire de Claude Las\u00adten\u00adnet, bien que som\u00adbre, rap\u00adpelle l\u2019im\u00adpor\u00adtance de la vig\u00adi\u00adlance et du sou\u00adtien psy\u00adchologique pour pr\u00e9venir de tels actes. Son par\u00adcours trag\u00adique est un rap\u00adpel des con\u00ads\u00e9quences d\u00e9vas\u00adta\u00adtri\u00adces de la vio\u00adlence et de la psy\u00adchose non trait\u00e9e.<\/p>\n","protected":false},"excerpt":{"rendered":"<p>Une triste his\u00adtoire de crime et de psy\u00adchose Claude Las\u00adten\u00adnet, tris\u00adte\u00adment surnom\u00adm\u00e9 \u201cle tueur de vieilles dames\u201d, est d\u00e9c\u00e9d\u00e9 le 19 d\u00e9cem\u00adbre 2023 \u00e0 Poitiers. Cet homme, dont le nom\u2026 <\/p>\n","protected":false},"author":1,"featured_media":3959,"comment_status":"open","ping_status":"open","sticky":false,"template":"","format":"standard","meta":{"wp_typography_post_enhancements_disabled":false,"footnotes":""},"categories":[79],"tags":[2407,5262,5266,5263,5276,5269,5265,5267,5275,5264,5272,5271,5270,5274,5268,1261,5273],"class_list":["post-3958","post","type-post","status-publish","format-standard","has-post-thumbnail","hentry","category-a-la-une","tag-arrestation","tag-claude-lastennet","tag-crime","tag-deces","tag-etude-criminologique","tag-histoire-criminelle-francaise","tag-meurtres-macabres","tag-poitiers","tag-prevention-psychologique","tag-psychose","tag-reclusion-criminelle","tag-region-parisienne","tag-troubles-psychologiques","tag-troubles-psychologiques-et-criminalite","tag-tueur-de-vieilles-dames","tag-violence","tag-violence-extreme"],"yoast_head":"<!-- This site is optimized with the Yoast SEO plugin v24.7 - https:\/\/yoast.com\/wordpress\/plugins\/seo\/ -->\n<title>Bobea Soci\u00e9t\u00e9 : Claude Lastennet, &quot;le tueur de vieilles dames&quot; est d\u00e9c\u00e9d\u00e9 - Bobea<\/title>\n<meta name=\"description\" content=\"Claude Lastennet, tristement surnomm\u00e9 &quot;le tueur de vieilles dames&quot;, est d\u00e9c\u00e9d\u00e9 le 19 d\u00e9cembre 2023 \u00e0 Poitiers. Cet homme\" \/>\n<meta name=\"robots\" content=\"index, follow, max-snippet:-1, max-image-preview:large, max-video-preview:-1\" \/>\n<link rel=\"canonical\" href=\"https:\/\/bobea.net\/index.php\/2024\/08\/07\/bobea-societe-claude-lastennet-le-tueur-de-vieilles-dames-est-decede\/\" \/>\n<meta property=\"og:locale\" content=\"fr_FR\" \/>\n<meta property=\"og:type\" content=\"article\" \/>\n<meta property=\"og:title\" content=\"Bobea Soci\u00e9t\u00e9 : Claude Lastennet, &quot;le tueur de vieilles dames&quot; est d\u00e9c\u00e9d\u00e9 - Bobea\" \/>\n<meta property=\"og:description\" content=\"Claude Lastennet, tristement surnomm\u00e9 &quot;le tueur de vieilles dames&quot;, est d\u00e9c\u00e9d\u00e9 le 19 d\u00e9cembre 2023 \u00e0 Poitiers. Cet homme\" \/>\n<meta property=\"og:url\" content=\"https:\/\/bobea.net\/index.php\/2024\/08\/07\/bobea-societe-claude-lastennet-le-tueur-de-vieilles-dames-est-decede\/\" \/>\n<meta property=\"og:site_name\" content=\"Bobea\" \/>\n<meta property=\"article:publisher\" content=\"https:\/\/web.facebook.com\/profile.php?id=61559252188416\" \/>\n<meta property=\"article:published_time\" content=\"2024-08-07T12:57:41+00:00\" \/>\n<meta property=\"article:modified_time\" content=\"2024-08-07T12:57:59+00:00\" \/>\n<meta property=\"og:image\" content=\"https:\/\/bobea.net\/wp-content\/uploads\/2024\/08\/R-3-1.jpeg\" \/>\n\t<meta property=\"og:image:width\" content=\"2560\" \/>\n\t<meta property=\"og:image:height\" content=\"1280\" \/>\n\t<meta property=\"og:image:type\" content=\"image\/jpeg\" \/>\n<meta name=\"author\" content=\"bobea.info\" \/>\n<meta name=\"twitter:card\" content=\"summary_large_image\" \/>\n<meta name=\"twitter:label1\" content=\"\u00c9crit par\" \/>\n\t<meta name=\"twitter:data1\" content=\"bobea.info\" \/>\n\t<meta name=\"twitter:label2\" content=\"Dur\u00e9e de lecture estim\u00e9e\" \/>\n\t<meta name=\"twitter:data2\" content=\"3 minutes\" \/>\n<script type=\"application\/ld+json\" class=\"yoast-schema-graph\">{\"@context\":\"https:\/\/schema.org\",\"@graph\":[{\"@type\":\"Article\",\"@id\":\"https:\/\/bobea.net\/index.php\/2024\/08\/07\/bobea-societe-claude-lastennet-le-tueur-de-vieilles-dames-est-decede\/#article\",\"isPartOf\":{\"@id\":\"https:\/\/bobea.net\/index.php\/2024\/08\/07\/bobea-societe-claude-lastennet-le-tueur-de-vieilles-dames-est-decede\/\"},\"author\":{\"name\":\"bobea.info\",\"@id\":\"https:\/\/bobea.net\/#\/schema\/person\/e7f45ef187918d7c956bf619dce90ccf\"},\"headline\":\"Bobea Soci\u00e9t\u00e9 : Claude Lastennet, \u201cle tueur de vieilles dames\u201d est d\u00e9c\u00e9d\u00e9\",\"datePublished\":\"2024-08-07T12:57:41+00:00\",\"dateModified\":\"2024-08-07T12:57:59+00:00\",\"mainEntityOfPage\":{\"@id\":\"https:\/\/bobea.net\/index.php\/2024\/08\/07\/bobea-societe-claude-lastennet-le-tueur-de-vieilles-dames-est-decede\/\"},\"wordCount\":458,\"commentCount\":0,\"publisher\":{\"@id\":\"https:\/\/bobea.net\/#organization\"},\"image\":{\"@id\":\"https:\/\/bobea.net\/index.php\/2024\/08\/07\/bobea-societe-claude-lastennet-le-tueur-de-vieilles-dames-est-decede\/#primaryimage\"},\"thumbnailUrl\":\"https:\/\/bobea.net\/wp-content\/uploads\/2024\/08\/R-3-1.jpeg\",\"keywords\":[\"arrestation\",\"Claude Lastennet\",\"crime\",\"d\u00e9c\u00e8s\",\"\u00e9tude criminologique\",\"histoire criminelle fran\u00e7aise\",\"meurtres macabres\",\"Poitiers\",\"pr\u00e9vention psychologique\",\"psychose\",\"r\u00e9clusion criminelle\",\"r\u00e9gion parisienne\",\"troubles psychologiques\",\"troubles psychologiques et criminalit\u00e9\",\"tueur de vieilles dames\",\"violence\",\"violence extr\u00eame\"],\"articleSection\":[\"A la Une\"],\"inLanguage\":\"fr-FR\",\"potentialAction\":[{\"@type\":\"CommentAction\",\"name\":\"Comment\",\"target\":[\"https:\/\/bobea.net\/index.php\/2024\/08\/07\/bobea-societe-claude-lastennet-le-tueur-de-vieilles-dames-est-decede\/#respond\"]}]},{\"@type\":\"WebPage\",\"@id\":\"https:\/\/bobea.net\/index.php\/2024\/08\/07\/bobea-societe-claude-lastennet-le-tueur-de-vieilles-dames-est-decede\/\",\"url\":\"https:\/\/bobea.net\/index.php\/2024\/08\/07\/bobea-societe-claude-lastennet-le-tueur-de-vieilles-dames-est-decede\/\",\"name\":\"Bobea Soci\u00e9t\u00e9 : Claude Lastennet, \\\"le tueur de vieilles dames\\\" est d\u00e9c\u00e9d\u00e9 - Bobea\",\"isPartOf\":{\"@id\":\"https:\/\/bobea.net\/#website\"},\"primaryImageOfPage\":{\"@id\":\"https:\/\/bobea.net\/index.php\/2024\/08\/07\/bobea-societe-claude-lastennet-le-tueur-de-vieilles-dames-est-decede\/#primaryimage\"},\"image\":{\"@id\":\"https:\/\/bobea.net\/index.php\/2024\/08\/07\/bobea-societe-claude-lastennet-le-tueur-de-vieilles-dames-est-decede\/#primaryimage\"},\"thumbnailUrl\":\"https:\/\/bobea.net\/wp-content\/uploads\/2024\/08\/R-3-1.jpeg\",\"datePublished\":\"2024-08-07T12:57:41+00:00\",\"dateModified\":\"2024-08-07T12:57:59+00:00\",\"description\":\"Claude Lastennet, tristement surnomm\u00e9 \\\"le tueur de vieilles dames\\\", est d\u00e9c\u00e9d\u00e9 le 19 d\u00e9cembre 2023 \u00e0 Poitiers. Cet homme\",\"breadcrumb\":{\"@id\":\"https:\/\/bobea.net\/index.php\/2024\/08\/07\/bobea-societe-claude-lastennet-le-tueur-de-vieilles-dames-est-decede\/#breadcrumb\"},\"inLanguage\":\"fr-FR\",\"potentialAction\":[{\"@type\":\"ReadAction\",\"target\":[\"https:\/\/bobea.net\/index.php\/2024\/08\/07\/bobea-societe-claude-lastennet-le-tueur-de-vieilles-dames-est-decede\/\"]}]},{\"@type\":\"ImageObject\",\"inLanguage\":\"fr-FR\",\"@id\":\"https:\/\/bobea.net\/index.php\/2024\/08\/07\/bobea-societe-claude-lastennet-le-tueur-de-vieilles-dames-est-decede\/#primaryimage\",\"url\":\"https:\/\/bobea.net\/wp-content\/uploads\/2024\/08\/R-3-1.jpeg\",\"contentUrl\":\"https:\/\/bobea.net\/wp-content\/uploads\/2024\/08\/R-3-1.jpeg\",\"width\":2560,\"height\":1280,\"caption\":\"Bobea Soci\u00e9t\u00e9 : Claude Lastennet, \\\"le tueur de vieilles dames\\\" est d\u00e9c\u00e9d\u00e9\"},{\"@type\":\"BreadcrumbList\",\"@id\":\"https:\/\/bobea.net\/index.php\/2024\/08\/07\/bobea-societe-claude-lastennet-le-tueur-de-vieilles-dames-est-decede\/#breadcrumb\",\"itemListElement\":[{\"@type\":\"ListItem\",\"position\":1,\"name\":\"Accueil\",\"item\":\"https:\/\/bobea.net\/\"},{\"@type\":\"ListItem\",\"position\":2,\"name\":\"Bobea Soci\u00e9t\u00e9 : Claude Lastennet, \u00ab\u00a0le tueur de vieilles dames\u00a0\u00bb est d\u00e9c\u00e9d\u00e9\"}]},{\"@type\":\"WebSite\",\"@id\":\"https:\/\/bobea.net\/#website\",\"url\":\"https:\/\/bobea.net\/\",\"name\":\"Bobea\",\"description\":\"Le magazine de la nouvelle \u00c8ve\",\"publisher\":{\"@id\":\"https:\/\/bobea.net\/#organization\"},\"potentialAction\":[{\"@type\":\"SearchAction\",\"target\":{\"@type\":\"EntryPoint\",\"urlTemplate\":\"https:\/\/bobea.net\/?s={search_term_string}\"},\"query-input\":{\"@type\":\"PropertyValueSpecification\",\"valueRequired\":true,\"valueName\":\"search_term_string\"}}],\"inLanguage\":\"fr-FR\"},{\"@type\":\"Organization\",\"@id\":\"https:\/\/bobea.net\/#organization\",\"name\":\"Bobea\",\"url\":\"https:\/\/bobea.net\/\",\"logo\":{\"@type\":\"ImageObject\",\"inLanguage\":\"fr-FR\",\"@id\":\"https:\/\/bobea.net\/#\/schema\/logo\/image\/\",\"url\":\"https:\/\/bobea.net\/wp-content\/uploads\/2024\/06\/bobea.jpg\",\"contentUrl\":\"https:\/\/bobea.net\/wp-content\/uploads\/2024\/06\/bobea.jpg\",\"width\":1080,\"height\":1080,\"caption\":\"Bobea\"},\"image\":{\"@id\":\"https:\/\/bobea.net\/#\/schema\/logo\/image\/\"},\"sameAs\":[\"https:\/\/web.facebook.com\/profile.php?id=61559252188416\"]},{\"@type\":\"Person\",\"@id\":\"https:\/\/bobea.net\/#\/schema\/person\/e7f45ef187918d7c956bf619dce90ccf\",\"name\":\"bobea.info\",\"image\":{\"@type\":\"ImageObject\",\"inLanguage\":\"fr-FR\",\"@id\":\"https:\/\/bobea.net\/#\/schema\/person\/image\/\",\"url\":\"https:\/\/secure.gravatar.com\/avatar\/36147980349df887ae30808df3e29474?s=96&d=mm&r=g\",\"contentUrl\":\"https:\/\/secure.gravatar.com\/avatar\/36147980349df887ae30808df3e29474?s=96&d=mm&r=g\",\"caption\":\"bobea.info\"},\"sameAs\":[\"https:\/\/bobea.net\"],\"url\":\"https:\/\/bobea.net\/index.php\/author\/bobea-info\/\"}]}<\/script>\n<!-- \/ Yoast SEO plugin. -->","yoast_head_json":{"title":"Bobea Soci\u00e9t\u00e9 : Claude Lastennet, \"le tueur de vieilles dames\" est d\u00e9c\u00e9d\u00e9 - Bobea","description":"Claude Lastennet, tristement surnomm\u00e9 \"le tueur de vieilles dames\", est d\u00e9c\u00e9d\u00e9 le 19 d\u00e9cembre 2023 \u00e0 Poitiers. Cet homme","robots":{"index":"index","follow":"follow","max-snippet":"max-snippet:-1","max-image-preview":"max-image-preview:large","max-video-preview":"max-video-preview:-1"},"canonical":"https:\/\/bobea.net\/index.php\/2024\/08\/07\/bobea-societe-claude-lastennet-le-tueur-de-vieilles-dames-est-decede\/","og_locale":"fr_FR","og_type":"article","og_title":"Bobea Soci\u00e9t\u00e9 : Claude Lastennet, \"le tueur de vieilles dames\" est d\u00e9c\u00e9d\u00e9 - Bobea","og_description":"Claude Lastennet, tristement surnomm\u00e9 \"le tueur de vieilles dames\", est d\u00e9c\u00e9d\u00e9 le 19 d\u00e9cembre 2023 \u00e0 Poitiers. Cet homme","og_url":"https:\/\/bobea.net\/index.php\/2024\/08\/07\/bobea-societe-claude-lastennet-le-tueur-de-vieilles-dames-est-decede\/","og_site_name":"Bobea","article_publisher":"https:\/\/web.facebook.com\/profile.php?id=61559252188416","article_published_time":"2024-08-07T12:57:41+00:00","article_modified_time":"2024-08-07T12:57:59+00:00","og_image":[{"width":2560,"height":1280,"url":"https:\/\/bobea.net\/wp-content\/uploads\/2024\/08\/R-3-1.jpeg","type":"image\/jpeg"}],"author":"bobea.info","twitter_card":"summary_large_image","twitter_misc":{"\u00c9crit par":"bobea.info","Dur\u00e9e de lecture estim\u00e9e":"3 minutes"},"schema":{"@context":"https:\/\/schema.org","@graph":[{"@type":"Article","@id":"https:\/\/bobea.net\/index.php\/2024\/08\/07\/bobea-societe-claude-lastennet-le-tueur-de-vieilles-dames-est-decede\/#article","isPartOf":{"@id":"https:\/\/bobea.net\/index.php\/2024\/08\/07\/bobea-societe-claude-lastennet-le-tueur-de-vieilles-dames-est-decede\/"},"author":{"name":"bobea.info","@id":"https:\/\/bobea.net\/#\/schema\/person\/e7f45ef187918d7c956bf619dce90ccf"},"headline":"Bobea Soci\u00e9t\u00e9 : Claude Lastennet, \u201cle tueur de vieilles dames\u201d est d\u00e9c\u00e9d\u00e9","datePublished":"2024-08-07T12:57:41+00:00","dateModified":"2024-08-07T12:57:59+00:00","mainEntityOfPage":{"@id":"https:\/\/bobea.net\/index.php\/2024\/08\/07\/bobea-societe-claude-lastennet-le-tueur-de-vieilles-dames-est-decede\/"},"wordCount":458,"commentCount":0,"publisher":{"@id":"https:\/\/bobea.net\/#organization"},"image":{"@id":"https:\/\/bobea.net\/index.php\/2024\/08\/07\/bobea-societe-claude-lastennet-le-tueur-de-vieilles-dames-est-decede\/#primaryimage"},"thumbnailUrl":"https:\/\/bobea.net\/wp-content\/uploads\/2024\/08\/R-3-1.jpeg","keywords":["arrestation","Claude Lastennet","crime","d\u00e9c\u00e8s","\u00e9tude criminologique","histoire criminelle fran\u00e7aise","meurtres macabres","Poitiers","pr\u00e9vention psychologique","psychose","r\u00e9clusion criminelle","r\u00e9gion parisienne","troubles psychologiques","troubles psychologiques et criminalit\u00e9","tueur de vieilles dames","violence","violence extr\u00eame"],"articleSection":["A la Une"],"inLanguage":"fr-FR","potentialAction":[{"@type":"CommentAction","name":"Comment","target":["https:\/\/bobea.net\/index.php\/2024\/08\/07\/bobea-societe-claude-lastennet-le-tueur-de-vieilles-dames-est-decede\/#respond"]}]},{"@type":"WebPage","@id":"https:\/\/bobea.net\/index.php\/2024\/08\/07\/bobea-societe-claude-lastennet-le-tueur-de-vieilles-dames-est-decede\/","url":"https:\/\/bobea.net\/index.php\/2024\/08\/07\/bobea-societe-claude-lastennet-le-tueur-de-vieilles-dames-est-decede\/","name":"Bobea Soci\u00e9t\u00e9 : Claude Lastennet, \"le tueur de vieilles dames\" est d\u00e9c\u00e9d\u00e9 - Bobea","isPartOf":{"@id":"https:\/\/bobea.net\/#website"},"primaryImageOfPage":{"@id":"https:\/\/bobea.net\/index.php\/2024\/08\/07\/bobea-societe-claude-lastennet-le-tueur-de-vieilles-dames-est-decede\/#primaryimage"},"image":{"@id":"https:\/\/bobea.net\/index.php\/2024\/08\/07\/bobea-societe-claude-lastennet-le-tueur-de-vieilles-dames-est-decede\/#primaryimage"},"thumbnailUrl":"https:\/\/bobea.net\/wp-content\/uploads\/2024\/08\/R-3-1.jpeg","datePublished":"2024-08-07T12:57:41+00:00","dateModified":"2024-08-07T12:57:59+00:00","description":"Claude Lastennet, tristement surnomm\u00e9 \"le tueur de vieilles dames\", est d\u00e9c\u00e9d\u00e9 le 19 d\u00e9cembre 2023 \u00e0 Poitiers. Cet homme","breadcrumb":{"@id":"https:\/\/bobea.net\/index.php\/2024\/08\/07\/bobea-societe-claude-lastennet-le-tueur-de-vieilles-dames-est-decede\/#breadcrumb"},"inLanguage":"fr-FR","potentialAction":[{"@type":"ReadAction","target":["https:\/\/bobea.net\/index.php\/2024\/08\/07\/bobea-societe-claude-lastennet-le-tueur-de-vieilles-dames-est-decede\/"]}]},{"@type":"ImageObject","inLanguage":"fr-FR","@id":"https:\/\/bobea.net\/index.php\/2024\/08\/07\/bobea-societe-claude-lastennet-le-tueur-de-vieilles-dames-est-decede\/#primaryimage","url":"https:\/\/bobea.net\/wp-content\/uploads\/2024\/08\/R-3-1.jpeg","contentUrl":"https:\/\/bobea.net\/wp-content\/uploads\/2024\/08\/R-3-1.jpeg","width":2560,"height":1280,"caption":"Bobea Soci\u00e9t\u00e9 : Claude Lastennet, \"le tueur de vieilles dames\" est d\u00e9c\u00e9d\u00e9"},{"@type":"BreadcrumbList","@id":"https:\/\/bobea.net\/index.php\/2024\/08\/07\/bobea-societe-claude-lastennet-le-tueur-de-vieilles-dames-est-decede\/#breadcrumb","itemListElement":[{"@type":"ListItem","position":1,"name":"Accueil","item":"https:\/\/bobea.net\/"},{"@type":"ListItem","position":2,"name":"Bobea Soci\u00e9t\u00e9 : Claude Lastennet, \u00ab\u00a0le tueur de vieilles dames\u00a0\u00bb est d\u00e9c\u00e9d\u00e9"}]},{"@type":"WebSite","@id":"https:\/\/bobea.net\/#website","url":"https:\/\/bobea.net\/","name":"Bobea","description":"Le magazine de la nouvelle \u00c8ve","publisher":{"@id":"https:\/\/bobea.net\/#organization"},"potentialAction":[{"@type":"SearchAction","target":{"@type":"EntryPoint","urlTemplate":"https:\/\/bobea.net\/?s={search_term_string}"},"query-input":{"@type":"PropertyValueSpecification","valueRequired":true,"valueName":"search_term_string"}}],"inLanguage":"fr-FR"},{"@type":"Organization","@id":"https:\/\/bobea.net\/#organization","name":"Bobea","url":"https:\/\/bobea.net\/","logo":{"@type":"ImageObject","inLanguage":"fr-FR","@id":"https:\/\/bobea.net\/#\/schema\/logo\/image\/","url":"https:\/\/bobea.net\/wp-content\/uploads\/2024\/06\/bobea.jpg","contentUrl":"https:\/\/bobea.net\/wp-content\/uploads\/2024\/06\/bobea.jpg","width":1080,"height":1080,"caption":"Bobea"},"image":{"@id":"https:\/\/bobea.net\/#\/schema\/logo\/image\/"},"sameAs":["https:\/\/web.facebook.com\/profile.php?id=61559252188416"]},{"@type":"Person","@id":"https:\/\/bobea.net\/#\/schema\/person\/e7f45ef187918d7c956bf619dce90ccf","name":"bobea.info","image":{"@type":"ImageObject","inLanguage":"fr-FR","@id":"https:\/\/bobea.net\/#\/schema\/person\/image\/","url":"https:\/\/secure.gravatar.com\/avatar\/36147980349df887ae30808df3e29474?s=96&d=mm&r=g","contentUrl":"https:\/\/secure.gravatar.com\/avatar\/36147980349df887ae30808df3e29474?s=96&d=mm&r=g","caption":"bobea.info"},"sameAs":["https:\/\/bobea.net"],"url":"https:\/\/bobea.net\/index.php\/author\/bobea-info\/"}]}},"_links":{"self":[{"href":"https:\/\/bobea.net\/index.php\/wp-json\/wp\/v2\/posts\/3958"}],"collection":[{"href":"https:\/\/bobea.net\/index.php\/wp-json\/wp\/v2\/posts"}],"about":[{"href":"https:\/\/bobea.net\/index.php\/wp-json\/wp\/v2\/types\/post"}],"author":[{"embeddable":true,"href":"https:\/\/bobea.net\/index.php\/wp-json\/wp\/v2\/users\/1"}],"replies":[{"embeddable":true,"href":"https:\/\/bobea.net\/index.php\/wp-json\/wp\/v2\/comments?post=3958"}],"version-history":[{"count":0,"href":"https:\/\/bobea.net\/index.php\/wp-json\/wp\/v2\/posts\/3958\/revisions"}],"wp:featuredmedia":[{"embeddable":true,"href":"https:\/\/bobea.net\/index.php\/wp-json\/wp\/v2\/media\/3959"}],"wp:attachment":[{"href":"https:\/\/bobea.net\/index.php\/wp-json\/wp\/v2\/media?parent=3958"}],"wp:term":[{"taxonomy":"category","embeddable":true,"href":"https:\/\/bobea.net\/index.php\/wp-json\/wp\/v2\/categories?post=3958"},{"taxonomy":"post_tag","embeddable":true,"href":"https:\/\/bobea.net\/index.php\/wp-json\/wp\/v2\/tags?post=3958"}],"curies":[{"name":"wp","href":"https:\/\/api.w.org\/{rel}","templated":true}]}}