{"id":3863,"date":"2024-07-31T13:49:30","date_gmt":"2024-07-31T13:49:30","guid":{"rendered":"https:\/\/bobea.net\/?p=3863"},"modified":"2024-07-31T13:50:05","modified_gmt":"2024-07-31T13:50:05","slug":"nos-heros-samora-machel-liberatrice-du-mozambique-et-championne-de-la-liberte","status":"publish","type":"post","link":"https:\/\/bobea.net\/index.php\/2024\/07\/31\/nos-heros-samora-machel-liberatrice-du-mozambique-et-championne-de-la-liberte\/","title":{"rendered":"Nos h\u00e9ros : Samora Machel, lib\u00e9ratrice du Mozambique et championne de la libert\u00e9"},"content":{"rendered":"\n<p>Samo\u00adra Machel, fig\u00adure embl\u00e9\u00adma\u00adtique de l\u2019ind\u00e9pen\u00addance africaine, a mar\u00adqu\u00e9 l\u2019his\u00adtoire du Mozam\u00adbique par sa lutte acharn\u00e9e con\u00adtre la dom\u00adi\u00adna\u00adtion colo\u00adniale por\u00adtu\u00adgaise. D\u00e9cou\u00advrons le par\u00adcours inspi\u00adrant de cet homme qui a con\u00adsacr\u00e9 sa vie \u00e0 la lib\u00adert\u00e9 de son peu\u00adple.<\/p>\n\n\n\n<p>Qui \u00e9tait Samo\u00adra Machel ?<\/p>\n\n\n\n<p>N\u00e9 le 29 sep\u00adtem\u00adbre 1933 \u00e0 Madragoa (aujour\u00add\u2019hui Chilem\u00adbene) au Mozam\u00adbique, Samo\u00adra Mois\u00e9s Machel est issue d\u2019une famille paysanne mod\u00adeste. D\u00e8s son plus jeune \u00e2ge, il est con\u00adfron\u00adt\u00e9 aux injus\u00adtices du sys\u00adt\u00e8me colo\u00adnial, ce qui forge sa con\u00adscience poli\u00adtique et son d\u00e9sir de change\u00adment.<\/p>\n\n\n\n<p><strong>Par\u00adcours et for\u00adma\u00adtion :<\/strong><\/p>\n\n\n\n<ul class=\"wp-block-list\">\n<li>\u00c9du\u00adca\u00adtion dans une \u00e9cole mis\u00adsion\u00adnaire protes\u00adtante<\/li>\n\n\n\n<li>For\u00adma\u00adtion d\u2019in\u00adfir\u00admi\u00ader, r\u00e9v\u00e9lant son d\u00e9sir d\u2019aider les autres<\/li>\n\n\n\n<li>Engage\u00adment pr\u00e9\u00adcoce dans la lutte nation\u00adal\u00adiste<\/li>\n<\/ul>\n\n\n\n<p>Un leader charis\u00adma\u00adtique et d\u00e9ter\u00admin\u00e9<\/p>\n\n\n\n<p>Samo\u00adra Machel se dis\u00adtingue rapi\u00adde\u00adment par son charisme et sa vision pour un Mozam\u00adbique libre et ind\u00e9pen\u00addant.<\/p>\n\n\n\n<p><strong>Ascen\u00adsion au sein du FRELIMO :<\/strong><\/p>\n\n\n\n<ul class=\"wp-block-list\">\n<li>Rejoint le Front de Lib\u00e9ra\u00adtion du Mozam\u00adbique (FRELIMO) en 1962<\/li>\n\n\n\n<li>Grav\u00adit les \u00e9ch\u00ade\u00adlons pour devenir le leader du mou\u00adve\u00adment en 1970<\/li>\n\n\n\n<li>Incar\u00adne l\u2019aile marx\u00adiste et mul\u00adtira\u00adciale du par\u00adti<\/li>\n<\/ul>\n\n\n\n<p>La lutte pour la lib\u00adert\u00e9 : un com\u00adbat sans rel\u00e2che<\/p>\n\n\n\n<p>Sous la direc\u00adtion de Machel, le FRELIMO inten\u00adsi\u00adfie sa lutte con\u00adtre le r\u00e9gime colo\u00adnial por\u00adtu\u00adgais.<\/p>\n\n\n\n<p><strong>Strat\u00e9gie et id\u00e9olo\u00adgie :<\/strong><\/p>\n\n\n\n<ul class=\"wp-block-list\">\n<li>Pro\u00admo\u00adtion d\u2019une soci\u00e9t\u00e9 social\u00adiste et \u00e9gal\u00adi\u00adtaire<\/li>\n\n\n\n<li>Mobil\u00adi\u00adsa\u00adtion des mass\u00ades rurales et urbaines<\/li>\n\n\n\n<li>Util\u00adi\u00adsa\u00adtion de la gu\u00e9ril\u00adla pour affaib\u00adlir l\u2019emprise colo\u00adniale<\/li>\n<\/ul>\n\n\n\n<p>La d\u00e9ter\u00admi\u00adna\u00adtion de Machel et du FRELIMO porte ses fruits. En 1974, la R\u00e9vo\u00adlu\u00adtion des \u0152il\u00adlets au Por\u00adtu\u00adgal ouvre la voie \u00e0 l\u2019ind\u00e9pen\u00addance du Mozam\u00adbique.<\/p>\n\n\n\n<p>La lib\u00adert\u00e9 avant tout : un id\u00e9al incar\u00adn\u00e9<\/p>\n\n\n\n<p>Le 25 juin 1975, Samo\u00adra Machel devient le pre\u00admier pr\u00e9si\u00addent du Mozam\u00adbique ind\u00e9pen\u00addant. Sa pr\u00e9si\u00addence est mar\u00adqu\u00e9e par une volon\u00adt\u00e9 farouche de con\u00adstru\u00adire une nation libre et prosp\u00e8re.<\/p>\n\n\n\n<p><strong>R\u00e9al\u00adi\u00adsa\u00adtions et d\u00e9fis :<\/strong><\/p>\n\n\n\n<ul class=\"wp-block-list\">\n<li>Mise en place de pro\u00adgrammes d\u2019al\u00adphab\u00e9ti\u00adsa\u00adtion et de san\u00adt\u00e9<\/li>\n\n\n\n<li>Nation\u00adal\u00adi\u00adsa\u00adtion des secteurs cl\u00e9s de l\u2019\u00e9\u00adconomie<\/li>\n\n\n\n<li>Lutte con\u00adtre les in\u00e9\u00adgal\u00adit\u00e9s raciales et sociales<\/li>\n\n\n\n<li>Con\u00adfronta\u00adtion \u00e0 une guerre civile d\u00e9vas\u00adta\u00adtrice<\/li>\n<\/ul>\n\n\n\n<p>Mal\u00adgr\u00e9 les dif\u00adfi\u00adcult\u00e9s, Machel reste fid\u00e8le \u00e0 sa vision d\u2019un Mozam\u00adbique libre et unique jusqu\u2019\u00e0 sa mort trag\u00adique dans un acci\u00addent d\u2019avion en 1986.<\/p>\n\n\n\n<p>Un mes\u00adsage intem\u00adporel pour la jeunesse<\/p>\n\n\n\n<p>L\u2019h\u00e9ritage de Samo\u00adra Machel con\u00adtin\u00adue d\u2019in\u00adspir\u00ader les jeunes g\u00e9n\u00e9ra\u00adtions africaines. Son mes\u00adsage reste d\u2019une actu\u00adal\u00adit\u00e9 br\u00fblante :<\/p>\n\n\n\n<ol class=\"wp-block-list\" start=\"1\">\n<li><strong>\u00c9du\u00adca\u00adtion et con\u00adnais\u00adsance<\/strong>&nbsp;: Machel croy\u00adait fer\u00adme\u00adment au pou\u00advoir trans\u00adfor\u00adma\u00adteur de l\u2019\u00e9\u00add\u00adu\u00adca\u00adtion.<\/li>\n\n\n\n<li><strong>Unit\u00e9 et sol\u00adi\u00addar\u00adit\u00e9<\/strong>&nbsp;: Il pr\u00f4\u00adnait l\u2019u\u00adnit\u00e9 au-del\u00e0 des dif\u00adf\u00e9rences eth\u00adniques et raciales.<\/li>\n\n\n\n<li><strong>Engage\u00adment et respon\u00ads\u00adabil\u00adit\u00e9<\/strong>&nbsp;: Machel appelait les jeunes \u00e0 s\u2019im\u00adpli\u00adquer active\u00adment dans la con\u00adstruc\u00adtion de leur nation.<\/li>\n\n\n\n<li><strong>Int\u00e9grit\u00e9 et jus\u00adtice<\/strong>&nbsp;: Il lut\u00adtait con\u00adtre la cor\u00adrup\u00adtion et pour une soci\u00e9t\u00e9 plus juste.<\/li>\n\n\n\n<li><strong>Panafrican\u00adisme<\/strong>&nbsp;: Machel d\u00e9fendait l\u2019id\u00e9e d\u2019une Afrique unie et forte sur la sc\u00e8ne inter\u00adna\u00adtionale.<\/li>\n<\/ol>\n\n\n\n<p>Samo\u00adra Machel reste un sym\u00adbole de courage et de d\u00e9ter\u00admi\u00adna\u00adtion pour tous ceux qui lut\u00adtent pour la lib\u00adert\u00e9 et la jus\u00adtice. Son par\u00adcours nous rap\u00adpelle que la lib\u00adert\u00e9 est un bien pr\u00e9\u00adcieux qui se con\u00adquiert et se pr\u00e9serve par l\u2019en\u00adgage\u00adment de cha\u00adcun.<\/p>\n","protected":false},"excerpt":{"rendered":"<p>Samo\u00adra Machel, fig\u00adure embl\u00e9\u00adma\u00adtique de l\u2019ind\u00e9pen\u00addance africaine, a mar\u00adqu\u00e9 l\u2019his\u00adtoire du Mozam\u00adbique par sa lutte acharn\u00e9e con\u00adtre la dom\u00adi\u00adna\u00adtion colo\u00adniale por\u00adtu\u00adgaise. D\u00e9cou\u00advrons le par\u00adcours inspi\u00adrant de cet homme qui a\u2026 <\/p>\n","protected":false},"author":1,"featured_media":3864,"comment_status":"open","ping_status":"open","sticky":false,"template":"","format":"standard","meta":{"wp_typography_post_enhancements_disabled":false,"footnotes":""},"categories":[83,48],"tags":[],"class_list":["post-3863","post","type-post","status-publish","format-standard","has-post-thumbnail","hentry","category-dreams-people","category-edito"],"yoast_head":"<!-- This site is optimized with the Yoast SEO plugin v24.7 - https:\/\/yoast.com\/wordpress\/plugins\/seo\/ -->\n<title>Nos h\u00e9ros : Samora Machel, lib\u00e9ratrice du Mozambique et championne de la libert\u00e9 - Bobea<\/title>\n<meta name=\"description\" content=\"Samora Machel, figure embl\u00e9matique de l&#039;ind\u00e9pendance africaine, a marqu\u00e9 l&#039;histoire du Mozambique par sa lutte acharn\u00e9e\" \/>\n<meta name=\"robots\" content=\"index, follow, max-snippet:-1, max-image-preview:large, max-video-preview:-1\" \/>\n<link rel=\"canonical\" href=\"https:\/\/bobea.net\/index.php\/2024\/07\/31\/nos-heros-samora-machel-liberatrice-du-mozambique-et-championne-de-la-liberte\/\" \/>\n<meta property=\"og:locale\" content=\"fr_FR\" \/>\n<meta property=\"og:type\" content=\"article\" \/>\n<meta property=\"og:title\" content=\"Nos h\u00e9ros : Samora Machel, lib\u00e9ratrice du Mozambique et championne de la libert\u00e9 - Bobea\" \/>\n<meta property=\"og:description\" content=\"Samora Machel, figure embl\u00e9matique de l&#039;ind\u00e9pendance africaine, a marqu\u00e9 l&#039;histoire du Mozambique par sa lutte acharn\u00e9e\" \/>\n<meta property=\"og:url\" content=\"https:\/\/bobea.net\/index.php\/2024\/07\/31\/nos-heros-samora-machel-liberatrice-du-mozambique-et-championne-de-la-liberte\/\" \/>\n<meta property=\"og:site_name\" content=\"Bobea\" \/>\n<meta property=\"article:publisher\" content=\"https:\/\/web.facebook.com\/profile.php?id=61559252188416\" \/>\n<meta property=\"article:published_time\" content=\"2024-07-31T13:49:30+00:00\" \/>\n<meta property=\"article:modified_time\" content=\"2024-07-31T13:50:05+00:00\" \/>\n<meta property=\"og:image\" content=\"https:\/\/bobea.net\/wp-content\/uploads\/2024\/07\/F6Anpl7WYAASdSy.jpg\" \/>\n\t<meta property=\"og:image:width\" content=\"681\" \/>\n\t<meta property=\"og:image:height\" content=\"450\" \/>\n\t<meta property=\"og:image:type\" content=\"image\/jpeg\" \/>\n<meta name=\"author\" content=\"bobea.info\" \/>\n<meta name=\"twitter:card\" content=\"summary_large_image\" \/>\n<meta name=\"twitter:label1\" content=\"\u00c9crit par\" \/>\n\t<meta name=\"twitter:data1\" content=\"bobea.info\" \/>\n\t<meta name=\"twitter:label2\" content=\"Dur\u00e9e de lecture estim\u00e9e\" \/>\n\t<meta name=\"twitter:data2\" content=\"3 minutes\" \/>\n<script type=\"application\/ld+json\" class=\"yoast-schema-graph\">{\"@context\":\"https:\/\/schema.org\",\"@graph\":[{\"@type\":\"Article\",\"@id\":\"https:\/\/bobea.net\/index.php\/2024\/07\/31\/nos-heros-samora-machel-liberatrice-du-mozambique-et-championne-de-la-liberte\/#article\",\"isPartOf\":{\"@id\":\"https:\/\/bobea.net\/index.php\/2024\/07\/31\/nos-heros-samora-machel-liberatrice-du-mozambique-et-championne-de-la-liberte\/\"},\"author\":{\"name\":\"bobea.info\",\"@id\":\"https:\/\/bobea.net\/#\/schema\/person\/e7f45ef187918d7c956bf619dce90ccf\"},\"headline\":\"Nos h\u00e9ros : Samora Machel, lib\u00e9ratrice du Mozambique et championne de la libert\u00e9\",\"datePublished\":\"2024-07-31T13:49:30+00:00\",\"dateModified\":\"2024-07-31T13:50:05+00:00\",\"mainEntityOfPage\":{\"@id\":\"https:\/\/bobea.net\/index.php\/2024\/07\/31\/nos-heros-samora-machel-liberatrice-du-mozambique-et-championne-de-la-liberte\/\"},\"wordCount\":538,\"commentCount\":0,\"publisher\":{\"@id\":\"https:\/\/bobea.net\/#organization\"},\"image\":{\"@id\":\"https:\/\/bobea.net\/index.php\/2024\/07\/31\/nos-heros-samora-machel-liberatrice-du-mozambique-et-championne-de-la-liberte\/#primaryimage\"},\"thumbnailUrl\":\"https:\/\/bobea.net\/wp-content\/uploads\/2024\/07\/F6Anpl7WYAASdSy.jpg\",\"articleSection\":[\"Dreams People\",\"edito\"],\"inLanguage\":\"fr-FR\",\"potentialAction\":[{\"@type\":\"CommentAction\",\"name\":\"Comment\",\"target\":[\"https:\/\/bobea.net\/index.php\/2024\/07\/31\/nos-heros-samora-machel-liberatrice-du-mozambique-et-championne-de-la-liberte\/#respond\"]}]},{\"@type\":\"WebPage\",\"@id\":\"https:\/\/bobea.net\/index.php\/2024\/07\/31\/nos-heros-samora-machel-liberatrice-du-mozambique-et-championne-de-la-liberte\/\",\"url\":\"https:\/\/bobea.net\/index.php\/2024\/07\/31\/nos-heros-samora-machel-liberatrice-du-mozambique-et-championne-de-la-liberte\/\",\"name\":\"Nos h\u00e9ros : Samora Machel, lib\u00e9ratrice du Mozambique et championne de la libert\u00e9 - Bobea\",\"isPartOf\":{\"@id\":\"https:\/\/bobea.net\/#website\"},\"primaryImageOfPage\":{\"@id\":\"https:\/\/bobea.net\/index.php\/2024\/07\/31\/nos-heros-samora-machel-liberatrice-du-mozambique-et-championne-de-la-liberte\/#primaryimage\"},\"image\":{\"@id\":\"https:\/\/bobea.net\/index.php\/2024\/07\/31\/nos-heros-samora-machel-liberatrice-du-mozambique-et-championne-de-la-liberte\/#primaryimage\"},\"thumbnailUrl\":\"https:\/\/bobea.net\/wp-content\/uploads\/2024\/07\/F6Anpl7WYAASdSy.jpg\",\"datePublished\":\"2024-07-31T13:49:30+00:00\",\"dateModified\":\"2024-07-31T13:50:05+00:00\",\"description\":\"Samora Machel, figure embl\u00e9matique de l'ind\u00e9pendance africaine, a marqu\u00e9 l'histoire du Mozambique par sa lutte acharn\u00e9e\",\"breadcrumb\":{\"@id\":\"https:\/\/bobea.net\/index.php\/2024\/07\/31\/nos-heros-samora-machel-liberatrice-du-mozambique-et-championne-de-la-liberte\/#breadcrumb\"},\"inLanguage\":\"fr-FR\",\"potentialAction\":[{\"@type\":\"ReadAction\",\"target\":[\"https:\/\/bobea.net\/index.php\/2024\/07\/31\/nos-heros-samora-machel-liberatrice-du-mozambique-et-championne-de-la-liberte\/\"]}]},{\"@type\":\"ImageObject\",\"inLanguage\":\"fr-FR\",\"@id\":\"https:\/\/bobea.net\/index.php\/2024\/07\/31\/nos-heros-samora-machel-liberatrice-du-mozambique-et-championne-de-la-liberte\/#primaryimage\",\"url\":\"https:\/\/bobea.net\/wp-content\/uploads\/2024\/07\/F6Anpl7WYAASdSy.jpg\",\"contentUrl\":\"https:\/\/bobea.net\/wp-content\/uploads\/2024\/07\/F6Anpl7WYAASdSy.jpg\",\"width\":681,\"height\":450,\"caption\":\"Nos h\u00e9ros : Samora Machel, lib\u00e9ratrice du Mozambique et championne de la libert\u00e9\"},{\"@type\":\"BreadcrumbList\",\"@id\":\"https:\/\/bobea.net\/index.php\/2024\/07\/31\/nos-heros-samora-machel-liberatrice-du-mozambique-et-championne-de-la-liberte\/#breadcrumb\",\"itemListElement\":[{\"@type\":\"ListItem\",\"position\":1,\"name\":\"Accueil\",\"item\":\"https:\/\/bobea.net\/\"},{\"@type\":\"ListItem\",\"position\":2,\"name\":\"Nos h\u00e9ros : Samora Machel, lib\u00e9ratrice du Mozambique et championne de la libert\u00e9\"}]},{\"@type\":\"WebSite\",\"@id\":\"https:\/\/bobea.net\/#website\",\"url\":\"https:\/\/bobea.net\/\",\"name\":\"Bobea\",\"description\":\"Le magazine de la nouvelle \u00c8ve\",\"publisher\":{\"@id\":\"https:\/\/bobea.net\/#organization\"},\"potentialAction\":[{\"@type\":\"SearchAction\",\"target\":{\"@type\":\"EntryPoint\",\"urlTemplate\":\"https:\/\/bobea.net\/?s={search_term_string}\"},\"query-input\":{\"@type\":\"PropertyValueSpecification\",\"valueRequired\":true,\"valueName\":\"search_term_string\"}}],\"inLanguage\":\"fr-FR\"},{\"@type\":\"Organization\",\"@id\":\"https:\/\/bobea.net\/#organization\",\"name\":\"Bobea\",\"url\":\"https:\/\/bobea.net\/\",\"logo\":{\"@type\":\"ImageObject\",\"inLanguage\":\"fr-FR\",\"@id\":\"https:\/\/bobea.net\/#\/schema\/logo\/image\/\",\"url\":\"https:\/\/bobea.net\/wp-content\/uploads\/2024\/06\/bobea.jpg\",\"contentUrl\":\"https:\/\/bobea.net\/wp-content\/uploads\/2024\/06\/bobea.jpg\",\"width\":1080,\"height\":1080,\"caption\":\"Bobea\"},\"image\":{\"@id\":\"https:\/\/bobea.net\/#\/schema\/logo\/image\/\"},\"sameAs\":[\"https:\/\/web.facebook.com\/profile.php?id=61559252188416\"]},{\"@type\":\"Person\",\"@id\":\"https:\/\/bobea.net\/#\/schema\/person\/e7f45ef187918d7c956bf619dce90ccf\",\"name\":\"bobea.info\",\"image\":{\"@type\":\"ImageObject\",\"inLanguage\":\"fr-FR\",\"@id\":\"https:\/\/bobea.net\/#\/schema\/person\/image\/\",\"url\":\"https:\/\/secure.gravatar.com\/avatar\/36147980349df887ae30808df3e29474?s=96&d=mm&r=g\",\"contentUrl\":\"https:\/\/secure.gravatar.com\/avatar\/36147980349df887ae30808df3e29474?s=96&d=mm&r=g\",\"caption\":\"bobea.info\"},\"sameAs\":[\"https:\/\/bobea.net\"],\"url\":\"https:\/\/bobea.net\/index.php\/author\/bobea-info\/\"}]}<\/script>\n<!-- \/ Yoast SEO plugin. -->","yoast_head_json":{"title":"Nos h\u00e9ros : Samora Machel, lib\u00e9ratrice du Mozambique et championne de la libert\u00e9 - Bobea","description":"Samora Machel, figure embl\u00e9matique de l'ind\u00e9pendance africaine, a marqu\u00e9 l'histoire du Mozambique par sa lutte acharn\u00e9e","robots":{"index":"index","follow":"follow","max-snippet":"max-snippet:-1","max-image-preview":"max-image-preview:large","max-video-preview":"max-video-preview:-1"},"canonical":"https:\/\/bobea.net\/index.php\/2024\/07\/31\/nos-heros-samora-machel-liberatrice-du-mozambique-et-championne-de-la-liberte\/","og_locale":"fr_FR","og_type":"article","og_title":"Nos h\u00e9ros : Samora Machel, lib\u00e9ratrice du Mozambique et championne de la libert\u00e9 - Bobea","og_description":"Samora Machel, figure embl\u00e9matique de l'ind\u00e9pendance africaine, a marqu\u00e9 l'histoire du Mozambique par sa lutte acharn\u00e9e","og_url":"https:\/\/bobea.net\/index.php\/2024\/07\/31\/nos-heros-samora-machel-liberatrice-du-mozambique-et-championne-de-la-liberte\/","og_site_name":"Bobea","article_publisher":"https:\/\/web.facebook.com\/profile.php?id=61559252188416","article_published_time":"2024-07-31T13:49:30+00:00","article_modified_time":"2024-07-31T13:50:05+00:00","og_image":[{"width":681,"height":450,"url":"https:\/\/bobea.net\/wp-content\/uploads\/2024\/07\/F6Anpl7WYAASdSy.jpg","type":"image\/jpeg"}],"author":"bobea.info","twitter_card":"summary_large_image","twitter_misc":{"\u00c9crit par":"bobea.info","Dur\u00e9e de lecture estim\u00e9e":"3 minutes"},"schema":{"@context":"https:\/\/schema.org","@graph":[{"@type":"Article","@id":"https:\/\/bobea.net\/index.php\/2024\/07\/31\/nos-heros-samora-machel-liberatrice-du-mozambique-et-championne-de-la-liberte\/#article","isPartOf":{"@id":"https:\/\/bobea.net\/index.php\/2024\/07\/31\/nos-heros-samora-machel-liberatrice-du-mozambique-et-championne-de-la-liberte\/"},"author":{"name":"bobea.info","@id":"https:\/\/bobea.net\/#\/schema\/person\/e7f45ef187918d7c956bf619dce90ccf"},"headline":"Nos h\u00e9ros : Samora Machel, lib\u00e9ratrice du Mozambique et championne de la libert\u00e9","datePublished":"2024-07-31T13:49:30+00:00","dateModified":"2024-07-31T13:50:05+00:00","mainEntityOfPage":{"@id":"https:\/\/bobea.net\/index.php\/2024\/07\/31\/nos-heros-samora-machel-liberatrice-du-mozambique-et-championne-de-la-liberte\/"},"wordCount":538,"commentCount":0,"publisher":{"@id":"https:\/\/bobea.net\/#organization"},"image":{"@id":"https:\/\/bobea.net\/index.php\/2024\/07\/31\/nos-heros-samora-machel-liberatrice-du-mozambique-et-championne-de-la-liberte\/#primaryimage"},"thumbnailUrl":"https:\/\/bobea.net\/wp-content\/uploads\/2024\/07\/F6Anpl7WYAASdSy.jpg","articleSection":["Dreams People","edito"],"inLanguage":"fr-FR","potentialAction":[{"@type":"CommentAction","name":"Comment","target":["https:\/\/bobea.net\/index.php\/2024\/07\/31\/nos-heros-samora-machel-liberatrice-du-mozambique-et-championne-de-la-liberte\/#respond"]}]},{"@type":"WebPage","@id":"https:\/\/bobea.net\/index.php\/2024\/07\/31\/nos-heros-samora-machel-liberatrice-du-mozambique-et-championne-de-la-liberte\/","url":"https:\/\/bobea.net\/index.php\/2024\/07\/31\/nos-heros-samora-machel-liberatrice-du-mozambique-et-championne-de-la-liberte\/","name":"Nos h\u00e9ros : Samora Machel, lib\u00e9ratrice du Mozambique et championne de la libert\u00e9 - Bobea","isPartOf":{"@id":"https:\/\/bobea.net\/#website"},"primaryImageOfPage":{"@id":"https:\/\/bobea.net\/index.php\/2024\/07\/31\/nos-heros-samora-machel-liberatrice-du-mozambique-et-championne-de-la-liberte\/#primaryimage"},"image":{"@id":"https:\/\/bobea.net\/index.php\/2024\/07\/31\/nos-heros-samora-machel-liberatrice-du-mozambique-et-championne-de-la-liberte\/#primaryimage"},"thumbnailUrl":"https:\/\/bobea.net\/wp-content\/uploads\/2024\/07\/F6Anpl7WYAASdSy.jpg","datePublished":"2024-07-31T13:49:30+00:00","dateModified":"2024-07-31T13:50:05+00:00","description":"Samora Machel, figure embl\u00e9matique de l'ind\u00e9pendance africaine, a marqu\u00e9 l'histoire du Mozambique par sa lutte acharn\u00e9e","breadcrumb":{"@id":"https:\/\/bobea.net\/index.php\/2024\/07\/31\/nos-heros-samora-machel-liberatrice-du-mozambique-et-championne-de-la-liberte\/#breadcrumb"},"inLanguage":"fr-FR","potentialAction":[{"@type":"ReadAction","target":["https:\/\/bobea.net\/index.php\/2024\/07\/31\/nos-heros-samora-machel-liberatrice-du-mozambique-et-championne-de-la-liberte\/"]}]},{"@type":"ImageObject","inLanguage":"fr-FR","@id":"https:\/\/bobea.net\/index.php\/2024\/07\/31\/nos-heros-samora-machel-liberatrice-du-mozambique-et-championne-de-la-liberte\/#primaryimage","url":"https:\/\/bobea.net\/wp-content\/uploads\/2024\/07\/F6Anpl7WYAASdSy.jpg","contentUrl":"https:\/\/bobea.net\/wp-content\/uploads\/2024\/07\/F6Anpl7WYAASdSy.jpg","width":681,"height":450,"caption":"Nos h\u00e9ros : Samora Machel, lib\u00e9ratrice du Mozambique et championne de la libert\u00e9"},{"@type":"BreadcrumbList","@id":"https:\/\/bobea.net\/index.php\/2024\/07\/31\/nos-heros-samora-machel-liberatrice-du-mozambique-et-championne-de-la-liberte\/#breadcrumb","itemListElement":[{"@type":"ListItem","position":1,"name":"Accueil","item":"https:\/\/bobea.net\/"},{"@type":"ListItem","position":2,"name":"Nos h\u00e9ros : Samora Machel, lib\u00e9ratrice du Mozambique et championne de la libert\u00e9"}]},{"@type":"WebSite","@id":"https:\/\/bobea.net\/#website","url":"https:\/\/bobea.net\/","name":"Bobea","description":"Le magazine de la nouvelle \u00c8ve","publisher":{"@id":"https:\/\/bobea.net\/#organization"},"potentialAction":[{"@type":"SearchAction","target":{"@type":"EntryPoint","urlTemplate":"https:\/\/bobea.net\/?s={search_term_string}"},"query-input":{"@type":"PropertyValueSpecification","valueRequired":true,"valueName":"search_term_string"}}],"inLanguage":"fr-FR"},{"@type":"Organization","@id":"https:\/\/bobea.net\/#organization","name":"Bobea","url":"https:\/\/bobea.net\/","logo":{"@type":"ImageObject","inLanguage":"fr-FR","@id":"https:\/\/bobea.net\/#\/schema\/logo\/image\/","url":"https:\/\/bobea.net\/wp-content\/uploads\/2024\/06\/bobea.jpg","contentUrl":"https:\/\/bobea.net\/wp-content\/uploads\/2024\/06\/bobea.jpg","width":1080,"height":1080,"caption":"Bobea"},"image":{"@id":"https:\/\/bobea.net\/#\/schema\/logo\/image\/"},"sameAs":["https:\/\/web.facebook.com\/profile.php?id=61559252188416"]},{"@type":"Person","@id":"https:\/\/bobea.net\/#\/schema\/person\/e7f45ef187918d7c956bf619dce90ccf","name":"bobea.info","image":{"@type":"ImageObject","inLanguage":"fr-FR","@id":"https:\/\/bobea.net\/#\/schema\/person\/image\/","url":"https:\/\/secure.gravatar.com\/avatar\/36147980349df887ae30808df3e29474?s=96&d=mm&r=g","contentUrl":"https:\/\/secure.gravatar.com\/avatar\/36147980349df887ae30808df3e29474?s=96&d=mm&r=g","caption":"bobea.info"},"sameAs":["https:\/\/bobea.net"],"url":"https:\/\/bobea.net\/index.php\/author\/bobea-info\/"}]}},"_links":{"self":[{"href":"https:\/\/bobea.net\/index.php\/wp-json\/wp\/v2\/posts\/3863"}],"collection":[{"href":"https:\/\/bobea.net\/index.php\/wp-json\/wp\/v2\/posts"}],"about":[{"href":"https:\/\/bobea.net\/index.php\/wp-json\/wp\/v2\/types\/post"}],"author":[{"embeddable":true,"href":"https:\/\/bobea.net\/index.php\/wp-json\/wp\/v2\/users\/1"}],"replies":[{"embeddable":true,"href":"https:\/\/bobea.net\/index.php\/wp-json\/wp\/v2\/comments?post=3863"}],"version-history":[{"count":0,"href":"https:\/\/bobea.net\/index.php\/wp-json\/wp\/v2\/posts\/3863\/revisions"}],"wp:featuredmedia":[{"embeddable":true,"href":"https:\/\/bobea.net\/index.php\/wp-json\/wp\/v2\/media\/3864"}],"wp:attachment":[{"href":"https:\/\/bobea.net\/index.php\/wp-json\/wp\/v2\/media?parent=3863"}],"wp:term":[{"taxonomy":"category","embeddable":true,"href":"https:\/\/bobea.net\/index.php\/wp-json\/wp\/v2\/categories?post=3863"},{"taxonomy":"post_tag","embeddable":true,"href":"https:\/\/bobea.net\/index.php\/wp-json\/wp\/v2\/tags?post=3863"}],"curies":[{"name":"wp","href":"https:\/\/api.w.org\/{rel}","templated":true}]}}