{"id":3680,"date":"2024-07-24T12:50:17","date_gmt":"2024-07-24T12:50:17","guid":{"rendered":"https:\/\/bobea.net\/?p=3680"},"modified":"2024-07-24T12:50:19","modified_gmt":"2024-07-24T12:50:19","slug":"les-femmes-et-lecologie-une-affinite-naturelle","status":"publish","type":"post","link":"https:\/\/bobea.net\/index.php\/2024\/07\/24\/les-femmes-et-lecologie-une-affinite-naturelle\/","title":{"rendered":"Les femmes et l\u2019\u00e9cologie : Une affinit\u00e9 naturelle ?"},"content":{"rendered":"\n<p>Une ques\u00adtion com\u00adplexe<\/p>\n\n\n\n<p>La sur\u00adrepr\u00e9sen\u00adta\u00adtion des femmes dans les mou\u00adve\u00adments \u00e9col\u00ado\u00adgistes et les par\u00adtis verts est un ph\u00e9nom\u00e8ne observ\u00e9 dans de nom\u00adbreux pays. Cette ten\u00addance soul\u00e8ve des inter\u00adro\u00adga\u00adtions sur les raisons de cet engage\u00adment f\u00e9minin plus pronon\u00adc\u00e9 pour la pro\u00adtec\u00adtion de l\u2019en\u00advi\u00adron\u00adnement.<\/p>\n\n\n\n<p>La pas\u00adsion des femmes pour la nature<\/p>\n\n\n\n<p>Un lien pro\u00adfond avec l\u2019en\u00advi\u00adron\u00adnement<\/p>\n\n\n\n<p>Les femmes sem\u00adblent avoir d\u00e9velop\u00adp\u00e9 une con\u00adnex\u00adion par\u00adti\u00adc\u00aduli\u00e8re avec la nature et sa pr\u00e9ser\u00adva\u00adtion. Plusieurs fac\u00adteurs peu\u00advent expli\u00adquer cette affinit\u00e9 :<\/p>\n\n\n\n<ul class=\"wp-block-list\">\n<li>Une sen\u00adsi\u00adbil\u00adit\u00e9 accrue aux ques\u00adtions envi\u00adron\u00adnemen\u00adtales<\/li>\n\n\n\n<li>Un instinct de pro\u00adtec\u00adtion sou\u00advent asso\u00adci\u00e9 \u00e0 la mater\u00adnit\u00e9<\/li>\n\n\n\n<li>Une vision \u00e0 long terme de la san\u00adt\u00e9 de la plan\u00e8te<\/li>\n<\/ul>\n\n\n\n<p>Des actions con\u00adcr\u00e8tes<\/p>\n\n\n\n<p>Cette pas\u00adsion se traduit par un engage\u00adment act\u00adif dans :<\/p>\n\n\n\n<ul class=\"wp-block-list\">\n<li>Les asso\u00adci\u00ada\u00adtions de pro\u00adtec\u00adtion de l\u2019en\u00advi\u00adron\u00adnement<\/li>\n\n\n\n<li>Les par\u00adtis poli\u00adtiques \u00e9col\u00ado\u00adgistes<\/li>\n\n\n\n<li>Les ini\u00adtia\u00adtives locales de d\u00e9veloppe\u00adment durable<\/li>\n<\/ul>\n\n\n\n<p>Les hommes : moins sen\u00adsi\u00adbles \u00e0 l\u2019\u00e9\u00adcolo\u00adgie ?<\/p>\n\n\n\n<p>Une per\u00adcep\u00adtion st\u00e9r\u00e9o\u00adtyp\u00e9e<\/p>\n\n\n\n<p>Il serait r\u00e9duc\u00adteur d\u2019af\u00adfirmer que les hommes sont moins sen\u00adsi\u00adbles aux ques\u00adtions envi\u00adron\u00adnemen\u00adtales. Cepen\u00addant, cer\u00adtains st\u00e9r\u00e9o\u00adtypes per\u00adsis\u00adtent :<\/p>\n\n\n\n<ul class=\"wp-block-list\">\n<li>Une image d\u2019in\u00adsou\u00adciance vis-\u00e0-vis des r\u00e8gles<\/li>\n\n\n\n<li>Une sup\u00adpos\u00e9e moin\u00addre sen\u00adsi\u00adbil\u00adit\u00e9 aux enjeux \u00e9cologiques<\/li>\n<\/ul>\n\n\n\n<p>La r\u00e9al\u00adit\u00e9 est plus nuanc\u00e9e<\/p>\n\n\n\n<p>En r\u00e9al\u00adit\u00e9, de nom\u00adbreux hommes s\u2019en\u00adga\u00adgent aus\u00adsi pour l\u2019en\u00advi\u00adron\u00adnement :<\/p>\n\n\n\n<ul class=\"wp-block-list\">\n<li>Dans la recherche sci\u00aden\u00adtifique<\/li>\n\n\n\n<li>Dans l\u2019in\u00adno\u00adva\u00adtion tech\u00adnologique verte<\/li>\n\n\n\n<li>Dans l\u2019ac\u00adtivisme \u00e9cologique<\/li>\n<\/ul>\n\n\n\n<p>Une ques\u00adtion de per\u00adcep\u00adtion et d\u2019\u00e9\u00add\u00adu\u00adca\u00adtion<\/p>\n\n\n\n<p>Les r\u00f4les soci\u00adaux en \u00e9vo\u00adlu\u00adtion<\/p>\n\n\n\n<p>La per\u00adcep\u00adtion des r\u00f4les gen\u00adr\u00e9s dans la soci\u00e9t\u00e9 influ\u00adence l\u2019en\u00adgage\u00adment \u00e9cologique :<\/p>\n\n\n\n<ul class=\"wp-block-list\">\n<li>L\u2019\u00e9\u00add\u00adu\u00adca\u00adtion joue un r\u00f4le cru\u00adcial dans la sen\u00adsi\u00adbil\u00adi\u00adsa\u00adtion<\/li>\n\n\n\n<li>Les mod\u00ad\u00e8les famil\u00adi\u00adaux et soci\u00e9\u00adtaux \u00e9volu\u00adent<\/li>\n<\/ul>\n\n\n\n<p>Vers une \u00e9colo\u00adgie inclu\u00adsive<\/p>\n\n\n\n<p>L\u2019ob\u00adjec\u00adtif est de pro\u00admou\u00advoir une \u00e9colo\u00adgie qui tran\u00adscende les gen\u00adres :<\/p>\n\n\n\n<ul class=\"wp-block-list\">\n<li>Encour\u00adager l\u2019en\u00adgage\u00adment de tous, hommes et femmes<\/li>\n\n\n\n<li>Val\u00adoris\u00ader la diver\u00adsit\u00e9 des approches et des con\u00adtri\u00adbu\u00adtions<\/li>\n<\/ul>\n\n\n\n<p>En con\u00adclu\u00adsion, bien que les femmes sem\u00adblent plus vis\u00adi\u00adble\u00adment engag\u00e9es dans les mou\u00adve\u00adments \u00e9col\u00ado\u00adgistes, l\u2019en\u00adjeu envi\u00adron\u00adnemen\u00adtal con\u00adcerne l\u2019hu\u00adman\u00adit\u00e9 tout enti\u00e8re. Il est essen\u00adtiel de pro\u00admou\u00advoir une approche inclu\u00adsive de l\u2019\u00e9\u00adcolo\u00adgie, o\u00f9 cha\u00adcun, ind\u00e9pen\u00addam\u00adment de son genre, peut apporter sa con\u00adtri\u00adbu\u00adtion \u00e0 la pro\u00adtec\u00adtion de notre plan\u00e8te.<\/p>\n","protected":false},"excerpt":{"rendered":"<p>Une ques\u00adtion com\u00adplexe La sur\u00adrepr\u00e9sen\u00adta\u00adtion des femmes dans les mou\u00adve\u00adments \u00e9col\u00ado\u00adgistes et les par\u00adtis verts est un ph\u00e9nom\u00e8ne observ\u00e9 dans de nom\u00adbreux pays. Cette ten\u00addance soul\u00e8ve des inter\u00adro\u00adga\u00adtions sur les\u2026 <\/p>\n","protected":false},"author":1,"featured_media":3681,"comment_status":"open","ping_status":"open","sticky":false,"template":"","format":"standard","meta":{"wp_typography_post_enhancements_disabled":false,"footnotes":""},"categories":[73],"tags":[4213,4206,4215,4201,4211,4202,4208,4209,4203,4216,4204,4207,4212,3628,4214,2320,4210,4205],"class_list":["post-3680","post","type-post","status-publish","format-standard","has-post-thumbnail","hentry","category-on-en-parle","tag-activisme-ecologique-masculin","tag-associations-de-protection-de-lenvironnement","tag-education-et-ecologie","tag-engagement-ecologique-des-femmes","tag-engagement-ecologique-des-hommes","tag-femmes-et-ecologie","tag-initiatives-locales-de-developpement-durable","tag-innovation-technologique-verte","tag-instinct-de-protection","tag-modeles-familiaux","tag-mouvements-ecologistes-feminins","tag-partis-verts","tag-perception-des-roles-genres","tag-protection-de-lenvironnement","tag-recherche-scientifique-verte","tag-sensibilite-environnementale","tag-stereotypes-ecologiques","tag-vision-a-long-terme"],"yoast_head":"<!-- This site is optimized with the Yoast SEO plugin v24.7 - https:\/\/yoast.com\/wordpress\/plugins\/seo\/ -->\n<title>Les femmes et l&#039;\u00e9cologie : Une affinit\u00e9 naturelle ? - Bobea<\/title>\n<meta name=\"description\" content=\"La surrepr\u00e9sentation des femmes dans les mouvements \u00e9cologistes et les partis verts est un ph\u00e9nom\u00e8ne observ\u00e9 dans de nombreux pays.\" \/>\n<meta name=\"robots\" content=\"index, follow, max-snippet:-1, max-image-preview:large, max-video-preview:-1\" \/>\n<link rel=\"canonical\" href=\"https:\/\/bobea.net\/index.php\/2024\/07\/24\/les-femmes-et-lecologie-une-affinite-naturelle\/\" \/>\n<meta property=\"og:locale\" content=\"fr_FR\" \/>\n<meta property=\"og:type\" content=\"article\" \/>\n<meta property=\"og:title\" content=\"Les femmes et l&#039;\u00e9cologie : Une affinit\u00e9 naturelle ? - Bobea\" \/>\n<meta property=\"og:description\" content=\"La surrepr\u00e9sentation des femmes dans les mouvements \u00e9cologistes et les partis verts est un ph\u00e9nom\u00e8ne observ\u00e9 dans de nombreux pays.\" \/>\n<meta property=\"og:url\" content=\"https:\/\/bobea.net\/index.php\/2024\/07\/24\/les-femmes-et-lecologie-une-affinite-naturelle\/\" \/>\n<meta property=\"og:site_name\" content=\"Bobea\" \/>\n<meta property=\"article:publisher\" content=\"https:\/\/web.facebook.com\/profile.php?id=61559252188416\" \/>\n<meta property=\"article:published_time\" content=\"2024-07-24T12:50:17+00:00\" \/>\n<meta property=\"article:modified_time\" content=\"2024-07-24T12:50:19+00:00\" \/>\n<meta property=\"og:image\" content=\"https:\/\/bobea.net\/wp-content\/uploads\/2024\/07\/ekologia-1024x683-1.jpg\" \/>\n\t<meta property=\"og:image:width\" content=\"1024\" \/>\n\t<meta property=\"og:image:height\" content=\"683\" \/>\n\t<meta property=\"og:image:type\" content=\"image\/jpeg\" \/>\n<meta name=\"author\" content=\"bobea.info\" \/>\n<meta name=\"twitter:card\" content=\"summary_large_image\" \/>\n<meta name=\"twitter:label1\" content=\"\u00c9crit par\" \/>\n\t<meta name=\"twitter:data1\" content=\"bobea.info\" \/>\n\t<meta name=\"twitter:label2\" content=\"Dur\u00e9e de lecture estim\u00e9e\" \/>\n\t<meta name=\"twitter:data2\" content=\"2 minutes\" \/>\n<script type=\"application\/ld+json\" class=\"yoast-schema-graph\">{\"@context\":\"https:\/\/schema.org\",\"@graph\":[{\"@type\":\"Article\",\"@id\":\"https:\/\/bobea.net\/index.php\/2024\/07\/24\/les-femmes-et-lecologie-une-affinite-naturelle\/#article\",\"isPartOf\":{\"@id\":\"https:\/\/bobea.net\/index.php\/2024\/07\/24\/les-femmes-et-lecologie-une-affinite-naturelle\/\"},\"author\":{\"name\":\"bobea.info\",\"@id\":\"https:\/\/bobea.net\/#\/schema\/person\/e7f45ef187918d7c956bf619dce90ccf\"},\"headline\":\"Les femmes et l\u2019\u00e9cologie : Une affinit\u00e9 naturelle ?\",\"datePublished\":\"2024-07-24T12:50:17+00:00\",\"dateModified\":\"2024-07-24T12:50:19+00:00\",\"mainEntityOfPage\":{\"@id\":\"https:\/\/bobea.net\/index.php\/2024\/07\/24\/les-femmes-et-lecologie-une-affinite-naturelle\/\"},\"wordCount\":359,\"commentCount\":0,\"publisher\":{\"@id\":\"https:\/\/bobea.net\/#organization\"},\"image\":{\"@id\":\"https:\/\/bobea.net\/index.php\/2024\/07\/24\/les-femmes-et-lecologie-une-affinite-naturelle\/#primaryimage\"},\"thumbnailUrl\":\"https:\/\/bobea.net\/wp-content\/uploads\/2024\/07\/ekologia-1024x683-1.jpg\",\"keywords\":[\"activisme \u00e9cologique masculin\",\"associations de protection de l'environnement\",\"\u00e9ducation et \u00e9cologie\",\"engagement \u00e9cologique des femmes\",\"engagement \u00e9cologique des hommes\",\"femmes et \u00e9cologie\",\"initiatives locales de d\u00e9veloppement durable\",\"innovation technologique verte\",\"instinct de protection\",\"mod\u00e8les familiaux\",\"mouvements \u00e9cologistes f\u00e9minins\",\"partis verts\",\"perception des r\u00f4les genr\u00e9s\",\"protection de l'environnement\",\"recherche scientifique verte\",\"sensibilit\u00e9 environnementale\",\"st\u00e9r\u00e9otypes \u00e9cologiques\",\"vision \u00e0 long terme\"],\"articleSection\":[\"On en Parle\"],\"inLanguage\":\"fr-FR\",\"potentialAction\":[{\"@type\":\"CommentAction\",\"name\":\"Comment\",\"target\":[\"https:\/\/bobea.net\/index.php\/2024\/07\/24\/les-femmes-et-lecologie-une-affinite-naturelle\/#respond\"]}]},{\"@type\":\"WebPage\",\"@id\":\"https:\/\/bobea.net\/index.php\/2024\/07\/24\/les-femmes-et-lecologie-une-affinite-naturelle\/\",\"url\":\"https:\/\/bobea.net\/index.php\/2024\/07\/24\/les-femmes-et-lecologie-une-affinite-naturelle\/\",\"name\":\"Les femmes et l'\u00e9cologie : Une affinit\u00e9 naturelle ? - Bobea\",\"isPartOf\":{\"@id\":\"https:\/\/bobea.net\/#website\"},\"primaryImageOfPage\":{\"@id\":\"https:\/\/bobea.net\/index.php\/2024\/07\/24\/les-femmes-et-lecologie-une-affinite-naturelle\/#primaryimage\"},\"image\":{\"@id\":\"https:\/\/bobea.net\/index.php\/2024\/07\/24\/les-femmes-et-lecologie-une-affinite-naturelle\/#primaryimage\"},\"thumbnailUrl\":\"https:\/\/bobea.net\/wp-content\/uploads\/2024\/07\/ekologia-1024x683-1.jpg\",\"datePublished\":\"2024-07-24T12:50:17+00:00\",\"dateModified\":\"2024-07-24T12:50:19+00:00\",\"description\":\"La surrepr\u00e9sentation des femmes dans les mouvements \u00e9cologistes et les partis verts est un ph\u00e9nom\u00e8ne observ\u00e9 dans de nombreux pays.\",\"breadcrumb\":{\"@id\":\"https:\/\/bobea.net\/index.php\/2024\/07\/24\/les-femmes-et-lecologie-une-affinite-naturelle\/#breadcrumb\"},\"inLanguage\":\"fr-FR\",\"potentialAction\":[{\"@type\":\"ReadAction\",\"target\":[\"https:\/\/bobea.net\/index.php\/2024\/07\/24\/les-femmes-et-lecologie-une-affinite-naturelle\/\"]}]},{\"@type\":\"ImageObject\",\"inLanguage\":\"fr-FR\",\"@id\":\"https:\/\/bobea.net\/index.php\/2024\/07\/24\/les-femmes-et-lecologie-une-affinite-naturelle\/#primaryimage\",\"url\":\"https:\/\/bobea.net\/wp-content\/uploads\/2024\/07\/ekologia-1024x683-1.jpg\",\"contentUrl\":\"https:\/\/bobea.net\/wp-content\/uploads\/2024\/07\/ekologia-1024x683-1.jpg\",\"width\":1024,\"height\":683,\"caption\":\"Les femmes et l'\u00e9cologie : Une affinit\u00e9 naturelle ?\"},{\"@type\":\"BreadcrumbList\",\"@id\":\"https:\/\/bobea.net\/index.php\/2024\/07\/24\/les-femmes-et-lecologie-une-affinite-naturelle\/#breadcrumb\",\"itemListElement\":[{\"@type\":\"ListItem\",\"position\":1,\"name\":\"Accueil\",\"item\":\"https:\/\/bobea.net\/\"},{\"@type\":\"ListItem\",\"position\":2,\"name\":\"Les femmes et l&rsquo;\u00e9cologie : Une affinit\u00e9 naturelle ?\"}]},{\"@type\":\"WebSite\",\"@id\":\"https:\/\/bobea.net\/#website\",\"url\":\"https:\/\/bobea.net\/\",\"name\":\"Bobea\",\"description\":\"Le magazine de la nouvelle \u00c8ve\",\"publisher\":{\"@id\":\"https:\/\/bobea.net\/#organization\"},\"potentialAction\":[{\"@type\":\"SearchAction\",\"target\":{\"@type\":\"EntryPoint\",\"urlTemplate\":\"https:\/\/bobea.net\/?s={search_term_string}\"},\"query-input\":{\"@type\":\"PropertyValueSpecification\",\"valueRequired\":true,\"valueName\":\"search_term_string\"}}],\"inLanguage\":\"fr-FR\"},{\"@type\":\"Organization\",\"@id\":\"https:\/\/bobea.net\/#organization\",\"name\":\"Bobea\",\"url\":\"https:\/\/bobea.net\/\",\"logo\":{\"@type\":\"ImageObject\",\"inLanguage\":\"fr-FR\",\"@id\":\"https:\/\/bobea.net\/#\/schema\/logo\/image\/\",\"url\":\"https:\/\/bobea.net\/wp-content\/uploads\/2024\/06\/bobea.jpg\",\"contentUrl\":\"https:\/\/bobea.net\/wp-content\/uploads\/2024\/06\/bobea.jpg\",\"width\":1080,\"height\":1080,\"caption\":\"Bobea\"},\"image\":{\"@id\":\"https:\/\/bobea.net\/#\/schema\/logo\/image\/\"},\"sameAs\":[\"https:\/\/web.facebook.com\/profile.php?id=61559252188416\"]},{\"@type\":\"Person\",\"@id\":\"https:\/\/bobea.net\/#\/schema\/person\/e7f45ef187918d7c956bf619dce90ccf\",\"name\":\"bobea.info\",\"image\":{\"@type\":\"ImageObject\",\"inLanguage\":\"fr-FR\",\"@id\":\"https:\/\/bobea.net\/#\/schema\/person\/image\/\",\"url\":\"https:\/\/secure.gravatar.com\/avatar\/36147980349df887ae30808df3e29474?s=96&d=mm&r=g\",\"contentUrl\":\"https:\/\/secure.gravatar.com\/avatar\/36147980349df887ae30808df3e29474?s=96&d=mm&r=g\",\"caption\":\"bobea.info\"},\"sameAs\":[\"https:\/\/bobea.net\"],\"url\":\"https:\/\/bobea.net\/index.php\/author\/bobea-info\/\"}]}<\/script>\n<!-- \/ Yoast SEO plugin. -->","yoast_head_json":{"title":"Les femmes et l'\u00e9cologie : Une affinit\u00e9 naturelle ? - Bobea","description":"La surrepr\u00e9sentation des femmes dans les mouvements \u00e9cologistes et les partis verts est un ph\u00e9nom\u00e8ne observ\u00e9 dans de nombreux pays.","robots":{"index":"index","follow":"follow","max-snippet":"max-snippet:-1","max-image-preview":"max-image-preview:large","max-video-preview":"max-video-preview:-1"},"canonical":"https:\/\/bobea.net\/index.php\/2024\/07\/24\/les-femmes-et-lecologie-une-affinite-naturelle\/","og_locale":"fr_FR","og_type":"article","og_title":"Les femmes et l'\u00e9cologie : Une affinit\u00e9 naturelle ? - Bobea","og_description":"La surrepr\u00e9sentation des femmes dans les mouvements \u00e9cologistes et les partis verts est un ph\u00e9nom\u00e8ne observ\u00e9 dans de nombreux pays.","og_url":"https:\/\/bobea.net\/index.php\/2024\/07\/24\/les-femmes-et-lecologie-une-affinite-naturelle\/","og_site_name":"Bobea","article_publisher":"https:\/\/web.facebook.com\/profile.php?id=61559252188416","article_published_time":"2024-07-24T12:50:17+00:00","article_modified_time":"2024-07-24T12:50:19+00:00","og_image":[{"width":1024,"height":683,"url":"https:\/\/bobea.net\/wp-content\/uploads\/2024\/07\/ekologia-1024x683-1.jpg","type":"image\/jpeg"}],"author":"bobea.info","twitter_card":"summary_large_image","twitter_misc":{"\u00c9crit par":"bobea.info","Dur\u00e9e de lecture estim\u00e9e":"2 minutes"},"schema":{"@context":"https:\/\/schema.org","@graph":[{"@type":"Article","@id":"https:\/\/bobea.net\/index.php\/2024\/07\/24\/les-femmes-et-lecologie-une-affinite-naturelle\/#article","isPartOf":{"@id":"https:\/\/bobea.net\/index.php\/2024\/07\/24\/les-femmes-et-lecologie-une-affinite-naturelle\/"},"author":{"name":"bobea.info","@id":"https:\/\/bobea.net\/#\/schema\/person\/e7f45ef187918d7c956bf619dce90ccf"},"headline":"Les femmes et l\u2019\u00e9cologie : Une affinit\u00e9 naturelle ?","datePublished":"2024-07-24T12:50:17+00:00","dateModified":"2024-07-24T12:50:19+00:00","mainEntityOfPage":{"@id":"https:\/\/bobea.net\/index.php\/2024\/07\/24\/les-femmes-et-lecologie-une-affinite-naturelle\/"},"wordCount":359,"commentCount":0,"publisher":{"@id":"https:\/\/bobea.net\/#organization"},"image":{"@id":"https:\/\/bobea.net\/index.php\/2024\/07\/24\/les-femmes-et-lecologie-une-affinite-naturelle\/#primaryimage"},"thumbnailUrl":"https:\/\/bobea.net\/wp-content\/uploads\/2024\/07\/ekologia-1024x683-1.jpg","keywords":["activisme \u00e9cologique masculin","associations de protection de l'environnement","\u00e9ducation et \u00e9cologie","engagement \u00e9cologique des femmes","engagement \u00e9cologique des hommes","femmes et \u00e9cologie","initiatives locales de d\u00e9veloppement durable","innovation technologique verte","instinct de protection","mod\u00e8les familiaux","mouvements \u00e9cologistes f\u00e9minins","partis verts","perception des r\u00f4les genr\u00e9s","protection de l'environnement","recherche scientifique verte","sensibilit\u00e9 environnementale","st\u00e9r\u00e9otypes \u00e9cologiques","vision \u00e0 long terme"],"articleSection":["On en Parle"],"inLanguage":"fr-FR","potentialAction":[{"@type":"CommentAction","name":"Comment","target":["https:\/\/bobea.net\/index.php\/2024\/07\/24\/les-femmes-et-lecologie-une-affinite-naturelle\/#respond"]}]},{"@type":"WebPage","@id":"https:\/\/bobea.net\/index.php\/2024\/07\/24\/les-femmes-et-lecologie-une-affinite-naturelle\/","url":"https:\/\/bobea.net\/index.php\/2024\/07\/24\/les-femmes-et-lecologie-une-affinite-naturelle\/","name":"Les femmes et l'\u00e9cologie : Une affinit\u00e9 naturelle ? - Bobea","isPartOf":{"@id":"https:\/\/bobea.net\/#website"},"primaryImageOfPage":{"@id":"https:\/\/bobea.net\/index.php\/2024\/07\/24\/les-femmes-et-lecologie-une-affinite-naturelle\/#primaryimage"},"image":{"@id":"https:\/\/bobea.net\/index.php\/2024\/07\/24\/les-femmes-et-lecologie-une-affinite-naturelle\/#primaryimage"},"thumbnailUrl":"https:\/\/bobea.net\/wp-content\/uploads\/2024\/07\/ekologia-1024x683-1.jpg","datePublished":"2024-07-24T12:50:17+00:00","dateModified":"2024-07-24T12:50:19+00:00","description":"La surrepr\u00e9sentation des femmes dans les mouvements \u00e9cologistes et les partis verts est un ph\u00e9nom\u00e8ne observ\u00e9 dans de nombreux pays.","breadcrumb":{"@id":"https:\/\/bobea.net\/index.php\/2024\/07\/24\/les-femmes-et-lecologie-une-affinite-naturelle\/#breadcrumb"},"inLanguage":"fr-FR","potentialAction":[{"@type":"ReadAction","target":["https:\/\/bobea.net\/index.php\/2024\/07\/24\/les-femmes-et-lecologie-une-affinite-naturelle\/"]}]},{"@type":"ImageObject","inLanguage":"fr-FR","@id":"https:\/\/bobea.net\/index.php\/2024\/07\/24\/les-femmes-et-lecologie-une-affinite-naturelle\/#primaryimage","url":"https:\/\/bobea.net\/wp-content\/uploads\/2024\/07\/ekologia-1024x683-1.jpg","contentUrl":"https:\/\/bobea.net\/wp-content\/uploads\/2024\/07\/ekologia-1024x683-1.jpg","width":1024,"height":683,"caption":"Les femmes et l'\u00e9cologie : Une affinit\u00e9 naturelle ?"},{"@type":"BreadcrumbList","@id":"https:\/\/bobea.net\/index.php\/2024\/07\/24\/les-femmes-et-lecologie-une-affinite-naturelle\/#breadcrumb","itemListElement":[{"@type":"ListItem","position":1,"name":"Accueil","item":"https:\/\/bobea.net\/"},{"@type":"ListItem","position":2,"name":"Les femmes et l&rsquo;\u00e9cologie : Une affinit\u00e9 naturelle ?"}]},{"@type":"WebSite","@id":"https:\/\/bobea.net\/#website","url":"https:\/\/bobea.net\/","name":"Bobea","description":"Le magazine de la nouvelle \u00c8ve","publisher":{"@id":"https:\/\/bobea.net\/#organization"},"potentialAction":[{"@type":"SearchAction","target":{"@type":"EntryPoint","urlTemplate":"https:\/\/bobea.net\/?s={search_term_string}"},"query-input":{"@type":"PropertyValueSpecification","valueRequired":true,"valueName":"search_term_string"}}],"inLanguage":"fr-FR"},{"@type":"Organization","@id":"https:\/\/bobea.net\/#organization","name":"Bobea","url":"https:\/\/bobea.net\/","logo":{"@type":"ImageObject","inLanguage":"fr-FR","@id":"https:\/\/bobea.net\/#\/schema\/logo\/image\/","url":"https:\/\/bobea.net\/wp-content\/uploads\/2024\/06\/bobea.jpg","contentUrl":"https:\/\/bobea.net\/wp-content\/uploads\/2024\/06\/bobea.jpg","width":1080,"height":1080,"caption":"Bobea"},"image":{"@id":"https:\/\/bobea.net\/#\/schema\/logo\/image\/"},"sameAs":["https:\/\/web.facebook.com\/profile.php?id=61559252188416"]},{"@type":"Person","@id":"https:\/\/bobea.net\/#\/schema\/person\/e7f45ef187918d7c956bf619dce90ccf","name":"bobea.info","image":{"@type":"ImageObject","inLanguage":"fr-FR","@id":"https:\/\/bobea.net\/#\/schema\/person\/image\/","url":"https:\/\/secure.gravatar.com\/avatar\/36147980349df887ae30808df3e29474?s=96&d=mm&r=g","contentUrl":"https:\/\/secure.gravatar.com\/avatar\/36147980349df887ae30808df3e29474?s=96&d=mm&r=g","caption":"bobea.info"},"sameAs":["https:\/\/bobea.net"],"url":"https:\/\/bobea.net\/index.php\/author\/bobea-info\/"}]}},"_links":{"self":[{"href":"https:\/\/bobea.net\/index.php\/wp-json\/wp\/v2\/posts\/3680"}],"collection":[{"href":"https:\/\/bobea.net\/index.php\/wp-json\/wp\/v2\/posts"}],"about":[{"href":"https:\/\/bobea.net\/index.php\/wp-json\/wp\/v2\/types\/post"}],"author":[{"embeddable":true,"href":"https:\/\/bobea.net\/index.php\/wp-json\/wp\/v2\/users\/1"}],"replies":[{"embeddable":true,"href":"https:\/\/bobea.net\/index.php\/wp-json\/wp\/v2\/comments?post=3680"}],"version-history":[{"count":0,"href":"https:\/\/bobea.net\/index.php\/wp-json\/wp\/v2\/posts\/3680\/revisions"}],"wp:featuredmedia":[{"embeddable":true,"href":"https:\/\/bobea.net\/index.php\/wp-json\/wp\/v2\/media\/3681"}],"wp:attachment":[{"href":"https:\/\/bobea.net\/index.php\/wp-json\/wp\/v2\/media?parent=3680"}],"wp:term":[{"taxonomy":"category","embeddable":true,"href":"https:\/\/bobea.net\/index.php\/wp-json\/wp\/v2\/categories?post=3680"},{"taxonomy":"post_tag","embeddable":true,"href":"https:\/\/bobea.net\/index.php\/wp-json\/wp\/v2\/tags?post=3680"}],"curies":[{"name":"wp","href":"https:\/\/api.w.org\/{rel}","templated":true}]}}