{"id":3657,"date":"2024-07-24T10:56:13","date_gmt":"2024-07-24T10:56:13","guid":{"rendered":"https:\/\/bobea.net\/?p=3657"},"modified":"2024-07-24T10:56:14","modified_gmt":"2024-07-24T10:56:14","slug":"les-femmes-noires-en-colombie-triple-exclusion-et-triple-victimisation","status":"publish","type":"post","link":"https:\/\/bobea.net\/index.php\/2024\/07\/24\/les-femmes-noires-en-colombie-triple-exclusion-et-triple-victimisation\/","title":{"rendered":"Les femmes noires en Colombie : triple exclusion et triple victimisation"},"content":{"rendered":"\n<p>Une triple peine : \u00eatre femme, pau\u00advre et noire<\/p>\n\n\n\n<p>En Colom\u00adbie, les descen\u00addantes d\u2019esclaves africains subis\u00adsent une triple peine : elles sont vic\u00adtimes de sex\u00adisme, de racisme et d\u2019ex\u00adclu\u00adsion sociale. Cette com\u00adbi\u00adnai\u00adson de dis\u00adcrim\u00adi\u00adna\u00adtions rend leur quo\u00adti\u00addi\u00aden par\u00adti\u00adc\u00aduli\u00e8re\u00adment dif\u00adfi\u00adcile dans un pays encore mar\u00adqu\u00e9 par des in\u00e9\u00adgal\u00adit\u00e9s pro\u00adfondes.<\/p>\n\n\n\n<p>Air\u00adlin : une voix pour les femmes noires<\/p>\n\n\n\n<p>Air\u00adlin, anci\u00adenne man\u00adnequin au charisme et \u00e0 l\u2019en\u00adgage\u00adment incroy\u00adable, a pris cette cause \u00e0 bras le corps. Elle utilise sa notori\u00e9t\u00e9 pour sen\u00adsi\u00adbilis\u00ader le pub\u00adlic aux dif\u00adfi\u00adcult\u00e9s ren\u00adcon\u00adtr\u00e9es par les femmes noires en Colom\u00adbie et milite pour leurs droits.<\/p>\n\n\n\n<p>Les femmes noires dans le monde : mal vues et mal dans leur vie<\/p>\n\n\n\n<p>Les femmes noires, en Colom\u00adbie comme ailleurs, sont sou\u00advent vic\u00adtimes de st\u00e9r\u00e9o\u00adtypes n\u00e9gat\u00adifs et de dis\u00adcrim\u00adi\u00adna\u00adtions mul\u00adti\u00adples. Elles sont con\u00adfron\u00adt\u00e9es \u00e0 des obsta\u00adcles \u00e9conomiques, soci\u00adaux et cul\u00adturels qui entra\u00advent leur d\u00e9veloppe\u00adment per\u00adson\u00adnel et pro\u00adfes\u00adsion\u00adnel.<\/p>\n\n\n\n<p>Le con\u00adtexte des droits des femmes en Colom\u00adbie<\/p>\n\n\n\n<p>Les femmes en Colom\u00adbie ont obtenu des avanc\u00e9es l\u00e9g\u00adisla\u00adtives sig\u00adni\u00adfica\u00adtives, mais elles con\u00adtin\u00adu\u00adent de faire face \u00e0 de nom\u00adbreuses formes de vio\u00adlence et de dis\u00adcrim\u00adi\u00adna\u00adtion. Les femmes noires, en par\u00adti\u00adc\u00aduli\u00ader, sont affec\u00adt\u00e9es de mani\u00e8re dis\u00adpro\u00adpor\u00adtion\u00adn\u00e9e par ces injus\u00adtices. Elles subis\u00adsent des vio\u00adlences sex\u00aduelles, des d\u00e9place\u00adments for\u00adc\u00e9s et des dis\u00adcrim\u00adi\u00adna\u00adtions \u00e9conomiques et sociales.<\/p>\n\n\n\n<p>Les d\u00e9fis de la par\u00adtic\u00adi\u00adpa\u00adtion poli\u00adtique<\/p>\n\n\n\n<p>Mal\u00adgr\u00e9 les quo\u00adtas instau\u00adr\u00e9s par la loi, la par\u00adtic\u00adi\u00adpa\u00adtion des femmes \u00e0 la vie poli\u00adtique en Colom\u00adbie reste lim\u00adit\u00e9e. Les femmes noires sont encore moins repr\u00e9sen\u00adt\u00e9es, bien que des fig\u00adures comme Fran\u00adcia M\u00e1rquez, pre\u00admi\u00e8re Vice-Pr\u00e9si\u00addente afro-colom\u00adbi\u00adenne, mar\u00adquent des avanc\u00e9es his\u00adtoriques.<\/p>\n\n\n\n<p>Con\u00adclu\u00adsion : L\u2019Asie, la beaut\u00e9 et le mim\u00e9tisme europ\u00e9en<\/p>\n\n\n\n<p>Il est temps de recon\u00adna\u00eetre et de r\u00e9par\u00ader les injus\u00adtices subies par les femmes noires en Colom\u00adbie. Le mou\u00adve\u00adment pour les droits des femmes doit inclure toutes les voix, en par\u00adti\u00adc\u00aduli\u00ader celles des plus mar\u00adgin\u00adal\u00adis\u00e9es. La beaut\u00e9 et la dig\u00adnit\u00e9 des femmes noires doivent \u00eatre c\u00e9l\u00e9br\u00e9es et respec\u00adt\u00e9es, car en Asie comme en Colom\u00adbie, la recon\u00adnais\u00adsance de la beaut\u00e9 et de la valeur des femmes est essen\u00adtielle pour cr\u00e9er une soci\u00e9t\u00e9 plus juste et \u00e9quitable.En con\u00adclu\u00adsion, il est cru\u00adcial de con\u00adtin\u00aduer \u00e0 lut\u00adter con\u00adtre les dis\u00adcrim\u00adi\u00adna\u00adtions et \u00e0 pro\u00admou\u00advoir l\u2019\u00e9\u00adgal\u00adit\u00e9 pour toutes les femmes, ind\u00e9pen\u00addam\u00adment de leur orig\u00adine eth\u00adnique ou de leur statut social. Le respect et la dig\u00adnit\u00e9 doivent \u00eatre au c\u0153ur de nos actions pour un avenir meilleur.<\/p>\n","protected":false},"excerpt":{"rendered":"<p>Une triple peine : \u00eatre femme, pau\u00advre et noire En Colom\u00adbie, les descen\u00addantes d\u2019esclaves africains subis\u00adsent une triple peine : elles sont vic\u00adtimes de sex\u00adisme, de racisme et d\u2019ex\u00adclu\u00adsion sociale.\u2026 <\/p>\n","protected":false},"author":1,"featured_media":3658,"comment_status":"open","ping_status":"open","sticky":false,"template":"","format":"standard","meta":{"wp_typography_post_enhancements_disabled":false,"footnotes":""},"categories":[83,67],"tags":[],"class_list":["post-3657","post","type-post","status-publish","format-standard","has-post-thumbnail","hentry","category-dreams-people","category-tendances"],"yoast_head":"<!-- This site is optimized with the Yoast SEO plugin v24.7 - https:\/\/yoast.com\/wordpress\/plugins\/seo\/ -->\n<title>Les femmes noires en Colombie : triple exclusion et triple victimisation - Bobea<\/title>\n<meta name=\"description\" content=\"En Colombie, les descendantes d&#039;esclaves africains subissent une triple peine : elles sont victimes de sexisme, de racisme\" \/>\n<meta name=\"robots\" content=\"index, follow, max-snippet:-1, max-image-preview:large, max-video-preview:-1\" \/>\n<link rel=\"canonical\" href=\"https:\/\/bobea.net\/index.php\/2024\/07\/24\/les-femmes-noires-en-colombie-triple-exclusion-et-triple-victimisation\/\" \/>\n<meta property=\"og:locale\" content=\"fr_FR\" \/>\n<meta property=\"og:type\" content=\"article\" \/>\n<meta property=\"og:title\" content=\"Les femmes noires en Colombie : triple exclusion et triple victimisation - Bobea\" \/>\n<meta property=\"og:description\" content=\"En Colombie, les descendantes d&#039;esclaves africains subissent une triple peine : elles sont victimes de sexisme, de racisme\" \/>\n<meta property=\"og:url\" content=\"https:\/\/bobea.net\/index.php\/2024\/07\/24\/les-femmes-noires-en-colombie-triple-exclusion-et-triple-victimisation\/\" \/>\n<meta property=\"og:site_name\" content=\"Bobea\" \/>\n<meta property=\"article:publisher\" content=\"https:\/\/web.facebook.com\/profile.php?id=61559252188416\" \/>\n<meta property=\"article:published_time\" content=\"2024-07-24T10:56:13+00:00\" \/>\n<meta property=\"article:modified_time\" content=\"2024-07-24T10:56:14+00:00\" \/>\n<meta property=\"og:image\" content=\"https:\/\/bobea.net\/wp-content\/uploads\/2024\/07\/R-8-5.jpeg\" \/>\n\t<meta property=\"og:image:width\" content=\"700\" \/>\n\t<meta property=\"og:image:height\" content=\"438\" \/>\n\t<meta property=\"og:image:type\" content=\"image\/jpeg\" \/>\n<meta name=\"author\" content=\"bobea.info\" \/>\n<meta name=\"twitter:card\" content=\"summary_large_image\" \/>\n<meta name=\"twitter:label1\" content=\"\u00c9crit par\" \/>\n\t<meta name=\"twitter:data1\" content=\"bobea.info\" \/>\n\t<meta name=\"twitter:label2\" content=\"Dur\u00e9e de lecture estim\u00e9e\" \/>\n\t<meta name=\"twitter:data2\" content=\"3 minutes\" \/>\n<script type=\"application\/ld+json\" class=\"yoast-schema-graph\">{\"@context\":\"https:\/\/schema.org\",\"@graph\":[{\"@type\":\"Article\",\"@id\":\"https:\/\/bobea.net\/index.php\/2024\/07\/24\/les-femmes-noires-en-colombie-triple-exclusion-et-triple-victimisation\/#article\",\"isPartOf\":{\"@id\":\"https:\/\/bobea.net\/index.php\/2024\/07\/24\/les-femmes-noires-en-colombie-triple-exclusion-et-triple-victimisation\/\"},\"author\":{\"name\":\"bobea.info\",\"@id\":\"https:\/\/bobea.net\/#\/schema\/person\/e7f45ef187918d7c956bf619dce90ccf\"},\"headline\":\"Les femmes noires en Colombie : triple exclusion et triple victimisation\",\"datePublished\":\"2024-07-24T10:56:13+00:00\",\"dateModified\":\"2024-07-24T10:56:14+00:00\",\"mainEntityOfPage\":{\"@id\":\"https:\/\/bobea.net\/index.php\/2024\/07\/24\/les-femmes-noires-en-colombie-triple-exclusion-et-triple-victimisation\/\"},\"wordCount\":422,\"commentCount\":4,\"publisher\":{\"@id\":\"https:\/\/bobea.net\/#organization\"},\"image\":{\"@id\":\"https:\/\/bobea.net\/index.php\/2024\/07\/24\/les-femmes-noires-en-colombie-triple-exclusion-et-triple-victimisation\/#primaryimage\"},\"thumbnailUrl\":\"https:\/\/bobea.net\/wp-content\/uploads\/2024\/07\/R-8-5.jpeg\",\"articleSection\":[\"Dreams People\",\"Tendances\"],\"inLanguage\":\"fr-FR\",\"potentialAction\":[{\"@type\":\"CommentAction\",\"name\":\"Comment\",\"target\":[\"https:\/\/bobea.net\/index.php\/2024\/07\/24\/les-femmes-noires-en-colombie-triple-exclusion-et-triple-victimisation\/#respond\"]}]},{\"@type\":\"WebPage\",\"@id\":\"https:\/\/bobea.net\/index.php\/2024\/07\/24\/les-femmes-noires-en-colombie-triple-exclusion-et-triple-victimisation\/\",\"url\":\"https:\/\/bobea.net\/index.php\/2024\/07\/24\/les-femmes-noires-en-colombie-triple-exclusion-et-triple-victimisation\/\",\"name\":\"Les femmes noires en Colombie : triple exclusion et triple victimisation - Bobea\",\"isPartOf\":{\"@id\":\"https:\/\/bobea.net\/#website\"},\"primaryImageOfPage\":{\"@id\":\"https:\/\/bobea.net\/index.php\/2024\/07\/24\/les-femmes-noires-en-colombie-triple-exclusion-et-triple-victimisation\/#primaryimage\"},\"image\":{\"@id\":\"https:\/\/bobea.net\/index.php\/2024\/07\/24\/les-femmes-noires-en-colombie-triple-exclusion-et-triple-victimisation\/#primaryimage\"},\"thumbnailUrl\":\"https:\/\/bobea.net\/wp-content\/uploads\/2024\/07\/R-8-5.jpeg\",\"datePublished\":\"2024-07-24T10:56:13+00:00\",\"dateModified\":\"2024-07-24T10:56:14+00:00\",\"description\":\"En Colombie, les descendantes d'esclaves africains subissent une triple peine : elles sont victimes de sexisme, de racisme\",\"breadcrumb\":{\"@id\":\"https:\/\/bobea.net\/index.php\/2024\/07\/24\/les-femmes-noires-en-colombie-triple-exclusion-et-triple-victimisation\/#breadcrumb\"},\"inLanguage\":\"fr-FR\",\"potentialAction\":[{\"@type\":\"ReadAction\",\"target\":[\"https:\/\/bobea.net\/index.php\/2024\/07\/24\/les-femmes-noires-en-colombie-triple-exclusion-et-triple-victimisation\/\"]}]},{\"@type\":\"ImageObject\",\"inLanguage\":\"fr-FR\",\"@id\":\"https:\/\/bobea.net\/index.php\/2024\/07\/24\/les-femmes-noires-en-colombie-triple-exclusion-et-triple-victimisation\/#primaryimage\",\"url\":\"https:\/\/bobea.net\/wp-content\/uploads\/2024\/07\/R-8-5.jpeg\",\"contentUrl\":\"https:\/\/bobea.net\/wp-content\/uploads\/2024\/07\/R-8-5.jpeg\",\"width\":700,\"height\":438,\"caption\":\"Les femmes noires en Colombie : triple exclusion et triple victimisation\"},{\"@type\":\"BreadcrumbList\",\"@id\":\"https:\/\/bobea.net\/index.php\/2024\/07\/24\/les-femmes-noires-en-colombie-triple-exclusion-et-triple-victimisation\/#breadcrumb\",\"itemListElement\":[{\"@type\":\"ListItem\",\"position\":1,\"name\":\"Accueil\",\"item\":\"https:\/\/bobea.net\/\"},{\"@type\":\"ListItem\",\"position\":2,\"name\":\"Les femmes noires en Colombie : triple exclusion et triple victimisation\"}]},{\"@type\":\"WebSite\",\"@id\":\"https:\/\/bobea.net\/#website\",\"url\":\"https:\/\/bobea.net\/\",\"name\":\"Bobea\",\"description\":\"Le magazine de la nouvelle \u00c8ve\",\"publisher\":{\"@id\":\"https:\/\/bobea.net\/#organization\"},\"potentialAction\":[{\"@type\":\"SearchAction\",\"target\":{\"@type\":\"EntryPoint\",\"urlTemplate\":\"https:\/\/bobea.net\/?s={search_term_string}\"},\"query-input\":{\"@type\":\"PropertyValueSpecification\",\"valueRequired\":true,\"valueName\":\"search_term_string\"}}],\"inLanguage\":\"fr-FR\"},{\"@type\":\"Organization\",\"@id\":\"https:\/\/bobea.net\/#organization\",\"name\":\"Bobea\",\"url\":\"https:\/\/bobea.net\/\",\"logo\":{\"@type\":\"ImageObject\",\"inLanguage\":\"fr-FR\",\"@id\":\"https:\/\/bobea.net\/#\/schema\/logo\/image\/\",\"url\":\"https:\/\/bobea.net\/wp-content\/uploads\/2024\/06\/bobea.jpg\",\"contentUrl\":\"https:\/\/bobea.net\/wp-content\/uploads\/2024\/06\/bobea.jpg\",\"width\":1080,\"height\":1080,\"caption\":\"Bobea\"},\"image\":{\"@id\":\"https:\/\/bobea.net\/#\/schema\/logo\/image\/\"},\"sameAs\":[\"https:\/\/web.facebook.com\/profile.php?id=61559252188416\"]},{\"@type\":\"Person\",\"@id\":\"https:\/\/bobea.net\/#\/schema\/person\/e7f45ef187918d7c956bf619dce90ccf\",\"name\":\"bobea.info\",\"image\":{\"@type\":\"ImageObject\",\"inLanguage\":\"fr-FR\",\"@id\":\"https:\/\/bobea.net\/#\/schema\/person\/image\/\",\"url\":\"https:\/\/secure.gravatar.com\/avatar\/36147980349df887ae30808df3e29474?s=96&d=mm&r=g\",\"contentUrl\":\"https:\/\/secure.gravatar.com\/avatar\/36147980349df887ae30808df3e29474?s=96&d=mm&r=g\",\"caption\":\"bobea.info\"},\"sameAs\":[\"https:\/\/bobea.net\"],\"url\":\"https:\/\/bobea.net\/index.php\/author\/bobea-info\/\"}]}<\/script>\n<!-- \/ Yoast SEO plugin. -->","yoast_head_json":{"title":"Les femmes noires en Colombie : triple exclusion et triple victimisation - Bobea","description":"En Colombie, les descendantes d'esclaves africains subissent une triple peine : elles sont victimes de sexisme, de racisme","robots":{"index":"index","follow":"follow","max-snippet":"max-snippet:-1","max-image-preview":"max-image-preview:large","max-video-preview":"max-video-preview:-1"},"canonical":"https:\/\/bobea.net\/index.php\/2024\/07\/24\/les-femmes-noires-en-colombie-triple-exclusion-et-triple-victimisation\/","og_locale":"fr_FR","og_type":"article","og_title":"Les femmes noires en Colombie : triple exclusion et triple victimisation - Bobea","og_description":"En Colombie, les descendantes d'esclaves africains subissent une triple peine : elles sont victimes de sexisme, de racisme","og_url":"https:\/\/bobea.net\/index.php\/2024\/07\/24\/les-femmes-noires-en-colombie-triple-exclusion-et-triple-victimisation\/","og_site_name":"Bobea","article_publisher":"https:\/\/web.facebook.com\/profile.php?id=61559252188416","article_published_time":"2024-07-24T10:56:13+00:00","article_modified_time":"2024-07-24T10:56:14+00:00","og_image":[{"width":700,"height":438,"url":"https:\/\/bobea.net\/wp-content\/uploads\/2024\/07\/R-8-5.jpeg","type":"image\/jpeg"}],"author":"bobea.info","twitter_card":"summary_large_image","twitter_misc":{"\u00c9crit par":"bobea.info","Dur\u00e9e de lecture estim\u00e9e":"3 minutes"},"schema":{"@context":"https:\/\/schema.org","@graph":[{"@type":"Article","@id":"https:\/\/bobea.net\/index.php\/2024\/07\/24\/les-femmes-noires-en-colombie-triple-exclusion-et-triple-victimisation\/#article","isPartOf":{"@id":"https:\/\/bobea.net\/index.php\/2024\/07\/24\/les-femmes-noires-en-colombie-triple-exclusion-et-triple-victimisation\/"},"author":{"name":"bobea.info","@id":"https:\/\/bobea.net\/#\/schema\/person\/e7f45ef187918d7c956bf619dce90ccf"},"headline":"Les femmes noires en Colombie : triple exclusion et triple victimisation","datePublished":"2024-07-24T10:56:13+00:00","dateModified":"2024-07-24T10:56:14+00:00","mainEntityOfPage":{"@id":"https:\/\/bobea.net\/index.php\/2024\/07\/24\/les-femmes-noires-en-colombie-triple-exclusion-et-triple-victimisation\/"},"wordCount":422,"commentCount":4,"publisher":{"@id":"https:\/\/bobea.net\/#organization"},"image":{"@id":"https:\/\/bobea.net\/index.php\/2024\/07\/24\/les-femmes-noires-en-colombie-triple-exclusion-et-triple-victimisation\/#primaryimage"},"thumbnailUrl":"https:\/\/bobea.net\/wp-content\/uploads\/2024\/07\/R-8-5.jpeg","articleSection":["Dreams People","Tendances"],"inLanguage":"fr-FR","potentialAction":[{"@type":"CommentAction","name":"Comment","target":["https:\/\/bobea.net\/index.php\/2024\/07\/24\/les-femmes-noires-en-colombie-triple-exclusion-et-triple-victimisation\/#respond"]}]},{"@type":"WebPage","@id":"https:\/\/bobea.net\/index.php\/2024\/07\/24\/les-femmes-noires-en-colombie-triple-exclusion-et-triple-victimisation\/","url":"https:\/\/bobea.net\/index.php\/2024\/07\/24\/les-femmes-noires-en-colombie-triple-exclusion-et-triple-victimisation\/","name":"Les femmes noires en Colombie : triple exclusion et triple victimisation - Bobea","isPartOf":{"@id":"https:\/\/bobea.net\/#website"},"primaryImageOfPage":{"@id":"https:\/\/bobea.net\/index.php\/2024\/07\/24\/les-femmes-noires-en-colombie-triple-exclusion-et-triple-victimisation\/#primaryimage"},"image":{"@id":"https:\/\/bobea.net\/index.php\/2024\/07\/24\/les-femmes-noires-en-colombie-triple-exclusion-et-triple-victimisation\/#primaryimage"},"thumbnailUrl":"https:\/\/bobea.net\/wp-content\/uploads\/2024\/07\/R-8-5.jpeg","datePublished":"2024-07-24T10:56:13+00:00","dateModified":"2024-07-24T10:56:14+00:00","description":"En Colombie, les descendantes d'esclaves africains subissent une triple peine : elles sont victimes de sexisme, de racisme","breadcrumb":{"@id":"https:\/\/bobea.net\/index.php\/2024\/07\/24\/les-femmes-noires-en-colombie-triple-exclusion-et-triple-victimisation\/#breadcrumb"},"inLanguage":"fr-FR","potentialAction":[{"@type":"ReadAction","target":["https:\/\/bobea.net\/index.php\/2024\/07\/24\/les-femmes-noires-en-colombie-triple-exclusion-et-triple-victimisation\/"]}]},{"@type":"ImageObject","inLanguage":"fr-FR","@id":"https:\/\/bobea.net\/index.php\/2024\/07\/24\/les-femmes-noires-en-colombie-triple-exclusion-et-triple-victimisation\/#primaryimage","url":"https:\/\/bobea.net\/wp-content\/uploads\/2024\/07\/R-8-5.jpeg","contentUrl":"https:\/\/bobea.net\/wp-content\/uploads\/2024\/07\/R-8-5.jpeg","width":700,"height":438,"caption":"Les femmes noires en Colombie : triple exclusion et triple victimisation"},{"@type":"BreadcrumbList","@id":"https:\/\/bobea.net\/index.php\/2024\/07\/24\/les-femmes-noires-en-colombie-triple-exclusion-et-triple-victimisation\/#breadcrumb","itemListElement":[{"@type":"ListItem","position":1,"name":"Accueil","item":"https:\/\/bobea.net\/"},{"@type":"ListItem","position":2,"name":"Les femmes noires en Colombie : triple exclusion et triple victimisation"}]},{"@type":"WebSite","@id":"https:\/\/bobea.net\/#website","url":"https:\/\/bobea.net\/","name":"Bobea","description":"Le magazine de la nouvelle \u00c8ve","publisher":{"@id":"https:\/\/bobea.net\/#organization"},"potentialAction":[{"@type":"SearchAction","target":{"@type":"EntryPoint","urlTemplate":"https:\/\/bobea.net\/?s={search_term_string}"},"query-input":{"@type":"PropertyValueSpecification","valueRequired":true,"valueName":"search_term_string"}}],"inLanguage":"fr-FR"},{"@type":"Organization","@id":"https:\/\/bobea.net\/#organization","name":"Bobea","url":"https:\/\/bobea.net\/","logo":{"@type":"ImageObject","inLanguage":"fr-FR","@id":"https:\/\/bobea.net\/#\/schema\/logo\/image\/","url":"https:\/\/bobea.net\/wp-content\/uploads\/2024\/06\/bobea.jpg","contentUrl":"https:\/\/bobea.net\/wp-content\/uploads\/2024\/06\/bobea.jpg","width":1080,"height":1080,"caption":"Bobea"},"image":{"@id":"https:\/\/bobea.net\/#\/schema\/logo\/image\/"},"sameAs":["https:\/\/web.facebook.com\/profile.php?id=61559252188416"]},{"@type":"Person","@id":"https:\/\/bobea.net\/#\/schema\/person\/e7f45ef187918d7c956bf619dce90ccf","name":"bobea.info","image":{"@type":"ImageObject","inLanguage":"fr-FR","@id":"https:\/\/bobea.net\/#\/schema\/person\/image\/","url":"https:\/\/secure.gravatar.com\/avatar\/36147980349df887ae30808df3e29474?s=96&d=mm&r=g","contentUrl":"https:\/\/secure.gravatar.com\/avatar\/36147980349df887ae30808df3e29474?s=96&d=mm&r=g","caption":"bobea.info"},"sameAs":["https:\/\/bobea.net"],"url":"https:\/\/bobea.net\/index.php\/author\/bobea-info\/"}]}},"_links":{"self":[{"href":"https:\/\/bobea.net\/index.php\/wp-json\/wp\/v2\/posts\/3657"}],"collection":[{"href":"https:\/\/bobea.net\/index.php\/wp-json\/wp\/v2\/posts"}],"about":[{"href":"https:\/\/bobea.net\/index.php\/wp-json\/wp\/v2\/types\/post"}],"author":[{"embeddable":true,"href":"https:\/\/bobea.net\/index.php\/wp-json\/wp\/v2\/users\/1"}],"replies":[{"embeddable":true,"href":"https:\/\/bobea.net\/index.php\/wp-json\/wp\/v2\/comments?post=3657"}],"version-history":[{"count":0,"href":"https:\/\/bobea.net\/index.php\/wp-json\/wp\/v2\/posts\/3657\/revisions"}],"wp:featuredmedia":[{"embeddable":true,"href":"https:\/\/bobea.net\/index.php\/wp-json\/wp\/v2\/media\/3658"}],"wp:attachment":[{"href":"https:\/\/bobea.net\/index.php\/wp-json\/wp\/v2\/media?parent=3657"}],"wp:term":[{"taxonomy":"category","embeddable":true,"href":"https:\/\/bobea.net\/index.php\/wp-json\/wp\/v2\/categories?post=3657"},{"taxonomy":"post_tag","embeddable":true,"href":"https:\/\/bobea.net\/index.php\/wp-json\/wp\/v2\/tags?post=3657"}],"curies":[{"name":"wp","href":"https:\/\/api.w.org\/{rel}","templated":true}]}}