{"id":3501,"date":"2024-07-17T14:30:41","date_gmt":"2024-07-17T14:30:41","guid":{"rendered":"https:\/\/bobea.net\/?p=3501"},"modified":"2024-07-17T14:30:46","modified_gmt":"2024-07-17T14:30:46","slug":"rihanna-fete-son-anniversaire-lartiste-feminine-la-plus-vendue-dans-le-monde","status":"publish","type":"post","link":"https:\/\/bobea.net\/index.php\/2024\/07\/17\/rihanna-fete-son-anniversaire-lartiste-feminine-la-plus-vendue-dans-le-monde\/","title":{"rendered":"Rihanna f\u00eate son anniversaire : L\u2019artiste f\u00e9minine la plus vendue dans le monde"},"content":{"rendered":"\n<p>Aujour\u00add\u2019hui, Rihan\u00adna c\u00e9l\u00e8bre son 36e anniver\u00adsaire, mar\u00adquant une nou\u00advelle \u00e9tape dans la car\u00adri\u00e8re extra\u00ador\u00addi\u00adnaire de cette ic\u00f4ne de la musique.&nbsp;N\u00e9e le 20 f\u00e9vri\u00ader 1988 \u00e0 la Bar\u00adbade, Robyn Rihan\u00adna Fen\u00adty s\u2019est impos\u00e9e comme l\u2019une des artistes les plus influ\u00adentes de notre \u00e9poque.<\/p>\n\n\n\n<p><strong>Une car\u00adri\u00e8re jalon\u00adn\u00e9e de records<\/strong><\/p>\n\n\n\n<p>Rihan\u00adna a ven\u00addu plus de 280 mil\u00adlions d\u2019al\u00adbums et sin\u00adgles depuis ses d\u00e9buts en 2005, ce qui fait d\u2019elle l\u2019une des artistes solo ayant ven\u00addu le plus de dis\u00adques au monde.&nbsp;Elle d\u00e9tient \u00e9gale\u00adment le record de 251 mil\u00adlions de t\u00e9l\u00e9charge\u00adments et son\u00adner\u00adies, faisant d\u2019elle l\u2019artiste comp\u00adtant le plus de ventes num\u00e9riques de tous les temps.<\/p>\n\n\n\n<p><strong>Une voix unique et un tal\u00adent poly\u00adva\u00adlent<\/strong><\/p>\n\n\n\n<p>Le tal\u00adent vocal excep\u00adtion\u00adnel de Rihan\u00adna lui a per\u00admis de con\u00adqu\u00e9rir les charts mon\u00addi\u00adaux avec une s\u00e9rie d\u2019al\u00adbums acclam\u00e9s, allant du dance\u00adhall au RnB en pas\u00adsant par la pop et le rock.&nbsp;Sa capac\u00adit\u00e9 \u00e0 \u00e9mou\u00advoir son pub\u00adlic \u00e0 tra\u00advers sa musique est ind\u00e9\u00adni\u00adable, faisant d\u2019elle une artiste v\u00e9ri\u00adta\u00adble\u00adment hors pair.<\/p>\n\n\n\n<p><strong>Une per\u00adson\u00adnal\u00adit\u00e9 attachante<\/strong><\/p>\n\n\n\n<p>Au-del\u00e0 de son suc\u00adc\u00e8s musi\u00adcal, Rihan\u00adna est appr\u00e9\u00adci\u00e9e pour sa sim\u00adplic\u00adit\u00e9 et son authen\u00adtic\u00adit\u00e9.&nbsp;Sa per\u00adson\u00adnal\u00adit\u00e9 franche et sa con\u00adnex\u00adion avec ses fans ont con\u00adtribu\u00e9 \u00e0 sa pop\u00adu\u00adlar\u00adit\u00e9 durable dans l\u2019in\u00addus\u00adtrie du diver\u00adtisse\u00adment.<\/p>\n\n\n\n<p><strong>Une femme mod\u00aderne et accom\u00adplie<\/strong><\/p>\n\n\n\n<p>Aujour\u00add\u2019hui, Rihan\u00adna incar\u00adne la femme mod\u00aderne dans toute sa com\u00adplex\u00adit\u00e9. Elle jon\u00adgle avec suc\u00adc\u00e8s entre sa car\u00adri\u00e8re musi\u00adcale, ses entre\u00adpris\u00ades com\u00admer\u00adciales et sa vie per\u00adson\u00adnelle. R\u00e9cem\u00adment dev\u00adenue m\u00e8re, elle con\u00adtin\u00adue de repouss\u00ader les lim\u00adites de ce qu\u2019une artiste peut accom\u00adplir.<\/p>\n\n\n\n<p>En con\u00adclu\u00adsion, alors que Rihan\u00adna c\u00e9l\u00e8bre son anniver\u00adsaire, elle reste une fig\u00adure inspi\u00adrante pour de nom\u00adbreuses per\u00adson\u00adnes \u00e0 tra\u00advers le monde. Son par\u00adcours illus\u00adtre par\u00adfaite\u00adment l\u2019im\u00adage d\u2019une femme belle, ambitieuse et amoureuse, tout en restant fid\u00e8le \u00e0 ses racines et \u00e0 elle-m\u00eame.<\/p>\n","protected":false},"excerpt":{"rendered":"<p>Aujour\u00add\u2019hui, Rihan\u00adna c\u00e9l\u00e8bre son 36e anniver\u00adsaire, mar\u00adquant une nou\u00advelle \u00e9tape dans la car\u00adri\u00e8re extra\u00ador\u00addi\u00adnaire de cette ic\u00f4ne de la musique.&nbsp;N\u00e9e le 20 f\u00e9vri\u00ader 1988 \u00e0 la Bar\u00adbade, Robyn Rihan\u00adna Fen\u00adty\u2026 <\/p>\n","protected":false},"author":1,"featured_media":3502,"comment_status":"open","ping_status":"open","sticky":false,"template":"","format":"standard","meta":{"wp_typography_post_enhancements_disabled":false,"footnotes":""},"categories":[79,80,74,75],"tags":[3578,3579,683,3581,2043,3582,3583,536,3580,109,2438,2280],"class_list":["post-3501","post","type-post","status-publish","format-standard","has-post-thumbnail","hentry","category-a-la-une","category-arts","category-gloria","category-succes-story","tag-36e-anniversaire","tag-artiste-feminine-la-plus-vendue","tag-carriere-musicale","tag-diversite-musicale","tag-entrepreneuriat","tag-icone-de-la-musique","tag-inspiration-feminine","tag-maternite","tag-records-de-ventes","tag-rihanna","tag-succes-mondial","tag-talent-vocal"],"yoast_head":"<!-- This site is optimized with the Yoast SEO plugin v24.7 - https:\/\/yoast.com\/wordpress\/plugins\/seo\/ -->\n<title>Rihanna f\u00eate son anniversaire : L&#039;artiste f\u00e9minine la plus vendue dans le monde - Bobea<\/title>\n<meta name=\"description\" content=\"Aujourd&#039;hui, Rihanna c\u00e9l\u00e8bre son 36e anniversaire, marquant une nouvelle \u00e9tape dans la carri\u00e8re extraordinaire de cette ic\u00f4ne\" \/>\n<meta name=\"robots\" content=\"index, follow, max-snippet:-1, max-image-preview:large, max-video-preview:-1\" \/>\n<link rel=\"canonical\" href=\"https:\/\/bobea.net\/index.php\/2024\/07\/17\/rihanna-fete-son-anniversaire-lartiste-feminine-la-plus-vendue-dans-le-monde\/\" \/>\n<meta property=\"og:locale\" content=\"fr_FR\" \/>\n<meta property=\"og:type\" content=\"article\" \/>\n<meta property=\"og:title\" content=\"Rihanna f\u00eate son anniversaire : L&#039;artiste f\u00e9minine la plus vendue dans le monde - Bobea\" \/>\n<meta property=\"og:description\" content=\"Aujourd&#039;hui, Rihanna c\u00e9l\u00e8bre son 36e anniversaire, marquant une nouvelle \u00e9tape dans la carri\u00e8re extraordinaire de cette ic\u00f4ne\" \/>\n<meta property=\"og:url\" content=\"https:\/\/bobea.net\/index.php\/2024\/07\/17\/rihanna-fete-son-anniversaire-lartiste-feminine-la-plus-vendue-dans-le-monde\/\" \/>\n<meta property=\"og:site_name\" content=\"Bobea\" \/>\n<meta property=\"article:publisher\" content=\"https:\/\/web.facebook.com\/profile.php?id=61559252188416\" \/>\n<meta property=\"article:published_time\" content=\"2024-07-17T14:30:41+00:00\" \/>\n<meta property=\"article:modified_time\" content=\"2024-07-17T14:30:46+00:00\" \/>\n<meta property=\"og:image\" content=\"https:\/\/bobea.net\/wp-content\/uploads\/2024\/07\/58cfd1fa0f445586f2fb6941362d465b.png\" \/>\n\t<meta property=\"og:image:width\" content=\"1200\" \/>\n\t<meta property=\"og:image:height\" content=\"675\" \/>\n\t<meta property=\"og:image:type\" content=\"image\/png\" \/>\n<meta name=\"author\" content=\"bobea.info\" \/>\n<meta name=\"twitter:card\" content=\"summary_large_image\" \/>\n<meta name=\"twitter:label1\" content=\"\u00c9crit par\" \/>\n\t<meta name=\"twitter:data1\" content=\"bobea.info\" \/>\n\t<meta name=\"twitter:label2\" content=\"Dur\u00e9e de lecture estim\u00e9e\" \/>\n\t<meta name=\"twitter:data2\" content=\"2 minutes\" \/>\n<script type=\"application\/ld+json\" class=\"yoast-schema-graph\">{\"@context\":\"https:\/\/schema.org\",\"@graph\":[{\"@type\":\"Article\",\"@id\":\"https:\/\/bobea.net\/index.php\/2024\/07\/17\/rihanna-fete-son-anniversaire-lartiste-feminine-la-plus-vendue-dans-le-monde\/#article\",\"isPartOf\":{\"@id\":\"https:\/\/bobea.net\/index.php\/2024\/07\/17\/rihanna-fete-son-anniversaire-lartiste-feminine-la-plus-vendue-dans-le-monde\/\"},\"author\":{\"name\":\"bobea.info\",\"@id\":\"https:\/\/bobea.net\/#\/schema\/person\/e7f45ef187918d7c956bf619dce90ccf\"},\"headline\":\"Rihanna f\u00eate son anniversaire : L\u2019artiste f\u00e9minine la plus vendue dans le monde\",\"datePublished\":\"2024-07-17T14:30:41+00:00\",\"dateModified\":\"2024-07-17T14:30:46+00:00\",\"mainEntityOfPage\":{\"@id\":\"https:\/\/bobea.net\/index.php\/2024\/07\/17\/rihanna-fete-son-anniversaire-lartiste-feminine-la-plus-vendue-dans-le-monde\/\"},\"wordCount\":333,\"commentCount\":0,\"publisher\":{\"@id\":\"https:\/\/bobea.net\/#organization\"},\"image\":{\"@id\":\"https:\/\/bobea.net\/index.php\/2024\/07\/17\/rihanna-fete-son-anniversaire-lartiste-feminine-la-plus-vendue-dans-le-monde\/#primaryimage\"},\"thumbnailUrl\":\"https:\/\/bobea.net\/wp-content\/uploads\/2024\/07\/58cfd1fa0f445586f2fb6941362d465b.png\",\"keywords\":[\"36e anniversaire\",\"artiste f\u00e9minine la plus vendue\",\"carri\u00e8re musicale\",\"diversit\u00e9 musicale\",\"entrepreneuriat\",\"ic\u00f4ne de la musique\",\"inspiration f\u00e9minine\",\"maternit\u00e9\",\"records de ventes\",\"Rihanna\",\"succ\u00e8s mondial\",\"talent vocal\"],\"articleSection\":[\"A la Une\",\"Arts\",\"Gloria\",\"Succ\u00e8s Story\"],\"inLanguage\":\"fr-FR\",\"potentialAction\":[{\"@type\":\"CommentAction\",\"name\":\"Comment\",\"target\":[\"https:\/\/bobea.net\/index.php\/2024\/07\/17\/rihanna-fete-son-anniversaire-lartiste-feminine-la-plus-vendue-dans-le-monde\/#respond\"]}]},{\"@type\":\"WebPage\",\"@id\":\"https:\/\/bobea.net\/index.php\/2024\/07\/17\/rihanna-fete-son-anniversaire-lartiste-feminine-la-plus-vendue-dans-le-monde\/\",\"url\":\"https:\/\/bobea.net\/index.php\/2024\/07\/17\/rihanna-fete-son-anniversaire-lartiste-feminine-la-plus-vendue-dans-le-monde\/\",\"name\":\"Rihanna f\u00eate son anniversaire : L'artiste f\u00e9minine la plus vendue dans le monde - Bobea\",\"isPartOf\":{\"@id\":\"https:\/\/bobea.net\/#website\"},\"primaryImageOfPage\":{\"@id\":\"https:\/\/bobea.net\/index.php\/2024\/07\/17\/rihanna-fete-son-anniversaire-lartiste-feminine-la-plus-vendue-dans-le-monde\/#primaryimage\"},\"image\":{\"@id\":\"https:\/\/bobea.net\/index.php\/2024\/07\/17\/rihanna-fete-son-anniversaire-lartiste-feminine-la-plus-vendue-dans-le-monde\/#primaryimage\"},\"thumbnailUrl\":\"https:\/\/bobea.net\/wp-content\/uploads\/2024\/07\/58cfd1fa0f445586f2fb6941362d465b.png\",\"datePublished\":\"2024-07-17T14:30:41+00:00\",\"dateModified\":\"2024-07-17T14:30:46+00:00\",\"description\":\"Aujourd'hui, Rihanna c\u00e9l\u00e8bre son 36e anniversaire, marquant une nouvelle \u00e9tape dans la carri\u00e8re extraordinaire de cette ic\u00f4ne\",\"breadcrumb\":{\"@id\":\"https:\/\/bobea.net\/index.php\/2024\/07\/17\/rihanna-fete-son-anniversaire-lartiste-feminine-la-plus-vendue-dans-le-monde\/#breadcrumb\"},\"inLanguage\":\"fr-FR\",\"potentialAction\":[{\"@type\":\"ReadAction\",\"target\":[\"https:\/\/bobea.net\/index.php\/2024\/07\/17\/rihanna-fete-son-anniversaire-lartiste-feminine-la-plus-vendue-dans-le-monde\/\"]}]},{\"@type\":\"ImageObject\",\"inLanguage\":\"fr-FR\",\"@id\":\"https:\/\/bobea.net\/index.php\/2024\/07\/17\/rihanna-fete-son-anniversaire-lartiste-feminine-la-plus-vendue-dans-le-monde\/#primaryimage\",\"url\":\"https:\/\/bobea.net\/wp-content\/uploads\/2024\/07\/58cfd1fa0f445586f2fb6941362d465b.png\",\"contentUrl\":\"https:\/\/bobea.net\/wp-content\/uploads\/2024\/07\/58cfd1fa0f445586f2fb6941362d465b.png\",\"width\":1200,\"height\":675,\"caption\":\"Rihanna f\u00eate son anniversaire : L'artiste f\u00e9minine la plus vendue dans le monde\"},{\"@type\":\"BreadcrumbList\",\"@id\":\"https:\/\/bobea.net\/index.php\/2024\/07\/17\/rihanna-fete-son-anniversaire-lartiste-feminine-la-plus-vendue-dans-le-monde\/#breadcrumb\",\"itemListElement\":[{\"@type\":\"ListItem\",\"position\":1,\"name\":\"Accueil\",\"item\":\"https:\/\/bobea.net\/\"},{\"@type\":\"ListItem\",\"position\":2,\"name\":\"Rihanna f\u00eate son anniversaire : L&rsquo;artiste f\u00e9minine la plus vendue dans le monde\"}]},{\"@type\":\"WebSite\",\"@id\":\"https:\/\/bobea.net\/#website\",\"url\":\"https:\/\/bobea.net\/\",\"name\":\"Bobea\",\"description\":\"Le magazine de la nouvelle \u00c8ve\",\"publisher\":{\"@id\":\"https:\/\/bobea.net\/#organization\"},\"potentialAction\":[{\"@type\":\"SearchAction\",\"target\":{\"@type\":\"EntryPoint\",\"urlTemplate\":\"https:\/\/bobea.net\/?s={search_term_string}\"},\"query-input\":{\"@type\":\"PropertyValueSpecification\",\"valueRequired\":true,\"valueName\":\"search_term_string\"}}],\"inLanguage\":\"fr-FR\"},{\"@type\":\"Organization\",\"@id\":\"https:\/\/bobea.net\/#organization\",\"name\":\"Bobea\",\"url\":\"https:\/\/bobea.net\/\",\"logo\":{\"@type\":\"ImageObject\",\"inLanguage\":\"fr-FR\",\"@id\":\"https:\/\/bobea.net\/#\/schema\/logo\/image\/\",\"url\":\"https:\/\/bobea.net\/wp-content\/uploads\/2024\/06\/bobea.jpg\",\"contentUrl\":\"https:\/\/bobea.net\/wp-content\/uploads\/2024\/06\/bobea.jpg\",\"width\":1080,\"height\":1080,\"caption\":\"Bobea\"},\"image\":{\"@id\":\"https:\/\/bobea.net\/#\/schema\/logo\/image\/\"},\"sameAs\":[\"https:\/\/web.facebook.com\/profile.php?id=61559252188416\"]},{\"@type\":\"Person\",\"@id\":\"https:\/\/bobea.net\/#\/schema\/person\/e7f45ef187918d7c956bf619dce90ccf\",\"name\":\"bobea.info\",\"image\":{\"@type\":\"ImageObject\",\"inLanguage\":\"fr-FR\",\"@id\":\"https:\/\/bobea.net\/#\/schema\/person\/image\/\",\"url\":\"https:\/\/secure.gravatar.com\/avatar\/36147980349df887ae30808df3e29474?s=96&d=mm&r=g\",\"contentUrl\":\"https:\/\/secure.gravatar.com\/avatar\/36147980349df887ae30808df3e29474?s=96&d=mm&r=g\",\"caption\":\"bobea.info\"},\"sameAs\":[\"https:\/\/bobea.net\"],\"url\":\"https:\/\/bobea.net\/index.php\/author\/bobea-info\/\"}]}<\/script>\n<!-- \/ Yoast SEO plugin. -->","yoast_head_json":{"title":"Rihanna f\u00eate son anniversaire : L'artiste f\u00e9minine la plus vendue dans le monde - Bobea","description":"Aujourd'hui, Rihanna c\u00e9l\u00e8bre son 36e anniversaire, marquant une nouvelle \u00e9tape dans la carri\u00e8re extraordinaire de cette ic\u00f4ne","robots":{"index":"index","follow":"follow","max-snippet":"max-snippet:-1","max-image-preview":"max-image-preview:large","max-video-preview":"max-video-preview:-1"},"canonical":"https:\/\/bobea.net\/index.php\/2024\/07\/17\/rihanna-fete-son-anniversaire-lartiste-feminine-la-plus-vendue-dans-le-monde\/","og_locale":"fr_FR","og_type":"article","og_title":"Rihanna f\u00eate son anniversaire : L'artiste f\u00e9minine la plus vendue dans le monde - Bobea","og_description":"Aujourd'hui, Rihanna c\u00e9l\u00e8bre son 36e anniversaire, marquant une nouvelle \u00e9tape dans la carri\u00e8re extraordinaire de cette ic\u00f4ne","og_url":"https:\/\/bobea.net\/index.php\/2024\/07\/17\/rihanna-fete-son-anniversaire-lartiste-feminine-la-plus-vendue-dans-le-monde\/","og_site_name":"Bobea","article_publisher":"https:\/\/web.facebook.com\/profile.php?id=61559252188416","article_published_time":"2024-07-17T14:30:41+00:00","article_modified_time":"2024-07-17T14:30:46+00:00","og_image":[{"width":1200,"height":675,"url":"https:\/\/bobea.net\/wp-content\/uploads\/2024\/07\/58cfd1fa0f445586f2fb6941362d465b.png","type":"image\/png"}],"author":"bobea.info","twitter_card":"summary_large_image","twitter_misc":{"\u00c9crit par":"bobea.info","Dur\u00e9e de lecture estim\u00e9e":"2 minutes"},"schema":{"@context":"https:\/\/schema.org","@graph":[{"@type":"Article","@id":"https:\/\/bobea.net\/index.php\/2024\/07\/17\/rihanna-fete-son-anniversaire-lartiste-feminine-la-plus-vendue-dans-le-monde\/#article","isPartOf":{"@id":"https:\/\/bobea.net\/index.php\/2024\/07\/17\/rihanna-fete-son-anniversaire-lartiste-feminine-la-plus-vendue-dans-le-monde\/"},"author":{"name":"bobea.info","@id":"https:\/\/bobea.net\/#\/schema\/person\/e7f45ef187918d7c956bf619dce90ccf"},"headline":"Rihanna f\u00eate son anniversaire : L\u2019artiste f\u00e9minine la plus vendue dans le monde","datePublished":"2024-07-17T14:30:41+00:00","dateModified":"2024-07-17T14:30:46+00:00","mainEntityOfPage":{"@id":"https:\/\/bobea.net\/index.php\/2024\/07\/17\/rihanna-fete-son-anniversaire-lartiste-feminine-la-plus-vendue-dans-le-monde\/"},"wordCount":333,"commentCount":0,"publisher":{"@id":"https:\/\/bobea.net\/#organization"},"image":{"@id":"https:\/\/bobea.net\/index.php\/2024\/07\/17\/rihanna-fete-son-anniversaire-lartiste-feminine-la-plus-vendue-dans-le-monde\/#primaryimage"},"thumbnailUrl":"https:\/\/bobea.net\/wp-content\/uploads\/2024\/07\/58cfd1fa0f445586f2fb6941362d465b.png","keywords":["36e anniversaire","artiste f\u00e9minine la plus vendue","carri\u00e8re musicale","diversit\u00e9 musicale","entrepreneuriat","ic\u00f4ne de la musique","inspiration f\u00e9minine","maternit\u00e9","records de ventes","Rihanna","succ\u00e8s mondial","talent vocal"],"articleSection":["A la Une","Arts","Gloria","Succ\u00e8s Story"],"inLanguage":"fr-FR","potentialAction":[{"@type":"CommentAction","name":"Comment","target":["https:\/\/bobea.net\/index.php\/2024\/07\/17\/rihanna-fete-son-anniversaire-lartiste-feminine-la-plus-vendue-dans-le-monde\/#respond"]}]},{"@type":"WebPage","@id":"https:\/\/bobea.net\/index.php\/2024\/07\/17\/rihanna-fete-son-anniversaire-lartiste-feminine-la-plus-vendue-dans-le-monde\/","url":"https:\/\/bobea.net\/index.php\/2024\/07\/17\/rihanna-fete-son-anniversaire-lartiste-feminine-la-plus-vendue-dans-le-monde\/","name":"Rihanna f\u00eate son anniversaire : L'artiste f\u00e9minine la plus vendue dans le monde - Bobea","isPartOf":{"@id":"https:\/\/bobea.net\/#website"},"primaryImageOfPage":{"@id":"https:\/\/bobea.net\/index.php\/2024\/07\/17\/rihanna-fete-son-anniversaire-lartiste-feminine-la-plus-vendue-dans-le-monde\/#primaryimage"},"image":{"@id":"https:\/\/bobea.net\/index.php\/2024\/07\/17\/rihanna-fete-son-anniversaire-lartiste-feminine-la-plus-vendue-dans-le-monde\/#primaryimage"},"thumbnailUrl":"https:\/\/bobea.net\/wp-content\/uploads\/2024\/07\/58cfd1fa0f445586f2fb6941362d465b.png","datePublished":"2024-07-17T14:30:41+00:00","dateModified":"2024-07-17T14:30:46+00:00","description":"Aujourd'hui, Rihanna c\u00e9l\u00e8bre son 36e anniversaire, marquant une nouvelle \u00e9tape dans la carri\u00e8re extraordinaire de cette ic\u00f4ne","breadcrumb":{"@id":"https:\/\/bobea.net\/index.php\/2024\/07\/17\/rihanna-fete-son-anniversaire-lartiste-feminine-la-plus-vendue-dans-le-monde\/#breadcrumb"},"inLanguage":"fr-FR","potentialAction":[{"@type":"ReadAction","target":["https:\/\/bobea.net\/index.php\/2024\/07\/17\/rihanna-fete-son-anniversaire-lartiste-feminine-la-plus-vendue-dans-le-monde\/"]}]},{"@type":"ImageObject","inLanguage":"fr-FR","@id":"https:\/\/bobea.net\/index.php\/2024\/07\/17\/rihanna-fete-son-anniversaire-lartiste-feminine-la-plus-vendue-dans-le-monde\/#primaryimage","url":"https:\/\/bobea.net\/wp-content\/uploads\/2024\/07\/58cfd1fa0f445586f2fb6941362d465b.png","contentUrl":"https:\/\/bobea.net\/wp-content\/uploads\/2024\/07\/58cfd1fa0f445586f2fb6941362d465b.png","width":1200,"height":675,"caption":"Rihanna f\u00eate son anniversaire : L'artiste f\u00e9minine la plus vendue dans le monde"},{"@type":"BreadcrumbList","@id":"https:\/\/bobea.net\/index.php\/2024\/07\/17\/rihanna-fete-son-anniversaire-lartiste-feminine-la-plus-vendue-dans-le-monde\/#breadcrumb","itemListElement":[{"@type":"ListItem","position":1,"name":"Accueil","item":"https:\/\/bobea.net\/"},{"@type":"ListItem","position":2,"name":"Rihanna f\u00eate son anniversaire : L&rsquo;artiste f\u00e9minine la plus vendue dans le monde"}]},{"@type":"WebSite","@id":"https:\/\/bobea.net\/#website","url":"https:\/\/bobea.net\/","name":"Bobea","description":"Le magazine de la nouvelle \u00c8ve","publisher":{"@id":"https:\/\/bobea.net\/#organization"},"potentialAction":[{"@type":"SearchAction","target":{"@type":"EntryPoint","urlTemplate":"https:\/\/bobea.net\/?s={search_term_string}"},"query-input":{"@type":"PropertyValueSpecification","valueRequired":true,"valueName":"search_term_string"}}],"inLanguage":"fr-FR"},{"@type":"Organization","@id":"https:\/\/bobea.net\/#organization","name":"Bobea","url":"https:\/\/bobea.net\/","logo":{"@type":"ImageObject","inLanguage":"fr-FR","@id":"https:\/\/bobea.net\/#\/schema\/logo\/image\/","url":"https:\/\/bobea.net\/wp-content\/uploads\/2024\/06\/bobea.jpg","contentUrl":"https:\/\/bobea.net\/wp-content\/uploads\/2024\/06\/bobea.jpg","width":1080,"height":1080,"caption":"Bobea"},"image":{"@id":"https:\/\/bobea.net\/#\/schema\/logo\/image\/"},"sameAs":["https:\/\/web.facebook.com\/profile.php?id=61559252188416"]},{"@type":"Person","@id":"https:\/\/bobea.net\/#\/schema\/person\/e7f45ef187918d7c956bf619dce90ccf","name":"bobea.info","image":{"@type":"ImageObject","inLanguage":"fr-FR","@id":"https:\/\/bobea.net\/#\/schema\/person\/image\/","url":"https:\/\/secure.gravatar.com\/avatar\/36147980349df887ae30808df3e29474?s=96&d=mm&r=g","contentUrl":"https:\/\/secure.gravatar.com\/avatar\/36147980349df887ae30808df3e29474?s=96&d=mm&r=g","caption":"bobea.info"},"sameAs":["https:\/\/bobea.net"],"url":"https:\/\/bobea.net\/index.php\/author\/bobea-info\/"}]}},"_links":{"self":[{"href":"https:\/\/bobea.net\/index.php\/wp-json\/wp\/v2\/posts\/3501"}],"collection":[{"href":"https:\/\/bobea.net\/index.php\/wp-json\/wp\/v2\/posts"}],"about":[{"href":"https:\/\/bobea.net\/index.php\/wp-json\/wp\/v2\/types\/post"}],"author":[{"embeddable":true,"href":"https:\/\/bobea.net\/index.php\/wp-json\/wp\/v2\/users\/1"}],"replies":[{"embeddable":true,"href":"https:\/\/bobea.net\/index.php\/wp-json\/wp\/v2\/comments?post=3501"}],"version-history":[{"count":0,"href":"https:\/\/bobea.net\/index.php\/wp-json\/wp\/v2\/posts\/3501\/revisions"}],"wp:featuredmedia":[{"embeddable":true,"href":"https:\/\/bobea.net\/index.php\/wp-json\/wp\/v2\/media\/3502"}],"wp:attachment":[{"href":"https:\/\/bobea.net\/index.php\/wp-json\/wp\/v2\/media?parent=3501"}],"wp:term":[{"taxonomy":"category","embeddable":true,"href":"https:\/\/bobea.net\/index.php\/wp-json\/wp\/v2\/categories?post=3501"},{"taxonomy":"post_tag","embeddable":true,"href":"https:\/\/bobea.net\/index.php\/wp-json\/wp\/v2\/tags?post=3501"}],"curies":[{"name":"wp","href":"https:\/\/api.w.org\/{rel}","templated":true}]}}