{"id":3424,"date":"2024-07-16T12:17:04","date_gmt":"2024-07-16T12:17:04","guid":{"rendered":"https:\/\/bobea.net\/?p=3424"},"modified":"2024-07-16T12:17:06","modified_gmt":"2024-07-16T12:17:06","slug":"la-folie-mbappe-sempare-du-real-madrid-ruee-sur-les-maillots-de-la-star-francaise","status":"publish","type":"post","link":"https:\/\/bobea.net\/index.php\/2024\/07\/16\/la-folie-mbappe-sempare-du-real-madrid-ruee-sur-les-maillots-de-la-star-francaise\/","title":{"rendered":"La folie Mbapp\u00e9 s\u2019empare du Real Madrid : ru\u00e9e sur les maillots de la star fran\u00e7aise"},"content":{"rendered":"\n<p>L\u2019ar\u00adriv\u00e9e immi\u00adnente de Kylian Mbap\u00adp\u00e9 au Real Madrid provoque d\u00e9j\u00e0 une fr\u00e9n\u00e9sie sans pr\u00e9c\u00e9\u00addent, notam\u00adment autour de son futur mail\u00adlot.<\/p>\n\n\n\n<p><strong>Un engoue\u00adment excep\u00adtion\u00adnel<\/strong><\/p>\n\n\n\n<p>Le club madril\u00e8ne est sub\u00admerg\u00e9 de deman\u00addes pour le mail\u00adlot de Mbap\u00adp\u00e9, avant m\u00eame l\u2019of\u00adfi\u00adcial\u00adi\u00adsa\u00adtion de son trans\u00adfert. Les sup\u00adport\u00aders espag\u00adnols, hommes et femmes con\u00adfon\u00addus, sont pr\u00eats \u00e0 tout pour arbor\u00ader les couleurs de leur nou\u00advelle idole.<\/p>\n\n\n\n<p><strong>Les femmes en pre\u00admi\u00e8re ligne<\/strong><\/p>\n\n\n\n<p>Fait notable, les sup\u00adpor\u00adt\u00adri\u00adces espag\u00adnoles sem\u00adblent par\u00adti\u00adc\u00aduli\u00e8re\u00adment ent\u00adhou\u00adsi\u00adastes \u00e0 l\u2019id\u00e9e d\u2019ac\u00adqu\u00e9rir le mail\u00adlot de la star fran\u00e7aise. Cette ten\u00addance refl\u00e8te l\u2019at\u00adtrait crois\u00adsant des femmes pour le foot\u00adball et l\u2019in\u00adflu\u00adence de Mbap\u00adp\u00e9 au-del\u00e0 du ter\u00adrain.<\/p>\n\n\n\n<p><strong>Le club d\u00e9bor\u00add\u00e9<\/strong><\/p>\n\n\n\n<p>Face \u00e0 cet afflux de deman\u00addes, le Real Madrid peine \u00e0 g\u00e9r\u00ader la sit\u00adu\u00ada\u00adtion. La ques\u00adtion se pose : qui sera servi en pre\u00admier ? Le club devra met\u00adtre en place une strat\u00e9gie pour sat\u00adis\u00adfaire au mieux ses sup\u00adport\u00aders tout en max\u00adimisant les retomb\u00e9es \u00e9conomiques.<\/p>\n\n\n\n<p><strong>Un trans\u00adfert en or<\/strong><\/p>\n\n\n\n<p>L\u2019ar\u00adriv\u00e9e de Mbap\u00adp\u00e9 s\u2019an\u00adnonce comme une op\u00e9ra\u00adtion extr\u00eame\u00adment lucra\u00adtive pour le Real Madrid. Au-del\u00e0 du tal\u00adent sportif, c\u2019est toute une machine mar\u00adket\u00ading qui se met en marche. Les ventes de mail\u00adlots ne sont que la par\u00adtie \u00e9merg\u00e9e de l\u2019ice\u00adberg.<\/p>\n\n\n\n<p><strong>L\u2019en\u00adgoue\u00adment mas\u00adculin<\/strong><\/p>\n\n\n\n<p>Si les femmes sem\u00adblent men\u00ader la danse, les hommes ne sont pas en reste. Le mail\u00adlot de Mbap\u00adp\u00e9 s\u2019an\u00adnonce comme un must-have pour tous les afi\u00adciona\u00addos du Real, quel que soit leur genre.<\/p>\n\n\n\n<p><strong>La folie Mbap\u00adp\u00e9<\/strong><\/p>\n\n\n\n<p>Cette ru\u00e9e sur les mail\u00adlots n\u2019est qu\u2019un aspect de la \u201cMbap\u00adp\u00e9 mania\u201d qui s\u2019empare de Madrid. L\u2019ex\u00adci\u00adta\u00adtion est pal\u00adpa\u00adble dans toute la ville, et l\u2019im\u00adpact m\u00e9di\u00ada\u00adtique de ce trans\u00adfert d\u00e9passe large\u00adment les fron\u00adti\u00e8res espag\u00adnoles. En con\u00adclu\u00adsion, l\u2019ar\u00adriv\u00e9e de Kylian Mbap\u00adp\u00e9 au Real Madrid s\u2019an\u00adnonce comme un \u00e9v\u00e9ne\u00adment majeur, tant sur le plan sportif qu\u2019\u00e9\u00adconomique. Le club devra g\u00e9r\u00ader avec soin cet engoue\u00adment pour cap\u00adi\u00adtalis\u00ader au max\u00adi\u00admum sur la pop\u00adu\u00adlar\u00adit\u00e9 de sa future star.<\/p>\n","protected":false},"excerpt":{"rendered":"<p>L\u2019ar\u00adriv\u00e9e immi\u00adnente de Kylian Mbap\u00adp\u00e9 au Real Madrid provoque d\u00e9j\u00e0 une fr\u00e9n\u00e9sie sans pr\u00e9c\u00e9\u00addent, notam\u00adment autour de son futur mail\u00adlot. Un engoue\u00adment excep\u00adtion\u00adnel Le club madril\u00e8ne est sub\u00admerg\u00e9 de deman\u00addes\u2026 <\/p>\n","protected":false},"author":1,"featured_media":3425,"comment_status":"open","ping_status":"open","sticky":false,"template":"","format":"standard","meta":{"wp_typography_post_enhancements_disabled":false,"footnotes":""},"categories":[96,61,63,49,62],"tags":[],"class_list":["post-3424","post","type-post","status-publish","format-standard","has-post-thumbnail","hentry","category-actualites-spotlive","category-day","category-ici-et-la","category-spotlive","category-actualites"],"yoast_head":"<!-- This site is optimized with the Yoast SEO plugin v24.7 - https:\/\/yoast.com\/wordpress\/plugins\/seo\/ -->\n<title>La folie Mbapp\u00e9 s&#039;empare du Real Madrid : ru\u00e9e sur les maillots de la star fran\u00e7aise - Bobea<\/title>\n<meta name=\"description\" content=\"L&#039;arriv\u00e9e imminente de Kylian Mbapp\u00e9 au Real Madrid provoque d\u00e9j\u00e0 une fr\u00e9n\u00e9sie sans pr\u00e9c\u00e9dent, notamment autour de son futur maillot.\" \/>\n<meta name=\"robots\" content=\"index, follow, max-snippet:-1, max-image-preview:large, max-video-preview:-1\" \/>\n<link rel=\"canonical\" href=\"https:\/\/bobea.net\/index.php\/2024\/07\/16\/la-folie-mbappe-sempare-du-real-madrid-ruee-sur-les-maillots-de-la-star-francaise\/\" \/>\n<meta property=\"og:locale\" content=\"fr_FR\" \/>\n<meta property=\"og:type\" content=\"article\" \/>\n<meta property=\"og:title\" content=\"La folie Mbapp\u00e9 s&#039;empare du Real Madrid : ru\u00e9e sur les maillots de la star fran\u00e7aise - Bobea\" \/>\n<meta property=\"og:description\" content=\"L&#039;arriv\u00e9e imminente de Kylian Mbapp\u00e9 au Real Madrid provoque d\u00e9j\u00e0 une fr\u00e9n\u00e9sie sans pr\u00e9c\u00e9dent, notamment autour de son futur maillot.\" \/>\n<meta property=\"og:url\" content=\"https:\/\/bobea.net\/index.php\/2024\/07\/16\/la-folie-mbappe-sempare-du-real-madrid-ruee-sur-les-maillots-de-la-star-francaise\/\" \/>\n<meta property=\"og:site_name\" content=\"Bobea\" \/>\n<meta property=\"article:publisher\" content=\"https:\/\/web.facebook.com\/profile.php?id=61559252188416\" \/>\n<meta property=\"article:published_time\" content=\"2024-07-16T12:17:04+00:00\" \/>\n<meta property=\"article:modified_time\" content=\"2024-07-16T12:17:06+00:00\" \/>\n<meta property=\"og:image\" content=\"https:\/\/bobea.net\/wp-content\/uploads\/2024\/07\/2023471750844VU.jpg\" \/>\n\t<meta property=\"og:image:width\" content=\"856\" \/>\n\t<meta property=\"og:image:height\" content=\"490\" \/>\n\t<meta property=\"og:image:type\" content=\"image\/jpeg\" \/>\n<meta name=\"author\" content=\"bobea.info\" \/>\n<meta name=\"twitter:card\" content=\"summary_large_image\" \/>\n<meta name=\"twitter:label1\" content=\"\u00c9crit par\" \/>\n\t<meta name=\"twitter:data1\" content=\"bobea.info\" \/>\n\t<meta name=\"twitter:label2\" content=\"Dur\u00e9e de lecture estim\u00e9e\" \/>\n\t<meta name=\"twitter:data2\" content=\"2 minutes\" \/>\n<script type=\"application\/ld+json\" class=\"yoast-schema-graph\">{\"@context\":\"https:\/\/schema.org\",\"@graph\":[{\"@type\":\"Article\",\"@id\":\"https:\/\/bobea.net\/index.php\/2024\/07\/16\/la-folie-mbappe-sempare-du-real-madrid-ruee-sur-les-maillots-de-la-star-francaise\/#article\",\"isPartOf\":{\"@id\":\"https:\/\/bobea.net\/index.php\/2024\/07\/16\/la-folie-mbappe-sempare-du-real-madrid-ruee-sur-les-maillots-de-la-star-francaise\/\"},\"author\":{\"name\":\"bobea.info\",\"@id\":\"https:\/\/bobea.net\/#\/schema\/person\/e7f45ef187918d7c956bf619dce90ccf\"},\"headline\":\"La folie Mbapp\u00e9 s\u2019empare du Real Madrid : ru\u00e9e sur les maillots de la star fran\u00e7aise\",\"datePublished\":\"2024-07-16T12:17:04+00:00\",\"dateModified\":\"2024-07-16T12:17:06+00:00\",\"mainEntityOfPage\":{\"@id\":\"https:\/\/bobea.net\/index.php\/2024\/07\/16\/la-folie-mbappe-sempare-du-real-madrid-ruee-sur-les-maillots-de-la-star-francaise\/\"},\"wordCount\":363,\"commentCount\":0,\"publisher\":{\"@id\":\"https:\/\/bobea.net\/#organization\"},\"image\":{\"@id\":\"https:\/\/bobea.net\/index.php\/2024\/07\/16\/la-folie-mbappe-sempare-du-real-madrid-ruee-sur-les-maillots-de-la-star-francaise\/#primaryimage\"},\"thumbnailUrl\":\"https:\/\/bobea.net\/wp-content\/uploads\/2024\/07\/2023471750844VU.jpg\",\"articleSection\":[\"Actualit\u00e9s\",\"Day\",\"Ici et l\u00e0\",\"Spotlive\",\"Spotlive-Actualit\u00e9s\"],\"inLanguage\":\"fr-FR\",\"potentialAction\":[{\"@type\":\"CommentAction\",\"name\":\"Comment\",\"target\":[\"https:\/\/bobea.net\/index.php\/2024\/07\/16\/la-folie-mbappe-sempare-du-real-madrid-ruee-sur-les-maillots-de-la-star-francaise\/#respond\"]}]},{\"@type\":\"WebPage\",\"@id\":\"https:\/\/bobea.net\/index.php\/2024\/07\/16\/la-folie-mbappe-sempare-du-real-madrid-ruee-sur-les-maillots-de-la-star-francaise\/\",\"url\":\"https:\/\/bobea.net\/index.php\/2024\/07\/16\/la-folie-mbappe-sempare-du-real-madrid-ruee-sur-les-maillots-de-la-star-francaise\/\",\"name\":\"La folie Mbapp\u00e9 s'empare du Real Madrid : ru\u00e9e sur les maillots de la star fran\u00e7aise - Bobea\",\"isPartOf\":{\"@id\":\"https:\/\/bobea.net\/#website\"},\"primaryImageOfPage\":{\"@id\":\"https:\/\/bobea.net\/index.php\/2024\/07\/16\/la-folie-mbappe-sempare-du-real-madrid-ruee-sur-les-maillots-de-la-star-francaise\/#primaryimage\"},\"image\":{\"@id\":\"https:\/\/bobea.net\/index.php\/2024\/07\/16\/la-folie-mbappe-sempare-du-real-madrid-ruee-sur-les-maillots-de-la-star-francaise\/#primaryimage\"},\"thumbnailUrl\":\"https:\/\/bobea.net\/wp-content\/uploads\/2024\/07\/2023471750844VU.jpg\",\"datePublished\":\"2024-07-16T12:17:04+00:00\",\"dateModified\":\"2024-07-16T12:17:06+00:00\",\"description\":\"L'arriv\u00e9e imminente de Kylian Mbapp\u00e9 au Real Madrid provoque d\u00e9j\u00e0 une fr\u00e9n\u00e9sie sans pr\u00e9c\u00e9dent, notamment autour de son futur maillot.\",\"breadcrumb\":{\"@id\":\"https:\/\/bobea.net\/index.php\/2024\/07\/16\/la-folie-mbappe-sempare-du-real-madrid-ruee-sur-les-maillots-de-la-star-francaise\/#breadcrumb\"},\"inLanguage\":\"fr-FR\",\"potentialAction\":[{\"@type\":\"ReadAction\",\"target\":[\"https:\/\/bobea.net\/index.php\/2024\/07\/16\/la-folie-mbappe-sempare-du-real-madrid-ruee-sur-les-maillots-de-la-star-francaise\/\"]}]},{\"@type\":\"ImageObject\",\"inLanguage\":\"fr-FR\",\"@id\":\"https:\/\/bobea.net\/index.php\/2024\/07\/16\/la-folie-mbappe-sempare-du-real-madrid-ruee-sur-les-maillots-de-la-star-francaise\/#primaryimage\",\"url\":\"https:\/\/bobea.net\/wp-content\/uploads\/2024\/07\/2023471750844VU.jpg\",\"contentUrl\":\"https:\/\/bobea.net\/wp-content\/uploads\/2024\/07\/2023471750844VU.jpg\",\"width\":856,\"height\":490,\"caption\":\"La folie Mbapp\u00e9 s'empare du Real Madrid : ru\u00e9e sur les maillots de la star fran\u00e7aise\"},{\"@type\":\"BreadcrumbList\",\"@id\":\"https:\/\/bobea.net\/index.php\/2024\/07\/16\/la-folie-mbappe-sempare-du-real-madrid-ruee-sur-les-maillots-de-la-star-francaise\/#breadcrumb\",\"itemListElement\":[{\"@type\":\"ListItem\",\"position\":1,\"name\":\"Accueil\",\"item\":\"https:\/\/bobea.net\/\"},{\"@type\":\"ListItem\",\"position\":2,\"name\":\"La folie Mbapp\u00e9 s&#8217;empare du Real Madrid : ru\u00e9e sur les maillots de la star fran\u00e7aise\"}]},{\"@type\":\"WebSite\",\"@id\":\"https:\/\/bobea.net\/#website\",\"url\":\"https:\/\/bobea.net\/\",\"name\":\"Bobea\",\"description\":\"Le magazine de la nouvelle \u00c8ve\",\"publisher\":{\"@id\":\"https:\/\/bobea.net\/#organization\"},\"potentialAction\":[{\"@type\":\"SearchAction\",\"target\":{\"@type\":\"EntryPoint\",\"urlTemplate\":\"https:\/\/bobea.net\/?s={search_term_string}\"},\"query-input\":{\"@type\":\"PropertyValueSpecification\",\"valueRequired\":true,\"valueName\":\"search_term_string\"}}],\"inLanguage\":\"fr-FR\"},{\"@type\":\"Organization\",\"@id\":\"https:\/\/bobea.net\/#organization\",\"name\":\"Bobea\",\"url\":\"https:\/\/bobea.net\/\",\"logo\":{\"@type\":\"ImageObject\",\"inLanguage\":\"fr-FR\",\"@id\":\"https:\/\/bobea.net\/#\/schema\/logo\/image\/\",\"url\":\"https:\/\/bobea.net\/wp-content\/uploads\/2024\/06\/bobea.jpg\",\"contentUrl\":\"https:\/\/bobea.net\/wp-content\/uploads\/2024\/06\/bobea.jpg\",\"width\":1080,\"height\":1080,\"caption\":\"Bobea\"},\"image\":{\"@id\":\"https:\/\/bobea.net\/#\/schema\/logo\/image\/\"},\"sameAs\":[\"https:\/\/web.facebook.com\/profile.php?id=61559252188416\"]},{\"@type\":\"Person\",\"@id\":\"https:\/\/bobea.net\/#\/schema\/person\/e7f45ef187918d7c956bf619dce90ccf\",\"name\":\"bobea.info\",\"image\":{\"@type\":\"ImageObject\",\"inLanguage\":\"fr-FR\",\"@id\":\"https:\/\/bobea.net\/#\/schema\/person\/image\/\",\"url\":\"https:\/\/secure.gravatar.com\/avatar\/36147980349df887ae30808df3e29474?s=96&d=mm&r=g\",\"contentUrl\":\"https:\/\/secure.gravatar.com\/avatar\/36147980349df887ae30808df3e29474?s=96&d=mm&r=g\",\"caption\":\"bobea.info\"},\"sameAs\":[\"https:\/\/bobea.net\"],\"url\":\"https:\/\/bobea.net\/index.php\/author\/bobea-info\/\"}]}<\/script>\n<!-- \/ Yoast SEO plugin. -->","yoast_head_json":{"title":"La folie Mbapp\u00e9 s'empare du Real Madrid : ru\u00e9e sur les maillots de la star fran\u00e7aise - Bobea","description":"L'arriv\u00e9e imminente de Kylian Mbapp\u00e9 au Real Madrid provoque d\u00e9j\u00e0 une fr\u00e9n\u00e9sie sans pr\u00e9c\u00e9dent, notamment autour de son futur maillot.","robots":{"index":"index","follow":"follow","max-snippet":"max-snippet:-1","max-image-preview":"max-image-preview:large","max-video-preview":"max-video-preview:-1"},"canonical":"https:\/\/bobea.net\/index.php\/2024\/07\/16\/la-folie-mbappe-sempare-du-real-madrid-ruee-sur-les-maillots-de-la-star-francaise\/","og_locale":"fr_FR","og_type":"article","og_title":"La folie Mbapp\u00e9 s'empare du Real Madrid : ru\u00e9e sur les maillots de la star fran\u00e7aise - Bobea","og_description":"L'arriv\u00e9e imminente de Kylian Mbapp\u00e9 au Real Madrid provoque d\u00e9j\u00e0 une fr\u00e9n\u00e9sie sans pr\u00e9c\u00e9dent, notamment autour de son futur maillot.","og_url":"https:\/\/bobea.net\/index.php\/2024\/07\/16\/la-folie-mbappe-sempare-du-real-madrid-ruee-sur-les-maillots-de-la-star-francaise\/","og_site_name":"Bobea","article_publisher":"https:\/\/web.facebook.com\/profile.php?id=61559252188416","article_published_time":"2024-07-16T12:17:04+00:00","article_modified_time":"2024-07-16T12:17:06+00:00","og_image":[{"width":856,"height":490,"url":"https:\/\/bobea.net\/wp-content\/uploads\/2024\/07\/2023471750844VU.jpg","type":"image\/jpeg"}],"author":"bobea.info","twitter_card":"summary_large_image","twitter_misc":{"\u00c9crit par":"bobea.info","Dur\u00e9e de lecture estim\u00e9e":"2 minutes"},"schema":{"@context":"https:\/\/schema.org","@graph":[{"@type":"Article","@id":"https:\/\/bobea.net\/index.php\/2024\/07\/16\/la-folie-mbappe-sempare-du-real-madrid-ruee-sur-les-maillots-de-la-star-francaise\/#article","isPartOf":{"@id":"https:\/\/bobea.net\/index.php\/2024\/07\/16\/la-folie-mbappe-sempare-du-real-madrid-ruee-sur-les-maillots-de-la-star-francaise\/"},"author":{"name":"bobea.info","@id":"https:\/\/bobea.net\/#\/schema\/person\/e7f45ef187918d7c956bf619dce90ccf"},"headline":"La folie Mbapp\u00e9 s\u2019empare du Real Madrid : ru\u00e9e sur les maillots de la star fran\u00e7aise","datePublished":"2024-07-16T12:17:04+00:00","dateModified":"2024-07-16T12:17:06+00:00","mainEntityOfPage":{"@id":"https:\/\/bobea.net\/index.php\/2024\/07\/16\/la-folie-mbappe-sempare-du-real-madrid-ruee-sur-les-maillots-de-la-star-francaise\/"},"wordCount":363,"commentCount":0,"publisher":{"@id":"https:\/\/bobea.net\/#organization"},"image":{"@id":"https:\/\/bobea.net\/index.php\/2024\/07\/16\/la-folie-mbappe-sempare-du-real-madrid-ruee-sur-les-maillots-de-la-star-francaise\/#primaryimage"},"thumbnailUrl":"https:\/\/bobea.net\/wp-content\/uploads\/2024\/07\/2023471750844VU.jpg","articleSection":["Actualit\u00e9s","Day","Ici et l\u00e0","Spotlive","Spotlive-Actualit\u00e9s"],"inLanguage":"fr-FR","potentialAction":[{"@type":"CommentAction","name":"Comment","target":["https:\/\/bobea.net\/index.php\/2024\/07\/16\/la-folie-mbappe-sempare-du-real-madrid-ruee-sur-les-maillots-de-la-star-francaise\/#respond"]}]},{"@type":"WebPage","@id":"https:\/\/bobea.net\/index.php\/2024\/07\/16\/la-folie-mbappe-sempare-du-real-madrid-ruee-sur-les-maillots-de-la-star-francaise\/","url":"https:\/\/bobea.net\/index.php\/2024\/07\/16\/la-folie-mbappe-sempare-du-real-madrid-ruee-sur-les-maillots-de-la-star-francaise\/","name":"La folie Mbapp\u00e9 s'empare du Real Madrid : ru\u00e9e sur les maillots de la star fran\u00e7aise - Bobea","isPartOf":{"@id":"https:\/\/bobea.net\/#website"},"primaryImageOfPage":{"@id":"https:\/\/bobea.net\/index.php\/2024\/07\/16\/la-folie-mbappe-sempare-du-real-madrid-ruee-sur-les-maillots-de-la-star-francaise\/#primaryimage"},"image":{"@id":"https:\/\/bobea.net\/index.php\/2024\/07\/16\/la-folie-mbappe-sempare-du-real-madrid-ruee-sur-les-maillots-de-la-star-francaise\/#primaryimage"},"thumbnailUrl":"https:\/\/bobea.net\/wp-content\/uploads\/2024\/07\/2023471750844VU.jpg","datePublished":"2024-07-16T12:17:04+00:00","dateModified":"2024-07-16T12:17:06+00:00","description":"L'arriv\u00e9e imminente de Kylian Mbapp\u00e9 au Real Madrid provoque d\u00e9j\u00e0 une fr\u00e9n\u00e9sie sans pr\u00e9c\u00e9dent, notamment autour de son futur maillot.","breadcrumb":{"@id":"https:\/\/bobea.net\/index.php\/2024\/07\/16\/la-folie-mbappe-sempare-du-real-madrid-ruee-sur-les-maillots-de-la-star-francaise\/#breadcrumb"},"inLanguage":"fr-FR","potentialAction":[{"@type":"ReadAction","target":["https:\/\/bobea.net\/index.php\/2024\/07\/16\/la-folie-mbappe-sempare-du-real-madrid-ruee-sur-les-maillots-de-la-star-francaise\/"]}]},{"@type":"ImageObject","inLanguage":"fr-FR","@id":"https:\/\/bobea.net\/index.php\/2024\/07\/16\/la-folie-mbappe-sempare-du-real-madrid-ruee-sur-les-maillots-de-la-star-francaise\/#primaryimage","url":"https:\/\/bobea.net\/wp-content\/uploads\/2024\/07\/2023471750844VU.jpg","contentUrl":"https:\/\/bobea.net\/wp-content\/uploads\/2024\/07\/2023471750844VU.jpg","width":856,"height":490,"caption":"La folie Mbapp\u00e9 s'empare du Real Madrid : ru\u00e9e sur les maillots de la star fran\u00e7aise"},{"@type":"BreadcrumbList","@id":"https:\/\/bobea.net\/index.php\/2024\/07\/16\/la-folie-mbappe-sempare-du-real-madrid-ruee-sur-les-maillots-de-la-star-francaise\/#breadcrumb","itemListElement":[{"@type":"ListItem","position":1,"name":"Accueil","item":"https:\/\/bobea.net\/"},{"@type":"ListItem","position":2,"name":"La folie Mbapp\u00e9 s&#8217;empare du Real Madrid : ru\u00e9e sur les maillots de la star fran\u00e7aise"}]},{"@type":"WebSite","@id":"https:\/\/bobea.net\/#website","url":"https:\/\/bobea.net\/","name":"Bobea","description":"Le magazine de la nouvelle \u00c8ve","publisher":{"@id":"https:\/\/bobea.net\/#organization"},"potentialAction":[{"@type":"SearchAction","target":{"@type":"EntryPoint","urlTemplate":"https:\/\/bobea.net\/?s={search_term_string}"},"query-input":{"@type":"PropertyValueSpecification","valueRequired":true,"valueName":"search_term_string"}}],"inLanguage":"fr-FR"},{"@type":"Organization","@id":"https:\/\/bobea.net\/#organization","name":"Bobea","url":"https:\/\/bobea.net\/","logo":{"@type":"ImageObject","inLanguage":"fr-FR","@id":"https:\/\/bobea.net\/#\/schema\/logo\/image\/","url":"https:\/\/bobea.net\/wp-content\/uploads\/2024\/06\/bobea.jpg","contentUrl":"https:\/\/bobea.net\/wp-content\/uploads\/2024\/06\/bobea.jpg","width":1080,"height":1080,"caption":"Bobea"},"image":{"@id":"https:\/\/bobea.net\/#\/schema\/logo\/image\/"},"sameAs":["https:\/\/web.facebook.com\/profile.php?id=61559252188416"]},{"@type":"Person","@id":"https:\/\/bobea.net\/#\/schema\/person\/e7f45ef187918d7c956bf619dce90ccf","name":"bobea.info","image":{"@type":"ImageObject","inLanguage":"fr-FR","@id":"https:\/\/bobea.net\/#\/schema\/person\/image\/","url":"https:\/\/secure.gravatar.com\/avatar\/36147980349df887ae30808df3e29474?s=96&d=mm&r=g","contentUrl":"https:\/\/secure.gravatar.com\/avatar\/36147980349df887ae30808df3e29474?s=96&d=mm&r=g","caption":"bobea.info"},"sameAs":["https:\/\/bobea.net"],"url":"https:\/\/bobea.net\/index.php\/author\/bobea-info\/"}]}},"_links":{"self":[{"href":"https:\/\/bobea.net\/index.php\/wp-json\/wp\/v2\/posts\/3424"}],"collection":[{"href":"https:\/\/bobea.net\/index.php\/wp-json\/wp\/v2\/posts"}],"about":[{"href":"https:\/\/bobea.net\/index.php\/wp-json\/wp\/v2\/types\/post"}],"author":[{"embeddable":true,"href":"https:\/\/bobea.net\/index.php\/wp-json\/wp\/v2\/users\/1"}],"replies":[{"embeddable":true,"href":"https:\/\/bobea.net\/index.php\/wp-json\/wp\/v2\/comments?post=3424"}],"version-history":[{"count":0,"href":"https:\/\/bobea.net\/index.php\/wp-json\/wp\/v2\/posts\/3424\/revisions"}],"wp:featuredmedia":[{"embeddable":true,"href":"https:\/\/bobea.net\/index.php\/wp-json\/wp\/v2\/media\/3425"}],"wp:attachment":[{"href":"https:\/\/bobea.net\/index.php\/wp-json\/wp\/v2\/media?parent=3424"}],"wp:term":[{"taxonomy":"category","embeddable":true,"href":"https:\/\/bobea.net\/index.php\/wp-json\/wp\/v2\/categories?post=3424"},{"taxonomy":"post_tag","embeddable":true,"href":"https:\/\/bobea.net\/index.php\/wp-json\/wp\/v2\/tags?post=3424"}],"curies":[{"name":"wp","href":"https:\/\/api.w.org\/{rel}","templated":true}]}}