{"id":33381,"date":"2026-09-04T10:14:29","date_gmt":"2026-09-04T10:14:29","guid":{"rendered":"https:\/\/bobea.net\/?p=33381"},"modified":"2026-09-04T10:14:31","modified_gmt":"2026-09-04T10:14:31","slug":"gastronomie-bien-etre-la-cuisine-neuro-affective-la-nouvelle-tendance-pour-soigner-son-mental-par-lassiette","status":"publish","type":"post","link":"https:\/\/bobea.net\/index.php\/2026\/09\/04\/gastronomie-bien-etre-la-cuisine-neuro-affective-la-nouvelle-tendance-pour-soigner-son-mental-par-lassiette\/","title":{"rendered":"Gastronomie &amp; Bien-\u00eatre : la cuisine neuro-affective, la nouvelle tendance pour soigner son mental par l\u2019assiette"},"content":{"rendered":"\n<p>Et si le bon\u00adheur se pr\u00e9\u00adparait en cui\u00adsine ? En cet automne 2026, la gas\u00adtronomie mon\u00addi\u00adale fran\u00adchit une nou\u00advelle \u00e9tape avec l\u2019\u00e9mer\u00adgence de la cui\u00adsine neu\u00adro-affec\u00adtive. \u00c0 la crois\u00e9e des neu\u00adro\u00adsciences, de la nutri\u00adtion et de la haute cui\u00adsine, cette approche nova\u00adtrice vise \u00e0 \u00e9la\u00adbor\u00ader des plats con\u00e7us sp\u00e9\u00adci\u00adfique\u00adment pour stim\u00aduler les neu\u00adro\u00adtrans\u00admet\u00adteurs du bien-\u00eatre et \u00e9quili\u00adbr\u00ader le sys\u00adt\u00e8me nerveux.<\/p>\n\n\n\n<p><strong>L\u2019axe intestin-cerveau au c\u0153ur de la cr\u00e9a\u00adtion culi\u00adnaire<\/strong><\/p>\n\n\n\n<p>Pop\u00adu\u00adlar\u00adis\u00e9e par des chefs avant-gardistes \u00e0 Paris et Nice, en col\u00adlab\u00ado\u00adra\u00adtion avec des chercheurs en nutri\u00adtion de Cal\u00adi\u00adfornie et de Tokyo, la cui\u00adsine neu\u00adro-affec\u00adtive repose sur des bases sci\u00aden\u00adtifiques solides. Il est aujour\u00add\u2019hui prou\u00adv\u00e9 que le micro\u00adbiote intesti\u00adnal com\u00admu\u00adnique en per\u00adma\u00adnence avec notre cerveau, influ\u00aden\u00e7ant directe\u00adment notre humeur, notre niveau de stress et notre som\u00admeil.<\/p>\n\n\n\n<figure class=\"wp-block-image size-full\"><img loading=\"lazy\" decoding=\"async\" width=\"1000\" height=\"500\" src=\"https:\/\/bobea.net\/wp-content\/uploads\/2026\/09\/image.png\" alt class=\"wp-image-33383\" srcset=\"https:\/\/bobea.net\/wp-content\/uploads\/2026\/09\/image.png 1000w, https:\/\/bobea.net\/wp-content\/uploads\/2026\/09\/image-300x150.png 300w, https:\/\/bobea.net\/wp-content\/uploads\/2026\/09\/image-768x384.png 768w\" sizes=\"(max-width: 1000px) 100vw, 1000px\"><\/figure>\n\n\n\n<p>Les menus \u00e9labor\u00e9s selon cette philoso\u00adphie priv\u00adil\u00e9gient des ingr\u00e9\u00addi\u00adents rich\u00ades en pr\u00e9bi\u00ado\u00adtiques, en om\u00e9ga\u20113 et en pr\u00e9curseurs de la s\u00e9ro\u00adto\u00adnine et de la dopamine. L\u00e9gumes fer\u00admen\u00adt\u00e9s, \u00e9pices adap\u00adtog\u00e8nes, pois\u00adsons gras issus de la p\u00eache durable et choco\u00adlats crus s\u2019as\u00adso\u00adcient dans des assi\u00adettes aus\u00adsi savoureuses que bien\u00adfaisantes.<\/p>\n\n\n\n<p><strong>Une exp\u00e9ri\u00adence sen\u00adsorielle et \u00e9mo\u00adtion\u00adnelle<\/strong><\/p>\n\n\n\n<p>La cui\u00adsine neu\u00adro-affec\u00adtive ne se con\u00adtente pas de nour\u00adrir le corps : elle sol\u00adlicite tous les sens pour pro\u00adcur\u00ader un apaise\u00adment imm\u00e9\u00addi\u00adat. Les tex\u00adtures, les couleurs et les ar\u00f4mes sont tra\u00advail\u00adl\u00e9s pour \u00e9veiller des sou\u00advenirs r\u00e9con\u00adfor\u00adt\u00adants et induire un \u00e9tat de relax\u00adation pro\u00adfonde lors du repas.<\/p>\n\n\n\n<p>Cette ten\u00addance s\u2019im\u00adpose d\u00e9j\u00e0 dans les plus grands \u00e9tab\u00adlisse\u00adments bien-\u00eatre et s\u00e9duit une clien\u00adt\u00e8le soucieuse d\u2019al\u00adli\u00ader plaisir gour\u00admand et \u00e9quili\u00adbre psy\u00adchologique au quo\u00adti\u00addi\u00aden.<\/p>\n\n\n\n<p><\/p>\n","protected":false},"excerpt":{"rendered":"<p>Et si le bon\u00adheur se pr\u00e9\u00adparait en cui\u00adsine ? En cet automne 2026, la gas\u00adtronomie mon\u00addi\u00adale fran\u00adchit une nou\u00advelle \u00e9tape avec l\u2019\u00e9mer\u00adgence de la cui\u00adsine neu\u00adro-affec\u00ad\u00adtive. \u00c0 la crois\u00e9e des\u2026 <\/p>\n","protected":false},"author":1,"featured_media":33382,"comment_status":"open","ping_status":"closed","sticky":false,"template":"","format":"standard","meta":{"wp_typography_post_enhancements_disabled":false,"footnotes":""},"categories":[70],"tags":[],"class_list":["post-33381","post","type-post","status-publish","format-standard","has-post-thumbnail","hentry","category-actu"],"yoast_head":"<!-- This site is optimized with the Yoast SEO plugin v24.7 - https:\/\/yoast.com\/wordpress\/plugins\/seo\/ -->\n<title>Gastronomie &amp; Bien-\u00eatre : la cuisine neuro-affective, la nouvelle tendance pour soigner son mental par l&#039;assiette - Bobea<\/title>\n<meta name=\"robots\" content=\"index, follow, max-snippet:-1, max-image-preview:large, max-video-preview:-1\" \/>\n<link rel=\"canonical\" href=\"https:\/\/bobea.net\/index.php\/2026\/09\/04\/gastronomie-bien-etre-la-cuisine-neuro-affective-la-nouvelle-tendance-pour-soigner-son-mental-par-lassiette\/\" \/>\n<meta property=\"og:locale\" content=\"fr_FR\" \/>\n<meta property=\"og:type\" content=\"article\" \/>\n<meta property=\"og:title\" content=\"Gastronomie &amp; Bien-\u00eatre : la cuisine neuro-affective, la nouvelle tendance pour soigner son mental par l&#039;assiette - Bobea\" \/>\n<meta property=\"og:description\" content=\"Et si le bon\u00adheur se pr\u00e9\u00adparait en cui\u00adsine ? En cet automne 2026, la gas\u00adtronomie mon\u00addi\u00adale fran\u00adchit une nou\u00advelle \u00e9tape avec l\u2019\u00e9mer\u00adgence de la cui\u00adsine neu\u00adro-affec\u00adtive. \u00c0 la crois\u00e9e des&hellip;\" \/>\n<meta property=\"og:url\" content=\"https:\/\/bobea.net\/index.php\/2026\/09\/04\/gastronomie-bien-etre-la-cuisine-neuro-affective-la-nouvelle-tendance-pour-soigner-son-mental-par-lassiette\/\" \/>\n<meta property=\"og:site_name\" content=\"Bobea\" \/>\n<meta property=\"article:publisher\" content=\"https:\/\/web.facebook.com\/profile.php?id=61559252188416\" \/>\n<meta property=\"article:published_time\" content=\"2026-09-04T10:14:29+00:00\" \/>\n<meta property=\"article:modified_time\" content=\"2026-09-04T10:14:31+00:00\" \/>\n<meta property=\"og:image\" content=\"https:\/\/bobea.net\/wp-content\/uploads\/2026\/09\/bien-etre_I_b4fc2520-01b9-4f7f-9b5b-0c1ab5b543a4.webp\" \/>\n\t<meta property=\"og:image:width\" content=\"1400\" \/>\n\t<meta property=\"og:image:height\" content=\"1400\" \/>\n\t<meta property=\"og:image:type\" content=\"image\/webp\" \/>\n<meta name=\"author\" content=\"bobea.info\" \/>\n<meta name=\"twitter:card\" content=\"summary_large_image\" \/>\n<meta name=\"twitter:label1\" content=\"\u00c9crit par\" \/>\n\t<meta name=\"twitter:data1\" content=\"bobea.info\" \/>\n\t<meta name=\"twitter:label2\" content=\"Dur\u00e9e de lecture estim\u00e9e\" \/>\n\t<meta name=\"twitter:data2\" content=\"2 minutes\" \/>\n<script type=\"application\/ld+json\" class=\"yoast-schema-graph\">{\"@context\":\"https:\/\/schema.org\",\"@graph\":[{\"@type\":\"Article\",\"@id\":\"https:\/\/bobea.net\/index.php\/2026\/09\/04\/gastronomie-bien-etre-la-cuisine-neuro-affective-la-nouvelle-tendance-pour-soigner-son-mental-par-lassiette\/#article\",\"isPartOf\":{\"@id\":\"https:\/\/bobea.net\/index.php\/2026\/09\/04\/gastronomie-bien-etre-la-cuisine-neuro-affective-la-nouvelle-tendance-pour-soigner-son-mental-par-lassiette\/\"},\"author\":{\"name\":\"bobea.info\",\"@id\":\"https:\/\/bobea.net\/#\/schema\/person\/e7f45ef187918d7c956bf619dce90ccf\"},\"headline\":\"Gastronomie &amp; Bien-\u00eatre : la cuisine neuro-affective, la nouvelle tendance pour soigner son mental par l\u2019assiette\",\"datePublished\":\"2026-09-04T10:14:29+00:00\",\"dateModified\":\"2026-09-04T10:14:31+00:00\",\"mainEntityOfPage\":{\"@id\":\"https:\/\/bobea.net\/index.php\/2026\/09\/04\/gastronomie-bien-etre-la-cuisine-neuro-affective-la-nouvelle-tendance-pour-soigner-son-mental-par-lassiette\/\"},\"wordCount\":289,\"commentCount\":0,\"publisher\":{\"@id\":\"https:\/\/bobea.net\/#organization\"},\"image\":{\"@id\":\"https:\/\/bobea.net\/index.php\/2026\/09\/04\/gastronomie-bien-etre-la-cuisine-neuro-affective-la-nouvelle-tendance-pour-soigner-son-mental-par-lassiette\/#primaryimage\"},\"thumbnailUrl\":\"https:\/\/bobea.net\/wp-content\/uploads\/2026\/09\/bien-etre_I_b4fc2520-01b9-4f7f-9b5b-0c1ab5b543a4.webp\",\"articleSection\":[\"Actu\"],\"inLanguage\":\"fr-FR\",\"potentialAction\":[{\"@type\":\"CommentAction\",\"name\":\"Comment\",\"target\":[\"https:\/\/bobea.net\/index.php\/2026\/09\/04\/gastronomie-bien-etre-la-cuisine-neuro-affective-la-nouvelle-tendance-pour-soigner-son-mental-par-lassiette\/#respond\"]}]},{\"@type\":\"WebPage\",\"@id\":\"https:\/\/bobea.net\/index.php\/2026\/09\/04\/gastronomie-bien-etre-la-cuisine-neuro-affective-la-nouvelle-tendance-pour-soigner-son-mental-par-lassiette\/\",\"url\":\"https:\/\/bobea.net\/index.php\/2026\/09\/04\/gastronomie-bien-etre-la-cuisine-neuro-affective-la-nouvelle-tendance-pour-soigner-son-mental-par-lassiette\/\",\"name\":\"Gastronomie & Bien-\u00eatre : la cuisine neuro-affective, la nouvelle tendance pour soigner son mental par l'assiette - Bobea\",\"isPartOf\":{\"@id\":\"https:\/\/bobea.net\/#website\"},\"primaryImageOfPage\":{\"@id\":\"https:\/\/bobea.net\/index.php\/2026\/09\/04\/gastronomie-bien-etre-la-cuisine-neuro-affective-la-nouvelle-tendance-pour-soigner-son-mental-par-lassiette\/#primaryimage\"},\"image\":{\"@id\":\"https:\/\/bobea.net\/index.php\/2026\/09\/04\/gastronomie-bien-etre-la-cuisine-neuro-affective-la-nouvelle-tendance-pour-soigner-son-mental-par-lassiette\/#primaryimage\"},\"thumbnailUrl\":\"https:\/\/bobea.net\/wp-content\/uploads\/2026\/09\/bien-etre_I_b4fc2520-01b9-4f7f-9b5b-0c1ab5b543a4.webp\",\"datePublished\":\"2026-09-04T10:14:29+00:00\",\"dateModified\":\"2026-09-04T10:14:31+00:00\",\"breadcrumb\":{\"@id\":\"https:\/\/bobea.net\/index.php\/2026\/09\/04\/gastronomie-bien-etre-la-cuisine-neuro-affective-la-nouvelle-tendance-pour-soigner-son-mental-par-lassiette\/#breadcrumb\"},\"inLanguage\":\"fr-FR\",\"potentialAction\":[{\"@type\":\"ReadAction\",\"target\":[\"https:\/\/bobea.net\/index.php\/2026\/09\/04\/gastronomie-bien-etre-la-cuisine-neuro-affective-la-nouvelle-tendance-pour-soigner-son-mental-par-lassiette\/\"]}]},{\"@type\":\"ImageObject\",\"inLanguage\":\"fr-FR\",\"@id\":\"https:\/\/bobea.net\/index.php\/2026\/09\/04\/gastronomie-bien-etre-la-cuisine-neuro-affective-la-nouvelle-tendance-pour-soigner-son-mental-par-lassiette\/#primaryimage\",\"url\":\"https:\/\/bobea.net\/wp-content\/uploads\/2026\/09\/bien-etre_I_b4fc2520-01b9-4f7f-9b5b-0c1ab5b543a4.webp\",\"contentUrl\":\"https:\/\/bobea.net\/wp-content\/uploads\/2026\/09\/bien-etre_I_b4fc2520-01b9-4f7f-9b5b-0c1ab5b543a4.webp\",\"width\":1400,\"height\":1400},{\"@type\":\"BreadcrumbList\",\"@id\":\"https:\/\/bobea.net\/index.php\/2026\/09\/04\/gastronomie-bien-etre-la-cuisine-neuro-affective-la-nouvelle-tendance-pour-soigner-son-mental-par-lassiette\/#breadcrumb\",\"itemListElement\":[{\"@type\":\"ListItem\",\"position\":1,\"name\":\"Accueil\",\"item\":\"https:\/\/bobea.net\/\"},{\"@type\":\"ListItem\",\"position\":2,\"name\":\"Gastronomie &#038; Bien-\u00eatre : la cuisine neuro-affective, la nouvelle tendance pour soigner son mental par l&rsquo;assiette\"}]},{\"@type\":\"WebSite\",\"@id\":\"https:\/\/bobea.net\/#website\",\"url\":\"https:\/\/bobea.net\/\",\"name\":\"Bobea\",\"description\":\"Le magazine de la nouvelle \u00c8ve\",\"publisher\":{\"@id\":\"https:\/\/bobea.net\/#organization\"},\"potentialAction\":[{\"@type\":\"SearchAction\",\"target\":{\"@type\":\"EntryPoint\",\"urlTemplate\":\"https:\/\/bobea.net\/?s={search_term_string}\"},\"query-input\":{\"@type\":\"PropertyValueSpecification\",\"valueRequired\":true,\"valueName\":\"search_term_string\"}}],\"inLanguage\":\"fr-FR\"},{\"@type\":\"Organization\",\"@id\":\"https:\/\/bobea.net\/#organization\",\"name\":\"Bobea\",\"url\":\"https:\/\/bobea.net\/\",\"logo\":{\"@type\":\"ImageObject\",\"inLanguage\":\"fr-FR\",\"@id\":\"https:\/\/bobea.net\/#\/schema\/logo\/image\/\",\"url\":\"https:\/\/bobea.net\/wp-content\/uploads\/2024\/06\/bobea.jpg\",\"contentUrl\":\"https:\/\/bobea.net\/wp-content\/uploads\/2024\/06\/bobea.jpg\",\"width\":1080,\"height\":1080,\"caption\":\"Bobea\"},\"image\":{\"@id\":\"https:\/\/bobea.net\/#\/schema\/logo\/image\/\"},\"sameAs\":[\"https:\/\/web.facebook.com\/profile.php?id=61559252188416\"]},{\"@type\":\"Person\",\"@id\":\"https:\/\/bobea.net\/#\/schema\/person\/e7f45ef187918d7c956bf619dce90ccf\",\"name\":\"bobea.info\",\"image\":{\"@type\":\"ImageObject\",\"inLanguage\":\"fr-FR\",\"@id\":\"https:\/\/bobea.net\/#\/schema\/person\/image\/\",\"url\":\"https:\/\/secure.gravatar.com\/avatar\/36147980349df887ae30808df3e29474?s=96&d=mm&r=g\",\"contentUrl\":\"https:\/\/secure.gravatar.com\/avatar\/36147980349df887ae30808df3e29474?s=96&d=mm&r=g\",\"caption\":\"bobea.info\"},\"sameAs\":[\"https:\/\/bobea.net\"],\"url\":\"https:\/\/bobea.net\/index.php\/author\/bobea-info\/\"}]}<\/script>\n<!-- \/ Yoast SEO plugin. -->","yoast_head_json":{"title":"Gastronomie & Bien-\u00eatre : la cuisine neuro-affective, la nouvelle tendance pour soigner son mental par l'assiette - Bobea","robots":{"index":"index","follow":"follow","max-snippet":"max-snippet:-1","max-image-preview":"max-image-preview:large","max-video-preview":"max-video-preview:-1"},"canonical":"https:\/\/bobea.net\/index.php\/2026\/09\/04\/gastronomie-bien-etre-la-cuisine-neuro-affective-la-nouvelle-tendance-pour-soigner-son-mental-par-lassiette\/","og_locale":"fr_FR","og_type":"article","og_title":"Gastronomie & Bien-\u00eatre : la cuisine neuro-affective, la nouvelle tendance pour soigner son mental par l'assiette - Bobea","og_description":"Et si le bon\u00adheur se pr\u00e9\u00adparait en cui\u00adsine ? En cet automne 2026, la gas\u00adtronomie mon\u00addi\u00adale fran\u00adchit une nou\u00advelle \u00e9tape avec l\u2019\u00e9mer\u00adgence de la cui\u00adsine neu\u00adro-affec\u00adtive. \u00c0 la crois\u00e9e des&hellip;","og_url":"https:\/\/bobea.net\/index.php\/2026\/09\/04\/gastronomie-bien-etre-la-cuisine-neuro-affective-la-nouvelle-tendance-pour-soigner-son-mental-par-lassiette\/","og_site_name":"Bobea","article_publisher":"https:\/\/web.facebook.com\/profile.php?id=61559252188416","article_published_time":"2026-09-04T10:14:29+00:00","article_modified_time":"2026-09-04T10:14:31+00:00","og_image":[{"width":1400,"height":1400,"url":"https:\/\/bobea.net\/wp-content\/uploads\/2026\/09\/bien-etre_I_b4fc2520-01b9-4f7f-9b5b-0c1ab5b543a4.webp","type":"image\/webp"}],"author":"bobea.info","twitter_card":"summary_large_image","twitter_misc":{"\u00c9crit par":"bobea.info","Dur\u00e9e de lecture estim\u00e9e":"2 minutes"},"schema":{"@context":"https:\/\/schema.org","@graph":[{"@type":"Article","@id":"https:\/\/bobea.net\/index.php\/2026\/09\/04\/gastronomie-bien-etre-la-cuisine-neuro-affective-la-nouvelle-tendance-pour-soigner-son-mental-par-lassiette\/#article","isPartOf":{"@id":"https:\/\/bobea.net\/index.php\/2026\/09\/04\/gastronomie-bien-etre-la-cuisine-neuro-affective-la-nouvelle-tendance-pour-soigner-son-mental-par-lassiette\/"},"author":{"name":"bobea.info","@id":"https:\/\/bobea.net\/#\/schema\/person\/e7f45ef187918d7c956bf619dce90ccf"},"headline":"Gastronomie &amp; Bien-\u00eatre : la cuisine neuro-affective, la nouvelle tendance pour soigner son mental par l\u2019assiette","datePublished":"2026-09-04T10:14:29+00:00","dateModified":"2026-09-04T10:14:31+00:00","mainEntityOfPage":{"@id":"https:\/\/bobea.net\/index.php\/2026\/09\/04\/gastronomie-bien-etre-la-cuisine-neuro-affective-la-nouvelle-tendance-pour-soigner-son-mental-par-lassiette\/"},"wordCount":289,"commentCount":0,"publisher":{"@id":"https:\/\/bobea.net\/#organization"},"image":{"@id":"https:\/\/bobea.net\/index.php\/2026\/09\/04\/gastronomie-bien-etre-la-cuisine-neuro-affective-la-nouvelle-tendance-pour-soigner-son-mental-par-lassiette\/#primaryimage"},"thumbnailUrl":"https:\/\/bobea.net\/wp-content\/uploads\/2026\/09\/bien-etre_I_b4fc2520-01b9-4f7f-9b5b-0c1ab5b543a4.webp","articleSection":["Actu"],"inLanguage":"fr-FR","potentialAction":[{"@type":"CommentAction","name":"Comment","target":["https:\/\/bobea.net\/index.php\/2026\/09\/04\/gastronomie-bien-etre-la-cuisine-neuro-affective-la-nouvelle-tendance-pour-soigner-son-mental-par-lassiette\/#respond"]}]},{"@type":"WebPage","@id":"https:\/\/bobea.net\/index.php\/2026\/09\/04\/gastronomie-bien-etre-la-cuisine-neuro-affective-la-nouvelle-tendance-pour-soigner-son-mental-par-lassiette\/","url":"https:\/\/bobea.net\/index.php\/2026\/09\/04\/gastronomie-bien-etre-la-cuisine-neuro-affective-la-nouvelle-tendance-pour-soigner-son-mental-par-lassiette\/","name":"Gastronomie & Bien-\u00eatre : la cuisine neuro-affective, la nouvelle tendance pour soigner son mental par l'assiette - Bobea","isPartOf":{"@id":"https:\/\/bobea.net\/#website"},"primaryImageOfPage":{"@id":"https:\/\/bobea.net\/index.php\/2026\/09\/04\/gastronomie-bien-etre-la-cuisine-neuro-affective-la-nouvelle-tendance-pour-soigner-son-mental-par-lassiette\/#primaryimage"},"image":{"@id":"https:\/\/bobea.net\/index.php\/2026\/09\/04\/gastronomie-bien-etre-la-cuisine-neuro-affective-la-nouvelle-tendance-pour-soigner-son-mental-par-lassiette\/#primaryimage"},"thumbnailUrl":"https:\/\/bobea.net\/wp-content\/uploads\/2026\/09\/bien-etre_I_b4fc2520-01b9-4f7f-9b5b-0c1ab5b543a4.webp","datePublished":"2026-09-04T10:14:29+00:00","dateModified":"2026-09-04T10:14:31+00:00","breadcrumb":{"@id":"https:\/\/bobea.net\/index.php\/2026\/09\/04\/gastronomie-bien-etre-la-cuisine-neuro-affective-la-nouvelle-tendance-pour-soigner-son-mental-par-lassiette\/#breadcrumb"},"inLanguage":"fr-FR","potentialAction":[{"@type":"ReadAction","target":["https:\/\/bobea.net\/index.php\/2026\/09\/04\/gastronomie-bien-etre-la-cuisine-neuro-affective-la-nouvelle-tendance-pour-soigner-son-mental-par-lassiette\/"]}]},{"@type":"ImageObject","inLanguage":"fr-FR","@id":"https:\/\/bobea.net\/index.php\/2026\/09\/04\/gastronomie-bien-etre-la-cuisine-neuro-affective-la-nouvelle-tendance-pour-soigner-son-mental-par-lassiette\/#primaryimage","url":"https:\/\/bobea.net\/wp-content\/uploads\/2026\/09\/bien-etre_I_b4fc2520-01b9-4f7f-9b5b-0c1ab5b543a4.webp","contentUrl":"https:\/\/bobea.net\/wp-content\/uploads\/2026\/09\/bien-etre_I_b4fc2520-01b9-4f7f-9b5b-0c1ab5b543a4.webp","width":1400,"height":1400},{"@type":"BreadcrumbList","@id":"https:\/\/bobea.net\/index.php\/2026\/09\/04\/gastronomie-bien-etre-la-cuisine-neuro-affective-la-nouvelle-tendance-pour-soigner-son-mental-par-lassiette\/#breadcrumb","itemListElement":[{"@type":"ListItem","position":1,"name":"Accueil","item":"https:\/\/bobea.net\/"},{"@type":"ListItem","position":2,"name":"Gastronomie &#038; Bien-\u00eatre : la cuisine neuro-affective, la nouvelle tendance pour soigner son mental par l&rsquo;assiette"}]},{"@type":"WebSite","@id":"https:\/\/bobea.net\/#website","url":"https:\/\/bobea.net\/","name":"Bobea","description":"Le magazine de la nouvelle \u00c8ve","publisher":{"@id":"https:\/\/bobea.net\/#organization"},"potentialAction":[{"@type":"SearchAction","target":{"@type":"EntryPoint","urlTemplate":"https:\/\/bobea.net\/?s={search_term_string}"},"query-input":{"@type":"PropertyValueSpecification","valueRequired":true,"valueName":"search_term_string"}}],"inLanguage":"fr-FR"},{"@type":"Organization","@id":"https:\/\/bobea.net\/#organization","name":"Bobea","url":"https:\/\/bobea.net\/","logo":{"@type":"ImageObject","inLanguage":"fr-FR","@id":"https:\/\/bobea.net\/#\/schema\/logo\/image\/","url":"https:\/\/bobea.net\/wp-content\/uploads\/2024\/06\/bobea.jpg","contentUrl":"https:\/\/bobea.net\/wp-content\/uploads\/2024\/06\/bobea.jpg","width":1080,"height":1080,"caption":"Bobea"},"image":{"@id":"https:\/\/bobea.net\/#\/schema\/logo\/image\/"},"sameAs":["https:\/\/web.facebook.com\/profile.php?id=61559252188416"]},{"@type":"Person","@id":"https:\/\/bobea.net\/#\/schema\/person\/e7f45ef187918d7c956bf619dce90ccf","name":"bobea.info","image":{"@type":"ImageObject","inLanguage":"fr-FR","@id":"https:\/\/bobea.net\/#\/schema\/person\/image\/","url":"https:\/\/secure.gravatar.com\/avatar\/36147980349df887ae30808df3e29474?s=96&d=mm&r=g","contentUrl":"https:\/\/secure.gravatar.com\/avatar\/36147980349df887ae30808df3e29474?s=96&d=mm&r=g","caption":"bobea.info"},"sameAs":["https:\/\/bobea.net"],"url":"https:\/\/bobea.net\/index.php\/author\/bobea-info\/"}]}},"_links":{"self":[{"href":"https:\/\/bobea.net\/index.php\/wp-json\/wp\/v2\/posts\/33381"}],"collection":[{"href":"https:\/\/bobea.net\/index.php\/wp-json\/wp\/v2\/posts"}],"about":[{"href":"https:\/\/bobea.net\/index.php\/wp-json\/wp\/v2\/types\/post"}],"author":[{"embeddable":true,"href":"https:\/\/bobea.net\/index.php\/wp-json\/wp\/v2\/users\/1"}],"replies":[{"embeddable":true,"href":"https:\/\/bobea.net\/index.php\/wp-json\/wp\/v2\/comments?post=33381"}],"version-history":[{"count":1,"href":"https:\/\/bobea.net\/index.php\/wp-json\/wp\/v2\/posts\/33381\/revisions"}],"predecessor-version":[{"id":33384,"href":"https:\/\/bobea.net\/index.php\/wp-json\/wp\/v2\/posts\/33381\/revisions\/33384"}],"wp:featuredmedia":[{"embeddable":true,"href":"https:\/\/bobea.net\/index.php\/wp-json\/wp\/v2\/media\/33382"}],"wp:attachment":[{"href":"https:\/\/bobea.net\/index.php\/wp-json\/wp\/v2\/media?parent=33381"}],"wp:term":[{"taxonomy":"category","embeddable":true,"href":"https:\/\/bobea.net\/index.php\/wp-json\/wp\/v2\/categories?post=33381"},{"taxonomy":"post_tag","embeddable":true,"href":"https:\/\/bobea.net\/index.php\/wp-json\/wp\/v2\/tags?post=33381"}],"curies":[{"name":"wp","href":"https:\/\/api.w.org\/{rel}","templated":true}]}}