{"id":33369,"date":"2026-09-04T09:43:43","date_gmt":"2026-09-04T09:43:43","guid":{"rendered":"https:\/\/bobea.net\/?p=33369"},"modified":"2026-09-04T09:43:45","modified_gmt":"2026-09-04T09:43:45","slug":"festival-de-deauville-le-cinema-independant-americain-pose-ses-valises-sur-les-planches-normandes","status":"publish","type":"post","link":"https:\/\/bobea.net\/index.php\/2026\/09\/04\/festival-de-deauville-le-cinema-independant-americain-pose-ses-valises-sur-les-planches-normandes\/","title":{"rendered":"Festival de Deauville : le cin\u00e9ma ind\u00e9pendant am\u00e9ricain pose ses valises sur les planches normandes"},"content":{"rendered":"\n<p>Sous la lumi\u00e8re car\u00adac\u00adt\u00e9ris\u00adtique de la c\u00f4te nor\u00admande, Deauville a rev\u00ea\u00adtu son habit de lumi\u00e8re. La 52\u1d49 \u00e9di\u00adtion du Fes\u00adti\u00adval du Cin\u00e9\u00adma Am\u00e9ri\u00adcain de Deauville a offi\u00adcielle\u00adment d\u00e9mar\u00adr\u00e9, trans\u00adfor\u00admant la c\u00e9l\u00e8bre sta\u00adtion bal\u00adn\u00e9aire de la C\u00f4te Fleurie en \u00e9pi\u00adcen\u00adtre du sep\u00adti\u00e8me art. Chaque ann\u00e9e au d\u00e9but du mois de sep\u00adtem\u00adbre, la ville accueille un m\u00e9lange unique de stars hol\u00adly\u00adwoo\u00add\u00adi\u00adennes con\u00adsacr\u00e9es, de r\u00e9al\u00adisa\u00adteurs auda\u00adcieux et de cin\u00e9philes pas\u00adsion\u00adn\u00e9s venus c\u00e9l\u00e9br\u00ader la richesse et la diver\u00adsit\u00e9 de la cr\u00e9a\u00adtion cin\u00e9\u00admatographique d\u2019outre-Atlan\u00adtique.<\/p>\n\n\n\n<p><strong>Un ancrage cul\u00adturel his\u00adtorique sur la C\u00f4te Fleurie<\/strong><\/p>\n\n\n\n<p>Depuis sa cr\u00e9a\u00adtion dans les ann\u00e9es 1970, le fes\u00adti\u00adval de Deauville occupe une place sin\u00adguli\u00e8re dans le paysage cul\u00adturel fran\u00e7ais et inter\u00adna\u00adtion\u00adal. Alors que les ren\u00addez-vous comme le Fes\u00adti\u00adval de Cannes priv\u00adil\u00e9gient les com\u00adp\u00e9ti\u00adtions mon\u00addi\u00adales \u00e0 tr\u00e8s haute vis\u00adi\u00adbil\u00adit\u00e9, Deauville s\u2019est forg\u00e9 une iden\u00adtit\u00e9 pro\u00adpre en devenant le pre\u00admier passeur de la cul\u00adture cin\u00e9\u00admatographique am\u00e9ri\u00adcaine en Europe. Les mythiques cab\u00adines de plage bor\u00addant les Planch\u00ades, por\u00adtant cha\u00adcune le nom d\u2019un grand acteur ou d\u2019un cin\u00e9aste l\u00e9gendaire, t\u00e9moignent de cette rela\u00adtion d\u2019amour durable entre la Nor\u00admandie et Hol\u00adly\u00adwood.<\/p>\n\n\n\n<p>Cette ann\u00e9e encore, l\u2019am\u00adbiance qui r\u00e8gne entre le Cen\u00adtre Inter\u00adna\u00adtion\u00adal de Deauville et les grands h\u00f4tels de la c\u00f4te est \u00e0 la fois \u00e9l\u00e9\u00adgante et acces\u00adsi\u00adble. Les spec\u00adta\u00adteurs se pressent le long des tapis rouges pour apercevoir leurs acteurs pr\u00e9f\u00e9r\u00e9s, tan\u00addis que les pro\u00adfes\u00adsion\u00adnels de l\u2019in\u00addus\u00adtrie prof\u00adi\u00adtent du cadre d\u00e9ten\u00addu de la c\u00f4te nor\u00admande pour n\u00e9goci\u00ader la dis\u00adtri\u00adb\u00adu\u00adtion europ\u00e9enne des futurs suc\u00adc\u00e8s de la sc\u00e8ne ind\u00e9pen\u00addante.<\/p>\n\n\n\n<p><strong>Une pro\u00adgram\u00adma\u00adtion auda\u00adcieuse ax\u00e9e sur les r\u00e9al\u00adit\u00e9s con\u00adtem\u00adpo\u00adraines<\/strong><\/p>\n\n\n\n<p>La s\u00e9lec\u00adtion offi\u00adcielle de cette \u00e9di\u00adtion 2026 se dis\u00adtingue par sa volon\u00adt\u00e9 de don\u00adner la parole \u00e0 une nou\u00advelle g\u00e9n\u00e9ra\u00adtion de cin\u00e9astes engag\u00e9s. Loin des super\u00adpro\u00adduc\u00adtions aux bud\u00adgets faramineux et des effets sp\u00e9\u00adci\u00adaux omnipr\u00e9sents, les films pr\u00e9sen\u00adt\u00e9s en com\u00adp\u00e9ti\u00adtion explorent avec finesse les f\u00ealures et les espoirs de la soci\u00e9t\u00e9 am\u00e9ri\u00adcaine actuelle.<\/p>\n\n\n\n<figure class=\"wp-block-image size-full\"><img loading=\"lazy\" decoding=\"async\" width=\"900\" height=\"600\" src=\"https:\/\/bobea.net\/wp-content\/uploads\/2026\/09\/planches_festival_cinema_map.jpg\" alt class=\"wp-image-33371\" srcset=\"https:\/\/bobea.net\/wp-content\/uploads\/2026\/09\/planches_festival_cinema_map.jpg 900w, https:\/\/bobea.net\/wp-content\/uploads\/2026\/09\/planches_festival_cinema_map-300x200.jpg 300w, https:\/\/bobea.net\/wp-content\/uploads\/2026\/09\/planches_festival_cinema_map-768x512.jpg 768w\" sizes=\"(max-width: 900px) 100vw, 900px\"><\/figure>\n\n\n\n<p>Les th\u00e9\u00adma\u00adtiques abor\u00add\u00e9es cette ann\u00e9e refl\u00e8\u00adtent les pr\u00e9oc\u00adcu\u00adpa\u00adtion pro\u00adfondes du monde con\u00adtem\u00adpo\u00adrain :<\/p>\n\n\n\n<ul class=\"wp-block-list\">\n<li>La qu\u00eate d\u2019i\u00adden\u00adtit\u00e9 et la recon\u00adstruc\u00adtion per\u00adson\u00adnelle dans un monde en muta\u00adtion rapi\u00adde.<\/li>\n\n\n\n<li>Les rap\u00adports com\u00adplex\u00ades entre l\u2019homme et son envi\u00adron\u00adnement \u00e0 tra\u00advers les grands espaces am\u00e9ri\u00adcains.<\/li>\n\n\n\n<li>La trans\u00admis\u00adsion famil\u00adiale et le dia\u00adlogue interg\u00e9n\u00e9ra\u00adtionnel au sein des com\u00admu\u00adnaut\u00e9s mar\u00adgin\u00adal\u00adis\u00e9es.<\/li>\n<\/ul>\n\n\n\n<p>Les pre\u00admiers retours de la presse sp\u00e9\u00adcial\u00adis\u00e9e salu\u00adent la matu\u00adrit\u00e9 esth\u00e9\u00adtique des jeunes r\u00e9al\u00adisa\u00adteurs. L\u2019u\u00adtil\u00adi\u00adsa\u00adtion de for\u00admats de tour\u00adnage tra\u00addi\u00adtion\u00adnels comme la pel\u00adlicule 35 mm ou le choix de ban\u00addes sonores \u00e9pur\u00e9es t\u00e9moigne d\u2019un retour aux sources du lan\u00adgage cin\u00e9\u00admatographique.<\/p>\n\n\n\n<p><strong>L\u2019im\u00adpact \u00e9conomique et m\u00e9di\u00ada\u00adtique de l\u2019\u00e9v\u00e9ne\u00adment<\/strong><\/p>\n\n\n\n<p>L\u2019im\u00adpor\u00adtance du Fes\u00adti\u00adval de Deauville d\u00e9passe large\u00adment le cadre des salles de pro\u00adjec\u00adtion. L\u2019\u00e9v\u00e9ne\u00adment con\u00adstitue une v\u00e9ri\u00adta\u00adble manne \u00e9conomique pour toute la r\u00e9gion Nor\u00admandie, atti\u00adrant des mil\u00adliers de vis\u00adi\u00adteurs, de jour\u00adnal\u00adistes et de pro\u00adfes\u00adsion\u00adnels de la restau\u00adra\u00adtion et de l\u2019h\u00f4tel\u00adlerie de luxe pen\u00addant dix jours.<\/p>\n\n\n\n<figure class=\"wp-block-table\"><table class=\"has-fixed-layout\"><thead><tr><td><strong>Indi\u00adca\u00adteurs cl\u00e9s<\/strong><\/td><td><strong>Impact et retomb\u00e9es<\/strong><\/td><\/tr><\/thead><tbody><tr><td><strong>Fr\u00e9quen\u00adta\u00adtion<\/strong><\/td><td>Plus de 60 000 entr\u00e9es enreg\u00adistr\u00e9es dans les salles de pro\u00adjec\u00adtion<\/td><\/tr><tr><td><strong>Cou\u00adver\u00adture M\u00e9dia<\/strong><\/td><td>Des cen\u00adtaines de jour\u00adnal\u00adistes accr\u00e9dit\u00e9s venus de toute l\u2019Eu\u00adrope<\/td><\/tr><tr><td><strong>Retomb\u00e9es Locales<\/strong><\/td><td>Taux d\u2019oc\u00adcu\u00adpa\u00adtion max\u00adi\u00admal pour les \u00e9tab\u00adlisse\u00adments h\u00f4te\u00adliers nor\u00admands<\/td><\/tr><\/tbody><\/table><\/figure>\n\n\n\n<p>En offrant une tri\u00adbune priv\u00adil\u00e9gi\u00e9e aux voix ind\u00e9pen\u00addantes des \u00c9tats-Unis, Deauville con\u00adfirme une fois de plus son statut de pont cul\u00adturel incon\u00adtourn\u00adable entre la France et les cr\u00e9a\u00adteurs am\u00e9ri\u00adcains, prou\u00advant que le cin\u00e9\u00adma d\u2019au\u00adteur con\u00adserve toute sa magie et son pou\u00advoir de fas\u00adci\u00adna\u00adtion aupr\u00e8s du grand pub\u00adlic.<\/p>\n\n\n\n<p><\/p>\n","protected":false},"excerpt":{"rendered":"<p>Sous la lumi\u00e8re car\u00adac\u00adt\u00e9ris\u00adtique de la c\u00f4te nor\u00admande, Deauville a rev\u00ea\u00adtu son habit de lumi\u00e8re. La 52\u1d49 \u00e9di\u00adtion du Fes\u00adti\u00adval du Cin\u00e9\u00adma Am\u00e9ri\u00adcain de Deauville a offi\u00adcielle\u00adment d\u00e9mar\u00adr\u00e9, trans\u00adfor\u00admant la\u2026 <\/p>\n","protected":false},"author":1,"featured_media":33370,"comment_status":"open","ping_status":"closed","sticky":false,"template":"","format":"standard","meta":{"wp_typography_post_enhancements_disabled":false,"footnotes":""},"categories":[55],"tags":[],"class_list":["post-33369","post","type-post","status-publish","format-standard","has-post-thumbnail","hentry","category-culture"],"yoast_head":"<!-- This site is optimized with the Yoast SEO plugin v24.7 - https:\/\/yoast.com\/wordpress\/plugins\/seo\/ -->\n<title>Festival de Deauville : le cin\u00e9ma ind\u00e9pendant am\u00e9ricain pose ses valises sur les planches normandes - Bobea<\/title>\n<meta name=\"robots\" content=\"index, follow, max-snippet:-1, max-image-preview:large, max-video-preview:-1\" \/>\n<link rel=\"canonical\" href=\"https:\/\/bobea.net\/index.php\/2026\/09\/04\/festival-de-deauville-le-cinema-independant-americain-pose-ses-valises-sur-les-planches-normandes\/\" \/>\n<meta property=\"og:locale\" content=\"fr_FR\" \/>\n<meta property=\"og:type\" content=\"article\" \/>\n<meta property=\"og:title\" content=\"Festival de Deauville : le cin\u00e9ma ind\u00e9pendant am\u00e9ricain pose ses valises sur les planches normandes - Bobea\" \/>\n<meta property=\"og:description\" content=\"Sous la lumi\u00e8re car\u00adac\u00adt\u00e9ris\u00adtique de la c\u00f4te nor\u00admande, Deauville a rev\u00ea\u00adtu son habit de lumi\u00e8re. La 52\u1d49 \u00e9di\u00adtion du Fes\u00adti\u00adval du Cin\u00e9\u00adma Am\u00e9ri\u00adcain de Deauville a offi\u00adcielle\u00adment d\u00e9mar\u00adr\u00e9, trans\u00adfor\u00admant la&hellip;\" \/>\n<meta property=\"og:url\" content=\"https:\/\/bobea.net\/index.php\/2026\/09\/04\/festival-de-deauville-le-cinema-independant-americain-pose-ses-valises-sur-les-planches-normandes\/\" \/>\n<meta property=\"og:site_name\" content=\"Bobea\" \/>\n<meta property=\"article:publisher\" content=\"https:\/\/web.facebook.com\/profile.php?id=61559252188416\" \/>\n<meta property=\"article:published_time\" content=\"2026-09-04T09:43:43+00:00\" \/>\n<meta property=\"article:modified_time\" content=\"2026-09-04T09:43:45+00:00\" \/>\n<meta property=\"og:image\" content=\"https:\/\/bobea.net\/wp-content\/uploads\/2026\/09\/Festival-de-Cinema-de-Deauville-1.jpeg\" \/>\n\t<meta property=\"og:image:width\" content=\"1800\" \/>\n\t<meta property=\"og:image:height\" content=\"1200\" \/>\n\t<meta property=\"og:image:type\" content=\"image\/jpeg\" \/>\n<meta name=\"author\" content=\"bobea.info\" \/>\n<meta name=\"twitter:card\" content=\"summary_large_image\" \/>\n<meta name=\"twitter:label1\" content=\"\u00c9crit par\" \/>\n\t<meta name=\"twitter:data1\" content=\"bobea.info\" \/>\n\t<meta name=\"twitter:label2\" content=\"Dur\u00e9e de lecture estim\u00e9e\" \/>\n\t<meta name=\"twitter:data2\" content=\"4 minutes\" \/>\n<script type=\"application\/ld+json\" class=\"yoast-schema-graph\">{\"@context\":\"https:\/\/schema.org\",\"@graph\":[{\"@type\":\"Article\",\"@id\":\"https:\/\/bobea.net\/index.php\/2026\/09\/04\/festival-de-deauville-le-cinema-independant-americain-pose-ses-valises-sur-les-planches-normandes\/#article\",\"isPartOf\":{\"@id\":\"https:\/\/bobea.net\/index.php\/2026\/09\/04\/festival-de-deauville-le-cinema-independant-americain-pose-ses-valises-sur-les-planches-normandes\/\"},\"author\":{\"name\":\"bobea.info\",\"@id\":\"https:\/\/bobea.net\/#\/schema\/person\/e7f45ef187918d7c956bf619dce90ccf\"},\"headline\":\"Festival de Deauville : le cin\u00e9ma ind\u00e9pendant am\u00e9ricain pose ses valises sur les planches normandes\",\"datePublished\":\"2026-09-04T09:43:43+00:00\",\"dateModified\":\"2026-09-04T09:43:45+00:00\",\"mainEntityOfPage\":{\"@id\":\"https:\/\/bobea.net\/index.php\/2026\/09\/04\/festival-de-deauville-le-cinema-independant-americain-pose-ses-valises-sur-les-planches-normandes\/\"},\"wordCount\":663,\"commentCount\":0,\"publisher\":{\"@id\":\"https:\/\/bobea.net\/#organization\"},\"image\":{\"@id\":\"https:\/\/bobea.net\/index.php\/2026\/09\/04\/festival-de-deauville-le-cinema-independant-americain-pose-ses-valises-sur-les-planches-normandes\/#primaryimage\"},\"thumbnailUrl\":\"https:\/\/bobea.net\/wp-content\/uploads\/2026\/09\/Festival-de-Cinema-de-Deauville-1.jpeg\",\"articleSection\":[\"Culture\"],\"inLanguage\":\"fr-FR\",\"potentialAction\":[{\"@type\":\"CommentAction\",\"name\":\"Comment\",\"target\":[\"https:\/\/bobea.net\/index.php\/2026\/09\/04\/festival-de-deauville-le-cinema-independant-americain-pose-ses-valises-sur-les-planches-normandes\/#respond\"]}]},{\"@type\":\"WebPage\",\"@id\":\"https:\/\/bobea.net\/index.php\/2026\/09\/04\/festival-de-deauville-le-cinema-independant-americain-pose-ses-valises-sur-les-planches-normandes\/\",\"url\":\"https:\/\/bobea.net\/index.php\/2026\/09\/04\/festival-de-deauville-le-cinema-independant-americain-pose-ses-valises-sur-les-planches-normandes\/\",\"name\":\"Festival de Deauville : le cin\u00e9ma ind\u00e9pendant am\u00e9ricain pose ses valises sur les planches normandes - Bobea\",\"isPartOf\":{\"@id\":\"https:\/\/bobea.net\/#website\"},\"primaryImageOfPage\":{\"@id\":\"https:\/\/bobea.net\/index.php\/2026\/09\/04\/festival-de-deauville-le-cinema-independant-americain-pose-ses-valises-sur-les-planches-normandes\/#primaryimage\"},\"image\":{\"@id\":\"https:\/\/bobea.net\/index.php\/2026\/09\/04\/festival-de-deauville-le-cinema-independant-americain-pose-ses-valises-sur-les-planches-normandes\/#primaryimage\"},\"thumbnailUrl\":\"https:\/\/bobea.net\/wp-content\/uploads\/2026\/09\/Festival-de-Cinema-de-Deauville-1.jpeg\",\"datePublished\":\"2026-09-04T09:43:43+00:00\",\"dateModified\":\"2026-09-04T09:43:45+00:00\",\"breadcrumb\":{\"@id\":\"https:\/\/bobea.net\/index.php\/2026\/09\/04\/festival-de-deauville-le-cinema-independant-americain-pose-ses-valises-sur-les-planches-normandes\/#breadcrumb\"},\"inLanguage\":\"fr-FR\",\"potentialAction\":[{\"@type\":\"ReadAction\",\"target\":[\"https:\/\/bobea.net\/index.php\/2026\/09\/04\/festival-de-deauville-le-cinema-independant-americain-pose-ses-valises-sur-les-planches-normandes\/\"]}]},{\"@type\":\"ImageObject\",\"inLanguage\":\"fr-FR\",\"@id\":\"https:\/\/bobea.net\/index.php\/2026\/09\/04\/festival-de-deauville-le-cinema-independant-americain-pose-ses-valises-sur-les-planches-normandes\/#primaryimage\",\"url\":\"https:\/\/bobea.net\/wp-content\/uploads\/2026\/09\/Festival-de-Cinema-de-Deauville-1.jpeg\",\"contentUrl\":\"https:\/\/bobea.net\/wp-content\/uploads\/2026\/09\/Festival-de-Cinema-de-Deauville-1.jpeg\",\"width\":1800,\"height\":1200},{\"@type\":\"BreadcrumbList\",\"@id\":\"https:\/\/bobea.net\/index.php\/2026\/09\/04\/festival-de-deauville-le-cinema-independant-americain-pose-ses-valises-sur-les-planches-normandes\/#breadcrumb\",\"itemListElement\":[{\"@type\":\"ListItem\",\"position\":1,\"name\":\"Accueil\",\"item\":\"https:\/\/bobea.net\/\"},{\"@type\":\"ListItem\",\"position\":2,\"name\":\"Festival de Deauville : le cin\u00e9ma ind\u00e9pendant am\u00e9ricain pose ses valises sur les planches normandes\"}]},{\"@type\":\"WebSite\",\"@id\":\"https:\/\/bobea.net\/#website\",\"url\":\"https:\/\/bobea.net\/\",\"name\":\"Bobea\",\"description\":\"Le magazine de la nouvelle \u00c8ve\",\"publisher\":{\"@id\":\"https:\/\/bobea.net\/#organization\"},\"potentialAction\":[{\"@type\":\"SearchAction\",\"target\":{\"@type\":\"EntryPoint\",\"urlTemplate\":\"https:\/\/bobea.net\/?s={search_term_string}\"},\"query-input\":{\"@type\":\"PropertyValueSpecification\",\"valueRequired\":true,\"valueName\":\"search_term_string\"}}],\"inLanguage\":\"fr-FR\"},{\"@type\":\"Organization\",\"@id\":\"https:\/\/bobea.net\/#organization\",\"name\":\"Bobea\",\"url\":\"https:\/\/bobea.net\/\",\"logo\":{\"@type\":\"ImageObject\",\"inLanguage\":\"fr-FR\",\"@id\":\"https:\/\/bobea.net\/#\/schema\/logo\/image\/\",\"url\":\"https:\/\/bobea.net\/wp-content\/uploads\/2024\/06\/bobea.jpg\",\"contentUrl\":\"https:\/\/bobea.net\/wp-content\/uploads\/2024\/06\/bobea.jpg\",\"width\":1080,\"height\":1080,\"caption\":\"Bobea\"},\"image\":{\"@id\":\"https:\/\/bobea.net\/#\/schema\/logo\/image\/\"},\"sameAs\":[\"https:\/\/web.facebook.com\/profile.php?id=61559252188416\"]},{\"@type\":\"Person\",\"@id\":\"https:\/\/bobea.net\/#\/schema\/person\/e7f45ef187918d7c956bf619dce90ccf\",\"name\":\"bobea.info\",\"image\":{\"@type\":\"ImageObject\",\"inLanguage\":\"fr-FR\",\"@id\":\"https:\/\/bobea.net\/#\/schema\/person\/image\/\",\"url\":\"https:\/\/secure.gravatar.com\/avatar\/36147980349df887ae30808df3e29474?s=96&d=mm&r=g\",\"contentUrl\":\"https:\/\/secure.gravatar.com\/avatar\/36147980349df887ae30808df3e29474?s=96&d=mm&r=g\",\"caption\":\"bobea.info\"},\"sameAs\":[\"https:\/\/bobea.net\"],\"url\":\"https:\/\/bobea.net\/index.php\/author\/bobea-info\/\"}]}<\/script>\n<!-- \/ Yoast SEO plugin. -->","yoast_head_json":{"title":"Festival de Deauville : le cin\u00e9ma ind\u00e9pendant am\u00e9ricain pose ses valises sur les planches normandes - Bobea","robots":{"index":"index","follow":"follow","max-snippet":"max-snippet:-1","max-image-preview":"max-image-preview:large","max-video-preview":"max-video-preview:-1"},"canonical":"https:\/\/bobea.net\/index.php\/2026\/09\/04\/festival-de-deauville-le-cinema-independant-americain-pose-ses-valises-sur-les-planches-normandes\/","og_locale":"fr_FR","og_type":"article","og_title":"Festival de Deauville : le cin\u00e9ma ind\u00e9pendant am\u00e9ricain pose ses valises sur les planches normandes - Bobea","og_description":"Sous la lumi\u00e8re car\u00adac\u00adt\u00e9ris\u00adtique de la c\u00f4te nor\u00admande, Deauville a rev\u00ea\u00adtu son habit de lumi\u00e8re. La 52\u1d49 \u00e9di\u00adtion du Fes\u00adti\u00adval du Cin\u00e9\u00adma Am\u00e9ri\u00adcain de Deauville a offi\u00adcielle\u00adment d\u00e9mar\u00adr\u00e9, trans\u00adfor\u00admant la&hellip;","og_url":"https:\/\/bobea.net\/index.php\/2026\/09\/04\/festival-de-deauville-le-cinema-independant-americain-pose-ses-valises-sur-les-planches-normandes\/","og_site_name":"Bobea","article_publisher":"https:\/\/web.facebook.com\/profile.php?id=61559252188416","article_published_time":"2026-09-04T09:43:43+00:00","article_modified_time":"2026-09-04T09:43:45+00:00","og_image":[{"width":1800,"height":1200,"url":"https:\/\/bobea.net\/wp-content\/uploads\/2026\/09\/Festival-de-Cinema-de-Deauville-1.jpeg","type":"image\/jpeg"}],"author":"bobea.info","twitter_card":"summary_large_image","twitter_misc":{"\u00c9crit par":"bobea.info","Dur\u00e9e de lecture estim\u00e9e":"4 minutes"},"schema":{"@context":"https:\/\/schema.org","@graph":[{"@type":"Article","@id":"https:\/\/bobea.net\/index.php\/2026\/09\/04\/festival-de-deauville-le-cinema-independant-americain-pose-ses-valises-sur-les-planches-normandes\/#article","isPartOf":{"@id":"https:\/\/bobea.net\/index.php\/2026\/09\/04\/festival-de-deauville-le-cinema-independant-americain-pose-ses-valises-sur-les-planches-normandes\/"},"author":{"name":"bobea.info","@id":"https:\/\/bobea.net\/#\/schema\/person\/e7f45ef187918d7c956bf619dce90ccf"},"headline":"Festival de Deauville : le cin\u00e9ma ind\u00e9pendant am\u00e9ricain pose ses valises sur les planches normandes","datePublished":"2026-09-04T09:43:43+00:00","dateModified":"2026-09-04T09:43:45+00:00","mainEntityOfPage":{"@id":"https:\/\/bobea.net\/index.php\/2026\/09\/04\/festival-de-deauville-le-cinema-independant-americain-pose-ses-valises-sur-les-planches-normandes\/"},"wordCount":663,"commentCount":0,"publisher":{"@id":"https:\/\/bobea.net\/#organization"},"image":{"@id":"https:\/\/bobea.net\/index.php\/2026\/09\/04\/festival-de-deauville-le-cinema-independant-americain-pose-ses-valises-sur-les-planches-normandes\/#primaryimage"},"thumbnailUrl":"https:\/\/bobea.net\/wp-content\/uploads\/2026\/09\/Festival-de-Cinema-de-Deauville-1.jpeg","articleSection":["Culture"],"inLanguage":"fr-FR","potentialAction":[{"@type":"CommentAction","name":"Comment","target":["https:\/\/bobea.net\/index.php\/2026\/09\/04\/festival-de-deauville-le-cinema-independant-americain-pose-ses-valises-sur-les-planches-normandes\/#respond"]}]},{"@type":"WebPage","@id":"https:\/\/bobea.net\/index.php\/2026\/09\/04\/festival-de-deauville-le-cinema-independant-americain-pose-ses-valises-sur-les-planches-normandes\/","url":"https:\/\/bobea.net\/index.php\/2026\/09\/04\/festival-de-deauville-le-cinema-independant-americain-pose-ses-valises-sur-les-planches-normandes\/","name":"Festival de Deauville : le cin\u00e9ma ind\u00e9pendant am\u00e9ricain pose ses valises sur les planches normandes - Bobea","isPartOf":{"@id":"https:\/\/bobea.net\/#website"},"primaryImageOfPage":{"@id":"https:\/\/bobea.net\/index.php\/2026\/09\/04\/festival-de-deauville-le-cinema-independant-americain-pose-ses-valises-sur-les-planches-normandes\/#primaryimage"},"image":{"@id":"https:\/\/bobea.net\/index.php\/2026\/09\/04\/festival-de-deauville-le-cinema-independant-americain-pose-ses-valises-sur-les-planches-normandes\/#primaryimage"},"thumbnailUrl":"https:\/\/bobea.net\/wp-content\/uploads\/2026\/09\/Festival-de-Cinema-de-Deauville-1.jpeg","datePublished":"2026-09-04T09:43:43+00:00","dateModified":"2026-09-04T09:43:45+00:00","breadcrumb":{"@id":"https:\/\/bobea.net\/index.php\/2026\/09\/04\/festival-de-deauville-le-cinema-independant-americain-pose-ses-valises-sur-les-planches-normandes\/#breadcrumb"},"inLanguage":"fr-FR","potentialAction":[{"@type":"ReadAction","target":["https:\/\/bobea.net\/index.php\/2026\/09\/04\/festival-de-deauville-le-cinema-independant-americain-pose-ses-valises-sur-les-planches-normandes\/"]}]},{"@type":"ImageObject","inLanguage":"fr-FR","@id":"https:\/\/bobea.net\/index.php\/2026\/09\/04\/festival-de-deauville-le-cinema-independant-americain-pose-ses-valises-sur-les-planches-normandes\/#primaryimage","url":"https:\/\/bobea.net\/wp-content\/uploads\/2026\/09\/Festival-de-Cinema-de-Deauville-1.jpeg","contentUrl":"https:\/\/bobea.net\/wp-content\/uploads\/2026\/09\/Festival-de-Cinema-de-Deauville-1.jpeg","width":1800,"height":1200},{"@type":"BreadcrumbList","@id":"https:\/\/bobea.net\/index.php\/2026\/09\/04\/festival-de-deauville-le-cinema-independant-americain-pose-ses-valises-sur-les-planches-normandes\/#breadcrumb","itemListElement":[{"@type":"ListItem","position":1,"name":"Accueil","item":"https:\/\/bobea.net\/"},{"@type":"ListItem","position":2,"name":"Festival de Deauville : le cin\u00e9ma ind\u00e9pendant am\u00e9ricain pose ses valises sur les planches normandes"}]},{"@type":"WebSite","@id":"https:\/\/bobea.net\/#website","url":"https:\/\/bobea.net\/","name":"Bobea","description":"Le magazine de la nouvelle \u00c8ve","publisher":{"@id":"https:\/\/bobea.net\/#organization"},"potentialAction":[{"@type":"SearchAction","target":{"@type":"EntryPoint","urlTemplate":"https:\/\/bobea.net\/?s={search_term_string}"},"query-input":{"@type":"PropertyValueSpecification","valueRequired":true,"valueName":"search_term_string"}}],"inLanguage":"fr-FR"},{"@type":"Organization","@id":"https:\/\/bobea.net\/#organization","name":"Bobea","url":"https:\/\/bobea.net\/","logo":{"@type":"ImageObject","inLanguage":"fr-FR","@id":"https:\/\/bobea.net\/#\/schema\/logo\/image\/","url":"https:\/\/bobea.net\/wp-content\/uploads\/2024\/06\/bobea.jpg","contentUrl":"https:\/\/bobea.net\/wp-content\/uploads\/2024\/06\/bobea.jpg","width":1080,"height":1080,"caption":"Bobea"},"image":{"@id":"https:\/\/bobea.net\/#\/schema\/logo\/image\/"},"sameAs":["https:\/\/web.facebook.com\/profile.php?id=61559252188416"]},{"@type":"Person","@id":"https:\/\/bobea.net\/#\/schema\/person\/e7f45ef187918d7c956bf619dce90ccf","name":"bobea.info","image":{"@type":"ImageObject","inLanguage":"fr-FR","@id":"https:\/\/bobea.net\/#\/schema\/person\/image\/","url":"https:\/\/secure.gravatar.com\/avatar\/36147980349df887ae30808df3e29474?s=96&d=mm&r=g","contentUrl":"https:\/\/secure.gravatar.com\/avatar\/36147980349df887ae30808df3e29474?s=96&d=mm&r=g","caption":"bobea.info"},"sameAs":["https:\/\/bobea.net"],"url":"https:\/\/bobea.net\/index.php\/author\/bobea-info\/"}]}},"_links":{"self":[{"href":"https:\/\/bobea.net\/index.php\/wp-json\/wp\/v2\/posts\/33369"}],"collection":[{"href":"https:\/\/bobea.net\/index.php\/wp-json\/wp\/v2\/posts"}],"about":[{"href":"https:\/\/bobea.net\/index.php\/wp-json\/wp\/v2\/types\/post"}],"author":[{"embeddable":true,"href":"https:\/\/bobea.net\/index.php\/wp-json\/wp\/v2\/users\/1"}],"replies":[{"embeddable":true,"href":"https:\/\/bobea.net\/index.php\/wp-json\/wp\/v2\/comments?post=33369"}],"version-history":[{"count":1,"href":"https:\/\/bobea.net\/index.php\/wp-json\/wp\/v2\/posts\/33369\/revisions"}],"predecessor-version":[{"id":33372,"href":"https:\/\/bobea.net\/index.php\/wp-json\/wp\/v2\/posts\/33369\/revisions\/33372"}],"wp:featuredmedia":[{"embeddable":true,"href":"https:\/\/bobea.net\/index.php\/wp-json\/wp\/v2\/media\/33370"}],"wp:attachment":[{"href":"https:\/\/bobea.net\/index.php\/wp-json\/wp\/v2\/media?parent=33369"}],"wp:term":[{"taxonomy":"category","embeddable":true,"href":"https:\/\/bobea.net\/index.php\/wp-json\/wp\/v2\/categories?post=33369"},{"taxonomy":"post_tag","embeddable":true,"href":"https:\/\/bobea.net\/index.php\/wp-json\/wp\/v2\/tags?post=33369"}],"curies":[{"name":"wp","href":"https:\/\/api.w.org\/{rel}","templated":true}]}}