{"id":33365,"date":"2026-09-04T08:57:47","date_gmt":"2026-09-04T08:57:47","guid":{"rendered":"https:\/\/bobea.net\/?p=33365"},"modified":"2026-09-04T08:57:49","modified_gmt":"2026-09-04T08:57:49","slug":"kim-kardashian-apercue-en-solo-lors-dune-soiree-select-a-los-angeles","status":"publish","type":"post","link":"https:\/\/bobea.net\/index.php\/2026\/09\/04\/kim-kardashian-apercue-en-solo-lors-dune-soiree-select-a-los-angeles\/","title":{"rendered":"Kim Kardashian aper\u00e7ue en solo lors d\u2019une soir\u00e9e s\u00e9lect \u00e0 Los Angeles"},"content":{"rendered":"\n<p>La nuit cal\u00adi\u00adforni\u00adenne a une fois de plus \u00e9t\u00e9 illu\u00admin\u00e9e par la pr\u00e9sence de la fig\u00adure la plus influ\u00adente de la pop cul\u00adture mod\u00aderne. Lors d\u2019une soir\u00e9e ultra-exclu\u00adsive organ\u00adis\u00e9e dans une pro\u00adpri\u00e9t\u00e9 somptueuse des hau\u00adteurs de Bev\u00ader\u00adly Hills \u00e0 Los Ange\u00adles, la femme d\u2019af\u00adfaires et ic\u00f4ne de mode Kim Kar\u00addashi\u00adan a fait une appari\u00adtion solo par\u00adti\u00adc\u00aduli\u00e8re\u00adment remar\u00adqu\u00e9e. V\u00eatue d\u2019une cr\u00e9a\u00adtion de haute cou\u00adture sur-mesure qui a imm\u00e9\u00addi\u00adate\u00adment cap\u00adtiv\u00e9 l\u2019ensem\u00adble des pho\u00adtographes et des invit\u00e9s VIP pr\u00e9sents, la fon\u00adda\u00adtrice d\u2019im\u00adpe\u00adri\u00adaux empires de la mode et de la beaut\u00e9 a d\u00e9mon\u00adtr\u00e9 une nou\u00advelle fois sa ma\u00eetrise absolue de l\u2019im\u00adage et du glam\u00adour \u00e0 l\u2019am\u00e9ri\u00adcaine.<\/p>\n\n\n\n<p><strong>L\u2019af\u00adfir\u00adma\u00adtion d\u2019une femme d\u2019af\u00adfaires accom\u00adplie et ind\u00e9pen\u00addante<\/strong><\/p>\n\n\n\n<p>L\u2019ap\u00adpari\u00adtion de Kim Kar\u00addashi\u00adan lors de cet \u00e9v\u00e9ne\u00adment rassem\u00adblant le tout-Hol\u00adly\u00adwood s\u2019in\u00adscrit dans une p\u00e9ri\u00adode de suc\u00adc\u00e8s per\u00adson\u00adnels et pro\u00adfes\u00adsion\u00adnels majeurs pour la star de quar\u00adante-cinq ans. Affichant une assur\u00adance ray\u00adon\u00adnante, la mil\u00adliar\u00addaire am\u00e9ri\u00adcaine s\u2019est pr\u00e9sen\u00adt\u00e9e sans accom\u00adpa\u00adg\u00adna\u00adteur, monop\u00ado\u00adlisant l\u2019at\u00adten\u00adtion des m\u00e9dias par son charisme et son \u00e9l\u00e9\u00adgance min\u00adi\u00admal\u00adiste. Loin des sp\u00e9cu\u00adla\u00adtions inces\u00adsantes de la presse peo\u00adple sur sa vie sen\u00adti\u00admen\u00adtale, elle a affir\u00adm\u00e9 sa pos\u00adture de leader d\u2019opin\u00adion et de grande entre\u00adpre\u00adneuse du secteur du luxe.<\/p>\n\n\n\n<p>Au cours de la soir\u00e9e, Kim Kar\u00addashi\u00adan s\u2019est entretenue longue\u00adment avec les plus grands directeurs artis\u00adtiques, investis\u00adseurs et per\u00adson\u00adnal\u00adit\u00e9s de l\u2019in\u00addus\u00adtrie du cin\u00e9\u00adma instal\u00adl\u00e9s \u00e0 Los Ange\u00adles. Ses dis\u00adcus\u00adsions, suiv\u00adies de pr\u00e8s par les obser\u00adva\u00adteurs du show-busi\u00adness, t\u00e9moign\u00aderaient de la pr\u00e9\u00adpa\u00adra\u00adtion de nou\u00adveaux d\u00e9veloppe\u00adments strat\u00e9giques pour ses mar\u00adques mon\u00addi\u00adales, ain\u00adsi que de pro\u00adjets de pro\u00adduc\u00adtion audio\u00advi\u00adsuelle d\u2019en\u00adver\u00adgure.<\/p>\n\n\n\n<figure class=\"wp-block-image size-large\"><img loading=\"lazy\" decoding=\"async\" width=\"1024\" height=\"538\" src=\"https:\/\/bobea.net\/wp-content\/uploads\/2026\/09\/abaca-954754-145-1024x538.jpg\" alt class=\"wp-image-33367\" srcset=\"https:\/\/bobea.net\/wp-content\/uploads\/2026\/09\/abaca-954754-145-1024x538.jpg 1024w, https:\/\/bobea.net\/wp-content\/uploads\/2026\/09\/abaca-954754-145-300x158.jpg 300w, https:\/\/bobea.net\/wp-content\/uploads\/2026\/09\/abaca-954754-145-768x403.jpg 768w, https:\/\/bobea.net\/wp-content\/uploads\/2026\/09\/abaca-954754-145.jpg 1200w\" sizes=\"(max-width: 1024px) 100vw, 1024px\"><\/figure>\n\n\n\n<p><strong>Un look archi\u00adtec\u00adtur\u00adal qui dicte d\u00e9j\u00e0 les ten\u00addances de la sai\u00adson<\/strong><\/p>\n\n\n\n<p>Cha\u00adcune des sor\u00adties publiques de la star con\u00adstitue une le\u00e7on de style scrut\u00e9e par les styl\u00adistes de la plan\u00e8te enti\u00e8re. Pour cette soir\u00e9e hol\u00adly\u00adwoo\u00add\u00adi\u00adenne, Kim Kar\u00addashi\u00adan a fait le choix d\u2019une sil\u00adhou\u00adette sculp\u00adturale d\u2019un raf\u00adfine\u00adment extr\u00eame :<\/p>\n\n\n\n<ul class=\"wp-block-list\">\n<li><strong>La coupe flu\u00adide et struc\u00adtur\u00e9e :<\/strong> Une robe four\u00adreau aux lignes \u00e9pur\u00e9es met\u00adtant en valeur sa mor\u00adpholo\u00adgie l\u00e9gendaire.<\/li>\n\n\n\n<li><strong>La palette de couleurs min\u00e9rales :<\/strong> Un ton nude pro\u00adfond sub\u00adlim\u00e9 par des reflets m\u00e9tallis\u00e9s sub\u00adtils adap\u00adt\u00e9s aux lumi\u00e8res de Cal\u00adi\u00adfornie.<\/li>\n\n\n\n<li><strong>Les acces\u00adsoires min\u00adi\u00admal\u00adistes :<\/strong> Une s\u00e9lec\u00adtion de bijoux dis\u00adcrets mais d\u2019une raret\u00e9 excep\u00adtion\u00adnelle, sign\u00e9s par un joail\u00adli\u00ader parisien de renom.<\/li>\n<\/ul>\n\n\n\n<p>Les images de sa tenue ont envahi les plate\u00adformes num\u00e9riques en quelques sec\u00adon\u00addes, g\u00e9n\u00e9rant des mil\u00adlions de men\u00adtions et con\u00adfir\u00admant son pou\u00advoir d\u2019at\u00adtrac\u00adtion in\u00e9\u00adgal\u00e9 sur les ten\u00addances ves\u00adti\u00admen\u00adtaires inter\u00adna\u00adtionales.<\/p>\n\n\n\n<p><strong>Une pr\u00e9sence incon\u00adtourn\u00adable au som\u00admet de la cul\u00adture pop<\/strong><\/p>\n\n\n\n<p>La pr\u00e9sence de Kim Kar\u00addashi\u00adan \u00e0 cette r\u00e9cep\u00adtion s\u00e9lect de Los Ange\u00adles rap\u00adpelle l\u2019in\u00adcroy\u00adable long\u00e9vit\u00e9 de son r\u00e8gne m\u00e9di\u00ada\u00adtique. Alors que de nom\u00adbreuses fig\u00adures de la t\u00e9l\u00e9r\u00e9al\u00adit\u00e9 ou des r\u00e9seaux soci\u00adaux s\u2019ef\u00adfacent rapi\u00adde\u00adment, la femme d\u2019af\u00adfaires a su trans\u00adformer une notori\u00e9t\u00e9 ini\u00adtiale en un v\u00e9ri\u00adta\u00adble pou\u00advoir \u00e9conomique et cul\u00adturel p\u00e9renne.<\/p>\n\n\n\n<p>En r\u00e9in\u00adven\u00adtant con\u00adtin\u00aduelle\u00adment son image et en s\u2019im\u00adposant dans les cer\u00adcles les plus fer\u00adm\u00e9s des affaires et de la haute cou\u00adture mon\u00addi\u00adale, Kim Kar\u00addashi\u00adan prou\u00adve qu\u2019elle reste la reine incon\u00adtest\u00e9e du show-busi\u00adness am\u00e9ri\u00adcain, capa\u00adble de trans\u00adformer la moin\u00addre appari\u00adtion publique en un \u00e9v\u00e9ne\u00adment mon\u00addi\u00adal.<\/p>\n","protected":false},"excerpt":{"rendered":"<p>La nuit cal\u00adi\u00adforni\u00adenne a une fois de plus \u00e9t\u00e9 illu\u00admin\u00e9e par la pr\u00e9sence de la fig\u00adure la plus influ\u00adente de la pop cul\u00adture mod\u00aderne. Lors d\u2019une soir\u00e9e ultra-exclu\u00ad\u00adsive organ\u00adis\u00e9e dans\u2026 <\/p>\n","protected":false},"author":1,"featured_media":33366,"comment_status":"open","ping_status":"closed","sticky":false,"template":"","format":"standard","meta":{"wp_typography_post_enhancements_disabled":false,"footnotes":""},"categories":[83],"tags":[],"class_list":["post-33365","post","type-post","status-publish","format-standard","has-post-thumbnail","hentry","category-dreams-people"],"yoast_head":"<!-- This site is optimized with the Yoast SEO plugin v24.7 - https:\/\/yoast.com\/wordpress\/plugins\/seo\/ -->\n<title>Kim Kardashian aper\u00e7ue en solo lors d&#039;une soir\u00e9e s\u00e9lect \u00e0 Los Angeles - Bobea<\/title>\n<meta name=\"robots\" content=\"index, follow, max-snippet:-1, max-image-preview:large, max-video-preview:-1\" \/>\n<link rel=\"canonical\" href=\"https:\/\/bobea.net\/index.php\/2026\/09\/04\/kim-kardashian-apercue-en-solo-lors-dune-soiree-select-a-los-angeles\/\" \/>\n<meta property=\"og:locale\" content=\"fr_FR\" \/>\n<meta property=\"og:type\" content=\"article\" \/>\n<meta property=\"og:title\" content=\"Kim Kardashian aper\u00e7ue en solo lors d&#039;une soir\u00e9e s\u00e9lect \u00e0 Los Angeles - Bobea\" \/>\n<meta property=\"og:description\" content=\"La nuit cal\u00adi\u00adforni\u00adenne a une fois de plus \u00e9t\u00e9 illu\u00admin\u00e9e par la pr\u00e9sence de la fig\u00adure la plus influ\u00adente de la pop cul\u00adture mod\u00aderne. Lors d\u2019une soir\u00e9e ultra-exclu\u00adsive organ\u00adis\u00e9e dans&hellip;\" \/>\n<meta property=\"og:url\" content=\"https:\/\/bobea.net\/index.php\/2026\/09\/04\/kim-kardashian-apercue-en-solo-lors-dune-soiree-select-a-los-angeles\/\" \/>\n<meta property=\"og:site_name\" content=\"Bobea\" \/>\n<meta property=\"article:publisher\" content=\"https:\/\/web.facebook.com\/profile.php?id=61559252188416\" \/>\n<meta property=\"article:published_time\" content=\"2026-09-04T08:57:47+00:00\" \/>\n<meta property=\"article:modified_time\" content=\"2026-09-04T08:57:49+00:00\" \/>\n<meta property=\"og:image\" content=\"https:\/\/bobea.net\/wp-content\/uploads\/2026\/09\/shutterstock_editorial_14094736dk-scaled-1.webp\" \/>\n\t<meta property=\"og:image:width\" content=\"2560\" \/>\n\t<meta property=\"og:image:height\" content=\"1707\" \/>\n\t<meta property=\"og:image:type\" content=\"image\/webp\" \/>\n<meta name=\"author\" content=\"bobea.info\" \/>\n<meta name=\"twitter:card\" content=\"summary_large_image\" \/>\n<meta name=\"twitter:label1\" content=\"\u00c9crit par\" \/>\n\t<meta name=\"twitter:data1\" content=\"bobea.info\" \/>\n\t<meta name=\"twitter:label2\" content=\"Dur\u00e9e de lecture estim\u00e9e\" \/>\n\t<meta name=\"twitter:data2\" content=\"3 minutes\" \/>\n<script type=\"application\/ld+json\" class=\"yoast-schema-graph\">{\"@context\":\"https:\/\/schema.org\",\"@graph\":[{\"@type\":\"Article\",\"@id\":\"https:\/\/bobea.net\/index.php\/2026\/09\/04\/kim-kardashian-apercue-en-solo-lors-dune-soiree-select-a-los-angeles\/#article\",\"isPartOf\":{\"@id\":\"https:\/\/bobea.net\/index.php\/2026\/09\/04\/kim-kardashian-apercue-en-solo-lors-dune-soiree-select-a-los-angeles\/\"},\"author\":{\"name\":\"bobea.info\",\"@id\":\"https:\/\/bobea.net\/#\/schema\/person\/e7f45ef187918d7c956bf619dce90ccf\"},\"headline\":\"Kim Kardashian aper\u00e7ue en solo lors d\u2019une soir\u00e9e s\u00e9lect \u00e0 Los Angeles\",\"datePublished\":\"2026-09-04T08:57:47+00:00\",\"dateModified\":\"2026-09-04T08:57:49+00:00\",\"mainEntityOfPage\":{\"@id\":\"https:\/\/bobea.net\/index.php\/2026\/09\/04\/kim-kardashian-apercue-en-solo-lors-dune-soiree-select-a-los-angeles\/\"},\"wordCount\":591,\"commentCount\":0,\"publisher\":{\"@id\":\"https:\/\/bobea.net\/#organization\"},\"image\":{\"@id\":\"https:\/\/bobea.net\/index.php\/2026\/09\/04\/kim-kardashian-apercue-en-solo-lors-dune-soiree-select-a-los-angeles\/#primaryimage\"},\"thumbnailUrl\":\"https:\/\/bobea.net\/wp-content\/uploads\/2026\/09\/shutterstock_editorial_14094736dk-scaled-1.webp\",\"articleSection\":[\"Dreams People\"],\"inLanguage\":\"fr-FR\",\"potentialAction\":[{\"@type\":\"CommentAction\",\"name\":\"Comment\",\"target\":[\"https:\/\/bobea.net\/index.php\/2026\/09\/04\/kim-kardashian-apercue-en-solo-lors-dune-soiree-select-a-los-angeles\/#respond\"]}]},{\"@type\":\"WebPage\",\"@id\":\"https:\/\/bobea.net\/index.php\/2026\/09\/04\/kim-kardashian-apercue-en-solo-lors-dune-soiree-select-a-los-angeles\/\",\"url\":\"https:\/\/bobea.net\/index.php\/2026\/09\/04\/kim-kardashian-apercue-en-solo-lors-dune-soiree-select-a-los-angeles\/\",\"name\":\"Kim Kardashian aper\u00e7ue en solo lors d'une soir\u00e9e s\u00e9lect \u00e0 Los Angeles - Bobea\",\"isPartOf\":{\"@id\":\"https:\/\/bobea.net\/#website\"},\"primaryImageOfPage\":{\"@id\":\"https:\/\/bobea.net\/index.php\/2026\/09\/04\/kim-kardashian-apercue-en-solo-lors-dune-soiree-select-a-los-angeles\/#primaryimage\"},\"image\":{\"@id\":\"https:\/\/bobea.net\/index.php\/2026\/09\/04\/kim-kardashian-apercue-en-solo-lors-dune-soiree-select-a-los-angeles\/#primaryimage\"},\"thumbnailUrl\":\"https:\/\/bobea.net\/wp-content\/uploads\/2026\/09\/shutterstock_editorial_14094736dk-scaled-1.webp\",\"datePublished\":\"2026-09-04T08:57:47+00:00\",\"dateModified\":\"2026-09-04T08:57:49+00:00\",\"breadcrumb\":{\"@id\":\"https:\/\/bobea.net\/index.php\/2026\/09\/04\/kim-kardashian-apercue-en-solo-lors-dune-soiree-select-a-los-angeles\/#breadcrumb\"},\"inLanguage\":\"fr-FR\",\"potentialAction\":[{\"@type\":\"ReadAction\",\"target\":[\"https:\/\/bobea.net\/index.php\/2026\/09\/04\/kim-kardashian-apercue-en-solo-lors-dune-soiree-select-a-los-angeles\/\"]}]},{\"@type\":\"ImageObject\",\"inLanguage\":\"fr-FR\",\"@id\":\"https:\/\/bobea.net\/index.php\/2026\/09\/04\/kim-kardashian-apercue-en-solo-lors-dune-soiree-select-a-los-angeles\/#primaryimage\",\"url\":\"https:\/\/bobea.net\/wp-content\/uploads\/2026\/09\/shutterstock_editorial_14094736dk-scaled-1.webp\",\"contentUrl\":\"https:\/\/bobea.net\/wp-content\/uploads\/2026\/09\/shutterstock_editorial_14094736dk-scaled-1.webp\",\"width\":2560,\"height\":1707},{\"@type\":\"BreadcrumbList\",\"@id\":\"https:\/\/bobea.net\/index.php\/2026\/09\/04\/kim-kardashian-apercue-en-solo-lors-dune-soiree-select-a-los-angeles\/#breadcrumb\",\"itemListElement\":[{\"@type\":\"ListItem\",\"position\":1,\"name\":\"Accueil\",\"item\":\"https:\/\/bobea.net\/\"},{\"@type\":\"ListItem\",\"position\":2,\"name\":\"Kim Kardashian aper\u00e7ue en solo lors d&rsquo;une soir\u00e9e s\u00e9lect \u00e0 Los Angeles\"}]},{\"@type\":\"WebSite\",\"@id\":\"https:\/\/bobea.net\/#website\",\"url\":\"https:\/\/bobea.net\/\",\"name\":\"Bobea\",\"description\":\"Le magazine de la nouvelle \u00c8ve\",\"publisher\":{\"@id\":\"https:\/\/bobea.net\/#organization\"},\"potentialAction\":[{\"@type\":\"SearchAction\",\"target\":{\"@type\":\"EntryPoint\",\"urlTemplate\":\"https:\/\/bobea.net\/?s={search_term_string}\"},\"query-input\":{\"@type\":\"PropertyValueSpecification\",\"valueRequired\":true,\"valueName\":\"search_term_string\"}}],\"inLanguage\":\"fr-FR\"},{\"@type\":\"Organization\",\"@id\":\"https:\/\/bobea.net\/#organization\",\"name\":\"Bobea\",\"url\":\"https:\/\/bobea.net\/\",\"logo\":{\"@type\":\"ImageObject\",\"inLanguage\":\"fr-FR\",\"@id\":\"https:\/\/bobea.net\/#\/schema\/logo\/image\/\",\"url\":\"https:\/\/bobea.net\/wp-content\/uploads\/2024\/06\/bobea.jpg\",\"contentUrl\":\"https:\/\/bobea.net\/wp-content\/uploads\/2024\/06\/bobea.jpg\",\"width\":1080,\"height\":1080,\"caption\":\"Bobea\"},\"image\":{\"@id\":\"https:\/\/bobea.net\/#\/schema\/logo\/image\/\"},\"sameAs\":[\"https:\/\/web.facebook.com\/profile.php?id=61559252188416\"]},{\"@type\":\"Person\",\"@id\":\"https:\/\/bobea.net\/#\/schema\/person\/e7f45ef187918d7c956bf619dce90ccf\",\"name\":\"bobea.info\",\"image\":{\"@type\":\"ImageObject\",\"inLanguage\":\"fr-FR\",\"@id\":\"https:\/\/bobea.net\/#\/schema\/person\/image\/\",\"url\":\"https:\/\/secure.gravatar.com\/avatar\/36147980349df887ae30808df3e29474?s=96&d=mm&r=g\",\"contentUrl\":\"https:\/\/secure.gravatar.com\/avatar\/36147980349df887ae30808df3e29474?s=96&d=mm&r=g\",\"caption\":\"bobea.info\"},\"sameAs\":[\"https:\/\/bobea.net\"],\"url\":\"https:\/\/bobea.net\/index.php\/author\/bobea-info\/\"}]}<\/script>\n<!-- \/ Yoast SEO plugin. -->","yoast_head_json":{"title":"Kim Kardashian aper\u00e7ue en solo lors d'une soir\u00e9e s\u00e9lect \u00e0 Los Angeles - Bobea","robots":{"index":"index","follow":"follow","max-snippet":"max-snippet:-1","max-image-preview":"max-image-preview:large","max-video-preview":"max-video-preview:-1"},"canonical":"https:\/\/bobea.net\/index.php\/2026\/09\/04\/kim-kardashian-apercue-en-solo-lors-dune-soiree-select-a-los-angeles\/","og_locale":"fr_FR","og_type":"article","og_title":"Kim Kardashian aper\u00e7ue en solo lors d'une soir\u00e9e s\u00e9lect \u00e0 Los Angeles - Bobea","og_description":"La nuit cal\u00adi\u00adforni\u00adenne a une fois de plus \u00e9t\u00e9 illu\u00admin\u00e9e par la pr\u00e9sence de la fig\u00adure la plus influ\u00adente de la pop cul\u00adture mod\u00aderne. Lors d\u2019une soir\u00e9e ultra-exclu\u00adsive organ\u00adis\u00e9e dans&hellip;","og_url":"https:\/\/bobea.net\/index.php\/2026\/09\/04\/kim-kardashian-apercue-en-solo-lors-dune-soiree-select-a-los-angeles\/","og_site_name":"Bobea","article_publisher":"https:\/\/web.facebook.com\/profile.php?id=61559252188416","article_published_time":"2026-09-04T08:57:47+00:00","article_modified_time":"2026-09-04T08:57:49+00:00","og_image":[{"width":2560,"height":1707,"url":"https:\/\/bobea.net\/wp-content\/uploads\/2026\/09\/shutterstock_editorial_14094736dk-scaled-1.webp","type":"image\/webp"}],"author":"bobea.info","twitter_card":"summary_large_image","twitter_misc":{"\u00c9crit par":"bobea.info","Dur\u00e9e de lecture estim\u00e9e":"3 minutes"},"schema":{"@context":"https:\/\/schema.org","@graph":[{"@type":"Article","@id":"https:\/\/bobea.net\/index.php\/2026\/09\/04\/kim-kardashian-apercue-en-solo-lors-dune-soiree-select-a-los-angeles\/#article","isPartOf":{"@id":"https:\/\/bobea.net\/index.php\/2026\/09\/04\/kim-kardashian-apercue-en-solo-lors-dune-soiree-select-a-los-angeles\/"},"author":{"name":"bobea.info","@id":"https:\/\/bobea.net\/#\/schema\/person\/e7f45ef187918d7c956bf619dce90ccf"},"headline":"Kim Kardashian aper\u00e7ue en solo lors d\u2019une soir\u00e9e s\u00e9lect \u00e0 Los Angeles","datePublished":"2026-09-04T08:57:47+00:00","dateModified":"2026-09-04T08:57:49+00:00","mainEntityOfPage":{"@id":"https:\/\/bobea.net\/index.php\/2026\/09\/04\/kim-kardashian-apercue-en-solo-lors-dune-soiree-select-a-los-angeles\/"},"wordCount":591,"commentCount":0,"publisher":{"@id":"https:\/\/bobea.net\/#organization"},"image":{"@id":"https:\/\/bobea.net\/index.php\/2026\/09\/04\/kim-kardashian-apercue-en-solo-lors-dune-soiree-select-a-los-angeles\/#primaryimage"},"thumbnailUrl":"https:\/\/bobea.net\/wp-content\/uploads\/2026\/09\/shutterstock_editorial_14094736dk-scaled-1.webp","articleSection":["Dreams People"],"inLanguage":"fr-FR","potentialAction":[{"@type":"CommentAction","name":"Comment","target":["https:\/\/bobea.net\/index.php\/2026\/09\/04\/kim-kardashian-apercue-en-solo-lors-dune-soiree-select-a-los-angeles\/#respond"]}]},{"@type":"WebPage","@id":"https:\/\/bobea.net\/index.php\/2026\/09\/04\/kim-kardashian-apercue-en-solo-lors-dune-soiree-select-a-los-angeles\/","url":"https:\/\/bobea.net\/index.php\/2026\/09\/04\/kim-kardashian-apercue-en-solo-lors-dune-soiree-select-a-los-angeles\/","name":"Kim Kardashian aper\u00e7ue en solo lors d'une soir\u00e9e s\u00e9lect \u00e0 Los Angeles - Bobea","isPartOf":{"@id":"https:\/\/bobea.net\/#website"},"primaryImageOfPage":{"@id":"https:\/\/bobea.net\/index.php\/2026\/09\/04\/kim-kardashian-apercue-en-solo-lors-dune-soiree-select-a-los-angeles\/#primaryimage"},"image":{"@id":"https:\/\/bobea.net\/index.php\/2026\/09\/04\/kim-kardashian-apercue-en-solo-lors-dune-soiree-select-a-los-angeles\/#primaryimage"},"thumbnailUrl":"https:\/\/bobea.net\/wp-content\/uploads\/2026\/09\/shutterstock_editorial_14094736dk-scaled-1.webp","datePublished":"2026-09-04T08:57:47+00:00","dateModified":"2026-09-04T08:57:49+00:00","breadcrumb":{"@id":"https:\/\/bobea.net\/index.php\/2026\/09\/04\/kim-kardashian-apercue-en-solo-lors-dune-soiree-select-a-los-angeles\/#breadcrumb"},"inLanguage":"fr-FR","potentialAction":[{"@type":"ReadAction","target":["https:\/\/bobea.net\/index.php\/2026\/09\/04\/kim-kardashian-apercue-en-solo-lors-dune-soiree-select-a-los-angeles\/"]}]},{"@type":"ImageObject","inLanguage":"fr-FR","@id":"https:\/\/bobea.net\/index.php\/2026\/09\/04\/kim-kardashian-apercue-en-solo-lors-dune-soiree-select-a-los-angeles\/#primaryimage","url":"https:\/\/bobea.net\/wp-content\/uploads\/2026\/09\/shutterstock_editorial_14094736dk-scaled-1.webp","contentUrl":"https:\/\/bobea.net\/wp-content\/uploads\/2026\/09\/shutterstock_editorial_14094736dk-scaled-1.webp","width":2560,"height":1707},{"@type":"BreadcrumbList","@id":"https:\/\/bobea.net\/index.php\/2026\/09\/04\/kim-kardashian-apercue-en-solo-lors-dune-soiree-select-a-los-angeles\/#breadcrumb","itemListElement":[{"@type":"ListItem","position":1,"name":"Accueil","item":"https:\/\/bobea.net\/"},{"@type":"ListItem","position":2,"name":"Kim Kardashian aper\u00e7ue en solo lors d&rsquo;une soir\u00e9e s\u00e9lect \u00e0 Los Angeles"}]},{"@type":"WebSite","@id":"https:\/\/bobea.net\/#website","url":"https:\/\/bobea.net\/","name":"Bobea","description":"Le magazine de la nouvelle \u00c8ve","publisher":{"@id":"https:\/\/bobea.net\/#organization"},"potentialAction":[{"@type":"SearchAction","target":{"@type":"EntryPoint","urlTemplate":"https:\/\/bobea.net\/?s={search_term_string}"},"query-input":{"@type":"PropertyValueSpecification","valueRequired":true,"valueName":"search_term_string"}}],"inLanguage":"fr-FR"},{"@type":"Organization","@id":"https:\/\/bobea.net\/#organization","name":"Bobea","url":"https:\/\/bobea.net\/","logo":{"@type":"ImageObject","inLanguage":"fr-FR","@id":"https:\/\/bobea.net\/#\/schema\/logo\/image\/","url":"https:\/\/bobea.net\/wp-content\/uploads\/2024\/06\/bobea.jpg","contentUrl":"https:\/\/bobea.net\/wp-content\/uploads\/2024\/06\/bobea.jpg","width":1080,"height":1080,"caption":"Bobea"},"image":{"@id":"https:\/\/bobea.net\/#\/schema\/logo\/image\/"},"sameAs":["https:\/\/web.facebook.com\/profile.php?id=61559252188416"]},{"@type":"Person","@id":"https:\/\/bobea.net\/#\/schema\/person\/e7f45ef187918d7c956bf619dce90ccf","name":"bobea.info","image":{"@type":"ImageObject","inLanguage":"fr-FR","@id":"https:\/\/bobea.net\/#\/schema\/person\/image\/","url":"https:\/\/secure.gravatar.com\/avatar\/36147980349df887ae30808df3e29474?s=96&d=mm&r=g","contentUrl":"https:\/\/secure.gravatar.com\/avatar\/36147980349df887ae30808df3e29474?s=96&d=mm&r=g","caption":"bobea.info"},"sameAs":["https:\/\/bobea.net"],"url":"https:\/\/bobea.net\/index.php\/author\/bobea-info\/"}]}},"_links":{"self":[{"href":"https:\/\/bobea.net\/index.php\/wp-json\/wp\/v2\/posts\/33365"}],"collection":[{"href":"https:\/\/bobea.net\/index.php\/wp-json\/wp\/v2\/posts"}],"about":[{"href":"https:\/\/bobea.net\/index.php\/wp-json\/wp\/v2\/types\/post"}],"author":[{"embeddable":true,"href":"https:\/\/bobea.net\/index.php\/wp-json\/wp\/v2\/users\/1"}],"replies":[{"embeddable":true,"href":"https:\/\/bobea.net\/index.php\/wp-json\/wp\/v2\/comments?post=33365"}],"version-history":[{"count":1,"href":"https:\/\/bobea.net\/index.php\/wp-json\/wp\/v2\/posts\/33365\/revisions"}],"predecessor-version":[{"id":33368,"href":"https:\/\/bobea.net\/index.php\/wp-json\/wp\/v2\/posts\/33365\/revisions\/33368"}],"wp:featuredmedia":[{"embeddable":true,"href":"https:\/\/bobea.net\/index.php\/wp-json\/wp\/v2\/media\/33366"}],"wp:attachment":[{"href":"https:\/\/bobea.net\/index.php\/wp-json\/wp\/v2\/media?parent=33365"}],"wp:term":[{"taxonomy":"category","embeddable":true,"href":"https:\/\/bobea.net\/index.php\/wp-json\/wp\/v2\/categories?post=33365"},{"taxonomy":"post_tag","embeddable":true,"href":"https:\/\/bobea.net\/index.php\/wp-json\/wp\/v2\/tags?post=33365"}],"curies":[{"name":"wp","href":"https:\/\/api.w.org\/{rel}","templated":true}]}}