{"id":33361,"date":"2026-09-04T08:50:13","date_gmt":"2026-09-04T08:50:13","guid":{"rendered":"https:\/\/bobea.net\/?p=33361"},"modified":"2026-09-04T08:50:15","modified_gmt":"2026-09-04T08:50:15","slug":"celine-dion-a-paris-la-diva-quebecoise-celebre-sa-renaissance-artistique","status":"publish","type":"post","link":"https:\/\/bobea.net\/index.php\/2026\/09\/04\/celine-dion-a-paris-la-diva-quebecoise-celebre-sa-renaissance-artistique\/","title":{"rendered":"C\u00e9line Dion \u00e0 Paris : la diva qu\u00e9b\u00e9coise c\u00e9l\u00e8bre sa renaissance artistique"},"content":{"rendered":"\n<p>Paris s\u2019est une fois de plus impos\u00e9e comme le th\u00e9\u00e2tre des grands moments d\u2019\u00e9\u00admo\u00adtion de la musique inter\u00adna\u00adtionale. De pas\u00adsage dans la cap\u00adi\u00adtale fran\u00e7aise, la diva qu\u00e9b\u00e9\u00adcoise C\u00e9line Dion a sus\u00adcit\u00e9 un v\u00e9ri\u00adta\u00adble raz-de-mar\u00e9e d\u2019amour et de fer\u00adveur pop\u00adu\u00adlaire. Recon\u00adnue \u00e0 tra\u00advers la plan\u00e8te pour sa voix ph\u00e9nom\u00e9\u00adnale et son r\u00e9per\u00adtoire l\u00e9gendaire, l\u2019artiste orig\u00adi\u00adnaire du Qu\u00e9bec incar\u00adne aujour\u00add\u2019hui le sym\u00adbole ultime de la r\u00e9silience et de la renais\u00adsance artis\u00adtique. Sa pr\u00e9sence dans les rues de Paris, souri\u00adante, \u00e9cla\u00adtante de san\u00adt\u00e9 et plus d\u00e9ter\u00admin\u00e9e que jamais, a d\u00e9clench\u00e9 une \u00e9mo\u00adtion con\u00adsid\u00ad\u00e9rable aupr\u00e8s de ses admi\u00adra\u00adteurs venus de toute l\u2019Eu\u00adrope et du monde entier pour c\u00e9l\u00e9br\u00ader son grand retour sous le feu des pro\u00adjecteurs.<\/p>\n\n\n\n<p><strong>La r\u00e9silience d\u2019une l\u00e9gende vivante de la musique mon\u00addi\u00adale<\/strong><\/p>\n\n\n\n<p>Le par\u00adcours r\u00e9cent de C\u00e9line Dion est une v\u00e9ri\u00adta\u00adble le\u00e7on de courage. Face aux \u00e9preuves de san\u00adt\u00e9 qu\u2019elle a affron\u00adt\u00e9es avec une trans\u00adparence et une dig\u00adnit\u00e9 exem\u00adplaires, la chanteuse a su puis\u00ader dans sa pas\u00adsion pour la musique et dans l\u2019amour incon\u00addi\u00adtion\u00adnel de son pub\u00adlic la force de se recon\u00adstru\u00adire. Son arriv\u00e9e \u00e0 Paris mar\u00adque une \u00e9tape cru\u00adciale dans cette d\u00e9marche de recon\u00adqu\u00eate et de renais\u00adsance pro\u00adfes\u00adsion\u00adnelle.<\/p>\n\n\n\n<p>Cha\u00adcune de ses sor\u00adties dans la cap\u00adi\u00adtale fran\u00e7aise a \u00e9t\u00e9 accueil\u00adlie par des rassem\u00adble\u00adments spon\u00adtan\u00e9s de fans chan\u00adtant ses plus grands suc\u00adc\u00e8s. Avec une g\u00e9n\u00e9rosit\u00e9 qui la car\u00adac\u00adt\u00e9rise depuis le d\u00e9but de sa car\u00adri\u00e8re \u00e0 Mon\u00adtr\u00e9al, la diva a pris le temps d\u2019\u00e9chang\u00ader des regards, des sig\u00adnaux de la main et des mots de grat\u00adi\u00adtude avec sa foule d\u2019ad\u00admi\u00adra\u00adteurs. Cet accueil chaleureux r\u00e9af\u00adfirme la place unique qu\u2019elle occupe dans le c\u0153ur des Fran\u00e7ais et des m\u00e9lo\u00admanes du monde entier.<\/p>\n\n\n\n<figure class=\"wp-block-image size-large\"><img loading=\"lazy\" decoding=\"async\" width=\"1024\" height=\"576\" src=\"https:\/\/bobea.net\/wp-content\/uploads\/2026\/09\/La-chanteuse-Celine-Dion-salue-ses-fans-a-son-arrivee-a-l-hotel-Le-Royal-Monceau-a-Paris-le-28-aout-2026-avant-sa-serie-de-concerts-dans-la-capitale-francaise-2338599-1024x576.webp\" alt class=\"wp-image-33363\" srcset=\"https:\/\/bobea.net\/wp-content\/uploads\/2026\/09\/La-chanteuse-Celine-Dion-salue-ses-fans-a-son-arrivee-a-l-hotel-Le-Royal-Monceau-a-Paris-le-28-aout-2026-avant-sa-serie-de-concerts-dans-la-capitale-francaise-2338599-1024x576.webp 1024w, https:\/\/bobea.net\/wp-content\/uploads\/2026\/09\/La-chanteuse-Celine-Dion-salue-ses-fans-a-son-arrivee-a-l-hotel-Le-Royal-Monceau-a-Paris-le-28-aout-2026-avant-sa-serie-de-concerts-dans-la-capitale-francaise-2338599-300x169.webp 300w, https:\/\/bobea.net\/wp-content\/uploads\/2026\/09\/La-chanteuse-Celine-Dion-salue-ses-fans-a-son-arrivee-a-l-hotel-Le-Royal-Monceau-a-Paris-le-28-aout-2026-avant-sa-serie-de-concerts-dans-la-capitale-francaise-2338599-768x432.webp 768w, https:\/\/bobea.net\/wp-content\/uploads\/2026\/09\/La-chanteuse-Celine-Dion-salue-ses-fans-a-son-arrivee-a-l-hotel-Le-Royal-Monceau-a-Paris-le-28-aout-2026-avant-sa-serie-de-concerts-dans-la-capitale-francaise-2338599-1536x864.webp 1536w, https:\/\/bobea.net\/wp-content\/uploads\/2026\/09\/La-chanteuse-Celine-Dion-salue-ses-fans-a-son-arrivee-a-l-hotel-Le-Royal-Monceau-a-Paris-le-28-aout-2026-avant-sa-serie-de-concerts-dans-la-capitale-francaise-2338599.webp 2048w\" sizes=\"(max-width: 1024px) 100vw, 1024px\"><\/figure>\n\n\n\n<p><strong>Un s\u00e9jour parisien plac\u00e9 sous le signe de la cr\u00e9a\u00adtion et du style<\/strong><\/p>\n\n\n\n<p>Au-del\u00e0 de la dimen\u00adsion \u00e9mo\u00adtion\u00adnelle, ce s\u00e9jour \u00e0 Paris s\u2019in\u00adscrit dans un agen\u00adda cr\u00e9atif par\u00adti\u00adc\u00aduli\u00e8re\u00adment dense. La star mon\u00addi\u00adale a mul\u00adti\u00adpli\u00e9 les ren\u00addez-vous con\u00adfi\u00adden\u00adtiels avec de grands auteurs, com\u00adpos\u00adi\u00adteurs et pro\u00adduc\u00adteurs de la sc\u00e8ne europ\u00e9enne, lais\u00adsant pr\u00e9sager l\u2019aboutisse\u00adment immi\u00adnent de nou\u00adveaux pro\u00adjets musi\u00adcaux d\u2019en\u00adver\u00adgure inter\u00adna\u00adtionale.<\/p>\n\n\n\n<ol start=\"1\" class=\"wp-block-list\">\n<li><strong>S\u00e9s\u00adsions de tra\u00advail en stu\u00addio :<\/strong> La pr\u00e9\u00adpa\u00adra\u00adtion de nou\u00adveaux titres acous\u00adtiques val\u00adorisant la matu\u00adrit\u00e9 et la puis\u00adsance de son tim\u00adbre vocal.<\/li>\n\n\n\n<li><strong>Ren\u00adcon\u00adtres avec la haute cou\u00adture :<\/strong> Des essayages exclusifs avec les plus grandes maisons de mode parisi\u00adennes pour fa\u00e7on\u00adner sa future garde-robe de sc\u00e8ne.<\/li>\n\n\n\n<li><strong>Col\u00adlab\u00ado\u00adra\u00adtion avec des artistes \u00e9mer\u00adgents :<\/strong> Un d\u00e9sir affir\u00adm\u00e9 de trans\u00admet\u00adtre son exp\u00e9ri\u00adence et d\u2019ex\u00adplor\u00ader de nou\u00advelles sonorit\u00e9s con\u00adtem\u00adpo\u00adraines.<\/li>\n<\/ol>\n\n\n\n<p>Sa pr\u00e9sence remar\u00adqu\u00e9e lors des ren\u00addez-vous de la mode parisi\u00adenne a \u00e9gale\u00adment con\u00adfir\u00adm\u00e9 son statut d\u2019ic\u00f4ne du style incon\u00adtourn\u00adable. Arbo\u00adrant des tenues archi\u00adtec\u00adturales d\u2019une \u00e9l\u00e9\u00adgance rare, C\u00e9line Dion prou\u00adve qu\u2019elle ma\u00eetrise comme per\u00adson\u00adne l\u2019art du glam\u00adour et de la prestance sc\u00e9nique.<\/p>\n\n\n\n<p><strong>L\u2019at\u00adtente plan\u00e9\u00adtaire d\u2019un retour sur sc\u00e8ne his\u00adtorique<\/strong><\/p>\n\n\n\n<p>Pour les obser\u00adva\u00adteurs de l\u2019in\u00addus\u00adtrie musi\u00adcale, la renais\u00adsance parisi\u00adenne de C\u00e9line Dion pr\u00e9\u00adfig\u00adure l\u2019un des \u00e9v\u00e9ne\u00adments cul\u00adturels les plus atten\u00addus de la d\u00e9cen\u00adnie : son retour offi\u00adciel sur les plus grandes sc\u00e8nes mon\u00addi\u00adales. Les rumeurs de nou\u00advelles s\u00e9ries de con\u00adcerts \u00e0 Paris, Lon\u00addres et New York ali\u00admentent toutes les con\u00adver\u00adsa\u00adtions dans le milieu du spec\u00adta\u00adcle.<\/p>\n\n\n\n<p>En choi\u00adsis\u00adsant la France pour offi\u00adcialis\u00ader cette nou\u00advelle \u00e9tape de sa vie d\u2019artiste, la diva qu\u00e9b\u00e9\u00adcoise scelle \u00e0 nou\u00adveau son pacte d\u2019amour avec un pub\u00adlic qui ne l\u2019a jamais aban\u00addon\u00adn\u00e9e. Son exem\u00adple d\u2019hu\u00admil\u00adit\u00e9, de force men\u00adtale et de pas\u00adsion absolue con\u00adtin\u00adue d\u2019in\u00adspir\u00ader des mil\u00adlions de per\u00adson\u00adnes, con\u00adfir\u00admant que C\u00e9line Dion demeure une \u00e9toile immortelle au som\u00admet de la musique mon\u00addi\u00adale.<\/p>\n","protected":false},"excerpt":{"rendered":"<p>Paris s\u2019est une fois de plus impos\u00e9e comme le th\u00e9\u00e2tre des grands moments d\u2019\u00e9\u00admo\u00adtion de la musique inter\u00adna\u00adtionale. De pas\u00adsage dans la cap\u00adi\u00adtale fran\u00e7aise, la diva qu\u00e9b\u00e9\u00adcoise C\u00e9line Dion a\u2026 <\/p>\n","protected":false},"author":1,"featured_media":33362,"comment_status":"open","ping_status":"closed","sticky":false,"template":"","format":"standard","meta":{"wp_typography_post_enhancements_disabled":false,"footnotes":""},"categories":[80],"tags":[22681,24001,24003,24004,23999,24002,24000,5499],"class_list":["post-33361","post","type-post","status-publish","format-standard","has-post-thumbnail","hentry","category-arts","tag-celine-dion-paris-2026","tag-diva-quebecoise","tag-emotion-paris","tag-icone-mondiale","tag-musique-internationale","tag-renaissance-celine-dion","tag-retour-de-celine-dion","tag-retour-sur-scene"],"yoast_head":"<!-- This site is optimized with the Yoast SEO plugin v24.7 - https:\/\/yoast.com\/wordpress\/plugins\/seo\/ -->\n<title>C\u00e9line Dion \u00e0 Paris : la diva qu\u00e9b\u00e9coise c\u00e9l\u00e8bre sa renaissance artistique - Bobea<\/title>\n<meta name=\"robots\" content=\"index, follow, max-snippet:-1, max-image-preview:large, max-video-preview:-1\" \/>\n<link rel=\"canonical\" href=\"https:\/\/bobea.net\/index.php\/2026\/09\/04\/celine-dion-a-paris-la-diva-quebecoise-celebre-sa-renaissance-artistique\/\" \/>\n<meta property=\"og:locale\" content=\"fr_FR\" \/>\n<meta property=\"og:type\" content=\"article\" \/>\n<meta property=\"og:title\" content=\"C\u00e9line Dion \u00e0 Paris : la diva qu\u00e9b\u00e9coise c\u00e9l\u00e8bre sa renaissance artistique - Bobea\" \/>\n<meta property=\"og:description\" content=\"Paris s\u2019est une fois de plus impos\u00e9e comme le th\u00e9\u00e2tre des grands moments d\u2019\u00e9\u00admo\u00adtion de la musique inter\u00adna\u00adtionale. De pas\u00adsage dans la cap\u00adi\u00adtale fran\u00e7aise, la diva qu\u00e9b\u00e9\u00adcoise C\u00e9line Dion a&hellip;\" \/>\n<meta property=\"og:url\" content=\"https:\/\/bobea.net\/index.php\/2026\/09\/04\/celine-dion-a-paris-la-diva-quebecoise-celebre-sa-renaissance-artistique\/\" \/>\n<meta property=\"og:site_name\" content=\"Bobea\" \/>\n<meta property=\"article:publisher\" content=\"https:\/\/web.facebook.com\/profile.php?id=61559252188416\" \/>\n<meta property=\"article:published_time\" content=\"2026-09-04T08:50:13+00:00\" \/>\n<meta property=\"article:modified_time\" content=\"2026-09-04T08:50:15+00:00\" \/>\n<meta property=\"og:image\" content=\"https:\/\/bobea.net\/wp-content\/uploads\/2026\/09\/celine_dion_2b-1.jpg\" \/>\n\t<meta property=\"og:image:width\" content=\"1200\" \/>\n\t<meta property=\"og:image:height\" content=\"628\" \/>\n\t<meta property=\"og:image:type\" content=\"image\/jpeg\" \/>\n<meta name=\"author\" content=\"bobea.info\" \/>\n<meta name=\"twitter:card\" content=\"summary_large_image\" \/>\n<meta name=\"twitter:label1\" content=\"\u00c9crit par\" \/>\n\t<meta name=\"twitter:data1\" content=\"bobea.info\" \/>\n\t<meta name=\"twitter:label2\" content=\"Dur\u00e9e de lecture estim\u00e9e\" \/>\n\t<meta name=\"twitter:data2\" content=\"4 minutes\" \/>\n<script type=\"application\/ld+json\" class=\"yoast-schema-graph\">{\"@context\":\"https:\/\/schema.org\",\"@graph\":[{\"@type\":\"Article\",\"@id\":\"https:\/\/bobea.net\/index.php\/2026\/09\/04\/celine-dion-a-paris-la-diva-quebecoise-celebre-sa-renaissance-artistique\/#article\",\"isPartOf\":{\"@id\":\"https:\/\/bobea.net\/index.php\/2026\/09\/04\/celine-dion-a-paris-la-diva-quebecoise-celebre-sa-renaissance-artistique\/\"},\"author\":{\"name\":\"bobea.info\",\"@id\":\"https:\/\/bobea.net\/#\/schema\/person\/e7f45ef187918d7c956bf619dce90ccf\"},\"headline\":\"C\u00e9line Dion \u00e0 Paris : la diva qu\u00e9b\u00e9coise c\u00e9l\u00e8bre sa renaissance artistique\",\"datePublished\":\"2026-09-04T08:50:13+00:00\",\"dateModified\":\"2026-09-04T08:50:15+00:00\",\"mainEntityOfPage\":{\"@id\":\"https:\/\/bobea.net\/index.php\/2026\/09\/04\/celine-dion-a-paris-la-diva-quebecoise-celebre-sa-renaissance-artistique\/\"},\"wordCount\":667,\"commentCount\":0,\"publisher\":{\"@id\":\"https:\/\/bobea.net\/#organization\"},\"image\":{\"@id\":\"https:\/\/bobea.net\/index.php\/2026\/09\/04\/celine-dion-a-paris-la-diva-quebecoise-celebre-sa-renaissance-artistique\/#primaryimage\"},\"thumbnailUrl\":\"https:\/\/bobea.net\/wp-content\/uploads\/2026\/09\/celine_dion_2b-1.jpg\",\"keywords\":[\"C\u00e9line Dion Paris 2026\",\"diva qu\u00e9b\u00e9coise\",\"\u00e9motion Paris\",\"ic\u00f4ne mondiale.\",\"musique internationale\",\"renaissance C\u00e9line Dion\",\"retour de C\u00e9line Dion\",\"retour sur sc\u00e8ne\"],\"articleSection\":[\"Arts\"],\"inLanguage\":\"fr-FR\",\"potentialAction\":[{\"@type\":\"CommentAction\",\"name\":\"Comment\",\"target\":[\"https:\/\/bobea.net\/index.php\/2026\/09\/04\/celine-dion-a-paris-la-diva-quebecoise-celebre-sa-renaissance-artistique\/#respond\"]}]},{\"@type\":\"WebPage\",\"@id\":\"https:\/\/bobea.net\/index.php\/2026\/09\/04\/celine-dion-a-paris-la-diva-quebecoise-celebre-sa-renaissance-artistique\/\",\"url\":\"https:\/\/bobea.net\/index.php\/2026\/09\/04\/celine-dion-a-paris-la-diva-quebecoise-celebre-sa-renaissance-artistique\/\",\"name\":\"C\u00e9line Dion \u00e0 Paris : la diva qu\u00e9b\u00e9coise c\u00e9l\u00e8bre sa renaissance artistique - Bobea\",\"isPartOf\":{\"@id\":\"https:\/\/bobea.net\/#website\"},\"primaryImageOfPage\":{\"@id\":\"https:\/\/bobea.net\/index.php\/2026\/09\/04\/celine-dion-a-paris-la-diva-quebecoise-celebre-sa-renaissance-artistique\/#primaryimage\"},\"image\":{\"@id\":\"https:\/\/bobea.net\/index.php\/2026\/09\/04\/celine-dion-a-paris-la-diva-quebecoise-celebre-sa-renaissance-artistique\/#primaryimage\"},\"thumbnailUrl\":\"https:\/\/bobea.net\/wp-content\/uploads\/2026\/09\/celine_dion_2b-1.jpg\",\"datePublished\":\"2026-09-04T08:50:13+00:00\",\"dateModified\":\"2026-09-04T08:50:15+00:00\",\"breadcrumb\":{\"@id\":\"https:\/\/bobea.net\/index.php\/2026\/09\/04\/celine-dion-a-paris-la-diva-quebecoise-celebre-sa-renaissance-artistique\/#breadcrumb\"},\"inLanguage\":\"fr-FR\",\"potentialAction\":[{\"@type\":\"ReadAction\",\"target\":[\"https:\/\/bobea.net\/index.php\/2026\/09\/04\/celine-dion-a-paris-la-diva-quebecoise-celebre-sa-renaissance-artistique\/\"]}]},{\"@type\":\"ImageObject\",\"inLanguage\":\"fr-FR\",\"@id\":\"https:\/\/bobea.net\/index.php\/2026\/09\/04\/celine-dion-a-paris-la-diva-quebecoise-celebre-sa-renaissance-artistique\/#primaryimage\",\"url\":\"https:\/\/bobea.net\/wp-content\/uploads\/2026\/09\/celine_dion_2b-1.jpg\",\"contentUrl\":\"https:\/\/bobea.net\/wp-content\/uploads\/2026\/09\/celine_dion_2b-1.jpg\",\"width\":1200,\"height\":628},{\"@type\":\"BreadcrumbList\",\"@id\":\"https:\/\/bobea.net\/index.php\/2026\/09\/04\/celine-dion-a-paris-la-diva-quebecoise-celebre-sa-renaissance-artistique\/#breadcrumb\",\"itemListElement\":[{\"@type\":\"ListItem\",\"position\":1,\"name\":\"Accueil\",\"item\":\"https:\/\/bobea.net\/\"},{\"@type\":\"ListItem\",\"position\":2,\"name\":\"C\u00e9line Dion \u00e0 Paris : la diva qu\u00e9b\u00e9coise c\u00e9l\u00e8bre sa renaissance artistique\"}]},{\"@type\":\"WebSite\",\"@id\":\"https:\/\/bobea.net\/#website\",\"url\":\"https:\/\/bobea.net\/\",\"name\":\"Bobea\",\"description\":\"Le magazine de la nouvelle \u00c8ve\",\"publisher\":{\"@id\":\"https:\/\/bobea.net\/#organization\"},\"potentialAction\":[{\"@type\":\"SearchAction\",\"target\":{\"@type\":\"EntryPoint\",\"urlTemplate\":\"https:\/\/bobea.net\/?s={search_term_string}\"},\"query-input\":{\"@type\":\"PropertyValueSpecification\",\"valueRequired\":true,\"valueName\":\"search_term_string\"}}],\"inLanguage\":\"fr-FR\"},{\"@type\":\"Organization\",\"@id\":\"https:\/\/bobea.net\/#organization\",\"name\":\"Bobea\",\"url\":\"https:\/\/bobea.net\/\",\"logo\":{\"@type\":\"ImageObject\",\"inLanguage\":\"fr-FR\",\"@id\":\"https:\/\/bobea.net\/#\/schema\/logo\/image\/\",\"url\":\"https:\/\/bobea.net\/wp-content\/uploads\/2024\/06\/bobea.jpg\",\"contentUrl\":\"https:\/\/bobea.net\/wp-content\/uploads\/2024\/06\/bobea.jpg\",\"width\":1080,\"height\":1080,\"caption\":\"Bobea\"},\"image\":{\"@id\":\"https:\/\/bobea.net\/#\/schema\/logo\/image\/\"},\"sameAs\":[\"https:\/\/web.facebook.com\/profile.php?id=61559252188416\"]},{\"@type\":\"Person\",\"@id\":\"https:\/\/bobea.net\/#\/schema\/person\/e7f45ef187918d7c956bf619dce90ccf\",\"name\":\"bobea.info\",\"image\":{\"@type\":\"ImageObject\",\"inLanguage\":\"fr-FR\",\"@id\":\"https:\/\/bobea.net\/#\/schema\/person\/image\/\",\"url\":\"https:\/\/secure.gravatar.com\/avatar\/36147980349df887ae30808df3e29474?s=96&d=mm&r=g\",\"contentUrl\":\"https:\/\/secure.gravatar.com\/avatar\/36147980349df887ae30808df3e29474?s=96&d=mm&r=g\",\"caption\":\"bobea.info\"},\"sameAs\":[\"https:\/\/bobea.net\"],\"url\":\"https:\/\/bobea.net\/index.php\/author\/bobea-info\/\"}]}<\/script>\n<!-- \/ Yoast SEO plugin. -->","yoast_head_json":{"title":"C\u00e9line Dion \u00e0 Paris : la diva qu\u00e9b\u00e9coise c\u00e9l\u00e8bre sa renaissance artistique - Bobea","robots":{"index":"index","follow":"follow","max-snippet":"max-snippet:-1","max-image-preview":"max-image-preview:large","max-video-preview":"max-video-preview:-1"},"canonical":"https:\/\/bobea.net\/index.php\/2026\/09\/04\/celine-dion-a-paris-la-diva-quebecoise-celebre-sa-renaissance-artistique\/","og_locale":"fr_FR","og_type":"article","og_title":"C\u00e9line Dion \u00e0 Paris : la diva qu\u00e9b\u00e9coise c\u00e9l\u00e8bre sa renaissance artistique - Bobea","og_description":"Paris s\u2019est une fois de plus impos\u00e9e comme le th\u00e9\u00e2tre des grands moments d\u2019\u00e9\u00admo\u00adtion de la musique inter\u00adna\u00adtionale. De pas\u00adsage dans la cap\u00adi\u00adtale fran\u00e7aise, la diva qu\u00e9b\u00e9\u00adcoise C\u00e9line Dion a&hellip;","og_url":"https:\/\/bobea.net\/index.php\/2026\/09\/04\/celine-dion-a-paris-la-diva-quebecoise-celebre-sa-renaissance-artistique\/","og_site_name":"Bobea","article_publisher":"https:\/\/web.facebook.com\/profile.php?id=61559252188416","article_published_time":"2026-09-04T08:50:13+00:00","article_modified_time":"2026-09-04T08:50:15+00:00","og_image":[{"width":1200,"height":628,"url":"https:\/\/bobea.net\/wp-content\/uploads\/2026\/09\/celine_dion_2b-1.jpg","type":"image\/jpeg"}],"author":"bobea.info","twitter_card":"summary_large_image","twitter_misc":{"\u00c9crit par":"bobea.info","Dur\u00e9e de lecture estim\u00e9e":"4 minutes"},"schema":{"@context":"https:\/\/schema.org","@graph":[{"@type":"Article","@id":"https:\/\/bobea.net\/index.php\/2026\/09\/04\/celine-dion-a-paris-la-diva-quebecoise-celebre-sa-renaissance-artistique\/#article","isPartOf":{"@id":"https:\/\/bobea.net\/index.php\/2026\/09\/04\/celine-dion-a-paris-la-diva-quebecoise-celebre-sa-renaissance-artistique\/"},"author":{"name":"bobea.info","@id":"https:\/\/bobea.net\/#\/schema\/person\/e7f45ef187918d7c956bf619dce90ccf"},"headline":"C\u00e9line Dion \u00e0 Paris : la diva qu\u00e9b\u00e9coise c\u00e9l\u00e8bre sa renaissance artistique","datePublished":"2026-09-04T08:50:13+00:00","dateModified":"2026-09-04T08:50:15+00:00","mainEntityOfPage":{"@id":"https:\/\/bobea.net\/index.php\/2026\/09\/04\/celine-dion-a-paris-la-diva-quebecoise-celebre-sa-renaissance-artistique\/"},"wordCount":667,"commentCount":0,"publisher":{"@id":"https:\/\/bobea.net\/#organization"},"image":{"@id":"https:\/\/bobea.net\/index.php\/2026\/09\/04\/celine-dion-a-paris-la-diva-quebecoise-celebre-sa-renaissance-artistique\/#primaryimage"},"thumbnailUrl":"https:\/\/bobea.net\/wp-content\/uploads\/2026\/09\/celine_dion_2b-1.jpg","keywords":["C\u00e9line Dion Paris 2026","diva qu\u00e9b\u00e9coise","\u00e9motion Paris","ic\u00f4ne mondiale.","musique internationale","renaissance C\u00e9line Dion","retour de C\u00e9line Dion","retour sur sc\u00e8ne"],"articleSection":["Arts"],"inLanguage":"fr-FR","potentialAction":[{"@type":"CommentAction","name":"Comment","target":["https:\/\/bobea.net\/index.php\/2026\/09\/04\/celine-dion-a-paris-la-diva-quebecoise-celebre-sa-renaissance-artistique\/#respond"]}]},{"@type":"WebPage","@id":"https:\/\/bobea.net\/index.php\/2026\/09\/04\/celine-dion-a-paris-la-diva-quebecoise-celebre-sa-renaissance-artistique\/","url":"https:\/\/bobea.net\/index.php\/2026\/09\/04\/celine-dion-a-paris-la-diva-quebecoise-celebre-sa-renaissance-artistique\/","name":"C\u00e9line Dion \u00e0 Paris : la diva qu\u00e9b\u00e9coise c\u00e9l\u00e8bre sa renaissance artistique - Bobea","isPartOf":{"@id":"https:\/\/bobea.net\/#website"},"primaryImageOfPage":{"@id":"https:\/\/bobea.net\/index.php\/2026\/09\/04\/celine-dion-a-paris-la-diva-quebecoise-celebre-sa-renaissance-artistique\/#primaryimage"},"image":{"@id":"https:\/\/bobea.net\/index.php\/2026\/09\/04\/celine-dion-a-paris-la-diva-quebecoise-celebre-sa-renaissance-artistique\/#primaryimage"},"thumbnailUrl":"https:\/\/bobea.net\/wp-content\/uploads\/2026\/09\/celine_dion_2b-1.jpg","datePublished":"2026-09-04T08:50:13+00:00","dateModified":"2026-09-04T08:50:15+00:00","breadcrumb":{"@id":"https:\/\/bobea.net\/index.php\/2026\/09\/04\/celine-dion-a-paris-la-diva-quebecoise-celebre-sa-renaissance-artistique\/#breadcrumb"},"inLanguage":"fr-FR","potentialAction":[{"@type":"ReadAction","target":["https:\/\/bobea.net\/index.php\/2026\/09\/04\/celine-dion-a-paris-la-diva-quebecoise-celebre-sa-renaissance-artistique\/"]}]},{"@type":"ImageObject","inLanguage":"fr-FR","@id":"https:\/\/bobea.net\/index.php\/2026\/09\/04\/celine-dion-a-paris-la-diva-quebecoise-celebre-sa-renaissance-artistique\/#primaryimage","url":"https:\/\/bobea.net\/wp-content\/uploads\/2026\/09\/celine_dion_2b-1.jpg","contentUrl":"https:\/\/bobea.net\/wp-content\/uploads\/2026\/09\/celine_dion_2b-1.jpg","width":1200,"height":628},{"@type":"BreadcrumbList","@id":"https:\/\/bobea.net\/index.php\/2026\/09\/04\/celine-dion-a-paris-la-diva-quebecoise-celebre-sa-renaissance-artistique\/#breadcrumb","itemListElement":[{"@type":"ListItem","position":1,"name":"Accueil","item":"https:\/\/bobea.net\/"},{"@type":"ListItem","position":2,"name":"C\u00e9line Dion \u00e0 Paris : la diva qu\u00e9b\u00e9coise c\u00e9l\u00e8bre sa renaissance artistique"}]},{"@type":"WebSite","@id":"https:\/\/bobea.net\/#website","url":"https:\/\/bobea.net\/","name":"Bobea","description":"Le magazine de la nouvelle \u00c8ve","publisher":{"@id":"https:\/\/bobea.net\/#organization"},"potentialAction":[{"@type":"SearchAction","target":{"@type":"EntryPoint","urlTemplate":"https:\/\/bobea.net\/?s={search_term_string}"},"query-input":{"@type":"PropertyValueSpecification","valueRequired":true,"valueName":"search_term_string"}}],"inLanguage":"fr-FR"},{"@type":"Organization","@id":"https:\/\/bobea.net\/#organization","name":"Bobea","url":"https:\/\/bobea.net\/","logo":{"@type":"ImageObject","inLanguage":"fr-FR","@id":"https:\/\/bobea.net\/#\/schema\/logo\/image\/","url":"https:\/\/bobea.net\/wp-content\/uploads\/2024\/06\/bobea.jpg","contentUrl":"https:\/\/bobea.net\/wp-content\/uploads\/2024\/06\/bobea.jpg","width":1080,"height":1080,"caption":"Bobea"},"image":{"@id":"https:\/\/bobea.net\/#\/schema\/logo\/image\/"},"sameAs":["https:\/\/web.facebook.com\/profile.php?id=61559252188416"]},{"@type":"Person","@id":"https:\/\/bobea.net\/#\/schema\/person\/e7f45ef187918d7c956bf619dce90ccf","name":"bobea.info","image":{"@type":"ImageObject","inLanguage":"fr-FR","@id":"https:\/\/bobea.net\/#\/schema\/person\/image\/","url":"https:\/\/secure.gravatar.com\/avatar\/36147980349df887ae30808df3e29474?s=96&d=mm&r=g","contentUrl":"https:\/\/secure.gravatar.com\/avatar\/36147980349df887ae30808df3e29474?s=96&d=mm&r=g","caption":"bobea.info"},"sameAs":["https:\/\/bobea.net"],"url":"https:\/\/bobea.net\/index.php\/author\/bobea-info\/"}]}},"_links":{"self":[{"href":"https:\/\/bobea.net\/index.php\/wp-json\/wp\/v2\/posts\/33361"}],"collection":[{"href":"https:\/\/bobea.net\/index.php\/wp-json\/wp\/v2\/posts"}],"about":[{"href":"https:\/\/bobea.net\/index.php\/wp-json\/wp\/v2\/types\/post"}],"author":[{"embeddable":true,"href":"https:\/\/bobea.net\/index.php\/wp-json\/wp\/v2\/users\/1"}],"replies":[{"embeddable":true,"href":"https:\/\/bobea.net\/index.php\/wp-json\/wp\/v2\/comments?post=33361"}],"version-history":[{"count":1,"href":"https:\/\/bobea.net\/index.php\/wp-json\/wp\/v2\/posts\/33361\/revisions"}],"predecessor-version":[{"id":33364,"href":"https:\/\/bobea.net\/index.php\/wp-json\/wp\/v2\/posts\/33361\/revisions\/33364"}],"wp:featuredmedia":[{"embeddable":true,"href":"https:\/\/bobea.net\/index.php\/wp-json\/wp\/v2\/media\/33362"}],"wp:attachment":[{"href":"https:\/\/bobea.net\/index.php\/wp-json\/wp\/v2\/media?parent=33361"}],"wp:term":[{"taxonomy":"category","embeddable":true,"href":"https:\/\/bobea.net\/index.php\/wp-json\/wp\/v2\/categories?post=33361"},{"taxonomy":"post_tag","embeddable":true,"href":"https:\/\/bobea.net\/index.php\/wp-json\/wp\/v2\/tags?post=33361"}],"curies":[{"name":"wp","href":"https:\/\/api.w.org\/{rel}","templated":true}]}}