{"id":33357,"date":"2026-09-04T08:46:08","date_gmt":"2026-09-04T08:46:08","guid":{"rendered":"https:\/\/bobea.net\/?p=33357"},"modified":"2026-09-04T08:46:11","modified_gmt":"2026-09-04T08:46:11","slug":"patrick-bruel-soutenu-par-mimie-mathy-lors-dune-representation-exceptionnelle-a-paris","status":"publish","type":"post","link":"https:\/\/bobea.net\/index.php\/2026\/09\/04\/patrick-bruel-soutenu-par-mimie-mathy-lors-dune-representation-exceptionnelle-a-paris\/","title":{"rendered":"Patrick Bruel soutenu par Mimie Mathy lors d\u2019une repr\u00e9sentation exceptionnelle \u00e0 Paris"},"content":{"rendered":"\n<p>La sc\u00e8ne cul\u00adturelle parisi\u00adenne a \u00e9t\u00e9 le th\u00e9\u00e2tre d\u2019un moment d\u2019une rare inten\u00adsit\u00e9 \u00e9mo\u00adtion\u00adnelle. \u00c0 l\u2019oc\u00adca\u00adsion d\u2019une repr\u00e9sen\u00adta\u00adtion excep\u00adtion\u00adnelle don\u00adn\u00e9e dans l\u2019une des plus pres\u00adtigieuses salles de spec\u00adta\u00adcle de la cap\u00adi\u00adtale fran\u00e7aise, l\u2019au\u00adteur-com\u00adpos\u00adi\u00adteur et inter\u00adpr\u00e8te Patrick Bru\u00adel a re\u00e7u le sou\u00adtien vibrant et chaleureux de son amie de tr\u00e8s longue date, la com\u00e9\u00addi\u00adenne Mimie Mathy. Pr\u00e9sente dans le car\u00adr\u00e9 r\u00e9serv\u00e9 aux invit\u00e9s d\u2019hon\u00adneur, la per\u00adson\u00adnal\u00adit\u00e9 pr\u00e9f\u00e9r\u00e9e des Fran\u00e7ais a tenu \u00e0 faire le d\u00e9place\u00adment pour applaudir la per\u00adfor\u00admance de son fid\u00e8le cama\u00adrade, cr\u00e9ant une vague d\u2019en\u00adt\u00adhou\u00adsi\u00adasme par\u00adti\u00adc\u00aduli\u00e8re\u00adment vive par\u00admi les spec\u00adta\u00adteurs rassem\u00adbl\u00e9s ce soir-l\u00e0 au c\u0153ur de Paris.<\/p>\n\n\n\n<p><strong>Une com\u00adplic\u00adit\u00e9 his\u00adtorique forg\u00e9e par des ann\u00e9es d\u2019en\u00adgage\u00adments com\u00admuns<\/strong><\/p>\n\n\n\n<p>L\u2019ami\u00adti\u00e9 qui unit Patrick Bru\u00adel et Mimie Mathy ne date pas d\u2019hi\u00ader. Depuis plusieurs d\u00e9cen\u00adnies, les deux artistes parta\u00adgent une fra\u00adter\u00adnit\u00e9 artis\u00adtique et humaine sans faille, notam\u00adment con\u00adsolid\u00e9e par leur engage\u00adment ind\u00e9\u00adfectible au sein des Enfoir\u00e9s et de nom\u00adbreuses caus\u00ades car\u00adi\u00adta\u00adtives. Leur pr\u00e9sence con\u00adjointe dans la cap\u00adi\u00adtale a rap\u00adpel\u00e9 \u00e0 quel point les liens tis\u00ads\u00e9s au fil des ans entre les grandes fig\u00adures du paysage cul\u00adturel fran\u00e7ais restent solides et authen\u00adtiques.<\/p>\n\n\n\n<p>D\u00e8s l\u2019ar\u00adriv\u00e9e de Mimie Mathy dans la salle, le pub\u00adlic parisien lui a r\u00e9serv\u00e9 un accueil tri\u00adom\u00adphal, ponc\u00adtu\u00e9 d\u2019ap\u00adplaud\u00adisse\u00adments nour\u00adris. Une atten\u00adtion qui a pro\u00adfond\u00e9\u00adment touch\u00e9 la com\u00e9\u00addi\u00adenne, venue avant tout c\u00e9l\u00e9br\u00ader le tal\u00adent et la long\u00e9vit\u00e9 de la car\u00adri\u00e8re de son ami. En couliss\u00ades, avant que le rideau ne se l\u00e8ve, les deux artistes ont partag\u00e9 un long moment de retrou\u00advailles, \u00e9changeant des rires et des mots d\u2019en\u00adcour\u00adage\u00adment qui t\u00e9moignent d\u2019une affec\u00adtion r\u00e9ciproque \u00e0 toute \u00e9preuve.<\/p>\n\n\n\n<figure class=\"wp-block-image size-full is-resized\"><img loading=\"lazy\" decoding=\"async\" width=\"704\" height=\"468\" src=\"https:\/\/bobea.net\/wp-content\/uploads\/2026\/09\/21e26b999189c820c55374e2084d7ea6b482337557bb2b78f7f457139da451b3.webp\" alt class=\"wp-image-33359\" style=\"width:840px;height:auto\" srcset=\"https:\/\/bobea.net\/wp-content\/uploads\/2026\/09\/21e26b999189c820c55374e2084d7ea6b482337557bb2b78f7f457139da451b3.webp 704w, https:\/\/bobea.net\/wp-content\/uploads\/2026\/09\/21e26b999189c820c55374e2084d7ea6b482337557bb2b78f7f457139da451b3-300x199.webp 300w\" sizes=\"(max-width: 704px) 100vw, 704px\"><\/figure>\n\n\n\n<p><strong>Un con\u00adcert magis\u00adtral qui fait vibr\u00ader la cap\u00adi\u00adtale<\/strong><\/p>\n\n\n\n<p>Sur sc\u00e8ne, Patrick Bru\u00adel a livr\u00e9 une presta\u00adtion remar\u00adquable, revis\u00adi\u00adtant avec une \u00e9nergie intacte les grands clas\u00adsiques de son r\u00e9per\u00adtoire tout en d\u00e9voilant de nou\u00advelles com\u00adpo\u00adsi\u00adtions rich\u00ades en po\u00e9sie et en \u00e9mo\u00adtion. Accom\u00adpa\u00adg\u00adn\u00e9 par des musi\u00adciens d\u2019ex\u00adcep\u00adtion et port\u00e9 par un jeu de lumi\u00e8res spec\u00adtac\u00adu\u00adlaire, le chanteur a d\u00e9mon\u00adtr\u00e9 une fois de plus son sens in\u00e9\u00adgal\u00e9 de la sc\u00e8ne et sa capac\u00adit\u00e9 unique \u00e0 com\u00admu\u00adnier avec son pub\u00adlic.<\/p>\n\n\n\n<p>Au cours du spec\u00adta\u00adcle, l\u2019artiste n\u2019a pas man\u00adqu\u00e9 de saluer la pr\u00e9sence de Mimie Mathy dans la salle, lui adres\u00adsant un hom\u00admage touchant qui a provo\u00adqu\u00e9 une ova\u00adtion debout de l\u2019ensem\u00adble des spec\u00adta\u00adteurs :<\/p>\n\n\n\n<ul class=\"wp-block-list\">\n<li><strong>Un hom\u00admage \u00e0 la fid\u00e9l\u00adit\u00e9 :<\/strong> La c\u00e9l\u00e9bra\u00adtion de plus de trente ans d\u2019ami\u00adti\u00e9 inin\u00adter\u00adrompue sous le feu des pro\u00adjecteurs.<\/li>\n\n\n\n<li><strong>Un mes\u00adsage d\u2019e\u00adspoir :<\/strong> La mise en avant des valeurs de partage, de g\u00e9n\u00e9rosit\u00e9 et de bien\u00adveil\u00adlance qui ani\u00adment leur par\u00adcours.<\/li>\n\n\n\n<li><strong>Une com\u00admu\u00adnion avec le pub\u00adlic :<\/strong> Une par\u00aden\u00adth\u00e8se po\u00e9\u00adtique qui a r\u00e9u\u00adni toutes les g\u00e9n\u00e9ra\u00adtions pr\u00e9sentes dans la salle.<\/li>\n<\/ul>\n\n\n\n<p><strong>Le ray\u00adon\u00adnement de la chan\u00adson fran\u00e7aise au c\u0153ur de Paris<\/strong><\/p>\n\n\n\n<p>Cet \u00e9v\u00e9ne\u00adment rap\u00adpelle avec force la vital\u00adit\u00e9 du spec\u00adta\u00adcle vivant dans la cap\u00adi\u00adtale fran\u00e7aise. Paris demeure le c\u0153ur bat\u00adtant de la chan\u00adson fran\u00adcoph\u00ado\u00adne, un lieu de cr\u00e9a\u00adtion et de ren\u00adcon\u00adtre o\u00f9 les plus grands tal\u00adents con\u00adtin\u00adu\u00adent de s\u2019\u00e9\u00adpanouir et de trans\u00admet\u00adtre leur pas\u00adsion. Les cri\u00adtiques cul\u00adturelles salu\u00adent \u00e0 l\u2019u\u00adna\u00adnim\u00adit\u00e9 la g\u00e9n\u00e9rosit\u00e9 sc\u00e9nique de Patrick Bru\u00adel et l\u2019\u00e9l\u00e9\u00adgance de cette soir\u00e9e plac\u00e9e sous le signe de l\u2019ami\u00adti\u00e9 artis\u00adtique.<\/p>\n\n\n\n<p>Pour les spec\u00adta\u00adteurs pr\u00e9sents comme pour les obser\u00adva\u00adteurs du monde du spec\u00adta\u00adcle, ce moment partag\u00e9 entre Patrick Bru\u00adel et Mimie Mathy restera comme l\u2019un des temps forts de la sai\u00adson cul\u00adturelle parisi\u00adenne de cet automne. Il incar\u00adne mag\u00adnifique\u00adment la noblesse des com\u00adpagnon\u00adnages artis\u00adtiques et la magie intem\u00adporelle des grandes voix de la sc\u00e8ne fran\u00e7aise.<\/p>\n","protected":false},"excerpt":{"rendered":"<p>La sc\u00e8ne cul\u00adturelle parisi\u00adenne a \u00e9t\u00e9 le th\u00e9\u00e2tre d\u2019un moment d\u2019une rare inten\u00adsit\u00e9 \u00e9mo\u00adtion\u00adnelle. \u00c0 l\u2019oc\u00adca\u00adsion d\u2019une repr\u00e9sen\u00adta\u00adtion excep\u00adtion\u00adnelle don\u00adn\u00e9e dans l\u2019une des plus pres\u00adtigieuses salles de spec\u00adta\u00adcle de la\u2026 <\/p>\n","protected":false},"author":1,"featured_media":33358,"comment_status":"open","ping_status":"closed","sticky":false,"template":"","format":"standard","meta":{"wp_typography_post_enhancements_disabled":false,"footnotes":""},"categories":[83],"tags":[],"class_list":["post-33357","post","type-post","status-publish","format-standard","has-post-thumbnail","hentry","category-dreams-people"],"yoast_head":"<!-- This site is optimized with the Yoast SEO plugin v24.7 - https:\/\/yoast.com\/wordpress\/plugins\/seo\/ -->\n<title>Patrick Bruel soutenu par Mimie Mathy lors d&#039;une repr\u00e9sentation exceptionnelle \u00e0 Paris - Bobea<\/title>\n<meta name=\"robots\" content=\"index, follow, max-snippet:-1, max-image-preview:large, max-video-preview:-1\" \/>\n<link rel=\"canonical\" href=\"https:\/\/bobea.net\/index.php\/2026\/09\/04\/patrick-bruel-soutenu-par-mimie-mathy-lors-dune-representation-exceptionnelle-a-paris\/\" \/>\n<meta property=\"og:locale\" content=\"fr_FR\" \/>\n<meta property=\"og:type\" content=\"article\" \/>\n<meta property=\"og:title\" content=\"Patrick Bruel soutenu par Mimie Mathy lors d&#039;une repr\u00e9sentation exceptionnelle \u00e0 Paris - Bobea\" \/>\n<meta property=\"og:description\" content=\"La sc\u00e8ne cul\u00adturelle parisi\u00adenne a \u00e9t\u00e9 le th\u00e9\u00e2tre d\u2019un moment d\u2019une rare inten\u00adsit\u00e9 \u00e9mo\u00adtion\u00adnelle. \u00c0 l\u2019oc\u00adca\u00adsion d\u2019une repr\u00e9sen\u00adta\u00adtion excep\u00adtion\u00adnelle don\u00adn\u00e9e dans l\u2019une des plus pres\u00adtigieuses salles de spec\u00adta\u00adcle de la&hellip;\" \/>\n<meta property=\"og:url\" content=\"https:\/\/bobea.net\/index.php\/2026\/09\/04\/patrick-bruel-soutenu-par-mimie-mathy-lors-dune-representation-exceptionnelle-a-paris\/\" \/>\n<meta property=\"og:site_name\" content=\"Bobea\" \/>\n<meta property=\"article:publisher\" content=\"https:\/\/web.facebook.com\/profile.php?id=61559252188416\" \/>\n<meta property=\"article:published_time\" content=\"2026-09-04T08:46:08+00:00\" \/>\n<meta property=\"article:modified_time\" content=\"2026-09-04T08:46:11+00:00\" \/>\n<meta property=\"og:image\" content=\"https:\/\/bobea.net\/wp-content\/uploads\/2026\/09\/b5c2a829086561328b924046ba1a241a234a12d2eef9eb78daf42cb1e3ded757.webp\" \/>\n\t<meta property=\"og:image:width\" content=\"704\" \/>\n\t<meta property=\"og:image:height\" content=\"472\" \/>\n\t<meta property=\"og:image:type\" content=\"image\/webp\" \/>\n<meta name=\"author\" content=\"bobea.info\" \/>\n<meta name=\"twitter:card\" content=\"summary_large_image\" \/>\n<meta name=\"twitter:label1\" content=\"\u00c9crit par\" \/>\n\t<meta name=\"twitter:data1\" content=\"bobea.info\" \/>\n\t<meta name=\"twitter:label2\" content=\"Dur\u00e9e de lecture estim\u00e9e\" \/>\n\t<meta name=\"twitter:data2\" content=\"4 minutes\" \/>\n<script type=\"application\/ld+json\" class=\"yoast-schema-graph\">{\"@context\":\"https:\/\/schema.org\",\"@graph\":[{\"@type\":\"Article\",\"@id\":\"https:\/\/bobea.net\/index.php\/2026\/09\/04\/patrick-bruel-soutenu-par-mimie-mathy-lors-dune-representation-exceptionnelle-a-paris\/#article\",\"isPartOf\":{\"@id\":\"https:\/\/bobea.net\/index.php\/2026\/09\/04\/patrick-bruel-soutenu-par-mimie-mathy-lors-dune-representation-exceptionnelle-a-paris\/\"},\"author\":{\"name\":\"bobea.info\",\"@id\":\"https:\/\/bobea.net\/#\/schema\/person\/e7f45ef187918d7c956bf619dce90ccf\"},\"headline\":\"Patrick Bruel soutenu par Mimie Mathy lors d\u2019une repr\u00e9sentation exceptionnelle \u00e0 Paris\",\"datePublished\":\"2026-09-04T08:46:08+00:00\",\"dateModified\":\"2026-09-04T08:46:11+00:00\",\"mainEntityOfPage\":{\"@id\":\"https:\/\/bobea.net\/index.php\/2026\/09\/04\/patrick-bruel-soutenu-par-mimie-mathy-lors-dune-representation-exceptionnelle-a-paris\/\"},\"wordCount\":662,\"commentCount\":0,\"publisher\":{\"@id\":\"https:\/\/bobea.net\/#organization\"},\"image\":{\"@id\":\"https:\/\/bobea.net\/index.php\/2026\/09\/04\/patrick-bruel-soutenu-par-mimie-mathy-lors-dune-representation-exceptionnelle-a-paris\/#primaryimage\"},\"thumbnailUrl\":\"https:\/\/bobea.net\/wp-content\/uploads\/2026\/09\/b5c2a829086561328b924046ba1a241a234a12d2eef9eb78daf42cb1e3ded757.webp\",\"articleSection\":[\"Dreams People\"],\"inLanguage\":\"fr-FR\",\"potentialAction\":[{\"@type\":\"CommentAction\",\"name\":\"Comment\",\"target\":[\"https:\/\/bobea.net\/index.php\/2026\/09\/04\/patrick-bruel-soutenu-par-mimie-mathy-lors-dune-representation-exceptionnelle-a-paris\/#respond\"]}]},{\"@type\":\"WebPage\",\"@id\":\"https:\/\/bobea.net\/index.php\/2026\/09\/04\/patrick-bruel-soutenu-par-mimie-mathy-lors-dune-representation-exceptionnelle-a-paris\/\",\"url\":\"https:\/\/bobea.net\/index.php\/2026\/09\/04\/patrick-bruel-soutenu-par-mimie-mathy-lors-dune-representation-exceptionnelle-a-paris\/\",\"name\":\"Patrick Bruel soutenu par Mimie Mathy lors d'une repr\u00e9sentation exceptionnelle \u00e0 Paris - Bobea\",\"isPartOf\":{\"@id\":\"https:\/\/bobea.net\/#website\"},\"primaryImageOfPage\":{\"@id\":\"https:\/\/bobea.net\/index.php\/2026\/09\/04\/patrick-bruel-soutenu-par-mimie-mathy-lors-dune-representation-exceptionnelle-a-paris\/#primaryimage\"},\"image\":{\"@id\":\"https:\/\/bobea.net\/index.php\/2026\/09\/04\/patrick-bruel-soutenu-par-mimie-mathy-lors-dune-representation-exceptionnelle-a-paris\/#primaryimage\"},\"thumbnailUrl\":\"https:\/\/bobea.net\/wp-content\/uploads\/2026\/09\/b5c2a829086561328b924046ba1a241a234a12d2eef9eb78daf42cb1e3ded757.webp\",\"datePublished\":\"2026-09-04T08:46:08+00:00\",\"dateModified\":\"2026-09-04T08:46:11+00:00\",\"breadcrumb\":{\"@id\":\"https:\/\/bobea.net\/index.php\/2026\/09\/04\/patrick-bruel-soutenu-par-mimie-mathy-lors-dune-representation-exceptionnelle-a-paris\/#breadcrumb\"},\"inLanguage\":\"fr-FR\",\"potentialAction\":[{\"@type\":\"ReadAction\",\"target\":[\"https:\/\/bobea.net\/index.php\/2026\/09\/04\/patrick-bruel-soutenu-par-mimie-mathy-lors-dune-representation-exceptionnelle-a-paris\/\"]}]},{\"@type\":\"ImageObject\",\"inLanguage\":\"fr-FR\",\"@id\":\"https:\/\/bobea.net\/index.php\/2026\/09\/04\/patrick-bruel-soutenu-par-mimie-mathy-lors-dune-representation-exceptionnelle-a-paris\/#primaryimage\",\"url\":\"https:\/\/bobea.net\/wp-content\/uploads\/2026\/09\/b5c2a829086561328b924046ba1a241a234a12d2eef9eb78daf42cb1e3ded757.webp\",\"contentUrl\":\"https:\/\/bobea.net\/wp-content\/uploads\/2026\/09\/b5c2a829086561328b924046ba1a241a234a12d2eef9eb78daf42cb1e3ded757.webp\",\"width\":704,\"height\":472},{\"@type\":\"BreadcrumbList\",\"@id\":\"https:\/\/bobea.net\/index.php\/2026\/09\/04\/patrick-bruel-soutenu-par-mimie-mathy-lors-dune-representation-exceptionnelle-a-paris\/#breadcrumb\",\"itemListElement\":[{\"@type\":\"ListItem\",\"position\":1,\"name\":\"Accueil\",\"item\":\"https:\/\/bobea.net\/\"},{\"@type\":\"ListItem\",\"position\":2,\"name\":\"Patrick Bruel soutenu par Mimie Mathy lors d&rsquo;une repr\u00e9sentation exceptionnelle \u00e0 Paris\"}]},{\"@type\":\"WebSite\",\"@id\":\"https:\/\/bobea.net\/#website\",\"url\":\"https:\/\/bobea.net\/\",\"name\":\"Bobea\",\"description\":\"Le magazine de la nouvelle \u00c8ve\",\"publisher\":{\"@id\":\"https:\/\/bobea.net\/#organization\"},\"potentialAction\":[{\"@type\":\"SearchAction\",\"target\":{\"@type\":\"EntryPoint\",\"urlTemplate\":\"https:\/\/bobea.net\/?s={search_term_string}\"},\"query-input\":{\"@type\":\"PropertyValueSpecification\",\"valueRequired\":true,\"valueName\":\"search_term_string\"}}],\"inLanguage\":\"fr-FR\"},{\"@type\":\"Organization\",\"@id\":\"https:\/\/bobea.net\/#organization\",\"name\":\"Bobea\",\"url\":\"https:\/\/bobea.net\/\",\"logo\":{\"@type\":\"ImageObject\",\"inLanguage\":\"fr-FR\",\"@id\":\"https:\/\/bobea.net\/#\/schema\/logo\/image\/\",\"url\":\"https:\/\/bobea.net\/wp-content\/uploads\/2024\/06\/bobea.jpg\",\"contentUrl\":\"https:\/\/bobea.net\/wp-content\/uploads\/2024\/06\/bobea.jpg\",\"width\":1080,\"height\":1080,\"caption\":\"Bobea\"},\"image\":{\"@id\":\"https:\/\/bobea.net\/#\/schema\/logo\/image\/\"},\"sameAs\":[\"https:\/\/web.facebook.com\/profile.php?id=61559252188416\"]},{\"@type\":\"Person\",\"@id\":\"https:\/\/bobea.net\/#\/schema\/person\/e7f45ef187918d7c956bf619dce90ccf\",\"name\":\"bobea.info\",\"image\":{\"@type\":\"ImageObject\",\"inLanguage\":\"fr-FR\",\"@id\":\"https:\/\/bobea.net\/#\/schema\/person\/image\/\",\"url\":\"https:\/\/secure.gravatar.com\/avatar\/36147980349df887ae30808df3e29474?s=96&d=mm&r=g\",\"contentUrl\":\"https:\/\/secure.gravatar.com\/avatar\/36147980349df887ae30808df3e29474?s=96&d=mm&r=g\",\"caption\":\"bobea.info\"},\"sameAs\":[\"https:\/\/bobea.net\"],\"url\":\"https:\/\/bobea.net\/index.php\/author\/bobea-info\/\"}]}<\/script>\n<!-- \/ Yoast SEO plugin. -->","yoast_head_json":{"title":"Patrick Bruel soutenu par Mimie Mathy lors d'une repr\u00e9sentation exceptionnelle \u00e0 Paris - Bobea","robots":{"index":"index","follow":"follow","max-snippet":"max-snippet:-1","max-image-preview":"max-image-preview:large","max-video-preview":"max-video-preview:-1"},"canonical":"https:\/\/bobea.net\/index.php\/2026\/09\/04\/patrick-bruel-soutenu-par-mimie-mathy-lors-dune-representation-exceptionnelle-a-paris\/","og_locale":"fr_FR","og_type":"article","og_title":"Patrick Bruel soutenu par Mimie Mathy lors d'une repr\u00e9sentation exceptionnelle \u00e0 Paris - Bobea","og_description":"La sc\u00e8ne cul\u00adturelle parisi\u00adenne a \u00e9t\u00e9 le th\u00e9\u00e2tre d\u2019un moment d\u2019une rare inten\u00adsit\u00e9 \u00e9mo\u00adtion\u00adnelle. \u00c0 l\u2019oc\u00adca\u00adsion d\u2019une repr\u00e9sen\u00adta\u00adtion excep\u00adtion\u00adnelle don\u00adn\u00e9e dans l\u2019une des plus pres\u00adtigieuses salles de spec\u00adta\u00adcle de la&hellip;","og_url":"https:\/\/bobea.net\/index.php\/2026\/09\/04\/patrick-bruel-soutenu-par-mimie-mathy-lors-dune-representation-exceptionnelle-a-paris\/","og_site_name":"Bobea","article_publisher":"https:\/\/web.facebook.com\/profile.php?id=61559252188416","article_published_time":"2026-09-04T08:46:08+00:00","article_modified_time":"2026-09-04T08:46:11+00:00","og_image":[{"width":704,"height":472,"url":"https:\/\/bobea.net\/wp-content\/uploads\/2026\/09\/b5c2a829086561328b924046ba1a241a234a12d2eef9eb78daf42cb1e3ded757.webp","type":"image\/webp"}],"author":"bobea.info","twitter_card":"summary_large_image","twitter_misc":{"\u00c9crit par":"bobea.info","Dur\u00e9e de lecture estim\u00e9e":"4 minutes"},"schema":{"@context":"https:\/\/schema.org","@graph":[{"@type":"Article","@id":"https:\/\/bobea.net\/index.php\/2026\/09\/04\/patrick-bruel-soutenu-par-mimie-mathy-lors-dune-representation-exceptionnelle-a-paris\/#article","isPartOf":{"@id":"https:\/\/bobea.net\/index.php\/2026\/09\/04\/patrick-bruel-soutenu-par-mimie-mathy-lors-dune-representation-exceptionnelle-a-paris\/"},"author":{"name":"bobea.info","@id":"https:\/\/bobea.net\/#\/schema\/person\/e7f45ef187918d7c956bf619dce90ccf"},"headline":"Patrick Bruel soutenu par Mimie Mathy lors d\u2019une repr\u00e9sentation exceptionnelle \u00e0 Paris","datePublished":"2026-09-04T08:46:08+00:00","dateModified":"2026-09-04T08:46:11+00:00","mainEntityOfPage":{"@id":"https:\/\/bobea.net\/index.php\/2026\/09\/04\/patrick-bruel-soutenu-par-mimie-mathy-lors-dune-representation-exceptionnelle-a-paris\/"},"wordCount":662,"commentCount":0,"publisher":{"@id":"https:\/\/bobea.net\/#organization"},"image":{"@id":"https:\/\/bobea.net\/index.php\/2026\/09\/04\/patrick-bruel-soutenu-par-mimie-mathy-lors-dune-representation-exceptionnelle-a-paris\/#primaryimage"},"thumbnailUrl":"https:\/\/bobea.net\/wp-content\/uploads\/2026\/09\/b5c2a829086561328b924046ba1a241a234a12d2eef9eb78daf42cb1e3ded757.webp","articleSection":["Dreams People"],"inLanguage":"fr-FR","potentialAction":[{"@type":"CommentAction","name":"Comment","target":["https:\/\/bobea.net\/index.php\/2026\/09\/04\/patrick-bruel-soutenu-par-mimie-mathy-lors-dune-representation-exceptionnelle-a-paris\/#respond"]}]},{"@type":"WebPage","@id":"https:\/\/bobea.net\/index.php\/2026\/09\/04\/patrick-bruel-soutenu-par-mimie-mathy-lors-dune-representation-exceptionnelle-a-paris\/","url":"https:\/\/bobea.net\/index.php\/2026\/09\/04\/patrick-bruel-soutenu-par-mimie-mathy-lors-dune-representation-exceptionnelle-a-paris\/","name":"Patrick Bruel soutenu par Mimie Mathy lors d'une repr\u00e9sentation exceptionnelle \u00e0 Paris - Bobea","isPartOf":{"@id":"https:\/\/bobea.net\/#website"},"primaryImageOfPage":{"@id":"https:\/\/bobea.net\/index.php\/2026\/09\/04\/patrick-bruel-soutenu-par-mimie-mathy-lors-dune-representation-exceptionnelle-a-paris\/#primaryimage"},"image":{"@id":"https:\/\/bobea.net\/index.php\/2026\/09\/04\/patrick-bruel-soutenu-par-mimie-mathy-lors-dune-representation-exceptionnelle-a-paris\/#primaryimage"},"thumbnailUrl":"https:\/\/bobea.net\/wp-content\/uploads\/2026\/09\/b5c2a829086561328b924046ba1a241a234a12d2eef9eb78daf42cb1e3ded757.webp","datePublished":"2026-09-04T08:46:08+00:00","dateModified":"2026-09-04T08:46:11+00:00","breadcrumb":{"@id":"https:\/\/bobea.net\/index.php\/2026\/09\/04\/patrick-bruel-soutenu-par-mimie-mathy-lors-dune-representation-exceptionnelle-a-paris\/#breadcrumb"},"inLanguage":"fr-FR","potentialAction":[{"@type":"ReadAction","target":["https:\/\/bobea.net\/index.php\/2026\/09\/04\/patrick-bruel-soutenu-par-mimie-mathy-lors-dune-representation-exceptionnelle-a-paris\/"]}]},{"@type":"ImageObject","inLanguage":"fr-FR","@id":"https:\/\/bobea.net\/index.php\/2026\/09\/04\/patrick-bruel-soutenu-par-mimie-mathy-lors-dune-representation-exceptionnelle-a-paris\/#primaryimage","url":"https:\/\/bobea.net\/wp-content\/uploads\/2026\/09\/b5c2a829086561328b924046ba1a241a234a12d2eef9eb78daf42cb1e3ded757.webp","contentUrl":"https:\/\/bobea.net\/wp-content\/uploads\/2026\/09\/b5c2a829086561328b924046ba1a241a234a12d2eef9eb78daf42cb1e3ded757.webp","width":704,"height":472},{"@type":"BreadcrumbList","@id":"https:\/\/bobea.net\/index.php\/2026\/09\/04\/patrick-bruel-soutenu-par-mimie-mathy-lors-dune-representation-exceptionnelle-a-paris\/#breadcrumb","itemListElement":[{"@type":"ListItem","position":1,"name":"Accueil","item":"https:\/\/bobea.net\/"},{"@type":"ListItem","position":2,"name":"Patrick Bruel soutenu par Mimie Mathy lors d&rsquo;une repr\u00e9sentation exceptionnelle \u00e0 Paris"}]},{"@type":"WebSite","@id":"https:\/\/bobea.net\/#website","url":"https:\/\/bobea.net\/","name":"Bobea","description":"Le magazine de la nouvelle \u00c8ve","publisher":{"@id":"https:\/\/bobea.net\/#organization"},"potentialAction":[{"@type":"SearchAction","target":{"@type":"EntryPoint","urlTemplate":"https:\/\/bobea.net\/?s={search_term_string}"},"query-input":{"@type":"PropertyValueSpecification","valueRequired":true,"valueName":"search_term_string"}}],"inLanguage":"fr-FR"},{"@type":"Organization","@id":"https:\/\/bobea.net\/#organization","name":"Bobea","url":"https:\/\/bobea.net\/","logo":{"@type":"ImageObject","inLanguage":"fr-FR","@id":"https:\/\/bobea.net\/#\/schema\/logo\/image\/","url":"https:\/\/bobea.net\/wp-content\/uploads\/2024\/06\/bobea.jpg","contentUrl":"https:\/\/bobea.net\/wp-content\/uploads\/2024\/06\/bobea.jpg","width":1080,"height":1080,"caption":"Bobea"},"image":{"@id":"https:\/\/bobea.net\/#\/schema\/logo\/image\/"},"sameAs":["https:\/\/web.facebook.com\/profile.php?id=61559252188416"]},{"@type":"Person","@id":"https:\/\/bobea.net\/#\/schema\/person\/e7f45ef187918d7c956bf619dce90ccf","name":"bobea.info","image":{"@type":"ImageObject","inLanguage":"fr-FR","@id":"https:\/\/bobea.net\/#\/schema\/person\/image\/","url":"https:\/\/secure.gravatar.com\/avatar\/36147980349df887ae30808df3e29474?s=96&d=mm&r=g","contentUrl":"https:\/\/secure.gravatar.com\/avatar\/36147980349df887ae30808df3e29474?s=96&d=mm&r=g","caption":"bobea.info"},"sameAs":["https:\/\/bobea.net"],"url":"https:\/\/bobea.net\/index.php\/author\/bobea-info\/"}]}},"_links":{"self":[{"href":"https:\/\/bobea.net\/index.php\/wp-json\/wp\/v2\/posts\/33357"}],"collection":[{"href":"https:\/\/bobea.net\/index.php\/wp-json\/wp\/v2\/posts"}],"about":[{"href":"https:\/\/bobea.net\/index.php\/wp-json\/wp\/v2\/types\/post"}],"author":[{"embeddable":true,"href":"https:\/\/bobea.net\/index.php\/wp-json\/wp\/v2\/users\/1"}],"replies":[{"embeddable":true,"href":"https:\/\/bobea.net\/index.php\/wp-json\/wp\/v2\/comments?post=33357"}],"version-history":[{"count":1,"href":"https:\/\/bobea.net\/index.php\/wp-json\/wp\/v2\/posts\/33357\/revisions"}],"predecessor-version":[{"id":33360,"href":"https:\/\/bobea.net\/index.php\/wp-json\/wp\/v2\/posts\/33357\/revisions\/33360"}],"wp:featuredmedia":[{"embeddable":true,"href":"https:\/\/bobea.net\/index.php\/wp-json\/wp\/v2\/media\/33358"}],"wp:attachment":[{"href":"https:\/\/bobea.net\/index.php\/wp-json\/wp\/v2\/media?parent=33357"}],"wp:term":[{"taxonomy":"category","embeddable":true,"href":"https:\/\/bobea.net\/index.php\/wp-json\/wp\/v2\/categories?post=33357"},{"taxonomy":"post_tag","embeddable":true,"href":"https:\/\/bobea.net\/index.php\/wp-json\/wp\/v2\/tags?post=33357"}],"curies":[{"name":"wp","href":"https:\/\/api.w.org\/{rel}","templated":true}]}}