{"id":33353,"date":"2026-09-04T08:42:04","date_gmt":"2026-09-04T08:42:04","guid":{"rendered":"https:\/\/bobea.net\/?p=33353"},"modified":"2026-09-04T08:42:07","modified_gmt":"2026-09-04T08:42:07","slug":"salma-hayek-et-adam-sandler-de-nouveau-reunis-sur-les-plateaux-de-tournage-hollywoodiens","status":"publish","type":"post","link":"https:\/\/bobea.net\/index.php\/2026\/09\/04\/salma-hayek-et-adam-sandler-de-nouveau-reunis-sur-les-plateaux-de-tournage-hollywoodiens\/","title":{"rendered":"Salma Hayek et Adam Sandler de nouveau r\u00e9unis sur les plateaux de tournage hollywoodiens"},"content":{"rendered":"\n<p>Le monde du cin\u00e9\u00adma pop\u00adu\u00adlaire am\u00e9ri\u00adcain est en effer\u00adves\u00adcence. Deux des fig\u00adures les plus embl\u00e9\u00adma\u00adtiques de la com\u00e9die hol\u00adly\u00adwoo\u00add\u00adi\u00adenne des deux derni\u00e8res d\u00e9cen\u00adnies, Salma Hayek et Adam San\u00addler, vien\u00adnent offi\u00adcielle\u00adment de d\u00e9buter le tour\u00adnage de leur tout nou\u00adveau pro\u00adjet com\u00admun sous le soleil de Cal\u00adi\u00adfornie. Plus de quinze ans apr\u00e8s leurs tri\u00adom\u00adphes au box-office mon\u00addi\u00adal avec la fran\u00adchise <em>Grown Ups<\/em> (<em>Copains pour tou\u00adjours<\/em>), le duo d\u2019ac\u00adteurs mythique se retrou\u00adve sur les plateaux pour une com\u00e9die qui s\u2019an\u00adnonce d\u00e9j\u00e0 comme l\u2019un des \u00e9v\u00e9ne\u00adments cin\u00e9\u00admatographiques majeurs des prochains mois. Aper\u00e7us entre Los Ange\u00adles et les paysages c\u00f4tiers de Mal\u00adibu, les deux com\u00e9\u00addi\u00adens ont affich\u00e9 une com\u00adplic\u00adit\u00e9 intacte, r\u00e9jouis\u00adsant les \u00e9quipes de pro\u00adduc\u00adtion ain\u00adsi que les nom\u00adbreux admi\u00adra\u00adteurs venus ten\u00adter d\u2019apercevoir les couliss\u00ades de cette pro\u00adduc\u00adtion d\u2019en\u00adver\u00adgure.<\/p>\n\n\n\n<p><strong>L\u2019alchimie retrou\u00adv\u00e9e d\u2019un duo devenu l\u00e9gendaire<\/strong><\/p>\n\n\n\n<p>D\u00e8s les pre\u00admi\u00e8res pris\u00ades de vue, la magie a imm\u00e9\u00addi\u00adate\u00adment op\u00e9r\u00e9. Salma Hayek, tou\u00adjours aus\u00adsi \u00e9blouis\u00adsante et charis\u00adma\u00adtique, et Adam San\u00addler, fid\u00e8le \u00e0 son style d\u00e9con\u00adtrac\u00adt\u00e9 et \u00e0 son sens de l\u2019im\u00adpro\u00advi\u00adsa\u00adtion l\u00e9gendaire, ont encha\u00een\u00e9 les sc\u00e8nes sous la direc\u00adtion d\u2019un r\u00e9al\u00adisa\u00adteur chevron\u00adn\u00e9 de l\u2019in\u00addus\u00adtrie. Les t\u00e9moins pr\u00e9sents sur le plateau rap\u00adpor\u00adtent une atmo\u00adsph\u00e8re de tra\u00advail par\u00adti\u00adc\u00aduli\u00e8re\u00adment chaleureuse, ryth\u00adm\u00e9e par les fous rires r\u00e9guliers des deux stars. Cette alchimie naturelle, qui avait fait le suc\u00adc\u00e8s mon\u00addi\u00adal de leurs pr\u00e9c\u00e9\u00addentes col\u00adlab\u00ado\u00adra\u00adtions, con\u00adstitue le moteur prin\u00adci\u00adpal de ce nou\u00adveau long-m\u00e9trage.<\/p>\n\n\n\n<p>L\u2019in\u00adtrigue, tenue sous un secret qua\u00adsi absolu par les stu\u00addios hol\u00adly\u00adwoo\u00add\u00adi\u00adens, met\u00adtrait en sc\u00e8ne les p\u00e9rip\u00e9ties d\u2019une famille con\u00adfron\u00adt\u00e9e \u00e0 des sit\u00adu\u00ada\u00adtions absur\u00addes lors d\u2019un voy\u00adage impr\u00e9vu. Le sc\u00e9\u00adnario a \u00e9t\u00e9 sp\u00e9\u00adciale\u00adment \u00e9crit pour met\u00adtre en valeur le sens du rythme comique d\u2019Adam San\u00addler et l\u2019\u00e9n\u00adergie p\u00e9til\u00adlante de Salma Hayek. Les r\u00e9pliques cisel\u00e9es et le tal\u00adent des deux inter\u00adpr\u00e8tes pour l\u2019au\u00adtod\u00e9ri\u00adsion promet\u00adtent d\u2019of\u00adfrir des moments de pure com\u00e9die, tout en con\u00adser\u00advant une touche d\u2019\u00e9\u00admo\u00adtion et de ten\u00addresse famil\u00adiale qui r\u00e9sonne aupr\u00e8s d\u2019un tr\u00e8s large pub\u00adlic.<\/p>\n\n\n\n<figure class=\"wp-block-image size-full is-resized\"><img loading=\"lazy\" decoding=\"async\" width=\"580\" height=\"580\" src=\"https:\/\/bobea.net\/wp-content\/uploads\/2026\/09\/eadc144ebb49b71c-580x580-1.webp\" alt class=\"wp-image-33355\" style=\"width:840px;height:auto\" srcset=\"https:\/\/bobea.net\/wp-content\/uploads\/2026\/09\/eadc144ebb49b71c-580x580-1.webp 580w, https:\/\/bobea.net\/wp-content\/uploads\/2026\/09\/eadc144ebb49b71c-580x580-1-300x300.webp 300w, https:\/\/bobea.net\/wp-content\/uploads\/2026\/09\/eadc144ebb49b71c-580x580-1-150x150.webp 150w\" sizes=\"(max-width: 580px) 100vw, 580px\"><\/figure>\n\n\n\n<p><strong>Les secrets d\u2019une ami\u00adti\u00e9 durable au c\u0153ur d\u2019Hol\u00adly\u00adwood<\/strong><\/p>\n\n\n\n<p>Au-del\u00e0 de leur col\u00adlab\u00ado\u00adra\u00adtion pro\u00adfes\u00adsion\u00adnelle devant les cam\u00e9ras, Salma Hayek et Adam San\u00addler parta\u00adgent une ami\u00adti\u00e9 sinc\u00e8re et pro\u00adfonde qui dure depuis plus de deux d\u00e9cen\u00adnies. Dans un univers cin\u00e9\u00admatographique sou\u00advent mar\u00adqu\u00e9 par la com\u00adp\u00e9ti\u00adtion et la volatil\u00adit\u00e9 des rela\u00adtions, leur loy\u00adaut\u00e9 r\u00e9ciproque fait fig\u00adure d\u2019ex\u00adcep\u00adtion. Lors des paus\u00ades entre deux instal\u00adla\u00adtions de cam\u00e9ras \u00e0 Los Ange\u00adles, les deux com\u00e9\u00addi\u00adens ont \u00e9t\u00e9 vus partageant leurs repas avec les mem\u00adbres de l\u2019\u00e9quipe tech\u00adnique, con\u00adfir\u00admant leur r\u00e9pu\u00adta\u00adtion d\u2019artistes acces\u00adsi\u00adbles et bien\u00adveil\u00adlants.<\/p>\n\n\n\n<p>Cette prox\u00adim\u00adit\u00e9 naturelle se traduit directe\u00adment \u00e0 l\u2019\u00e9cran par une flu\u00adid\u00adit\u00e9 de jeu excep\u00adtion\u00adnelle. Les spec\u00adta\u00adteurs retrou\u00advent instan\u00adta\u00adn\u00e9\u00adment cette dynamique famil\u00adi\u00e8re o\u00f9 chaque regard et chaque into\u00adna\u00adtion tombent juste. Pour les pro\u00adfes\u00adsion\u00adnels de l\u2019in\u00addus\u00adtrie du spec\u00adta\u00adcle, la r\u00e9u\u00adnion de ces deux noms au g\u00e9n\u00e9rique est une garantie de suc\u00adc\u00e8s com\u00admer\u00adcial et cri\u00adtique, capa\u00adble d\u2019at\u00adtir\u00ader plusieurs g\u00e9n\u00e9ra\u00adtions de cin\u00e9philes dans les salles som\u00adbres.<\/p>\n\n\n\n<p><strong>Un impact \u00e9conomique et m\u00e9di\u00ada\u00adtique majeur pour la Cal\u00adi\u00adfornie<\/strong><\/p>\n\n\n\n<p>Le tour\u00adnage de ce long-m\u00e9trage g\u00e9n\u00e8re \u00e9gale\u00adment des retomb\u00e9es \u00e9conomiques con\u00adsid\u00ad\u00e9rables pour la r\u00e9gion de Los Ange\u00adles. La mobil\u00adi\u00adsa\u00adtion de cen\u00adtaines de tech\u00adni\u00adciens, de fig\u00adu\u00adrants et de prestataires locaux t\u00e9moigne de la vital\u00adit\u00e9 de l\u2019in\u00addus\u00adtrie cin\u00e9\u00admatographique cal\u00adi\u00adforni\u00adenne. Les retomb\u00e9es m\u00e9di\u00ada\u00adtiques sont tout aus\u00adsi impres\u00adsion\u00adnantes : chaque pho\u00adto vol\u00e9e sur le plateau de tour\u00adnage et chaque pub\u00adli\u00adca\u00adtion sur les r\u00e9seaux soci\u00adaux devi\u00aden\u00adnent instan\u00adta\u00adn\u00e9\u00adment virales, ali\u00admen\u00adtant l\u2019im\u00adpa\u00adtience des fans du monde entier.<\/p>\n\n\n\n<p>Cette nou\u00advelle pro\u00adduc\u00adtion con\u00adfirme que les grandes com\u00e9dies port\u00e9es par des duos charis\u00adma\u00adtiques con\u00adser\u00advent une place cen\u00adtrale dans le paysage cul\u00adturel mon\u00addi\u00adal. En r\u00e9u\u00adnis\u00adsant \u00e0 nou\u00adveau Salma Hayek et Adam San\u00addler, les stu\u00addios hol\u00adly\u00adwoo\u00add\u00adi\u00adens font le pari gag\u00adnant du diver\u00adtisse\u00adment pop\u00adu\u00adlaire de qual\u00adit\u00e9, port\u00e9 par deux stars accom\u00adplies au som\u00admet de leur art.<\/p>\n","protected":false},"excerpt":{"rendered":"<p>Le monde du cin\u00e9\u00adma pop\u00adu\u00adlaire am\u00e9ri\u00adcain est en effer\u00adves\u00adcence. Deux des fig\u00adures les plus embl\u00e9\u00adma\u00adtiques de la com\u00e9die hol\u00adly\u00adwoo\u00add\u00adi\u00adenne des deux derni\u00e8res d\u00e9cen\u00adnies, Salma Hayek et Adam San\u00addler, vien\u00adnent offi\u00adcielle\u00adment\u2026 <\/p>\n","protected":false},"author":1,"featured_media":33354,"comment_status":"open","ping_status":"closed","sticky":false,"template":"","format":"standard","meta":{"wp_typography_post_enhancements_disabled":false,"footnotes":""},"categories":[83],"tags":[1584,23998,23995,23993,23997,23996,23994,23992],"class_list":["post-33353","post","type-post","status-publish","format-standard","has-post-thumbnail","hentry","category-dreams-people","tag-cinema-americain","tag-comedie-de-lannee","tag-comedie-hollywoodienne","tag-coulisses-de-tournage","tag-duo-dacteurs-iconiques","tag-nouveau-film-2026","tag-retrouvailles-cinema","tag-salma-hayek-adam-sandler"],"yoast_head":"<!-- This site is optimized with the Yoast SEO plugin v24.7 - https:\/\/yoast.com\/wordpress\/plugins\/seo\/ -->\n<title>Salma Hayek et Adam Sandler de nouveau r\u00e9unis sur les plateaux de tournage hollywoodiens - Bobea<\/title>\n<meta name=\"robots\" content=\"index, follow, max-snippet:-1, max-image-preview:large, max-video-preview:-1\" \/>\n<link rel=\"canonical\" href=\"https:\/\/bobea.net\/index.php\/2026\/09\/04\/salma-hayek-et-adam-sandler-de-nouveau-reunis-sur-les-plateaux-de-tournage-hollywoodiens\/\" \/>\n<meta property=\"og:locale\" content=\"fr_FR\" \/>\n<meta property=\"og:type\" content=\"article\" \/>\n<meta property=\"og:title\" content=\"Salma Hayek et Adam Sandler de nouveau r\u00e9unis sur les plateaux de tournage hollywoodiens - Bobea\" \/>\n<meta property=\"og:description\" content=\"Le monde du cin\u00e9\u00adma pop\u00adu\u00adlaire am\u00e9ri\u00adcain est en effer\u00adves\u00adcence. Deux des fig\u00adures les plus embl\u00e9\u00adma\u00adtiques de la com\u00e9die hol\u00adly\u00adwoo\u00add\u00adi\u00adenne des deux derni\u00e8res d\u00e9cen\u00adnies, Salma Hayek et Adam San\u00addler, vien\u00adnent offi\u00adcielle\u00adment&hellip;\" \/>\n<meta property=\"og:url\" content=\"https:\/\/bobea.net\/index.php\/2026\/09\/04\/salma-hayek-et-adam-sandler-de-nouveau-reunis-sur-les-plateaux-de-tournage-hollywoodiens\/\" \/>\n<meta property=\"og:site_name\" content=\"Bobea\" \/>\n<meta property=\"article:publisher\" content=\"https:\/\/web.facebook.com\/profile.php?id=61559252188416\" \/>\n<meta property=\"article:published_time\" content=\"2026-09-04T08:42:04+00:00\" \/>\n<meta property=\"article:modified_time\" content=\"2026-09-04T08:42:07+00:00\" \/>\n<meta property=\"og:image\" content=\"https:\/\/bobea.net\/wp-content\/uploads\/2026\/09\/1fdb2492f8230775-1200x0-1.webp\" \/>\n\t<meta property=\"og:image:width\" content=\"1200\" \/>\n\t<meta property=\"og:image:height\" content=\"1410\" \/>\n\t<meta property=\"og:image:type\" content=\"image\/webp\" \/>\n<meta name=\"author\" content=\"bobea.info\" \/>\n<meta name=\"twitter:card\" content=\"summary_large_image\" \/>\n<meta name=\"twitter:label1\" content=\"\u00c9crit par\" \/>\n\t<meta name=\"twitter:data1\" content=\"bobea.info\" \/>\n\t<meta name=\"twitter:label2\" content=\"Dur\u00e9e de lecture estim\u00e9e\" \/>\n\t<meta name=\"twitter:data2\" content=\"4 minutes\" \/>\n<script type=\"application\/ld+json\" class=\"yoast-schema-graph\">{\"@context\":\"https:\/\/schema.org\",\"@graph\":[{\"@type\":\"Article\",\"@id\":\"https:\/\/bobea.net\/index.php\/2026\/09\/04\/salma-hayek-et-adam-sandler-de-nouveau-reunis-sur-les-plateaux-de-tournage-hollywoodiens\/#article\",\"isPartOf\":{\"@id\":\"https:\/\/bobea.net\/index.php\/2026\/09\/04\/salma-hayek-et-adam-sandler-de-nouveau-reunis-sur-les-plateaux-de-tournage-hollywoodiens\/\"},\"author\":{\"name\":\"bobea.info\",\"@id\":\"https:\/\/bobea.net\/#\/schema\/person\/e7f45ef187918d7c956bf619dce90ccf\"},\"headline\":\"Salma Hayek et Adam Sandler de nouveau r\u00e9unis sur les plateaux de tournage hollywoodiens\",\"datePublished\":\"2026-09-04T08:42:04+00:00\",\"dateModified\":\"2026-09-04T08:42:07+00:00\",\"mainEntityOfPage\":{\"@id\":\"https:\/\/bobea.net\/index.php\/2026\/09\/04\/salma-hayek-et-adam-sandler-de-nouveau-reunis-sur-les-plateaux-de-tournage-hollywoodiens\/\"},\"wordCount\":711,\"commentCount\":0,\"publisher\":{\"@id\":\"https:\/\/bobea.net\/#organization\"},\"image\":{\"@id\":\"https:\/\/bobea.net\/index.php\/2026\/09\/04\/salma-hayek-et-adam-sandler-de-nouveau-reunis-sur-les-plateaux-de-tournage-hollywoodiens\/#primaryimage\"},\"thumbnailUrl\":\"https:\/\/bobea.net\/wp-content\/uploads\/2026\/09\/1fdb2492f8230775-1200x0-1.webp\",\"keywords\":[\"cin\u00e9ma am\u00e9ricain\",\"com\u00e9die de l'ann\u00e9e.\",\"com\u00e9die hollywoodienne\",\"coulisses de tournage\",\"duo d'acteurs iconiques\",\"nouveau film 2026\",\"retrouvailles cin\u00e9ma\",\"Salma Hayek Adam Sandler\"],\"articleSection\":[\"Dreams People\"],\"inLanguage\":\"fr-FR\",\"potentialAction\":[{\"@type\":\"CommentAction\",\"name\":\"Comment\",\"target\":[\"https:\/\/bobea.net\/index.php\/2026\/09\/04\/salma-hayek-et-adam-sandler-de-nouveau-reunis-sur-les-plateaux-de-tournage-hollywoodiens\/#respond\"]}]},{\"@type\":\"WebPage\",\"@id\":\"https:\/\/bobea.net\/index.php\/2026\/09\/04\/salma-hayek-et-adam-sandler-de-nouveau-reunis-sur-les-plateaux-de-tournage-hollywoodiens\/\",\"url\":\"https:\/\/bobea.net\/index.php\/2026\/09\/04\/salma-hayek-et-adam-sandler-de-nouveau-reunis-sur-les-plateaux-de-tournage-hollywoodiens\/\",\"name\":\"Salma Hayek et Adam Sandler de nouveau r\u00e9unis sur les plateaux de tournage hollywoodiens - Bobea\",\"isPartOf\":{\"@id\":\"https:\/\/bobea.net\/#website\"},\"primaryImageOfPage\":{\"@id\":\"https:\/\/bobea.net\/index.php\/2026\/09\/04\/salma-hayek-et-adam-sandler-de-nouveau-reunis-sur-les-plateaux-de-tournage-hollywoodiens\/#primaryimage\"},\"image\":{\"@id\":\"https:\/\/bobea.net\/index.php\/2026\/09\/04\/salma-hayek-et-adam-sandler-de-nouveau-reunis-sur-les-plateaux-de-tournage-hollywoodiens\/#primaryimage\"},\"thumbnailUrl\":\"https:\/\/bobea.net\/wp-content\/uploads\/2026\/09\/1fdb2492f8230775-1200x0-1.webp\",\"datePublished\":\"2026-09-04T08:42:04+00:00\",\"dateModified\":\"2026-09-04T08:42:07+00:00\",\"breadcrumb\":{\"@id\":\"https:\/\/bobea.net\/index.php\/2026\/09\/04\/salma-hayek-et-adam-sandler-de-nouveau-reunis-sur-les-plateaux-de-tournage-hollywoodiens\/#breadcrumb\"},\"inLanguage\":\"fr-FR\",\"potentialAction\":[{\"@type\":\"ReadAction\",\"target\":[\"https:\/\/bobea.net\/index.php\/2026\/09\/04\/salma-hayek-et-adam-sandler-de-nouveau-reunis-sur-les-plateaux-de-tournage-hollywoodiens\/\"]}]},{\"@type\":\"ImageObject\",\"inLanguage\":\"fr-FR\",\"@id\":\"https:\/\/bobea.net\/index.php\/2026\/09\/04\/salma-hayek-et-adam-sandler-de-nouveau-reunis-sur-les-plateaux-de-tournage-hollywoodiens\/#primaryimage\",\"url\":\"https:\/\/bobea.net\/wp-content\/uploads\/2026\/09\/1fdb2492f8230775-1200x0-1.webp\",\"contentUrl\":\"https:\/\/bobea.net\/wp-content\/uploads\/2026\/09\/1fdb2492f8230775-1200x0-1.webp\",\"width\":1200,\"height\":1410},{\"@type\":\"BreadcrumbList\",\"@id\":\"https:\/\/bobea.net\/index.php\/2026\/09\/04\/salma-hayek-et-adam-sandler-de-nouveau-reunis-sur-les-plateaux-de-tournage-hollywoodiens\/#breadcrumb\",\"itemListElement\":[{\"@type\":\"ListItem\",\"position\":1,\"name\":\"Accueil\",\"item\":\"https:\/\/bobea.net\/\"},{\"@type\":\"ListItem\",\"position\":2,\"name\":\"Salma Hayek et Adam Sandler de nouveau r\u00e9unis sur les plateaux de tournage hollywoodiens\"}]},{\"@type\":\"WebSite\",\"@id\":\"https:\/\/bobea.net\/#website\",\"url\":\"https:\/\/bobea.net\/\",\"name\":\"Bobea\",\"description\":\"Le magazine de la nouvelle \u00c8ve\",\"publisher\":{\"@id\":\"https:\/\/bobea.net\/#organization\"},\"potentialAction\":[{\"@type\":\"SearchAction\",\"target\":{\"@type\":\"EntryPoint\",\"urlTemplate\":\"https:\/\/bobea.net\/?s={search_term_string}\"},\"query-input\":{\"@type\":\"PropertyValueSpecification\",\"valueRequired\":true,\"valueName\":\"search_term_string\"}}],\"inLanguage\":\"fr-FR\"},{\"@type\":\"Organization\",\"@id\":\"https:\/\/bobea.net\/#organization\",\"name\":\"Bobea\",\"url\":\"https:\/\/bobea.net\/\",\"logo\":{\"@type\":\"ImageObject\",\"inLanguage\":\"fr-FR\",\"@id\":\"https:\/\/bobea.net\/#\/schema\/logo\/image\/\",\"url\":\"https:\/\/bobea.net\/wp-content\/uploads\/2024\/06\/bobea.jpg\",\"contentUrl\":\"https:\/\/bobea.net\/wp-content\/uploads\/2024\/06\/bobea.jpg\",\"width\":1080,\"height\":1080,\"caption\":\"Bobea\"},\"image\":{\"@id\":\"https:\/\/bobea.net\/#\/schema\/logo\/image\/\"},\"sameAs\":[\"https:\/\/web.facebook.com\/profile.php?id=61559252188416\"]},{\"@type\":\"Person\",\"@id\":\"https:\/\/bobea.net\/#\/schema\/person\/e7f45ef187918d7c956bf619dce90ccf\",\"name\":\"bobea.info\",\"image\":{\"@type\":\"ImageObject\",\"inLanguage\":\"fr-FR\",\"@id\":\"https:\/\/bobea.net\/#\/schema\/person\/image\/\",\"url\":\"https:\/\/secure.gravatar.com\/avatar\/36147980349df887ae30808df3e29474?s=96&d=mm&r=g\",\"contentUrl\":\"https:\/\/secure.gravatar.com\/avatar\/36147980349df887ae30808df3e29474?s=96&d=mm&r=g\",\"caption\":\"bobea.info\"},\"sameAs\":[\"https:\/\/bobea.net\"],\"url\":\"https:\/\/bobea.net\/index.php\/author\/bobea-info\/\"}]}<\/script>\n<!-- \/ Yoast SEO plugin. -->","yoast_head_json":{"title":"Salma Hayek et Adam Sandler de nouveau r\u00e9unis sur les plateaux de tournage hollywoodiens - Bobea","robots":{"index":"index","follow":"follow","max-snippet":"max-snippet:-1","max-image-preview":"max-image-preview:large","max-video-preview":"max-video-preview:-1"},"canonical":"https:\/\/bobea.net\/index.php\/2026\/09\/04\/salma-hayek-et-adam-sandler-de-nouveau-reunis-sur-les-plateaux-de-tournage-hollywoodiens\/","og_locale":"fr_FR","og_type":"article","og_title":"Salma Hayek et Adam Sandler de nouveau r\u00e9unis sur les plateaux de tournage hollywoodiens - Bobea","og_description":"Le monde du cin\u00e9\u00adma pop\u00adu\u00adlaire am\u00e9ri\u00adcain est en effer\u00adves\u00adcence. Deux des fig\u00adures les plus embl\u00e9\u00adma\u00adtiques de la com\u00e9die hol\u00adly\u00adwoo\u00add\u00adi\u00adenne des deux derni\u00e8res d\u00e9cen\u00adnies, Salma Hayek et Adam San\u00addler, vien\u00adnent offi\u00adcielle\u00adment&hellip;","og_url":"https:\/\/bobea.net\/index.php\/2026\/09\/04\/salma-hayek-et-adam-sandler-de-nouveau-reunis-sur-les-plateaux-de-tournage-hollywoodiens\/","og_site_name":"Bobea","article_publisher":"https:\/\/web.facebook.com\/profile.php?id=61559252188416","article_published_time":"2026-09-04T08:42:04+00:00","article_modified_time":"2026-09-04T08:42:07+00:00","og_image":[{"width":1200,"height":1410,"url":"https:\/\/bobea.net\/wp-content\/uploads\/2026\/09\/1fdb2492f8230775-1200x0-1.webp","type":"image\/webp"}],"author":"bobea.info","twitter_card":"summary_large_image","twitter_misc":{"\u00c9crit par":"bobea.info","Dur\u00e9e de lecture estim\u00e9e":"4 minutes"},"schema":{"@context":"https:\/\/schema.org","@graph":[{"@type":"Article","@id":"https:\/\/bobea.net\/index.php\/2026\/09\/04\/salma-hayek-et-adam-sandler-de-nouveau-reunis-sur-les-plateaux-de-tournage-hollywoodiens\/#article","isPartOf":{"@id":"https:\/\/bobea.net\/index.php\/2026\/09\/04\/salma-hayek-et-adam-sandler-de-nouveau-reunis-sur-les-plateaux-de-tournage-hollywoodiens\/"},"author":{"name":"bobea.info","@id":"https:\/\/bobea.net\/#\/schema\/person\/e7f45ef187918d7c956bf619dce90ccf"},"headline":"Salma Hayek et Adam Sandler de nouveau r\u00e9unis sur les plateaux de tournage hollywoodiens","datePublished":"2026-09-04T08:42:04+00:00","dateModified":"2026-09-04T08:42:07+00:00","mainEntityOfPage":{"@id":"https:\/\/bobea.net\/index.php\/2026\/09\/04\/salma-hayek-et-adam-sandler-de-nouveau-reunis-sur-les-plateaux-de-tournage-hollywoodiens\/"},"wordCount":711,"commentCount":0,"publisher":{"@id":"https:\/\/bobea.net\/#organization"},"image":{"@id":"https:\/\/bobea.net\/index.php\/2026\/09\/04\/salma-hayek-et-adam-sandler-de-nouveau-reunis-sur-les-plateaux-de-tournage-hollywoodiens\/#primaryimage"},"thumbnailUrl":"https:\/\/bobea.net\/wp-content\/uploads\/2026\/09\/1fdb2492f8230775-1200x0-1.webp","keywords":["cin\u00e9ma am\u00e9ricain","com\u00e9die de l'ann\u00e9e.","com\u00e9die hollywoodienne","coulisses de tournage","duo d'acteurs iconiques","nouveau film 2026","retrouvailles cin\u00e9ma","Salma Hayek Adam Sandler"],"articleSection":["Dreams People"],"inLanguage":"fr-FR","potentialAction":[{"@type":"CommentAction","name":"Comment","target":["https:\/\/bobea.net\/index.php\/2026\/09\/04\/salma-hayek-et-adam-sandler-de-nouveau-reunis-sur-les-plateaux-de-tournage-hollywoodiens\/#respond"]}]},{"@type":"WebPage","@id":"https:\/\/bobea.net\/index.php\/2026\/09\/04\/salma-hayek-et-adam-sandler-de-nouveau-reunis-sur-les-plateaux-de-tournage-hollywoodiens\/","url":"https:\/\/bobea.net\/index.php\/2026\/09\/04\/salma-hayek-et-adam-sandler-de-nouveau-reunis-sur-les-plateaux-de-tournage-hollywoodiens\/","name":"Salma Hayek et Adam Sandler de nouveau r\u00e9unis sur les plateaux de tournage hollywoodiens - Bobea","isPartOf":{"@id":"https:\/\/bobea.net\/#website"},"primaryImageOfPage":{"@id":"https:\/\/bobea.net\/index.php\/2026\/09\/04\/salma-hayek-et-adam-sandler-de-nouveau-reunis-sur-les-plateaux-de-tournage-hollywoodiens\/#primaryimage"},"image":{"@id":"https:\/\/bobea.net\/index.php\/2026\/09\/04\/salma-hayek-et-adam-sandler-de-nouveau-reunis-sur-les-plateaux-de-tournage-hollywoodiens\/#primaryimage"},"thumbnailUrl":"https:\/\/bobea.net\/wp-content\/uploads\/2026\/09\/1fdb2492f8230775-1200x0-1.webp","datePublished":"2026-09-04T08:42:04+00:00","dateModified":"2026-09-04T08:42:07+00:00","breadcrumb":{"@id":"https:\/\/bobea.net\/index.php\/2026\/09\/04\/salma-hayek-et-adam-sandler-de-nouveau-reunis-sur-les-plateaux-de-tournage-hollywoodiens\/#breadcrumb"},"inLanguage":"fr-FR","potentialAction":[{"@type":"ReadAction","target":["https:\/\/bobea.net\/index.php\/2026\/09\/04\/salma-hayek-et-adam-sandler-de-nouveau-reunis-sur-les-plateaux-de-tournage-hollywoodiens\/"]}]},{"@type":"ImageObject","inLanguage":"fr-FR","@id":"https:\/\/bobea.net\/index.php\/2026\/09\/04\/salma-hayek-et-adam-sandler-de-nouveau-reunis-sur-les-plateaux-de-tournage-hollywoodiens\/#primaryimage","url":"https:\/\/bobea.net\/wp-content\/uploads\/2026\/09\/1fdb2492f8230775-1200x0-1.webp","contentUrl":"https:\/\/bobea.net\/wp-content\/uploads\/2026\/09\/1fdb2492f8230775-1200x0-1.webp","width":1200,"height":1410},{"@type":"BreadcrumbList","@id":"https:\/\/bobea.net\/index.php\/2026\/09\/04\/salma-hayek-et-adam-sandler-de-nouveau-reunis-sur-les-plateaux-de-tournage-hollywoodiens\/#breadcrumb","itemListElement":[{"@type":"ListItem","position":1,"name":"Accueil","item":"https:\/\/bobea.net\/"},{"@type":"ListItem","position":2,"name":"Salma Hayek et Adam Sandler de nouveau r\u00e9unis sur les plateaux de tournage hollywoodiens"}]},{"@type":"WebSite","@id":"https:\/\/bobea.net\/#website","url":"https:\/\/bobea.net\/","name":"Bobea","description":"Le magazine de la nouvelle \u00c8ve","publisher":{"@id":"https:\/\/bobea.net\/#organization"},"potentialAction":[{"@type":"SearchAction","target":{"@type":"EntryPoint","urlTemplate":"https:\/\/bobea.net\/?s={search_term_string}"},"query-input":{"@type":"PropertyValueSpecification","valueRequired":true,"valueName":"search_term_string"}}],"inLanguage":"fr-FR"},{"@type":"Organization","@id":"https:\/\/bobea.net\/#organization","name":"Bobea","url":"https:\/\/bobea.net\/","logo":{"@type":"ImageObject","inLanguage":"fr-FR","@id":"https:\/\/bobea.net\/#\/schema\/logo\/image\/","url":"https:\/\/bobea.net\/wp-content\/uploads\/2024\/06\/bobea.jpg","contentUrl":"https:\/\/bobea.net\/wp-content\/uploads\/2024\/06\/bobea.jpg","width":1080,"height":1080,"caption":"Bobea"},"image":{"@id":"https:\/\/bobea.net\/#\/schema\/logo\/image\/"},"sameAs":["https:\/\/web.facebook.com\/profile.php?id=61559252188416"]},{"@type":"Person","@id":"https:\/\/bobea.net\/#\/schema\/person\/e7f45ef187918d7c956bf619dce90ccf","name":"bobea.info","image":{"@type":"ImageObject","inLanguage":"fr-FR","@id":"https:\/\/bobea.net\/#\/schema\/person\/image\/","url":"https:\/\/secure.gravatar.com\/avatar\/36147980349df887ae30808df3e29474?s=96&d=mm&r=g","contentUrl":"https:\/\/secure.gravatar.com\/avatar\/36147980349df887ae30808df3e29474?s=96&d=mm&r=g","caption":"bobea.info"},"sameAs":["https:\/\/bobea.net"],"url":"https:\/\/bobea.net\/index.php\/author\/bobea-info\/"}]}},"_links":{"self":[{"href":"https:\/\/bobea.net\/index.php\/wp-json\/wp\/v2\/posts\/33353"}],"collection":[{"href":"https:\/\/bobea.net\/index.php\/wp-json\/wp\/v2\/posts"}],"about":[{"href":"https:\/\/bobea.net\/index.php\/wp-json\/wp\/v2\/types\/post"}],"author":[{"embeddable":true,"href":"https:\/\/bobea.net\/index.php\/wp-json\/wp\/v2\/users\/1"}],"replies":[{"embeddable":true,"href":"https:\/\/bobea.net\/index.php\/wp-json\/wp\/v2\/comments?post=33353"}],"version-history":[{"count":1,"href":"https:\/\/bobea.net\/index.php\/wp-json\/wp\/v2\/posts\/33353\/revisions"}],"predecessor-version":[{"id":33356,"href":"https:\/\/bobea.net\/index.php\/wp-json\/wp\/v2\/posts\/33353\/revisions\/33356"}],"wp:featuredmedia":[{"embeddable":true,"href":"https:\/\/bobea.net\/index.php\/wp-json\/wp\/v2\/media\/33354"}],"wp:attachment":[{"href":"https:\/\/bobea.net\/index.php\/wp-json\/wp\/v2\/media?parent=33353"}],"wp:term":[{"taxonomy":"category","embeddable":true,"href":"https:\/\/bobea.net\/index.php\/wp-json\/wp\/v2\/categories?post=33353"},{"taxonomy":"post_tag","embeddable":true,"href":"https:\/\/bobea.net\/index.php\/wp-json\/wp\/v2\/tags?post=33353"}],"curies":[{"name":"wp","href":"https:\/\/api.w.org\/{rel}","templated":true}]}}