{"id":33341,"date":"2026-08-30T21:58:07","date_gmt":"2026-08-30T21:58:07","guid":{"rendered":"https:\/\/bobea.net\/?p=33341"},"modified":"2026-08-30T21:58:13","modified_gmt":"2026-08-30T21:58:13","slug":"fatima-bosch-le-regne-inspirant-de-miss-univers-et-son-plaidoyer-mondial-pour-leducation","status":"publish","type":"post","link":"https:\/\/bobea.net\/index.php\/2026\/08\/30\/fatima-bosch-le-regne-inspirant-de-miss-univers-et-son-plaidoyer-mondial-pour-leducation\/","title":{"rendered":"F\u00e1tima Bosch \u2014 Le r\u00e8gne inspirant de Miss Univers et son plaidoyer mondial pour l\u2019\u00e9ducation"},"content":{"rendered":"\n<p>Depuis son couron\u00adnement, F\u00e1ti\u00adma Bosch a su trans\u00adformer le titre de Miss Univers en une plate\u00adforme d\u2019ac\u00adtion sociale d\u2019une effi\u00adcac\u00adit\u00e9 red\u00adoutable. Loin d\u2019un sim\u00adple r\u00f4le de repr\u00e9sen\u00adta\u00adtion esth\u00e9\u00adtique, la jeune femme m\u00e8ne un man\u00addat r\u00e9sol\u00adu\u00adment tourn\u00e9 vers l\u2019im\u00adpact soci\u00e9\u00adtal, faisant de la lutte pour l\u2019ac\u00adc\u00e8s uni\u00adversel \u00e0 l\u2019\u00e9\u00add\u00adu\u00adca\u00adtion son cheval de bataille prin\u00adci\u00adpal \u00e0 tra\u00advers le monde.<\/p>\n\n\n\n<p><strong>Un engage\u00adment de ter\u00adrain cibl\u00e9 en Am\u00e9rique latine<\/strong><\/p>\n\n\n\n<p>Cette semaine, F\u00e1ti\u00adma Bosch a franchi une nou\u00advelle \u00e9tape dans son pro\u00adgramme phil\u00adan\u00adthropique en inau\u00adgu\u00adrant une s\u00e9rie d\u2019ini\u00adtia\u00adtives \u00e9duca\u00adtives au c\u0153ur de plusieurs r\u00e9gions d\u00e9fa\u00advoris\u00e9es d\u2019Am\u00e9rique latine. En parte\u00adnar\u00adi\u00adat avec des organ\u00adi\u00adsa\u00adtions non gou\u00adverne\u00admen\u00adtales locales et inter\u00adna\u00adtionales, elle a con\u00adtribu\u00e9 au finance\u00adment de nou\u00advelles infra\u00adstruc\u00adtures sco\u00adlaires et \u00e0 la dis\u00adtri\u00adb\u00adu\u00adtion de kits tech\u00adnologiques pour des mil\u00adliers d\u2019en\u00adfants. Lors de ses pris\u00ades de parole devant des respon\u00ads\u00adables insti\u00adtu\u00adtion\u00adnels et des d\u00e9cideurs \u00e9conomiques, la sou\u00adveraine de beaut\u00e9 a rap\u00adpel\u00e9 avec con\u00advic\u00adtion que l\u2019\u00e9\u00add\u00adu\u00adca\u00adtion demeu\u00adrait le levi\u00ader le plus puis\u00adsant pour bris\u00ader le cycle de la pau\u00advret\u00e9 et favoris\u00ader l\u2019\u00e9\u00adman\u00adci\u00adpa\u00adtion des jeunes filles. Son approche prag\u00adma\u00adtique et son immer\u00adsion directe sur le ter\u00adrain lui valent le respect unanime de la com\u00admu\u00adnaut\u00e9 inter\u00adna\u00adtionale.<\/p>\n\n\n\n<figure class=\"wp-block-image size-large\"><img loading=\"lazy\" decoding=\"async\" width=\"1024\" height=\"575\" src=\"https:\/\/bobea.net\/wp-content\/uploads\/2026\/08\/image-22-1024x575.png\" alt class=\"wp-image-33343\" srcset=\"https:\/\/bobea.net\/wp-content\/uploads\/2026\/08\/image-22-1024x575.png 1024w, https:\/\/bobea.net\/wp-content\/uploads\/2026\/08\/image-22-300x169.png 300w, https:\/\/bobea.net\/wp-content\/uploads\/2026\/08\/image-22-768x431.png 768w, https:\/\/bobea.net\/wp-content\/uploads\/2026\/08\/image-22.png 1200w\" sizes=\"(max-width: 1024px) 100vw, 1024px\"><\/figure>\n\n\n\n<p><strong>Une ic\u00f4ne de mode et de diplo\u00admatie mod\u00aderne<\/strong><\/p>\n\n\n\n<p>Sur la sc\u00e8ne inter\u00adna\u00adtionale, F\u00e1ti\u00adma Bosch parvient \u00e0 con\u00adcili\u00ader avec brio ses oblig\u00ada\u00adtions dans le monde de la haute cou\u00adture et son agen\u00adda human\u00adi\u00adtaire. Sol\u00adlic\u00adit\u00e9e par les plus grandes maisons de mode \u00e0 Paris, Milan et New York, elle utilise chaque tri\u00adbune m\u00e9di\u00ada\u00adtique pour met\u00adtre en lumi\u00e8re les caus\u00ades qui lui tien\u00adnent \u00e0 c\u0153ur. Sa capac\u00adit\u00e9 \u00e0 mobilis\u00ader des fonds aupr\u00e8s de dona\u00adteurs priv\u00e9s et \u00e0 sus\u00adciter l\u2019at\u00adten\u00adtion des m\u00e9dias mon\u00addi\u00adaux fait d\u2019elle une fig\u00adure de proue du lead\u00ader\u00adship f\u00e9minin con\u00adtem\u00adpo\u00adrain. En red\u00e9finis\u00adsant les con\u00adtours de sa fonc\u00adtion, elle impose une vision mod\u00aderne o\u00f9 la notori\u00e9t\u00e9 et le pres\u00adtige se met\u00adtent au ser\u00advice de pro\u00adjets durables et por\u00adteurs d\u2019e\u00adspoir pour les g\u00e9n\u00e9ra\u00adtions futures.<\/p>\n","protected":false},"excerpt":{"rendered":"<p>Depuis son couron\u00adnement, F\u00e1ti\u00adma Bosch a su trans\u00adformer le titre de Miss Univers en une plate\u00adforme d\u2019ac\u00adtion sociale d\u2019une effi\u00adcac\u00adit\u00e9 red\u00adoutable. Loin d\u2019un sim\u00adple r\u00f4le de repr\u00e9sen\u00adta\u00adtion esth\u00e9\u00adtique, la jeune\u2026 <\/p>\n","protected":false},"author":1,"featured_media":33342,"comment_status":"open","ping_status":"closed","sticky":false,"template":"","format":"standard","meta":{"wp_typography_post_enhancements_disabled":false,"footnotes":""},"categories":[51],"tags":[],"class_list":["post-33341","post","type-post","status-publish","format-standard","has-post-thumbnail","hentry","category-beaute"],"yoast_head":"<!-- This site is optimized with the Yoast SEO plugin v24.7 - https:\/\/yoast.com\/wordpress\/plugins\/seo\/ -->\n<title>F\u00e1tima Bosch \u2014 Le r\u00e8gne inspirant de Miss Univers et son plaidoyer mondial pour l&#039;\u00e9ducation - Bobea<\/title>\n<meta name=\"robots\" content=\"index, follow, max-snippet:-1, max-image-preview:large, max-video-preview:-1\" \/>\n<link rel=\"canonical\" href=\"https:\/\/bobea.net\/index.php\/2026\/08\/30\/fatima-bosch-le-regne-inspirant-de-miss-univers-et-son-plaidoyer-mondial-pour-leducation\/\" \/>\n<meta property=\"og:locale\" content=\"fr_FR\" \/>\n<meta property=\"og:type\" content=\"article\" \/>\n<meta property=\"og:title\" content=\"F\u00e1tima Bosch \u2014 Le r\u00e8gne inspirant de Miss Univers et son plaidoyer mondial pour l&#039;\u00e9ducation - Bobea\" \/>\n<meta property=\"og:description\" content=\"Depuis son couron\u00adnement, F\u00e1ti\u00adma Bosch a su trans\u00adformer le titre de Miss Univers en une plate\u00adforme d\u2019ac\u00adtion sociale d\u2019une effi\u00adcac\u00adit\u00e9 red\u00adoutable. Loin d\u2019un sim\u00adple r\u00f4le de repr\u00e9sen\u00adta\u00adtion esth\u00e9\u00adtique, la jeune&hellip;\" \/>\n<meta property=\"og:url\" content=\"https:\/\/bobea.net\/index.php\/2026\/08\/30\/fatima-bosch-le-regne-inspirant-de-miss-univers-et-son-plaidoyer-mondial-pour-leducation\/\" \/>\n<meta property=\"og:site_name\" content=\"Bobea\" \/>\n<meta property=\"article:publisher\" content=\"https:\/\/web.facebook.com\/profile.php?id=61559252188416\" \/>\n<meta property=\"article:published_time\" content=\"2026-08-30T21:58:07+00:00\" \/>\n<meta property=\"article:modified_time\" content=\"2026-08-30T21:58:13+00:00\" \/>\n<meta property=\"og:image\" content=\"https:\/\/bobea.net\/wp-content\/uploads\/2026\/08\/1797220-la-mexicaine-fatima-bosch-elue-miss-univers-1.jpg\" \/>\n\t<meta property=\"og:image:width\" content=\"1200\" \/>\n\t<meta property=\"og:image:height\" content=\"800\" \/>\n\t<meta property=\"og:image:type\" content=\"image\/jpeg\" \/>\n<meta name=\"author\" content=\"bobea.info\" \/>\n<meta name=\"twitter:card\" content=\"summary_large_image\" \/>\n<meta name=\"twitter:label1\" content=\"\u00c9crit par\" \/>\n\t<meta name=\"twitter:data1\" content=\"bobea.info\" \/>\n\t<meta name=\"twitter:label2\" content=\"Dur\u00e9e de lecture estim\u00e9e\" \/>\n\t<meta name=\"twitter:data2\" content=\"2 minutes\" \/>\n<script type=\"application\/ld+json\" class=\"yoast-schema-graph\">{\"@context\":\"https:\/\/schema.org\",\"@graph\":[{\"@type\":\"Article\",\"@id\":\"https:\/\/bobea.net\/index.php\/2026\/08\/30\/fatima-bosch-le-regne-inspirant-de-miss-univers-et-son-plaidoyer-mondial-pour-leducation\/#article\",\"isPartOf\":{\"@id\":\"https:\/\/bobea.net\/index.php\/2026\/08\/30\/fatima-bosch-le-regne-inspirant-de-miss-univers-et-son-plaidoyer-mondial-pour-leducation\/\"},\"author\":{\"name\":\"bobea.info\",\"@id\":\"https:\/\/bobea.net\/#\/schema\/person\/e7f45ef187918d7c956bf619dce90ccf\"},\"headline\":\"F\u00e1tima Bosch \u2014 Le r\u00e8gne inspirant de Miss Univers et son plaidoyer mondial pour l\u2019\u00e9ducation\",\"datePublished\":\"2026-08-30T21:58:07+00:00\",\"dateModified\":\"2026-08-30T21:58:13+00:00\",\"mainEntityOfPage\":{\"@id\":\"https:\/\/bobea.net\/index.php\/2026\/08\/30\/fatima-bosch-le-regne-inspirant-de-miss-univers-et-son-plaidoyer-mondial-pour-leducation\/\"},\"wordCount\":360,\"commentCount\":0,\"publisher\":{\"@id\":\"https:\/\/bobea.net\/#organization\"},\"image\":{\"@id\":\"https:\/\/bobea.net\/index.php\/2026\/08\/30\/fatima-bosch-le-regne-inspirant-de-miss-univers-et-son-plaidoyer-mondial-pour-leducation\/#primaryimage\"},\"thumbnailUrl\":\"https:\/\/bobea.net\/wp-content\/uploads\/2026\/08\/1797220-la-mexicaine-fatima-bosch-elue-miss-univers-1.jpg\",\"articleSection\":[\"Beaut\u00e9\"],\"inLanguage\":\"fr-FR\",\"potentialAction\":[{\"@type\":\"CommentAction\",\"name\":\"Comment\",\"target\":[\"https:\/\/bobea.net\/index.php\/2026\/08\/30\/fatima-bosch-le-regne-inspirant-de-miss-univers-et-son-plaidoyer-mondial-pour-leducation\/#respond\"]}]},{\"@type\":\"WebPage\",\"@id\":\"https:\/\/bobea.net\/index.php\/2026\/08\/30\/fatima-bosch-le-regne-inspirant-de-miss-univers-et-son-plaidoyer-mondial-pour-leducation\/\",\"url\":\"https:\/\/bobea.net\/index.php\/2026\/08\/30\/fatima-bosch-le-regne-inspirant-de-miss-univers-et-son-plaidoyer-mondial-pour-leducation\/\",\"name\":\"F\u00e1tima Bosch \u2014 Le r\u00e8gne inspirant de Miss Univers et son plaidoyer mondial pour l'\u00e9ducation - Bobea\",\"isPartOf\":{\"@id\":\"https:\/\/bobea.net\/#website\"},\"primaryImageOfPage\":{\"@id\":\"https:\/\/bobea.net\/index.php\/2026\/08\/30\/fatima-bosch-le-regne-inspirant-de-miss-univers-et-son-plaidoyer-mondial-pour-leducation\/#primaryimage\"},\"image\":{\"@id\":\"https:\/\/bobea.net\/index.php\/2026\/08\/30\/fatima-bosch-le-regne-inspirant-de-miss-univers-et-son-plaidoyer-mondial-pour-leducation\/#primaryimage\"},\"thumbnailUrl\":\"https:\/\/bobea.net\/wp-content\/uploads\/2026\/08\/1797220-la-mexicaine-fatima-bosch-elue-miss-univers-1.jpg\",\"datePublished\":\"2026-08-30T21:58:07+00:00\",\"dateModified\":\"2026-08-30T21:58:13+00:00\",\"breadcrumb\":{\"@id\":\"https:\/\/bobea.net\/index.php\/2026\/08\/30\/fatima-bosch-le-regne-inspirant-de-miss-univers-et-son-plaidoyer-mondial-pour-leducation\/#breadcrumb\"},\"inLanguage\":\"fr-FR\",\"potentialAction\":[{\"@type\":\"ReadAction\",\"target\":[\"https:\/\/bobea.net\/index.php\/2026\/08\/30\/fatima-bosch-le-regne-inspirant-de-miss-univers-et-son-plaidoyer-mondial-pour-leducation\/\"]}]},{\"@type\":\"ImageObject\",\"inLanguage\":\"fr-FR\",\"@id\":\"https:\/\/bobea.net\/index.php\/2026\/08\/30\/fatima-bosch-le-regne-inspirant-de-miss-univers-et-son-plaidoyer-mondial-pour-leducation\/#primaryimage\",\"url\":\"https:\/\/bobea.net\/wp-content\/uploads\/2026\/08\/1797220-la-mexicaine-fatima-bosch-elue-miss-univers-1.jpg\",\"contentUrl\":\"https:\/\/bobea.net\/wp-content\/uploads\/2026\/08\/1797220-la-mexicaine-fatima-bosch-elue-miss-univers-1.jpg\",\"width\":1200,\"height\":800},{\"@type\":\"BreadcrumbList\",\"@id\":\"https:\/\/bobea.net\/index.php\/2026\/08\/30\/fatima-bosch-le-regne-inspirant-de-miss-univers-et-son-plaidoyer-mondial-pour-leducation\/#breadcrumb\",\"itemListElement\":[{\"@type\":\"ListItem\",\"position\":1,\"name\":\"Accueil\",\"item\":\"https:\/\/bobea.net\/\"},{\"@type\":\"ListItem\",\"position\":2,\"name\":\"F\u00e1tima Bosch \u2014 Le r\u00e8gne inspirant de Miss Univers et son plaidoyer mondial pour l&rsquo;\u00e9ducation\"}]},{\"@type\":\"WebSite\",\"@id\":\"https:\/\/bobea.net\/#website\",\"url\":\"https:\/\/bobea.net\/\",\"name\":\"Bobea\",\"description\":\"Le magazine de la nouvelle \u00c8ve\",\"publisher\":{\"@id\":\"https:\/\/bobea.net\/#organization\"},\"potentialAction\":[{\"@type\":\"SearchAction\",\"target\":{\"@type\":\"EntryPoint\",\"urlTemplate\":\"https:\/\/bobea.net\/?s={search_term_string}\"},\"query-input\":{\"@type\":\"PropertyValueSpecification\",\"valueRequired\":true,\"valueName\":\"search_term_string\"}}],\"inLanguage\":\"fr-FR\"},{\"@type\":\"Organization\",\"@id\":\"https:\/\/bobea.net\/#organization\",\"name\":\"Bobea\",\"url\":\"https:\/\/bobea.net\/\",\"logo\":{\"@type\":\"ImageObject\",\"inLanguage\":\"fr-FR\",\"@id\":\"https:\/\/bobea.net\/#\/schema\/logo\/image\/\",\"url\":\"https:\/\/bobea.net\/wp-content\/uploads\/2024\/06\/bobea.jpg\",\"contentUrl\":\"https:\/\/bobea.net\/wp-content\/uploads\/2024\/06\/bobea.jpg\",\"width\":1080,\"height\":1080,\"caption\":\"Bobea\"},\"image\":{\"@id\":\"https:\/\/bobea.net\/#\/schema\/logo\/image\/\"},\"sameAs\":[\"https:\/\/web.facebook.com\/profile.php?id=61559252188416\"]},{\"@type\":\"Person\",\"@id\":\"https:\/\/bobea.net\/#\/schema\/person\/e7f45ef187918d7c956bf619dce90ccf\",\"name\":\"bobea.info\",\"image\":{\"@type\":\"ImageObject\",\"inLanguage\":\"fr-FR\",\"@id\":\"https:\/\/bobea.net\/#\/schema\/person\/image\/\",\"url\":\"https:\/\/secure.gravatar.com\/avatar\/36147980349df887ae30808df3e29474?s=96&d=mm&r=g\",\"contentUrl\":\"https:\/\/secure.gravatar.com\/avatar\/36147980349df887ae30808df3e29474?s=96&d=mm&r=g\",\"caption\":\"bobea.info\"},\"sameAs\":[\"https:\/\/bobea.net\"],\"url\":\"https:\/\/bobea.net\/index.php\/author\/bobea-info\/\"}]}<\/script>\n<!-- \/ Yoast SEO plugin. -->","yoast_head_json":{"title":"F\u00e1tima Bosch \u2014 Le r\u00e8gne inspirant de Miss Univers et son plaidoyer mondial pour l'\u00e9ducation - Bobea","robots":{"index":"index","follow":"follow","max-snippet":"max-snippet:-1","max-image-preview":"max-image-preview:large","max-video-preview":"max-video-preview:-1"},"canonical":"https:\/\/bobea.net\/index.php\/2026\/08\/30\/fatima-bosch-le-regne-inspirant-de-miss-univers-et-son-plaidoyer-mondial-pour-leducation\/","og_locale":"fr_FR","og_type":"article","og_title":"F\u00e1tima Bosch \u2014 Le r\u00e8gne inspirant de Miss Univers et son plaidoyer mondial pour l'\u00e9ducation - Bobea","og_description":"Depuis son couron\u00adnement, F\u00e1ti\u00adma Bosch a su trans\u00adformer le titre de Miss Univers en une plate\u00adforme d\u2019ac\u00adtion sociale d\u2019une effi\u00adcac\u00adit\u00e9 red\u00adoutable. Loin d\u2019un sim\u00adple r\u00f4le de repr\u00e9sen\u00adta\u00adtion esth\u00e9\u00adtique, la jeune&hellip;","og_url":"https:\/\/bobea.net\/index.php\/2026\/08\/30\/fatima-bosch-le-regne-inspirant-de-miss-univers-et-son-plaidoyer-mondial-pour-leducation\/","og_site_name":"Bobea","article_publisher":"https:\/\/web.facebook.com\/profile.php?id=61559252188416","article_published_time":"2026-08-30T21:58:07+00:00","article_modified_time":"2026-08-30T21:58:13+00:00","og_image":[{"width":1200,"height":800,"url":"https:\/\/bobea.net\/wp-content\/uploads\/2026\/08\/1797220-la-mexicaine-fatima-bosch-elue-miss-univers-1.jpg","type":"image\/jpeg"}],"author":"bobea.info","twitter_card":"summary_large_image","twitter_misc":{"\u00c9crit par":"bobea.info","Dur\u00e9e de lecture estim\u00e9e":"2 minutes"},"schema":{"@context":"https:\/\/schema.org","@graph":[{"@type":"Article","@id":"https:\/\/bobea.net\/index.php\/2026\/08\/30\/fatima-bosch-le-regne-inspirant-de-miss-univers-et-son-plaidoyer-mondial-pour-leducation\/#article","isPartOf":{"@id":"https:\/\/bobea.net\/index.php\/2026\/08\/30\/fatima-bosch-le-regne-inspirant-de-miss-univers-et-son-plaidoyer-mondial-pour-leducation\/"},"author":{"name":"bobea.info","@id":"https:\/\/bobea.net\/#\/schema\/person\/e7f45ef187918d7c956bf619dce90ccf"},"headline":"F\u00e1tima Bosch \u2014 Le r\u00e8gne inspirant de Miss Univers et son plaidoyer mondial pour l\u2019\u00e9ducation","datePublished":"2026-08-30T21:58:07+00:00","dateModified":"2026-08-30T21:58:13+00:00","mainEntityOfPage":{"@id":"https:\/\/bobea.net\/index.php\/2026\/08\/30\/fatima-bosch-le-regne-inspirant-de-miss-univers-et-son-plaidoyer-mondial-pour-leducation\/"},"wordCount":360,"commentCount":0,"publisher":{"@id":"https:\/\/bobea.net\/#organization"},"image":{"@id":"https:\/\/bobea.net\/index.php\/2026\/08\/30\/fatima-bosch-le-regne-inspirant-de-miss-univers-et-son-plaidoyer-mondial-pour-leducation\/#primaryimage"},"thumbnailUrl":"https:\/\/bobea.net\/wp-content\/uploads\/2026\/08\/1797220-la-mexicaine-fatima-bosch-elue-miss-univers-1.jpg","articleSection":["Beaut\u00e9"],"inLanguage":"fr-FR","potentialAction":[{"@type":"CommentAction","name":"Comment","target":["https:\/\/bobea.net\/index.php\/2026\/08\/30\/fatima-bosch-le-regne-inspirant-de-miss-univers-et-son-plaidoyer-mondial-pour-leducation\/#respond"]}]},{"@type":"WebPage","@id":"https:\/\/bobea.net\/index.php\/2026\/08\/30\/fatima-bosch-le-regne-inspirant-de-miss-univers-et-son-plaidoyer-mondial-pour-leducation\/","url":"https:\/\/bobea.net\/index.php\/2026\/08\/30\/fatima-bosch-le-regne-inspirant-de-miss-univers-et-son-plaidoyer-mondial-pour-leducation\/","name":"F\u00e1tima Bosch \u2014 Le r\u00e8gne inspirant de Miss Univers et son plaidoyer mondial pour l'\u00e9ducation - Bobea","isPartOf":{"@id":"https:\/\/bobea.net\/#website"},"primaryImageOfPage":{"@id":"https:\/\/bobea.net\/index.php\/2026\/08\/30\/fatima-bosch-le-regne-inspirant-de-miss-univers-et-son-plaidoyer-mondial-pour-leducation\/#primaryimage"},"image":{"@id":"https:\/\/bobea.net\/index.php\/2026\/08\/30\/fatima-bosch-le-regne-inspirant-de-miss-univers-et-son-plaidoyer-mondial-pour-leducation\/#primaryimage"},"thumbnailUrl":"https:\/\/bobea.net\/wp-content\/uploads\/2026\/08\/1797220-la-mexicaine-fatima-bosch-elue-miss-univers-1.jpg","datePublished":"2026-08-30T21:58:07+00:00","dateModified":"2026-08-30T21:58:13+00:00","breadcrumb":{"@id":"https:\/\/bobea.net\/index.php\/2026\/08\/30\/fatima-bosch-le-regne-inspirant-de-miss-univers-et-son-plaidoyer-mondial-pour-leducation\/#breadcrumb"},"inLanguage":"fr-FR","potentialAction":[{"@type":"ReadAction","target":["https:\/\/bobea.net\/index.php\/2026\/08\/30\/fatima-bosch-le-regne-inspirant-de-miss-univers-et-son-plaidoyer-mondial-pour-leducation\/"]}]},{"@type":"ImageObject","inLanguage":"fr-FR","@id":"https:\/\/bobea.net\/index.php\/2026\/08\/30\/fatima-bosch-le-regne-inspirant-de-miss-univers-et-son-plaidoyer-mondial-pour-leducation\/#primaryimage","url":"https:\/\/bobea.net\/wp-content\/uploads\/2026\/08\/1797220-la-mexicaine-fatima-bosch-elue-miss-univers-1.jpg","contentUrl":"https:\/\/bobea.net\/wp-content\/uploads\/2026\/08\/1797220-la-mexicaine-fatima-bosch-elue-miss-univers-1.jpg","width":1200,"height":800},{"@type":"BreadcrumbList","@id":"https:\/\/bobea.net\/index.php\/2026\/08\/30\/fatima-bosch-le-regne-inspirant-de-miss-univers-et-son-plaidoyer-mondial-pour-leducation\/#breadcrumb","itemListElement":[{"@type":"ListItem","position":1,"name":"Accueil","item":"https:\/\/bobea.net\/"},{"@type":"ListItem","position":2,"name":"F\u00e1tima Bosch \u2014 Le r\u00e8gne inspirant de Miss Univers et son plaidoyer mondial pour l&rsquo;\u00e9ducation"}]},{"@type":"WebSite","@id":"https:\/\/bobea.net\/#website","url":"https:\/\/bobea.net\/","name":"Bobea","description":"Le magazine de la nouvelle \u00c8ve","publisher":{"@id":"https:\/\/bobea.net\/#organization"},"potentialAction":[{"@type":"SearchAction","target":{"@type":"EntryPoint","urlTemplate":"https:\/\/bobea.net\/?s={search_term_string}"},"query-input":{"@type":"PropertyValueSpecification","valueRequired":true,"valueName":"search_term_string"}}],"inLanguage":"fr-FR"},{"@type":"Organization","@id":"https:\/\/bobea.net\/#organization","name":"Bobea","url":"https:\/\/bobea.net\/","logo":{"@type":"ImageObject","inLanguage":"fr-FR","@id":"https:\/\/bobea.net\/#\/schema\/logo\/image\/","url":"https:\/\/bobea.net\/wp-content\/uploads\/2024\/06\/bobea.jpg","contentUrl":"https:\/\/bobea.net\/wp-content\/uploads\/2024\/06\/bobea.jpg","width":1080,"height":1080,"caption":"Bobea"},"image":{"@id":"https:\/\/bobea.net\/#\/schema\/logo\/image\/"},"sameAs":["https:\/\/web.facebook.com\/profile.php?id=61559252188416"]},{"@type":"Person","@id":"https:\/\/bobea.net\/#\/schema\/person\/e7f45ef187918d7c956bf619dce90ccf","name":"bobea.info","image":{"@type":"ImageObject","inLanguage":"fr-FR","@id":"https:\/\/bobea.net\/#\/schema\/person\/image\/","url":"https:\/\/secure.gravatar.com\/avatar\/36147980349df887ae30808df3e29474?s=96&d=mm&r=g","contentUrl":"https:\/\/secure.gravatar.com\/avatar\/36147980349df887ae30808df3e29474?s=96&d=mm&r=g","caption":"bobea.info"},"sameAs":["https:\/\/bobea.net"],"url":"https:\/\/bobea.net\/index.php\/author\/bobea-info\/"}]}},"_links":{"self":[{"href":"https:\/\/bobea.net\/index.php\/wp-json\/wp\/v2\/posts\/33341"}],"collection":[{"href":"https:\/\/bobea.net\/index.php\/wp-json\/wp\/v2\/posts"}],"about":[{"href":"https:\/\/bobea.net\/index.php\/wp-json\/wp\/v2\/types\/post"}],"author":[{"embeddable":true,"href":"https:\/\/bobea.net\/index.php\/wp-json\/wp\/v2\/users\/1"}],"replies":[{"embeddable":true,"href":"https:\/\/bobea.net\/index.php\/wp-json\/wp\/v2\/comments?post=33341"}],"version-history":[{"count":1,"href":"https:\/\/bobea.net\/index.php\/wp-json\/wp\/v2\/posts\/33341\/revisions"}],"predecessor-version":[{"id":33344,"href":"https:\/\/bobea.net\/index.php\/wp-json\/wp\/v2\/posts\/33341\/revisions\/33344"}],"wp:featuredmedia":[{"embeddable":true,"href":"https:\/\/bobea.net\/index.php\/wp-json\/wp\/v2\/media\/33342"}],"wp:attachment":[{"href":"https:\/\/bobea.net\/index.php\/wp-json\/wp\/v2\/media?parent=33341"}],"wp:term":[{"taxonomy":"category","embeddable":true,"href":"https:\/\/bobea.net\/index.php\/wp-json\/wp\/v2\/categories?post=33341"},{"taxonomy":"post_tag","embeddable":true,"href":"https:\/\/bobea.net\/index.php\/wp-json\/wp\/v2\/tags?post=33341"}],"curies":[{"name":"wp","href":"https:\/\/api.w.org\/{rel}","templated":true}]}}