{"id":3329,"date":"2024-07-11T15:51:02","date_gmt":"2024-07-11T15:51:02","guid":{"rendered":"https:\/\/bobea.net\/?p=3329"},"modified":"2024-07-11T15:51:03","modified_gmt":"2024-07-11T15:51:03","slug":"lola-marois-et-jean-marie-bigard-lamour-au-dela-de-lage","status":"publish","type":"post","link":"https:\/\/bobea.net\/index.php\/2024\/07\/11\/lola-marois-et-jean-marie-bigard-lamour-au-dela-de-lage\/","title":{"rendered":"Lola Marois et Jean-Marie Bigard : L\u2019amour au-del\u00e0 de l\u2019\u00e2ge"},"content":{"rendered":"\n<p>Un cou\u00adple atyp\u00adique sous les pro\u00adjecteurs<\/p>\n\n\n\n<p>Lola Marois, 42 ans, et Jean-Marie Bigard, 70 ans, for\u00adment un cou\u00adple qui ne cesse d\u2019in\u00adtriguer le pub\u00adlic. Mar\u00adi\u00e9s depuis 2011, ils affron\u00adtent ensem\u00adble les d\u00e9fis li\u00e9s \u00e0 leur dif\u00adf\u00e9rence d\u2019\u00e2ge de 28 ans.<\/p>\n\n\n\n<p>Une his\u00adtoire d\u2019amour n\u00e9e d\u2019un coup de foudre<\/p>\n\n\n\n<p><strong>Les d\u00e9buts tumultueux<\/strong><\/p>\n\n\n\n<ul class=\"wp-block-list\">\n<li>Ren\u00adcon\u00adtre lors d\u2019un spec\u00adta\u00adcle de Bigard<\/li>\n\n\n\n<li>Jean-Marie quitte sa pre\u00admi\u00e8re femme pour Lola<\/li>\n\n\n\n<li>Nais\u00adsance de jumeaux pr\u00e9\u00admatur\u00e9s alors que Lola n\u2019avait que 29 ans<\/li>\n<\/ul>\n\n\n\n<p>La dif\u00adf\u00e9rence d\u2019\u00e2ge : un d\u00e9fi quo\u00adti\u00addi\u00aden<\/p>\n\n\n\n<p><strong>Les aveux de Lola Marois<\/strong><\/p>\n\n\n\n<ul class=\"wp-block-list\">\n<li>\u201cOn ne peut plus trop faire de marathon ensem\u00adble. Il est \u00e0 la tra\u00eene\u201d<\/li>\n\n\n\n<li>\u201cLe corps ne suit plus, mais la con\u00adnex\u00adion intel\u00adlectuelle et d\u2019hu\u00admour qu\u2019on a, elle est intacte\u201d<\/li>\n<\/ul>\n\n\n\n<p><strong>Un regard ext\u00e9rieur par\u00adfois cri\u00adtique<\/strong><\/p>\n\n\n\n<ul class=\"wp-block-list\">\n<li>Lola par\u00adfois con\u00adfon\u00addue avec la fille de Jean-Marie<\/li>\n\n\n\n<li>Des regards de tra\u00advers dans cer\u00adtaines sit\u00adu\u00ada\u00adtions<\/li>\n<\/ul>\n\n\n\n<p>Au-del\u00e0 de l\u2019\u00e2ge : une com\u00adplic\u00adit\u00e9 ind\u00e9\u00adni\u00adable<\/p>\n\n\n\n<p><strong>L\u2019e\u00adsprit jeune de Jean-Marie Bigard<\/strong><\/p>\n\n\n\n<ul class=\"wp-block-list\">\n<li>\u201cIl a un car\u00adac\u00adt\u00e8re qui est tr\u00e8s jeune\u201d<\/li>\n\n\n\n<li>\u201cIl fonc\u00adtionne un peu comme un mec de 25 ans dans sa t\u00eate\u201d<\/li>\n<\/ul>\n\n\n\n<p><strong>Une com\u00adpat\u00adi\u00adbil\u00adit\u00e9 plus forte que les ann\u00e9es<\/strong><\/p>\n\n\n\n<ul class=\"wp-block-list\">\n<li>Une con\u00adnex\u00adion intel\u00adlectuelle et humoris\u00adtique intacte<\/li>\n\n\n\n<li>Un amour qui tran\u00adscende les dif\u00adf\u00e9rences physiques<\/li>\n<\/ul>\n\n\n\n<p>Con\u00adclu\u00adsion : L\u2019\u00e2ge, un obsta\u00adcle sur\u00admontable dans l\u2019amour<\/p>\n\n\n\n<p>Le cou\u00adple Marois-Bigard d\u00e9mon\u00adtre que l\u2019amour peut tri\u00adom\u00adpher des dif\u00adf\u00e9rences d\u2019\u00e2ge. Leur rela\u00adtion, bas\u00e9e sur une forte com\u00adplic\u00adit\u00e9 et un humour partag\u00e9, prou\u00adve que la vital\u00adit\u00e9 d\u2019un cou\u00adple ne se mesure pas unique\u00adment \u00e0 l\u2019\u00e2ge de ses mem\u00adbres. Lola Marois, par sa com\u00adpr\u00e9hen\u00adsion et son sou\u00adtien, illus\u00adtre que l\u2019amour peut s\u2019\u00e9\u00adpanouir mal\u00adgr\u00e9 les d\u00e9fis physiques li\u00e9s \u00e0 l\u2019\u00e2ge. Cette his\u00adtoire rap\u00adpelle que la con\u00adnex\u00adion \u00e9mo\u00adtion\u00adnelle et intel\u00adlectuelle peut \u00eatre le v\u00e9ri\u00adta\u00adble ciment d\u2019une rela\u00adtion durable<\/p>\n\n\n\n<p><\/p>\n","protected":false},"excerpt":{"rendered":"<p>Un cou\u00adple atyp\u00adique sous les pro\u00adjecteurs Lola Marois, 42 ans, et Jean-Marie Bigard, 70 ans, for\u00adment un cou\u00adple qui ne cesse d\u2019in\u00adtriguer le pub\u00adlic. Mar\u00adi\u00e9s depuis 2011, ils affron\u00adtent ensem\u00adble\u2026 <\/p>\n","protected":false},"author":1,"featured_media":3330,"comment_status":"open","ping_status":"open","sticky":false,"template":"","format":"standard","meta":{"wp_typography_post_enhancements_disabled":false,"footnotes":""},"categories":[83,56],"tags":[2870,2854],"class_list":["post-3329","post","type-post","status-publish","format-standard","has-post-thumbnail","hentry","category-dreams-people","category-passions","tag-amour-et-vitalite","tag-chanteuse-engagee"],"yoast_head":"<!-- This site is optimized with the Yoast SEO plugin v24.7 - https:\/\/yoast.com\/wordpress\/plugins\/seo\/ -->\n<title>Lola Marois et Jean-Marie Bigard : L&#039;amour au-del\u00e0 de l&#039;\u00e2ge - Bobea<\/title>\n<meta name=\"description\" content=\"Lola Marois, 42 ans, et Jean-Marie Bigard, 70 ans, forment un couple qui ne cesse d&#039;intriguer le public. Mari\u00e9s depuis 2011\" \/>\n<meta name=\"robots\" content=\"index, follow, max-snippet:-1, max-image-preview:large, max-video-preview:-1\" \/>\n<link rel=\"canonical\" href=\"https:\/\/bobea.net\/index.php\/2024\/07\/11\/lola-marois-et-jean-marie-bigard-lamour-au-dela-de-lage\/\" \/>\n<meta property=\"og:locale\" content=\"fr_FR\" \/>\n<meta property=\"og:type\" content=\"article\" \/>\n<meta property=\"og:title\" content=\"Lola Marois et Jean-Marie Bigard : L&#039;amour au-del\u00e0 de l&#039;\u00e2ge - Bobea\" \/>\n<meta property=\"og:description\" content=\"Lola Marois, 42 ans, et Jean-Marie Bigard, 70 ans, forment un couple qui ne cesse d&#039;intriguer le public. Mari\u00e9s depuis 2011\" \/>\n<meta property=\"og:url\" content=\"https:\/\/bobea.net\/index.php\/2024\/07\/11\/lola-marois-et-jean-marie-bigard-lamour-au-dela-de-lage\/\" \/>\n<meta property=\"og:site_name\" content=\"Bobea\" \/>\n<meta property=\"article:publisher\" content=\"https:\/\/web.facebook.com\/profile.php?id=61559252188416\" \/>\n<meta property=\"article:published_time\" content=\"2024-07-11T15:51:02+00:00\" \/>\n<meta property=\"article:modified_time\" content=\"2024-07-11T15:51:03+00:00\" \/>\n<meta property=\"og:image\" content=\"https:\/\/bobea.net\/wp-content\/uploads\/2024\/07\/33531ab61464d5d59e749024f1ca91aa.jpg\" \/>\n\t<meta property=\"og:image:width\" content=\"1200\" \/>\n\t<meta property=\"og:image:height\" content=\"500\" \/>\n\t<meta property=\"og:image:type\" content=\"image\/jpeg\" \/>\n<meta name=\"author\" content=\"bobea.info\" \/>\n<meta name=\"twitter:card\" content=\"summary_large_image\" \/>\n<meta name=\"twitter:label1\" content=\"\u00c9crit par\" \/>\n\t<meta name=\"twitter:data1\" content=\"bobea.info\" \/>\n\t<meta name=\"twitter:label2\" content=\"Dur\u00e9e de lecture estim\u00e9e\" \/>\n\t<meta name=\"twitter:data2\" content=\"2 minutes\" \/>\n<script type=\"application\/ld+json\" class=\"yoast-schema-graph\">{\"@context\":\"https:\/\/schema.org\",\"@graph\":[{\"@type\":\"Article\",\"@id\":\"https:\/\/bobea.net\/index.php\/2024\/07\/11\/lola-marois-et-jean-marie-bigard-lamour-au-dela-de-lage\/#article\",\"isPartOf\":{\"@id\":\"https:\/\/bobea.net\/index.php\/2024\/07\/11\/lola-marois-et-jean-marie-bigard-lamour-au-dela-de-lage\/\"},\"author\":{\"name\":\"bobea.info\",\"@id\":\"https:\/\/bobea.net\/#\/schema\/person\/e7f45ef187918d7c956bf619dce90ccf\"},\"headline\":\"Lola Marois et Jean-Marie Bigard : L\u2019amour au-del\u00e0 de l\u2019\u00e2ge\",\"datePublished\":\"2024-07-11T15:51:02+00:00\",\"dateModified\":\"2024-07-11T15:51:03+00:00\",\"mainEntityOfPage\":{\"@id\":\"https:\/\/bobea.net\/index.php\/2024\/07\/11\/lola-marois-et-jean-marie-bigard-lamour-au-dela-de-lage\/\"},\"wordCount\":318,\"commentCount\":0,\"publisher\":{\"@id\":\"https:\/\/bobea.net\/#organization\"},\"image\":{\"@id\":\"https:\/\/bobea.net\/index.php\/2024\/07\/11\/lola-marois-et-jean-marie-bigard-lamour-au-dela-de-lage\/#primaryimage\"},\"thumbnailUrl\":\"https:\/\/bobea.net\/wp-content\/uploads\/2024\/07\/33531ab61464d5d59e749024f1ca91aa.jpg\",\"keywords\":[\"Amour et vitalit\u00e9\",\"chanteuse engag\u00e9e\"],\"articleSection\":[\"Dreams People\",\"Passions\"],\"inLanguage\":\"fr-FR\",\"potentialAction\":[{\"@type\":\"CommentAction\",\"name\":\"Comment\",\"target\":[\"https:\/\/bobea.net\/index.php\/2024\/07\/11\/lola-marois-et-jean-marie-bigard-lamour-au-dela-de-lage\/#respond\"]}]},{\"@type\":\"WebPage\",\"@id\":\"https:\/\/bobea.net\/index.php\/2024\/07\/11\/lola-marois-et-jean-marie-bigard-lamour-au-dela-de-lage\/\",\"url\":\"https:\/\/bobea.net\/index.php\/2024\/07\/11\/lola-marois-et-jean-marie-bigard-lamour-au-dela-de-lage\/\",\"name\":\"Lola Marois et Jean-Marie Bigard : L'amour au-del\u00e0 de l'\u00e2ge - Bobea\",\"isPartOf\":{\"@id\":\"https:\/\/bobea.net\/#website\"},\"primaryImageOfPage\":{\"@id\":\"https:\/\/bobea.net\/index.php\/2024\/07\/11\/lola-marois-et-jean-marie-bigard-lamour-au-dela-de-lage\/#primaryimage\"},\"image\":{\"@id\":\"https:\/\/bobea.net\/index.php\/2024\/07\/11\/lola-marois-et-jean-marie-bigard-lamour-au-dela-de-lage\/#primaryimage\"},\"thumbnailUrl\":\"https:\/\/bobea.net\/wp-content\/uploads\/2024\/07\/33531ab61464d5d59e749024f1ca91aa.jpg\",\"datePublished\":\"2024-07-11T15:51:02+00:00\",\"dateModified\":\"2024-07-11T15:51:03+00:00\",\"description\":\"Lola Marois, 42 ans, et Jean-Marie Bigard, 70 ans, forment un couple qui ne cesse d'intriguer le public. Mari\u00e9s depuis 2011\",\"breadcrumb\":{\"@id\":\"https:\/\/bobea.net\/index.php\/2024\/07\/11\/lola-marois-et-jean-marie-bigard-lamour-au-dela-de-lage\/#breadcrumb\"},\"inLanguage\":\"fr-FR\",\"potentialAction\":[{\"@type\":\"ReadAction\",\"target\":[\"https:\/\/bobea.net\/index.php\/2024\/07\/11\/lola-marois-et-jean-marie-bigard-lamour-au-dela-de-lage\/\"]}]},{\"@type\":\"ImageObject\",\"inLanguage\":\"fr-FR\",\"@id\":\"https:\/\/bobea.net\/index.php\/2024\/07\/11\/lola-marois-et-jean-marie-bigard-lamour-au-dela-de-lage\/#primaryimage\",\"url\":\"https:\/\/bobea.net\/wp-content\/uploads\/2024\/07\/33531ab61464d5d59e749024f1ca91aa.jpg\",\"contentUrl\":\"https:\/\/bobea.net\/wp-content\/uploads\/2024\/07\/33531ab61464d5d59e749024f1ca91aa.jpg\",\"width\":1200,\"height\":500,\"caption\":\"Lola Marois et Jean-Marie Bigard : L'amour au-del\u00e0 de l'\u00e2ge\"},{\"@type\":\"BreadcrumbList\",\"@id\":\"https:\/\/bobea.net\/index.php\/2024\/07\/11\/lola-marois-et-jean-marie-bigard-lamour-au-dela-de-lage\/#breadcrumb\",\"itemListElement\":[{\"@type\":\"ListItem\",\"position\":1,\"name\":\"Accueil\",\"item\":\"https:\/\/bobea.net\/\"},{\"@type\":\"ListItem\",\"position\":2,\"name\":\"Lola Marois et Jean-Marie Bigard : L&rsquo;amour au-del\u00e0 de l&rsquo;\u00e2ge\"}]},{\"@type\":\"WebSite\",\"@id\":\"https:\/\/bobea.net\/#website\",\"url\":\"https:\/\/bobea.net\/\",\"name\":\"Bobea\",\"description\":\"Le magazine de la nouvelle \u00c8ve\",\"publisher\":{\"@id\":\"https:\/\/bobea.net\/#organization\"},\"potentialAction\":[{\"@type\":\"SearchAction\",\"target\":{\"@type\":\"EntryPoint\",\"urlTemplate\":\"https:\/\/bobea.net\/?s={search_term_string}\"},\"query-input\":{\"@type\":\"PropertyValueSpecification\",\"valueRequired\":true,\"valueName\":\"search_term_string\"}}],\"inLanguage\":\"fr-FR\"},{\"@type\":\"Organization\",\"@id\":\"https:\/\/bobea.net\/#organization\",\"name\":\"Bobea\",\"url\":\"https:\/\/bobea.net\/\",\"logo\":{\"@type\":\"ImageObject\",\"inLanguage\":\"fr-FR\",\"@id\":\"https:\/\/bobea.net\/#\/schema\/logo\/image\/\",\"url\":\"https:\/\/bobea.net\/wp-content\/uploads\/2024\/06\/bobea.jpg\",\"contentUrl\":\"https:\/\/bobea.net\/wp-content\/uploads\/2024\/06\/bobea.jpg\",\"width\":1080,\"height\":1080,\"caption\":\"Bobea\"},\"image\":{\"@id\":\"https:\/\/bobea.net\/#\/schema\/logo\/image\/\"},\"sameAs\":[\"https:\/\/web.facebook.com\/profile.php?id=61559252188416\"]},{\"@type\":\"Person\",\"@id\":\"https:\/\/bobea.net\/#\/schema\/person\/e7f45ef187918d7c956bf619dce90ccf\",\"name\":\"bobea.info\",\"image\":{\"@type\":\"ImageObject\",\"inLanguage\":\"fr-FR\",\"@id\":\"https:\/\/bobea.net\/#\/schema\/person\/image\/\",\"url\":\"https:\/\/secure.gravatar.com\/avatar\/36147980349df887ae30808df3e29474?s=96&d=mm&r=g\",\"contentUrl\":\"https:\/\/secure.gravatar.com\/avatar\/36147980349df887ae30808df3e29474?s=96&d=mm&r=g\",\"caption\":\"bobea.info\"},\"sameAs\":[\"https:\/\/bobea.net\"],\"url\":\"https:\/\/bobea.net\/index.php\/author\/bobea-info\/\"}]}<\/script>\n<!-- \/ Yoast SEO plugin. -->","yoast_head_json":{"title":"Lola Marois et Jean-Marie Bigard : L'amour au-del\u00e0 de l'\u00e2ge - Bobea","description":"Lola Marois, 42 ans, et Jean-Marie Bigard, 70 ans, forment un couple qui ne cesse d'intriguer le public. Mari\u00e9s depuis 2011","robots":{"index":"index","follow":"follow","max-snippet":"max-snippet:-1","max-image-preview":"max-image-preview:large","max-video-preview":"max-video-preview:-1"},"canonical":"https:\/\/bobea.net\/index.php\/2024\/07\/11\/lola-marois-et-jean-marie-bigard-lamour-au-dela-de-lage\/","og_locale":"fr_FR","og_type":"article","og_title":"Lola Marois et Jean-Marie Bigard : L'amour au-del\u00e0 de l'\u00e2ge - Bobea","og_description":"Lola Marois, 42 ans, et Jean-Marie Bigard, 70 ans, forment un couple qui ne cesse d'intriguer le public. Mari\u00e9s depuis 2011","og_url":"https:\/\/bobea.net\/index.php\/2024\/07\/11\/lola-marois-et-jean-marie-bigard-lamour-au-dela-de-lage\/","og_site_name":"Bobea","article_publisher":"https:\/\/web.facebook.com\/profile.php?id=61559252188416","article_published_time":"2024-07-11T15:51:02+00:00","article_modified_time":"2024-07-11T15:51:03+00:00","og_image":[{"width":1200,"height":500,"url":"https:\/\/bobea.net\/wp-content\/uploads\/2024\/07\/33531ab61464d5d59e749024f1ca91aa.jpg","type":"image\/jpeg"}],"author":"bobea.info","twitter_card":"summary_large_image","twitter_misc":{"\u00c9crit par":"bobea.info","Dur\u00e9e de lecture estim\u00e9e":"2 minutes"},"schema":{"@context":"https:\/\/schema.org","@graph":[{"@type":"Article","@id":"https:\/\/bobea.net\/index.php\/2024\/07\/11\/lola-marois-et-jean-marie-bigard-lamour-au-dela-de-lage\/#article","isPartOf":{"@id":"https:\/\/bobea.net\/index.php\/2024\/07\/11\/lola-marois-et-jean-marie-bigard-lamour-au-dela-de-lage\/"},"author":{"name":"bobea.info","@id":"https:\/\/bobea.net\/#\/schema\/person\/e7f45ef187918d7c956bf619dce90ccf"},"headline":"Lola Marois et Jean-Marie Bigard : L\u2019amour au-del\u00e0 de l\u2019\u00e2ge","datePublished":"2024-07-11T15:51:02+00:00","dateModified":"2024-07-11T15:51:03+00:00","mainEntityOfPage":{"@id":"https:\/\/bobea.net\/index.php\/2024\/07\/11\/lola-marois-et-jean-marie-bigard-lamour-au-dela-de-lage\/"},"wordCount":318,"commentCount":0,"publisher":{"@id":"https:\/\/bobea.net\/#organization"},"image":{"@id":"https:\/\/bobea.net\/index.php\/2024\/07\/11\/lola-marois-et-jean-marie-bigard-lamour-au-dela-de-lage\/#primaryimage"},"thumbnailUrl":"https:\/\/bobea.net\/wp-content\/uploads\/2024\/07\/33531ab61464d5d59e749024f1ca91aa.jpg","keywords":["Amour et vitalit\u00e9","chanteuse engag\u00e9e"],"articleSection":["Dreams People","Passions"],"inLanguage":"fr-FR","potentialAction":[{"@type":"CommentAction","name":"Comment","target":["https:\/\/bobea.net\/index.php\/2024\/07\/11\/lola-marois-et-jean-marie-bigard-lamour-au-dela-de-lage\/#respond"]}]},{"@type":"WebPage","@id":"https:\/\/bobea.net\/index.php\/2024\/07\/11\/lola-marois-et-jean-marie-bigard-lamour-au-dela-de-lage\/","url":"https:\/\/bobea.net\/index.php\/2024\/07\/11\/lola-marois-et-jean-marie-bigard-lamour-au-dela-de-lage\/","name":"Lola Marois et Jean-Marie Bigard : L'amour au-del\u00e0 de l'\u00e2ge - Bobea","isPartOf":{"@id":"https:\/\/bobea.net\/#website"},"primaryImageOfPage":{"@id":"https:\/\/bobea.net\/index.php\/2024\/07\/11\/lola-marois-et-jean-marie-bigard-lamour-au-dela-de-lage\/#primaryimage"},"image":{"@id":"https:\/\/bobea.net\/index.php\/2024\/07\/11\/lola-marois-et-jean-marie-bigard-lamour-au-dela-de-lage\/#primaryimage"},"thumbnailUrl":"https:\/\/bobea.net\/wp-content\/uploads\/2024\/07\/33531ab61464d5d59e749024f1ca91aa.jpg","datePublished":"2024-07-11T15:51:02+00:00","dateModified":"2024-07-11T15:51:03+00:00","description":"Lola Marois, 42 ans, et Jean-Marie Bigard, 70 ans, forment un couple qui ne cesse d'intriguer le public. Mari\u00e9s depuis 2011","breadcrumb":{"@id":"https:\/\/bobea.net\/index.php\/2024\/07\/11\/lola-marois-et-jean-marie-bigard-lamour-au-dela-de-lage\/#breadcrumb"},"inLanguage":"fr-FR","potentialAction":[{"@type":"ReadAction","target":["https:\/\/bobea.net\/index.php\/2024\/07\/11\/lola-marois-et-jean-marie-bigard-lamour-au-dela-de-lage\/"]}]},{"@type":"ImageObject","inLanguage":"fr-FR","@id":"https:\/\/bobea.net\/index.php\/2024\/07\/11\/lola-marois-et-jean-marie-bigard-lamour-au-dela-de-lage\/#primaryimage","url":"https:\/\/bobea.net\/wp-content\/uploads\/2024\/07\/33531ab61464d5d59e749024f1ca91aa.jpg","contentUrl":"https:\/\/bobea.net\/wp-content\/uploads\/2024\/07\/33531ab61464d5d59e749024f1ca91aa.jpg","width":1200,"height":500,"caption":"Lola Marois et Jean-Marie Bigard : L'amour au-del\u00e0 de l'\u00e2ge"},{"@type":"BreadcrumbList","@id":"https:\/\/bobea.net\/index.php\/2024\/07\/11\/lola-marois-et-jean-marie-bigard-lamour-au-dela-de-lage\/#breadcrumb","itemListElement":[{"@type":"ListItem","position":1,"name":"Accueil","item":"https:\/\/bobea.net\/"},{"@type":"ListItem","position":2,"name":"Lola Marois et Jean-Marie Bigard : L&rsquo;amour au-del\u00e0 de l&rsquo;\u00e2ge"}]},{"@type":"WebSite","@id":"https:\/\/bobea.net\/#website","url":"https:\/\/bobea.net\/","name":"Bobea","description":"Le magazine de la nouvelle \u00c8ve","publisher":{"@id":"https:\/\/bobea.net\/#organization"},"potentialAction":[{"@type":"SearchAction","target":{"@type":"EntryPoint","urlTemplate":"https:\/\/bobea.net\/?s={search_term_string}"},"query-input":{"@type":"PropertyValueSpecification","valueRequired":true,"valueName":"search_term_string"}}],"inLanguage":"fr-FR"},{"@type":"Organization","@id":"https:\/\/bobea.net\/#organization","name":"Bobea","url":"https:\/\/bobea.net\/","logo":{"@type":"ImageObject","inLanguage":"fr-FR","@id":"https:\/\/bobea.net\/#\/schema\/logo\/image\/","url":"https:\/\/bobea.net\/wp-content\/uploads\/2024\/06\/bobea.jpg","contentUrl":"https:\/\/bobea.net\/wp-content\/uploads\/2024\/06\/bobea.jpg","width":1080,"height":1080,"caption":"Bobea"},"image":{"@id":"https:\/\/bobea.net\/#\/schema\/logo\/image\/"},"sameAs":["https:\/\/web.facebook.com\/profile.php?id=61559252188416"]},{"@type":"Person","@id":"https:\/\/bobea.net\/#\/schema\/person\/e7f45ef187918d7c956bf619dce90ccf","name":"bobea.info","image":{"@type":"ImageObject","inLanguage":"fr-FR","@id":"https:\/\/bobea.net\/#\/schema\/person\/image\/","url":"https:\/\/secure.gravatar.com\/avatar\/36147980349df887ae30808df3e29474?s=96&d=mm&r=g","contentUrl":"https:\/\/secure.gravatar.com\/avatar\/36147980349df887ae30808df3e29474?s=96&d=mm&r=g","caption":"bobea.info"},"sameAs":["https:\/\/bobea.net"],"url":"https:\/\/bobea.net\/index.php\/author\/bobea-info\/"}]}},"_links":{"self":[{"href":"https:\/\/bobea.net\/index.php\/wp-json\/wp\/v2\/posts\/3329"}],"collection":[{"href":"https:\/\/bobea.net\/index.php\/wp-json\/wp\/v2\/posts"}],"about":[{"href":"https:\/\/bobea.net\/index.php\/wp-json\/wp\/v2\/types\/post"}],"author":[{"embeddable":true,"href":"https:\/\/bobea.net\/index.php\/wp-json\/wp\/v2\/users\/1"}],"replies":[{"embeddable":true,"href":"https:\/\/bobea.net\/index.php\/wp-json\/wp\/v2\/comments?post=3329"}],"version-history":[{"count":0,"href":"https:\/\/bobea.net\/index.php\/wp-json\/wp\/v2\/posts\/3329\/revisions"}],"wp:featuredmedia":[{"embeddable":true,"href":"https:\/\/bobea.net\/index.php\/wp-json\/wp\/v2\/media\/3330"}],"wp:attachment":[{"href":"https:\/\/bobea.net\/index.php\/wp-json\/wp\/v2\/media?parent=3329"}],"wp:term":[{"taxonomy":"category","embeddable":true,"href":"https:\/\/bobea.net\/index.php\/wp-json\/wp\/v2\/categories?post=3329"},{"taxonomy":"post_tag","embeddable":true,"href":"https:\/\/bobea.net\/index.php\/wp-json\/wp\/v2\/tags?post=3329"}],"curies":[{"name":"wp","href":"https:\/\/api.w.org\/{rel}","templated":true}]}}