{"id":3299,"date":"2024-07-11T14:43:58","date_gmt":"2024-07-11T14:43:58","guid":{"rendered":"https:\/\/bobea.net\/?p=3299"},"modified":"2024-07-11T14:44:00","modified_gmt":"2024-07-11T14:44:00","slug":"iris-mittenaere-une-miss-france-au-parcours-remarquable","status":"publish","type":"post","link":"https:\/\/bobea.net\/index.php\/2024\/07\/11\/iris-mittenaere-une-miss-france-au-parcours-remarquable\/","title":{"rendered":"Iris Mittenaere : Une Miss France au parcours remarquable"},"content":{"rendered":"\n<p>Qui est Iris Mit\u00adte\u00adnaere ?<\/p>\n\n\n\n<p>Iris Mit\u00adte\u00adnaere est une per\u00adson\u00adnal\u00adit\u00e9 fran\u00e7aise n\u00e9e le 25 jan\u00advi\u00ader 1993. Elle s\u2019est fait con\u00adna\u00eetre en rem\u00adpor\u00adtant les titres de :<\/p>\n\n\n\n<ul class=\"wp-block-list\">\n<li>Miss Nord-Pas-de-Calais 2015<\/li>\n\n\n\n<li>Miss France 2016<\/li>\n\n\n\n<li>Miss Univers 2016<\/li>\n<\/ul>\n\n\n\n<p>Son par\u00adcours apr\u00e8s les con\u00adcours de beaut\u00e9<\/p>\n\n\n\n<p>Apr\u00e8s ses r\u00e8gnes de Miss, Iris Mit\u00adte\u00adnaere a su rebondir et d\u00e9velop\u00adper sa car\u00adri\u00e8re :<\/p>\n\n\n\n<ul class=\"wp-block-list\">\n<li>Ani\u00adma\u00adtrice t\u00e9l\u00e9 sur TF1<\/li>\n\n\n\n<li>Par\u00adtic\u00adi\u00adpa\u00adtion \u00e0 \u201cDanse avec les stars\u201d<\/li>\n\n\n\n<li>Man\u00adnequin et \u00e9g\u00e9rie pour divers\u00ades mar\u00adques<\/li>\n\n\n\n<li>Auteure de livres<\/li>\n<\/ul>\n\n\n\n<p>Une per\u00adson\u00adnal\u00adit\u00e9 m\u00e9di\u00ada\u00adtique<\/p>\n\n\n\n<p>Comme beau\u00adcoup de per\u00adson\u00adnal\u00adit\u00e9s publiques, Iris Mit\u00adte\u00adnaere fait l\u2019ob\u00adjet d\u2019une atten\u00adtion m\u00e9di\u00ada\u00adtique con\u00adstante :<\/p>\n\n\n\n<ul class=\"wp-block-list\">\n<li>Sa vie priv\u00e9e est sou\u00advent com\u00admen\u00adt\u00e9e<\/li>\n\n\n\n<li>Ses posts sur les r\u00e9seaux soci\u00adaux sont scrut\u00e9s<\/li>\n\n\n\n<li>Cer\u00adtaines de ses d\u00e9c\u00adla\u00adra\u00adtions peu\u00advent par\u00adfois \u00eatre mal inter\u00adpr\u00e9t\u00e9es<\/li>\n<\/ul>\n\n\n\n<p>Une Miss comme les autres ?<\/p>\n\n\n\n<p>Iris Mit\u00adte\u00adnaere se d\u00e9mar\u00adque par :<\/p>\n\n\n\n<ul class=\"wp-block-list\">\n<li>Son par\u00adcours inter\u00adna\u00adtion\u00adal excep\u00adtion\u00adnel (Miss Univers)<\/li>\n\n\n\n<li>Sa long\u00e9vit\u00e9 m\u00e9di\u00ada\u00adtique apr\u00e8s ses r\u00e8gnes de Miss<\/li>\n\n\n\n<li>Son engage\u00adment pour divers\u00ades caus\u00ades car\u00adi\u00adta\u00adtives<\/li>\n<\/ul>\n\n\n\n<p>En con\u00adclu\u00adsion, Iris Mit\u00adte\u00adnaere a su trans\u00adformer son exp\u00e9ri\u00adence de Miss en une v\u00e9ri\u00adta\u00adble car\u00adri\u00e8re m\u00e9di\u00ada\u00adtique. Comme toute per\u00adson\u00adnal\u00adit\u00e9 publique, elle peut par\u00adfois faire l\u2019ob\u00adjet de cri\u00adtiques, mais son par\u00adcours reste glob\u00adale\u00adment posi\u00adtif et inspi\u00adrant pour beau\u00adcoup<\/p>\n","protected":false},"excerpt":{"rendered":"<p>Qui est Iris Mit\u00adte\u00adnaere ? Iris Mit\u00adte\u00adnaere est une per\u00adson\u00adnal\u00adit\u00e9 fran\u00e7aise n\u00e9e le 25 jan\u00advi\u00ader 1993. Elle s\u2019est fait con\u00adna\u00eetre en rem\u00adpor\u00adtant les titres de : Son par\u00adcours apr\u00e8s les\u2026 <\/p>\n","protected":false},"author":1,"featured_media":3300,"comment_status":"open","ping_status":"open","sticky":false,"template":"","format":"standard","meta":{"wp_typography_post_enhancements_disabled":false,"footnotes":""},"categories":[50],"tags":[2682,2683,2672,2677,496,2678,2680,2684,2673,2676,2675,107,771,1460,213,1905,2681,2671,2679,2674,1912,495,679,1250],"class_list":["post-3299","post","type-post","status-publish","format-standard","has-post-thumbnail","hentry","category-mode","tag-2682","tag-2683","tag-animatrice-tele","tag-auteure","tag-beaute","tag-carriere-mediatique-2","tag-causes-caritatives","tag-critique","tag-danse-avec-les-stars","tag-declarations","tag-egerie","tag-france","tag-inspiration-2","tag-iris-mittenaere","tag-mannequin","tag-miss-france","tag-miss-nord-pas-de-calais","tag-miss-univers","tag-parcours-international","tag-parcours-remarquable","tag-personnalite-mediatique","tag-reseaux-sociaux","tag-tf1","tag-vie-privee"],"yoast_head":"<!-- This site is optimized with the Yoast SEO plugin v24.7 - https:\/\/yoast.com\/wordpress\/plugins\/seo\/ -->\n<title>Iris Mittenaere : Une Miss France au parcours remarquable - Bobea<\/title>\n<meta name=\"description\" content=\"Iris Mittenaere est une personnalit\u00e9 fran\u00e7aise n\u00e9e le 25 janvier 1993. Elle s&#039;est fait conna\u00eetre en remportant les titres de :\" \/>\n<meta name=\"robots\" content=\"index, follow, max-snippet:-1, max-image-preview:large, max-video-preview:-1\" \/>\n<link rel=\"canonical\" href=\"https:\/\/bobea.net\/index.php\/2024\/07\/11\/iris-mittenaere-une-miss-france-au-parcours-remarquable\/\" \/>\n<meta property=\"og:locale\" content=\"fr_FR\" \/>\n<meta property=\"og:type\" content=\"article\" \/>\n<meta property=\"og:title\" content=\"Iris Mittenaere : Une Miss France au parcours remarquable - Bobea\" \/>\n<meta property=\"og:description\" content=\"Iris Mittenaere est une personnalit\u00e9 fran\u00e7aise n\u00e9e le 25 janvier 1993. Elle s&#039;est fait conna\u00eetre en remportant les titres de :\" \/>\n<meta property=\"og:url\" content=\"https:\/\/bobea.net\/index.php\/2024\/07\/11\/iris-mittenaere-une-miss-france-au-parcours-remarquable\/\" \/>\n<meta property=\"og:site_name\" content=\"Bobea\" \/>\n<meta property=\"article:publisher\" content=\"https:\/\/web.facebook.com\/profile.php?id=61559252188416\" \/>\n<meta property=\"article:published_time\" content=\"2024-07-11T14:43:58+00:00\" \/>\n<meta property=\"article:modified_time\" content=\"2024-07-11T14:44:00+00:00\" \/>\n<meta property=\"og:image\" content=\"https:\/\/bobea.net\/wp-content\/uploads\/2024\/07\/R-28.jpeg\" \/>\n\t<meta property=\"og:image:width\" content=\"1280\" \/>\n\t<meta property=\"og:image:height\" content=\"720\" \/>\n\t<meta property=\"og:image:type\" content=\"image\/jpeg\" \/>\n<meta name=\"author\" content=\"bobea.info\" \/>\n<meta name=\"twitter:card\" content=\"summary_large_image\" \/>\n<meta name=\"twitter:label1\" content=\"\u00c9crit par\" \/>\n\t<meta name=\"twitter:data1\" content=\"bobea.info\" \/>\n\t<meta name=\"twitter:label2\" content=\"Dur\u00e9e de lecture estim\u00e9e\" \/>\n\t<meta name=\"twitter:data2\" content=\"2 minutes\" \/>\n<script type=\"application\/ld+json\" class=\"yoast-schema-graph\">{\"@context\":\"https:\/\/schema.org\",\"@graph\":[{\"@type\":\"Article\",\"@id\":\"https:\/\/bobea.net\/index.php\/2024\/07\/11\/iris-mittenaere-une-miss-france-au-parcours-remarquable\/#article\",\"isPartOf\":{\"@id\":\"https:\/\/bobea.net\/index.php\/2024\/07\/11\/iris-mittenaere-une-miss-france-au-parcours-remarquable\/\"},\"author\":{\"name\":\"bobea.info\",\"@id\":\"https:\/\/bobea.net\/#\/schema\/person\/e7f45ef187918d7c956bf619dce90ccf\"},\"headline\":\"Iris Mittenaere : Une Miss France au parcours remarquable\",\"datePublished\":\"2024-07-11T14:43:58+00:00\",\"dateModified\":\"2024-07-11T14:44:00+00:00\",\"mainEntityOfPage\":{\"@id\":\"https:\/\/bobea.net\/index.php\/2024\/07\/11\/iris-mittenaere-une-miss-france-au-parcours-remarquable\/\"},\"wordCount\":214,\"commentCount\":0,\"publisher\":{\"@id\":\"https:\/\/bobea.net\/#organization\"},\"image\":{\"@id\":\"https:\/\/bobea.net\/index.php\/2024\/07\/11\/iris-mittenaere-une-miss-france-au-parcours-remarquable\/#primaryimage\"},\"thumbnailUrl\":\"https:\/\/bobea.net\/wp-content\/uploads\/2024\/07\/R-28.jpeg\",\"keywords\":[\"2015\",\"2016\",\"animatrice t\u00e9l\u00e9\",\"auteure\",\"beaut\u00e9\",\"carri\u00e8re m\u00e9diatique\",\"causes caritatives\",\"critique\",\"Danse avec les stars\",\"d\u00e9clarations\",\"\u00e9g\u00e9rie\",\"France\",\"inspiration\",\"Iris Mittenaere\",\"mannequin\",\"Miss France\",\"Miss Nord-Pas-de-Calais\",\"Miss Univers\",\"parcours international\",\"parcours remarquable\",\"personnalit\u00e9 m\u00e9diatique\",\"r\u00e9seaux sociaux\",\"TF1\",\"vie priv\u00e9e\"],\"articleSection\":[\"Mode\"],\"inLanguage\":\"fr-FR\",\"potentialAction\":[{\"@type\":\"CommentAction\",\"name\":\"Comment\",\"target\":[\"https:\/\/bobea.net\/index.php\/2024\/07\/11\/iris-mittenaere-une-miss-france-au-parcours-remarquable\/#respond\"]}]},{\"@type\":\"WebPage\",\"@id\":\"https:\/\/bobea.net\/index.php\/2024\/07\/11\/iris-mittenaere-une-miss-france-au-parcours-remarquable\/\",\"url\":\"https:\/\/bobea.net\/index.php\/2024\/07\/11\/iris-mittenaere-une-miss-france-au-parcours-remarquable\/\",\"name\":\"Iris Mittenaere : Une Miss France au parcours remarquable - Bobea\",\"isPartOf\":{\"@id\":\"https:\/\/bobea.net\/#website\"},\"primaryImageOfPage\":{\"@id\":\"https:\/\/bobea.net\/index.php\/2024\/07\/11\/iris-mittenaere-une-miss-france-au-parcours-remarquable\/#primaryimage\"},\"image\":{\"@id\":\"https:\/\/bobea.net\/index.php\/2024\/07\/11\/iris-mittenaere-une-miss-france-au-parcours-remarquable\/#primaryimage\"},\"thumbnailUrl\":\"https:\/\/bobea.net\/wp-content\/uploads\/2024\/07\/R-28.jpeg\",\"datePublished\":\"2024-07-11T14:43:58+00:00\",\"dateModified\":\"2024-07-11T14:44:00+00:00\",\"description\":\"Iris Mittenaere est une personnalit\u00e9 fran\u00e7aise n\u00e9e le 25 janvier 1993. Elle s'est fait conna\u00eetre en remportant les titres de :\",\"breadcrumb\":{\"@id\":\"https:\/\/bobea.net\/index.php\/2024\/07\/11\/iris-mittenaere-une-miss-france-au-parcours-remarquable\/#breadcrumb\"},\"inLanguage\":\"fr-FR\",\"potentialAction\":[{\"@type\":\"ReadAction\",\"target\":[\"https:\/\/bobea.net\/index.php\/2024\/07\/11\/iris-mittenaere-une-miss-france-au-parcours-remarquable\/\"]}]},{\"@type\":\"ImageObject\",\"inLanguage\":\"fr-FR\",\"@id\":\"https:\/\/bobea.net\/index.php\/2024\/07\/11\/iris-mittenaere-une-miss-france-au-parcours-remarquable\/#primaryimage\",\"url\":\"https:\/\/bobea.net\/wp-content\/uploads\/2024\/07\/R-28.jpeg\",\"contentUrl\":\"https:\/\/bobea.net\/wp-content\/uploads\/2024\/07\/R-28.jpeg\",\"width\":1280,\"height\":720,\"caption\":\"Iris Mittenaere : Une Miss France au parcours remarquable\"},{\"@type\":\"BreadcrumbList\",\"@id\":\"https:\/\/bobea.net\/index.php\/2024\/07\/11\/iris-mittenaere-une-miss-france-au-parcours-remarquable\/#breadcrumb\",\"itemListElement\":[{\"@type\":\"ListItem\",\"position\":1,\"name\":\"Accueil\",\"item\":\"https:\/\/bobea.net\/\"},{\"@type\":\"ListItem\",\"position\":2,\"name\":\"Iris Mittenaere : Une Miss France au parcours remarquable\"}]},{\"@type\":\"WebSite\",\"@id\":\"https:\/\/bobea.net\/#website\",\"url\":\"https:\/\/bobea.net\/\",\"name\":\"Bobea\",\"description\":\"Le magazine de la nouvelle \u00c8ve\",\"publisher\":{\"@id\":\"https:\/\/bobea.net\/#organization\"},\"potentialAction\":[{\"@type\":\"SearchAction\",\"target\":{\"@type\":\"EntryPoint\",\"urlTemplate\":\"https:\/\/bobea.net\/?s={search_term_string}\"},\"query-input\":{\"@type\":\"PropertyValueSpecification\",\"valueRequired\":true,\"valueName\":\"search_term_string\"}}],\"inLanguage\":\"fr-FR\"},{\"@type\":\"Organization\",\"@id\":\"https:\/\/bobea.net\/#organization\",\"name\":\"Bobea\",\"url\":\"https:\/\/bobea.net\/\",\"logo\":{\"@type\":\"ImageObject\",\"inLanguage\":\"fr-FR\",\"@id\":\"https:\/\/bobea.net\/#\/schema\/logo\/image\/\",\"url\":\"https:\/\/bobea.net\/wp-content\/uploads\/2024\/06\/bobea.jpg\",\"contentUrl\":\"https:\/\/bobea.net\/wp-content\/uploads\/2024\/06\/bobea.jpg\",\"width\":1080,\"height\":1080,\"caption\":\"Bobea\"},\"image\":{\"@id\":\"https:\/\/bobea.net\/#\/schema\/logo\/image\/\"},\"sameAs\":[\"https:\/\/web.facebook.com\/profile.php?id=61559252188416\"]},{\"@type\":\"Person\",\"@id\":\"https:\/\/bobea.net\/#\/schema\/person\/e7f45ef187918d7c956bf619dce90ccf\",\"name\":\"bobea.info\",\"image\":{\"@type\":\"ImageObject\",\"inLanguage\":\"fr-FR\",\"@id\":\"https:\/\/bobea.net\/#\/schema\/person\/image\/\",\"url\":\"https:\/\/secure.gravatar.com\/avatar\/36147980349df887ae30808df3e29474?s=96&d=mm&r=g\",\"contentUrl\":\"https:\/\/secure.gravatar.com\/avatar\/36147980349df887ae30808df3e29474?s=96&d=mm&r=g\",\"caption\":\"bobea.info\"},\"sameAs\":[\"https:\/\/bobea.net\"],\"url\":\"https:\/\/bobea.net\/index.php\/author\/bobea-info\/\"}]}<\/script>\n<!-- \/ Yoast SEO plugin. -->","yoast_head_json":{"title":"Iris Mittenaere : Une Miss France au parcours remarquable - Bobea","description":"Iris Mittenaere est une personnalit\u00e9 fran\u00e7aise n\u00e9e le 25 janvier 1993. Elle s'est fait conna\u00eetre en remportant les titres de :","robots":{"index":"index","follow":"follow","max-snippet":"max-snippet:-1","max-image-preview":"max-image-preview:large","max-video-preview":"max-video-preview:-1"},"canonical":"https:\/\/bobea.net\/index.php\/2024\/07\/11\/iris-mittenaere-une-miss-france-au-parcours-remarquable\/","og_locale":"fr_FR","og_type":"article","og_title":"Iris Mittenaere : Une Miss France au parcours remarquable - Bobea","og_description":"Iris Mittenaere est une personnalit\u00e9 fran\u00e7aise n\u00e9e le 25 janvier 1993. Elle s'est fait conna\u00eetre en remportant les titres de :","og_url":"https:\/\/bobea.net\/index.php\/2024\/07\/11\/iris-mittenaere-une-miss-france-au-parcours-remarquable\/","og_site_name":"Bobea","article_publisher":"https:\/\/web.facebook.com\/profile.php?id=61559252188416","article_published_time":"2024-07-11T14:43:58+00:00","article_modified_time":"2024-07-11T14:44:00+00:00","og_image":[{"width":1280,"height":720,"url":"https:\/\/bobea.net\/wp-content\/uploads\/2024\/07\/R-28.jpeg","type":"image\/jpeg"}],"author":"bobea.info","twitter_card":"summary_large_image","twitter_misc":{"\u00c9crit par":"bobea.info","Dur\u00e9e de lecture estim\u00e9e":"2 minutes"},"schema":{"@context":"https:\/\/schema.org","@graph":[{"@type":"Article","@id":"https:\/\/bobea.net\/index.php\/2024\/07\/11\/iris-mittenaere-une-miss-france-au-parcours-remarquable\/#article","isPartOf":{"@id":"https:\/\/bobea.net\/index.php\/2024\/07\/11\/iris-mittenaere-une-miss-france-au-parcours-remarquable\/"},"author":{"name":"bobea.info","@id":"https:\/\/bobea.net\/#\/schema\/person\/e7f45ef187918d7c956bf619dce90ccf"},"headline":"Iris Mittenaere : Une Miss France au parcours remarquable","datePublished":"2024-07-11T14:43:58+00:00","dateModified":"2024-07-11T14:44:00+00:00","mainEntityOfPage":{"@id":"https:\/\/bobea.net\/index.php\/2024\/07\/11\/iris-mittenaere-une-miss-france-au-parcours-remarquable\/"},"wordCount":214,"commentCount":0,"publisher":{"@id":"https:\/\/bobea.net\/#organization"},"image":{"@id":"https:\/\/bobea.net\/index.php\/2024\/07\/11\/iris-mittenaere-une-miss-france-au-parcours-remarquable\/#primaryimage"},"thumbnailUrl":"https:\/\/bobea.net\/wp-content\/uploads\/2024\/07\/R-28.jpeg","keywords":["2015","2016","animatrice t\u00e9l\u00e9","auteure","beaut\u00e9","carri\u00e8re m\u00e9diatique","causes caritatives","critique","Danse avec les stars","d\u00e9clarations","\u00e9g\u00e9rie","France","inspiration","Iris Mittenaere","mannequin","Miss France","Miss Nord-Pas-de-Calais","Miss Univers","parcours international","parcours remarquable","personnalit\u00e9 m\u00e9diatique","r\u00e9seaux sociaux","TF1","vie priv\u00e9e"],"articleSection":["Mode"],"inLanguage":"fr-FR","potentialAction":[{"@type":"CommentAction","name":"Comment","target":["https:\/\/bobea.net\/index.php\/2024\/07\/11\/iris-mittenaere-une-miss-france-au-parcours-remarquable\/#respond"]}]},{"@type":"WebPage","@id":"https:\/\/bobea.net\/index.php\/2024\/07\/11\/iris-mittenaere-une-miss-france-au-parcours-remarquable\/","url":"https:\/\/bobea.net\/index.php\/2024\/07\/11\/iris-mittenaere-une-miss-france-au-parcours-remarquable\/","name":"Iris Mittenaere : Une Miss France au parcours remarquable - Bobea","isPartOf":{"@id":"https:\/\/bobea.net\/#website"},"primaryImageOfPage":{"@id":"https:\/\/bobea.net\/index.php\/2024\/07\/11\/iris-mittenaere-une-miss-france-au-parcours-remarquable\/#primaryimage"},"image":{"@id":"https:\/\/bobea.net\/index.php\/2024\/07\/11\/iris-mittenaere-une-miss-france-au-parcours-remarquable\/#primaryimage"},"thumbnailUrl":"https:\/\/bobea.net\/wp-content\/uploads\/2024\/07\/R-28.jpeg","datePublished":"2024-07-11T14:43:58+00:00","dateModified":"2024-07-11T14:44:00+00:00","description":"Iris Mittenaere est une personnalit\u00e9 fran\u00e7aise n\u00e9e le 25 janvier 1993. Elle s'est fait conna\u00eetre en remportant les titres de :","breadcrumb":{"@id":"https:\/\/bobea.net\/index.php\/2024\/07\/11\/iris-mittenaere-une-miss-france-au-parcours-remarquable\/#breadcrumb"},"inLanguage":"fr-FR","potentialAction":[{"@type":"ReadAction","target":["https:\/\/bobea.net\/index.php\/2024\/07\/11\/iris-mittenaere-une-miss-france-au-parcours-remarquable\/"]}]},{"@type":"ImageObject","inLanguage":"fr-FR","@id":"https:\/\/bobea.net\/index.php\/2024\/07\/11\/iris-mittenaere-une-miss-france-au-parcours-remarquable\/#primaryimage","url":"https:\/\/bobea.net\/wp-content\/uploads\/2024\/07\/R-28.jpeg","contentUrl":"https:\/\/bobea.net\/wp-content\/uploads\/2024\/07\/R-28.jpeg","width":1280,"height":720,"caption":"Iris Mittenaere : Une Miss France au parcours remarquable"},{"@type":"BreadcrumbList","@id":"https:\/\/bobea.net\/index.php\/2024\/07\/11\/iris-mittenaere-une-miss-france-au-parcours-remarquable\/#breadcrumb","itemListElement":[{"@type":"ListItem","position":1,"name":"Accueil","item":"https:\/\/bobea.net\/"},{"@type":"ListItem","position":2,"name":"Iris Mittenaere : Une Miss France au parcours remarquable"}]},{"@type":"WebSite","@id":"https:\/\/bobea.net\/#website","url":"https:\/\/bobea.net\/","name":"Bobea","description":"Le magazine de la nouvelle \u00c8ve","publisher":{"@id":"https:\/\/bobea.net\/#organization"},"potentialAction":[{"@type":"SearchAction","target":{"@type":"EntryPoint","urlTemplate":"https:\/\/bobea.net\/?s={search_term_string}"},"query-input":{"@type":"PropertyValueSpecification","valueRequired":true,"valueName":"search_term_string"}}],"inLanguage":"fr-FR"},{"@type":"Organization","@id":"https:\/\/bobea.net\/#organization","name":"Bobea","url":"https:\/\/bobea.net\/","logo":{"@type":"ImageObject","inLanguage":"fr-FR","@id":"https:\/\/bobea.net\/#\/schema\/logo\/image\/","url":"https:\/\/bobea.net\/wp-content\/uploads\/2024\/06\/bobea.jpg","contentUrl":"https:\/\/bobea.net\/wp-content\/uploads\/2024\/06\/bobea.jpg","width":1080,"height":1080,"caption":"Bobea"},"image":{"@id":"https:\/\/bobea.net\/#\/schema\/logo\/image\/"},"sameAs":["https:\/\/web.facebook.com\/profile.php?id=61559252188416"]},{"@type":"Person","@id":"https:\/\/bobea.net\/#\/schema\/person\/e7f45ef187918d7c956bf619dce90ccf","name":"bobea.info","image":{"@type":"ImageObject","inLanguage":"fr-FR","@id":"https:\/\/bobea.net\/#\/schema\/person\/image\/","url":"https:\/\/secure.gravatar.com\/avatar\/36147980349df887ae30808df3e29474?s=96&d=mm&r=g","contentUrl":"https:\/\/secure.gravatar.com\/avatar\/36147980349df887ae30808df3e29474?s=96&d=mm&r=g","caption":"bobea.info"},"sameAs":["https:\/\/bobea.net"],"url":"https:\/\/bobea.net\/index.php\/author\/bobea-info\/"}]}},"_links":{"self":[{"href":"https:\/\/bobea.net\/index.php\/wp-json\/wp\/v2\/posts\/3299"}],"collection":[{"href":"https:\/\/bobea.net\/index.php\/wp-json\/wp\/v2\/posts"}],"about":[{"href":"https:\/\/bobea.net\/index.php\/wp-json\/wp\/v2\/types\/post"}],"author":[{"embeddable":true,"href":"https:\/\/bobea.net\/index.php\/wp-json\/wp\/v2\/users\/1"}],"replies":[{"embeddable":true,"href":"https:\/\/bobea.net\/index.php\/wp-json\/wp\/v2\/comments?post=3299"}],"version-history":[{"count":0,"href":"https:\/\/bobea.net\/index.php\/wp-json\/wp\/v2\/posts\/3299\/revisions"}],"wp:featuredmedia":[{"embeddable":true,"href":"https:\/\/bobea.net\/index.php\/wp-json\/wp\/v2\/media\/3300"}],"wp:attachment":[{"href":"https:\/\/bobea.net\/index.php\/wp-json\/wp\/v2\/media?parent=3299"}],"wp:term":[{"taxonomy":"category","embeddable":true,"href":"https:\/\/bobea.net\/index.php\/wp-json\/wp\/v2\/categories?post=3299"},{"taxonomy":"post_tag","embeddable":true,"href":"https:\/\/bobea.net\/index.php\/wp-json\/wp\/v2\/tags?post=3299"}],"curies":[{"name":"wp","href":"https:\/\/api.w.org\/{rel}","templated":true}]}}