{"id":3269,"date":"2024-07-10T10:02:55","date_gmt":"2024-07-10T10:02:55","guid":{"rendered":"https:\/\/bobea.net\/?p=3269"},"modified":"2024-07-10T10:02:56","modified_gmt":"2024-07-10T10:02:56","slug":"les-tresses-africaines-un-heritage-capillaire-a-preserver-et-celebrer","status":"publish","type":"post","link":"https:\/\/bobea.net\/index.php\/2024\/07\/10\/les-tresses-africaines-un-heritage-capillaire-a-preserver-et-celebrer\/","title":{"rendered":"Les tresses africaines : Un h\u00e9ritage capillaire \u00e0 pr\u00e9server et c\u00e9l\u00e9brer"},"content":{"rendered":"\n<p>Les tress\u00ades, bien plus qu\u2019une sim\u00adple coif\u00adfure, repr\u00e9sen\u00adtent des si\u00e8\u00adcles de savoir-faire et de beaut\u00e9. De l\u2019Afrique \u00e0 l\u2019Eu\u00adrope en pas\u00adsant par le Br\u00e9sil, l\u2019art de tiss\u00ader les cheveux per\u00adsiste et se r\u00e9in\u00advente, sym\u00adbol\u00adisant \u00e0 la fois tra\u00addi\u00adtion et moder\u00adnit\u00e9.<\/p>\n\n\n\n<p>Des coif\u00adfures ances\u00adtrales aux ten\u00addances actuelles<\/p>\n\n\n\n<p>Les tress\u00ades ont tra\u00adver\u00ads\u00e9 les \u00e9po\u00adques, \u00e9volu\u00adant des coif\u00adfures tra\u00addi\u00adtion\u00adnelles de nos grands-m\u00e8res aux styles con\u00adtem\u00adpo\u00adrains :<\/p>\n\n\n\n<ul class=\"wp-block-list\">\n<li>Tress\u00ades africaines com\u00adplex\u00ades trans\u00admis\u00ades de g\u00e9n\u00e9ra\u00adtion en g\u00e9n\u00e9ra\u00adtion<\/li>\n\n\n\n<li>Dread\u00adlocks mod\u00adernes adop\u00adt\u00e9es par les adeptes de la mode urbaine<\/li>\n\n\n\n<li>Tress\u00ades boh\u00e8mes pris\u00e9es sur les tapis rouges et fes\u00adti\u00advals<\/li>\n<\/ul>\n\n\n\n<p>Un sym\u00adbole de mode et d\u2019\u00e9l\u00e9\u00adgance intem\u00adporel<\/p>\n\n\n\n<p>Les tress\u00ades con\u00adtin\u00adu\u00adent de fascin\u00ader et d\u2019in\u00adspir\u00ader :<\/p>\n\n\n\n<ul class=\"wp-block-list\">\n<li>Pr\u00e9sence r\u00e9cur\u00adrente sur les podi\u00adums des d\u00e9fil\u00e9s de haute cou\u00adture<\/li>\n\n\n\n<li>Adop\u00adtion par les c\u00e9l\u00e9brit\u00e9s pour des looks sophis\u00adtiqu\u00e9s ou d\u00e9con\u00adtrac\u00adt\u00e9s<\/li>\n\n\n\n<li>Ver\u00adsa\u00adtil\u00adit\u00e9 per\u00adme\u00adt\u00adtant une infinit\u00e9 de styles, du plus clas\u00adsique au plus avant-gardiste<\/li>\n<\/ul>\n\n\n\n<p>Une cul\u00adture capil\u00adlaire plan\u00e9\u00adtaire<\/p>\n\n\n\n<p>L\u2019art de la tresse tran\u00adscende les fron\u00adti\u00e8res :<\/p>\n\n\n\n<ul class=\"wp-block-list\">\n<li>En Afrique : sym\u00adbole d\u2019i\u00adden\u00adtit\u00e9 cul\u00adturelle et de statut social<\/li>\n\n\n\n<li>Au Br\u00e9sil : h\u00e9ritage des tra\u00addi\u00adtions afro-br\u00e9sili\u00adennes<\/li>\n\n\n\n<li>En Europe : m\u00e9lange d\u2019in\u00adflu\u00adences mul\u00adti\u00adcul\u00adturelles et de cr\u00e9a\u00adtiv\u00adit\u00e9 con\u00adtem\u00adpo\u00adraine<\/li>\n<\/ul>\n\n\n\n<p>Pr\u00e9serv\u00ader un savoir-faire mil\u00adl\u00e9\u00adnaire<\/p>\n\n\n\n<p>L\u2019im\u00adpor\u00adtance de per\u00adp\u00e9tuer cette tra\u00addi\u00adtion capil\u00adlaire :<\/p>\n\n\n\n<ul class=\"wp-block-list\">\n<li>Trans\u00admis\u00adsion des tech\u00adniques de tres\u00adsage entre g\u00e9n\u00e9ra\u00adtions<\/li>\n\n\n\n<li>Val\u00adori\u00adsa\u00adtion des coif\u00adfeurs sp\u00e9\u00adcial\u00adis\u00e9s dans l\u2019art du tres\u00adsage<\/li>\n\n\n\n<li>Recon\u00adnais\u00adsance de la dimen\u00adsion cul\u00adturelle et artis\u00adtique des tress\u00ades<\/li>\n<\/ul>\n\n\n\n<p>Les tress\u00ades, entre tra\u00addi\u00adtion et inno\u00adva\u00adtion<\/p>\n\n\n\n<p>L\u2019\u00e9vo\u00adlu\u00adtion con\u00adstante des styles de tress\u00ades :<\/p>\n\n\n\n<ul class=\"wp-block-list\">\n<li>Int\u00e9\u00adgra\u00adtion de nou\u00advelles tech\u00adniques et mat\u00e9ri\u00adaux<\/li>\n\n\n\n<li>Fusion des styles tra\u00addi\u00adtion\u00adnels et mod\u00adernes<\/li>\n\n\n\n<li>Adap\u00adta\u00adtion aux ten\u00addances capil\u00adlaires con\u00adtem\u00adpo\u00adraines<\/li>\n<\/ul>\n\n\n\n<p>Les tress\u00ades repr\u00e9sen\u00adtent bien plus qu\u2019une sim\u00adple coif\u00adfure. Elles incar\u00adnent un h\u00e9ritage cul\u00adturel riche, une forme d\u2019ex\u00adpres\u00adsion artis\u00adtique et un sym\u00adbole de beaut\u00e9 uni\u00adversel. En c\u00e9l\u00e9brant et en pr\u00e9ser\u00advant cet art capil\u00adlaire, nous hon\u00adorons des si\u00e8\u00adcles de tra\u00addi\u00adtion tout en embras\u00adsant la cr\u00e9a\u00adtiv\u00adit\u00e9 et la diver\u00adsit\u00e9 de la beaut\u00e9 mod\u00aderne<\/p>\n","protected":false},"excerpt":{"rendered":"<p>Les tress\u00ades, bien plus qu\u2019une sim\u00adple coif\u00adfure, repr\u00e9sen\u00adtent des si\u00e8\u00adcles de savoir-faire et de beaut\u00e9. De l\u2019Afrique \u00e0 l\u2019Eu\u00adrope en pas\u00adsant par le Br\u00e9sil, l\u2019art de tiss\u00ader les cheveux per\u00adsiste\u2026 <\/p>\n","protected":false},"author":1,"featured_media":3270,"comment_status":"open","ping_status":"open","sticky":false,"template":"","format":"standard","meta":{"wp_typography_post_enhancements_disabled":false,"footnotes":""},"categories":[51],"tags":[1180,2633,2629,2631,2632,2628,2630],"class_list":["post-3269","post","type-post","status-publish","format-standard","has-post-thumbnail","hentry","category-beaute","tag-beaute-universelle","tag-culture-capillaire","tag-heritage-capillaire","tag-mode-et-tradition","tag-savoir-faire-ancestral","tag-styles-de-tresses","tag-tresses-africaines"],"yoast_head":"<!-- This site is optimized with the Yoast SEO plugin v24.7 - https:\/\/yoast.com\/wordpress\/plugins\/seo\/ -->\n<title>Les tresses africaines : Un h\u00e9ritage capillaire \u00e0 pr\u00e9server et c\u00e9l\u00e9brer - Bobea<\/title>\n<meta name=\"description\" content=\"Les tresses, bien plus qu&#039;une simple coiffure, repr\u00e9sentent des si\u00e8cles de savoir-faire et de beaut\u00e9. De l&#039;Afrique \u00e0 l&#039;Europe\" \/>\n<meta name=\"robots\" content=\"index, follow, max-snippet:-1, max-image-preview:large, max-video-preview:-1\" \/>\n<link rel=\"canonical\" href=\"https:\/\/bobea.net\/index.php\/2024\/07\/10\/les-tresses-africaines-un-heritage-capillaire-a-preserver-et-celebrer\/\" \/>\n<meta property=\"og:locale\" content=\"fr_FR\" \/>\n<meta property=\"og:type\" content=\"article\" \/>\n<meta property=\"og:title\" content=\"Les tresses africaines : Un h\u00e9ritage capillaire \u00e0 pr\u00e9server et c\u00e9l\u00e9brer - Bobea\" \/>\n<meta property=\"og:description\" content=\"Les tresses, bien plus qu&#039;une simple coiffure, repr\u00e9sentent des si\u00e8cles de savoir-faire et de beaut\u00e9. De l&#039;Afrique \u00e0 l&#039;Europe\" \/>\n<meta property=\"og:url\" content=\"https:\/\/bobea.net\/index.php\/2024\/07\/10\/les-tresses-africaines-un-heritage-capillaire-a-preserver-et-celebrer\/\" \/>\n<meta property=\"og:site_name\" content=\"Bobea\" \/>\n<meta property=\"article:publisher\" content=\"https:\/\/web.facebook.com\/profile.php?id=61559252188416\" \/>\n<meta property=\"article:published_time\" content=\"2024-07-10T10:02:55+00:00\" \/>\n<meta property=\"article:modified_time\" content=\"2024-07-10T10:02:56+00:00\" \/>\n<meta property=\"og:image\" content=\"https:\/\/bobea.net\/wp-content\/uploads\/2024\/07\/Trendy-Braided-Hairstyles-2020-Best-for-ladies-to-rock-650x341-1.jpg\" \/>\n\t<meta property=\"og:image:width\" content=\"650\" \/>\n\t<meta property=\"og:image:height\" content=\"341\" \/>\n\t<meta property=\"og:image:type\" content=\"image\/jpeg\" \/>\n<meta name=\"author\" content=\"bobea.info\" \/>\n<meta name=\"twitter:card\" content=\"summary_large_image\" \/>\n<meta name=\"twitter:label1\" content=\"\u00c9crit par\" \/>\n\t<meta name=\"twitter:data1\" content=\"bobea.info\" \/>\n\t<meta name=\"twitter:label2\" content=\"Dur\u00e9e de lecture estim\u00e9e\" \/>\n\t<meta name=\"twitter:data2\" content=\"2 minutes\" \/>\n<script type=\"application\/ld+json\" class=\"yoast-schema-graph\">{\"@context\":\"https:\/\/schema.org\",\"@graph\":[{\"@type\":\"Article\",\"@id\":\"https:\/\/bobea.net\/index.php\/2024\/07\/10\/les-tresses-africaines-un-heritage-capillaire-a-preserver-et-celebrer\/#article\",\"isPartOf\":{\"@id\":\"https:\/\/bobea.net\/index.php\/2024\/07\/10\/les-tresses-africaines-un-heritage-capillaire-a-preserver-et-celebrer\/\"},\"author\":{\"name\":\"bobea.info\",\"@id\":\"https:\/\/bobea.net\/#\/schema\/person\/e7f45ef187918d7c956bf619dce90ccf\"},\"headline\":\"Les tresses africaines : Un h\u00e9ritage capillaire \u00e0 pr\u00e9server et c\u00e9l\u00e9brer\",\"datePublished\":\"2024-07-10T10:02:55+00:00\",\"dateModified\":\"2024-07-10T10:02:56+00:00\",\"mainEntityOfPage\":{\"@id\":\"https:\/\/bobea.net\/index.php\/2024\/07\/10\/les-tresses-africaines-un-heritage-capillaire-a-preserver-et-celebrer\/\"},\"wordCount\":354,\"commentCount\":0,\"publisher\":{\"@id\":\"https:\/\/bobea.net\/#organization\"},\"image\":{\"@id\":\"https:\/\/bobea.net\/index.php\/2024\/07\/10\/les-tresses-africaines-un-heritage-capillaire-a-preserver-et-celebrer\/#primaryimage\"},\"thumbnailUrl\":\"https:\/\/bobea.net\/wp-content\/uploads\/2024\/07\/Trendy-Braided-Hairstyles-2020-Best-for-ladies-to-rock-650x341-1.jpg\",\"keywords\":[\"beaut\u00e9 universelle\",\"culture capillaire\",\"h\u00e9ritage capillaire\",\"mode et tradition\",\"savoir-faire ancestral\",\"styles de tresses\",\"tresses africaines\"],\"articleSection\":[\"Beaut\u00e9\"],\"inLanguage\":\"fr-FR\",\"potentialAction\":[{\"@type\":\"CommentAction\",\"name\":\"Comment\",\"target\":[\"https:\/\/bobea.net\/index.php\/2024\/07\/10\/les-tresses-africaines-un-heritage-capillaire-a-preserver-et-celebrer\/#respond\"]}]},{\"@type\":\"WebPage\",\"@id\":\"https:\/\/bobea.net\/index.php\/2024\/07\/10\/les-tresses-africaines-un-heritage-capillaire-a-preserver-et-celebrer\/\",\"url\":\"https:\/\/bobea.net\/index.php\/2024\/07\/10\/les-tresses-africaines-un-heritage-capillaire-a-preserver-et-celebrer\/\",\"name\":\"Les tresses africaines : Un h\u00e9ritage capillaire \u00e0 pr\u00e9server et c\u00e9l\u00e9brer - Bobea\",\"isPartOf\":{\"@id\":\"https:\/\/bobea.net\/#website\"},\"primaryImageOfPage\":{\"@id\":\"https:\/\/bobea.net\/index.php\/2024\/07\/10\/les-tresses-africaines-un-heritage-capillaire-a-preserver-et-celebrer\/#primaryimage\"},\"image\":{\"@id\":\"https:\/\/bobea.net\/index.php\/2024\/07\/10\/les-tresses-africaines-un-heritage-capillaire-a-preserver-et-celebrer\/#primaryimage\"},\"thumbnailUrl\":\"https:\/\/bobea.net\/wp-content\/uploads\/2024\/07\/Trendy-Braided-Hairstyles-2020-Best-for-ladies-to-rock-650x341-1.jpg\",\"datePublished\":\"2024-07-10T10:02:55+00:00\",\"dateModified\":\"2024-07-10T10:02:56+00:00\",\"description\":\"Les tresses, bien plus qu'une simple coiffure, repr\u00e9sentent des si\u00e8cles de savoir-faire et de beaut\u00e9. De l'Afrique \u00e0 l'Europe\",\"breadcrumb\":{\"@id\":\"https:\/\/bobea.net\/index.php\/2024\/07\/10\/les-tresses-africaines-un-heritage-capillaire-a-preserver-et-celebrer\/#breadcrumb\"},\"inLanguage\":\"fr-FR\",\"potentialAction\":[{\"@type\":\"ReadAction\",\"target\":[\"https:\/\/bobea.net\/index.php\/2024\/07\/10\/les-tresses-africaines-un-heritage-capillaire-a-preserver-et-celebrer\/\"]}]},{\"@type\":\"ImageObject\",\"inLanguage\":\"fr-FR\",\"@id\":\"https:\/\/bobea.net\/index.php\/2024\/07\/10\/les-tresses-africaines-un-heritage-capillaire-a-preserver-et-celebrer\/#primaryimage\",\"url\":\"https:\/\/bobea.net\/wp-content\/uploads\/2024\/07\/Trendy-Braided-Hairstyles-2020-Best-for-ladies-to-rock-650x341-1.jpg\",\"contentUrl\":\"https:\/\/bobea.net\/wp-content\/uploads\/2024\/07\/Trendy-Braided-Hairstyles-2020-Best-for-ladies-to-rock-650x341-1.jpg\",\"width\":650,\"height\":341,\"caption\":\"Les tresses africaines : Un h\u00e9ritage capillaire \u00e0 pr\u00e9server et c\u00e9l\u00e9brer\"},{\"@type\":\"BreadcrumbList\",\"@id\":\"https:\/\/bobea.net\/index.php\/2024\/07\/10\/les-tresses-africaines-un-heritage-capillaire-a-preserver-et-celebrer\/#breadcrumb\",\"itemListElement\":[{\"@type\":\"ListItem\",\"position\":1,\"name\":\"Accueil\",\"item\":\"https:\/\/bobea.net\/\"},{\"@type\":\"ListItem\",\"position\":2,\"name\":\"Les tresses africaines : Un h\u00e9ritage capillaire \u00e0 pr\u00e9server et c\u00e9l\u00e9brer\"}]},{\"@type\":\"WebSite\",\"@id\":\"https:\/\/bobea.net\/#website\",\"url\":\"https:\/\/bobea.net\/\",\"name\":\"Bobea\",\"description\":\"Le magazine de la nouvelle \u00c8ve\",\"publisher\":{\"@id\":\"https:\/\/bobea.net\/#organization\"},\"potentialAction\":[{\"@type\":\"SearchAction\",\"target\":{\"@type\":\"EntryPoint\",\"urlTemplate\":\"https:\/\/bobea.net\/?s={search_term_string}\"},\"query-input\":{\"@type\":\"PropertyValueSpecification\",\"valueRequired\":true,\"valueName\":\"search_term_string\"}}],\"inLanguage\":\"fr-FR\"},{\"@type\":\"Organization\",\"@id\":\"https:\/\/bobea.net\/#organization\",\"name\":\"Bobea\",\"url\":\"https:\/\/bobea.net\/\",\"logo\":{\"@type\":\"ImageObject\",\"inLanguage\":\"fr-FR\",\"@id\":\"https:\/\/bobea.net\/#\/schema\/logo\/image\/\",\"url\":\"https:\/\/bobea.net\/wp-content\/uploads\/2024\/06\/bobea.jpg\",\"contentUrl\":\"https:\/\/bobea.net\/wp-content\/uploads\/2024\/06\/bobea.jpg\",\"width\":1080,\"height\":1080,\"caption\":\"Bobea\"},\"image\":{\"@id\":\"https:\/\/bobea.net\/#\/schema\/logo\/image\/\"},\"sameAs\":[\"https:\/\/web.facebook.com\/profile.php?id=61559252188416\"]},{\"@type\":\"Person\",\"@id\":\"https:\/\/bobea.net\/#\/schema\/person\/e7f45ef187918d7c956bf619dce90ccf\",\"name\":\"bobea.info\",\"image\":{\"@type\":\"ImageObject\",\"inLanguage\":\"fr-FR\",\"@id\":\"https:\/\/bobea.net\/#\/schema\/person\/image\/\",\"url\":\"https:\/\/secure.gravatar.com\/avatar\/36147980349df887ae30808df3e29474?s=96&d=mm&r=g\",\"contentUrl\":\"https:\/\/secure.gravatar.com\/avatar\/36147980349df887ae30808df3e29474?s=96&d=mm&r=g\",\"caption\":\"bobea.info\"},\"sameAs\":[\"https:\/\/bobea.net\"],\"url\":\"https:\/\/bobea.net\/index.php\/author\/bobea-info\/\"}]}<\/script>\n<!-- \/ Yoast SEO plugin. -->","yoast_head_json":{"title":"Les tresses africaines : Un h\u00e9ritage capillaire \u00e0 pr\u00e9server et c\u00e9l\u00e9brer - Bobea","description":"Les tresses, bien plus qu'une simple coiffure, repr\u00e9sentent des si\u00e8cles de savoir-faire et de beaut\u00e9. De l'Afrique \u00e0 l'Europe","robots":{"index":"index","follow":"follow","max-snippet":"max-snippet:-1","max-image-preview":"max-image-preview:large","max-video-preview":"max-video-preview:-1"},"canonical":"https:\/\/bobea.net\/index.php\/2024\/07\/10\/les-tresses-africaines-un-heritage-capillaire-a-preserver-et-celebrer\/","og_locale":"fr_FR","og_type":"article","og_title":"Les tresses africaines : Un h\u00e9ritage capillaire \u00e0 pr\u00e9server et c\u00e9l\u00e9brer - Bobea","og_description":"Les tresses, bien plus qu'une simple coiffure, repr\u00e9sentent des si\u00e8cles de savoir-faire et de beaut\u00e9. De l'Afrique \u00e0 l'Europe","og_url":"https:\/\/bobea.net\/index.php\/2024\/07\/10\/les-tresses-africaines-un-heritage-capillaire-a-preserver-et-celebrer\/","og_site_name":"Bobea","article_publisher":"https:\/\/web.facebook.com\/profile.php?id=61559252188416","article_published_time":"2024-07-10T10:02:55+00:00","article_modified_time":"2024-07-10T10:02:56+00:00","og_image":[{"width":650,"height":341,"url":"https:\/\/bobea.net\/wp-content\/uploads\/2024\/07\/Trendy-Braided-Hairstyles-2020-Best-for-ladies-to-rock-650x341-1.jpg","type":"image\/jpeg"}],"author":"bobea.info","twitter_card":"summary_large_image","twitter_misc":{"\u00c9crit par":"bobea.info","Dur\u00e9e de lecture estim\u00e9e":"2 minutes"},"schema":{"@context":"https:\/\/schema.org","@graph":[{"@type":"Article","@id":"https:\/\/bobea.net\/index.php\/2024\/07\/10\/les-tresses-africaines-un-heritage-capillaire-a-preserver-et-celebrer\/#article","isPartOf":{"@id":"https:\/\/bobea.net\/index.php\/2024\/07\/10\/les-tresses-africaines-un-heritage-capillaire-a-preserver-et-celebrer\/"},"author":{"name":"bobea.info","@id":"https:\/\/bobea.net\/#\/schema\/person\/e7f45ef187918d7c956bf619dce90ccf"},"headline":"Les tresses africaines : Un h\u00e9ritage capillaire \u00e0 pr\u00e9server et c\u00e9l\u00e9brer","datePublished":"2024-07-10T10:02:55+00:00","dateModified":"2024-07-10T10:02:56+00:00","mainEntityOfPage":{"@id":"https:\/\/bobea.net\/index.php\/2024\/07\/10\/les-tresses-africaines-un-heritage-capillaire-a-preserver-et-celebrer\/"},"wordCount":354,"commentCount":0,"publisher":{"@id":"https:\/\/bobea.net\/#organization"},"image":{"@id":"https:\/\/bobea.net\/index.php\/2024\/07\/10\/les-tresses-africaines-un-heritage-capillaire-a-preserver-et-celebrer\/#primaryimage"},"thumbnailUrl":"https:\/\/bobea.net\/wp-content\/uploads\/2024\/07\/Trendy-Braided-Hairstyles-2020-Best-for-ladies-to-rock-650x341-1.jpg","keywords":["beaut\u00e9 universelle","culture capillaire","h\u00e9ritage capillaire","mode et tradition","savoir-faire ancestral","styles de tresses","tresses africaines"],"articleSection":["Beaut\u00e9"],"inLanguage":"fr-FR","potentialAction":[{"@type":"CommentAction","name":"Comment","target":["https:\/\/bobea.net\/index.php\/2024\/07\/10\/les-tresses-africaines-un-heritage-capillaire-a-preserver-et-celebrer\/#respond"]}]},{"@type":"WebPage","@id":"https:\/\/bobea.net\/index.php\/2024\/07\/10\/les-tresses-africaines-un-heritage-capillaire-a-preserver-et-celebrer\/","url":"https:\/\/bobea.net\/index.php\/2024\/07\/10\/les-tresses-africaines-un-heritage-capillaire-a-preserver-et-celebrer\/","name":"Les tresses africaines : Un h\u00e9ritage capillaire \u00e0 pr\u00e9server et c\u00e9l\u00e9brer - Bobea","isPartOf":{"@id":"https:\/\/bobea.net\/#website"},"primaryImageOfPage":{"@id":"https:\/\/bobea.net\/index.php\/2024\/07\/10\/les-tresses-africaines-un-heritage-capillaire-a-preserver-et-celebrer\/#primaryimage"},"image":{"@id":"https:\/\/bobea.net\/index.php\/2024\/07\/10\/les-tresses-africaines-un-heritage-capillaire-a-preserver-et-celebrer\/#primaryimage"},"thumbnailUrl":"https:\/\/bobea.net\/wp-content\/uploads\/2024\/07\/Trendy-Braided-Hairstyles-2020-Best-for-ladies-to-rock-650x341-1.jpg","datePublished":"2024-07-10T10:02:55+00:00","dateModified":"2024-07-10T10:02:56+00:00","description":"Les tresses, bien plus qu'une simple coiffure, repr\u00e9sentent des si\u00e8cles de savoir-faire et de beaut\u00e9. De l'Afrique \u00e0 l'Europe","breadcrumb":{"@id":"https:\/\/bobea.net\/index.php\/2024\/07\/10\/les-tresses-africaines-un-heritage-capillaire-a-preserver-et-celebrer\/#breadcrumb"},"inLanguage":"fr-FR","potentialAction":[{"@type":"ReadAction","target":["https:\/\/bobea.net\/index.php\/2024\/07\/10\/les-tresses-africaines-un-heritage-capillaire-a-preserver-et-celebrer\/"]}]},{"@type":"ImageObject","inLanguage":"fr-FR","@id":"https:\/\/bobea.net\/index.php\/2024\/07\/10\/les-tresses-africaines-un-heritage-capillaire-a-preserver-et-celebrer\/#primaryimage","url":"https:\/\/bobea.net\/wp-content\/uploads\/2024\/07\/Trendy-Braided-Hairstyles-2020-Best-for-ladies-to-rock-650x341-1.jpg","contentUrl":"https:\/\/bobea.net\/wp-content\/uploads\/2024\/07\/Trendy-Braided-Hairstyles-2020-Best-for-ladies-to-rock-650x341-1.jpg","width":650,"height":341,"caption":"Les tresses africaines : Un h\u00e9ritage capillaire \u00e0 pr\u00e9server et c\u00e9l\u00e9brer"},{"@type":"BreadcrumbList","@id":"https:\/\/bobea.net\/index.php\/2024\/07\/10\/les-tresses-africaines-un-heritage-capillaire-a-preserver-et-celebrer\/#breadcrumb","itemListElement":[{"@type":"ListItem","position":1,"name":"Accueil","item":"https:\/\/bobea.net\/"},{"@type":"ListItem","position":2,"name":"Les tresses africaines : Un h\u00e9ritage capillaire \u00e0 pr\u00e9server et c\u00e9l\u00e9brer"}]},{"@type":"WebSite","@id":"https:\/\/bobea.net\/#website","url":"https:\/\/bobea.net\/","name":"Bobea","description":"Le magazine de la nouvelle \u00c8ve","publisher":{"@id":"https:\/\/bobea.net\/#organization"},"potentialAction":[{"@type":"SearchAction","target":{"@type":"EntryPoint","urlTemplate":"https:\/\/bobea.net\/?s={search_term_string}"},"query-input":{"@type":"PropertyValueSpecification","valueRequired":true,"valueName":"search_term_string"}}],"inLanguage":"fr-FR"},{"@type":"Organization","@id":"https:\/\/bobea.net\/#organization","name":"Bobea","url":"https:\/\/bobea.net\/","logo":{"@type":"ImageObject","inLanguage":"fr-FR","@id":"https:\/\/bobea.net\/#\/schema\/logo\/image\/","url":"https:\/\/bobea.net\/wp-content\/uploads\/2024\/06\/bobea.jpg","contentUrl":"https:\/\/bobea.net\/wp-content\/uploads\/2024\/06\/bobea.jpg","width":1080,"height":1080,"caption":"Bobea"},"image":{"@id":"https:\/\/bobea.net\/#\/schema\/logo\/image\/"},"sameAs":["https:\/\/web.facebook.com\/profile.php?id=61559252188416"]},{"@type":"Person","@id":"https:\/\/bobea.net\/#\/schema\/person\/e7f45ef187918d7c956bf619dce90ccf","name":"bobea.info","image":{"@type":"ImageObject","inLanguage":"fr-FR","@id":"https:\/\/bobea.net\/#\/schema\/person\/image\/","url":"https:\/\/secure.gravatar.com\/avatar\/36147980349df887ae30808df3e29474?s=96&d=mm&r=g","contentUrl":"https:\/\/secure.gravatar.com\/avatar\/36147980349df887ae30808df3e29474?s=96&d=mm&r=g","caption":"bobea.info"},"sameAs":["https:\/\/bobea.net"],"url":"https:\/\/bobea.net\/index.php\/author\/bobea-info\/"}]}},"_links":{"self":[{"href":"https:\/\/bobea.net\/index.php\/wp-json\/wp\/v2\/posts\/3269"}],"collection":[{"href":"https:\/\/bobea.net\/index.php\/wp-json\/wp\/v2\/posts"}],"about":[{"href":"https:\/\/bobea.net\/index.php\/wp-json\/wp\/v2\/types\/post"}],"author":[{"embeddable":true,"href":"https:\/\/bobea.net\/index.php\/wp-json\/wp\/v2\/users\/1"}],"replies":[{"embeddable":true,"href":"https:\/\/bobea.net\/index.php\/wp-json\/wp\/v2\/comments?post=3269"}],"version-history":[{"count":0,"href":"https:\/\/bobea.net\/index.php\/wp-json\/wp\/v2\/posts\/3269\/revisions"}],"wp:featuredmedia":[{"embeddable":true,"href":"https:\/\/bobea.net\/index.php\/wp-json\/wp\/v2\/media\/3270"}],"wp:attachment":[{"href":"https:\/\/bobea.net\/index.php\/wp-json\/wp\/v2\/media?parent=3269"}],"wp:term":[{"taxonomy":"category","embeddable":true,"href":"https:\/\/bobea.net\/index.php\/wp-json\/wp\/v2\/categories?post=3269"},{"taxonomy":"post_tag","embeddable":true,"href":"https:\/\/bobea.net\/index.php\/wp-json\/wp\/v2\/tags?post=3269"}],"curies":[{"name":"wp","href":"https:\/\/api.w.org\/{rel}","templated":true}]}}