{"id":3266,"date":"2024-07-10T09:54:54","date_gmt":"2024-07-10T09:54:54","guid":{"rendered":"https:\/\/bobea.net\/?p=3266"},"modified":"2024-07-10T09:54:55","modified_gmt":"2024-07-10T09:54:55","slug":"grossesses-precoces-en-cote-divoire-un-phenomene-preoccupant-a-lechelle-nationale","status":"publish","type":"post","link":"https:\/\/bobea.net\/index.php\/2024\/07\/10\/grossesses-precoces-en-cote-divoire-un-phenomene-preoccupant-a-lechelle-nationale\/","title":{"rendered":"Grossesses pr\u00e9coces en C\u00f4te d\u2019Ivoire : Un ph\u00e9nom\u00e8ne pr\u00e9occupant \u00e0 l\u2019\u00e9chelle nationale"},"content":{"rendered":"\n<p>La C\u00f4te d\u2019Ivoire fait face \u00e0 un d\u00e9fi de taille : l\u2019aug\u00admen\u00adta\u00adtion alar\u00admante des grossess\u00ades chez les jeunes \u00e9l\u00e8ves. Ce ph\u00e9nom\u00e8ne, qui touche par\u00adti\u00adc\u00aduli\u00e8re\u00adment les ado\u00adles\u00adcentes en milieu sco\u00adlaire, soul\u00e8ve de nom\u00adbreuses inqui\u00e9\u00adtudes quant \u00e0 l\u2019avenir de ces jeunes filles et \u00e0 l\u2019im\u00adpact sur la soci\u00e9t\u00e9 ivoiri\u00adenne dans son ensem\u00adble. Entre tra\u00addi\u00adtions, pres\u00adsions sociales et manque d\u2019\u00e9\u00add\u00adu\u00adca\u00adtion sex\u00aduelle, les caus\u00ades sont mul\u00adti\u00adples et com\u00adplex\u00ades. Notre enqu\u00eate se penche sur les orig\u00adines de ce ph\u00e9nom\u00e8ne, ses con\u00ads\u00e9quences, et explore les pistes de solu\u00adtions pour pro\u00adt\u00e9ger et accom\u00adpa\u00adg\u00adn\u00ader la jeunesse ivoiri\u00adenne.<\/p>\n\n\n\n<p>La pr\u00e9ven\u00adtion et l\u2019\u00e9\u00add\u00adu\u00adca\u00adtion comme pri\u00ador\u00adit\u00e9s<\/p>\n\n\n\n<ul class=\"wp-block-list\">\n<li>Ren\u00adforcer l\u2019\u00e9\u00add\u00adu\u00adca\u00adtion sex\u00aduelle dans les \u00e9coles<\/li>\n\n\n\n<li>Am\u00e9lior\u00ader l\u2019ac\u00adc\u00e8s aux ser\u00advices de san\u00adt\u00e9 repro\u00adduc\u00adtive pour les jeunes<\/li>\n\n\n\n<li>Sen\u00adsi\u00adbilis\u00ader les com\u00admu\u00adnaut\u00e9s sur l\u2019im\u00adpor\u00adtance de la sco\u00adlar\u00adi\u00adsa\u00adtion des filles<\/li>\n<\/ul>\n\n\n\n<p>Les fac\u00adteurs soci\u00adaux \u00e0 pren\u00addre en compte<\/p>\n\n\n\n<ul class=\"wp-block-list\">\n<li>Pau\u00advret\u00e9 et manque d\u2019op\u00adpor\u00adtu\u00adnit\u00e9s \u00e9conomiques<\/li>\n\n\n\n<li>Pres\u00adsion sociale et normes cul\u00adturelles<\/li>\n\n\n\n<li>Manque d\u2019in\u00adfor\u00adma\u00adtion et de ressources pour les jeunes<\/li>\n<\/ul>\n\n\n\n<p>Le r\u00f4le cru\u00adcial de la com\u00admu\u00adnaut\u00e9 et des familles<\/p>\n\n\n\n<ul class=\"wp-block-list\">\n<li>Impli\u00adquer les par\u00adents et les lead\u00aders com\u00admu\u00adnau\u00adtaires dans l\u2019\u00e9\u00add\u00adu\u00adca\u00adtion des jeunes<\/li>\n\n\n\n<li>Pro\u00admou\u00advoir le dia\u00adlogue interg\u00e9n\u00e9ra\u00adtionnel sur la san\u00adt\u00e9 sex\u00aduelle<\/li>\n\n\n\n<li>Soutenir les familles en dif\u00adfi\u00adcult\u00e9<\/li>\n<\/ul>\n\n\n\n<p>Vers une approche glob\u00adale et bien\u00adveil\u00adlante<\/p>\n\n\n\n<ul class=\"wp-block-list\">\n<li>Cr\u00e9er des envi\u00adron\u00adnements sco\u00adlaires s\u00fbrs et inclusifs<\/li>\n\n\n\n<li>Offrir un sou\u00adtien psy\u00adchoso\u00adcial aux jeunes filles<\/li>\n\n\n\n<li>D\u00e9velop\u00adper des pro\u00adgrammes de r\u00e9in\u00adser\u00adtion sco\u00adlaire pour les jeunes m\u00e8res<\/li>\n<\/ul>\n\n\n\n<p>En con\u00adclu\u00adsion, la lutte con\u00adtre les grossess\u00ades pr\u00e9\u00adco\u00adces n\u00e9ces\u00adsite une approche mul\u00adti\u00adsec\u00adto\u00adrielle, impli\u00adquant l\u2019\u00e9\u00add\u00adu\u00adca\u00adtion, la san\u00adt\u00e9 et le d\u00e9veloppe\u00adment social. Il est essen\u00adtiel de cr\u00e9er un envi\u00adron\u00adnement favor\u00adable o\u00f9 les jeunes, en par\u00adti\u00adc\u00aduli\u00ader les filles, peu\u00advent s\u2019\u00e9\u00adpanouir en toute s\u00e9cu\u00adrit\u00e9 et r\u00e9alis\u00ader leur plein poten\u00adtiel.<\/p>\n","protected":false},"excerpt":{"rendered":"<p>La C\u00f4te d\u2019Ivoire fait face \u00e0 un d\u00e9fi de taille : l\u2019aug\u00admen\u00adta\u00adtion alar\u00admante des grossess\u00ades chez les jeunes \u00e9l\u00e8ves. Ce ph\u00e9nom\u00e8ne, qui touche par\u00adti\u00adc\u00aduli\u00e8re\u00adment les ado\u00adles\u00adcentes en milieu sco\u00adlaire, soul\u00e8ve\u2026 <\/p>\n","protected":false},"author":1,"featured_media":3267,"comment_status":"open","ping_status":"open","sticky":false,"template":"","format":"standard","meta":{"wp_typography_post_enhancements_disabled":false,"footnotes":""},"categories":[73],"tags":[2621,2625,2620,2624,2626,500,2627,2622,2623,1545],"class_list":["post-3266","post","type-post","status-publish","format-standard","has-post-thumbnail","hentry","category-on-en-parle","tag-education-sexuelle","tag-environnements-scolaires-surs","tag-grossesses-precoces","tag-jeunes-eleves-ivoiriennes","tag-normes-culturelles","tag-pression-sociale","tag-reinsertion-scolaire-jeunes-meres","tag-sante-reproductive-des-jeunes","tag-scolarisation-des-filles","tag-soutien-familial"],"yoast_head":"<!-- This site is optimized with the Yoast SEO plugin v24.7 - https:\/\/yoast.com\/wordpress\/plugins\/seo\/ -->\n<title>Grossesses pr\u00e9coces en C\u00f4te d&#039;Ivoire : Un ph\u00e9nom\u00e8ne pr\u00e9occupant \u00e0 l&#039;\u00e9chelle nationale - Bobea<\/title>\n<meta name=\"description\" content=\"La C\u00f4te d&#039;Ivoire fait face \u00e0 un d\u00e9fi de taille : l&#039;augmentation alarmante des grossesses chez les jeunes \u00e9l\u00e8ves.\" \/>\n<meta name=\"robots\" content=\"index, follow, max-snippet:-1, max-image-preview:large, max-video-preview:-1\" \/>\n<link rel=\"canonical\" href=\"https:\/\/bobea.net\/index.php\/2024\/07\/10\/grossesses-precoces-en-cote-divoire-un-phenomene-preoccupant-a-lechelle-nationale\/\" \/>\n<meta property=\"og:locale\" content=\"fr_FR\" \/>\n<meta property=\"og:type\" content=\"article\" \/>\n<meta property=\"og:title\" content=\"Grossesses pr\u00e9coces en C\u00f4te d&#039;Ivoire : Un ph\u00e9nom\u00e8ne pr\u00e9occupant \u00e0 l&#039;\u00e9chelle nationale - Bobea\" \/>\n<meta property=\"og:description\" content=\"La C\u00f4te d&#039;Ivoire fait face \u00e0 un d\u00e9fi de taille : l&#039;augmentation alarmante des grossesses chez les jeunes \u00e9l\u00e8ves.\" \/>\n<meta property=\"og:url\" content=\"https:\/\/bobea.net\/index.php\/2024\/07\/10\/grossesses-precoces-en-cote-divoire-un-phenomene-preoccupant-a-lechelle-nationale\/\" \/>\n<meta property=\"og:site_name\" content=\"Bobea\" \/>\n<meta property=\"article:publisher\" content=\"https:\/\/web.facebook.com\/profile.php?id=61559252188416\" \/>\n<meta property=\"article:published_time\" content=\"2024-07-10T09:54:54+00:00\" \/>\n<meta property=\"article:modified_time\" content=\"2024-07-10T09:54:55+00:00\" \/>\n<meta property=\"og:image\" content=\"https:\/\/bobea.net\/wp-content\/uploads\/2024\/07\/R-21-1.jpeg\" \/>\n\t<meta property=\"og:image:width\" content=\"1503\" \/>\n\t<meta property=\"og:image:height\" content=\"1000\" \/>\n\t<meta property=\"og:image:type\" content=\"image\/jpeg\" \/>\n<meta name=\"author\" content=\"bobea.info\" \/>\n<meta name=\"twitter:card\" content=\"summary_large_image\" \/>\n<meta name=\"twitter:label1\" content=\"\u00c9crit par\" \/>\n\t<meta name=\"twitter:data1\" content=\"bobea.info\" \/>\n\t<meta name=\"twitter:label2\" content=\"Dur\u00e9e de lecture estim\u00e9e\" \/>\n\t<meta name=\"twitter:data2\" content=\"2 minutes\" \/>\n<script type=\"application\/ld+json\" class=\"yoast-schema-graph\">{\"@context\":\"https:\/\/schema.org\",\"@graph\":[{\"@type\":\"Article\",\"@id\":\"https:\/\/bobea.net\/index.php\/2024\/07\/10\/grossesses-precoces-en-cote-divoire-un-phenomene-preoccupant-a-lechelle-nationale\/#article\",\"isPartOf\":{\"@id\":\"https:\/\/bobea.net\/index.php\/2024\/07\/10\/grossesses-precoces-en-cote-divoire-un-phenomene-preoccupant-a-lechelle-nationale\/\"},\"author\":{\"name\":\"bobea.info\",\"@id\":\"https:\/\/bobea.net\/#\/schema\/person\/e7f45ef187918d7c956bf619dce90ccf\"},\"headline\":\"Grossesses pr\u00e9coces en C\u00f4te d\u2019Ivoire : Un ph\u00e9nom\u00e8ne pr\u00e9occupant \u00e0 l\u2019\u00e9chelle nationale\",\"datePublished\":\"2024-07-10T09:54:54+00:00\",\"dateModified\":\"2024-07-10T09:54:55+00:00\",\"mainEntityOfPage\":{\"@id\":\"https:\/\/bobea.net\/index.php\/2024\/07\/10\/grossesses-precoces-en-cote-divoire-un-phenomene-preoccupant-a-lechelle-nationale\/\"},\"wordCount\":314,\"commentCount\":4,\"publisher\":{\"@id\":\"https:\/\/bobea.net\/#organization\"},\"image\":{\"@id\":\"https:\/\/bobea.net\/index.php\/2024\/07\/10\/grossesses-precoces-en-cote-divoire-un-phenomene-preoccupant-a-lechelle-nationale\/#primaryimage\"},\"thumbnailUrl\":\"https:\/\/bobea.net\/wp-content\/uploads\/2024\/07\/R-21-1.jpeg\",\"keywords\":[\"\u00e9ducation sexuelle\",\"environnements scolaires s\u00fbrs\",\"grossesses pr\u00e9coces\",\"jeunes \u00e9l\u00e8ves ivoiriennes\",\"normes culturelles\",\"pression sociale\",\"r\u00e9insertion scolaire jeunes m\u00e8res\",\"sant\u00e9 reproductive des jeunes\",\"scolarisation des filles\",\"soutien familial\"],\"articleSection\":[\"On en Parle\"],\"inLanguage\":\"fr-FR\",\"potentialAction\":[{\"@type\":\"CommentAction\",\"name\":\"Comment\",\"target\":[\"https:\/\/bobea.net\/index.php\/2024\/07\/10\/grossesses-precoces-en-cote-divoire-un-phenomene-preoccupant-a-lechelle-nationale\/#respond\"]}]},{\"@type\":\"WebPage\",\"@id\":\"https:\/\/bobea.net\/index.php\/2024\/07\/10\/grossesses-precoces-en-cote-divoire-un-phenomene-preoccupant-a-lechelle-nationale\/\",\"url\":\"https:\/\/bobea.net\/index.php\/2024\/07\/10\/grossesses-precoces-en-cote-divoire-un-phenomene-preoccupant-a-lechelle-nationale\/\",\"name\":\"Grossesses pr\u00e9coces en C\u00f4te d'Ivoire : Un ph\u00e9nom\u00e8ne pr\u00e9occupant \u00e0 l'\u00e9chelle nationale - Bobea\",\"isPartOf\":{\"@id\":\"https:\/\/bobea.net\/#website\"},\"primaryImageOfPage\":{\"@id\":\"https:\/\/bobea.net\/index.php\/2024\/07\/10\/grossesses-precoces-en-cote-divoire-un-phenomene-preoccupant-a-lechelle-nationale\/#primaryimage\"},\"image\":{\"@id\":\"https:\/\/bobea.net\/index.php\/2024\/07\/10\/grossesses-precoces-en-cote-divoire-un-phenomene-preoccupant-a-lechelle-nationale\/#primaryimage\"},\"thumbnailUrl\":\"https:\/\/bobea.net\/wp-content\/uploads\/2024\/07\/R-21-1.jpeg\",\"datePublished\":\"2024-07-10T09:54:54+00:00\",\"dateModified\":\"2024-07-10T09:54:55+00:00\",\"description\":\"La C\u00f4te d'Ivoire fait face \u00e0 un d\u00e9fi de taille : l'augmentation alarmante des grossesses chez les jeunes \u00e9l\u00e8ves.\",\"breadcrumb\":{\"@id\":\"https:\/\/bobea.net\/index.php\/2024\/07\/10\/grossesses-precoces-en-cote-divoire-un-phenomene-preoccupant-a-lechelle-nationale\/#breadcrumb\"},\"inLanguage\":\"fr-FR\",\"potentialAction\":[{\"@type\":\"ReadAction\",\"target\":[\"https:\/\/bobea.net\/index.php\/2024\/07\/10\/grossesses-precoces-en-cote-divoire-un-phenomene-preoccupant-a-lechelle-nationale\/\"]}]},{\"@type\":\"ImageObject\",\"inLanguage\":\"fr-FR\",\"@id\":\"https:\/\/bobea.net\/index.php\/2024\/07\/10\/grossesses-precoces-en-cote-divoire-un-phenomene-preoccupant-a-lechelle-nationale\/#primaryimage\",\"url\":\"https:\/\/bobea.net\/wp-content\/uploads\/2024\/07\/R-21-1.jpeg\",\"contentUrl\":\"https:\/\/bobea.net\/wp-content\/uploads\/2024\/07\/R-21-1.jpeg\",\"width\":1503,\"height\":1000,\"caption\":\"Grossesses pr\u00e9coces en C\u00f4te d'Ivoire : Un ph\u00e9nom\u00e8ne pr\u00e9occupant \u00e0 l'\u00e9chelle nationale\"},{\"@type\":\"BreadcrumbList\",\"@id\":\"https:\/\/bobea.net\/index.php\/2024\/07\/10\/grossesses-precoces-en-cote-divoire-un-phenomene-preoccupant-a-lechelle-nationale\/#breadcrumb\",\"itemListElement\":[{\"@type\":\"ListItem\",\"position\":1,\"name\":\"Accueil\",\"item\":\"https:\/\/bobea.net\/\"},{\"@type\":\"ListItem\",\"position\":2,\"name\":\"Grossesses pr\u00e9coces en C\u00f4te d&rsquo;Ivoire : Un ph\u00e9nom\u00e8ne pr\u00e9occupant \u00e0 l&rsquo;\u00e9chelle nationale\"}]},{\"@type\":\"WebSite\",\"@id\":\"https:\/\/bobea.net\/#website\",\"url\":\"https:\/\/bobea.net\/\",\"name\":\"Bobea\",\"description\":\"Le magazine de la nouvelle \u00c8ve\",\"publisher\":{\"@id\":\"https:\/\/bobea.net\/#organization\"},\"potentialAction\":[{\"@type\":\"SearchAction\",\"target\":{\"@type\":\"EntryPoint\",\"urlTemplate\":\"https:\/\/bobea.net\/?s={search_term_string}\"},\"query-input\":{\"@type\":\"PropertyValueSpecification\",\"valueRequired\":true,\"valueName\":\"search_term_string\"}}],\"inLanguage\":\"fr-FR\"},{\"@type\":\"Organization\",\"@id\":\"https:\/\/bobea.net\/#organization\",\"name\":\"Bobea\",\"url\":\"https:\/\/bobea.net\/\",\"logo\":{\"@type\":\"ImageObject\",\"inLanguage\":\"fr-FR\",\"@id\":\"https:\/\/bobea.net\/#\/schema\/logo\/image\/\",\"url\":\"https:\/\/bobea.net\/wp-content\/uploads\/2024\/06\/bobea.jpg\",\"contentUrl\":\"https:\/\/bobea.net\/wp-content\/uploads\/2024\/06\/bobea.jpg\",\"width\":1080,\"height\":1080,\"caption\":\"Bobea\"},\"image\":{\"@id\":\"https:\/\/bobea.net\/#\/schema\/logo\/image\/\"},\"sameAs\":[\"https:\/\/web.facebook.com\/profile.php?id=61559252188416\"]},{\"@type\":\"Person\",\"@id\":\"https:\/\/bobea.net\/#\/schema\/person\/e7f45ef187918d7c956bf619dce90ccf\",\"name\":\"bobea.info\",\"image\":{\"@type\":\"ImageObject\",\"inLanguage\":\"fr-FR\",\"@id\":\"https:\/\/bobea.net\/#\/schema\/person\/image\/\",\"url\":\"https:\/\/secure.gravatar.com\/avatar\/36147980349df887ae30808df3e29474?s=96&d=mm&r=g\",\"contentUrl\":\"https:\/\/secure.gravatar.com\/avatar\/36147980349df887ae30808df3e29474?s=96&d=mm&r=g\",\"caption\":\"bobea.info\"},\"sameAs\":[\"https:\/\/bobea.net\"],\"url\":\"https:\/\/bobea.net\/index.php\/author\/bobea-info\/\"}]}<\/script>\n<!-- \/ Yoast SEO plugin. -->","yoast_head_json":{"title":"Grossesses pr\u00e9coces en C\u00f4te d'Ivoire : Un ph\u00e9nom\u00e8ne pr\u00e9occupant \u00e0 l'\u00e9chelle nationale - Bobea","description":"La C\u00f4te d'Ivoire fait face \u00e0 un d\u00e9fi de taille : l'augmentation alarmante des grossesses chez les jeunes \u00e9l\u00e8ves.","robots":{"index":"index","follow":"follow","max-snippet":"max-snippet:-1","max-image-preview":"max-image-preview:large","max-video-preview":"max-video-preview:-1"},"canonical":"https:\/\/bobea.net\/index.php\/2024\/07\/10\/grossesses-precoces-en-cote-divoire-un-phenomene-preoccupant-a-lechelle-nationale\/","og_locale":"fr_FR","og_type":"article","og_title":"Grossesses pr\u00e9coces en C\u00f4te d'Ivoire : Un ph\u00e9nom\u00e8ne pr\u00e9occupant \u00e0 l'\u00e9chelle nationale - Bobea","og_description":"La C\u00f4te d'Ivoire fait face \u00e0 un d\u00e9fi de taille : l'augmentation alarmante des grossesses chez les jeunes \u00e9l\u00e8ves.","og_url":"https:\/\/bobea.net\/index.php\/2024\/07\/10\/grossesses-precoces-en-cote-divoire-un-phenomene-preoccupant-a-lechelle-nationale\/","og_site_name":"Bobea","article_publisher":"https:\/\/web.facebook.com\/profile.php?id=61559252188416","article_published_time":"2024-07-10T09:54:54+00:00","article_modified_time":"2024-07-10T09:54:55+00:00","og_image":[{"width":1503,"height":1000,"url":"https:\/\/bobea.net\/wp-content\/uploads\/2024\/07\/R-21-1.jpeg","type":"image\/jpeg"}],"author":"bobea.info","twitter_card":"summary_large_image","twitter_misc":{"\u00c9crit par":"bobea.info","Dur\u00e9e de lecture estim\u00e9e":"2 minutes"},"schema":{"@context":"https:\/\/schema.org","@graph":[{"@type":"Article","@id":"https:\/\/bobea.net\/index.php\/2024\/07\/10\/grossesses-precoces-en-cote-divoire-un-phenomene-preoccupant-a-lechelle-nationale\/#article","isPartOf":{"@id":"https:\/\/bobea.net\/index.php\/2024\/07\/10\/grossesses-precoces-en-cote-divoire-un-phenomene-preoccupant-a-lechelle-nationale\/"},"author":{"name":"bobea.info","@id":"https:\/\/bobea.net\/#\/schema\/person\/e7f45ef187918d7c956bf619dce90ccf"},"headline":"Grossesses pr\u00e9coces en C\u00f4te d\u2019Ivoire : Un ph\u00e9nom\u00e8ne pr\u00e9occupant \u00e0 l\u2019\u00e9chelle nationale","datePublished":"2024-07-10T09:54:54+00:00","dateModified":"2024-07-10T09:54:55+00:00","mainEntityOfPage":{"@id":"https:\/\/bobea.net\/index.php\/2024\/07\/10\/grossesses-precoces-en-cote-divoire-un-phenomene-preoccupant-a-lechelle-nationale\/"},"wordCount":314,"commentCount":4,"publisher":{"@id":"https:\/\/bobea.net\/#organization"},"image":{"@id":"https:\/\/bobea.net\/index.php\/2024\/07\/10\/grossesses-precoces-en-cote-divoire-un-phenomene-preoccupant-a-lechelle-nationale\/#primaryimage"},"thumbnailUrl":"https:\/\/bobea.net\/wp-content\/uploads\/2024\/07\/R-21-1.jpeg","keywords":["\u00e9ducation sexuelle","environnements scolaires s\u00fbrs","grossesses pr\u00e9coces","jeunes \u00e9l\u00e8ves ivoiriennes","normes culturelles","pression sociale","r\u00e9insertion scolaire jeunes m\u00e8res","sant\u00e9 reproductive des jeunes","scolarisation des filles","soutien familial"],"articleSection":["On en Parle"],"inLanguage":"fr-FR","potentialAction":[{"@type":"CommentAction","name":"Comment","target":["https:\/\/bobea.net\/index.php\/2024\/07\/10\/grossesses-precoces-en-cote-divoire-un-phenomene-preoccupant-a-lechelle-nationale\/#respond"]}]},{"@type":"WebPage","@id":"https:\/\/bobea.net\/index.php\/2024\/07\/10\/grossesses-precoces-en-cote-divoire-un-phenomene-preoccupant-a-lechelle-nationale\/","url":"https:\/\/bobea.net\/index.php\/2024\/07\/10\/grossesses-precoces-en-cote-divoire-un-phenomene-preoccupant-a-lechelle-nationale\/","name":"Grossesses pr\u00e9coces en C\u00f4te d'Ivoire : Un ph\u00e9nom\u00e8ne pr\u00e9occupant \u00e0 l'\u00e9chelle nationale - Bobea","isPartOf":{"@id":"https:\/\/bobea.net\/#website"},"primaryImageOfPage":{"@id":"https:\/\/bobea.net\/index.php\/2024\/07\/10\/grossesses-precoces-en-cote-divoire-un-phenomene-preoccupant-a-lechelle-nationale\/#primaryimage"},"image":{"@id":"https:\/\/bobea.net\/index.php\/2024\/07\/10\/grossesses-precoces-en-cote-divoire-un-phenomene-preoccupant-a-lechelle-nationale\/#primaryimage"},"thumbnailUrl":"https:\/\/bobea.net\/wp-content\/uploads\/2024\/07\/R-21-1.jpeg","datePublished":"2024-07-10T09:54:54+00:00","dateModified":"2024-07-10T09:54:55+00:00","description":"La C\u00f4te d'Ivoire fait face \u00e0 un d\u00e9fi de taille : l'augmentation alarmante des grossesses chez les jeunes \u00e9l\u00e8ves.","breadcrumb":{"@id":"https:\/\/bobea.net\/index.php\/2024\/07\/10\/grossesses-precoces-en-cote-divoire-un-phenomene-preoccupant-a-lechelle-nationale\/#breadcrumb"},"inLanguage":"fr-FR","potentialAction":[{"@type":"ReadAction","target":["https:\/\/bobea.net\/index.php\/2024\/07\/10\/grossesses-precoces-en-cote-divoire-un-phenomene-preoccupant-a-lechelle-nationale\/"]}]},{"@type":"ImageObject","inLanguage":"fr-FR","@id":"https:\/\/bobea.net\/index.php\/2024\/07\/10\/grossesses-precoces-en-cote-divoire-un-phenomene-preoccupant-a-lechelle-nationale\/#primaryimage","url":"https:\/\/bobea.net\/wp-content\/uploads\/2024\/07\/R-21-1.jpeg","contentUrl":"https:\/\/bobea.net\/wp-content\/uploads\/2024\/07\/R-21-1.jpeg","width":1503,"height":1000,"caption":"Grossesses pr\u00e9coces en C\u00f4te d'Ivoire : Un ph\u00e9nom\u00e8ne pr\u00e9occupant \u00e0 l'\u00e9chelle nationale"},{"@type":"BreadcrumbList","@id":"https:\/\/bobea.net\/index.php\/2024\/07\/10\/grossesses-precoces-en-cote-divoire-un-phenomene-preoccupant-a-lechelle-nationale\/#breadcrumb","itemListElement":[{"@type":"ListItem","position":1,"name":"Accueil","item":"https:\/\/bobea.net\/"},{"@type":"ListItem","position":2,"name":"Grossesses pr\u00e9coces en C\u00f4te d&rsquo;Ivoire : Un ph\u00e9nom\u00e8ne pr\u00e9occupant \u00e0 l&rsquo;\u00e9chelle nationale"}]},{"@type":"WebSite","@id":"https:\/\/bobea.net\/#website","url":"https:\/\/bobea.net\/","name":"Bobea","description":"Le magazine de la nouvelle \u00c8ve","publisher":{"@id":"https:\/\/bobea.net\/#organization"},"potentialAction":[{"@type":"SearchAction","target":{"@type":"EntryPoint","urlTemplate":"https:\/\/bobea.net\/?s={search_term_string}"},"query-input":{"@type":"PropertyValueSpecification","valueRequired":true,"valueName":"search_term_string"}}],"inLanguage":"fr-FR"},{"@type":"Organization","@id":"https:\/\/bobea.net\/#organization","name":"Bobea","url":"https:\/\/bobea.net\/","logo":{"@type":"ImageObject","inLanguage":"fr-FR","@id":"https:\/\/bobea.net\/#\/schema\/logo\/image\/","url":"https:\/\/bobea.net\/wp-content\/uploads\/2024\/06\/bobea.jpg","contentUrl":"https:\/\/bobea.net\/wp-content\/uploads\/2024\/06\/bobea.jpg","width":1080,"height":1080,"caption":"Bobea"},"image":{"@id":"https:\/\/bobea.net\/#\/schema\/logo\/image\/"},"sameAs":["https:\/\/web.facebook.com\/profile.php?id=61559252188416"]},{"@type":"Person","@id":"https:\/\/bobea.net\/#\/schema\/person\/e7f45ef187918d7c956bf619dce90ccf","name":"bobea.info","image":{"@type":"ImageObject","inLanguage":"fr-FR","@id":"https:\/\/bobea.net\/#\/schema\/person\/image\/","url":"https:\/\/secure.gravatar.com\/avatar\/36147980349df887ae30808df3e29474?s=96&d=mm&r=g","contentUrl":"https:\/\/secure.gravatar.com\/avatar\/36147980349df887ae30808df3e29474?s=96&d=mm&r=g","caption":"bobea.info"},"sameAs":["https:\/\/bobea.net"],"url":"https:\/\/bobea.net\/index.php\/author\/bobea-info\/"}]}},"_links":{"self":[{"href":"https:\/\/bobea.net\/index.php\/wp-json\/wp\/v2\/posts\/3266"}],"collection":[{"href":"https:\/\/bobea.net\/index.php\/wp-json\/wp\/v2\/posts"}],"about":[{"href":"https:\/\/bobea.net\/index.php\/wp-json\/wp\/v2\/types\/post"}],"author":[{"embeddable":true,"href":"https:\/\/bobea.net\/index.php\/wp-json\/wp\/v2\/users\/1"}],"replies":[{"embeddable":true,"href":"https:\/\/bobea.net\/index.php\/wp-json\/wp\/v2\/comments?post=3266"}],"version-history":[{"count":0,"href":"https:\/\/bobea.net\/index.php\/wp-json\/wp\/v2\/posts\/3266\/revisions"}],"wp:featuredmedia":[{"embeddable":true,"href":"https:\/\/bobea.net\/index.php\/wp-json\/wp\/v2\/media\/3267"}],"wp:attachment":[{"href":"https:\/\/bobea.net\/index.php\/wp-json\/wp\/v2\/media?parent=3266"}],"wp:term":[{"taxonomy":"category","embeddable":true,"href":"https:\/\/bobea.net\/index.php\/wp-json\/wp\/v2\/categories?post=3266"},{"taxonomy":"post_tag","embeddable":true,"href":"https:\/\/bobea.net\/index.php\/wp-json\/wp\/v2\/tags?post=3266"}],"curies":[{"name":"wp","href":"https:\/\/api.w.org\/{rel}","templated":true}]}}