{"id":31830,"date":"2026-04-26T07:40:25","date_gmt":"2026-04-26T07:40:25","guid":{"rendered":"https:\/\/bobea.net\/?p=31830"},"modified":"2026-04-26T07:40:28","modified_gmt":"2026-04-26T07:40:28","slug":"le-jour-ou-mon-passe-sest-invite-a-lautel-mon-ex-etait-la-et-mon-coeur-a-vacille","status":"publish","type":"post","link":"https:\/\/bobea.net\/index.php\/2026\/04\/26\/le-jour-ou-mon-passe-sest-invite-a-lautel-mon-ex-etait-la-et-mon-coeur-a-vacille\/","title":{"rendered":"LE JOUR O\u00d9 MON PASS\u00c9 S\u2019EST INVIT\u00c9 \u00c0 L\u2019AUTEL : \u201cMON EX \u00c9TAIT L\u00c0, ET MON C\u0152UR A VACILL\u00c9\u201d"},"content":{"rendered":"\n<p> <\/p>\n\n\n\n<p>Le same\u00addi 25 avril 2026 devait \u00eatre le point final d\u2019une qu\u00eate de bon\u00adheur entam\u00e9e trois ans plus t\u00f4t. Pour Clara, 32 ans, tout \u00e9tait orchestr\u00e9 selon les codes du con\u00adte de f\u00e9es mod\u00aderne : une chapelle nich\u00e9e au c\u0153ur du Luberon, le par\u00adfum ent\u00ea\u00adtant des pivoines blanch\u00ades, et Marc, l\u2019homme id\u00e9al, l\u2019homme de la sta\u00adbil\u00adit\u00e9, qui l\u2019at\u00adtendait devant l\u2019au\u00adtel. Mais le des\u00adtin, ce romanci\u00ader cru\u00adel, avait d\u00e9cid\u00e9 d\u2019\u00e9crire un chapitre sup\u00adpl\u00e9\u00admen\u00adtaire que per\u00adson\u00adne n\u2019avait vu venir.<\/p>\n\n\n\n<p><strong>L\u2019Ombre dans la Lumi\u00e8re<\/strong><\/p>\n\n\n\n<p>C\u2019est au moment de la marche nup\u00adtiale, alors que les pre\u00admi\u00e8res notes de piano s\u2019\u00e9levaient sous la vo\u00fbte de pierre, que le monde de Clara s\u2019est fis\u00adsur\u00e9. En remon\u00adtant l\u2019all\u00e9e, son regard a bal\u00aday\u00e9 les vis\u00adages \u00e9mus de ses proches. Et l\u00e0, au troisi\u00e8me rang, c\u00f4t\u00e9 famille (invit\u00e9 par une cou\u00adsine \u00e9loign\u00e9e qui igno\u00adrait tout de leur pass\u00e9 d\u00e9vas\u00adta\u00adteur), il \u00e9tait l\u00e0. <strong>Julien.<\/strong><\/p>\n\n\n\n<p>L\u2019homme des exc\u00e8s, l\u2019homme des nuits blanch\u00ades \u00e0 Paris, celui qui avait bris\u00e9 son c\u0153ur cinq ans plus t\u00f4t avant de dis\u00adpara\u00eetre sans laiss\u00ader d\u2019adresse. Julien, avec son regard som\u00adbre et ce demi-sourire qui, autre\u00adfois, suff\u00adi\u00adsait \u00e0 lui faire oubli\u00ader le reste de l\u2019univers.<\/p>\n\n\n\n<p><strong>Un Silence de Plomb sous les Fleurs d\u2019O\u00adr\u00adanger<\/strong><\/p>\n\n\n\n<p>\u201c\u00c0 cet instant pr\u00e9\u00adcis, je n\u2019en\u00adtendais plus la musique. Je n\u2019en\u00adtendais plus que les bat\u00adte\u00adments sourds de mon pro\u00adpre c\u0153ur dans mes tem\u00adpes\u201d, nous con\u00adfie Clara, encore boulever\u00ads\u00e9e. \u201cMarc me souri\u00adait, ses yeux bril\u00adlaient de larmes de joie, mais moi, j\u2019\u00e9\u00adtais pro\u00adjet\u00e9e cinq ans en arri\u00e8re. J\u2019avais l\u2019im\u00adpres\u00adsion d\u2019\u00eatre une impos\u00adture sous ma robe de den\u00adtelle.\u201d<\/p>\n\n\n\n<p>La c\u00e9r\u00e9\u00admonie s\u2019est pour\u00adsuiv\u00adie comme dans un r\u00eave brumeux. Les con\u00adsen\u00adte\u00adments, l\u2019\u00e9change des alliances, le bais\u00ader rit\u00aduel\u2026 Chaque \u00e9tape sem\u00adblait peser une tonne. Pen\u00addant tout le tra\u00adjet jusqu\u2019au domaine pour la r\u00e9cep\u00adtion, une seule ques\u00adtion br\u00fblait les l\u00e8vres de la jeune mar\u00adi\u00e9e : <em>Pourquoi est-il venu ?<\/em><\/p>\n\n\n\n<figure class=\"wp-block-image size-full is-resized\"><img loading=\"lazy\" decoding=\"async\" width=\"750\" height=\"410\" src=\"https:\/\/bobea.net\/wp-content\/uploads\/2026\/04\/beatriz-perez-moya-m2t1j-6fn8w-unsplash-750x410-1.webp\" alt class=\"wp-image-31832\" style=\"width:840px;height:auto\" srcset=\"https:\/\/bobea.net\/wp-content\/uploads\/2026\/04\/beatriz-perez-moya-m2t1j-6fn8w-unsplash-750x410-1.webp 750w, https:\/\/bobea.net\/wp-content\/uploads\/2026\/04\/beatriz-perez-moya-m2t1j-6fn8w-unsplash-750x410-1-300x164.webp 300w\" sizes=\"(max-width: 750px) 100vw, 750px\"><\/figure>\n\n\n\n<p><strong>Le Face-\u00e0-face au Clair de Lune<\/strong><\/p>\n\n\n\n<p>Le drame a atteint son parox\u00adysme lors du cock\u00adtail. Alors que les invit\u00e9s trin\u00adquaient au bon\u00adheur des nou\u00adveaux \u00e9poux, Julien s\u2019est approch\u00e9. Pas d\u2019esclan\u00addre, pas de sc\u00e8ne de film hol\u00adly\u00adwoo\u00add\u00adi\u00aden. Juste un mur\u00admure \u00e0 l\u2019or\u00adeille de Clara, alors qu\u2019elle s\u2019\u00e9\u00adtait isol\u00e9e un instant pr\u00e8s de la fontaine : <em>\u201cTu es mag\u00adnifique. Je voulais juste voir si tu \u00e9tais vrai\u00adment heureuse.\u201d<\/em><\/p>\n\n\n\n<p>Cette phrase, lourde de regrets et de non-dits, a agi comme un \u00e9lec\u00adtro\u00adchoc. Clara a d\u00fb faire face \u00e0 la r\u00e9al\u00adit\u00e9 bru\u00adtale : on ne gu\u00e9rit jamais vrai\u00adment d\u2019un pre\u00admier grand amour, on apprend seule\u00adment \u00e0 vivre avec son fan\u00adt\u00f4me.<\/p>\n\n\n\n<p><strong>Le Plus Beau Jour de ma Vie\u2026 ou le Plus Trou\u00adblant ?<\/strong><\/p>\n\n\n\n<p>Le reste de la soir\u00e9e fut un tour\u00adbil\u00adlon d\u2019\u00e9\u00admo\u00adtions con\u00adtra\u00addic\u00adtoires. Clara a dan\u00ads\u00e9 avec Marc, a ri avec ses amies, mais son regard cher\u00adchait sans cesse cette sil\u00adhou\u00adette famil\u00adi\u00e8re dans la foule, jusqu\u2019\u00e0 ce que Julien s\u2019\u00e9\u00adclipse dis\u00adcr\u00e8te\u00adment, lais\u00adsant der\u00adri\u00e8re lui une mar\u00adi\u00e9e en proie au doute.<\/p>\n\n\n\n<p>\u201cMarc est l\u2019homme de ma vie, celui avec qui je veux con\u00adstru\u00adire mon futur. Mais la pr\u00e9sence de Julien m\u2019a rap\u00adpel\u00e9 que le pass\u00e9 ne meurt jamais tout \u00e0 fait,\u201d con\u00adclut Clara. Ce t\u00e9moignage poignant soul\u00e8ve une ques\u00adtion uni\u00adverselle : peut-on vrai\u00adment clore le livre de son pass\u00e9 le jour o\u00f9 l\u2019on s\u2019en\u00adgage pour l\u2019\u00e9\u00adter\u00adnit\u00e9 ?<\/p>\n\n\n\n<p>Pour Clara, ce mariage restera \u00e0 jamais grav\u00e9 comme le jour o\u00f9 elle a d\u00fb dire adieu, non pas \u00e0 une per\u00adson\u00adne, mais \u00e0 la jeune femme pas\u00adsion\u00adn\u00e9e et bless\u00e9e qu\u2019elle \u00e9tait autre\u00adfois. Une le\u00e7on de vie douce-am\u00e8re qui prou\u00adve que m\u00eame sous le voile blanc, le c\u0153ur a ses pro\u00adpres secrets.<\/p>\n\n\n\n<p><strong>BOBEA WEEKEND<\/strong> \u2013 <em>Parce que chaque vie est un roman.<\/em><\/p>\n","protected":false},"excerpt":{"rendered":"<p>Le same\u00addi 25 avril 2026 devait \u00eatre le point final d\u2019une qu\u00eate de bon\u00adheur entam\u00e9e trois ans plus t\u00f4t. Pour Clara, 32 ans, tout \u00e9tait orchestr\u00e9 selon les codes du\u2026 <\/p>\n","protected":false},"author":1,"featured_media":31831,"comment_status":"open","ping_status":"closed","sticky":false,"template":"","format":"standard","meta":{"wp_typography_post_enhancements_disabled":false,"footnotes":""},"categories":[59],"tags":[22930,22928,13192,22929,6598],"class_list":["post-31830","post","type-post","status-publish","format-standard","has-post-thumbnail","hentry","category-annonces","tag-choc-emotionnel","tag-ex-au-mariage","tag-histoire-vraie","tag-romance-dramatique","tag-temoignage-mariage"],"yoast_head":"<!-- This site is optimized with the Yoast SEO plugin v24.7 - https:\/\/yoast.com\/wordpress\/plugins\/seo\/ -->\n<title>LE JOUR O\u00d9 MON PASS\u00c9 S\u2019EST INVIT\u00c9 \u00c0 L\u2019AUTEL : &quot;MON EX \u00c9TAIT L\u00c0, ET MON C\u0152UR A VACILL\u00c9&quot; - Bobea<\/title>\n<meta name=\"robots\" content=\"index, follow, max-snippet:-1, max-image-preview:large, max-video-preview:-1\" \/>\n<link rel=\"canonical\" href=\"https:\/\/bobea.net\/index.php\/2026\/04\/26\/le-jour-ou-mon-passe-sest-invite-a-lautel-mon-ex-etait-la-et-mon-coeur-a-vacille\/\" \/>\n<meta property=\"og:locale\" content=\"fr_FR\" \/>\n<meta property=\"og:type\" content=\"article\" \/>\n<meta property=\"og:title\" content=\"LE JOUR O\u00d9 MON PASS\u00c9 S\u2019EST INVIT\u00c9 \u00c0 L\u2019AUTEL : &quot;MON EX \u00c9TAIT L\u00c0, ET MON C\u0152UR A VACILL\u00c9&quot; - Bobea\" \/>\n<meta property=\"og:description\" content=\"Le same\u00addi 25 avril 2026 devait \u00eatre le point final d\u2019une qu\u00eate de bon\u00adheur entam\u00e9e trois ans plus t\u00f4t. Pour Clara, 32 ans, tout \u00e9tait orchestr\u00e9 selon les codes du&hellip;\" \/>\n<meta property=\"og:url\" content=\"https:\/\/bobea.net\/index.php\/2026\/04\/26\/le-jour-ou-mon-passe-sest-invite-a-lautel-mon-ex-etait-la-et-mon-coeur-a-vacille\/\" \/>\n<meta property=\"og:site_name\" content=\"Bobea\" \/>\n<meta property=\"article:publisher\" content=\"https:\/\/web.facebook.com\/profile.php?id=61559252188416\" \/>\n<meta property=\"article:published_time\" content=\"2026-04-26T07:40:25+00:00\" \/>\n<meta property=\"article:modified_time\" content=\"2026-04-26T07:40:28+00:00\" \/>\n<meta property=\"og:image\" content=\"https:\/\/bobea.net\/wp-content\/uploads\/2026\/04\/cathedrale-de-creteil-autel.jpg\" \/>\n\t<meta property=\"og:image:width\" content=\"700\" \/>\n\t<meta property=\"og:image:height\" content=\"466\" \/>\n\t<meta property=\"og:image:type\" content=\"image\/jpeg\" \/>\n<meta name=\"author\" content=\"bobea.info\" \/>\n<meta name=\"twitter:card\" content=\"summary_large_image\" \/>\n<meta name=\"twitter:label1\" content=\"\u00c9crit par\" \/>\n\t<meta name=\"twitter:data1\" content=\"bobea.info\" \/>\n\t<meta name=\"twitter:label2\" content=\"Dur\u00e9e de lecture estim\u00e9e\" \/>\n\t<meta name=\"twitter:data2\" content=\"4 minutes\" \/>\n<script type=\"application\/ld+json\" class=\"yoast-schema-graph\">{\"@context\":\"https:\/\/schema.org\",\"@graph\":[{\"@type\":\"Article\",\"@id\":\"https:\/\/bobea.net\/index.php\/2026\/04\/26\/le-jour-ou-mon-passe-sest-invite-a-lautel-mon-ex-etait-la-et-mon-coeur-a-vacille\/#article\",\"isPartOf\":{\"@id\":\"https:\/\/bobea.net\/index.php\/2026\/04\/26\/le-jour-ou-mon-passe-sest-invite-a-lautel-mon-ex-etait-la-et-mon-coeur-a-vacille\/\"},\"author\":{\"name\":\"bobea.info\",\"@id\":\"https:\/\/bobea.net\/#\/schema\/person\/e7f45ef187918d7c956bf619dce90ccf\"},\"headline\":\"LE JOUR O\u00d9 MON PASS\u00c9 S\u2019EST INVIT\u00c9 \u00c0 L\u2019AUTEL : \u201cMON EX \u00c9TAIT L\u00c0, ET MON C\u0152UR A VACILL\u00c9\u201d\",\"datePublished\":\"2026-04-26T07:40:25+00:00\",\"dateModified\":\"2026-04-26T07:40:28+00:00\",\"mainEntityOfPage\":{\"@id\":\"https:\/\/bobea.net\/index.php\/2026\/04\/26\/le-jour-ou-mon-passe-sest-invite-a-lautel-mon-ex-etait-la-et-mon-coeur-a-vacille\/\"},\"wordCount\":676,\"commentCount\":0,\"publisher\":{\"@id\":\"https:\/\/bobea.net\/#organization\"},\"image\":{\"@id\":\"https:\/\/bobea.net\/index.php\/2026\/04\/26\/le-jour-ou-mon-passe-sest-invite-a-lautel-mon-ex-etait-la-et-mon-coeur-a-vacille\/#primaryimage\"},\"thumbnailUrl\":\"https:\/\/bobea.net\/wp-content\/uploads\/2026\/04\/cathedrale-de-creteil-autel.jpg\",\"keywords\":[\"Choc \u00e9motionnel.\",\"Ex au mariage\",\"histoire vraie\",\"Romance dramatique\",\"t\u00e9moignage mariage\"],\"articleSection\":[\"Annonces\"],\"inLanguage\":\"fr-FR\",\"potentialAction\":[{\"@type\":\"CommentAction\",\"name\":\"Comment\",\"target\":[\"https:\/\/bobea.net\/index.php\/2026\/04\/26\/le-jour-ou-mon-passe-sest-invite-a-lautel-mon-ex-etait-la-et-mon-coeur-a-vacille\/#respond\"]}]},{\"@type\":\"WebPage\",\"@id\":\"https:\/\/bobea.net\/index.php\/2026\/04\/26\/le-jour-ou-mon-passe-sest-invite-a-lautel-mon-ex-etait-la-et-mon-coeur-a-vacille\/\",\"url\":\"https:\/\/bobea.net\/index.php\/2026\/04\/26\/le-jour-ou-mon-passe-sest-invite-a-lautel-mon-ex-etait-la-et-mon-coeur-a-vacille\/\",\"name\":\"LE JOUR O\u00d9 MON PASS\u00c9 S\u2019EST INVIT\u00c9 \u00c0 L\u2019AUTEL : \\\"MON EX \u00c9TAIT L\u00c0, ET MON C\u0152UR A VACILL\u00c9\\\" - Bobea\",\"isPartOf\":{\"@id\":\"https:\/\/bobea.net\/#website\"},\"primaryImageOfPage\":{\"@id\":\"https:\/\/bobea.net\/index.php\/2026\/04\/26\/le-jour-ou-mon-passe-sest-invite-a-lautel-mon-ex-etait-la-et-mon-coeur-a-vacille\/#primaryimage\"},\"image\":{\"@id\":\"https:\/\/bobea.net\/index.php\/2026\/04\/26\/le-jour-ou-mon-passe-sest-invite-a-lautel-mon-ex-etait-la-et-mon-coeur-a-vacille\/#primaryimage\"},\"thumbnailUrl\":\"https:\/\/bobea.net\/wp-content\/uploads\/2026\/04\/cathedrale-de-creteil-autel.jpg\",\"datePublished\":\"2026-04-26T07:40:25+00:00\",\"dateModified\":\"2026-04-26T07:40:28+00:00\",\"breadcrumb\":{\"@id\":\"https:\/\/bobea.net\/index.php\/2026\/04\/26\/le-jour-ou-mon-passe-sest-invite-a-lautel-mon-ex-etait-la-et-mon-coeur-a-vacille\/#breadcrumb\"},\"inLanguage\":\"fr-FR\",\"potentialAction\":[{\"@type\":\"ReadAction\",\"target\":[\"https:\/\/bobea.net\/index.php\/2026\/04\/26\/le-jour-ou-mon-passe-sest-invite-a-lautel-mon-ex-etait-la-et-mon-coeur-a-vacille\/\"]}]},{\"@type\":\"ImageObject\",\"inLanguage\":\"fr-FR\",\"@id\":\"https:\/\/bobea.net\/index.php\/2026\/04\/26\/le-jour-ou-mon-passe-sest-invite-a-lautel-mon-ex-etait-la-et-mon-coeur-a-vacille\/#primaryimage\",\"url\":\"https:\/\/bobea.net\/wp-content\/uploads\/2026\/04\/cathedrale-de-creteil-autel.jpg\",\"contentUrl\":\"https:\/\/bobea.net\/wp-content\/uploads\/2026\/04\/cathedrale-de-creteil-autel.jpg\",\"width\":700,\"height\":466,\"caption\":\"26 ao\u00fbt 2015 : Fin du d\u00e9ploiement de la cath\u00e9drale Notre-Dame de Cr\u00e9teil, dans le cadre des \\\"Chantiers du Cardinal\\\". L'autel. Cr\u00e9teil (94), France. August 26, 2015: Deployment of Notre-Dame de Cr\u00e9teil Cathedral. Cr\u00e9teil (94), France.\"},{\"@type\":\"BreadcrumbList\",\"@id\":\"https:\/\/bobea.net\/index.php\/2026\/04\/26\/le-jour-ou-mon-passe-sest-invite-a-lautel-mon-ex-etait-la-et-mon-coeur-a-vacille\/#breadcrumb\",\"itemListElement\":[{\"@type\":\"ListItem\",\"position\":1,\"name\":\"Accueil\",\"item\":\"https:\/\/bobea.net\/\"},{\"@type\":\"ListItem\",\"position\":2,\"name\":\"LE JOUR O\u00d9 MON PASS\u00c9 S\u2019EST INVIT\u00c9 \u00c0 L\u2019AUTEL : \u00ab\u00a0MON EX \u00c9TAIT L\u00c0, ET MON C\u0152UR A VACILL\u00c9\u00a0\u00bb\"}]},{\"@type\":\"WebSite\",\"@id\":\"https:\/\/bobea.net\/#website\",\"url\":\"https:\/\/bobea.net\/\",\"name\":\"Bobea\",\"description\":\"Le magazine de la nouvelle \u00c8ve\",\"publisher\":{\"@id\":\"https:\/\/bobea.net\/#organization\"},\"potentialAction\":[{\"@type\":\"SearchAction\",\"target\":{\"@type\":\"EntryPoint\",\"urlTemplate\":\"https:\/\/bobea.net\/?s={search_term_string}\"},\"query-input\":{\"@type\":\"PropertyValueSpecification\",\"valueRequired\":true,\"valueName\":\"search_term_string\"}}],\"inLanguage\":\"fr-FR\"},{\"@type\":\"Organization\",\"@id\":\"https:\/\/bobea.net\/#organization\",\"name\":\"Bobea\",\"url\":\"https:\/\/bobea.net\/\",\"logo\":{\"@type\":\"ImageObject\",\"inLanguage\":\"fr-FR\",\"@id\":\"https:\/\/bobea.net\/#\/schema\/logo\/image\/\",\"url\":\"https:\/\/bobea.net\/wp-content\/uploads\/2024\/06\/bobea.jpg\",\"contentUrl\":\"https:\/\/bobea.net\/wp-content\/uploads\/2024\/06\/bobea.jpg\",\"width\":1080,\"height\":1080,\"caption\":\"Bobea\"},\"image\":{\"@id\":\"https:\/\/bobea.net\/#\/schema\/logo\/image\/\"},\"sameAs\":[\"https:\/\/web.facebook.com\/profile.php?id=61559252188416\"]},{\"@type\":\"Person\",\"@id\":\"https:\/\/bobea.net\/#\/schema\/person\/e7f45ef187918d7c956bf619dce90ccf\",\"name\":\"bobea.info\",\"image\":{\"@type\":\"ImageObject\",\"inLanguage\":\"fr-FR\",\"@id\":\"https:\/\/bobea.net\/#\/schema\/person\/image\/\",\"url\":\"https:\/\/secure.gravatar.com\/avatar\/36147980349df887ae30808df3e29474?s=96&d=mm&r=g\",\"contentUrl\":\"https:\/\/secure.gravatar.com\/avatar\/36147980349df887ae30808df3e29474?s=96&d=mm&r=g\",\"caption\":\"bobea.info\"},\"sameAs\":[\"https:\/\/bobea.net\"],\"url\":\"https:\/\/bobea.net\/index.php\/author\/bobea-info\/\"}]}<\/script>\n<!-- \/ Yoast SEO plugin. -->","yoast_head_json":{"title":"LE JOUR O\u00d9 MON PASS\u00c9 S\u2019EST INVIT\u00c9 \u00c0 L\u2019AUTEL : \"MON EX \u00c9TAIT L\u00c0, ET MON C\u0152UR A VACILL\u00c9\" - Bobea","robots":{"index":"index","follow":"follow","max-snippet":"max-snippet:-1","max-image-preview":"max-image-preview:large","max-video-preview":"max-video-preview:-1"},"canonical":"https:\/\/bobea.net\/index.php\/2026\/04\/26\/le-jour-ou-mon-passe-sest-invite-a-lautel-mon-ex-etait-la-et-mon-coeur-a-vacille\/","og_locale":"fr_FR","og_type":"article","og_title":"LE JOUR O\u00d9 MON PASS\u00c9 S\u2019EST INVIT\u00c9 \u00c0 L\u2019AUTEL : \"MON EX \u00c9TAIT L\u00c0, ET MON C\u0152UR A VACILL\u00c9\" - Bobea","og_description":"Le same\u00addi 25 avril 2026 devait \u00eatre le point final d\u2019une qu\u00eate de bon\u00adheur entam\u00e9e trois ans plus t\u00f4t. Pour Clara, 32 ans, tout \u00e9tait orchestr\u00e9 selon les codes du&hellip;","og_url":"https:\/\/bobea.net\/index.php\/2026\/04\/26\/le-jour-ou-mon-passe-sest-invite-a-lautel-mon-ex-etait-la-et-mon-coeur-a-vacille\/","og_site_name":"Bobea","article_publisher":"https:\/\/web.facebook.com\/profile.php?id=61559252188416","article_published_time":"2026-04-26T07:40:25+00:00","article_modified_time":"2026-04-26T07:40:28+00:00","og_image":[{"width":700,"height":466,"url":"https:\/\/bobea.net\/wp-content\/uploads\/2026\/04\/cathedrale-de-creteil-autel.jpg","type":"image\/jpeg"}],"author":"bobea.info","twitter_card":"summary_large_image","twitter_misc":{"\u00c9crit par":"bobea.info","Dur\u00e9e de lecture estim\u00e9e":"4 minutes"},"schema":{"@context":"https:\/\/schema.org","@graph":[{"@type":"Article","@id":"https:\/\/bobea.net\/index.php\/2026\/04\/26\/le-jour-ou-mon-passe-sest-invite-a-lautel-mon-ex-etait-la-et-mon-coeur-a-vacille\/#article","isPartOf":{"@id":"https:\/\/bobea.net\/index.php\/2026\/04\/26\/le-jour-ou-mon-passe-sest-invite-a-lautel-mon-ex-etait-la-et-mon-coeur-a-vacille\/"},"author":{"name":"bobea.info","@id":"https:\/\/bobea.net\/#\/schema\/person\/e7f45ef187918d7c956bf619dce90ccf"},"headline":"LE JOUR O\u00d9 MON PASS\u00c9 S\u2019EST INVIT\u00c9 \u00c0 L\u2019AUTEL : \u201cMON EX \u00c9TAIT L\u00c0, ET MON C\u0152UR A VACILL\u00c9\u201d","datePublished":"2026-04-26T07:40:25+00:00","dateModified":"2026-04-26T07:40:28+00:00","mainEntityOfPage":{"@id":"https:\/\/bobea.net\/index.php\/2026\/04\/26\/le-jour-ou-mon-passe-sest-invite-a-lautel-mon-ex-etait-la-et-mon-coeur-a-vacille\/"},"wordCount":676,"commentCount":0,"publisher":{"@id":"https:\/\/bobea.net\/#organization"},"image":{"@id":"https:\/\/bobea.net\/index.php\/2026\/04\/26\/le-jour-ou-mon-passe-sest-invite-a-lautel-mon-ex-etait-la-et-mon-coeur-a-vacille\/#primaryimage"},"thumbnailUrl":"https:\/\/bobea.net\/wp-content\/uploads\/2026\/04\/cathedrale-de-creteil-autel.jpg","keywords":["Choc \u00e9motionnel.","Ex au mariage","histoire vraie","Romance dramatique","t\u00e9moignage mariage"],"articleSection":["Annonces"],"inLanguage":"fr-FR","potentialAction":[{"@type":"CommentAction","name":"Comment","target":["https:\/\/bobea.net\/index.php\/2026\/04\/26\/le-jour-ou-mon-passe-sest-invite-a-lautel-mon-ex-etait-la-et-mon-coeur-a-vacille\/#respond"]}]},{"@type":"WebPage","@id":"https:\/\/bobea.net\/index.php\/2026\/04\/26\/le-jour-ou-mon-passe-sest-invite-a-lautel-mon-ex-etait-la-et-mon-coeur-a-vacille\/","url":"https:\/\/bobea.net\/index.php\/2026\/04\/26\/le-jour-ou-mon-passe-sest-invite-a-lautel-mon-ex-etait-la-et-mon-coeur-a-vacille\/","name":"LE JOUR O\u00d9 MON PASS\u00c9 S\u2019EST INVIT\u00c9 \u00c0 L\u2019AUTEL : \"MON EX \u00c9TAIT L\u00c0, ET MON C\u0152UR A VACILL\u00c9\" - Bobea","isPartOf":{"@id":"https:\/\/bobea.net\/#website"},"primaryImageOfPage":{"@id":"https:\/\/bobea.net\/index.php\/2026\/04\/26\/le-jour-ou-mon-passe-sest-invite-a-lautel-mon-ex-etait-la-et-mon-coeur-a-vacille\/#primaryimage"},"image":{"@id":"https:\/\/bobea.net\/index.php\/2026\/04\/26\/le-jour-ou-mon-passe-sest-invite-a-lautel-mon-ex-etait-la-et-mon-coeur-a-vacille\/#primaryimage"},"thumbnailUrl":"https:\/\/bobea.net\/wp-content\/uploads\/2026\/04\/cathedrale-de-creteil-autel.jpg","datePublished":"2026-04-26T07:40:25+00:00","dateModified":"2026-04-26T07:40:28+00:00","breadcrumb":{"@id":"https:\/\/bobea.net\/index.php\/2026\/04\/26\/le-jour-ou-mon-passe-sest-invite-a-lautel-mon-ex-etait-la-et-mon-coeur-a-vacille\/#breadcrumb"},"inLanguage":"fr-FR","potentialAction":[{"@type":"ReadAction","target":["https:\/\/bobea.net\/index.php\/2026\/04\/26\/le-jour-ou-mon-passe-sest-invite-a-lautel-mon-ex-etait-la-et-mon-coeur-a-vacille\/"]}]},{"@type":"ImageObject","inLanguage":"fr-FR","@id":"https:\/\/bobea.net\/index.php\/2026\/04\/26\/le-jour-ou-mon-passe-sest-invite-a-lautel-mon-ex-etait-la-et-mon-coeur-a-vacille\/#primaryimage","url":"https:\/\/bobea.net\/wp-content\/uploads\/2026\/04\/cathedrale-de-creteil-autel.jpg","contentUrl":"https:\/\/bobea.net\/wp-content\/uploads\/2026\/04\/cathedrale-de-creteil-autel.jpg","width":700,"height":466,"caption":"26 ao\u00fbt 2015 : Fin du d\u00e9ploiement de la cath\u00e9drale Notre-Dame de Cr\u00e9teil, dans le cadre des \"Chantiers du Cardinal\". L'autel. Cr\u00e9teil (94), France. August 26, 2015: Deployment of Notre-Dame de Cr\u00e9teil Cathedral. Cr\u00e9teil (94), France."},{"@type":"BreadcrumbList","@id":"https:\/\/bobea.net\/index.php\/2026\/04\/26\/le-jour-ou-mon-passe-sest-invite-a-lautel-mon-ex-etait-la-et-mon-coeur-a-vacille\/#breadcrumb","itemListElement":[{"@type":"ListItem","position":1,"name":"Accueil","item":"https:\/\/bobea.net\/"},{"@type":"ListItem","position":2,"name":"LE JOUR O\u00d9 MON PASS\u00c9 S\u2019EST INVIT\u00c9 \u00c0 L\u2019AUTEL : \u00ab\u00a0MON EX \u00c9TAIT L\u00c0, ET MON C\u0152UR A VACILL\u00c9\u00a0\u00bb"}]},{"@type":"WebSite","@id":"https:\/\/bobea.net\/#website","url":"https:\/\/bobea.net\/","name":"Bobea","description":"Le magazine de la nouvelle \u00c8ve","publisher":{"@id":"https:\/\/bobea.net\/#organization"},"potentialAction":[{"@type":"SearchAction","target":{"@type":"EntryPoint","urlTemplate":"https:\/\/bobea.net\/?s={search_term_string}"},"query-input":{"@type":"PropertyValueSpecification","valueRequired":true,"valueName":"search_term_string"}}],"inLanguage":"fr-FR"},{"@type":"Organization","@id":"https:\/\/bobea.net\/#organization","name":"Bobea","url":"https:\/\/bobea.net\/","logo":{"@type":"ImageObject","inLanguage":"fr-FR","@id":"https:\/\/bobea.net\/#\/schema\/logo\/image\/","url":"https:\/\/bobea.net\/wp-content\/uploads\/2024\/06\/bobea.jpg","contentUrl":"https:\/\/bobea.net\/wp-content\/uploads\/2024\/06\/bobea.jpg","width":1080,"height":1080,"caption":"Bobea"},"image":{"@id":"https:\/\/bobea.net\/#\/schema\/logo\/image\/"},"sameAs":["https:\/\/web.facebook.com\/profile.php?id=61559252188416"]},{"@type":"Person","@id":"https:\/\/bobea.net\/#\/schema\/person\/e7f45ef187918d7c956bf619dce90ccf","name":"bobea.info","image":{"@type":"ImageObject","inLanguage":"fr-FR","@id":"https:\/\/bobea.net\/#\/schema\/person\/image\/","url":"https:\/\/secure.gravatar.com\/avatar\/36147980349df887ae30808df3e29474?s=96&d=mm&r=g","contentUrl":"https:\/\/secure.gravatar.com\/avatar\/36147980349df887ae30808df3e29474?s=96&d=mm&r=g","caption":"bobea.info"},"sameAs":["https:\/\/bobea.net"],"url":"https:\/\/bobea.net\/index.php\/author\/bobea-info\/"}]}},"_links":{"self":[{"href":"https:\/\/bobea.net\/index.php\/wp-json\/wp\/v2\/posts\/31830"}],"collection":[{"href":"https:\/\/bobea.net\/index.php\/wp-json\/wp\/v2\/posts"}],"about":[{"href":"https:\/\/bobea.net\/index.php\/wp-json\/wp\/v2\/types\/post"}],"author":[{"embeddable":true,"href":"https:\/\/bobea.net\/index.php\/wp-json\/wp\/v2\/users\/1"}],"replies":[{"embeddable":true,"href":"https:\/\/bobea.net\/index.php\/wp-json\/wp\/v2\/comments?post=31830"}],"version-history":[{"count":1,"href":"https:\/\/bobea.net\/index.php\/wp-json\/wp\/v2\/posts\/31830\/revisions"}],"predecessor-version":[{"id":31833,"href":"https:\/\/bobea.net\/index.php\/wp-json\/wp\/v2\/posts\/31830\/revisions\/31833"}],"wp:featuredmedia":[{"embeddable":true,"href":"https:\/\/bobea.net\/index.php\/wp-json\/wp\/v2\/media\/31831"}],"wp:attachment":[{"href":"https:\/\/bobea.net\/index.php\/wp-json\/wp\/v2\/media?parent=31830"}],"wp:term":[{"taxonomy":"category","embeddable":true,"href":"https:\/\/bobea.net\/index.php\/wp-json\/wp\/v2\/categories?post=31830"},{"taxonomy":"post_tag","embeddable":true,"href":"https:\/\/bobea.net\/index.php\/wp-json\/wp\/v2\/tags?post=31830"}],"curies":[{"name":"wp","href":"https:\/\/api.w.org\/{rel}","templated":true}]}}