{"id":31814,"date":"2026-04-26T07:17:26","date_gmt":"2026-04-26T07:17:26","guid":{"rendered":"https:\/\/bobea.net\/?p=31814"},"modified":"2026-04-26T07:17:28","modified_gmt":"2026-04-26T07:17:28","slug":"laura-smet-le-choix-radical-de-lombre-et-du-bonheur","status":"publish","type":"post","link":"https:\/\/bobea.net\/index.php\/2026\/04\/26\/laura-smet-le-choix-radical-de-lombre-et-du-bonheur\/","title":{"rendered":"LAURA SMET : LE CHOIX RADICAL DE L\u2019OMBRE ET DU BONHEUR"},"content":{"rendered":"\n<p>Loin du tumulte m\u00e9di\u00ada\u00adtique qui a mar\u00adqu\u00e9 une grande par\u00adtie de sa vie, Lau\u00adra Smet sem\u00adble avoir enfin trou\u00adv\u00e9 son havre de paix. Ce week\u00adend, la fille de l\u2019i\u00addole des jeunes fait la une pour une rai\u00adson qui d\u00e9tonne dans le monde du show-busi\u00adness : son retrait volon\u00adtaire des pro\u00adjecteurs pour se con\u00adsacr\u00ader \u00e0 l\u2019essen\u00adtiel.<\/p>\n\n\n\n<figure class=\"wp-block-image size-large\"><img loading=\"lazy\" decoding=\"async\" width=\"1024\" height=\"682\" src=\"https:\/\/bobea.net\/wp-content\/uploads\/2026\/04\/devenir-maman-ma-apporte-laura-smet-fait-de-rares-confidences-sur-son-fils-scaled-1-1024x682.jpg\" alt class=\"wp-image-31816\" srcset=\"https:\/\/bobea.net\/wp-content\/uploads\/2026\/04\/devenir-maman-ma-apporte-laura-smet-fait-de-rares-confidences-sur-son-fils-scaled-1-1024x682.jpg 1024w, https:\/\/bobea.net\/wp-content\/uploads\/2026\/04\/devenir-maman-ma-apporte-laura-smet-fait-de-rares-confidences-sur-son-fils-scaled-1-300x200.jpg 300w, https:\/\/bobea.net\/wp-content\/uploads\/2026\/04\/devenir-maman-ma-apporte-laura-smet-fait-de-rares-confidences-sur-son-fils-scaled-1-768x512.jpg 768w, https:\/\/bobea.net\/wp-content\/uploads\/2026\/04\/devenir-maman-ma-apporte-laura-smet-fait-de-rares-confidences-sur-son-fils-scaled-1-1536x1024.jpg 1536w, https:\/\/bobea.net\/wp-content\/uploads\/2026\/04\/devenir-maman-ma-apporte-laura-smet-fait-de-rares-confidences-sur-son-fils-scaled-1-2048x1365.jpg 2048w\" sizes=\"(max-width: 1024px) 100vw, 1024px\"><figcaption class=\"wp-element-caption\">Lau\u00adra Smet assiste \u00e0 la pro\u00adjec\u00adtion de \u201cJeanne du Bar\u00adry\u201d et au tapis rouge de la c\u00e9r\u00e9\u00admonie d\u2019ou\u00adver\u00adture du 76\u00e8me fes\u00adti\u00adval de Cannes au Palais des Fes\u00adti\u00advals le 16 mai 2023 \u00e0 Cannes, France. Pho\u00adto by Shootpix\/ABACAPRESS.COM<\/figcaption><\/figure>\n\n\n\n<p><strong>L\u2019Homme de sa vie : Un amour loin des cam\u00e9ras<\/strong><\/p>\n\n\n\n<p>Entre dis\u00adcr\u00e9\u00adtion absolue et partages choi\u00adsis, Lau\u00adra Smet s\u2019af\u00adfiche plus sere\u00adine que jamais. Les rumeurs de retour sur les plateaux de tour\u00adnage s\u2019ef\u00adfacent devant une r\u00e9al\u00adit\u00e9 bien plus douce : celle d\u2019une vie de famille solide. \u201cElle a trou\u00adv\u00e9 en l\u2019homme qui partage sa vie une ancre qu\u2019elle n\u2019avait jamais eue aupar\u00ada\u00advant,\u201d con\u00adfie une amie proche \u00e0 <em>Bobea<\/em>.<\/p>\n\n\n\n<p>Ce choix de la dis\u00adcr\u00e9\u00adtion n\u2019est pas une fuite, mais une con\u00adqu\u00eate. En 2026, la v\u00e9ri\u00adta\u00adble lib\u00adert\u00e9 pour une star de son cal\u00adi\u00adbre con\u00adsiste \u00e0 pou\u00advoir dire \u201cnon\u201d \u00e0 l\u2019ag\u00adi\u00adta\u00adtion per\u00adma\u00adnente pour dire \u201coui\u201d aux moments sim\u00adples. Un mes\u00adsage fort qui r\u00e9sonne aupr\u00e8s de toutes les femmes cher\u00adchant l\u2019\u00e9quili\u00adbre entre car\u00adri\u00e8re et vie priv\u00e9e.<\/p>\n","protected":false},"excerpt":{"rendered":"<p>Loin du tumulte m\u00e9di\u00ada\u00adtique qui a mar\u00adqu\u00e9 une grande par\u00adtie de sa vie, Lau\u00adra Smet sem\u00adble avoir enfin trou\u00adv\u00e9 son havre de paix. Ce week\u00adend, la fille de l\u2019i\u00addole des\u2026 <\/p>\n","protected":false},"author":1,"featured_media":31815,"comment_status":"open","ping_status":"closed","sticky":false,"template":"","format":"standard","meta":{"wp_typography_post_enhancements_disabled":false,"footnotes":""},"categories":[83],"tags":[22912,6408,22909,22910,22911],"class_list":["post-31814","post","type-post","status-publish","format-standard","has-post-thumbnail","hentry","category-dreams-people","tag-confidences-exclusives","tag-famille-hallyday","tag-laura-smet-2026","tag-lifestyle-stars","tag-vie-privee-laura-smet"],"yoast_head":"<!-- This site is optimized with the Yoast SEO plugin v24.7 - https:\/\/yoast.com\/wordpress\/plugins\/seo\/ -->\n<title>LAURA SMET : LE CHOIX RADICAL DE L&#039;OMBRE ET DU BONHEUR - Bobea<\/title>\n<meta name=\"robots\" content=\"index, follow, max-snippet:-1, max-image-preview:large, max-video-preview:-1\" \/>\n<link rel=\"canonical\" href=\"https:\/\/bobea.net\/index.php\/2026\/04\/26\/laura-smet-le-choix-radical-de-lombre-et-du-bonheur\/\" \/>\n<meta property=\"og:locale\" content=\"fr_FR\" \/>\n<meta property=\"og:type\" content=\"article\" \/>\n<meta property=\"og:title\" content=\"LAURA SMET : LE CHOIX RADICAL DE L&#039;OMBRE ET DU BONHEUR - Bobea\" \/>\n<meta property=\"og:description\" content=\"Loin du tumulte m\u00e9di\u00ada\u00adtique qui a mar\u00adqu\u00e9 une grande par\u00adtie de sa vie, Lau\u00adra Smet sem\u00adble avoir enfin trou\u00adv\u00e9 son havre de paix. Ce week\u00adend, la fille de l\u2019i\u00addole des&hellip;\" \/>\n<meta property=\"og:url\" content=\"https:\/\/bobea.net\/index.php\/2026\/04\/26\/laura-smet-le-choix-radical-de-lombre-et-du-bonheur\/\" \/>\n<meta property=\"og:site_name\" content=\"Bobea\" \/>\n<meta property=\"article:publisher\" content=\"https:\/\/web.facebook.com\/profile.php?id=61559252188416\" \/>\n<meta property=\"article:published_time\" content=\"2026-04-26T07:17:26+00:00\" \/>\n<meta property=\"article:modified_time\" content=\"2026-04-26T07:17:28+00:00\" \/>\n<meta property=\"og:image\" content=\"https:\/\/bobea.net\/wp-content\/uploads\/2026\/04\/laura-smet.jpg\" \/>\n\t<meta property=\"og:image:width\" content=\"1200\" \/>\n\t<meta property=\"og:image:height\" content=\"630\" \/>\n\t<meta property=\"og:image:type\" content=\"image\/jpeg\" \/>\n<meta name=\"author\" content=\"bobea.info\" \/>\n<meta name=\"twitter:card\" content=\"summary_large_image\" \/>\n<meta name=\"twitter:label1\" content=\"\u00c9crit par\" \/>\n\t<meta name=\"twitter:data1\" content=\"bobea.info\" \/>\n\t<meta name=\"twitter:label2\" content=\"Dur\u00e9e de lecture estim\u00e9e\" \/>\n\t<meta name=\"twitter:data2\" content=\"2 minutes\" \/>\n<script type=\"application\/ld+json\" class=\"yoast-schema-graph\">{\"@context\":\"https:\/\/schema.org\",\"@graph\":[{\"@type\":\"Article\",\"@id\":\"https:\/\/bobea.net\/index.php\/2026\/04\/26\/laura-smet-le-choix-radical-de-lombre-et-du-bonheur\/#article\",\"isPartOf\":{\"@id\":\"https:\/\/bobea.net\/index.php\/2026\/04\/26\/laura-smet-le-choix-radical-de-lombre-et-du-bonheur\/\"},\"author\":{\"name\":\"bobea.info\",\"@id\":\"https:\/\/bobea.net\/#\/schema\/person\/e7f45ef187918d7c956bf619dce90ccf\"},\"headline\":\"LAURA SMET : LE CHOIX RADICAL DE L\u2019OMBRE ET DU BONHEUR\",\"datePublished\":\"2026-04-26T07:17:26+00:00\",\"dateModified\":\"2026-04-26T07:17:28+00:00\",\"mainEntityOfPage\":{\"@id\":\"https:\/\/bobea.net\/index.php\/2026\/04\/26\/laura-smet-le-choix-radical-de-lombre-et-du-bonheur\/\"},\"wordCount\":242,\"commentCount\":0,\"publisher\":{\"@id\":\"https:\/\/bobea.net\/#organization\"},\"image\":{\"@id\":\"https:\/\/bobea.net\/index.php\/2026\/04\/26\/laura-smet-le-choix-radical-de-lombre-et-du-bonheur\/#primaryimage\"},\"thumbnailUrl\":\"https:\/\/bobea.net\/wp-content\/uploads\/2026\/04\/laura-smet.jpg\",\"keywords\":[\"Confidences exclusives.\",\"famille Hallyday\",\"Laura Smet 2026\",\"Lifestyle Stars\",\"Vie priv\u00e9e Laura Smet\"],\"articleSection\":[\"Dreams People\"],\"inLanguage\":\"fr-FR\",\"potentialAction\":[{\"@type\":\"CommentAction\",\"name\":\"Comment\",\"target\":[\"https:\/\/bobea.net\/index.php\/2026\/04\/26\/laura-smet-le-choix-radical-de-lombre-et-du-bonheur\/#respond\"]}]},{\"@type\":\"WebPage\",\"@id\":\"https:\/\/bobea.net\/index.php\/2026\/04\/26\/laura-smet-le-choix-radical-de-lombre-et-du-bonheur\/\",\"url\":\"https:\/\/bobea.net\/index.php\/2026\/04\/26\/laura-smet-le-choix-radical-de-lombre-et-du-bonheur\/\",\"name\":\"LAURA SMET : LE CHOIX RADICAL DE L'OMBRE ET DU BONHEUR - Bobea\",\"isPartOf\":{\"@id\":\"https:\/\/bobea.net\/#website\"},\"primaryImageOfPage\":{\"@id\":\"https:\/\/bobea.net\/index.php\/2026\/04\/26\/laura-smet-le-choix-radical-de-lombre-et-du-bonheur\/#primaryimage\"},\"image\":{\"@id\":\"https:\/\/bobea.net\/index.php\/2026\/04\/26\/laura-smet-le-choix-radical-de-lombre-et-du-bonheur\/#primaryimage\"},\"thumbnailUrl\":\"https:\/\/bobea.net\/wp-content\/uploads\/2026\/04\/laura-smet.jpg\",\"datePublished\":\"2026-04-26T07:17:26+00:00\",\"dateModified\":\"2026-04-26T07:17:28+00:00\",\"breadcrumb\":{\"@id\":\"https:\/\/bobea.net\/index.php\/2026\/04\/26\/laura-smet-le-choix-radical-de-lombre-et-du-bonheur\/#breadcrumb\"},\"inLanguage\":\"fr-FR\",\"potentialAction\":[{\"@type\":\"ReadAction\",\"target\":[\"https:\/\/bobea.net\/index.php\/2026\/04\/26\/laura-smet-le-choix-radical-de-lombre-et-du-bonheur\/\"]}]},{\"@type\":\"ImageObject\",\"inLanguage\":\"fr-FR\",\"@id\":\"https:\/\/bobea.net\/index.php\/2026\/04\/26\/laura-smet-le-choix-radical-de-lombre-et-du-bonheur\/#primaryimage\",\"url\":\"https:\/\/bobea.net\/wp-content\/uploads\/2026\/04\/laura-smet.jpg\",\"contentUrl\":\"https:\/\/bobea.net\/wp-content\/uploads\/2026\/04\/laura-smet.jpg\",\"width\":1200,\"height\":630},{\"@type\":\"BreadcrumbList\",\"@id\":\"https:\/\/bobea.net\/index.php\/2026\/04\/26\/laura-smet-le-choix-radical-de-lombre-et-du-bonheur\/#breadcrumb\",\"itemListElement\":[{\"@type\":\"ListItem\",\"position\":1,\"name\":\"Accueil\",\"item\":\"https:\/\/bobea.net\/\"},{\"@type\":\"ListItem\",\"position\":2,\"name\":\"LAURA SMET : LE CHOIX RADICAL DE L&rsquo;OMBRE ET DU BONHEUR\"}]},{\"@type\":\"WebSite\",\"@id\":\"https:\/\/bobea.net\/#website\",\"url\":\"https:\/\/bobea.net\/\",\"name\":\"Bobea\",\"description\":\"Le magazine de la nouvelle \u00c8ve\",\"publisher\":{\"@id\":\"https:\/\/bobea.net\/#organization\"},\"potentialAction\":[{\"@type\":\"SearchAction\",\"target\":{\"@type\":\"EntryPoint\",\"urlTemplate\":\"https:\/\/bobea.net\/?s={search_term_string}\"},\"query-input\":{\"@type\":\"PropertyValueSpecification\",\"valueRequired\":true,\"valueName\":\"search_term_string\"}}],\"inLanguage\":\"fr-FR\"},{\"@type\":\"Organization\",\"@id\":\"https:\/\/bobea.net\/#organization\",\"name\":\"Bobea\",\"url\":\"https:\/\/bobea.net\/\",\"logo\":{\"@type\":\"ImageObject\",\"inLanguage\":\"fr-FR\",\"@id\":\"https:\/\/bobea.net\/#\/schema\/logo\/image\/\",\"url\":\"https:\/\/bobea.net\/wp-content\/uploads\/2024\/06\/bobea.jpg\",\"contentUrl\":\"https:\/\/bobea.net\/wp-content\/uploads\/2024\/06\/bobea.jpg\",\"width\":1080,\"height\":1080,\"caption\":\"Bobea\"},\"image\":{\"@id\":\"https:\/\/bobea.net\/#\/schema\/logo\/image\/\"},\"sameAs\":[\"https:\/\/web.facebook.com\/profile.php?id=61559252188416\"]},{\"@type\":\"Person\",\"@id\":\"https:\/\/bobea.net\/#\/schema\/person\/e7f45ef187918d7c956bf619dce90ccf\",\"name\":\"bobea.info\",\"image\":{\"@type\":\"ImageObject\",\"inLanguage\":\"fr-FR\",\"@id\":\"https:\/\/bobea.net\/#\/schema\/person\/image\/\",\"url\":\"https:\/\/secure.gravatar.com\/avatar\/36147980349df887ae30808df3e29474?s=96&d=mm&r=g\",\"contentUrl\":\"https:\/\/secure.gravatar.com\/avatar\/36147980349df887ae30808df3e29474?s=96&d=mm&r=g\",\"caption\":\"bobea.info\"},\"sameAs\":[\"https:\/\/bobea.net\"],\"url\":\"https:\/\/bobea.net\/index.php\/author\/bobea-info\/\"}]}<\/script>\n<!-- \/ Yoast SEO plugin. -->","yoast_head_json":{"title":"LAURA SMET : LE CHOIX RADICAL DE L'OMBRE ET DU BONHEUR - Bobea","robots":{"index":"index","follow":"follow","max-snippet":"max-snippet:-1","max-image-preview":"max-image-preview:large","max-video-preview":"max-video-preview:-1"},"canonical":"https:\/\/bobea.net\/index.php\/2026\/04\/26\/laura-smet-le-choix-radical-de-lombre-et-du-bonheur\/","og_locale":"fr_FR","og_type":"article","og_title":"LAURA SMET : LE CHOIX RADICAL DE L'OMBRE ET DU BONHEUR - Bobea","og_description":"Loin du tumulte m\u00e9di\u00ada\u00adtique qui a mar\u00adqu\u00e9 une grande par\u00adtie de sa vie, Lau\u00adra Smet sem\u00adble avoir enfin trou\u00adv\u00e9 son havre de paix. Ce week\u00adend, la fille de l\u2019i\u00addole des&hellip;","og_url":"https:\/\/bobea.net\/index.php\/2026\/04\/26\/laura-smet-le-choix-radical-de-lombre-et-du-bonheur\/","og_site_name":"Bobea","article_publisher":"https:\/\/web.facebook.com\/profile.php?id=61559252188416","article_published_time":"2026-04-26T07:17:26+00:00","article_modified_time":"2026-04-26T07:17:28+00:00","og_image":[{"width":1200,"height":630,"url":"https:\/\/bobea.net\/wp-content\/uploads\/2026\/04\/laura-smet.jpg","type":"image\/jpeg"}],"author":"bobea.info","twitter_card":"summary_large_image","twitter_misc":{"\u00c9crit par":"bobea.info","Dur\u00e9e de lecture estim\u00e9e":"2 minutes"},"schema":{"@context":"https:\/\/schema.org","@graph":[{"@type":"Article","@id":"https:\/\/bobea.net\/index.php\/2026\/04\/26\/laura-smet-le-choix-radical-de-lombre-et-du-bonheur\/#article","isPartOf":{"@id":"https:\/\/bobea.net\/index.php\/2026\/04\/26\/laura-smet-le-choix-radical-de-lombre-et-du-bonheur\/"},"author":{"name":"bobea.info","@id":"https:\/\/bobea.net\/#\/schema\/person\/e7f45ef187918d7c956bf619dce90ccf"},"headline":"LAURA SMET : LE CHOIX RADICAL DE L\u2019OMBRE ET DU BONHEUR","datePublished":"2026-04-26T07:17:26+00:00","dateModified":"2026-04-26T07:17:28+00:00","mainEntityOfPage":{"@id":"https:\/\/bobea.net\/index.php\/2026\/04\/26\/laura-smet-le-choix-radical-de-lombre-et-du-bonheur\/"},"wordCount":242,"commentCount":0,"publisher":{"@id":"https:\/\/bobea.net\/#organization"},"image":{"@id":"https:\/\/bobea.net\/index.php\/2026\/04\/26\/laura-smet-le-choix-radical-de-lombre-et-du-bonheur\/#primaryimage"},"thumbnailUrl":"https:\/\/bobea.net\/wp-content\/uploads\/2026\/04\/laura-smet.jpg","keywords":["Confidences exclusives.","famille Hallyday","Laura Smet 2026","Lifestyle Stars","Vie priv\u00e9e Laura Smet"],"articleSection":["Dreams People"],"inLanguage":"fr-FR","potentialAction":[{"@type":"CommentAction","name":"Comment","target":["https:\/\/bobea.net\/index.php\/2026\/04\/26\/laura-smet-le-choix-radical-de-lombre-et-du-bonheur\/#respond"]}]},{"@type":"WebPage","@id":"https:\/\/bobea.net\/index.php\/2026\/04\/26\/laura-smet-le-choix-radical-de-lombre-et-du-bonheur\/","url":"https:\/\/bobea.net\/index.php\/2026\/04\/26\/laura-smet-le-choix-radical-de-lombre-et-du-bonheur\/","name":"LAURA SMET : LE CHOIX RADICAL DE L'OMBRE ET DU BONHEUR - Bobea","isPartOf":{"@id":"https:\/\/bobea.net\/#website"},"primaryImageOfPage":{"@id":"https:\/\/bobea.net\/index.php\/2026\/04\/26\/laura-smet-le-choix-radical-de-lombre-et-du-bonheur\/#primaryimage"},"image":{"@id":"https:\/\/bobea.net\/index.php\/2026\/04\/26\/laura-smet-le-choix-radical-de-lombre-et-du-bonheur\/#primaryimage"},"thumbnailUrl":"https:\/\/bobea.net\/wp-content\/uploads\/2026\/04\/laura-smet.jpg","datePublished":"2026-04-26T07:17:26+00:00","dateModified":"2026-04-26T07:17:28+00:00","breadcrumb":{"@id":"https:\/\/bobea.net\/index.php\/2026\/04\/26\/laura-smet-le-choix-radical-de-lombre-et-du-bonheur\/#breadcrumb"},"inLanguage":"fr-FR","potentialAction":[{"@type":"ReadAction","target":["https:\/\/bobea.net\/index.php\/2026\/04\/26\/laura-smet-le-choix-radical-de-lombre-et-du-bonheur\/"]}]},{"@type":"ImageObject","inLanguage":"fr-FR","@id":"https:\/\/bobea.net\/index.php\/2026\/04\/26\/laura-smet-le-choix-radical-de-lombre-et-du-bonheur\/#primaryimage","url":"https:\/\/bobea.net\/wp-content\/uploads\/2026\/04\/laura-smet.jpg","contentUrl":"https:\/\/bobea.net\/wp-content\/uploads\/2026\/04\/laura-smet.jpg","width":1200,"height":630},{"@type":"BreadcrumbList","@id":"https:\/\/bobea.net\/index.php\/2026\/04\/26\/laura-smet-le-choix-radical-de-lombre-et-du-bonheur\/#breadcrumb","itemListElement":[{"@type":"ListItem","position":1,"name":"Accueil","item":"https:\/\/bobea.net\/"},{"@type":"ListItem","position":2,"name":"LAURA SMET : LE CHOIX RADICAL DE L&rsquo;OMBRE ET DU BONHEUR"}]},{"@type":"WebSite","@id":"https:\/\/bobea.net\/#website","url":"https:\/\/bobea.net\/","name":"Bobea","description":"Le magazine de la nouvelle \u00c8ve","publisher":{"@id":"https:\/\/bobea.net\/#organization"},"potentialAction":[{"@type":"SearchAction","target":{"@type":"EntryPoint","urlTemplate":"https:\/\/bobea.net\/?s={search_term_string}"},"query-input":{"@type":"PropertyValueSpecification","valueRequired":true,"valueName":"search_term_string"}}],"inLanguage":"fr-FR"},{"@type":"Organization","@id":"https:\/\/bobea.net\/#organization","name":"Bobea","url":"https:\/\/bobea.net\/","logo":{"@type":"ImageObject","inLanguage":"fr-FR","@id":"https:\/\/bobea.net\/#\/schema\/logo\/image\/","url":"https:\/\/bobea.net\/wp-content\/uploads\/2024\/06\/bobea.jpg","contentUrl":"https:\/\/bobea.net\/wp-content\/uploads\/2024\/06\/bobea.jpg","width":1080,"height":1080,"caption":"Bobea"},"image":{"@id":"https:\/\/bobea.net\/#\/schema\/logo\/image\/"},"sameAs":["https:\/\/web.facebook.com\/profile.php?id=61559252188416"]},{"@type":"Person","@id":"https:\/\/bobea.net\/#\/schema\/person\/e7f45ef187918d7c956bf619dce90ccf","name":"bobea.info","image":{"@type":"ImageObject","inLanguage":"fr-FR","@id":"https:\/\/bobea.net\/#\/schema\/person\/image\/","url":"https:\/\/secure.gravatar.com\/avatar\/36147980349df887ae30808df3e29474?s=96&d=mm&r=g","contentUrl":"https:\/\/secure.gravatar.com\/avatar\/36147980349df887ae30808df3e29474?s=96&d=mm&r=g","caption":"bobea.info"},"sameAs":["https:\/\/bobea.net"],"url":"https:\/\/bobea.net\/index.php\/author\/bobea-info\/"}]}},"_links":{"self":[{"href":"https:\/\/bobea.net\/index.php\/wp-json\/wp\/v2\/posts\/31814"}],"collection":[{"href":"https:\/\/bobea.net\/index.php\/wp-json\/wp\/v2\/posts"}],"about":[{"href":"https:\/\/bobea.net\/index.php\/wp-json\/wp\/v2\/types\/post"}],"author":[{"embeddable":true,"href":"https:\/\/bobea.net\/index.php\/wp-json\/wp\/v2\/users\/1"}],"replies":[{"embeddable":true,"href":"https:\/\/bobea.net\/index.php\/wp-json\/wp\/v2\/comments?post=31814"}],"version-history":[{"count":1,"href":"https:\/\/bobea.net\/index.php\/wp-json\/wp\/v2\/posts\/31814\/revisions"}],"predecessor-version":[{"id":31817,"href":"https:\/\/bobea.net\/index.php\/wp-json\/wp\/v2\/posts\/31814\/revisions\/31817"}],"wp:featuredmedia":[{"embeddable":true,"href":"https:\/\/bobea.net\/index.php\/wp-json\/wp\/v2\/media\/31815"}],"wp:attachment":[{"href":"https:\/\/bobea.net\/index.php\/wp-json\/wp\/v2\/media?parent=31814"}],"wp:term":[{"taxonomy":"category","embeddable":true,"href":"https:\/\/bobea.net\/index.php\/wp-json\/wp\/v2\/categories?post=31814"},{"taxonomy":"post_tag","embeddable":true,"href":"https:\/\/bobea.net\/index.php\/wp-json\/wp\/v2\/tags?post=31814"}],"curies":[{"name":"wp","href":"https:\/\/api.w.org\/{rel}","templated":true}]}}