{"id":31798,"date":"2026-04-26T06:55:06","date_gmt":"2026-04-26T06:55:06","guid":{"rendered":"https:\/\/bobea.net\/?p=31798"},"modified":"2026-04-26T06:55:09","modified_gmt":"2026-04-26T06:55:09","slug":"iga-swiatek-la-chute-dune-idole-et-le-poids-des-larmes","status":"publish","type":"post","link":"https:\/\/bobea.net\/index.php\/2026\/04\/26\/iga-swiatek-la-chute-dune-idole-et-le-poids-des-larmes\/","title":{"rendered":"IGA SWIATEK : LA CHUTE D\u2019UNE IDOLE ET LE POIDS DES LARMES"},"content":{"rendered":"\n<p> <\/p>\n\n\n\n<p>Si le court cen\u00adtral a vibr\u00e9 pour Fils, il a pleur\u00e9 pour Iga Swiatek. L\u2019image a fait le tour du monde en quelques sec\u00adon\u00addes : la Polon\u00adaise, assise sur son banc apr\u00e8s sa d\u00e9faite en 16e de finale, la t\u00eate enfouie dans sa servi\u00adette, sec\u00adou\u00e9e par des san\u00adglots incon\u00adtr\u00f4lables. Ce n\u2019\u00e9\u00adtait pas seule\u00adment la douleur d\u2019une d\u00e9faite, c\u2019\u00e9\u00adtait le cri d\u2019un \u00e9puise\u00adment total.<\/p>\n\n\n\n<p><strong>La Fin d\u2019une Invin\u00adci\u00adbil\u00adit\u00e9 ?<\/strong><\/p>\n\n\n\n<p>Iga Swiatek, celle que l\u2019on surnom\u00admait la \u201cmachine \u00e0 gag\u00adn\u00ader\u201d, sem\u00adble avoir atteint son point de rup\u00adture. Durant tout le match, la Polon\u00adaise a paru absente, mul\u00adti\u00adpli\u00adant les fautes directes inhab\u00adituelles et les regards per\u00addus vers son clan. Son adver\u00adsaire, sen\u00adtant la faille psy\u00adchologique, n\u2019a eu qu\u2019\u00e0 rester solide pour voir l\u2019ex\u2011n\u00b01 mon\u00addi\u00adale s\u2019ef\u00adfon\u00addr\u00ader de l\u2019in\u00adt\u00e9rieur.<\/p>\n\n\n\n<p>Ce cha\u00adgrin en mon\u00addovi\u00adsion pose une ques\u00adtion cru\u00adciale pour le cir\u00adcuit WTA en 2026 : le cal\u00aden\u00addri\u00ader est-il devenu trop lourd pour les \u00e9paules des cham\u00adpi\u00adonnes ? Swiatek, qui porte les espoirs de toute une nation et les con\u00adtrats de spon\u00adsors mon\u00addi\u00adaux, sem\u00adble pli\u00ader sous une pres\u00adsion que m\u00eame son tal\u00adent immense ne suf\u00adfit plus \u00e0 com\u00adpenser.<\/p>\n\n\n\n<figure class=\"wp-block-image size-full\"><img loading=\"lazy\" decoding=\"async\" width=\"828\" height=\"552\" src=\"https:\/\/bobea.net\/wp-content\/uploads\/2026\/04\/40e0d.jpg\" alt class=\"wp-image-31799\" srcset=\"https:\/\/bobea.net\/wp-content\/uploads\/2026\/04\/40e0d.jpg 828w, https:\/\/bobea.net\/wp-content\/uploads\/2026\/04\/40e0d-300x200.jpg 300w, https:\/\/bobea.net\/wp-content\/uploads\/2026\/04\/40e0d-768x512.jpg 768w\" sizes=\"(max-width: 828px) 100vw, 828px\"><\/figure>\n\n\n\n<p><strong>Les D\u00e9boires d\u2019une Ex\u2011n\u00b01<\/strong><\/p>\n\n\n\n<p>Depuis qu\u2019elle a per\u00addu son tr\u00f4ne au som\u00admet du classe\u00adment, Iga tra\u00adverse une zone de tur\u00adbu\u00adlences. Ses doutes sont pal\u00adpa\u00adbles. Chaque d\u00e9faite est v\u00e9cue comme un deuil per\u00adson\u00adnel. Ses larmes \u00e0 Madrid sont le sym\u00adbole d\u2019une vul\u00adn\u00e9ra\u00adbil\u00adit\u00e9 que le sport pro\u00adfes\u00adsion\u00adnel tente sou\u00advent de cacher der\u00adri\u00e8re des mus\u00adcles et des sta\u00adtis\u00adtiques.<\/p>\n\n\n\n<p>\u201cLe pub\u00adlic oublie que der\u00adri\u00e8re la raque\u00adtte, il y a une jeune femme de 24 ans,\u201d analyse un con\u00adsul\u00adtant sp\u00e9\u00adcial\u00adis\u00e9. \u201cLe burnout sportif est une r\u00e9al\u00adit\u00e9 en 2026. Swiatek a besoin de recul, de silence, et peut-\u00eatre d\u2019une pause loin des pro\u00adjecteurs pour retrou\u00adver le plaisir de jouer.\u201d<\/p>\n\n\n\n<p><strong>Un Cha\u00adgrin qui Human\u00adise le Sport<\/strong><\/p>\n\n\n\n<p>Pour\u00adtant, para\u00addoxale\u00adment, cette d\u00e9tresse ren\u00adforce le lien entre la star et ses fans. Sur les r\u00e9seaux soci\u00adaux, le hash\u00adtag de sou\u00adtien \u00e0 la joueuse polon\u00adaise a explos\u00e9. On ne l\u2019aime plus seule\u00adment parce qu\u2019elle gagne, mais parce qu\u2019elle nous ressem\u00adble dans sa fragilit\u00e9.<\/p>\n\n\n\n<p>Alors que Sabalen\u00adka affiche une force brute et impi\u00adtoy\u00adable, Swiatek incar\u00adne l\u2019aspect \u00e9mo\u00adtion\u00adnel et com\u00adplexe du ten\u00adnis. Saura-t-elle rebondir pour la sai\u00adson sur herbe, ou Madrid mar\u00adquera-t-il le d\u00e9but d\u2019une longue intro\u00adspec\u00adtion ? Une chose est s\u00fbre : le ten\u00adnis f\u00e9minin vient de per\u00addre sa s\u00e9r\u00e9nit\u00e9, et le monde attend de voir com\u00adment sa reine d\u00e9chue se rel\u00e8vera.<\/p>\n\n\n\n<p><strong>BOBEA WEEKEND<\/strong> \u2013 <em>L\u2019analyse qui d\u00e9crypte l\u2019\u00e2me des cham\u00adpi\u00adons.<\/em><\/p>\n","protected":false},"excerpt":{"rendered":"<p>Si le court cen\u00adtral a vibr\u00e9 pour Fils, il a pleur\u00e9 pour Iga Swiatek. L\u2019image a fait le tour du monde en quelques sec\u00adon\u00addes : la Polon\u00adaise, assise sur son\u2026 <\/p>\n","protected":false},"author":1,"featured_media":31800,"comment_status":"open","ping_status":"closed","sticky":false,"template":"","format":"standard","meta":{"wp_typography_post_enhancements_disabled":false,"footnotes":""},"categories":[83],"tags":[22902,22899,22090,22901,22900],"class_list":["post-31798","post","type-post","status-publish","format-standard","has-post-thumbnail","hentry","category-dreams-people","tag-burn-out-athlete","tag-iga-swiatek-madrid-2026","tag-sante-mentale-sportifs","tag-tennis-emotion","tag-wta-defaite"],"yoast_head":"<!-- This site is optimized with the Yoast SEO plugin v24.7 - https:\/\/yoast.com\/wordpress\/plugins\/seo\/ -->\n<title>IGA SWIATEK : LA CHUTE D\u2019UNE IDOLE ET LE POIDS DES LARMES - Bobea<\/title>\n<meta name=\"robots\" content=\"index, follow, max-snippet:-1, max-image-preview:large, max-video-preview:-1\" \/>\n<link rel=\"canonical\" href=\"https:\/\/bobea.net\/index.php\/2026\/04\/26\/iga-swiatek-la-chute-dune-idole-et-le-poids-des-larmes\/\" \/>\n<meta property=\"og:locale\" content=\"fr_FR\" \/>\n<meta property=\"og:type\" content=\"article\" \/>\n<meta property=\"og:title\" content=\"IGA SWIATEK : LA CHUTE D\u2019UNE IDOLE ET LE POIDS DES LARMES - Bobea\" \/>\n<meta property=\"og:description\" content=\"Si le court cen\u00adtral a vibr\u00e9 pour Fils, il a pleur\u00e9 pour Iga Swiatek. L\u2019image a fait le tour du monde en quelques sec\u00adon\u00addes : la Polon\u00adaise, assise sur son&hellip;\" \/>\n<meta property=\"og:url\" content=\"https:\/\/bobea.net\/index.php\/2026\/04\/26\/iga-swiatek-la-chute-dune-idole-et-le-poids-des-larmes\/\" \/>\n<meta property=\"og:site_name\" content=\"Bobea\" \/>\n<meta property=\"article:publisher\" content=\"https:\/\/web.facebook.com\/profile.php?id=61559252188416\" \/>\n<meta property=\"article:published_time\" content=\"2026-04-26T06:55:06+00:00\" \/>\n<meta property=\"article:modified_time\" content=\"2026-04-26T06:55:09+00:00\" \/>\n<meta property=\"og:image\" content=\"https:\/\/bobea.net\/wp-content\/uploads\/2026\/04\/Swiatek-revers-OA-2025.webp\" \/>\n\t<meta property=\"og:image:width\" content=\"1200\" \/>\n\t<meta property=\"og:image:height\" content=\"627\" \/>\n\t<meta property=\"og:image:type\" content=\"image\/webp\" \/>\n<meta name=\"author\" content=\"bobea.info\" \/>\n<meta name=\"twitter:card\" content=\"summary_large_image\" \/>\n<meta name=\"twitter:label1\" content=\"\u00c9crit par\" \/>\n\t<meta name=\"twitter:data1\" content=\"bobea.info\" \/>\n\t<meta name=\"twitter:label2\" content=\"Dur\u00e9e de lecture estim\u00e9e\" \/>\n\t<meta name=\"twitter:data2\" content=\"3 minutes\" \/>\n<script type=\"application\/ld+json\" class=\"yoast-schema-graph\">{\"@context\":\"https:\/\/schema.org\",\"@graph\":[{\"@type\":\"Article\",\"@id\":\"https:\/\/bobea.net\/index.php\/2026\/04\/26\/iga-swiatek-la-chute-dune-idole-et-le-poids-des-larmes\/#article\",\"isPartOf\":{\"@id\":\"https:\/\/bobea.net\/index.php\/2026\/04\/26\/iga-swiatek-la-chute-dune-idole-et-le-poids-des-larmes\/\"},\"author\":{\"name\":\"bobea.info\",\"@id\":\"https:\/\/bobea.net\/#\/schema\/person\/e7f45ef187918d7c956bf619dce90ccf\"},\"headline\":\"IGA SWIATEK : LA CHUTE D\u2019UNE IDOLE ET LE POIDS DES LARMES\",\"datePublished\":\"2026-04-26T06:55:06+00:00\",\"dateModified\":\"2026-04-26T06:55:09+00:00\",\"mainEntityOfPage\":{\"@id\":\"https:\/\/bobea.net\/index.php\/2026\/04\/26\/iga-swiatek-la-chute-dune-idole-et-le-poids-des-larmes\/\"},\"wordCount\":448,\"commentCount\":0,\"publisher\":{\"@id\":\"https:\/\/bobea.net\/#organization\"},\"image\":{\"@id\":\"https:\/\/bobea.net\/index.php\/2026\/04\/26\/iga-swiatek-la-chute-dune-idole-et-le-poids-des-larmes\/#primaryimage\"},\"thumbnailUrl\":\"https:\/\/bobea.net\/wp-content\/uploads\/2026\/04\/Swiatek-revers-OA-2025.webp\",\"keywords\":[\"Burn-out athl\u00e8te.\",\"Iga Swiatek Madrid 2026\",\"Sant\u00e9 mentale sportifs\",\"Tennis \u00e9motion\",\"WTA d\u00e9faite\"],\"articleSection\":[\"Dreams People\"],\"inLanguage\":\"fr-FR\",\"potentialAction\":[{\"@type\":\"CommentAction\",\"name\":\"Comment\",\"target\":[\"https:\/\/bobea.net\/index.php\/2026\/04\/26\/iga-swiatek-la-chute-dune-idole-et-le-poids-des-larmes\/#respond\"]}]},{\"@type\":\"WebPage\",\"@id\":\"https:\/\/bobea.net\/index.php\/2026\/04\/26\/iga-swiatek-la-chute-dune-idole-et-le-poids-des-larmes\/\",\"url\":\"https:\/\/bobea.net\/index.php\/2026\/04\/26\/iga-swiatek-la-chute-dune-idole-et-le-poids-des-larmes\/\",\"name\":\"IGA SWIATEK : LA CHUTE D\u2019UNE IDOLE ET LE POIDS DES LARMES - Bobea\",\"isPartOf\":{\"@id\":\"https:\/\/bobea.net\/#website\"},\"primaryImageOfPage\":{\"@id\":\"https:\/\/bobea.net\/index.php\/2026\/04\/26\/iga-swiatek-la-chute-dune-idole-et-le-poids-des-larmes\/#primaryimage\"},\"image\":{\"@id\":\"https:\/\/bobea.net\/index.php\/2026\/04\/26\/iga-swiatek-la-chute-dune-idole-et-le-poids-des-larmes\/#primaryimage\"},\"thumbnailUrl\":\"https:\/\/bobea.net\/wp-content\/uploads\/2026\/04\/Swiatek-revers-OA-2025.webp\",\"datePublished\":\"2026-04-26T06:55:06+00:00\",\"dateModified\":\"2026-04-26T06:55:09+00:00\",\"breadcrumb\":{\"@id\":\"https:\/\/bobea.net\/index.php\/2026\/04\/26\/iga-swiatek-la-chute-dune-idole-et-le-poids-des-larmes\/#breadcrumb\"},\"inLanguage\":\"fr-FR\",\"potentialAction\":[{\"@type\":\"ReadAction\",\"target\":[\"https:\/\/bobea.net\/index.php\/2026\/04\/26\/iga-swiatek-la-chute-dune-idole-et-le-poids-des-larmes\/\"]}]},{\"@type\":\"ImageObject\",\"inLanguage\":\"fr-FR\",\"@id\":\"https:\/\/bobea.net\/index.php\/2026\/04\/26\/iga-swiatek-la-chute-dune-idole-et-le-poids-des-larmes\/#primaryimage\",\"url\":\"https:\/\/bobea.net\/wp-content\/uploads\/2026\/04\/Swiatek-revers-OA-2025.webp\",\"contentUrl\":\"https:\/\/bobea.net\/wp-content\/uploads\/2026\/04\/Swiatek-revers-OA-2025.webp\",\"width\":1200,\"height\":627},{\"@type\":\"BreadcrumbList\",\"@id\":\"https:\/\/bobea.net\/index.php\/2026\/04\/26\/iga-swiatek-la-chute-dune-idole-et-le-poids-des-larmes\/#breadcrumb\",\"itemListElement\":[{\"@type\":\"ListItem\",\"position\":1,\"name\":\"Accueil\",\"item\":\"https:\/\/bobea.net\/\"},{\"@type\":\"ListItem\",\"position\":2,\"name\":\"IGA SWIATEK : LA CHUTE D\u2019UNE IDOLE ET LE POIDS DES LARMES\"}]},{\"@type\":\"WebSite\",\"@id\":\"https:\/\/bobea.net\/#website\",\"url\":\"https:\/\/bobea.net\/\",\"name\":\"Bobea\",\"description\":\"Le magazine de la nouvelle \u00c8ve\",\"publisher\":{\"@id\":\"https:\/\/bobea.net\/#organization\"},\"potentialAction\":[{\"@type\":\"SearchAction\",\"target\":{\"@type\":\"EntryPoint\",\"urlTemplate\":\"https:\/\/bobea.net\/?s={search_term_string}\"},\"query-input\":{\"@type\":\"PropertyValueSpecification\",\"valueRequired\":true,\"valueName\":\"search_term_string\"}}],\"inLanguage\":\"fr-FR\"},{\"@type\":\"Organization\",\"@id\":\"https:\/\/bobea.net\/#organization\",\"name\":\"Bobea\",\"url\":\"https:\/\/bobea.net\/\",\"logo\":{\"@type\":\"ImageObject\",\"inLanguage\":\"fr-FR\",\"@id\":\"https:\/\/bobea.net\/#\/schema\/logo\/image\/\",\"url\":\"https:\/\/bobea.net\/wp-content\/uploads\/2024\/06\/bobea.jpg\",\"contentUrl\":\"https:\/\/bobea.net\/wp-content\/uploads\/2024\/06\/bobea.jpg\",\"width\":1080,\"height\":1080,\"caption\":\"Bobea\"},\"image\":{\"@id\":\"https:\/\/bobea.net\/#\/schema\/logo\/image\/\"},\"sameAs\":[\"https:\/\/web.facebook.com\/profile.php?id=61559252188416\"]},{\"@type\":\"Person\",\"@id\":\"https:\/\/bobea.net\/#\/schema\/person\/e7f45ef187918d7c956bf619dce90ccf\",\"name\":\"bobea.info\",\"image\":{\"@type\":\"ImageObject\",\"inLanguage\":\"fr-FR\",\"@id\":\"https:\/\/bobea.net\/#\/schema\/person\/image\/\",\"url\":\"https:\/\/secure.gravatar.com\/avatar\/36147980349df887ae30808df3e29474?s=96&d=mm&r=g\",\"contentUrl\":\"https:\/\/secure.gravatar.com\/avatar\/36147980349df887ae30808df3e29474?s=96&d=mm&r=g\",\"caption\":\"bobea.info\"},\"sameAs\":[\"https:\/\/bobea.net\"],\"url\":\"https:\/\/bobea.net\/index.php\/author\/bobea-info\/\"}]}<\/script>\n<!-- \/ Yoast SEO plugin. -->","yoast_head_json":{"title":"IGA SWIATEK : LA CHUTE D\u2019UNE IDOLE ET LE POIDS DES LARMES - Bobea","robots":{"index":"index","follow":"follow","max-snippet":"max-snippet:-1","max-image-preview":"max-image-preview:large","max-video-preview":"max-video-preview:-1"},"canonical":"https:\/\/bobea.net\/index.php\/2026\/04\/26\/iga-swiatek-la-chute-dune-idole-et-le-poids-des-larmes\/","og_locale":"fr_FR","og_type":"article","og_title":"IGA SWIATEK : LA CHUTE D\u2019UNE IDOLE ET LE POIDS DES LARMES - Bobea","og_description":"Si le court cen\u00adtral a vibr\u00e9 pour Fils, il a pleur\u00e9 pour Iga Swiatek. L\u2019image a fait le tour du monde en quelques sec\u00adon\u00addes : la Polon\u00adaise, assise sur son&hellip;","og_url":"https:\/\/bobea.net\/index.php\/2026\/04\/26\/iga-swiatek-la-chute-dune-idole-et-le-poids-des-larmes\/","og_site_name":"Bobea","article_publisher":"https:\/\/web.facebook.com\/profile.php?id=61559252188416","article_published_time":"2026-04-26T06:55:06+00:00","article_modified_time":"2026-04-26T06:55:09+00:00","og_image":[{"width":1200,"height":627,"url":"https:\/\/bobea.net\/wp-content\/uploads\/2026\/04\/Swiatek-revers-OA-2025.webp","type":"image\/webp"}],"author":"bobea.info","twitter_card":"summary_large_image","twitter_misc":{"\u00c9crit par":"bobea.info","Dur\u00e9e de lecture estim\u00e9e":"3 minutes"},"schema":{"@context":"https:\/\/schema.org","@graph":[{"@type":"Article","@id":"https:\/\/bobea.net\/index.php\/2026\/04\/26\/iga-swiatek-la-chute-dune-idole-et-le-poids-des-larmes\/#article","isPartOf":{"@id":"https:\/\/bobea.net\/index.php\/2026\/04\/26\/iga-swiatek-la-chute-dune-idole-et-le-poids-des-larmes\/"},"author":{"name":"bobea.info","@id":"https:\/\/bobea.net\/#\/schema\/person\/e7f45ef187918d7c956bf619dce90ccf"},"headline":"IGA SWIATEK : LA CHUTE D\u2019UNE IDOLE ET LE POIDS DES LARMES","datePublished":"2026-04-26T06:55:06+00:00","dateModified":"2026-04-26T06:55:09+00:00","mainEntityOfPage":{"@id":"https:\/\/bobea.net\/index.php\/2026\/04\/26\/iga-swiatek-la-chute-dune-idole-et-le-poids-des-larmes\/"},"wordCount":448,"commentCount":0,"publisher":{"@id":"https:\/\/bobea.net\/#organization"},"image":{"@id":"https:\/\/bobea.net\/index.php\/2026\/04\/26\/iga-swiatek-la-chute-dune-idole-et-le-poids-des-larmes\/#primaryimage"},"thumbnailUrl":"https:\/\/bobea.net\/wp-content\/uploads\/2026\/04\/Swiatek-revers-OA-2025.webp","keywords":["Burn-out athl\u00e8te.","Iga Swiatek Madrid 2026","Sant\u00e9 mentale sportifs","Tennis \u00e9motion","WTA d\u00e9faite"],"articleSection":["Dreams People"],"inLanguage":"fr-FR","potentialAction":[{"@type":"CommentAction","name":"Comment","target":["https:\/\/bobea.net\/index.php\/2026\/04\/26\/iga-swiatek-la-chute-dune-idole-et-le-poids-des-larmes\/#respond"]}]},{"@type":"WebPage","@id":"https:\/\/bobea.net\/index.php\/2026\/04\/26\/iga-swiatek-la-chute-dune-idole-et-le-poids-des-larmes\/","url":"https:\/\/bobea.net\/index.php\/2026\/04\/26\/iga-swiatek-la-chute-dune-idole-et-le-poids-des-larmes\/","name":"IGA SWIATEK : LA CHUTE D\u2019UNE IDOLE ET LE POIDS DES LARMES - Bobea","isPartOf":{"@id":"https:\/\/bobea.net\/#website"},"primaryImageOfPage":{"@id":"https:\/\/bobea.net\/index.php\/2026\/04\/26\/iga-swiatek-la-chute-dune-idole-et-le-poids-des-larmes\/#primaryimage"},"image":{"@id":"https:\/\/bobea.net\/index.php\/2026\/04\/26\/iga-swiatek-la-chute-dune-idole-et-le-poids-des-larmes\/#primaryimage"},"thumbnailUrl":"https:\/\/bobea.net\/wp-content\/uploads\/2026\/04\/Swiatek-revers-OA-2025.webp","datePublished":"2026-04-26T06:55:06+00:00","dateModified":"2026-04-26T06:55:09+00:00","breadcrumb":{"@id":"https:\/\/bobea.net\/index.php\/2026\/04\/26\/iga-swiatek-la-chute-dune-idole-et-le-poids-des-larmes\/#breadcrumb"},"inLanguage":"fr-FR","potentialAction":[{"@type":"ReadAction","target":["https:\/\/bobea.net\/index.php\/2026\/04\/26\/iga-swiatek-la-chute-dune-idole-et-le-poids-des-larmes\/"]}]},{"@type":"ImageObject","inLanguage":"fr-FR","@id":"https:\/\/bobea.net\/index.php\/2026\/04\/26\/iga-swiatek-la-chute-dune-idole-et-le-poids-des-larmes\/#primaryimage","url":"https:\/\/bobea.net\/wp-content\/uploads\/2026\/04\/Swiatek-revers-OA-2025.webp","contentUrl":"https:\/\/bobea.net\/wp-content\/uploads\/2026\/04\/Swiatek-revers-OA-2025.webp","width":1200,"height":627},{"@type":"BreadcrumbList","@id":"https:\/\/bobea.net\/index.php\/2026\/04\/26\/iga-swiatek-la-chute-dune-idole-et-le-poids-des-larmes\/#breadcrumb","itemListElement":[{"@type":"ListItem","position":1,"name":"Accueil","item":"https:\/\/bobea.net\/"},{"@type":"ListItem","position":2,"name":"IGA SWIATEK : LA CHUTE D\u2019UNE IDOLE ET LE POIDS DES LARMES"}]},{"@type":"WebSite","@id":"https:\/\/bobea.net\/#website","url":"https:\/\/bobea.net\/","name":"Bobea","description":"Le magazine de la nouvelle \u00c8ve","publisher":{"@id":"https:\/\/bobea.net\/#organization"},"potentialAction":[{"@type":"SearchAction","target":{"@type":"EntryPoint","urlTemplate":"https:\/\/bobea.net\/?s={search_term_string}"},"query-input":{"@type":"PropertyValueSpecification","valueRequired":true,"valueName":"search_term_string"}}],"inLanguage":"fr-FR"},{"@type":"Organization","@id":"https:\/\/bobea.net\/#organization","name":"Bobea","url":"https:\/\/bobea.net\/","logo":{"@type":"ImageObject","inLanguage":"fr-FR","@id":"https:\/\/bobea.net\/#\/schema\/logo\/image\/","url":"https:\/\/bobea.net\/wp-content\/uploads\/2024\/06\/bobea.jpg","contentUrl":"https:\/\/bobea.net\/wp-content\/uploads\/2024\/06\/bobea.jpg","width":1080,"height":1080,"caption":"Bobea"},"image":{"@id":"https:\/\/bobea.net\/#\/schema\/logo\/image\/"},"sameAs":["https:\/\/web.facebook.com\/profile.php?id=61559252188416"]},{"@type":"Person","@id":"https:\/\/bobea.net\/#\/schema\/person\/e7f45ef187918d7c956bf619dce90ccf","name":"bobea.info","image":{"@type":"ImageObject","inLanguage":"fr-FR","@id":"https:\/\/bobea.net\/#\/schema\/person\/image\/","url":"https:\/\/secure.gravatar.com\/avatar\/36147980349df887ae30808df3e29474?s=96&d=mm&r=g","contentUrl":"https:\/\/secure.gravatar.com\/avatar\/36147980349df887ae30808df3e29474?s=96&d=mm&r=g","caption":"bobea.info"},"sameAs":["https:\/\/bobea.net"],"url":"https:\/\/bobea.net\/index.php\/author\/bobea-info\/"}]}},"_links":{"self":[{"href":"https:\/\/bobea.net\/index.php\/wp-json\/wp\/v2\/posts\/31798"}],"collection":[{"href":"https:\/\/bobea.net\/index.php\/wp-json\/wp\/v2\/posts"}],"about":[{"href":"https:\/\/bobea.net\/index.php\/wp-json\/wp\/v2\/types\/post"}],"author":[{"embeddable":true,"href":"https:\/\/bobea.net\/index.php\/wp-json\/wp\/v2\/users\/1"}],"replies":[{"embeddable":true,"href":"https:\/\/bobea.net\/index.php\/wp-json\/wp\/v2\/comments?post=31798"}],"version-history":[{"count":1,"href":"https:\/\/bobea.net\/index.php\/wp-json\/wp\/v2\/posts\/31798\/revisions"}],"predecessor-version":[{"id":31801,"href":"https:\/\/bobea.net\/index.php\/wp-json\/wp\/v2\/posts\/31798\/revisions\/31801"}],"wp:featuredmedia":[{"embeddable":true,"href":"https:\/\/bobea.net\/index.php\/wp-json\/wp\/v2\/media\/31800"}],"wp:attachment":[{"href":"https:\/\/bobea.net\/index.php\/wp-json\/wp\/v2\/media?parent=31798"}],"wp:term":[{"taxonomy":"category","embeddable":true,"href":"https:\/\/bobea.net\/index.php\/wp-json\/wp\/v2\/categories?post=31798"},{"taxonomy":"post_tag","embeddable":true,"href":"https:\/\/bobea.net\/index.php\/wp-json\/wp\/v2\/tags?post=31798"}],"curies":[{"name":"wp","href":"https:\/\/api.w.org\/{rel}","templated":true}]}}