{"id":31790,"date":"2026-04-26T06:47:15","date_gmt":"2026-04-26T06:47:15","guid":{"rendered":"https:\/\/bobea.net\/?p=31790"},"modified":"2026-04-26T06:47:17","modified_gmt":"2026-04-26T06:47:17","slug":"kylian-mbappe-la-revelation-de-sa-princesse-a-madrid","status":"publish","type":"post","link":"https:\/\/bobea.net\/index.php\/2026\/04\/26\/kylian-mbappe-la-revelation-de-sa-princesse-a-madrid\/","title":{"rendered":"Kylian Mbapp\u00e9 : La R\u00e9v\u00e9lation de sa \u201cPrincesse\u201d \u00e0 Madrid"},"content":{"rendered":"\n<p>L\u2019Espagne ne par\u00adle que de \u00e7a. Depuis son arriv\u00e9e fra\u00adcas\u00adsante au Real Madrid, Kylian Mbap\u00adp\u00e9 n\u2019avait lais\u00ads\u00e9 fil\u00adtr\u00ader aucune infor\u00adma\u00adtion sur sa vie priv\u00e9e, se con\u00adcen\u00adtrant unique\u00adment sur ses per\u00adfor\u00admances stratosph\u00e9riques sur le ter\u00adrain. Mais ce week\u00adend, les paparazzi ont enfin bris\u00e9 le sceau du secret.<\/p>\n\n\n\n<p><strong>Les pho\u00adtos vol\u00e9es qui affo\u00adlent la Toile<\/strong><\/p>\n\n\n\n<p>C\u2019est dans le quarti\u00ader chic de La Morale\u00adja que le \u201cKing\u201d a \u00e9t\u00e9 aper\u00e7u. Les clich\u00e9s, pris \u00e0 la sor\u00adtie d\u2019un restau\u00adrant gas\u00adtronomique dis\u00adcret, ne lais\u00adsent plus de place au doute. Main dans la main, Kylian Mbap\u00adp\u00e9 et une mys\u00adt\u00e9rieuse jeune femme \u00e0 l\u2019\u00e9l\u00e9\u00adgance naturelle ont affich\u00e9 une com\u00adplic\u00adit\u00e9 fla\u00adgrante.<\/p>\n\n\n\n<p>Qui est-elle ? Selon les pre\u00admi\u00e8res indis\u00adcr\u00e9\u00adtions, il s\u2019a\u00adgi\u00adrait d\u2019une fig\u00adure mon\u00adtante de l\u2019en\u00adtre\u00adpre\u00adneuri\u00adat \u00e9thique, une femme de t\u00eate qui partage les valeurs de dis\u00adcr\u00e9\u00adtion et d\u2019en\u00adgage\u00adment ch\u00e8res au cham\u00adpi\u00adon fran\u00e7ais. Loin des clich\u00e9s des \u201cWAGs\u201d habituelles, cette \u201cprincesse\u201d de Madrid sem\u00adble \u00eatre le pili\u00ader dont Kylian avait besoin pour asseoir son r\u00e8gne en Espagne.<\/p>\n\n\n\n<figure class=\"wp-block-image size-large\"><img loading=\"lazy\" decoding=\"async\" width=\"1024\" height=\"576\" src=\"https:\/\/bobea.net\/wp-content\/uploads\/2026\/04\/mbappe-voici-comment-est-nee-sa-celebration-devenue-legendaire-1024x576.jpg\" alt class=\"wp-image-31792\" srcset=\"https:\/\/bobea.net\/wp-content\/uploads\/2026\/04\/mbappe-voici-comment-est-nee-sa-celebration-devenue-legendaire-1024x576.jpg 1024w, https:\/\/bobea.net\/wp-content\/uploads\/2026\/04\/mbappe-voici-comment-est-nee-sa-celebration-devenue-legendaire-300x169.jpg 300w, https:\/\/bobea.net\/wp-content\/uploads\/2026\/04\/mbappe-voici-comment-est-nee-sa-celebration-devenue-legendaire-768x432.jpg 768w, https:\/\/bobea.net\/wp-content\/uploads\/2026\/04\/mbappe-voici-comment-est-nee-sa-celebration-devenue-legendaire.jpg 1200w\" sizes=\"(max-width: 1024px) 100vw, 1024px\"><\/figure>\n\n\n\n<p><strong>Un \u00e9quili\u00adbre trou\u00adv\u00e9 pour le cham\u00adpi\u00adon<\/strong><\/p>\n\n\n\n<p>Pour les obser\u00adva\u00adteurs du foot\u00adball, cette r\u00e9v\u00e9la\u00adtion explique peut-\u00eatre la s\u00e9r\u00e9nit\u00e9 affich\u00e9e par Mbap\u00adp\u00e9 ces derni\u00e8res semaines. \u201cUn Kylian heureux en amour est un Kylian inar\u00adr\u00eatable sur le ter\u00adrain\u201d, con\u00adfie un proche du ves\u00adti\u00adaire madril\u00e8ne. Entre les entra\u00eene\u00adments inten\u00adsifs sous la houlette de Car\u00adlo Ancelot\u00adti et ses moments d\u2019\u00e9\u00adva\u00adsion avec sa nou\u00advelle com\u00adpagne, le cham\u00adpi\u00adon sem\u00adble avoir trou\u00adv\u00e9 l\u2019\u00e9quili\u00adbre par\u00adfait.<\/p>\n\n\n\n<p><strong>La folie m\u00e9di\u00ada\u00adtique<\/strong><\/p>\n\n\n\n<p>L\u2019im\u00adpact de ces pho\u00adtos est tel que les r\u00e9seaux soci\u00adaux ont explos\u00e9. Le hash\u00adtag d\u00e9di\u00e9 \u00e0 la jeune femme a d\u00e9pass\u00e9 le mil\u00adlion de men\u00adtions en quelques heures. Pour <em>FAME by PAME Glob\u00adal Sports<\/em>, cette romance n\u2019est pas qu\u2019une affaire de c\u0153ur : c\u2019est la nais\u00adsance d\u2019un \u201cpow\u00ader cou\u00adple\u201d iconique de 2026, capa\u00adble d\u2019in\u00adflu\u00adencer la mode, le sport et le lifestyle \u00e0 l\u2019\u00e9chelle mon\u00addi\u00adale.<\/p>\n\n\n\n<p>Kylian Mbap\u00adp\u00e9 n\u2019a pas encore r\u00e9a\u00adgi offi\u00adcielle\u00adment, mais son sourire sur les pho\u00adtos en dit long. Le mys\u00adt\u00e8re est lev\u00e9, mais la l\u00e9gende, elle, ne fait que com\u00admencer.<\/p>\n","protected":false},"excerpt":{"rendered":"<p>L\u2019Espagne ne par\u00adle que de \u00e7a. Depuis son arriv\u00e9e fra\u00adcas\u00adsante au Real Madrid, Kylian Mbap\u00adp\u00e9 n\u2019avait lais\u00ads\u00e9 fil\u00adtr\u00ader aucune infor\u00adma\u00adtion sur sa vie priv\u00e9e, se con\u00adcen\u00adtrant unique\u00adment sur ses per\u00adfor\u00admances\u2026 <\/p>\n","protected":false},"author":1,"featured_media":31791,"comment_status":"open","ping_status":"closed","sticky":false,"template":"","format":"standard","meta":{"wp_typography_post_enhancements_disabled":false,"footnotes":""},"categories":[83],"tags":[],"class_list":["post-31790","post","type-post","status-publish","format-standard","has-post-thumbnail","hentry","category-dreams-people"],"yoast_head":"<!-- This site is optimized with the Yoast SEO plugin v24.7 - https:\/\/yoast.com\/wordpress\/plugins\/seo\/ -->\n<title>Kylian Mbapp\u00e9 : La R\u00e9v\u00e9lation de sa &quot;Princesse&quot; \u00e0 Madrid - Bobea<\/title>\n<meta name=\"robots\" content=\"index, follow, max-snippet:-1, max-image-preview:large, max-video-preview:-1\" \/>\n<link rel=\"canonical\" href=\"https:\/\/bobea.net\/index.php\/2026\/04\/26\/kylian-mbappe-la-revelation-de-sa-princesse-a-madrid\/\" \/>\n<meta property=\"og:locale\" content=\"fr_FR\" \/>\n<meta property=\"og:type\" content=\"article\" \/>\n<meta property=\"og:title\" content=\"Kylian Mbapp\u00e9 : La R\u00e9v\u00e9lation de sa &quot;Princesse&quot; \u00e0 Madrid - Bobea\" \/>\n<meta property=\"og:description\" content=\"L\u2019Espagne ne par\u00adle que de \u00e7a. Depuis son arriv\u00e9e fra\u00adcas\u00adsante au Real Madrid, Kylian Mbap\u00adp\u00e9 n\u2019avait lais\u00ads\u00e9 fil\u00adtr\u00ader aucune infor\u00adma\u00adtion sur sa vie priv\u00e9e, se con\u00adcen\u00adtrant unique\u00adment sur ses per\u00adfor\u00admances&hellip;\" \/>\n<meta property=\"og:url\" content=\"https:\/\/bobea.net\/index.php\/2026\/04\/26\/kylian-mbappe-la-revelation-de-sa-princesse-a-madrid\/\" \/>\n<meta property=\"og:site_name\" content=\"Bobea\" \/>\n<meta property=\"article:publisher\" content=\"https:\/\/web.facebook.com\/profile.php?id=61559252188416\" \/>\n<meta property=\"article:published_time\" content=\"2026-04-26T06:47:15+00:00\" \/>\n<meta property=\"article:modified_time\" content=\"2026-04-26T06:47:17+00:00\" \/>\n<meta property=\"og:image\" content=\"https:\/\/bobea.net\/wp-content\/uploads\/2026\/04\/Artisan-de-la-victoire.jpg\" \/>\n\t<meta property=\"og:image:width\" content=\"1920\" \/>\n\t<meta property=\"og:image:height\" content=\"1080\" \/>\n\t<meta property=\"og:image:type\" content=\"image\/jpeg\" \/>\n<meta name=\"author\" content=\"bobea.info\" \/>\n<meta name=\"twitter:card\" content=\"summary_large_image\" \/>\n<meta name=\"twitter:label1\" content=\"\u00c9crit par\" \/>\n\t<meta name=\"twitter:data1\" content=\"bobea.info\" \/>\n\t<meta name=\"twitter:label2\" content=\"Dur\u00e9e de lecture estim\u00e9e\" \/>\n\t<meta name=\"twitter:data2\" content=\"3 minutes\" \/>\n<script type=\"application\/ld+json\" class=\"yoast-schema-graph\">{\"@context\":\"https:\/\/schema.org\",\"@graph\":[{\"@type\":\"Article\",\"@id\":\"https:\/\/bobea.net\/index.php\/2026\/04\/26\/kylian-mbappe-la-revelation-de-sa-princesse-a-madrid\/#article\",\"isPartOf\":{\"@id\":\"https:\/\/bobea.net\/index.php\/2026\/04\/26\/kylian-mbappe-la-revelation-de-sa-princesse-a-madrid\/\"},\"author\":{\"name\":\"bobea.info\",\"@id\":\"https:\/\/bobea.net\/#\/schema\/person\/e7f45ef187918d7c956bf619dce90ccf\"},\"headline\":\"Kylian Mbapp\u00e9 : La R\u00e9v\u00e9lation de sa \u201cPrincesse\u201d \u00e0 Madrid\",\"datePublished\":\"2026-04-26T06:47:15+00:00\",\"dateModified\":\"2026-04-26T06:47:17+00:00\",\"mainEntityOfPage\":{\"@id\":\"https:\/\/bobea.net\/index.php\/2026\/04\/26\/kylian-mbappe-la-revelation-de-sa-princesse-a-madrid\/\"},\"wordCount\":375,\"commentCount\":0,\"publisher\":{\"@id\":\"https:\/\/bobea.net\/#organization\"},\"image\":{\"@id\":\"https:\/\/bobea.net\/index.php\/2026\/04\/26\/kylian-mbappe-la-revelation-de-sa-princesse-a-madrid\/#primaryimage\"},\"thumbnailUrl\":\"https:\/\/bobea.net\/wp-content\/uploads\/2026\/04\/Artisan-de-la-victoire.jpg\",\"articleSection\":[\"Dreams People\"],\"inLanguage\":\"fr-FR\",\"potentialAction\":[{\"@type\":\"CommentAction\",\"name\":\"Comment\",\"target\":[\"https:\/\/bobea.net\/index.php\/2026\/04\/26\/kylian-mbappe-la-revelation-de-sa-princesse-a-madrid\/#respond\"]}]},{\"@type\":\"WebPage\",\"@id\":\"https:\/\/bobea.net\/index.php\/2026\/04\/26\/kylian-mbappe-la-revelation-de-sa-princesse-a-madrid\/\",\"url\":\"https:\/\/bobea.net\/index.php\/2026\/04\/26\/kylian-mbappe-la-revelation-de-sa-princesse-a-madrid\/\",\"name\":\"Kylian Mbapp\u00e9 : La R\u00e9v\u00e9lation de sa \\\"Princesse\\\" \u00e0 Madrid - Bobea\",\"isPartOf\":{\"@id\":\"https:\/\/bobea.net\/#website\"},\"primaryImageOfPage\":{\"@id\":\"https:\/\/bobea.net\/index.php\/2026\/04\/26\/kylian-mbappe-la-revelation-de-sa-princesse-a-madrid\/#primaryimage\"},\"image\":{\"@id\":\"https:\/\/bobea.net\/index.php\/2026\/04\/26\/kylian-mbappe-la-revelation-de-sa-princesse-a-madrid\/#primaryimage\"},\"thumbnailUrl\":\"https:\/\/bobea.net\/wp-content\/uploads\/2026\/04\/Artisan-de-la-victoire.jpg\",\"datePublished\":\"2026-04-26T06:47:15+00:00\",\"dateModified\":\"2026-04-26T06:47:17+00:00\",\"breadcrumb\":{\"@id\":\"https:\/\/bobea.net\/index.php\/2026\/04\/26\/kylian-mbappe-la-revelation-de-sa-princesse-a-madrid\/#breadcrumb\"},\"inLanguage\":\"fr-FR\",\"potentialAction\":[{\"@type\":\"ReadAction\",\"target\":[\"https:\/\/bobea.net\/index.php\/2026\/04\/26\/kylian-mbappe-la-revelation-de-sa-princesse-a-madrid\/\"]}]},{\"@type\":\"ImageObject\",\"inLanguage\":\"fr-FR\",\"@id\":\"https:\/\/bobea.net\/index.php\/2026\/04\/26\/kylian-mbappe-la-revelation-de-sa-princesse-a-madrid\/#primaryimage\",\"url\":\"https:\/\/bobea.net\/wp-content\/uploads\/2026\/04\/Artisan-de-la-victoire.jpg\",\"contentUrl\":\"https:\/\/bobea.net\/wp-content\/uploads\/2026\/04\/Artisan-de-la-victoire.jpg\",\"width\":1920,\"height\":1080},{\"@type\":\"BreadcrumbList\",\"@id\":\"https:\/\/bobea.net\/index.php\/2026\/04\/26\/kylian-mbappe-la-revelation-de-sa-princesse-a-madrid\/#breadcrumb\",\"itemListElement\":[{\"@type\":\"ListItem\",\"position\":1,\"name\":\"Accueil\",\"item\":\"https:\/\/bobea.net\/\"},{\"@type\":\"ListItem\",\"position\":2,\"name\":\"Kylian Mbapp\u00e9 : La R\u00e9v\u00e9lation de sa \u00ab\u00a0Princesse\u00a0\u00bb \u00e0 Madrid\"}]},{\"@type\":\"WebSite\",\"@id\":\"https:\/\/bobea.net\/#website\",\"url\":\"https:\/\/bobea.net\/\",\"name\":\"Bobea\",\"description\":\"Le magazine de la nouvelle \u00c8ve\",\"publisher\":{\"@id\":\"https:\/\/bobea.net\/#organization\"},\"potentialAction\":[{\"@type\":\"SearchAction\",\"target\":{\"@type\":\"EntryPoint\",\"urlTemplate\":\"https:\/\/bobea.net\/?s={search_term_string}\"},\"query-input\":{\"@type\":\"PropertyValueSpecification\",\"valueRequired\":true,\"valueName\":\"search_term_string\"}}],\"inLanguage\":\"fr-FR\"},{\"@type\":\"Organization\",\"@id\":\"https:\/\/bobea.net\/#organization\",\"name\":\"Bobea\",\"url\":\"https:\/\/bobea.net\/\",\"logo\":{\"@type\":\"ImageObject\",\"inLanguage\":\"fr-FR\",\"@id\":\"https:\/\/bobea.net\/#\/schema\/logo\/image\/\",\"url\":\"https:\/\/bobea.net\/wp-content\/uploads\/2024\/06\/bobea.jpg\",\"contentUrl\":\"https:\/\/bobea.net\/wp-content\/uploads\/2024\/06\/bobea.jpg\",\"width\":1080,\"height\":1080,\"caption\":\"Bobea\"},\"image\":{\"@id\":\"https:\/\/bobea.net\/#\/schema\/logo\/image\/\"},\"sameAs\":[\"https:\/\/web.facebook.com\/profile.php?id=61559252188416\"]},{\"@type\":\"Person\",\"@id\":\"https:\/\/bobea.net\/#\/schema\/person\/e7f45ef187918d7c956bf619dce90ccf\",\"name\":\"bobea.info\",\"image\":{\"@type\":\"ImageObject\",\"inLanguage\":\"fr-FR\",\"@id\":\"https:\/\/bobea.net\/#\/schema\/person\/image\/\",\"url\":\"https:\/\/secure.gravatar.com\/avatar\/36147980349df887ae30808df3e29474?s=96&d=mm&r=g\",\"contentUrl\":\"https:\/\/secure.gravatar.com\/avatar\/36147980349df887ae30808df3e29474?s=96&d=mm&r=g\",\"caption\":\"bobea.info\"},\"sameAs\":[\"https:\/\/bobea.net\"],\"url\":\"https:\/\/bobea.net\/index.php\/author\/bobea-info\/\"}]}<\/script>\n<!-- \/ Yoast SEO plugin. -->","yoast_head_json":{"title":"Kylian Mbapp\u00e9 : La R\u00e9v\u00e9lation de sa \"Princesse\" \u00e0 Madrid - Bobea","robots":{"index":"index","follow":"follow","max-snippet":"max-snippet:-1","max-image-preview":"max-image-preview:large","max-video-preview":"max-video-preview:-1"},"canonical":"https:\/\/bobea.net\/index.php\/2026\/04\/26\/kylian-mbappe-la-revelation-de-sa-princesse-a-madrid\/","og_locale":"fr_FR","og_type":"article","og_title":"Kylian Mbapp\u00e9 : La R\u00e9v\u00e9lation de sa \"Princesse\" \u00e0 Madrid - Bobea","og_description":"L\u2019Espagne ne par\u00adle que de \u00e7a. Depuis son arriv\u00e9e fra\u00adcas\u00adsante au Real Madrid, Kylian Mbap\u00adp\u00e9 n\u2019avait lais\u00ads\u00e9 fil\u00adtr\u00ader aucune infor\u00adma\u00adtion sur sa vie priv\u00e9e, se con\u00adcen\u00adtrant unique\u00adment sur ses per\u00adfor\u00admances&hellip;","og_url":"https:\/\/bobea.net\/index.php\/2026\/04\/26\/kylian-mbappe-la-revelation-de-sa-princesse-a-madrid\/","og_site_name":"Bobea","article_publisher":"https:\/\/web.facebook.com\/profile.php?id=61559252188416","article_published_time":"2026-04-26T06:47:15+00:00","article_modified_time":"2026-04-26T06:47:17+00:00","og_image":[{"width":1920,"height":1080,"url":"https:\/\/bobea.net\/wp-content\/uploads\/2026\/04\/Artisan-de-la-victoire.jpg","type":"image\/jpeg"}],"author":"bobea.info","twitter_card":"summary_large_image","twitter_misc":{"\u00c9crit par":"bobea.info","Dur\u00e9e de lecture estim\u00e9e":"3 minutes"},"schema":{"@context":"https:\/\/schema.org","@graph":[{"@type":"Article","@id":"https:\/\/bobea.net\/index.php\/2026\/04\/26\/kylian-mbappe-la-revelation-de-sa-princesse-a-madrid\/#article","isPartOf":{"@id":"https:\/\/bobea.net\/index.php\/2026\/04\/26\/kylian-mbappe-la-revelation-de-sa-princesse-a-madrid\/"},"author":{"name":"bobea.info","@id":"https:\/\/bobea.net\/#\/schema\/person\/e7f45ef187918d7c956bf619dce90ccf"},"headline":"Kylian Mbapp\u00e9 : La R\u00e9v\u00e9lation de sa \u201cPrincesse\u201d \u00e0 Madrid","datePublished":"2026-04-26T06:47:15+00:00","dateModified":"2026-04-26T06:47:17+00:00","mainEntityOfPage":{"@id":"https:\/\/bobea.net\/index.php\/2026\/04\/26\/kylian-mbappe-la-revelation-de-sa-princesse-a-madrid\/"},"wordCount":375,"commentCount":0,"publisher":{"@id":"https:\/\/bobea.net\/#organization"},"image":{"@id":"https:\/\/bobea.net\/index.php\/2026\/04\/26\/kylian-mbappe-la-revelation-de-sa-princesse-a-madrid\/#primaryimage"},"thumbnailUrl":"https:\/\/bobea.net\/wp-content\/uploads\/2026\/04\/Artisan-de-la-victoire.jpg","articleSection":["Dreams People"],"inLanguage":"fr-FR","potentialAction":[{"@type":"CommentAction","name":"Comment","target":["https:\/\/bobea.net\/index.php\/2026\/04\/26\/kylian-mbappe-la-revelation-de-sa-princesse-a-madrid\/#respond"]}]},{"@type":"WebPage","@id":"https:\/\/bobea.net\/index.php\/2026\/04\/26\/kylian-mbappe-la-revelation-de-sa-princesse-a-madrid\/","url":"https:\/\/bobea.net\/index.php\/2026\/04\/26\/kylian-mbappe-la-revelation-de-sa-princesse-a-madrid\/","name":"Kylian Mbapp\u00e9 : La R\u00e9v\u00e9lation de sa \"Princesse\" \u00e0 Madrid - Bobea","isPartOf":{"@id":"https:\/\/bobea.net\/#website"},"primaryImageOfPage":{"@id":"https:\/\/bobea.net\/index.php\/2026\/04\/26\/kylian-mbappe-la-revelation-de-sa-princesse-a-madrid\/#primaryimage"},"image":{"@id":"https:\/\/bobea.net\/index.php\/2026\/04\/26\/kylian-mbappe-la-revelation-de-sa-princesse-a-madrid\/#primaryimage"},"thumbnailUrl":"https:\/\/bobea.net\/wp-content\/uploads\/2026\/04\/Artisan-de-la-victoire.jpg","datePublished":"2026-04-26T06:47:15+00:00","dateModified":"2026-04-26T06:47:17+00:00","breadcrumb":{"@id":"https:\/\/bobea.net\/index.php\/2026\/04\/26\/kylian-mbappe-la-revelation-de-sa-princesse-a-madrid\/#breadcrumb"},"inLanguage":"fr-FR","potentialAction":[{"@type":"ReadAction","target":["https:\/\/bobea.net\/index.php\/2026\/04\/26\/kylian-mbappe-la-revelation-de-sa-princesse-a-madrid\/"]}]},{"@type":"ImageObject","inLanguage":"fr-FR","@id":"https:\/\/bobea.net\/index.php\/2026\/04\/26\/kylian-mbappe-la-revelation-de-sa-princesse-a-madrid\/#primaryimage","url":"https:\/\/bobea.net\/wp-content\/uploads\/2026\/04\/Artisan-de-la-victoire.jpg","contentUrl":"https:\/\/bobea.net\/wp-content\/uploads\/2026\/04\/Artisan-de-la-victoire.jpg","width":1920,"height":1080},{"@type":"BreadcrumbList","@id":"https:\/\/bobea.net\/index.php\/2026\/04\/26\/kylian-mbappe-la-revelation-de-sa-princesse-a-madrid\/#breadcrumb","itemListElement":[{"@type":"ListItem","position":1,"name":"Accueil","item":"https:\/\/bobea.net\/"},{"@type":"ListItem","position":2,"name":"Kylian Mbapp\u00e9 : La R\u00e9v\u00e9lation de sa \u00ab\u00a0Princesse\u00a0\u00bb \u00e0 Madrid"}]},{"@type":"WebSite","@id":"https:\/\/bobea.net\/#website","url":"https:\/\/bobea.net\/","name":"Bobea","description":"Le magazine de la nouvelle \u00c8ve","publisher":{"@id":"https:\/\/bobea.net\/#organization"},"potentialAction":[{"@type":"SearchAction","target":{"@type":"EntryPoint","urlTemplate":"https:\/\/bobea.net\/?s={search_term_string}"},"query-input":{"@type":"PropertyValueSpecification","valueRequired":true,"valueName":"search_term_string"}}],"inLanguage":"fr-FR"},{"@type":"Organization","@id":"https:\/\/bobea.net\/#organization","name":"Bobea","url":"https:\/\/bobea.net\/","logo":{"@type":"ImageObject","inLanguage":"fr-FR","@id":"https:\/\/bobea.net\/#\/schema\/logo\/image\/","url":"https:\/\/bobea.net\/wp-content\/uploads\/2024\/06\/bobea.jpg","contentUrl":"https:\/\/bobea.net\/wp-content\/uploads\/2024\/06\/bobea.jpg","width":1080,"height":1080,"caption":"Bobea"},"image":{"@id":"https:\/\/bobea.net\/#\/schema\/logo\/image\/"},"sameAs":["https:\/\/web.facebook.com\/profile.php?id=61559252188416"]},{"@type":"Person","@id":"https:\/\/bobea.net\/#\/schema\/person\/e7f45ef187918d7c956bf619dce90ccf","name":"bobea.info","image":{"@type":"ImageObject","inLanguage":"fr-FR","@id":"https:\/\/bobea.net\/#\/schema\/person\/image\/","url":"https:\/\/secure.gravatar.com\/avatar\/36147980349df887ae30808df3e29474?s=96&d=mm&r=g","contentUrl":"https:\/\/secure.gravatar.com\/avatar\/36147980349df887ae30808df3e29474?s=96&d=mm&r=g","caption":"bobea.info"},"sameAs":["https:\/\/bobea.net"],"url":"https:\/\/bobea.net\/index.php\/author\/bobea-info\/"}]}},"_links":{"self":[{"href":"https:\/\/bobea.net\/index.php\/wp-json\/wp\/v2\/posts\/31790"}],"collection":[{"href":"https:\/\/bobea.net\/index.php\/wp-json\/wp\/v2\/posts"}],"about":[{"href":"https:\/\/bobea.net\/index.php\/wp-json\/wp\/v2\/types\/post"}],"author":[{"embeddable":true,"href":"https:\/\/bobea.net\/index.php\/wp-json\/wp\/v2\/users\/1"}],"replies":[{"embeddable":true,"href":"https:\/\/bobea.net\/index.php\/wp-json\/wp\/v2\/comments?post=31790"}],"version-history":[{"count":1,"href":"https:\/\/bobea.net\/index.php\/wp-json\/wp\/v2\/posts\/31790\/revisions"}],"predecessor-version":[{"id":31793,"href":"https:\/\/bobea.net\/index.php\/wp-json\/wp\/v2\/posts\/31790\/revisions\/31793"}],"wp:featuredmedia":[{"embeddable":true,"href":"https:\/\/bobea.net\/index.php\/wp-json\/wp\/v2\/media\/31791"}],"wp:attachment":[{"href":"https:\/\/bobea.net\/index.php\/wp-json\/wp\/v2\/media?parent=31790"}],"wp:term":[{"taxonomy":"category","embeddable":true,"href":"https:\/\/bobea.net\/index.php\/wp-json\/wp\/v2\/categories?post=31790"},{"taxonomy":"post_tag","embeddable":true,"href":"https:\/\/bobea.net\/index.php\/wp-json\/wp\/v2\/tags?post=31790"}],"curies":[{"name":"wp","href":"https:\/\/api.w.org\/{rel}","templated":true}]}}